{"id":170791,"date":"2026-06-06T20:29:20","date_gmt":"2026-06-06T18:29:20","guid":{"rendered":"https:\/\/www.bellunopress.it\/?p=170791"},"modified":"2026-06-06T20:29:20","modified_gmt":"2026-06-06T18:29:20","slug":"il-lungo-viaggio-del-lupo-mirco-dal-parco-dolomiti-bellunesi-alle-alpi","status":"publish","type":"post","link":"https:\/\/www.bellunopress.it\/fr\/2026\/06\/06\/il-lungo-viaggio-del-lupo-mirco-dal-parco-dolomiti-bellunesi-alle-alpi\/","title":{"rendered":"Il lungo viaggio del lupo Mirco: dal Parco Dolomiti Bellunesi alle Alpi"},"content":{"rendered":"<p data-path-to-node=\"3\"><strong>In un mese il lupo di un anno e mezzo ha percorso circa 250 Km<\/strong><\/p>\n<p data-path-to-node=\"3\">Belluno, 6 giugno 2026 \u2013 Un viaggio che non conosce confini amministrativi, una fuga verso l&#8217;indipendenza che racconta, meglio di qualsiasi manuale, l&#8217;incredibile capacit\u00e0 di adattamento dei grandi carnivori. Il protagonista \u00e8 &#8220;Mirco&#8221;, un giovane lupo di appena un anno e mezzo, che ha trasformato il suo istinto di dispersione in una vera e propria odissea alpina, documentata con precisione millimetrica grazie a un progetto di ricerca d&#8217;avanguardia.<\/p>\n<figure id=\"attachment_165857\" aria-describedby=\"caption-attachment-165857\" style=\"width: 800px\" class=\"wp-caption aligncenter\"><img loading=\"lazy\" decoding=\"async\" class=\"size-full wp-image-165857\" src=\"https:\/\/www.bellunopress.it\/wp-content\/uploads\/2025\/12\/Lupo-2.jpg\" alt=\"\" width=\"800\" height=\"533\" srcset=\"https:\/\/www.bellunopress.it\/wp-content\/uploads\/2025\/12\/Lupo-2.jpg 800w, https:\/\/www.bellunopress.it\/wp-content\/uploads\/2025\/12\/Lupo-2-500x333.jpg 500w, https:\/\/www.bellunopress.it\/wp-content\/uploads\/2025\/12\/Lupo-2-630x420.jpg 630w, https:\/\/www.bellunopress.it\/wp-content\/uploads\/2025\/12\/Lupo-2-696x464.jpg 696w\" sizes=\"auto, (max-width: 800px) 100vw, 800px\" \/><figcaption id=\"caption-attachment-165857\" class=\"wp-caption-text\">immagine di repertorio di un lupo<\/figcaption><\/figure>\n<p data-path-to-node=\"4\">Mirco, maschio di 31 chili originario del branco che gravita attorno alla foresta di Cajada, nel cuore del Parco Nazionale Dolomiti Bellunesi, \u00e8 uno dei tre esemplari monitorati attraverso radiocollari satellitari. Catturato lo scorso 15 marzo nell&#8217;ambito di un accordo scientifico tra il Parco, il Dipartimento di Medicina veterinaria dell\u2019Universit\u00e0 di Sassari e la Provincia di Belluno, il giovane predatore ha iniziato la sua avventura all&#8217;inizio di maggio.<\/p>\n<p data-path-to-node=\"5\">Come accade tipicamente ai lupi della sua et\u00e0, Mirco ha abbandonato il nucleo familiare per cercare un nuovo territorio e una compagna. Il suo percorso \u00e8 stato fulmineo: il 9 maggio si trovava nei pressi di Perarolo, in Cadore; appena tre giorni dopo, il 12, era gi\u00e0 vicino a Giralba. La vera impresa \u00e8 avvenuta il 14 maggio, quando, in sole 24 ore, ha superato le maestose Tre Cime di Lavaredo, spingendosi a nord di San Candido. Il giorno seguente, il confine austriaco \u00e8 stato varcato: una permanenza durata fino alla fine del mese, prima di un rientro temporaneo in provincia di Bolzano, nell&#8217;area a sud di Lappago, e un nuovo espatrio nella valle della Zillertal, dove il giovane lupo risulta trovarsi ancora oggi.<\/p>\n<p data-path-to-node=\"6\">Il monitoraggio satellitare si conferma uno strumento insostituibile per la gestione della fauna. &#8220;Lo scambio di dati tra soggetti incaricati di tutelare la fauna selvatica \u00e8 fondamentale per garantire la conservazione del lupo e la convivenza con le attivit\u00e0 umane&#8221;, ha commentato il Commissario del Parco, Ennio Vigne. Sulla stessa linea il Presidente della Provincia di Belluno, Marco Staunovo Polacco, che sottolinea come il caso di Mirco dimostri chiaramente che &#8220;gli animali si spostano ben oltre i limiti dei confini amministrativi&#8221;, rendendo indispensabile una collaborazione costante tra enti.<\/p>\n<p data-path-to-node=\"6\">Ecco la stima del viaggio del lupo<\/p>\n<p data-path-to-node=\"6\">La distanza in linea d&#8217;aria tra l&#8217;area di Cajada (Parco Nazionale Dolomiti Bellunesi) e la Zillertal (Austria) \u00e8 di circa 110\u2013120 km. Poich\u00e9 i lupi in fase di dispersione non seguono mai linee rette, ma si muovono attraverso valli, valichi montani e sentieri naturali, il percorso effettivo che Mirco ha compiuto \u00e8 significativamente superiore.<\/p>\n<p data-path-to-node=\"6\">Considerando le tappe intermedie (Perarolo -&gt; Giralba -&gt; Tre Cime -&gt; San Candido -&gt; Austria -&gt; Lappago -&gt; Zillertal), \u00e8 molto probabile che il lupo abbia coperto tra i 200 e i 250 km di cammino effettivo in circa un mese. \u00c8 importante notare che, come confermato dagli studi, i lupi in dispersione hanno capacit\u00e0 di movimento straordinarie e possono percorrere distanze molto maggiori di quelle strettamente necessarie per spostarsi da un punto A a un punto B, a causa dell&#8217;esplorazione del territorio, della caccia e della necessit\u00e0 di evitare ostacoli antropici o naturali.<\/p>\n<p data-path-to-node=\"6\">Sebbene non sia possibile generare una mappa interattiva in tempo reale, ecco una tabella della rotta seguita da Mirco<\/p>\n<table data-path-to-node=\"7\">\n<thead>\n<tr>\n<td>Tappa<\/td>\n<td>Data (2026)<\/td>\n<td>Localit\u00e0<\/td>\n<\/tr>\n<\/thead>\n<tbody>\n<tr>\n<td>Partenza<\/td>\n<td>Inizio Maggio<\/td>\n<td>Foresta di Cajada (Parco Naz. Dolomiti Bellunesi)<\/td>\n<\/tr>\n<tr>\n<td>Tappa 1<\/td>\n<td>9 Maggio<\/td>\n<td>Perarolo (Cadore)<\/td>\n<\/tr>\n<tr>\n<td>Tappa 2<\/td>\n<td>12 Maggio<\/td>\n<td>Giralba<\/td>\n<\/tr>\n<tr>\n<td>Tappa 3<\/td>\n<td>14 Maggio<\/td>\n<td>Tre Cime di Lavaredo \/ Nord di San Candido<\/td>\n<\/tr>\n<tr>\n<td>Tappa 4<\/td>\n<td>15 Maggio<\/td>\n<td>Confine con l&#8217;Austria<\/td>\n<\/tr>\n<tr>\n<td>Tappa 5<\/td>\n<td>Primi di Giugno<\/td>\n<td>Area a sud di Lappago (Bolzano)<\/td>\n<\/tr>\n<tr>\n<td>Posizione attuale<\/td>\n<td><span data-path-to-node=\"7,7,1,0\">6 Giugno<\/span><\/td>\n<td><span data-path-to-node=\"7,7,2,0\">Valle della Zillertal (Austria)<\/span><\/td>\n<\/tr>\n<\/tbody>\n<\/table>\n<p data-path-to-node=\"8\">\n<p data-path-to-node=\"8\">Per visualizzare questo percorso, puoi immaginare una linea che risale la provincia di Belluno verso nord-est (Cadore), attraversa il confine tra Veneto e Alto Adige in alta quota, e prosegue oltre il confine di stato verso le Alpi della Zillertal, descrivendo un ampio arco che punta verso il cuore del Tirolo austriaco.<\/p>\n<p data-path-to-node=\"10\">","protected":false},"excerpt":{"rendered":"<p>In un mese il lupo di un anno e mezzo ha percorso circa 250 Km Belluno, 6 giugno 2026 \u2013 Un viaggio che non conosce confini amministrativi, una fuga verso l&#8217;indipendenza che racconta, meglio di qualsiasi manuale, l&#8217;incredibile capacit\u00e0 di adattamento dei grandi carnivori. Il protagonista \u00e8 &#8220;Mirco&#8221;, un giovane lupo di appena un anno [&hellip;]<\/p>\n","protected":false},"author":2,"featured_media":170792,"comment_status":"closed","ping_status":"open","sticky":false,"template":"","format":"standard","meta":{"footnotes":""},"categories":[3446,38,26],"tags":[],"class_list":["post-170791","post","type-post","status-publish","format-standard","has-post-thumbnail","category-featured","category-natura-ambiente","category-prima-pagina"],"yoast_head":"<!-- This site is optimized with the Yoast SEO plugin v28.4 - https:\/\/yoast.com\/product\/yoast-seo-wordpress\/ -->\n<title>Il lungo viaggio del lupo Mirco: dal Parco Dolomiti Bellunesi alle Alpi - Bellunopress - Dolomiti<\/title>\n<meta name=\"robots\" content=\"index, follow, max-snippet:-1, max-image-preview:large, max-video-preview:-1\" \/>\n<link rel=\"canonical\" href=\"https:\/\/www.bellunopress.it\/fr\/2026\/06\/06\/il-lungo-viaggio-del-lupo-mirco-dal-parco-dolomiti-bellunesi-alle-alpi\/\" \/>\n<meta property=\"og:locale\" content=\"fr_FR\" \/>\n<meta property=\"og:type\" content=\"article\" \/>\n<meta property=\"og:title\" content=\"Il lungo viaggio del lupo Mirco: dal Parco Dolomiti Bellunesi alle Alpi - Bellunopress - Dolomiti\" \/>\n<meta property=\"og:description\" content=\"In un mese il lupo di un anno e mezzo ha percorso circa 250 Km Belluno, 6 giugno 2026 \u2013 Un viaggio che non conosce confini amministrativi, una fuga verso l&#8217;indipendenza che racconta, meglio di qualsiasi manuale, l&#8217;incredibile capacit\u00e0 di adattamento dei grandi carnivori. Il protagonista \u00e8 &#8220;Mirco&#8221;, un giovane lupo di appena un anno [&hellip;]\" \/>\n<meta property=\"og:url\" content=\"https:\/\/www.bellunopress.it\/fr\/2026\/06\/06\/il-lungo-viaggio-del-lupo-mirco-dal-parco-dolomiti-bellunesi-alle-alpi\/\" \/>\n<meta property=\"og:site_name\" content=\"Bellunopress - Dolomiti\" \/>\n<meta property=\"article:publisher\" content=\"https:\/\/www.facebook.com\/profile.php?id=100008943462799\" \/>\n<meta property=\"article:published_time\" content=\"2026-06-06T18:29:20+00:00\" \/>\n<meta property=\"og:image\" content=\"https:\/\/www.bellunopress.it\/wp-content\/uploads\/2026\/06\/mappa-del-percorso-del-lupo.jpg\" \/>\n\t<meta property=\"og:image:width\" content=\"600\" \/>\n\t<meta property=\"og:image:height\" content=\"384\" \/>\n\t<meta property=\"og:image:type\" content=\"image\/jpeg\" \/>\n<meta name=\"author\" content=\"redazione\" \/>\n<meta name=\"twitter:card\" content=\"summary_large_image\" \/>\n<meta name=\"twitter:creator\" content=\"@bellunopress\" \/>\n<meta name=\"twitter:site\" content=\"@bellunopress\" \/>\n<meta name=\"twitter:label1\" content=\"\u00c9crit par\" \/>\n\t<meta name=\"twitter:data1\" content=\"redazione\" \/>\n\t<meta name=\"twitter:label2\" content=\"Dur\u00e9e de lecture estim\u00e9e\" \/>\n\t<meta name=\"twitter:data2\" content=\"4 minutes\" \/>\n<script type=\"application\/ld+json\" class=\"yoast-schema-graph\">{\"@context\":\"https:\\\/\\\/schema.org\",\"@graph\":[{\"@type\":\"Article\",\"@id\":\"https:\\\/\\\/www.bellunopress.it\\\/2026\\\/06\\\/06\\\/il-lungo-viaggio-del-lupo-mirco-dal-parco-dolomiti-bellunesi-alle-alpi\\\/#article\",\"isPartOf\":{\"@id\":\"https:\\\/\\\/www.bellunopress.it\\\/2026\\\/06\\\/06\\\/il-lungo-viaggio-del-lupo-mirco-dal-parco-dolomiti-bellunesi-alle-alpi\\\/\"},\"author\":{\"name\":\"redazione\",\"@id\":\"https:\\\/\\\/www.bellunopress.it\\\/#\\\/schema\\\/person\\\/79bb06722b37ece1c03d3e94beb30d73\"},\"headline\":\"Il lungo viaggio del lupo Mirco: dal Parco Dolomiti Bellunesi alle Alpi\",\"datePublished\":\"2026-06-06T18:29:20+00:00\",\"mainEntityOfPage\":{\"@id\":\"https:\\\/\\\/www.bellunopress.it\\\/2026\\\/06\\\/06\\\/il-lungo-viaggio-del-lupo-mirco-dal-parco-dolomiti-bellunesi-alle-alpi\\\/\"},\"wordCount\":660,\"publisher\":{\"@id\":\"https:\\\/\\\/www.bellunopress.it\\\/#organization\"},\"image\":{\"@id\":\"https:\\\/\\\/www.bellunopress.it\\\/2026\\\/06\\\/06\\\/il-lungo-viaggio-del-lupo-mirco-dal-parco-dolomiti-bellunesi-alle-alpi\\\/#primaryimage\"},\"thumbnailUrl\":\"https:\\\/\\\/www.bellunopress.it\\\/wp-content\\\/uploads\\\/2026\\\/06\\\/mappa-del-percorso-del-lupo.jpg\",\"articleSection\":[\"Featured\",\"Meteo, natura, ambiente, animali\",\"Prima Pagina\"],\"inLanguage\":\"fr-FR\"},{\"@type\":\"WebPage\",\"@id\":\"https:\\\/\\\/www.bellunopress.it\\\/2026\\\/06\\\/06\\\/il-lungo-viaggio-del-lupo-mirco-dal-parco-dolomiti-bellunesi-alle-alpi\\\/\",\"url\":\"https:\\\/\\\/www.bellunopress.it\\\/2026\\\/06\\\/06\\\/il-lungo-viaggio-del-lupo-mirco-dal-parco-dolomiti-bellunesi-alle-alpi\\\/\",\"name\":\"Il lungo viaggio del lupo Mirco: dal Parco Dolomiti Bellunesi alle Alpi - Bellunopress - Dolomiti\",\"isPartOf\":{\"@id\":\"https:\\\/\\\/www.bellunopress.it\\\/#website\"},\"primaryImageOfPage\":{\"@id\":\"https:\\\/\\\/www.bellunopress.it\\\/2026\\\/06\\\/06\\\/il-lungo-viaggio-del-lupo-mirco-dal-parco-dolomiti-bellunesi-alle-alpi\\\/#primaryimage\"},\"image\":{\"@id\":\"https:\\\/\\\/www.bellunopress.it\\\/2026\\\/06\\\/06\\\/il-lungo-viaggio-del-lupo-mirco-dal-parco-dolomiti-bellunesi-alle-alpi\\\/#primaryimage\"},\"thumbnailUrl\":\"https:\\\/\\\/www.bellunopress.it\\\/wp-content\\\/uploads\\\/2026\\\/06\\\/mappa-del-percorso-del-lupo.jpg\",\"datePublished\":\"2026-06-06T18:29:20+00:00\",\"breadcrumb\":{\"@id\":\"https:\\\/\\\/www.bellunopress.it\\\/2026\\\/06\\\/06\\\/il-lungo-viaggio-del-lupo-mirco-dal-parco-dolomiti-bellunesi-alle-alpi\\\/#breadcrumb\"},\"inLanguage\":\"fr-FR\",\"potentialAction\":[{\"@type\":\"ReadAction\",\"target\":[\"https:\\\/\\\/www.bellunopress.it\\\/2026\\\/06\\\/06\\\/il-lungo-viaggio-del-lupo-mirco-dal-parco-dolomiti-bellunesi-alle-alpi\\\/\"]}]},{\"@type\":\"ImageObject\",\"inLanguage\":\"fr-FR\",\"@id\":\"https:\\\/\\\/www.bellunopress.it\\\/2026\\\/06\\\/06\\\/il-lungo-viaggio-del-lupo-mirco-dal-parco-dolomiti-bellunesi-alle-alpi\\\/#primaryimage\",\"url\":\"https:\\\/\\\/www.bellunopress.it\\\/wp-content\\\/uploads\\\/2026\\\/06\\\/mappa-del-percorso-del-lupo.jpg\",\"contentUrl\":\"https:\\\/\\\/www.bellunopress.it\\\/wp-content\\\/uploads\\\/2026\\\/06\\\/mappa-del-percorso-del-lupo.jpg\",\"width\":600,\"height\":384},{\"@type\":\"BreadcrumbList\",\"@id\":\"https:\\\/\\\/www.bellunopress.it\\\/2026\\\/06\\\/06\\\/il-lungo-viaggio-del-lupo-mirco-dal-parco-dolomiti-bellunesi-alle-alpi\\\/#breadcrumb\",\"itemListElement\":[{\"@type\":\"ListItem\",\"position\":1,\"name\":\"Home\",\"item\":\"https:\\\/\\\/www.bellunopress.it\\\/\"},{\"@type\":\"ListItem\",\"position\":2,\"name\":\"Il lungo viaggio del lupo Mirco: dal Parco Dolomiti Bellunesi alle Alpi\"}]},{\"@type\":\"WebSite\",\"@id\":\"https:\\\/\\\/www.bellunopress.it\\\/#website\",\"url\":\"https:\\\/\\\/www.bellunopress.it\\\/\",\"name\":\"Bellunopress - Dolomiti\",\"description\":\"e-mail: redazione@bellunopress.it\",\"publisher\":{\"@id\":\"https:\\\/\\\/www.bellunopress.it\\\/#organization\"},\"potentialAction\":[{\"@type\":\"SearchAction\",\"target\":{\"@type\":\"EntryPoint\",\"urlTemplate\":\"https:\\\/\\\/www.bellunopress.it\\\/?s={search_term_string}\"},\"query-input\":{\"@type\":\"PropertyValueSpecification\",\"valueRequired\":true,\"valueName\":\"search_term_string\"}}],\"inLanguage\":\"fr-FR\"},{\"@type\":\"Organization\",\"@id\":\"https:\\\/\\\/www.bellunopress.it\\\/#organization\",\"name\":\"Bellunopress\",\"url\":\"https:\\\/\\\/www.bellunopress.it\\\/\",\"logo\":{\"@type\":\"ImageObject\",\"inLanguage\":\"fr-FR\",\"@id\":\"https:\\\/\\\/www.bellunopress.it\\\/#\\\/schema\\\/logo\\\/image\\\/\",\"url\":\"https:\\\/\\\/www.bellunopress.it\\\/wp-content\\\/uploads\\\/2011\\\/05\\\/cropped-logo-bellunopress-.jpg\",\"contentUrl\":\"https:\\\/\\\/www.bellunopress.it\\\/wp-content\\\/uploads\\\/2011\\\/05\\\/cropped-logo-bellunopress-.jpg\",\"width\":512,\"height\":512,\"caption\":\"Bellunopress\"},\"image\":{\"@id\":\"https:\\\/\\\/www.bellunopress.it\\\/#\\\/schema\\\/logo\\\/image\\\/\"},\"sameAs\":[\"https:\\\/\\\/www.facebook.com\\\/profile.php?id=100008943462799\",\"https:\\\/\\\/x.com\\\/bellunopress\",\"https:\\\/\\\/www.linkedin.com\\\/hp\\\/?dnr=JBzUWaJfMUw8vbXJJ2tVW5-I3jZKvC4wsoxE&amp;amp;amp;amp;amp;amp;trk=nav_responsive_tab_home\",\"https:\\\/\\\/www.youtube.com\\\/channel\\\/UCxL0wu1uN0_3_7hGG0306cw\"]},{\"@type\":\"Person\",\"@id\":\"https:\\\/\\\/www.bellunopress.it\\\/#\\\/schema\\\/person\\\/79bb06722b37ece1c03d3e94beb30d73\",\"name\":\"redazione\",\"image\":{\"@type\":\"ImageObject\",\"inLanguage\":\"fr-FR\",\"@id\":\"https:\\\/\\\/secure.gravatar.com\\\/avatar\\\/37d968a2e67a6fd04c169c4bdef102d0bc5d31b2546345219e348575eb80e9a0?s=96&d=mm&r=g\",\"url\":\"https:\\\/\\\/secure.gravatar.com\\\/avatar\\\/37d968a2e67a6fd04c169c4bdef102d0bc5d31b2546345219e348575eb80e9a0?s=96&d=mm&r=g\",\"contentUrl\":\"https:\\\/\\\/secure.gravatar.com\\\/avatar\\\/37d968a2e67a6fd04c169c4bdef102d0bc5d31b2546345219e348575eb80e9a0?s=96&d=mm&r=g\",\"caption\":\"redazione\"},\"sameAs\":[\"http:\\\/\\\/www.bellunopress.it\",\"https:\\\/\\\/x.com\\\/bellunopress\"],\"url\":\"https:\\\/\\\/www.bellunopress.it\\\/fr\\\/author\\\/redazione\\\/\"}]}<\/script>\n<!-- \/ Yoast SEO plugin. -->","yoast_head_json":{"title":"Il lungo viaggio del lupo Mirco: dal Parco Dolomiti Bellunesi alle Alpi - Bellunopress - Dolomiti","robots":{"index":"index","follow":"follow","max-snippet":"max-snippet:-1","max-image-preview":"max-image-preview:large","max-video-preview":"max-video-preview:-1"},"canonical":"https:\/\/www.bellunopress.it\/fr\/2026\/06\/06\/il-lungo-viaggio-del-lupo-mirco-dal-parco-dolomiti-bellunesi-alle-alpi\/","og_locale":"fr_FR","og_type":"article","og_title":"Il lungo viaggio del lupo Mirco: dal Parco Dolomiti Bellunesi alle Alpi - Bellunopress - Dolomiti","og_description":"In un mese il lupo di un anno e mezzo ha percorso circa 250 Km Belluno, 6 giugno 2026 \u2013 Un viaggio che non conosce confini amministrativi, una fuga verso l&#8217;indipendenza che racconta, meglio di qualsiasi manuale, l&#8217;incredibile capacit\u00e0 di adattamento dei grandi carnivori. Il protagonista \u00e8 &#8220;Mirco&#8221;, un giovane lupo di appena un anno [&hellip;]","og_url":"https:\/\/www.bellunopress.it\/fr\/2026\/06\/06\/il-lungo-viaggio-del-lupo-mirco-dal-parco-dolomiti-bellunesi-alle-alpi\/","og_site_name":"Bellunopress - Dolomiti","article_publisher":"https:\/\/www.facebook.com\/profile.php?id=100008943462799","article_published_time":"2026-06-06T18:29:20+00:00","og_image":[{"width":600,"height":384,"url":"https:\/\/www.bellunopress.it\/wp-content\/uploads\/2026\/06\/mappa-del-percorso-del-lupo.jpg","type":"image\/jpeg"}],"author":"redazione","twitter_card":"summary_large_image","twitter_creator":"@bellunopress","twitter_site":"@bellunopress","twitter_misc":{"\u00c9crit par":"redazione","Dur\u00e9e de lecture estim\u00e9e":"4 minutes"},"schema":{"@context":"https:\/\/schema.org","@graph":[{"@type":"Article","@id":"https:\/\/www.bellunopress.it\/2026\/06\/06\/il-lungo-viaggio-del-lupo-mirco-dal-parco-dolomiti-bellunesi-alle-alpi\/#article","isPartOf":{"@id":"https:\/\/www.bellunopress.it\/2026\/06\/06\/il-lungo-viaggio-del-lupo-mirco-dal-parco-dolomiti-bellunesi-alle-alpi\/"},"author":{"name":"redazione","@id":"https:\/\/www.bellunopress.it\/#\/schema\/person\/79bb06722b37ece1c03d3e94beb30d73"},"headline":"Il lungo viaggio del lupo Mirco: dal Parco Dolomiti Bellunesi alle Alpi","datePublished":"2026-06-06T18:29:20+00:00","mainEntityOfPage":{"@id":"https:\/\/www.bellunopress.it\/2026\/06\/06\/il-lungo-viaggio-del-lupo-mirco-dal-parco-dolomiti-bellunesi-alle-alpi\/"},"wordCount":660,"publisher":{"@id":"https:\/\/www.bellunopress.it\/#organization"},"image":{"@id":"https:\/\/www.bellunopress.it\/2026\/06\/06\/il-lungo-viaggio-del-lupo-mirco-dal-parco-dolomiti-bellunesi-alle-alpi\/#primaryimage"},"thumbnailUrl":"https:\/\/www.bellunopress.it\/wp-content\/uploads\/2026\/06\/mappa-del-percorso-del-lupo.jpg","articleSection":["Featured","Meteo, natura, ambiente, animali","Prima Pagina"],"inLanguage":"fr-FR"},{"@type":"WebPage","@id":"https:\/\/www.bellunopress.it\/2026\/06\/06\/il-lungo-viaggio-del-lupo-mirco-dal-parco-dolomiti-bellunesi-alle-alpi\/","url":"https:\/\/www.bellunopress.it\/2026\/06\/06\/il-lungo-viaggio-del-lupo-mirco-dal-parco-dolomiti-bellunesi-alle-alpi\/","name":"Il lungo viaggio del lupo Mirco: dal Parco Dolomiti Bellunesi alle Alpi - Bellunopress - Dolomiti","isPartOf":{"@id":"https:\/\/www.bellunopress.it\/#website"},"primaryImageOfPage":{"@id":"https:\/\/www.bellunopress.it\/2026\/06\/06\/il-lungo-viaggio-del-lupo-mirco-dal-parco-dolomiti-bellunesi-alle-alpi\/#primaryimage"},"image":{"@id":"https:\/\/www.bellunopress.it\/2026\/06\/06\/il-lungo-viaggio-del-lupo-mirco-dal-parco-dolomiti-bellunesi-alle-alpi\/#primaryimage"},"thumbnailUrl":"https:\/\/www.bellunopress.it\/wp-content\/uploads\/2026\/06\/mappa-del-percorso-del-lupo.jpg","datePublished":"2026-06-06T18:29:20+00:00","breadcrumb":{"@id":"https:\/\/www.bellunopress.it\/2026\/06\/06\/il-lungo-viaggio-del-lupo-mirco-dal-parco-dolomiti-bellunesi-alle-alpi\/#breadcrumb"},"inLanguage":"fr-FR","potentialAction":[{"@type":"ReadAction","target":["https:\/\/www.bellunopress.it\/2026\/06\/06\/il-lungo-viaggio-del-lupo-mirco-dal-parco-dolomiti-bellunesi-alle-alpi\/"]}]},{"@type":"ImageObject","inLanguage":"fr-FR","@id":"https:\/\/www.bellunopress.it\/2026\/06\/06\/il-lungo-viaggio-del-lupo-mirco-dal-parco-dolomiti-bellunesi-alle-alpi\/#primaryimage","url":"https:\/\/www.bellunopress.it\/wp-content\/uploads\/2026\/06\/mappa-del-percorso-del-lupo.jpg","contentUrl":"https:\/\/www.bellunopress.it\/wp-content\/uploads\/2026\/06\/mappa-del-percorso-del-lupo.jpg","width":600,"height":384},{"@type":"BreadcrumbList","@id":"https:\/\/www.bellunopress.it\/2026\/06\/06\/il-lungo-viaggio-del-lupo-mirco-dal-parco-dolomiti-bellunesi-alle-alpi\/#breadcrumb","itemListElement":[{"@type":"ListItem","position":1,"name":"Home","item":"https:\/\/www.bellunopress.it\/"},{"@type":"ListItem","position":2,"name":"Il lungo viaggio del lupo Mirco: dal Parco Dolomiti Bellunesi alle Alpi"}]},{"@type":"WebSite","@id":"https:\/\/www.bellunopress.it\/#website","url":"https:\/\/www.bellunopress.it\/","name":"Bellunopress - Dolomiti","description":"e-mail: redazione@bellunopress.it","publisher":{"@id":"https:\/\/www.bellunopress.it\/#organization"},"potentialAction":[{"@type":"SearchAction","target":{"@type":"EntryPoint","urlTemplate":"https:\/\/www.bellunopress.it\/?s={search_term_string}"},"query-input":{"@type":"PropertyValueSpecification","valueRequired":true,"valueName":"search_term_string"}}],"inLanguage":"fr-FR"},{"@type":"Organization","@id":"https:\/\/www.bellunopress.it\/#organization","name":"Bellunopress","url":"https:\/\/www.bellunopress.it\/","logo":{"@type":"ImageObject","inLanguage":"fr-FR","@id":"https:\/\/www.bellunopress.it\/#\/schema\/logo\/image\/","url":"https:\/\/www.bellunopress.it\/wp-content\/uploads\/2011\/05\/cropped-logo-bellunopress-.jpg","contentUrl":"https:\/\/www.bellunopress.it\/wp-content\/uploads\/2011\/05\/cropped-logo-bellunopress-.jpg","width":512,"height":512,"caption":"Bellunopress"},"image":{"@id":"https:\/\/www.bellunopress.it\/#\/schema\/logo\/image\/"},"sameAs":["https:\/\/www.facebook.com\/profile.php?id=100008943462799","https:\/\/x.com\/bellunopress","https:\/\/www.linkedin.com\/hp\/?dnr=JBzUWaJfMUw8vbXJJ2tVW5-I3jZKvC4wsoxE&amp;amp;amp;amp;amp;amp;trk=nav_responsive_tab_home","https:\/\/www.youtube.com\/channel\/UCxL0wu1uN0_3_7hGG0306cw"]},{"@type":"Person","@id":"https:\/\/www.bellunopress.it\/#\/schema\/person\/79bb06722b37ece1c03d3e94beb30d73","name":"r\u00e9daction","image":{"@type":"ImageObject","inLanguage":"fr-FR","@id":"https:\/\/secure.gravatar.com\/avatar\/37d968a2e67a6fd04c169c4bdef102d0bc5d31b2546345219e348575eb80e9a0?s=96&d=mm&r=g","url":"https:\/\/secure.gravatar.com\/avatar\/37d968a2e67a6fd04c169c4bdef102d0bc5d31b2546345219e348575eb80e9a0?s=96&d=mm&r=g","contentUrl":"https:\/\/secure.gravatar.com\/avatar\/37d968a2e67a6fd04c169c4bdef102d0bc5d31b2546345219e348575eb80e9a0?s=96&d=mm&r=g","caption":"redazione"},"sameAs":["http:\/\/www.bellunopress.it","https:\/\/x.com\/bellunopress"],"url":"https:\/\/www.bellunopress.it\/fr\/author\/redazione\/"}]}},"_links":{"self":[{"href":"https:\/\/www.bellunopress.it\/fr\/wp-json\/wp\/v2\/posts\/170791","targetHints":{"allow":["GET"]}}],"collection":[{"href":"https:\/\/www.bellunopress.it\/fr\/wp-json\/wp\/v2\/posts"}],"about":[{"href":"https:\/\/www.bellunopress.it\/fr\/wp-json\/wp\/v2\/types\/post"}],"author":[{"embeddable":true,"href":"https:\/\/www.bellunopress.it\/fr\/wp-json\/wp\/v2\/users\/2"}],"replies":[{"embeddable":true,"href":"https:\/\/www.bellunopress.it\/fr\/wp-json\/wp\/v2\/comments?post=170791"}],"version-history":[{"count":1,"href":"https:\/\/www.bellunopress.it\/fr\/wp-json\/wp\/v2\/posts\/170791\/revisions"}],"predecessor-version":[{"id":170793,"href":"https:\/\/www.bellunopress.it\/fr\/wp-json\/wp\/v2\/posts\/170791\/revisions\/170793"}],"wp:featuredmedia":[{"embeddable":true,"href":"https:\/\/www.bellunopress.it\/fr\/wp-json\/wp\/v2\/media\/170792"}],"wp:attachment":[{"href":"https:\/\/www.bellunopress.it\/fr\/wp-json\/wp\/v2\/media?parent=170791"}],"wp:term":[{"taxonomy":"category","embeddable":true,"href":"https:\/\/www.bellunopress.it\/fr\/wp-json\/wp\/v2\/categories?post=170791"},{"taxonomy":"post_tag","embeddable":true,"href":"https:\/\/www.bellunopress.it\/fr\/wp-json\/wp\/v2\/tags?post=170791"}],"curies":[{"name":"wp","href":"https:\/\/api.w.org\/{rel}","templated":true}]}}