{"id":170788,"date":"2026-06-06T19:59:42","date_gmt":"2026-06-06T17:59:42","guid":{"rendered":"https:\/\/www.bellunopress.it\/?p=170788"},"modified":"2026-06-06T19:59:42","modified_gmt":"2026-06-06T17:59:42","slug":"ultimo-giorno-di-scuola-ciao-francesco","status":"publish","type":"post","link":"https:\/\/www.bellunopress.it\/fr\/2026\/06\/06\/ultimo-giorno-di-scuola-ciao-francesco\/","title":{"rendered":"Ultimo giorno di scuola, &#8220;Ciao Francesco&#8221;"},"content":{"rendered":"<p>Francesco \u00e8 un bambino di nove anni al quale nel 2017 \u00e8 stato diagnosticato un disturbo dello spettro autistico associato a ritardo globale dello sviluppo e compromissione del piano linguistico.<br \/>\nQuest&#8217;anno ha frequentato la classe terza della scuola Gabelli e ieri \u00e8 stato il suo ultimo giorno di scuola.<br \/>\nL&#8217;anno scolastico \u00e8 cominciato con la creazione del primo progetto di Vita realizzato a Belluno, esso \u00e8 un atto di pianificazione che si articola nel tempo e sulla cui base le Istituzioni, la persona, la famiglia e la stessa Comunit\u00e0 territoriale possono\/devono cercare di creare le condizioni affinch\u00e9 quegli interventi, quei servizi e quelle azioni positive si possano effettivamente compiere.<\/p>\n<p>E&#8217; stato un&#8217;anno particolarmente denso di emozioni e progettualit\u00e0 in quanto consapevoli del momento giusto abbiamo introdotto la CAA &#8220;Comunicazione Aumentativa Alternativa&#8221; cio\u00e8 un insieme di strategie, strumenti e tecniche che hanno aiutato Francesco ad esprimersi avendo come obiettivo il miglioramento delle autonomie, la partecipazione scolastica, la riduzione della frustrazione legata alle difficolt\u00e0 comunicative e la possibilit\u00e0 di esprimere alcuni suoi bisogni.<br \/>\nUn lavoro cominciato prima a casa con i professionisti dell&#8217;et\u00e0 evolutiva e Sedia Gialla ma che poi \u00e8 stata riportata a scuola. Ed \u00e8 qui che tutto il lavoro precedentemente fatto ha subito una crescita esponenziale, perch\u00e9 anche grazie alle insegnanti che ci hanno accompagnato in questo percorso Francesco \u00e8 cresciuto.<br \/>\nUn lavoro fatto con professionalit\u00e0 ma anche con il cuore, perch\u00e9 noi molto spesso crediamo che per stare accanto ai nostri figli oltre che alla professionalit\u00e0 bisogna mettere tanto cuore.<\/p>\n<p>Vogliamo esprimere la nostra gratitudine a tutte le insegnanti che si sono impegnate per favorire la vera inclusione, nelle recite, nei canti delle feste, nelle uscite scolastiche, nei lavoretti e in ogni aspetto. Un ringraziamento va anche a chi ogni mattina saluta nostro figlio con un &#8220;Ciao Francesco&#8221;, e ai suoi compagni di classe che non mancano mai di abbracciarlo e di invitarlo alle feste di compleanno. Questo \u00e8 stato un anno ricco per tutti, in cui ognuno ha contribuito, lasciandoci dei bellissimi ricordi. Ora ci attende una breve pausa fatta di mare e vacanze, seguita da alcune settimane di centro estivo, dopo le quali ci riuniremo a fine Agosto con tutte le figure che seguono Francesco (Comune di Belluno, Servizio integrazione scolastica, Assistente Sociale, scuola, e tutte le figure mediche ed educative) per la revisione del Progetto di Vita, in cui la continuit\u00e0 scolastica sar\u00e0 un elemento fondamentale per garantire a Francesco serenit\u00e0, ma soprattutto per assicurargli l&#8217;uso delle strategie comunicative che ha imparato finora.<\/p>\n<p>Lettera firmata, Belluno<\/p>","protected":false},"excerpt":{"rendered":"<p>Francesco \u00e8 un bambino di nove anni al quale nel 2017 \u00e8 stato diagnosticato un disturbo dello spettro autistico associato a ritardo globale dello sviluppo e compromissione del piano linguistico. Quest&#8217;anno ha frequentato la classe terza della scuola Gabelli e ieri \u00e8 stato il suo ultimo giorno di scuola. L&#8217;anno scolastico \u00e8 cominciato con la [&hellip;]<\/p>\n","protected":false},"author":2,"featured_media":170789,"comment_status":"closed","ping_status":"open","sticky":false,"template":"","format":"standard","meta":{"footnotes":""},"categories":[1],"tags":[],"class_list":["post-170788","post","type-post","status-publish","format-standard","has-post-thumbnail","category-leo"],"yoast_head":"<!-- This site is optimized with the Yoast SEO plugin v28.4 - https:\/\/yoast.com\/product\/yoast-seo-wordpress\/ -->\n<title>Ultimo giorno di scuola, &quot;Ciao Francesco&quot; - Bellunopress - Dolomiti<\/title>\n<meta name=\"robots\" content=\"index, follow, max-snippet:-1, max-image-preview:large, max-video-preview:-1\" \/>\n<link rel=\"canonical\" href=\"https:\/\/www.bellunopress.it\/fr\/2026\/06\/06\/ultimo-giorno-di-scuola-ciao-francesco\/\" \/>\n<meta property=\"og:locale\" content=\"fr_FR\" \/>\n<meta property=\"og:type\" content=\"article\" \/>\n<meta property=\"og:title\" content=\"Ultimo giorno di scuola, &quot;Ciao Francesco&quot; - Bellunopress - Dolomiti\" \/>\n<meta property=\"og:description\" content=\"Francesco \u00e8 un bambino di nove anni al quale nel 2017 \u00e8 stato diagnosticato un disturbo dello spettro autistico associato a ritardo globale dello sviluppo e compromissione del piano linguistico. Quest&#8217;anno ha frequentato la classe terza della scuola Gabelli e ieri \u00e8 stato il suo ultimo giorno di scuola. L&#8217;anno scolastico \u00e8 cominciato con la [&hellip;]\" \/>\n<meta property=\"og:url\" content=\"https:\/\/www.bellunopress.it\/fr\/2026\/06\/06\/ultimo-giorno-di-scuola-ciao-francesco\/\" \/>\n<meta property=\"og:site_name\" content=\"Bellunopress - Dolomiti\" \/>\n<meta property=\"article:publisher\" content=\"https:\/\/www.facebook.com\/profile.php?id=100008943462799\" \/>\n<meta property=\"article:published_time\" content=\"2026-06-06T17:59:42+00:00\" \/>\n<meta property=\"og:image\" content=\"https:\/\/www.bellunopress.it\/wp-content\/uploads\/2026\/06\/Francesco-lettera-firmata.jpg\" \/>\n\t<meta property=\"og:image:width\" content=\"499\" \/>\n\t<meta property=\"og:image:height\" content=\"419\" \/>\n\t<meta property=\"og:image:type\" content=\"image\/jpeg\" \/>\n<meta name=\"author\" content=\"redazione\" \/>\n<meta name=\"twitter:card\" content=\"summary_large_image\" \/>\n<meta name=\"twitter:creator\" content=\"@bellunopress\" \/>\n<meta name=\"twitter:site\" content=\"@bellunopress\" \/>\n<meta name=\"twitter:label1\" content=\"Written by\" \/>\n\t<meta name=\"twitter:data1\" content=\"redazione\" \/>\n\t<meta name=\"twitter:label2\" content=\"Est. reading time\" \/>\n\t<meta name=\"twitter:data2\" content=\"3 minutes\" \/>\n<script type=\"application\/ld+json\" class=\"yoast-schema-graph\">{\"@context\":\"https:\\\/\\\/schema.org\",\"@graph\":[{\"@type\":\"Article\",\"@id\":\"https:\\\/\\\/www.bellunopress.it\\\/2026\\\/06\\\/06\\\/ultimo-giorno-di-scuola-ciao-francesco\\\/#article\",\"isPartOf\":{\"@id\":\"https:\\\/\\\/www.bellunopress.it\\\/2026\\\/06\\\/06\\\/ultimo-giorno-di-scuola-ciao-francesco\\\/\"},\"author\":{\"name\":\"redazione\",\"@id\":\"https:\\\/\\\/www.bellunopress.it\\\/#\\\/schema\\\/person\\\/79bb06722b37ece1c03d3e94beb30d73\"},\"headline\":\"Ultimo giorno di scuola, &#8220;Ciao Francesco&#8221;\",\"datePublished\":\"2026-06-06T17:59:42+00:00\",\"mainEntityOfPage\":{\"@id\":\"https:\\\/\\\/www.bellunopress.it\\\/2026\\\/06\\\/06\\\/ultimo-giorno-di-scuola-ciao-francesco\\\/\"},\"wordCount\":423,\"publisher\":{\"@id\":\"https:\\\/\\\/www.bellunopress.it\\\/#organization\"},\"image\":{\"@id\":\"https:\\\/\\\/www.bellunopress.it\\\/2026\\\/06\\\/06\\\/ultimo-giorno-di-scuola-ciao-francesco\\\/#primaryimage\"},\"thumbnailUrl\":\"https:\\\/\\\/www.bellunopress.it\\\/wp-content\\\/uploads\\\/2026\\\/06\\\/Francesco-lettera-firmata.jpg\",\"articleSection\":[\"Lettere Opinioni\"],\"inLanguage\":\"fr-FR\"},{\"@type\":\"WebPage\",\"@id\":\"https:\\\/\\\/www.bellunopress.it\\\/2026\\\/06\\\/06\\\/ultimo-giorno-di-scuola-ciao-francesco\\\/\",\"url\":\"https:\\\/\\\/www.bellunopress.it\\\/2026\\\/06\\\/06\\\/ultimo-giorno-di-scuola-ciao-francesco\\\/\",\"name\":\"Ultimo giorno di scuola, \\\"Ciao Francesco\\\" - Bellunopress - Dolomiti\",\"isPartOf\":{\"@id\":\"https:\\\/\\\/www.bellunopress.it\\\/#website\"},\"primaryImageOfPage\":{\"@id\":\"https:\\\/\\\/www.bellunopress.it\\\/2026\\\/06\\\/06\\\/ultimo-giorno-di-scuola-ciao-francesco\\\/#primaryimage\"},\"image\":{\"@id\":\"https:\\\/\\\/www.bellunopress.it\\\/2026\\\/06\\\/06\\\/ultimo-giorno-di-scuola-ciao-francesco\\\/#primaryimage\"},\"thumbnailUrl\":\"https:\\\/\\\/www.bellunopress.it\\\/wp-content\\\/uploads\\\/2026\\\/06\\\/Francesco-lettera-firmata.jpg\",\"datePublished\":\"2026-06-06T17:59:42+00:00\",\"breadcrumb\":{\"@id\":\"https:\\\/\\\/www.bellunopress.it\\\/2026\\\/06\\\/06\\\/ultimo-giorno-di-scuola-ciao-francesco\\\/#breadcrumb\"},\"inLanguage\":\"fr-FR\",\"potentialAction\":[{\"@type\":\"ReadAction\",\"target\":[\"https:\\\/\\\/www.bellunopress.it\\\/2026\\\/06\\\/06\\\/ultimo-giorno-di-scuola-ciao-francesco\\\/\"]}]},{\"@type\":\"ImageObject\",\"inLanguage\":\"fr-FR\",\"@id\":\"https:\\\/\\\/www.bellunopress.it\\\/2026\\\/06\\\/06\\\/ultimo-giorno-di-scuola-ciao-francesco\\\/#primaryimage\",\"url\":\"https:\\\/\\\/www.bellunopress.it\\\/wp-content\\\/uploads\\\/2026\\\/06\\\/Francesco-lettera-firmata.jpg\",\"contentUrl\":\"https:\\\/\\\/www.bellunopress.it\\\/wp-content\\\/uploads\\\/2026\\\/06\\\/Francesco-lettera-firmata.jpg\",\"width\":499,\"height\":419},{\"@type\":\"BreadcrumbList\",\"@id\":\"https:\\\/\\\/www.bellunopress.it\\\/2026\\\/06\\\/06\\\/ultimo-giorno-di-scuola-ciao-francesco\\\/#breadcrumb\",\"itemListElement\":[{\"@type\":\"ListItem\",\"position\":1,\"name\":\"Home\",\"item\":\"https:\\\/\\\/www.bellunopress.it\\\/\"},{\"@type\":\"ListItem\",\"position\":2,\"name\":\"Ultimo giorno di scuola, &#8220;Ciao Francesco&#8221;\"}]},{\"@type\":\"WebSite\",\"@id\":\"https:\\\/\\\/www.bellunopress.it\\\/#website\",\"url\":\"https:\\\/\\\/www.bellunopress.it\\\/\",\"name\":\"Bellunopress - Dolomiti\",\"description\":\"e-mail: redazione@bellunopress.it\",\"publisher\":{\"@id\":\"https:\\\/\\\/www.bellunopress.it\\\/#organization\"},\"potentialAction\":[{\"@type\":\"SearchAction\",\"target\":{\"@type\":\"EntryPoint\",\"urlTemplate\":\"https:\\\/\\\/www.bellunopress.it\\\/?s={search_term_string}\"},\"query-input\":{\"@type\":\"PropertyValueSpecification\",\"valueRequired\":true,\"valueName\":\"search_term_string\"}}],\"inLanguage\":\"fr-FR\"},{\"@type\":\"Organization\",\"@id\":\"https:\\\/\\\/www.bellunopress.it\\\/#organization\",\"name\":\"Bellunopress\",\"url\":\"https:\\\/\\\/www.bellunopress.it\\\/\",\"logo\":{\"@type\":\"ImageObject\",\"inLanguage\":\"fr-FR\",\"@id\":\"https:\\\/\\\/www.bellunopress.it\\\/#\\\/schema\\\/logo\\\/image\\\/\",\"url\":\"https:\\\/\\\/www.bellunopress.it\\\/wp-content\\\/uploads\\\/2011\\\/05\\\/cropped-logo-bellunopress-.jpg\",\"contentUrl\":\"https:\\\/\\\/www.bellunopress.it\\\/wp-content\\\/uploads\\\/2011\\\/05\\\/cropped-logo-bellunopress-.jpg\",\"width\":512,\"height\":512,\"caption\":\"Bellunopress\"},\"image\":{\"@id\":\"https:\\\/\\\/www.bellunopress.it\\\/#\\\/schema\\\/logo\\\/image\\\/\"},\"sameAs\":[\"https:\\\/\\\/www.facebook.com\\\/profile.php?id=100008943462799\",\"https:\\\/\\\/x.com\\\/bellunopress\",\"https:\\\/\\\/www.linkedin.com\\\/hp\\\/?dnr=JBzUWaJfMUw8vbXJJ2tVW5-I3jZKvC4wsoxE&amp;amp;amp;amp;amp;amp;trk=nav_responsive_tab_home\",\"https:\\\/\\\/www.youtube.com\\\/channel\\\/UCxL0wu1uN0_3_7hGG0306cw\"]},{\"@type\":\"Person\",\"@id\":\"https:\\\/\\\/www.bellunopress.it\\\/#\\\/schema\\\/person\\\/79bb06722b37ece1c03d3e94beb30d73\",\"name\":\"redazione\",\"image\":{\"@type\":\"ImageObject\",\"inLanguage\":\"fr-FR\",\"@id\":\"https:\\\/\\\/secure.gravatar.com\\\/avatar\\\/37d968a2e67a6fd04c169c4bdef102d0bc5d31b2546345219e348575eb80e9a0?s=96&d=mm&r=g\",\"url\":\"https:\\\/\\\/secure.gravatar.com\\\/avatar\\\/37d968a2e67a6fd04c169c4bdef102d0bc5d31b2546345219e348575eb80e9a0?s=96&d=mm&r=g\",\"contentUrl\":\"https:\\\/\\\/secure.gravatar.com\\\/avatar\\\/37d968a2e67a6fd04c169c4bdef102d0bc5d31b2546345219e348575eb80e9a0?s=96&d=mm&r=g\",\"caption\":\"redazione\"},\"sameAs\":[\"http:\\\/\\\/www.bellunopress.it\",\"https:\\\/\\\/x.com\\\/bellunopress\"],\"url\":\"https:\\\/\\\/www.bellunopress.it\\\/fr\\\/author\\\/redazione\\\/\"}]}<\/script>\n<!-- \/ Yoast SEO plugin. -->","yoast_head_json":{"title":"Ultimo giorno di scuola, \"Ciao Francesco\" - Bellunopress - Dolomiti","robots":{"index":"index","follow":"follow","max-snippet":"max-snippet:-1","max-image-preview":"max-image-preview:large","max-video-preview":"max-video-preview:-1"},"canonical":"https:\/\/www.bellunopress.it\/fr\/2026\/06\/06\/ultimo-giorno-di-scuola-ciao-francesco\/","og_locale":"fr_FR","og_type":"article","og_title":"Ultimo giorno di scuola, \"Ciao Francesco\" - Bellunopress - Dolomiti","og_description":"Francesco \u00e8 un bambino di nove anni al quale nel 2017 \u00e8 stato diagnosticato un disturbo dello spettro autistico associato a ritardo globale dello sviluppo e compromissione del piano linguistico. Quest&#8217;anno ha frequentato la classe terza della scuola Gabelli e ieri \u00e8 stato il suo ultimo giorno di scuola. L&#8217;anno scolastico \u00e8 cominciato con la [&hellip;]","og_url":"https:\/\/www.bellunopress.it\/fr\/2026\/06\/06\/ultimo-giorno-di-scuola-ciao-francesco\/","og_site_name":"Bellunopress - Dolomiti","article_publisher":"https:\/\/www.facebook.com\/profile.php?id=100008943462799","article_published_time":"2026-06-06T17:59:42+00:00","og_image":[{"width":499,"height":419,"url":"https:\/\/www.bellunopress.it\/wp-content\/uploads\/2026\/06\/Francesco-lettera-firmata.jpg","type":"image\/jpeg"}],"author":"redazione","twitter_card":"summary_large_image","twitter_creator":"@bellunopress","twitter_site":"@bellunopress","twitter_misc":{"Written by":"redazione","Est. reading time":"3 minutes"},"schema":{"@context":"https:\/\/schema.org","@graph":[{"@type":"Article","@id":"https:\/\/www.bellunopress.it\/2026\/06\/06\/ultimo-giorno-di-scuola-ciao-francesco\/#article","isPartOf":{"@id":"https:\/\/www.bellunopress.it\/2026\/06\/06\/ultimo-giorno-di-scuola-ciao-francesco\/"},"author":{"name":"redazione","@id":"https:\/\/www.bellunopress.it\/#\/schema\/person\/79bb06722b37ece1c03d3e94beb30d73"},"headline":"Ultimo giorno di scuola, &#8220;Ciao Francesco&#8221;","datePublished":"2026-06-06T17:59:42+00:00","mainEntityOfPage":{"@id":"https:\/\/www.bellunopress.it\/2026\/06\/06\/ultimo-giorno-di-scuola-ciao-francesco\/"},"wordCount":423,"publisher":{"@id":"https:\/\/www.bellunopress.it\/#organization"},"image":{"@id":"https:\/\/www.bellunopress.it\/2026\/06\/06\/ultimo-giorno-di-scuola-ciao-francesco\/#primaryimage"},"thumbnailUrl":"https:\/\/www.bellunopress.it\/wp-content\/uploads\/2026\/06\/Francesco-lettera-firmata.jpg","articleSection":["Lettere Opinioni"],"inLanguage":"fr-FR"},{"@type":"WebPage","@id":"https:\/\/www.bellunopress.it\/2026\/06\/06\/ultimo-giorno-di-scuola-ciao-francesco\/","url":"https:\/\/www.bellunopress.it\/2026\/06\/06\/ultimo-giorno-di-scuola-ciao-francesco\/","name":"Ultimo giorno di scuola, \"Ciao Francesco\" - Bellunopress - Dolomiti","isPartOf":{"@id":"https:\/\/www.bellunopress.it\/#website"},"primaryImageOfPage":{"@id":"https:\/\/www.bellunopress.it\/2026\/06\/06\/ultimo-giorno-di-scuola-ciao-francesco\/#primaryimage"},"image":{"@id":"https:\/\/www.bellunopress.it\/2026\/06\/06\/ultimo-giorno-di-scuola-ciao-francesco\/#primaryimage"},"thumbnailUrl":"https:\/\/www.bellunopress.it\/wp-content\/uploads\/2026\/06\/Francesco-lettera-firmata.jpg","datePublished":"2026-06-06T17:59:42+00:00","breadcrumb":{"@id":"https:\/\/www.bellunopress.it\/2026\/06\/06\/ultimo-giorno-di-scuola-ciao-francesco\/#breadcrumb"},"inLanguage":"fr-FR","potentialAction":[{"@type":"ReadAction","target":["https:\/\/www.bellunopress.it\/2026\/06\/06\/ultimo-giorno-di-scuola-ciao-francesco\/"]}]},{"@type":"ImageObject","inLanguage":"fr-FR","@id":"https:\/\/www.bellunopress.it\/2026\/06\/06\/ultimo-giorno-di-scuola-ciao-francesco\/#primaryimage","url":"https:\/\/www.bellunopress.it\/wp-content\/uploads\/2026\/06\/Francesco-lettera-firmata.jpg","contentUrl":"https:\/\/www.bellunopress.it\/wp-content\/uploads\/2026\/06\/Francesco-lettera-firmata.jpg","width":499,"height":419},{"@type":"BreadcrumbList","@id":"https:\/\/www.bellunopress.it\/2026\/06\/06\/ultimo-giorno-di-scuola-ciao-francesco\/#breadcrumb","itemListElement":[{"@type":"ListItem","position":1,"name":"Home","item":"https:\/\/www.bellunopress.it\/"},{"@type":"ListItem","position":2,"name":"Ultimo giorno di scuola, &#8220;Ciao Francesco&#8221;"}]},{"@type":"WebSite","@id":"https:\/\/www.bellunopress.it\/#website","url":"https:\/\/www.bellunopress.it\/","name":"Bellunopress - Dolomiti","description":"e-mail: redazione@bellunopress.it","publisher":{"@id":"https:\/\/www.bellunopress.it\/#organization"},"potentialAction":[{"@type":"SearchAction","target":{"@type":"EntryPoint","urlTemplate":"https:\/\/www.bellunopress.it\/?s={search_term_string}"},"query-input":{"@type":"PropertyValueSpecification","valueRequired":true,"valueName":"search_term_string"}}],"inLanguage":"fr-FR"},{"@type":"Organization","@id":"https:\/\/www.bellunopress.it\/#organization","name":"Bellunopress","url":"https:\/\/www.bellunopress.it\/","logo":{"@type":"ImageObject","inLanguage":"fr-FR","@id":"https:\/\/www.bellunopress.it\/#\/schema\/logo\/image\/","url":"https:\/\/www.bellunopress.it\/wp-content\/uploads\/2011\/05\/cropped-logo-bellunopress-.jpg","contentUrl":"https:\/\/www.bellunopress.it\/wp-content\/uploads\/2011\/05\/cropped-logo-bellunopress-.jpg","width":512,"height":512,"caption":"Bellunopress"},"image":{"@id":"https:\/\/www.bellunopress.it\/#\/schema\/logo\/image\/"},"sameAs":["https:\/\/www.facebook.com\/profile.php?id=100008943462799","https:\/\/x.com\/bellunopress","https:\/\/www.linkedin.com\/hp\/?dnr=JBzUWaJfMUw8vbXJJ2tVW5-I3jZKvC4wsoxE&amp;amp;amp;amp;amp;amp;trk=nav_responsive_tab_home","https:\/\/www.youtube.com\/channel\/UCxL0wu1uN0_3_7hGG0306cw"]},{"@type":"Person","@id":"https:\/\/www.bellunopress.it\/#\/schema\/person\/79bb06722b37ece1c03d3e94beb30d73","name":"r\u00e9daction","image":{"@type":"ImageObject","inLanguage":"fr-FR","@id":"https:\/\/secure.gravatar.com\/avatar\/37d968a2e67a6fd04c169c4bdef102d0bc5d31b2546345219e348575eb80e9a0?s=96&d=mm&r=g","url":"https:\/\/secure.gravatar.com\/avatar\/37d968a2e67a6fd04c169c4bdef102d0bc5d31b2546345219e348575eb80e9a0?s=96&d=mm&r=g","contentUrl":"https:\/\/secure.gravatar.com\/avatar\/37d968a2e67a6fd04c169c4bdef102d0bc5d31b2546345219e348575eb80e9a0?s=96&d=mm&r=g","caption":"redazione"},"sameAs":["http:\/\/www.bellunopress.it","https:\/\/x.com\/bellunopress"],"url":"https:\/\/www.bellunopress.it\/fr\/author\/redazione\/"}]}},"_links":{"self":[{"href":"https:\/\/www.bellunopress.it\/fr\/wp-json\/wp\/v2\/posts\/170788","targetHints":{"allow":["GET"]}}],"collection":[{"href":"https:\/\/www.bellunopress.it\/fr\/wp-json\/wp\/v2\/posts"}],"about":[{"href":"https:\/\/www.bellunopress.it\/fr\/wp-json\/wp\/v2\/types\/post"}],"author":[{"embeddable":true,"href":"https:\/\/www.bellunopress.it\/fr\/wp-json\/wp\/v2\/users\/2"}],"replies":[{"embeddable":true,"href":"https:\/\/www.bellunopress.it\/fr\/wp-json\/wp\/v2\/comments?post=170788"}],"version-history":[{"count":1,"href":"https:\/\/www.bellunopress.it\/fr\/wp-json\/wp\/v2\/posts\/170788\/revisions"}],"predecessor-version":[{"id":170790,"href":"https:\/\/www.bellunopress.it\/fr\/wp-json\/wp\/v2\/posts\/170788\/revisions\/170790"}],"wp:featuredmedia":[{"embeddable":true,"href":"https:\/\/www.bellunopress.it\/fr\/wp-json\/wp\/v2\/media\/170789"}],"wp:attachment":[{"href":"https:\/\/www.bellunopress.it\/fr\/wp-json\/wp\/v2\/media?parent=170788"}],"wp:term":[{"taxonomy":"category","embeddable":true,"href":"https:\/\/www.bellunopress.it\/fr\/wp-json\/wp\/v2\/categories?post=170788"},{"taxonomy":"post_tag","embeddable":true,"href":"https:\/\/www.bellunopress.it\/fr\/wp-json\/wp\/v2\/tags?post=170788"}],"curies":[{"name":"wp","href":"https:\/\/api.w.org\/{rel}","templated":true}]}}