{"id":170784,"date":"2026-06-06T18:59:44","date_gmt":"2026-06-06T16:59:44","guid":{"rendered":"https:\/\/www.bellunopress.it\/?p=170784"},"modified":"2026-06-06T18:59:44","modified_gmt":"2026-06-06T16:59:44","slug":"hydro-e-tb-metal-qual-e-la-verita-la-preoccupazione-della-fiom","status":"publish","type":"post","link":"https:\/\/www.bellunopress.it\/fr\/2026\/06\/06\/hydro-e-tb-metal-qual-e-la-verita-la-preoccupazione-della-fiom\/","title":{"rendered":"Hydro e Tb Metal, qual \u00e8 la verit\u00e0. La preoccupazione della Fiom"},"content":{"rendered":"<p><strong>Mentre Hydro presenta il cronoprogramma per la ripartenza dello stabilimento, TB Metal dichiara di dover trasferire la sede di Feltre come conseguenza della chiusura della multinazionale norvegese<\/strong><\/p>\n<p>FIOM CGIL di Belluno esprime forte preoccupazione e chiede chiarezza sul futuro occupazionale dei lavoratori coinvolti nelle vicende Hydro e TB Metal, dopo aver preso atto di due comunicazioni che appaiono tra loro difficilmente conciliabili. Nel corso dell&#8217;ultimo incontro con le rappresentanze dei lavoratori, la direzione di Hydro ha illustrato il cronoprogramma aggiornato relativo al ripristino delle attivit\u00e0 produttive dello stabilimento e la ripartenza entro qualche mese.<\/p>\n<p>Quindi, da un lato Hydro ha illustrato il cronoprogramma operativo che prevede l&#8217;arrivo delle nuove celle entro la met\u00e0 di luglio, il completamento dei lavori entro la fine del mese e la ripartenza graduale delle attivit\u00e0 produttive a partire dal 31 agosto, con la riaccensione della fonderia e il progressivo ritorno alla produzione. Mentre, dall&#8217;altro lato, TB Metal ha comunicato il trasferimento dell&#8217;unit\u00e0 produttiva di Feltre a Ciserano, in provincia di Bergamo, motivando esplicitamente tale decisione con la chiusura dello stabilimento Hydro di Feltre e con il conseguente venir meno delle attivit\u00e0 collegate.<\/p>\n<p>Una contraddizione che pone interrogativi ai quali lavoratori, sindacato e territorio meritano una risposta.<\/p>\n<p>&#8220;Se Hydro sostiene che la produzione non cesser\u00e0 e che lo stabilimento si sta preparando a ripartire, non si comprende come TB Metal possa giustificare la chiusura della sede di Feltre sostenendo che essa sia la conseguenza della cessazione delle attivit\u00e0 di Hydro&#8221;, dichiara Stefano Bona, segretario generale della FIOM CGIL Belluno &#8220;Qualcuno deve spiegare quale sia la situazione reale. Non possono essere entrambe vere le versioni che oggi vengono fornite alle lavoratrici, ai lavoratori e alle istituzioni.&#8221;<\/p>\n<p>La situazione \u00e8 resa ancora pi\u00f9 grave dalle conseguenze sociali che rischiano di ricadere sui 17 lavoratori di TB Metal interessati dal trasferimento, di fatto, impossibile.<\/p>\n<p>&#8220;Parliamo di persone che lavorano da anni nel territorio feltrino e che oggi si vedono prospettare un trasferimento a oltre 260 chilometri di distanza&#8221;, prosegue Bona &#8220;\u00c8 evidente che gran parte di loro non potr\u00e0 accettare una soluzione di questo tipo. Tra questi lavoratori vi sono anche numerosi migranti e alcuni richiedenti asilo che hanno costruito qui il proprio percorso di integrazione e la propria vita, per molti la prospettiva concreta sar\u00e0 quella della disoccupazione.&#8221;<\/p>\n<p>Per la FIOM \u00e8 inaccettabile che i costi delle scelte industriali vengano scaricati interamente sui lavoratori dell&#8217;indotto.<\/p>\n<p>&#8220;Hydro continua a sostenere di non avere alcuna responsabilit\u00e0 perch\u00e9 i lavoratori di TB Metal appartengono a un&#8217;azienda appaltatrice e non sono suoi dipendenti diretti. \u00c8 esattamente questo il problema che denunciamo da anni: un sistema di appalti e subappalti che consente alle grandi multinazionali di beneficiare del lavoro svolto da centinaia di persone senza assumersi alcuna responsabilit\u00e0 sociale nei loro confronti quando arrivano le crisi.&#8221;<\/p>\n<p>Una vicenda che dimostra quanto sia urgente intervenire sulle regole che disciplinano gli appalti, riconoscendo la responsabilit\u00e0 delle aziende committenti lungo tutta la filiera produttiva e rafforzando le tutele per chi lavora.<\/p>\n<p>&#8220;La storia di questi lavoratori conferma la necessit\u00e0 delle proposte che il sindacato sta portando avanti anche attraverso la raccolta firme per una legge di iniziativa popolare sugli appalti e sulla responsabilit\u00e0 solidale delle imprese&#8221;, conclude Bona &#8220;Non \u00e8 accettabile che una multinazionale possa decidere il destino di un territorio e di decine di famiglie senza rispondere delle conseguenze che le proprie scelte producono sull&#8217;indotto e sull&#8217;occupazione. Come FIOM CGIL Belluno chiederemo, quindi, un confronto immediato con tutte le parti coinvolte, a partire da Hydro e TB Metal, e solleciteremo le istituzioni locali e regionali ad attivarsi affinch\u00e9 venga fatta piena chiarezza sul futuro produttivo del sito di Feltre e siano garantite concrete tutele per tutti i lavoratori coinvolti, sia diretti che impiegati tramite appalti.&#8221;<\/p>\n<p>Per la FIOM CGIL Belluno la vicenda conferma inoltre la necessit\u00e0 di mantenere alta l&#8217;attenzione sul futuro industriale dell&#8217;area feltrina e sulle ricadute che le scelte delle grandi aziende possono avere sull&#8217;intero sistema produttivo locale. Il sindacato continuer\u00e0 a seguire la situazione, chiedendo il coinvolgimento delle istituzioni e di tutti i soggetti interessati affinch\u00e9 vengano tutelati il lavoro, le professionalit\u00e0 e il patrimonio produttivo del territorio.<\/p>\n<p>&nbsp;<\/p>","protected":false},"excerpt":{"rendered":"<p>Mentre Hydro presenta il cronoprogramma per la ripartenza dello stabilimento, TB Metal dichiara di dover trasferire la sede di Feltre come conseguenza della chiusura della multinazionale norvegese FIOM CGIL di Belluno esprime forte preoccupazione e chiede chiarezza sul futuro occupazionale dei lavoratori coinvolti nelle vicende Hydro e TB Metal, dopo aver preso atto di due [&hellip;]<\/p>\n","protected":false},"author":2,"featured_media":156196,"comment_status":"closed","ping_status":"open","sticky":false,"template":"","format":"standard","meta":{"footnotes":""},"categories":[36],"tags":[],"class_list":["post-170784","post","type-post","status-publish","format-standard","has-post-thumbnail","category-lavoro-economia"],"yoast_head":"<!-- This site is optimized with the Yoast SEO plugin v28.4 - https:\/\/yoast.com\/product\/yoast-seo-wordpress\/ -->\n<title>Hydro e Tb Metal, qual \u00e8 la verit\u00e0. La preoccupazione della Fiom - Bellunopress - Dolomiti<\/title>\n<meta name=\"robots\" content=\"index, follow, max-snippet:-1, max-image-preview:large, max-video-preview:-1\" \/>\n<link rel=\"canonical\" href=\"https:\/\/www.bellunopress.it\/fr\/2026\/06\/06\/hydro-e-tb-metal-qual-e-la-verita-la-preoccupazione-della-fiom\/\" \/>\n<meta property=\"og:locale\" content=\"fr_FR\" \/>\n<meta property=\"og:type\" content=\"article\" \/>\n<meta property=\"og:title\" content=\"Hydro e Tb Metal, qual \u00e8 la verit\u00e0. La preoccupazione della Fiom - Bellunopress - Dolomiti\" \/>\n<meta property=\"og:description\" content=\"Mentre Hydro presenta il cronoprogramma per la ripartenza dello stabilimento, TB Metal dichiara di dover trasferire la sede di Feltre come conseguenza della chiusura della multinazionale norvegese FIOM CGIL di Belluno esprime forte preoccupazione e chiede chiarezza sul futuro occupazionale dei lavoratori coinvolti nelle vicende Hydro e TB Metal, dopo aver preso atto di due [&hellip;]\" \/>\n<meta property=\"og:url\" content=\"https:\/\/www.bellunopress.it\/fr\/2026\/06\/06\/hydro-e-tb-metal-qual-e-la-verita-la-preoccupazione-della-fiom\/\" \/>\n<meta property=\"og:site_name\" content=\"Bellunopress - Dolomiti\" \/>\n<meta property=\"article:publisher\" content=\"https:\/\/www.facebook.com\/profile.php?id=100008943462799\" \/>\n<meta property=\"article:published_time\" content=\"2026-06-06T16:59:44+00:00\" \/>\n<meta property=\"og:image\" content=\"https:\/\/www.bellunopress.it\/wp-content\/uploads\/2024\/12\/Fiom-Cgil.jpg\" \/>\n\t<meta property=\"og:image:width\" content=\"953\" \/>\n\t<meta property=\"og:image:height\" content=\"277\" \/>\n\t<meta property=\"og:image:type\" content=\"image\/jpeg\" \/>\n<meta name=\"author\" content=\"redazione\" \/>\n<meta name=\"twitter:card\" content=\"summary_large_image\" \/>\n<meta name=\"twitter:creator\" content=\"@bellunopress\" \/>\n<meta name=\"twitter:site\" content=\"@bellunopress\" \/>\n<meta name=\"twitter:label1\" content=\"\u00c9crit par\" \/>\n\t<meta name=\"twitter:data1\" content=\"redazione\" \/>\n\t<meta name=\"twitter:label2\" content=\"Dur\u00e9e de lecture estim\u00e9e\" \/>\n\t<meta name=\"twitter:data2\" content=\"4 minutes\" \/>\n<script type=\"application\/ld+json\" class=\"yoast-schema-graph\">{\"@context\":\"https:\\\/\\\/schema.org\",\"@graph\":[{\"@type\":\"Article\",\"@id\":\"https:\\\/\\\/www.bellunopress.it\\\/2026\\\/06\\\/06\\\/hydro-e-tb-metal-qual-e-la-verita-la-preoccupazione-della-fiom\\\/#article\",\"isPartOf\":{\"@id\":\"https:\\\/\\\/www.bellunopress.it\\\/2026\\\/06\\\/06\\\/hydro-e-tb-metal-qual-e-la-verita-la-preoccupazione-della-fiom\\\/\"},\"author\":{\"name\":\"redazione\",\"@id\":\"https:\\\/\\\/www.bellunopress.it\\\/#\\\/schema\\\/person\\\/79bb06722b37ece1c03d3e94beb30d73\"},\"headline\":\"Hydro e Tb Metal, qual \u00e8 la verit\u00e0. La preoccupazione della Fiom\",\"datePublished\":\"2026-06-06T16:59:44+00:00\",\"mainEntityOfPage\":{\"@id\":\"https:\\\/\\\/www.bellunopress.it\\\/2026\\\/06\\\/06\\\/hydro-e-tb-metal-qual-e-la-verita-la-preoccupazione-della-fiom\\\/\"},\"wordCount\":701,\"publisher\":{\"@id\":\"https:\\\/\\\/www.bellunopress.it\\\/#organization\"},\"image\":{\"@id\":\"https:\\\/\\\/www.bellunopress.it\\\/2026\\\/06\\\/06\\\/hydro-e-tb-metal-qual-e-la-verita-la-preoccupazione-della-fiom\\\/#primaryimage\"},\"thumbnailUrl\":\"https:\\\/\\\/www.bellunopress.it\\\/wp-content\\\/uploads\\\/2024\\\/12\\\/Fiom-Cgil.jpg\",\"articleSection\":[\"Lavoro, Economia, Turismo\"],\"inLanguage\":\"fr-FR\"},{\"@type\":\"WebPage\",\"@id\":\"https:\\\/\\\/www.bellunopress.it\\\/2026\\\/06\\\/06\\\/hydro-e-tb-metal-qual-e-la-verita-la-preoccupazione-della-fiom\\\/\",\"url\":\"https:\\\/\\\/www.bellunopress.it\\\/2026\\\/06\\\/06\\\/hydro-e-tb-metal-qual-e-la-verita-la-preoccupazione-della-fiom\\\/\",\"name\":\"Hydro e Tb Metal, qual \u00e8 la verit\u00e0. La preoccupazione della Fiom - Bellunopress - Dolomiti\",\"isPartOf\":{\"@id\":\"https:\\\/\\\/www.bellunopress.it\\\/#website\"},\"primaryImageOfPage\":{\"@id\":\"https:\\\/\\\/www.bellunopress.it\\\/2026\\\/06\\\/06\\\/hydro-e-tb-metal-qual-e-la-verita-la-preoccupazione-della-fiom\\\/#primaryimage\"},\"image\":{\"@id\":\"https:\\\/\\\/www.bellunopress.it\\\/2026\\\/06\\\/06\\\/hydro-e-tb-metal-qual-e-la-verita-la-preoccupazione-della-fiom\\\/#primaryimage\"},\"thumbnailUrl\":\"https:\\\/\\\/www.bellunopress.it\\\/wp-content\\\/uploads\\\/2024\\\/12\\\/Fiom-Cgil.jpg\",\"datePublished\":\"2026-06-06T16:59:44+00:00\",\"breadcrumb\":{\"@id\":\"https:\\\/\\\/www.bellunopress.it\\\/2026\\\/06\\\/06\\\/hydro-e-tb-metal-qual-e-la-verita-la-preoccupazione-della-fiom\\\/#breadcrumb\"},\"inLanguage\":\"fr-FR\",\"potentialAction\":[{\"@type\":\"ReadAction\",\"target\":[\"https:\\\/\\\/www.bellunopress.it\\\/2026\\\/06\\\/06\\\/hydro-e-tb-metal-qual-e-la-verita-la-preoccupazione-della-fiom\\\/\"]}]},{\"@type\":\"ImageObject\",\"inLanguage\":\"fr-FR\",\"@id\":\"https:\\\/\\\/www.bellunopress.it\\\/2026\\\/06\\\/06\\\/hydro-e-tb-metal-qual-e-la-verita-la-preoccupazione-della-fiom\\\/#primaryimage\",\"url\":\"https:\\\/\\\/www.bellunopress.it\\\/wp-content\\\/uploads\\\/2024\\\/12\\\/Fiom-Cgil.jpg\",\"contentUrl\":\"https:\\\/\\\/www.bellunopress.it\\\/wp-content\\\/uploads\\\/2024\\\/12\\\/Fiom-Cgil.jpg\",\"width\":953,\"height\":277},{\"@type\":\"BreadcrumbList\",\"@id\":\"https:\\\/\\\/www.bellunopress.it\\\/2026\\\/06\\\/06\\\/hydro-e-tb-metal-qual-e-la-verita-la-preoccupazione-della-fiom\\\/#breadcrumb\",\"itemListElement\":[{\"@type\":\"ListItem\",\"position\":1,\"name\":\"Home\",\"item\":\"https:\\\/\\\/www.bellunopress.it\\\/\"},{\"@type\":\"ListItem\",\"position\":2,\"name\":\"Hydro e Tb Metal, qual \u00e8 la verit\u00e0. La preoccupazione della Fiom\"}]},{\"@type\":\"WebSite\",\"@id\":\"https:\\\/\\\/www.bellunopress.it\\\/#website\",\"url\":\"https:\\\/\\\/www.bellunopress.it\\\/\",\"name\":\"Bellunopress - Dolomiti\",\"description\":\"e-mail: redazione@bellunopress.it\",\"publisher\":{\"@id\":\"https:\\\/\\\/www.bellunopress.it\\\/#organization\"},\"potentialAction\":[{\"@type\":\"SearchAction\",\"target\":{\"@type\":\"EntryPoint\",\"urlTemplate\":\"https:\\\/\\\/www.bellunopress.it\\\/?s={search_term_string}\"},\"query-input\":{\"@type\":\"PropertyValueSpecification\",\"valueRequired\":true,\"valueName\":\"search_term_string\"}}],\"inLanguage\":\"fr-FR\"},{\"@type\":\"Organization\",\"@id\":\"https:\\\/\\\/www.bellunopress.it\\\/#organization\",\"name\":\"Bellunopress\",\"url\":\"https:\\\/\\\/www.bellunopress.it\\\/\",\"logo\":{\"@type\":\"ImageObject\",\"inLanguage\":\"fr-FR\",\"@id\":\"https:\\\/\\\/www.bellunopress.it\\\/#\\\/schema\\\/logo\\\/image\\\/\",\"url\":\"https:\\\/\\\/www.bellunopress.it\\\/wp-content\\\/uploads\\\/2011\\\/05\\\/cropped-logo-bellunopress-.jpg\",\"contentUrl\":\"https:\\\/\\\/www.bellunopress.it\\\/wp-content\\\/uploads\\\/2011\\\/05\\\/cropped-logo-bellunopress-.jpg\",\"width\":512,\"height\":512,\"caption\":\"Bellunopress\"},\"image\":{\"@id\":\"https:\\\/\\\/www.bellunopress.it\\\/#\\\/schema\\\/logo\\\/image\\\/\"},\"sameAs\":[\"https:\\\/\\\/www.facebook.com\\\/profile.php?id=100008943462799\",\"https:\\\/\\\/x.com\\\/bellunopress\",\"https:\\\/\\\/www.linkedin.com\\\/hp\\\/?dnr=JBzUWaJfMUw8vbXJJ2tVW5-I3jZKvC4wsoxE&amp;amp;amp;amp;amp;amp;trk=nav_responsive_tab_home\",\"https:\\\/\\\/www.youtube.com\\\/channel\\\/UCxL0wu1uN0_3_7hGG0306cw\"]},{\"@type\":\"Person\",\"@id\":\"https:\\\/\\\/www.bellunopress.it\\\/#\\\/schema\\\/person\\\/79bb06722b37ece1c03d3e94beb30d73\",\"name\":\"redazione\",\"image\":{\"@type\":\"ImageObject\",\"inLanguage\":\"fr-FR\",\"@id\":\"https:\\\/\\\/secure.gravatar.com\\\/avatar\\\/37d968a2e67a6fd04c169c4bdef102d0bc5d31b2546345219e348575eb80e9a0?s=96&d=mm&r=g\",\"url\":\"https:\\\/\\\/secure.gravatar.com\\\/avatar\\\/37d968a2e67a6fd04c169c4bdef102d0bc5d31b2546345219e348575eb80e9a0?s=96&d=mm&r=g\",\"contentUrl\":\"https:\\\/\\\/secure.gravatar.com\\\/avatar\\\/37d968a2e67a6fd04c169c4bdef102d0bc5d31b2546345219e348575eb80e9a0?s=96&d=mm&r=g\",\"caption\":\"redazione\"},\"sameAs\":[\"http:\\\/\\\/www.bellunopress.it\",\"https:\\\/\\\/x.com\\\/bellunopress\"],\"url\":\"https:\\\/\\\/www.bellunopress.it\\\/fr\\\/author\\\/redazione\\\/\"}]}<\/script>\n<!-- \/ Yoast SEO plugin. -->","yoast_head_json":{"title":"Hydro e Tb Metal, qual \u00e8 la verit\u00e0. La preoccupazione della Fiom - Bellunopress - Dolomiti","robots":{"index":"index","follow":"follow","max-snippet":"max-snippet:-1","max-image-preview":"max-image-preview:large","max-video-preview":"max-video-preview:-1"},"canonical":"https:\/\/www.bellunopress.it\/fr\/2026\/06\/06\/hydro-e-tb-metal-qual-e-la-verita-la-preoccupazione-della-fiom\/","og_locale":"fr_FR","og_type":"article","og_title":"Hydro e Tb Metal, qual \u00e8 la verit\u00e0. La preoccupazione della Fiom - Bellunopress - Dolomiti","og_description":"Mentre Hydro presenta il cronoprogramma per la ripartenza dello stabilimento, TB Metal dichiara di dover trasferire la sede di Feltre come conseguenza della chiusura della multinazionale norvegese FIOM CGIL di Belluno esprime forte preoccupazione e chiede chiarezza sul futuro occupazionale dei lavoratori coinvolti nelle vicende Hydro e TB Metal, dopo aver preso atto di due [&hellip;]","og_url":"https:\/\/www.bellunopress.it\/fr\/2026\/06\/06\/hydro-e-tb-metal-qual-e-la-verita-la-preoccupazione-della-fiom\/","og_site_name":"Bellunopress - Dolomiti","article_publisher":"https:\/\/www.facebook.com\/profile.php?id=100008943462799","article_published_time":"2026-06-06T16:59:44+00:00","og_image":[{"width":953,"height":277,"url":"https:\/\/www.bellunopress.it\/wp-content\/uploads\/2024\/12\/Fiom-Cgil.jpg","type":"image\/jpeg"}],"author":"redazione","twitter_card":"summary_large_image","twitter_creator":"@bellunopress","twitter_site":"@bellunopress","twitter_misc":{"\u00c9crit par":"redazione","Dur\u00e9e de lecture estim\u00e9e":"4 minutes"},"schema":{"@context":"https:\/\/schema.org","@graph":[{"@type":"Article","@id":"https:\/\/www.bellunopress.it\/2026\/06\/06\/hydro-e-tb-metal-qual-e-la-verita-la-preoccupazione-della-fiom\/#article","isPartOf":{"@id":"https:\/\/www.bellunopress.it\/2026\/06\/06\/hydro-e-tb-metal-qual-e-la-verita-la-preoccupazione-della-fiom\/"},"author":{"name":"redazione","@id":"https:\/\/www.bellunopress.it\/#\/schema\/person\/79bb06722b37ece1c03d3e94beb30d73"},"headline":"Hydro e Tb Metal, qual \u00e8 la verit\u00e0. La preoccupazione della Fiom","datePublished":"2026-06-06T16:59:44+00:00","mainEntityOfPage":{"@id":"https:\/\/www.bellunopress.it\/2026\/06\/06\/hydro-e-tb-metal-qual-e-la-verita-la-preoccupazione-della-fiom\/"},"wordCount":701,"publisher":{"@id":"https:\/\/www.bellunopress.it\/#organization"},"image":{"@id":"https:\/\/www.bellunopress.it\/2026\/06\/06\/hydro-e-tb-metal-qual-e-la-verita-la-preoccupazione-della-fiom\/#primaryimage"},"thumbnailUrl":"https:\/\/www.bellunopress.it\/wp-content\/uploads\/2024\/12\/Fiom-Cgil.jpg","articleSection":["Lavoro, Economia, Turismo"],"inLanguage":"fr-FR"},{"@type":"WebPage","@id":"https:\/\/www.bellunopress.it\/2026\/06\/06\/hydro-e-tb-metal-qual-e-la-verita-la-preoccupazione-della-fiom\/","url":"https:\/\/www.bellunopress.it\/2026\/06\/06\/hydro-e-tb-metal-qual-e-la-verita-la-preoccupazione-della-fiom\/","name":"Hydro e Tb Metal, qual \u00e8 la verit\u00e0. La preoccupazione della Fiom - Bellunopress - Dolomiti","isPartOf":{"@id":"https:\/\/www.bellunopress.it\/#website"},"primaryImageOfPage":{"@id":"https:\/\/www.bellunopress.it\/2026\/06\/06\/hydro-e-tb-metal-qual-e-la-verita-la-preoccupazione-della-fiom\/#primaryimage"},"image":{"@id":"https:\/\/www.bellunopress.it\/2026\/06\/06\/hydro-e-tb-metal-qual-e-la-verita-la-preoccupazione-della-fiom\/#primaryimage"},"thumbnailUrl":"https:\/\/www.bellunopress.it\/wp-content\/uploads\/2024\/12\/Fiom-Cgil.jpg","datePublished":"2026-06-06T16:59:44+00:00","breadcrumb":{"@id":"https:\/\/www.bellunopress.it\/2026\/06\/06\/hydro-e-tb-metal-qual-e-la-verita-la-preoccupazione-della-fiom\/#breadcrumb"},"inLanguage":"fr-FR","potentialAction":[{"@type":"ReadAction","target":["https:\/\/www.bellunopress.it\/2026\/06\/06\/hydro-e-tb-metal-qual-e-la-verita-la-preoccupazione-della-fiom\/"]}]},{"@type":"ImageObject","inLanguage":"fr-FR","@id":"https:\/\/www.bellunopress.it\/2026\/06\/06\/hydro-e-tb-metal-qual-e-la-verita-la-preoccupazione-della-fiom\/#primaryimage","url":"https:\/\/www.bellunopress.it\/wp-content\/uploads\/2024\/12\/Fiom-Cgil.jpg","contentUrl":"https:\/\/www.bellunopress.it\/wp-content\/uploads\/2024\/12\/Fiom-Cgil.jpg","width":953,"height":277},{"@type":"BreadcrumbList","@id":"https:\/\/www.bellunopress.it\/2026\/06\/06\/hydro-e-tb-metal-qual-e-la-verita-la-preoccupazione-della-fiom\/#breadcrumb","itemListElement":[{"@type":"ListItem","position":1,"name":"Home","item":"https:\/\/www.bellunopress.it\/"},{"@type":"ListItem","position":2,"name":"Hydro e Tb Metal, qual \u00e8 la verit\u00e0. La preoccupazione della Fiom"}]},{"@type":"WebSite","@id":"https:\/\/www.bellunopress.it\/#website","url":"https:\/\/www.bellunopress.it\/","name":"Bellunopress - Dolomiti","description":"e-mail: redazione@bellunopress.it","publisher":{"@id":"https:\/\/www.bellunopress.it\/#organization"},"potentialAction":[{"@type":"SearchAction","target":{"@type":"EntryPoint","urlTemplate":"https:\/\/www.bellunopress.it\/?s={search_term_string}"},"query-input":{"@type":"PropertyValueSpecification","valueRequired":true,"valueName":"search_term_string"}}],"inLanguage":"fr-FR"},{"@type":"Organization","@id":"https:\/\/www.bellunopress.it\/#organization","name":"Bellunopress","url":"https:\/\/www.bellunopress.it\/","logo":{"@type":"ImageObject","inLanguage":"fr-FR","@id":"https:\/\/www.bellunopress.it\/#\/schema\/logo\/image\/","url":"https:\/\/www.bellunopress.it\/wp-content\/uploads\/2011\/05\/cropped-logo-bellunopress-.jpg","contentUrl":"https:\/\/www.bellunopress.it\/wp-content\/uploads\/2011\/05\/cropped-logo-bellunopress-.jpg","width":512,"height":512,"caption":"Bellunopress"},"image":{"@id":"https:\/\/www.bellunopress.it\/#\/schema\/logo\/image\/"},"sameAs":["https:\/\/www.facebook.com\/profile.php?id=100008943462799","https:\/\/x.com\/bellunopress","https:\/\/www.linkedin.com\/hp\/?dnr=JBzUWaJfMUw8vbXJJ2tVW5-I3jZKvC4wsoxE&amp;amp;amp;amp;amp;amp;trk=nav_responsive_tab_home","https:\/\/www.youtube.com\/channel\/UCxL0wu1uN0_3_7hGG0306cw"]},{"@type":"Person","@id":"https:\/\/www.bellunopress.it\/#\/schema\/person\/79bb06722b37ece1c03d3e94beb30d73","name":"r\u00e9daction","image":{"@type":"ImageObject","inLanguage":"fr-FR","@id":"https:\/\/secure.gravatar.com\/avatar\/37d968a2e67a6fd04c169c4bdef102d0bc5d31b2546345219e348575eb80e9a0?s=96&d=mm&r=g","url":"https:\/\/secure.gravatar.com\/avatar\/37d968a2e67a6fd04c169c4bdef102d0bc5d31b2546345219e348575eb80e9a0?s=96&d=mm&r=g","contentUrl":"https:\/\/secure.gravatar.com\/avatar\/37d968a2e67a6fd04c169c4bdef102d0bc5d31b2546345219e348575eb80e9a0?s=96&d=mm&r=g","caption":"redazione"},"sameAs":["http:\/\/www.bellunopress.it","https:\/\/x.com\/bellunopress"],"url":"https:\/\/www.bellunopress.it\/fr\/author\/redazione\/"}]}},"_links":{"self":[{"href":"https:\/\/www.bellunopress.it\/fr\/wp-json\/wp\/v2\/posts\/170784","targetHints":{"allow":["GET"]}}],"collection":[{"href":"https:\/\/www.bellunopress.it\/fr\/wp-json\/wp\/v2\/posts"}],"about":[{"href":"https:\/\/www.bellunopress.it\/fr\/wp-json\/wp\/v2\/types\/post"}],"author":[{"embeddable":true,"href":"https:\/\/www.bellunopress.it\/fr\/wp-json\/wp\/v2\/users\/2"}],"replies":[{"embeddable":true,"href":"https:\/\/www.bellunopress.it\/fr\/wp-json\/wp\/v2\/comments?post=170784"}],"version-history":[{"count":1,"href":"https:\/\/www.bellunopress.it\/fr\/wp-json\/wp\/v2\/posts\/170784\/revisions"}],"predecessor-version":[{"id":170785,"href":"https:\/\/www.bellunopress.it\/fr\/wp-json\/wp\/v2\/posts\/170784\/revisions\/170785"}],"wp:featuredmedia":[{"embeddable":true,"href":"https:\/\/www.bellunopress.it\/fr\/wp-json\/wp\/v2\/media\/156196"}],"wp:attachment":[{"href":"https:\/\/www.bellunopress.it\/fr\/wp-json\/wp\/v2\/media?parent=170784"}],"wp:term":[{"taxonomy":"category","embeddable":true,"href":"https:\/\/www.bellunopress.it\/fr\/wp-json\/wp\/v2\/categories?post=170784"},{"taxonomy":"post_tag","embeddable":true,"href":"https:\/\/www.bellunopress.it\/fr\/wp-json\/wp\/v2\/tags?post=170784"}],"curies":[{"name":"wp","href":"https:\/\/api.w.org\/{rel}","templated":true}]}}