{"id":170782,"date":"2026-06-06T15:03:23","date_gmt":"2026-06-06T13:03:23","guid":{"rendered":"https:\/\/www.bellunopress.it\/?p=170782"},"modified":"2026-06-06T15:03:23","modified_gmt":"2026-06-06T13:03:23","slug":"oca-selvatica-nel-mirino-polemica-sullestensione-della-lista-delle-specie-cacciabili","status":"publish","type":"post","link":"https:\/\/www.bellunopress.it\/fr\/2026\/06\/06\/oca-selvatica-nel-mirino-polemica-sullestensione-della-lista-delle-specie-cacciabili\/","title":{"rendered":"Oca selvatica nel mirino: polemica sull&#8217;estensione della lista delle specie cacciabili"},"content":{"rendered":"<p><strong>Un fronte comune di associazioni ambientaliste accusa il Governo e la Regione Veneto di voler forzare l&#8217;inclusione dell&#8217;oca selvatica tra le specie cacciabili, nonostante i dubbi scientifici e la pressione dell&#8217;Unione Europea<\/strong><\/p>\n<p>Si accende nuovamente lo scontro sul mondo venatorio in Italia. A finire nel mirino di un cartello composto dalle principali sigle animaliste ed ecologiste (ENPA, Lega Abolizione Caccia, LIPU, LNDC, LAV e WWF) \u00e8 il presunto tentativo, definito &#8220;ingordo&#8221; e &#8220;sottotraccia&#8221;, di estendere la lista delle specie cacciabili includendo l&#8217;oca selvatica (*Anser anser*).<\/p>\n<p>Secondo le associazioni, nonostante il Ministro dell&#8217;Agricoltura Francesco Lollobrigida abbia pi\u00f9 volte smentito le voci su una volont\u00e0 governativa di aumentare il numero di specie selvatiche nel mirino dei cacciatori, i fatti racconterebbero una storia diversa. Dopo i recenti dibattiti sullo stambecco e la gestione dei lupi, l&#8217;attenzione si \u00e8 ora spostata sull&#8217;oca selvatica.<\/p>\n<p>La miccia \u00e8 stata accesa da una richiesta formale inviata lo scorso 9 aprile dall&#8217;assessore all&#8217;Agricoltura della Regione Veneto, Dario Bond (FdI), indirizzata alla Presidenza del Consiglio e ai Ministeri competenti. Una richiesta esplicitamente ispirata dalle istanze del mondo venatorio veneto, che mira a ottenere il via libera all&#8217;abbattimento della specie. Ci\u00f2 che ha allarmato il fronte ambientalista \u00e8 la rapidit\u00e0 con cui il tema \u00e8 stato inserito all&#8217;ordine del giorno della prossima riunione del Comitato Tecnico Faunistico Venatorio Nazionale, prevista per il 9 giugno.<\/p>\n<p>Il cuore della disputa risiede nei numeri. Mentre l&#8217;assessore Bond sostiene la presenza di &#8220;decine di migliaia&#8221; di oche selvatiche in Veneto, le stime scientifiche dipingono un quadro ben pi\u00f9 cauto. Secondo i dati pi\u00f9 recenti, la popolazione riproduttrice in Italia oscillerebbe tra le 360 e le 460 coppie, con un tetto massimo di 28.000 esemplari svernanti.<\/p>\n<p>&#8220;Una pressione venatoria impatterebbe pesantemente su individui provenienti dal centro e nord Europa, dove la specie non \u00e8 cacciabile&#8221;, denunciano le associazioni, avvertendo che il disturbo causato dalle attivit\u00e0 venatorie si rifletterebbe negativamente anche su altre specie protette, come le gru, che condividono gli stessi habitat di svernamento.<\/p>\n<p>La questione non \u00e8 solo nazionale. Le associazioni ricordano come l&#8217;Italia sia gi\u00e0 sotto la lente della Commissione Europea, che nel 2023 ha avviato la procedura EU Pilot (2023)10542. Al centro dell&#8217;indagine c&#8217;\u00e8 il presunto mancato rispetto delle normative comunitarie per l&#8217;abbattimento di ben 21 specie di uccelli, molte delle quali in stato di conservazione precario e prive di adeguati piani di gestione.<\/p>\n<p>Nel documento diffuso, le sigle firmatarie riservano parole dure per il Ministro dell&#8217;Ambiente, Gilberto Pichetto Fratin, accusandolo di una &#8220;vergognosa e totale assenza&#8221; nel suo ruolo di garante della biodiversit\u00e0. Al contrario, l&#8217;accusa rivolta all&#8217;Esecutivo \u00e8 di assecondare le pretese del &#8220;mondo venatorio pi\u00f9 estremista&#8221;, in contrasto con quella che viene definita la volont\u00e0 maggioritaria dei cittadini e con il principio di tutela dell&#8217;ambiente sancito dall&#8217;articolo 9 della Costituzione.<\/p>\n<p>Mentre il mondo politico si prepara all&#8217;appuntamento del 9 giugno, la questione solleva interrogativi profondi sulla direzione che l&#8217;Italia intende prendere nella gestione del proprio patrimonio naturale, in un momento in cui la tutela delle specie in declino \u2014 come allodole, tortore selvatiche e morette \u2014 dovrebbe, secondo gli esperti, essere la priorit\u00e0 assoluta.<\/p>","protected":false},"excerpt":{"rendered":"<p>Un fronte comune di associazioni ambientaliste accusa il Governo e la Regione Veneto di voler forzare l&#8217;inclusione dell&#8217;oca selvatica tra le specie cacciabili, nonostante i dubbi scientifici e la pressione dell&#8217;Unione Europea Si accende nuovamente lo scontro sul mondo venatorio in Italia. A finire nel mirino di un cartello composto dalle principali sigle animaliste ed [&hellip;]<\/p>\n","protected":false},"author":2,"featured_media":117736,"comment_status":"closed","ping_status":"open","sticky":false,"template":"","format":"standard","meta":{"footnotes":""},"categories":[38],"tags":[],"class_list":["post-170782","post","type-post","status-publish","format-standard","has-post-thumbnail","category-natura-ambiente"],"yoast_head":"<!-- This site is optimized with the Yoast SEO plugin v28.4 - https:\/\/yoast.com\/product\/yoast-seo-wordpress\/ -->\n<title>Oca selvatica nel mirino: polemica sull&#039;estensione della lista delle specie cacciabili - Bellunopress - Dolomiti<\/title>\n<meta name=\"robots\" content=\"index, follow, max-snippet:-1, max-image-preview:large, max-video-preview:-1\" \/>\n<link rel=\"canonical\" href=\"https:\/\/www.bellunopress.it\/fr\/2026\/06\/06\/oca-selvatica-nel-mirino-polemica-sullestensione-della-lista-delle-specie-cacciabili\/\" \/>\n<meta property=\"og:locale\" content=\"fr_FR\" \/>\n<meta property=\"og:type\" content=\"article\" \/>\n<meta property=\"og:title\" content=\"Oca selvatica nel mirino: polemica sull&#039;estensione della lista delle specie cacciabili - Bellunopress - Dolomiti\" \/>\n<meta property=\"og:description\" content=\"Un fronte comune di associazioni ambientaliste accusa il Governo e la Regione Veneto di voler forzare l&#8217;inclusione dell&#8217;oca selvatica tra le specie cacciabili, nonostante i dubbi scientifici e la pressione dell&#8217;Unione Europea Si accende nuovamente lo scontro sul mondo venatorio in Italia. A finire nel mirino di un cartello composto dalle principali sigle animaliste ed [&hellip;]\" \/>\n<meta property=\"og:url\" content=\"https:\/\/www.bellunopress.it\/fr\/2026\/06\/06\/oca-selvatica-nel-mirino-polemica-sullestensione-della-lista-delle-specie-cacciabili\/\" \/>\n<meta property=\"og:site_name\" content=\"Bellunopress - Dolomiti\" \/>\n<meta property=\"article:publisher\" content=\"https:\/\/www.facebook.com\/profile.php?id=100008943462799\" \/>\n<meta property=\"article:published_time\" content=\"2026-06-06T13:03:23+00:00\" \/>\n<meta property=\"og:image\" content=\"https:\/\/www.bellunopress.it\/wp-content\/uploads\/2020\/09\/caccia-caabs_edited.jpg\" \/>\n\t<meta property=\"og:image:width\" content=\"800\" \/>\n\t<meta property=\"og:image:height\" content=\"600\" \/>\n\t<meta property=\"og:image:type\" content=\"image\/jpeg\" \/>\n<meta name=\"author\" content=\"redazione\" \/>\n<meta name=\"twitter:card\" content=\"summary_large_image\" \/>\n<meta name=\"twitter:creator\" content=\"@bellunopress\" \/>\n<meta name=\"twitter:site\" content=\"@bellunopress\" \/>\n<meta name=\"twitter:label1\" content=\"\u00c9crit par\" \/>\n\t<meta name=\"twitter:data1\" content=\"redazione\" \/>\n\t<meta name=\"twitter:label2\" content=\"Dur\u00e9e de lecture estim\u00e9e\" \/>\n\t<meta name=\"twitter:data2\" content=\"3 minutes\" \/>\n<script type=\"application\/ld+json\" class=\"yoast-schema-graph\">{\"@context\":\"https:\\\/\\\/schema.org\",\"@graph\":[{\"@type\":\"Article\",\"@id\":\"https:\\\/\\\/www.bellunopress.it\\\/2026\\\/06\\\/06\\\/oca-selvatica-nel-mirino-polemica-sullestensione-della-lista-delle-specie-cacciabili\\\/#article\",\"isPartOf\":{\"@id\":\"https:\\\/\\\/www.bellunopress.it\\\/2026\\\/06\\\/06\\\/oca-selvatica-nel-mirino-polemica-sullestensione-della-lista-delle-specie-cacciabili\\\/\"},\"author\":{\"name\":\"redazione\",\"@id\":\"https:\\\/\\\/www.bellunopress.it\\\/#\\\/schema\\\/person\\\/79bb06722b37ece1c03d3e94beb30d73\"},\"headline\":\"Oca selvatica nel mirino: polemica sull&#8217;estensione della lista delle specie cacciabili\",\"datePublished\":\"2026-06-06T13:03:23+00:00\",\"mainEntityOfPage\":{\"@id\":\"https:\\\/\\\/www.bellunopress.it\\\/2026\\\/06\\\/06\\\/oca-selvatica-nel-mirino-polemica-sullestensione-della-lista-delle-specie-cacciabili\\\/\"},\"wordCount\":529,\"publisher\":{\"@id\":\"https:\\\/\\\/www.bellunopress.it\\\/#organization\"},\"image\":{\"@id\":\"https:\\\/\\\/www.bellunopress.it\\\/2026\\\/06\\\/06\\\/oca-selvatica-nel-mirino-polemica-sullestensione-della-lista-delle-specie-cacciabili\\\/#primaryimage\"},\"thumbnailUrl\":\"https:\\\/\\\/www.bellunopress.it\\\/wp-content\\\/uploads\\\/2020\\\/09\\\/caccia-caabs_edited.jpg\",\"articleSection\":[\"Meteo, natura, ambiente, animali\"],\"inLanguage\":\"fr-FR\"},{\"@type\":\"WebPage\",\"@id\":\"https:\\\/\\\/www.bellunopress.it\\\/2026\\\/06\\\/06\\\/oca-selvatica-nel-mirino-polemica-sullestensione-della-lista-delle-specie-cacciabili\\\/\",\"url\":\"https:\\\/\\\/www.bellunopress.it\\\/2026\\\/06\\\/06\\\/oca-selvatica-nel-mirino-polemica-sullestensione-della-lista-delle-specie-cacciabili\\\/\",\"name\":\"Oca selvatica nel mirino: polemica sull'estensione della lista delle specie cacciabili - Bellunopress - Dolomiti\",\"isPartOf\":{\"@id\":\"https:\\\/\\\/www.bellunopress.it\\\/#website\"},\"primaryImageOfPage\":{\"@id\":\"https:\\\/\\\/www.bellunopress.it\\\/2026\\\/06\\\/06\\\/oca-selvatica-nel-mirino-polemica-sullestensione-della-lista-delle-specie-cacciabili\\\/#primaryimage\"},\"image\":{\"@id\":\"https:\\\/\\\/www.bellunopress.it\\\/2026\\\/06\\\/06\\\/oca-selvatica-nel-mirino-polemica-sullestensione-della-lista-delle-specie-cacciabili\\\/#primaryimage\"},\"thumbnailUrl\":\"https:\\\/\\\/www.bellunopress.it\\\/wp-content\\\/uploads\\\/2020\\\/09\\\/caccia-caabs_edited.jpg\",\"datePublished\":\"2026-06-06T13:03:23+00:00\",\"breadcrumb\":{\"@id\":\"https:\\\/\\\/www.bellunopress.it\\\/2026\\\/06\\\/06\\\/oca-selvatica-nel-mirino-polemica-sullestensione-della-lista-delle-specie-cacciabili\\\/#breadcrumb\"},\"inLanguage\":\"fr-FR\",\"potentialAction\":[{\"@type\":\"ReadAction\",\"target\":[\"https:\\\/\\\/www.bellunopress.it\\\/2026\\\/06\\\/06\\\/oca-selvatica-nel-mirino-polemica-sullestensione-della-lista-delle-specie-cacciabili\\\/\"]}]},{\"@type\":\"ImageObject\",\"inLanguage\":\"fr-FR\",\"@id\":\"https:\\\/\\\/www.bellunopress.it\\\/2026\\\/06\\\/06\\\/oca-selvatica-nel-mirino-polemica-sullestensione-della-lista-delle-specie-cacciabili\\\/#primaryimage\",\"url\":\"https:\\\/\\\/www.bellunopress.it\\\/wp-content\\\/uploads\\\/2020\\\/09\\\/caccia-caabs_edited.jpg\",\"contentUrl\":\"https:\\\/\\\/www.bellunopress.it\\\/wp-content\\\/uploads\\\/2020\\\/09\\\/caccia-caabs_edited.jpg\",\"width\":800,\"height\":600},{\"@type\":\"BreadcrumbList\",\"@id\":\"https:\\\/\\\/www.bellunopress.it\\\/2026\\\/06\\\/06\\\/oca-selvatica-nel-mirino-polemica-sullestensione-della-lista-delle-specie-cacciabili\\\/#breadcrumb\",\"itemListElement\":[{\"@type\":\"ListItem\",\"position\":1,\"name\":\"Home\",\"item\":\"https:\\\/\\\/www.bellunopress.it\\\/\"},{\"@type\":\"ListItem\",\"position\":2,\"name\":\"Oca selvatica nel mirino: polemica sull&#8217;estensione della lista delle specie cacciabili\"}]},{\"@type\":\"WebSite\",\"@id\":\"https:\\\/\\\/www.bellunopress.it\\\/#website\",\"url\":\"https:\\\/\\\/www.bellunopress.it\\\/\",\"name\":\"Bellunopress - Dolomiti\",\"description\":\"e-mail: redazione@bellunopress.it\",\"publisher\":{\"@id\":\"https:\\\/\\\/www.bellunopress.it\\\/#organization\"},\"potentialAction\":[{\"@type\":\"SearchAction\",\"target\":{\"@type\":\"EntryPoint\",\"urlTemplate\":\"https:\\\/\\\/www.bellunopress.it\\\/?s={search_term_string}\"},\"query-input\":{\"@type\":\"PropertyValueSpecification\",\"valueRequired\":true,\"valueName\":\"search_term_string\"}}],\"inLanguage\":\"fr-FR\"},{\"@type\":\"Organization\",\"@id\":\"https:\\\/\\\/www.bellunopress.it\\\/#organization\",\"name\":\"Bellunopress\",\"url\":\"https:\\\/\\\/www.bellunopress.it\\\/\",\"logo\":{\"@type\":\"ImageObject\",\"inLanguage\":\"fr-FR\",\"@id\":\"https:\\\/\\\/www.bellunopress.it\\\/#\\\/schema\\\/logo\\\/image\\\/\",\"url\":\"https:\\\/\\\/www.bellunopress.it\\\/wp-content\\\/uploads\\\/2011\\\/05\\\/cropped-logo-bellunopress-.jpg\",\"contentUrl\":\"https:\\\/\\\/www.bellunopress.it\\\/wp-content\\\/uploads\\\/2011\\\/05\\\/cropped-logo-bellunopress-.jpg\",\"width\":512,\"height\":512,\"caption\":\"Bellunopress\"},\"image\":{\"@id\":\"https:\\\/\\\/www.bellunopress.it\\\/#\\\/schema\\\/logo\\\/image\\\/\"},\"sameAs\":[\"https:\\\/\\\/www.facebook.com\\\/profile.php?id=100008943462799\",\"https:\\\/\\\/x.com\\\/bellunopress\",\"https:\\\/\\\/www.linkedin.com\\\/hp\\\/?dnr=JBzUWaJfMUw8vbXJJ2tVW5-I3jZKvC4wsoxE&amp;amp;amp;amp;amp;amp;trk=nav_responsive_tab_home\",\"https:\\\/\\\/www.youtube.com\\\/channel\\\/UCxL0wu1uN0_3_7hGG0306cw\"]},{\"@type\":\"Person\",\"@id\":\"https:\\\/\\\/www.bellunopress.it\\\/#\\\/schema\\\/person\\\/79bb06722b37ece1c03d3e94beb30d73\",\"name\":\"redazione\",\"image\":{\"@type\":\"ImageObject\",\"inLanguage\":\"fr-FR\",\"@id\":\"https:\\\/\\\/secure.gravatar.com\\\/avatar\\\/37d968a2e67a6fd04c169c4bdef102d0bc5d31b2546345219e348575eb80e9a0?s=96&d=mm&r=g\",\"url\":\"https:\\\/\\\/secure.gravatar.com\\\/avatar\\\/37d968a2e67a6fd04c169c4bdef102d0bc5d31b2546345219e348575eb80e9a0?s=96&d=mm&r=g\",\"contentUrl\":\"https:\\\/\\\/secure.gravatar.com\\\/avatar\\\/37d968a2e67a6fd04c169c4bdef102d0bc5d31b2546345219e348575eb80e9a0?s=96&d=mm&r=g\",\"caption\":\"redazione\"},\"sameAs\":[\"http:\\\/\\\/www.bellunopress.it\",\"https:\\\/\\\/x.com\\\/bellunopress\"],\"url\":\"https:\\\/\\\/www.bellunopress.it\\\/fr\\\/author\\\/redazione\\\/\"}]}<\/script>\n<!-- \/ Yoast SEO plugin. -->","yoast_head_json":{"title":"Oca selvatica nel mirino: polemica sull'estensione della lista delle specie cacciabili - Bellunopress - Dolomiti","robots":{"index":"index","follow":"follow","max-snippet":"max-snippet:-1","max-image-preview":"max-image-preview:large","max-video-preview":"max-video-preview:-1"},"canonical":"https:\/\/www.bellunopress.it\/fr\/2026\/06\/06\/oca-selvatica-nel-mirino-polemica-sullestensione-della-lista-delle-specie-cacciabili\/","og_locale":"fr_FR","og_type":"article","og_title":"Oca selvatica nel mirino: polemica sull'estensione della lista delle specie cacciabili - Bellunopress - Dolomiti","og_description":"Un fronte comune di associazioni ambientaliste accusa il Governo e la Regione Veneto di voler forzare l&#8217;inclusione dell&#8217;oca selvatica tra le specie cacciabili, nonostante i dubbi scientifici e la pressione dell&#8217;Unione Europea Si accende nuovamente lo scontro sul mondo venatorio in Italia. A finire nel mirino di un cartello composto dalle principali sigle animaliste ed [&hellip;]","og_url":"https:\/\/www.bellunopress.it\/fr\/2026\/06\/06\/oca-selvatica-nel-mirino-polemica-sullestensione-della-lista-delle-specie-cacciabili\/","og_site_name":"Bellunopress - Dolomiti","article_publisher":"https:\/\/www.facebook.com\/profile.php?id=100008943462799","article_published_time":"2026-06-06T13:03:23+00:00","og_image":[{"width":800,"height":600,"url":"https:\/\/www.bellunopress.it\/wp-content\/uploads\/2020\/09\/caccia-caabs_edited.jpg","type":"image\/jpeg"}],"author":"redazione","twitter_card":"summary_large_image","twitter_creator":"@bellunopress","twitter_site":"@bellunopress","twitter_misc":{"\u00c9crit par":"redazione","Dur\u00e9e de lecture estim\u00e9e":"3 minutes"},"schema":{"@context":"https:\/\/schema.org","@graph":[{"@type":"Article","@id":"https:\/\/www.bellunopress.it\/2026\/06\/06\/oca-selvatica-nel-mirino-polemica-sullestensione-della-lista-delle-specie-cacciabili\/#article","isPartOf":{"@id":"https:\/\/www.bellunopress.it\/2026\/06\/06\/oca-selvatica-nel-mirino-polemica-sullestensione-della-lista-delle-specie-cacciabili\/"},"author":{"name":"redazione","@id":"https:\/\/www.bellunopress.it\/#\/schema\/person\/79bb06722b37ece1c03d3e94beb30d73"},"headline":"Oca selvatica nel mirino: polemica sull&#8217;estensione della lista delle specie cacciabili","datePublished":"2026-06-06T13:03:23+00:00","mainEntityOfPage":{"@id":"https:\/\/www.bellunopress.it\/2026\/06\/06\/oca-selvatica-nel-mirino-polemica-sullestensione-della-lista-delle-specie-cacciabili\/"},"wordCount":529,"publisher":{"@id":"https:\/\/www.bellunopress.it\/#organization"},"image":{"@id":"https:\/\/www.bellunopress.it\/2026\/06\/06\/oca-selvatica-nel-mirino-polemica-sullestensione-della-lista-delle-specie-cacciabili\/#primaryimage"},"thumbnailUrl":"https:\/\/www.bellunopress.it\/wp-content\/uploads\/2020\/09\/caccia-caabs_edited.jpg","articleSection":["Meteo, natura, ambiente, animali"],"inLanguage":"fr-FR"},{"@type":"WebPage","@id":"https:\/\/www.bellunopress.it\/2026\/06\/06\/oca-selvatica-nel-mirino-polemica-sullestensione-della-lista-delle-specie-cacciabili\/","url":"https:\/\/www.bellunopress.it\/2026\/06\/06\/oca-selvatica-nel-mirino-polemica-sullestensione-della-lista-delle-specie-cacciabili\/","name":"Oca selvatica nel mirino: polemica sull'estensione della lista delle specie cacciabili - Bellunopress - Dolomiti","isPartOf":{"@id":"https:\/\/www.bellunopress.it\/#website"},"primaryImageOfPage":{"@id":"https:\/\/www.bellunopress.it\/2026\/06\/06\/oca-selvatica-nel-mirino-polemica-sullestensione-della-lista-delle-specie-cacciabili\/#primaryimage"},"image":{"@id":"https:\/\/www.bellunopress.it\/2026\/06\/06\/oca-selvatica-nel-mirino-polemica-sullestensione-della-lista-delle-specie-cacciabili\/#primaryimage"},"thumbnailUrl":"https:\/\/www.bellunopress.it\/wp-content\/uploads\/2020\/09\/caccia-caabs_edited.jpg","datePublished":"2026-06-06T13:03:23+00:00","breadcrumb":{"@id":"https:\/\/www.bellunopress.it\/2026\/06\/06\/oca-selvatica-nel-mirino-polemica-sullestensione-della-lista-delle-specie-cacciabili\/#breadcrumb"},"inLanguage":"fr-FR","potentialAction":[{"@type":"ReadAction","target":["https:\/\/www.bellunopress.it\/2026\/06\/06\/oca-selvatica-nel-mirino-polemica-sullestensione-della-lista-delle-specie-cacciabili\/"]}]},{"@type":"ImageObject","inLanguage":"fr-FR","@id":"https:\/\/www.bellunopress.it\/2026\/06\/06\/oca-selvatica-nel-mirino-polemica-sullestensione-della-lista-delle-specie-cacciabili\/#primaryimage","url":"https:\/\/www.bellunopress.it\/wp-content\/uploads\/2020\/09\/caccia-caabs_edited.jpg","contentUrl":"https:\/\/www.bellunopress.it\/wp-content\/uploads\/2020\/09\/caccia-caabs_edited.jpg","width":800,"height":600},{"@type":"BreadcrumbList","@id":"https:\/\/www.bellunopress.it\/2026\/06\/06\/oca-selvatica-nel-mirino-polemica-sullestensione-della-lista-delle-specie-cacciabili\/#breadcrumb","itemListElement":[{"@type":"ListItem","position":1,"name":"Home","item":"https:\/\/www.bellunopress.it\/"},{"@type":"ListItem","position":2,"name":"Oca selvatica nel mirino: polemica sull&#8217;estensione della lista delle specie cacciabili"}]},{"@type":"WebSite","@id":"https:\/\/www.bellunopress.it\/#website","url":"https:\/\/www.bellunopress.it\/","name":"Bellunopress - Dolomiti","description":"e-mail: redazione@bellunopress.it","publisher":{"@id":"https:\/\/www.bellunopress.it\/#organization"},"potentialAction":[{"@type":"SearchAction","target":{"@type":"EntryPoint","urlTemplate":"https:\/\/www.bellunopress.it\/?s={search_term_string}"},"query-input":{"@type":"PropertyValueSpecification","valueRequired":true,"valueName":"search_term_string"}}],"inLanguage":"fr-FR"},{"@type":"Organization","@id":"https:\/\/www.bellunopress.it\/#organization","name":"Bellunopress","url":"https:\/\/www.bellunopress.it\/","logo":{"@type":"ImageObject","inLanguage":"fr-FR","@id":"https:\/\/www.bellunopress.it\/#\/schema\/logo\/image\/","url":"https:\/\/www.bellunopress.it\/wp-content\/uploads\/2011\/05\/cropped-logo-bellunopress-.jpg","contentUrl":"https:\/\/www.bellunopress.it\/wp-content\/uploads\/2011\/05\/cropped-logo-bellunopress-.jpg","width":512,"height":512,"caption":"Bellunopress"},"image":{"@id":"https:\/\/www.bellunopress.it\/#\/schema\/logo\/image\/"},"sameAs":["https:\/\/www.facebook.com\/profile.php?id=100008943462799","https:\/\/x.com\/bellunopress","https:\/\/www.linkedin.com\/hp\/?dnr=JBzUWaJfMUw8vbXJJ2tVW5-I3jZKvC4wsoxE&amp;amp;amp;amp;amp;amp;trk=nav_responsive_tab_home","https:\/\/www.youtube.com\/channel\/UCxL0wu1uN0_3_7hGG0306cw"]},{"@type":"Person","@id":"https:\/\/www.bellunopress.it\/#\/schema\/person\/79bb06722b37ece1c03d3e94beb30d73","name":"r\u00e9daction","image":{"@type":"ImageObject","inLanguage":"fr-FR","@id":"https:\/\/secure.gravatar.com\/avatar\/37d968a2e67a6fd04c169c4bdef102d0bc5d31b2546345219e348575eb80e9a0?s=96&d=mm&r=g","url":"https:\/\/secure.gravatar.com\/avatar\/37d968a2e67a6fd04c169c4bdef102d0bc5d31b2546345219e348575eb80e9a0?s=96&d=mm&r=g","contentUrl":"https:\/\/secure.gravatar.com\/avatar\/37d968a2e67a6fd04c169c4bdef102d0bc5d31b2546345219e348575eb80e9a0?s=96&d=mm&r=g","caption":"redazione"},"sameAs":["http:\/\/www.bellunopress.it","https:\/\/x.com\/bellunopress"],"url":"https:\/\/www.bellunopress.it\/fr\/author\/redazione\/"}]}},"_links":{"self":[{"href":"https:\/\/www.bellunopress.it\/fr\/wp-json\/wp\/v2\/posts\/170782","targetHints":{"allow":["GET"]}}],"collection":[{"href":"https:\/\/www.bellunopress.it\/fr\/wp-json\/wp\/v2\/posts"}],"about":[{"href":"https:\/\/www.bellunopress.it\/fr\/wp-json\/wp\/v2\/types\/post"}],"author":[{"embeddable":true,"href":"https:\/\/www.bellunopress.it\/fr\/wp-json\/wp\/v2\/users\/2"}],"replies":[{"embeddable":true,"href":"https:\/\/www.bellunopress.it\/fr\/wp-json\/wp\/v2\/comments?post=170782"}],"version-history":[{"count":1,"href":"https:\/\/www.bellunopress.it\/fr\/wp-json\/wp\/v2\/posts\/170782\/revisions"}],"predecessor-version":[{"id":170783,"href":"https:\/\/www.bellunopress.it\/fr\/wp-json\/wp\/v2\/posts\/170782\/revisions\/170783"}],"wp:featuredmedia":[{"embeddable":true,"href":"https:\/\/www.bellunopress.it\/fr\/wp-json\/wp\/v2\/media\/117736"}],"wp:attachment":[{"href":"https:\/\/www.bellunopress.it\/fr\/wp-json\/wp\/v2\/media?parent=170782"}],"wp:term":[{"taxonomy":"category","embeddable":true,"href":"https:\/\/www.bellunopress.it\/fr\/wp-json\/wp\/v2\/categories?post=170782"},{"taxonomy":"post_tag","embeddable":true,"href":"https:\/\/www.bellunopress.it\/fr\/wp-json\/wp\/v2\/tags?post=170782"}],"curies":[{"name":"wp","href":"https:\/\/api.w.org\/{rel}","templated":true}]}}