{"id":170777,"date":"2026-06-06T12:05:28","date_gmt":"2026-06-06T10:05:28","guid":{"rendered":"https:\/\/www.bellunopress.it\/?p=170777"},"modified":"2026-06-06T12:05:28","modified_gmt":"2026-06-06T10:05:28","slug":"diritto-positivo-e-diritto-naturale-convegno-a-sedico-su-papa-san-pio-x-che-condanno-il-modernismo","status":"publish","type":"post","link":"https:\/\/www.bellunopress.it\/fr\/2026\/06\/06\/diritto-positivo-e-diritto-naturale-convegno-a-sedico-su-papa-san-pio-x-che-condanno-il-modernismo\/","title":{"rendered":"Diritto positivo e diritto naturale. Convegno a Sedico su Papa San Pio X che condann\u00f2 il Modernismo"},"content":{"rendered":"<p>Ieri, 5 giugno 2026, dalle ore 15.30 alle ore 18.30, a Sedico, presso il Centro Consorzi, Z.I. Gresal, si \u00e8 tenuto un interessante seminario di studi dal titolo \u201c<em>San Pio X, tra diritto positivo e diritto naturale\u201d<\/em>, promosso da Unidolomiti, Centro territoriale di Belluno della SSML San Domenico di Roma, con il patrocinio dell\u2019Ordine degli Avvocati di Belluno; ha moderato l\u2019Avv. Anna Polifroni del Foro di Belluno.<\/p>\n<p>Tra gli illustri relatori, il Ch.mo prof. Danilo Castellano, emerito di Filosofia del Diritto e Filosofia della Politica presso l\u2019Universit\u00e0 degli Studi di Udine, il quale ha tenuto una lectio magistralis sull\u2019attualit\u00e0 del pensiero di San Pio X e sul rapporto tra diritto naturale e diritto positivo.<\/p>\n<p>Molto intense le relazioni del prof. Avv. Rudi Di Marco, emerito di Filosofia del Diritto ed Avvocato del Foro di Udine, del Rev. prof. Mons. Roberto Caria, professore associato in Morale sociale presso la Pontificia Facolt\u00e0 di Teologia della Sardegna e Vicario generale dell\u2019Arcidiocesi di Oristano e del dott. Michele Cardin, storico e saggista.<\/p>\n<p>Critico l\u2019intervento dell\u2019Avv. Sonia Sommacal del Foro di Belluno sul rapporto tra diritto naturale, diritto positivo e prassi della giurisprudenza della Corte Europea dei Diritti dell\u2019Uomo.<\/p>\n<p>Nel corso del Seminario di studi \u00e8 stato presentato un nuovo lavoro del Prof. Daniele Trabucco, Ordinario di Diritto Costituzionale e Diritto Pubblico Comparato presso SSML San Domenico di Roma, Dottore di ricerca in Istituzioni di Diritto Pubblico presso l\u2019Universit\u00e0 di Padova, Visiting Professor in Diritto Costituzionale presso l\u2019Universit\u00e0 Europea di Lisbona.<\/p>\n<p>Il libro intitolato: <em>\u201cSan Pio X. Il papa che condann\u00f2 il Modernismo\u201d, <\/em>\u00e8 un saggio, molto denso ed esplicativo del pensiero e dell\u2019opera di San Pio X, che non si limita ad una ricostruzione storica, ma offre una lettura interpretativa del rapporto tra storia, diritto, teologia e cultura.<\/p>\n<p>Il Prof. Trabucco presenta San Pio X come una figura decisiva, capace di intervenire con decisione, al fine di preservare l\u2019unit\u00e0 e la coerenza del pensiero cattolico, di conciliare la fede con le categorie del pensiero moderno.<\/p>\n<p>il Prof. Trabucco delinea la figura di San Pio X, non solo come protagonista del passato, ma anche e soprattutto, come punto di riferimento per comprendere il presente, invitando a tornare al nodo essenziale: il rapporto tra verit\u00e0 e storia, tra fede e mondo.<\/p>\n<p>Invero, sussiste una certa qual continuit\u00e0 tra le tensioni di allora e quelle odierne, al punto che il Prof. Trabucco parlare di una forma di <em>\u201cneomodernismo<\/em>\u201d: una tesi che, inevitabilmente, apre il confronto e invita alla discussione.<\/p>\n<p>Ma San Pio X fu veramente \u201c<em>fustigatore\u201d<\/em> del Modernismo?<\/p>\n<p>Grazie anche al contributo dell\u2019intenso saggio del Prof. Trabucco, \u00e8 emerso che nel corso del pontificato, San Pio X ha attuato una opera di riforma della Chiesa. Riforma delle strutture interne, dell\u2019organizzazione giuridica, del rapporto con i poteri civili, della liturgia, della partecipazione dei fedeli, della vita religiosa del popolo. E ancora: riforma morale, dei costumi del clero, dell\u2019impostazione dei seminari, del ruolo dei vescovi.<\/p>\n<p>Altri quesiti dibattuti nel corso del seminario, rimasti come argomenti di riflessione e di approfondimento: esiste una sorta di supremazia del diritto naturale sul diritto positivo? Il diritto positivo, che rappresenta una sorta di \u201c<em>verit\u00e0 provvisoria<\/em>\u201d, mutevole, ma che \u00e8 comunque finalizzato alla creazione di un insieme il pi\u00f9 possibile coerente di norme, pu\u00f2 considerarsi lo strumento per addivenire <em>al fine<\/em>, alla realizzazione dei principi del diritto naturale?<\/p>\n<p>Le norme di diritto naturale sono universali ed hanno come presupposto l\u2019uomo, inteso come genere umano; le regole naturali della convivenza sono <em>&#8220;accettabili<\/em>\u201d da tutti, credenti e non.<\/p>\n<p>Il diritto naturale si distingue dalle istituzioni e dal diritto positivi, costituendone il fondamento, perch\u00e9 diritto positivo e istituzioni particolari devono uniformarsi alle norme fondamentali del diritto naturale ed essere giudicati in rapporto ad esse.<\/p>\n<p>San Pio X affermava: <em>\u201calla luce delle norme di questo diritto naturale, ogni diritto positivo, qualunque ne sia il legislatore, pu\u00f2 essere valutato nel suo contenuto etico e conseguentemente nella legittimit\u00e0 del comando e nella obbligatoriet\u00e0 dell&#8217;adempimento. Quelle leggi umane che sono in contrasto insolubile col diritto naturale, sono affette da vizio originale, non sanabile n\u00e9 con le costrizioni n\u00e9 con lo spiegamento di forza esterna<\/em>&#8220;.<\/p>\n<p>(AP)<\/p>","protected":false},"excerpt":{"rendered":"<p>Ieri, 5 giugno 2026, dalle ore 15.30 alle ore 18.30, a Sedico, presso il Centro Consorzi, Z.I. Gresal, si \u00e8 tenuto un interessante seminario di studi dal titolo \u201cSan Pio X, tra diritto positivo e diritto naturale\u201d, promosso da Unidolomiti, Centro territoriale di Belluno della SSML San Domenico di Roma, con il patrocinio dell\u2019Ordine degli [&hellip;]<\/p>\n","protected":false},"author":2,"featured_media":170778,"comment_status":"closed","ping_status":"open","sticky":false,"template":"","format":"standard","meta":{"footnotes":""},"categories":[3,25],"tags":[],"class_list":["post-170777","post","type-post","status-publish","format-standard","has-post-thumbnail","category-arte-cultura-spettacoli-scienza-archivi","category-pausa-caffe"],"yoast_head":"<!-- This site is optimized with the Yoast SEO plugin v28.4 - https:\/\/yoast.com\/product\/yoast-seo-wordpress\/ -->\n<title>Diritto positivo e diritto naturale. Convegno a Sedico su Papa San Pio X che condann\u00f2 il Modernismo - Bellunopress - Dolomiti<\/title>\n<meta name=\"robots\" content=\"index, follow, max-snippet:-1, max-image-preview:large, max-video-preview:-1\" \/>\n<link rel=\"canonical\" href=\"https:\/\/www.bellunopress.it\/fr\/2026\/06\/06\/diritto-positivo-e-diritto-naturale-convegno-a-sedico-su-papa-san-pio-x-che-condanno-il-modernismo\/\" \/>\n<meta property=\"og:locale\" content=\"fr_FR\" \/>\n<meta property=\"og:type\" content=\"article\" \/>\n<meta property=\"og:title\" content=\"Diritto positivo e diritto naturale. Convegno a Sedico su Papa San Pio X che condann\u00f2 il Modernismo - Bellunopress - Dolomiti\" \/>\n<meta property=\"og:description\" content=\"Ieri, 5 giugno 2026, dalle ore 15.30 alle ore 18.30, a Sedico, presso il Centro Consorzi, Z.I. Gresal, si \u00e8 tenuto un interessante seminario di studi dal titolo \u201cSan Pio X, tra diritto positivo e diritto naturale\u201d, promosso da Unidolomiti, Centro territoriale di Belluno della SSML San Domenico di Roma, con il patrocinio dell\u2019Ordine degli [&hellip;]\" \/>\n<meta property=\"og:url\" content=\"https:\/\/www.bellunopress.it\/fr\/2026\/06\/06\/diritto-positivo-e-diritto-naturale-convegno-a-sedico-su-papa-san-pio-x-che-condanno-il-modernismo\/\" \/>\n<meta property=\"og:site_name\" content=\"Bellunopress - Dolomiti\" \/>\n<meta property=\"article:publisher\" content=\"https:\/\/www.facebook.com\/profile.php?id=100008943462799\" \/>\n<meta property=\"article:published_time\" content=\"2026-06-06T10:05:28+00:00\" \/>\n<meta property=\"og:image\" content=\"https:\/\/www.bellunopress.it\/wp-content\/uploads\/2026\/06\/convegno-Sedico-San-Pio-X.jpg\" \/>\n\t<meta property=\"og:image:width\" content=\"500\" \/>\n\t<meta property=\"og:image:height\" content=\"375\" \/>\n\t<meta property=\"og:image:type\" content=\"image\/jpeg\" \/>\n<meta name=\"author\" content=\"redazione\" \/>\n<meta name=\"twitter:card\" content=\"summary_large_image\" \/>\n<meta name=\"twitter:creator\" content=\"@bellunopress\" \/>\n<meta name=\"twitter:site\" content=\"@bellunopress\" \/>\n<meta name=\"twitter:label1\" content=\"Written by\" \/>\n\t<meta name=\"twitter:data1\" content=\"redazione\" \/>\n\t<meta name=\"twitter:label2\" content=\"Est. reading time\" \/>\n\t<meta name=\"twitter:data2\" content=\"4 minutes\" \/>\n<script type=\"application\/ld+json\" class=\"yoast-schema-graph\">{\"@context\":\"https:\\\/\\\/schema.org\",\"@graph\":[{\"@type\":\"Article\",\"@id\":\"https:\\\/\\\/www.bellunopress.it\\\/2026\\\/06\\\/06\\\/diritto-positivo-e-diritto-naturale-convegno-a-sedico-su-papa-san-pio-x-che-condanno-il-modernismo\\\/#article\",\"isPartOf\":{\"@id\":\"https:\\\/\\\/www.bellunopress.it\\\/2026\\\/06\\\/06\\\/diritto-positivo-e-diritto-naturale-convegno-a-sedico-su-papa-san-pio-x-che-condanno-il-modernismo\\\/\"},\"author\":{\"name\":\"redazione\",\"@id\":\"https:\\\/\\\/www.bellunopress.it\\\/#\\\/schema\\\/person\\\/79bb06722b37ece1c03d3e94beb30d73\"},\"headline\":\"Diritto positivo e diritto naturale. Convegno a Sedico su Papa San Pio X che condann\u00f2 il Modernismo\",\"datePublished\":\"2026-06-06T10:05:28+00:00\",\"mainEntityOfPage\":{\"@id\":\"https:\\\/\\\/www.bellunopress.it\\\/2026\\\/06\\\/06\\\/diritto-positivo-e-diritto-naturale-convegno-a-sedico-su-papa-san-pio-x-che-condanno-il-modernismo\\\/\"},\"wordCount\":711,\"publisher\":{\"@id\":\"https:\\\/\\\/www.bellunopress.it\\\/#organization\"},\"image\":{\"@id\":\"https:\\\/\\\/www.bellunopress.it\\\/2026\\\/06\\\/06\\\/diritto-positivo-e-diritto-naturale-convegno-a-sedico-su-papa-san-pio-x-che-condanno-il-modernismo\\\/#primaryimage\"},\"thumbnailUrl\":\"https:\\\/\\\/www.bellunopress.it\\\/wp-content\\\/uploads\\\/2026\\\/06\\\/convegno-Sedico-San-Pio-X.jpg\",\"articleSection\":[\"Arte, Cultura, Spettacoli, Scienza\",\"Pausa Caff\u00e8\"],\"inLanguage\":\"fr-FR\"},{\"@type\":\"WebPage\",\"@id\":\"https:\\\/\\\/www.bellunopress.it\\\/2026\\\/06\\\/06\\\/diritto-positivo-e-diritto-naturale-convegno-a-sedico-su-papa-san-pio-x-che-condanno-il-modernismo\\\/\",\"url\":\"https:\\\/\\\/www.bellunopress.it\\\/2026\\\/06\\\/06\\\/diritto-positivo-e-diritto-naturale-convegno-a-sedico-su-papa-san-pio-x-che-condanno-il-modernismo\\\/\",\"name\":\"Diritto positivo e diritto naturale. Convegno a Sedico su Papa San Pio X che condann\u00f2 il Modernismo - Bellunopress - Dolomiti\",\"isPartOf\":{\"@id\":\"https:\\\/\\\/www.bellunopress.it\\\/#website\"},\"primaryImageOfPage\":{\"@id\":\"https:\\\/\\\/www.bellunopress.it\\\/2026\\\/06\\\/06\\\/diritto-positivo-e-diritto-naturale-convegno-a-sedico-su-papa-san-pio-x-che-condanno-il-modernismo\\\/#primaryimage\"},\"image\":{\"@id\":\"https:\\\/\\\/www.bellunopress.it\\\/2026\\\/06\\\/06\\\/diritto-positivo-e-diritto-naturale-convegno-a-sedico-su-papa-san-pio-x-che-condanno-il-modernismo\\\/#primaryimage\"},\"thumbnailUrl\":\"https:\\\/\\\/www.bellunopress.it\\\/wp-content\\\/uploads\\\/2026\\\/06\\\/convegno-Sedico-San-Pio-X.jpg\",\"datePublished\":\"2026-06-06T10:05:28+00:00\",\"breadcrumb\":{\"@id\":\"https:\\\/\\\/www.bellunopress.it\\\/2026\\\/06\\\/06\\\/diritto-positivo-e-diritto-naturale-convegno-a-sedico-su-papa-san-pio-x-che-condanno-il-modernismo\\\/#breadcrumb\"},\"inLanguage\":\"fr-FR\",\"potentialAction\":[{\"@type\":\"ReadAction\",\"target\":[\"https:\\\/\\\/www.bellunopress.it\\\/2026\\\/06\\\/06\\\/diritto-positivo-e-diritto-naturale-convegno-a-sedico-su-papa-san-pio-x-che-condanno-il-modernismo\\\/\"]}]},{\"@type\":\"ImageObject\",\"inLanguage\":\"fr-FR\",\"@id\":\"https:\\\/\\\/www.bellunopress.it\\\/2026\\\/06\\\/06\\\/diritto-positivo-e-diritto-naturale-convegno-a-sedico-su-papa-san-pio-x-che-condanno-il-modernismo\\\/#primaryimage\",\"url\":\"https:\\\/\\\/www.bellunopress.it\\\/wp-content\\\/uploads\\\/2026\\\/06\\\/convegno-Sedico-San-Pio-X.jpg\",\"contentUrl\":\"https:\\\/\\\/www.bellunopress.it\\\/wp-content\\\/uploads\\\/2026\\\/06\\\/convegno-Sedico-San-Pio-X.jpg\",\"width\":500,\"height\":375},{\"@type\":\"BreadcrumbList\",\"@id\":\"https:\\\/\\\/www.bellunopress.it\\\/2026\\\/06\\\/06\\\/diritto-positivo-e-diritto-naturale-convegno-a-sedico-su-papa-san-pio-x-che-condanno-il-modernismo\\\/#breadcrumb\",\"itemListElement\":[{\"@type\":\"ListItem\",\"position\":1,\"name\":\"Home\",\"item\":\"https:\\\/\\\/www.bellunopress.it\\\/\"},{\"@type\":\"ListItem\",\"position\":2,\"name\":\"Diritto positivo e diritto naturale. Convegno a Sedico su Papa San Pio X che condann\u00f2 il Modernismo\"}]},{\"@type\":\"WebSite\",\"@id\":\"https:\\\/\\\/www.bellunopress.it\\\/#website\",\"url\":\"https:\\\/\\\/www.bellunopress.it\\\/\",\"name\":\"Bellunopress - Dolomiti\",\"description\":\"e-mail: redazione@bellunopress.it\",\"publisher\":{\"@id\":\"https:\\\/\\\/www.bellunopress.it\\\/#organization\"},\"potentialAction\":[{\"@type\":\"SearchAction\",\"target\":{\"@type\":\"EntryPoint\",\"urlTemplate\":\"https:\\\/\\\/www.bellunopress.it\\\/?s={search_term_string}\"},\"query-input\":{\"@type\":\"PropertyValueSpecification\",\"valueRequired\":true,\"valueName\":\"search_term_string\"}}],\"inLanguage\":\"fr-FR\"},{\"@type\":\"Organization\",\"@id\":\"https:\\\/\\\/www.bellunopress.it\\\/#organization\",\"name\":\"Bellunopress\",\"url\":\"https:\\\/\\\/www.bellunopress.it\\\/\",\"logo\":{\"@type\":\"ImageObject\",\"inLanguage\":\"fr-FR\",\"@id\":\"https:\\\/\\\/www.bellunopress.it\\\/#\\\/schema\\\/logo\\\/image\\\/\",\"url\":\"https:\\\/\\\/www.bellunopress.it\\\/wp-content\\\/uploads\\\/2011\\\/05\\\/cropped-logo-bellunopress-.jpg\",\"contentUrl\":\"https:\\\/\\\/www.bellunopress.it\\\/wp-content\\\/uploads\\\/2011\\\/05\\\/cropped-logo-bellunopress-.jpg\",\"width\":512,\"height\":512,\"caption\":\"Bellunopress\"},\"image\":{\"@id\":\"https:\\\/\\\/www.bellunopress.it\\\/#\\\/schema\\\/logo\\\/image\\\/\"},\"sameAs\":[\"https:\\\/\\\/www.facebook.com\\\/profile.php?id=100008943462799\",\"https:\\\/\\\/x.com\\\/bellunopress\",\"https:\\\/\\\/www.linkedin.com\\\/hp\\\/?dnr=JBzUWaJfMUw8vbXJJ2tVW5-I3jZKvC4wsoxE&amp;amp;amp;amp;amp;amp;trk=nav_responsive_tab_home\",\"https:\\\/\\\/www.youtube.com\\\/channel\\\/UCxL0wu1uN0_3_7hGG0306cw\"]},{\"@type\":\"Person\",\"@id\":\"https:\\\/\\\/www.bellunopress.it\\\/#\\\/schema\\\/person\\\/79bb06722b37ece1c03d3e94beb30d73\",\"name\":\"redazione\",\"image\":{\"@type\":\"ImageObject\",\"inLanguage\":\"fr-FR\",\"@id\":\"https:\\\/\\\/secure.gravatar.com\\\/avatar\\\/37d968a2e67a6fd04c169c4bdef102d0bc5d31b2546345219e348575eb80e9a0?s=96&d=mm&r=g\",\"url\":\"https:\\\/\\\/secure.gravatar.com\\\/avatar\\\/37d968a2e67a6fd04c169c4bdef102d0bc5d31b2546345219e348575eb80e9a0?s=96&d=mm&r=g\",\"contentUrl\":\"https:\\\/\\\/secure.gravatar.com\\\/avatar\\\/37d968a2e67a6fd04c169c4bdef102d0bc5d31b2546345219e348575eb80e9a0?s=96&d=mm&r=g\",\"caption\":\"redazione\"},\"sameAs\":[\"http:\\\/\\\/www.bellunopress.it\",\"https:\\\/\\\/x.com\\\/bellunopress\"],\"url\":\"https:\\\/\\\/www.bellunopress.it\\\/fr\\\/author\\\/redazione\\\/\"}]}<\/script>\n<!-- \/ Yoast SEO plugin. -->","yoast_head_json":{"title":"Diritto positivo e diritto naturale. Convegno a Sedico su Papa San Pio X che condann\u00f2 il Modernismo - Bellunopress - Dolomiti","robots":{"index":"index","follow":"follow","max-snippet":"max-snippet:-1","max-image-preview":"max-image-preview:large","max-video-preview":"max-video-preview:-1"},"canonical":"https:\/\/www.bellunopress.it\/fr\/2026\/06\/06\/diritto-positivo-e-diritto-naturale-convegno-a-sedico-su-papa-san-pio-x-che-condanno-il-modernismo\/","og_locale":"fr_FR","og_type":"article","og_title":"Diritto positivo e diritto naturale. Convegno a Sedico su Papa San Pio X che condann\u00f2 il Modernismo - Bellunopress - Dolomiti","og_description":"Ieri, 5 giugno 2026, dalle ore 15.30 alle ore 18.30, a Sedico, presso il Centro Consorzi, Z.I. Gresal, si \u00e8 tenuto un interessante seminario di studi dal titolo \u201cSan Pio X, tra diritto positivo e diritto naturale\u201d, promosso da Unidolomiti, Centro territoriale di Belluno della SSML San Domenico di Roma, con il patrocinio dell\u2019Ordine degli [&hellip;]","og_url":"https:\/\/www.bellunopress.it\/fr\/2026\/06\/06\/diritto-positivo-e-diritto-naturale-convegno-a-sedico-su-papa-san-pio-x-che-condanno-il-modernismo\/","og_site_name":"Bellunopress - Dolomiti","article_publisher":"https:\/\/www.facebook.com\/profile.php?id=100008943462799","article_published_time":"2026-06-06T10:05:28+00:00","og_image":[{"width":500,"height":375,"url":"https:\/\/www.bellunopress.it\/wp-content\/uploads\/2026\/06\/convegno-Sedico-San-Pio-X.jpg","type":"image\/jpeg"}],"author":"redazione","twitter_card":"summary_large_image","twitter_creator":"@bellunopress","twitter_site":"@bellunopress","twitter_misc":{"Written by":"redazione","Est. reading time":"4 minutes"},"schema":{"@context":"https:\/\/schema.org","@graph":[{"@type":"Article","@id":"https:\/\/www.bellunopress.it\/2026\/06\/06\/diritto-positivo-e-diritto-naturale-convegno-a-sedico-su-papa-san-pio-x-che-condanno-il-modernismo\/#article","isPartOf":{"@id":"https:\/\/www.bellunopress.it\/2026\/06\/06\/diritto-positivo-e-diritto-naturale-convegno-a-sedico-su-papa-san-pio-x-che-condanno-il-modernismo\/"},"author":{"name":"redazione","@id":"https:\/\/www.bellunopress.it\/#\/schema\/person\/79bb06722b37ece1c03d3e94beb30d73"},"headline":"Diritto positivo e diritto naturale. Convegno a Sedico su Papa San Pio X che condann\u00f2 il Modernismo","datePublished":"2026-06-06T10:05:28+00:00","mainEntityOfPage":{"@id":"https:\/\/www.bellunopress.it\/2026\/06\/06\/diritto-positivo-e-diritto-naturale-convegno-a-sedico-su-papa-san-pio-x-che-condanno-il-modernismo\/"},"wordCount":711,"publisher":{"@id":"https:\/\/www.bellunopress.it\/#organization"},"image":{"@id":"https:\/\/www.bellunopress.it\/2026\/06\/06\/diritto-positivo-e-diritto-naturale-convegno-a-sedico-su-papa-san-pio-x-che-condanno-il-modernismo\/#primaryimage"},"thumbnailUrl":"https:\/\/www.bellunopress.it\/wp-content\/uploads\/2026\/06\/convegno-Sedico-San-Pio-X.jpg","articleSection":["Arte, Cultura, Spettacoli, Scienza","Pausa Caff\u00e8"],"inLanguage":"fr-FR"},{"@type":"WebPage","@id":"https:\/\/www.bellunopress.it\/2026\/06\/06\/diritto-positivo-e-diritto-naturale-convegno-a-sedico-su-papa-san-pio-x-che-condanno-il-modernismo\/","url":"https:\/\/www.bellunopress.it\/2026\/06\/06\/diritto-positivo-e-diritto-naturale-convegno-a-sedico-su-papa-san-pio-x-che-condanno-il-modernismo\/","name":"Diritto positivo e diritto naturale. Convegno a Sedico su Papa San Pio X che condann\u00f2 il Modernismo - Bellunopress - Dolomiti","isPartOf":{"@id":"https:\/\/www.bellunopress.it\/#website"},"primaryImageOfPage":{"@id":"https:\/\/www.bellunopress.it\/2026\/06\/06\/diritto-positivo-e-diritto-naturale-convegno-a-sedico-su-papa-san-pio-x-che-condanno-il-modernismo\/#primaryimage"},"image":{"@id":"https:\/\/www.bellunopress.it\/2026\/06\/06\/diritto-positivo-e-diritto-naturale-convegno-a-sedico-su-papa-san-pio-x-che-condanno-il-modernismo\/#primaryimage"},"thumbnailUrl":"https:\/\/www.bellunopress.it\/wp-content\/uploads\/2026\/06\/convegno-Sedico-San-Pio-X.jpg","datePublished":"2026-06-06T10:05:28+00:00","breadcrumb":{"@id":"https:\/\/www.bellunopress.it\/2026\/06\/06\/diritto-positivo-e-diritto-naturale-convegno-a-sedico-su-papa-san-pio-x-che-condanno-il-modernismo\/#breadcrumb"},"inLanguage":"fr-FR","potentialAction":[{"@type":"ReadAction","target":["https:\/\/www.bellunopress.it\/2026\/06\/06\/diritto-positivo-e-diritto-naturale-convegno-a-sedico-su-papa-san-pio-x-che-condanno-il-modernismo\/"]}]},{"@type":"ImageObject","inLanguage":"fr-FR","@id":"https:\/\/www.bellunopress.it\/2026\/06\/06\/diritto-positivo-e-diritto-naturale-convegno-a-sedico-su-papa-san-pio-x-che-condanno-il-modernismo\/#primaryimage","url":"https:\/\/www.bellunopress.it\/wp-content\/uploads\/2026\/06\/convegno-Sedico-San-Pio-X.jpg","contentUrl":"https:\/\/www.bellunopress.it\/wp-content\/uploads\/2026\/06\/convegno-Sedico-San-Pio-X.jpg","width":500,"height":375},{"@type":"BreadcrumbList","@id":"https:\/\/www.bellunopress.it\/2026\/06\/06\/diritto-positivo-e-diritto-naturale-convegno-a-sedico-su-papa-san-pio-x-che-condanno-il-modernismo\/#breadcrumb","itemListElement":[{"@type":"ListItem","position":1,"name":"Home","item":"https:\/\/www.bellunopress.it\/"},{"@type":"ListItem","position":2,"name":"Diritto positivo e diritto naturale. Convegno a Sedico su Papa San Pio X che condann\u00f2 il Modernismo"}]},{"@type":"WebSite","@id":"https:\/\/www.bellunopress.it\/#website","url":"https:\/\/www.bellunopress.it\/","name":"Bellunopress - Dolomiti","description":"e-mail: redazione@bellunopress.it","publisher":{"@id":"https:\/\/www.bellunopress.it\/#organization"},"potentialAction":[{"@type":"SearchAction","target":{"@type":"EntryPoint","urlTemplate":"https:\/\/www.bellunopress.it\/?s={search_term_string}"},"query-input":{"@type":"PropertyValueSpecification","valueRequired":true,"valueName":"search_term_string"}}],"inLanguage":"fr-FR"},{"@type":"Organization","@id":"https:\/\/www.bellunopress.it\/#organization","name":"Bellunopress","url":"https:\/\/www.bellunopress.it\/","logo":{"@type":"ImageObject","inLanguage":"fr-FR","@id":"https:\/\/www.bellunopress.it\/#\/schema\/logo\/image\/","url":"https:\/\/www.bellunopress.it\/wp-content\/uploads\/2011\/05\/cropped-logo-bellunopress-.jpg","contentUrl":"https:\/\/www.bellunopress.it\/wp-content\/uploads\/2011\/05\/cropped-logo-bellunopress-.jpg","width":512,"height":512,"caption":"Bellunopress"},"image":{"@id":"https:\/\/www.bellunopress.it\/#\/schema\/logo\/image\/"},"sameAs":["https:\/\/www.facebook.com\/profile.php?id=100008943462799","https:\/\/x.com\/bellunopress","https:\/\/www.linkedin.com\/hp\/?dnr=JBzUWaJfMUw8vbXJJ2tVW5-I3jZKvC4wsoxE&amp;amp;amp;amp;amp;amp;trk=nav_responsive_tab_home","https:\/\/www.youtube.com\/channel\/UCxL0wu1uN0_3_7hGG0306cw"]},{"@type":"Person","@id":"https:\/\/www.bellunopress.it\/#\/schema\/person\/79bb06722b37ece1c03d3e94beb30d73","name":"r\u00e9daction","image":{"@type":"ImageObject","inLanguage":"fr-FR","@id":"https:\/\/secure.gravatar.com\/avatar\/37d968a2e67a6fd04c169c4bdef102d0bc5d31b2546345219e348575eb80e9a0?s=96&d=mm&r=g","url":"https:\/\/secure.gravatar.com\/avatar\/37d968a2e67a6fd04c169c4bdef102d0bc5d31b2546345219e348575eb80e9a0?s=96&d=mm&r=g","contentUrl":"https:\/\/secure.gravatar.com\/avatar\/37d968a2e67a6fd04c169c4bdef102d0bc5d31b2546345219e348575eb80e9a0?s=96&d=mm&r=g","caption":"redazione"},"sameAs":["http:\/\/www.bellunopress.it","https:\/\/x.com\/bellunopress"],"url":"https:\/\/www.bellunopress.it\/fr\/author\/redazione\/"}]}},"_links":{"self":[{"href":"https:\/\/www.bellunopress.it\/fr\/wp-json\/wp\/v2\/posts\/170777","targetHints":{"allow":["GET"]}}],"collection":[{"href":"https:\/\/www.bellunopress.it\/fr\/wp-json\/wp\/v2\/posts"}],"about":[{"href":"https:\/\/www.bellunopress.it\/fr\/wp-json\/wp\/v2\/types\/post"}],"author":[{"embeddable":true,"href":"https:\/\/www.bellunopress.it\/fr\/wp-json\/wp\/v2\/users\/2"}],"replies":[{"embeddable":true,"href":"https:\/\/www.bellunopress.it\/fr\/wp-json\/wp\/v2\/comments?post=170777"}],"version-history":[{"count":1,"href":"https:\/\/www.bellunopress.it\/fr\/wp-json\/wp\/v2\/posts\/170777\/revisions"}],"predecessor-version":[{"id":170779,"href":"https:\/\/www.bellunopress.it\/fr\/wp-json\/wp\/v2\/posts\/170777\/revisions\/170779"}],"wp:featuredmedia":[{"embeddable":true,"href":"https:\/\/www.bellunopress.it\/fr\/wp-json\/wp\/v2\/media\/170778"}],"wp:attachment":[{"href":"https:\/\/www.bellunopress.it\/fr\/wp-json\/wp\/v2\/media?parent=170777"}],"wp:term":[{"taxonomy":"category","embeddable":true,"href":"https:\/\/www.bellunopress.it\/fr\/wp-json\/wp\/v2\/categories?post=170777"},{"taxonomy":"post_tag","embeddable":true,"href":"https:\/\/www.bellunopress.it\/fr\/wp-json\/wp\/v2\/tags?post=170777"}],"curies":[{"name":"wp","href":"https:\/\/api.w.org\/{rel}","templated":true}]}}