{"id":170774,"date":"2026-06-06T10:59:26","date_gmt":"2026-06-06T08:59:26","guid":{"rendered":"https:\/\/www.bellunopress.it\/?p=170774"},"modified":"2026-06-06T10:59:26","modified_gmt":"2026-06-06T08:59:26","slug":"mobilitazione-rete-studenti-medi-ministro-lei-questanno-e-decisamente-bocciato","status":"publish","type":"post","link":"https:\/\/www.bellunopress.it\/fr\/2026\/06\/06\/mobilitazione-rete-studenti-medi-ministro-lei-questanno-e-decisamente-bocciato\/","title":{"rendered":"Mobilitazione Rete studenti medi: Ministro, lei quest&#8217;anno \u00e8 decisamente bocciato"},"content":{"rendered":"<p>Oggi 6 Giugno \u00e8 l&#8217;ultimo giorno di scuola e in tutto il Veneto, come nel resto d&#8217;Italia, l&#8217;associazione studentesca Rete degli Studenti Medi ha organizzato una mobilitazione nazionale, con azioni davanti alle scuole.<\/p>\n<p>Davanti a tantissime scuole in tutto il Veneto gli studenti hanno appeso dei manifesti rivolti al Ministro e alle sue politiche negli ultimi anni, che recitano &#8216;Ministro, lei quest&#8217;anno \u00e8 decisamente bocciato&#8217;; e una &#8216;Pagella scolastica&#8217; che rappresenta le eclatanti mancanze del ministero in questi anni di mandato.<\/p>\n<p>&#8220;Dopo oltre tre anni di mandato il ministro Valditara continua a dimostrare la sua intenzione di smantellare la scuola pubblica un provvedimento alla volta. Oggi abbiamo scelto di parlare lo stesso linguaggio del ministero, quello del merito.&#8221; dichiara Viola Carollo, coordinatrice della Rete degli Studenti Medi del Veneto. &#8220;In tre anni sono state prese decisioni sulla nostra pelle senza mai un reale confronto: Valditara ha censurato ogni forma di dissenso, tagliato parti dei programmi di storia e filosofia, modificato i percorsi nei licei tecnici per asservirli sempre di pi\u00f9 alle necessit\u00e0 delle aziende. Allo stesso tempo si sono fatti solo passi indietro sui temi del benessere psicologico, dei fondi per l&#8217;edilizia scolastica, da ultimo la legge approvata ieri in Senato che ridimensiona l&#8217;accesso all&#8217;educazione sessuale e affettiva. Esattamente il contrario di quello che serve alla scuola pubblica&#8221; conclude Carollo.<\/p>\n<p>&#8220;I provvedimenti del ministero continuano a essere vergognosi, e la scuola pubblica continua a subire attacchi. Non ci stancheremo di ripeterlo: rifiutiamo l&#8217;idea di una scuola che taglia sulla cultura, sull&#8217;educazione sentimentale, sul nostro futuro.<\/p>\n<p>Il messaggio \u00e8 chiaro: non siamo disposti a scendere a patti quando si parla del nostro futuro, per questo continueremo a mobilitarci, oggi come ultimo giorno di scuola, il 18 giugno per la prima prova della maturit\u00e0 e anche durante gli orali, perch\u00e9 il cambiamento pu\u00f2 e deve partire da noi&#8221;<\/p>\n<p>La mobilitazione fa parte di un percorso che proseguir\u00e0 fino alla fine degli orali dell&#8217;esame di Maturit\u00e0, nei confronti della quale il sindacato studentesco si \u00e8 gi\u00e0 espresso profondamente contrario alle nuove modalit\u00e0 d&#8217;esame.<\/p>","protected":false},"excerpt":{"rendered":"<p>Oggi 6 Giugno \u00e8 l&#8217;ultimo giorno di scuola e in tutto il Veneto, come nel resto d&#8217;Italia, l&#8217;associazione studentesca Rete degli Studenti Medi ha organizzato una mobilitazione nazionale, con azioni davanti alle scuole. Davanti a tantissime scuole in tutto il Veneto gli studenti hanno appeso dei manifesti rivolti al Ministro e alle sue politiche negli [&hellip;]<\/p>\n","protected":false},"author":2,"featured_media":170775,"comment_status":"closed","ping_status":"open","sticky":false,"template":"","format":"standard","meta":{"footnotes":""},"categories":[5,15],"tags":[],"class_list":["post-170774","post","type-post","status-publish","format-standard","has-post-thumbnail","category-cronaca","category-scuola"],"yoast_head":"<!-- This site is optimized with the Yoast SEO plugin v28.4 - https:\/\/yoast.com\/product\/yoast-seo-wordpress\/ -->\n<title>Mobilitazione Rete studenti medi: Ministro, lei quest&#039;anno \u00e8 decisamente bocciato - Bellunopress - Dolomiti<\/title>\n<meta name=\"robots\" content=\"index, follow, max-snippet:-1, max-image-preview:large, max-video-preview:-1\" \/>\n<link rel=\"canonical\" href=\"https:\/\/www.bellunopress.it\/fr\/2026\/06\/06\/mobilitazione-rete-studenti-medi-ministro-lei-questanno-e-decisamente-bocciato\/\" \/>\n<meta property=\"og:locale\" content=\"fr_FR\" \/>\n<meta property=\"og:type\" content=\"article\" \/>\n<meta property=\"og:title\" content=\"Mobilitazione Rete studenti medi: Ministro, lei quest&#039;anno \u00e8 decisamente bocciato - Bellunopress - Dolomiti\" \/>\n<meta property=\"og:description\" content=\"Oggi 6 Giugno \u00e8 l&#8217;ultimo giorno di scuola e in tutto il Veneto, come nel resto d&#8217;Italia, l&#8217;associazione studentesca Rete degli Studenti Medi ha organizzato una mobilitazione nazionale, con azioni davanti alle scuole. Davanti a tantissime scuole in tutto il Veneto gli studenti hanno appeso dei manifesti rivolti al Ministro e alle sue politiche negli [&hellip;]\" \/>\n<meta property=\"og:url\" content=\"https:\/\/www.bellunopress.it\/fr\/2026\/06\/06\/mobilitazione-rete-studenti-medi-ministro-lei-questanno-e-decisamente-bocciato\/\" \/>\n<meta property=\"og:site_name\" content=\"Bellunopress - Dolomiti\" \/>\n<meta property=\"article:publisher\" content=\"https:\/\/www.facebook.com\/profile.php?id=100008943462799\" \/>\n<meta property=\"article:published_time\" content=\"2026-06-06T08:59:26+00:00\" \/>\n<meta property=\"og:image\" content=\"https:\/\/www.bellunopress.it\/wp-content\/uploads\/2026\/06\/pagella-ministro-istruzione.jpeg\" \/>\n\t<meta property=\"og:image:width\" content=\"380\" \/>\n\t<meta property=\"og:image:height\" content=\"500\" \/>\n\t<meta property=\"og:image:type\" content=\"image\/jpeg\" \/>\n<meta name=\"author\" content=\"redazione\" \/>\n<meta name=\"twitter:card\" content=\"summary_large_image\" \/>\n<meta name=\"twitter:creator\" content=\"@bellunopress\" \/>\n<meta name=\"twitter:site\" content=\"@bellunopress\" \/>\n<meta name=\"twitter:label1\" content=\"\u00c9crit par\" \/>\n\t<meta name=\"twitter:data1\" content=\"redazione\" \/>\n\t<meta name=\"twitter:label2\" content=\"Dur\u00e9e de lecture estim\u00e9e\" \/>\n\t<meta name=\"twitter:data2\" content=\"3 minutes\" \/>\n<script type=\"application\/ld+json\" class=\"yoast-schema-graph\">{\"@context\":\"https:\\\/\\\/schema.org\",\"@graph\":[{\"@type\":\"Article\",\"@id\":\"https:\\\/\\\/www.bellunopress.it\\\/2026\\\/06\\\/06\\\/mobilitazione-rete-studenti-medi-ministro-lei-questanno-e-decisamente-bocciato\\\/#article\",\"isPartOf\":{\"@id\":\"https:\\\/\\\/www.bellunopress.it\\\/2026\\\/06\\\/06\\\/mobilitazione-rete-studenti-medi-ministro-lei-questanno-e-decisamente-bocciato\\\/\"},\"author\":{\"name\":\"redazione\",\"@id\":\"https:\\\/\\\/www.bellunopress.it\\\/#\\\/schema\\\/person\\\/79bb06722b37ece1c03d3e94beb30d73\"},\"headline\":\"Mobilitazione Rete studenti medi: Ministro, lei quest&#8217;anno \u00e8 decisamente bocciato\",\"datePublished\":\"2026-06-06T08:59:26+00:00\",\"mainEntityOfPage\":{\"@id\":\"https:\\\/\\\/www.bellunopress.it\\\/2026\\\/06\\\/06\\\/mobilitazione-rete-studenti-medi-ministro-lei-questanno-e-decisamente-bocciato\\\/\"},\"wordCount\":355,\"publisher\":{\"@id\":\"https:\\\/\\\/www.bellunopress.it\\\/#organization\"},\"image\":{\"@id\":\"https:\\\/\\\/www.bellunopress.it\\\/2026\\\/06\\\/06\\\/mobilitazione-rete-studenti-medi-ministro-lei-questanno-e-decisamente-bocciato\\\/#primaryimage\"},\"thumbnailUrl\":\"https:\\\/\\\/www.bellunopress.it\\\/wp-content\\\/uploads\\\/2026\\\/06\\\/pagella-ministro-istruzione.jpeg\",\"articleSection\":[\"Cronaca\\\/Politica\",\"Scuola\"],\"inLanguage\":\"fr-FR\"},{\"@type\":\"WebPage\",\"@id\":\"https:\\\/\\\/www.bellunopress.it\\\/2026\\\/06\\\/06\\\/mobilitazione-rete-studenti-medi-ministro-lei-questanno-e-decisamente-bocciato\\\/\",\"url\":\"https:\\\/\\\/www.bellunopress.it\\\/2026\\\/06\\\/06\\\/mobilitazione-rete-studenti-medi-ministro-lei-questanno-e-decisamente-bocciato\\\/\",\"name\":\"Mobilitazione Rete studenti medi: Ministro, lei quest'anno \u00e8 decisamente bocciato - Bellunopress - Dolomiti\",\"isPartOf\":{\"@id\":\"https:\\\/\\\/www.bellunopress.it\\\/#website\"},\"primaryImageOfPage\":{\"@id\":\"https:\\\/\\\/www.bellunopress.it\\\/2026\\\/06\\\/06\\\/mobilitazione-rete-studenti-medi-ministro-lei-questanno-e-decisamente-bocciato\\\/#primaryimage\"},\"image\":{\"@id\":\"https:\\\/\\\/www.bellunopress.it\\\/2026\\\/06\\\/06\\\/mobilitazione-rete-studenti-medi-ministro-lei-questanno-e-decisamente-bocciato\\\/#primaryimage\"},\"thumbnailUrl\":\"https:\\\/\\\/www.bellunopress.it\\\/wp-content\\\/uploads\\\/2026\\\/06\\\/pagella-ministro-istruzione.jpeg\",\"datePublished\":\"2026-06-06T08:59:26+00:00\",\"breadcrumb\":{\"@id\":\"https:\\\/\\\/www.bellunopress.it\\\/2026\\\/06\\\/06\\\/mobilitazione-rete-studenti-medi-ministro-lei-questanno-e-decisamente-bocciato\\\/#breadcrumb\"},\"inLanguage\":\"fr-FR\",\"potentialAction\":[{\"@type\":\"ReadAction\",\"target\":[\"https:\\\/\\\/www.bellunopress.it\\\/2026\\\/06\\\/06\\\/mobilitazione-rete-studenti-medi-ministro-lei-questanno-e-decisamente-bocciato\\\/\"]}]},{\"@type\":\"ImageObject\",\"inLanguage\":\"fr-FR\",\"@id\":\"https:\\\/\\\/www.bellunopress.it\\\/2026\\\/06\\\/06\\\/mobilitazione-rete-studenti-medi-ministro-lei-questanno-e-decisamente-bocciato\\\/#primaryimage\",\"url\":\"https:\\\/\\\/www.bellunopress.it\\\/wp-content\\\/uploads\\\/2026\\\/06\\\/pagella-ministro-istruzione.jpeg\",\"contentUrl\":\"https:\\\/\\\/www.bellunopress.it\\\/wp-content\\\/uploads\\\/2026\\\/06\\\/pagella-ministro-istruzione.jpeg\",\"width\":380,\"height\":500},{\"@type\":\"BreadcrumbList\",\"@id\":\"https:\\\/\\\/www.bellunopress.it\\\/2026\\\/06\\\/06\\\/mobilitazione-rete-studenti-medi-ministro-lei-questanno-e-decisamente-bocciato\\\/#breadcrumb\",\"itemListElement\":[{\"@type\":\"ListItem\",\"position\":1,\"name\":\"Home\",\"item\":\"https:\\\/\\\/www.bellunopress.it\\\/\"},{\"@type\":\"ListItem\",\"position\":2,\"name\":\"Mobilitazione Rete studenti medi: Ministro, lei quest&#8217;anno \u00e8 decisamente bocciato\"}]},{\"@type\":\"WebSite\",\"@id\":\"https:\\\/\\\/www.bellunopress.it\\\/#website\",\"url\":\"https:\\\/\\\/www.bellunopress.it\\\/\",\"name\":\"Bellunopress - Dolomiti\",\"description\":\"e-mail: redazione@bellunopress.it\",\"publisher\":{\"@id\":\"https:\\\/\\\/www.bellunopress.it\\\/#organization\"},\"potentialAction\":[{\"@type\":\"SearchAction\",\"target\":{\"@type\":\"EntryPoint\",\"urlTemplate\":\"https:\\\/\\\/www.bellunopress.it\\\/?s={search_term_string}\"},\"query-input\":{\"@type\":\"PropertyValueSpecification\",\"valueRequired\":true,\"valueName\":\"search_term_string\"}}],\"inLanguage\":\"fr-FR\"},{\"@type\":\"Organization\",\"@id\":\"https:\\\/\\\/www.bellunopress.it\\\/#organization\",\"name\":\"Bellunopress\",\"url\":\"https:\\\/\\\/www.bellunopress.it\\\/\",\"logo\":{\"@type\":\"ImageObject\",\"inLanguage\":\"fr-FR\",\"@id\":\"https:\\\/\\\/www.bellunopress.it\\\/#\\\/schema\\\/logo\\\/image\\\/\",\"url\":\"https:\\\/\\\/www.bellunopress.it\\\/wp-content\\\/uploads\\\/2011\\\/05\\\/cropped-logo-bellunopress-.jpg\",\"contentUrl\":\"https:\\\/\\\/www.bellunopress.it\\\/wp-content\\\/uploads\\\/2011\\\/05\\\/cropped-logo-bellunopress-.jpg\",\"width\":512,\"height\":512,\"caption\":\"Bellunopress\"},\"image\":{\"@id\":\"https:\\\/\\\/www.bellunopress.it\\\/#\\\/schema\\\/logo\\\/image\\\/\"},\"sameAs\":[\"https:\\\/\\\/www.facebook.com\\\/profile.php?id=100008943462799\",\"https:\\\/\\\/x.com\\\/bellunopress\",\"https:\\\/\\\/www.linkedin.com\\\/hp\\\/?dnr=JBzUWaJfMUw8vbXJJ2tVW5-I3jZKvC4wsoxE&amp;amp;amp;amp;amp;amp;trk=nav_responsive_tab_home\",\"https:\\\/\\\/www.youtube.com\\\/channel\\\/UCxL0wu1uN0_3_7hGG0306cw\"]},{\"@type\":\"Person\",\"@id\":\"https:\\\/\\\/www.bellunopress.it\\\/#\\\/schema\\\/person\\\/79bb06722b37ece1c03d3e94beb30d73\",\"name\":\"redazione\",\"image\":{\"@type\":\"ImageObject\",\"inLanguage\":\"fr-FR\",\"@id\":\"https:\\\/\\\/secure.gravatar.com\\\/avatar\\\/37d968a2e67a6fd04c169c4bdef102d0bc5d31b2546345219e348575eb80e9a0?s=96&d=mm&r=g\",\"url\":\"https:\\\/\\\/secure.gravatar.com\\\/avatar\\\/37d968a2e67a6fd04c169c4bdef102d0bc5d31b2546345219e348575eb80e9a0?s=96&d=mm&r=g\",\"contentUrl\":\"https:\\\/\\\/secure.gravatar.com\\\/avatar\\\/37d968a2e67a6fd04c169c4bdef102d0bc5d31b2546345219e348575eb80e9a0?s=96&d=mm&r=g\",\"caption\":\"redazione\"},\"sameAs\":[\"http:\\\/\\\/www.bellunopress.it\",\"https:\\\/\\\/x.com\\\/bellunopress\"],\"url\":\"https:\\\/\\\/www.bellunopress.it\\\/fr\\\/author\\\/redazione\\\/\"}]}<\/script>\n<!-- \/ Yoast SEO plugin. -->","yoast_head_json":{"title":"Mobilitazione Rete studenti medi: Ministro, lei quest'anno \u00e8 decisamente bocciato - Bellunopress - Dolomiti","robots":{"index":"index","follow":"follow","max-snippet":"max-snippet:-1","max-image-preview":"max-image-preview:large","max-video-preview":"max-video-preview:-1"},"canonical":"https:\/\/www.bellunopress.it\/fr\/2026\/06\/06\/mobilitazione-rete-studenti-medi-ministro-lei-questanno-e-decisamente-bocciato\/","og_locale":"fr_FR","og_type":"article","og_title":"Mobilitazione Rete studenti medi: Ministro, lei quest'anno \u00e8 decisamente bocciato - Bellunopress - Dolomiti","og_description":"Oggi 6 Giugno \u00e8 l&#8217;ultimo giorno di scuola e in tutto il Veneto, come nel resto d&#8217;Italia, l&#8217;associazione studentesca Rete degli Studenti Medi ha organizzato una mobilitazione nazionale, con azioni davanti alle scuole. Davanti a tantissime scuole in tutto il Veneto gli studenti hanno appeso dei manifesti rivolti al Ministro e alle sue politiche negli [&hellip;]","og_url":"https:\/\/www.bellunopress.it\/fr\/2026\/06\/06\/mobilitazione-rete-studenti-medi-ministro-lei-questanno-e-decisamente-bocciato\/","og_site_name":"Bellunopress - Dolomiti","article_publisher":"https:\/\/www.facebook.com\/profile.php?id=100008943462799","article_published_time":"2026-06-06T08:59:26+00:00","og_image":[{"width":380,"height":500,"url":"https:\/\/www.bellunopress.it\/wp-content\/uploads\/2026\/06\/pagella-ministro-istruzione.jpeg","type":"image\/jpeg"}],"author":"redazione","twitter_card":"summary_large_image","twitter_creator":"@bellunopress","twitter_site":"@bellunopress","twitter_misc":{"\u00c9crit par":"redazione","Dur\u00e9e de lecture estim\u00e9e":"3 minutes"},"schema":{"@context":"https:\/\/schema.org","@graph":[{"@type":"Article","@id":"https:\/\/www.bellunopress.it\/2026\/06\/06\/mobilitazione-rete-studenti-medi-ministro-lei-questanno-e-decisamente-bocciato\/#article","isPartOf":{"@id":"https:\/\/www.bellunopress.it\/2026\/06\/06\/mobilitazione-rete-studenti-medi-ministro-lei-questanno-e-decisamente-bocciato\/"},"author":{"name":"redazione","@id":"https:\/\/www.bellunopress.it\/#\/schema\/person\/79bb06722b37ece1c03d3e94beb30d73"},"headline":"Mobilitazione Rete studenti medi: Ministro, lei quest&#8217;anno \u00e8 decisamente bocciato","datePublished":"2026-06-06T08:59:26+00:00","mainEntityOfPage":{"@id":"https:\/\/www.bellunopress.it\/2026\/06\/06\/mobilitazione-rete-studenti-medi-ministro-lei-questanno-e-decisamente-bocciato\/"},"wordCount":355,"publisher":{"@id":"https:\/\/www.bellunopress.it\/#organization"},"image":{"@id":"https:\/\/www.bellunopress.it\/2026\/06\/06\/mobilitazione-rete-studenti-medi-ministro-lei-questanno-e-decisamente-bocciato\/#primaryimage"},"thumbnailUrl":"https:\/\/www.bellunopress.it\/wp-content\/uploads\/2026\/06\/pagella-ministro-istruzione.jpeg","articleSection":["Cronaca\/Politica","Scuola"],"inLanguage":"fr-FR"},{"@type":"WebPage","@id":"https:\/\/www.bellunopress.it\/2026\/06\/06\/mobilitazione-rete-studenti-medi-ministro-lei-questanno-e-decisamente-bocciato\/","url":"https:\/\/www.bellunopress.it\/2026\/06\/06\/mobilitazione-rete-studenti-medi-ministro-lei-questanno-e-decisamente-bocciato\/","name":"Mobilitazione Rete studenti medi: Ministro, lei quest'anno \u00e8 decisamente bocciato - Bellunopress - Dolomiti","isPartOf":{"@id":"https:\/\/www.bellunopress.it\/#website"},"primaryImageOfPage":{"@id":"https:\/\/www.bellunopress.it\/2026\/06\/06\/mobilitazione-rete-studenti-medi-ministro-lei-questanno-e-decisamente-bocciato\/#primaryimage"},"image":{"@id":"https:\/\/www.bellunopress.it\/2026\/06\/06\/mobilitazione-rete-studenti-medi-ministro-lei-questanno-e-decisamente-bocciato\/#primaryimage"},"thumbnailUrl":"https:\/\/www.bellunopress.it\/wp-content\/uploads\/2026\/06\/pagella-ministro-istruzione.jpeg","datePublished":"2026-06-06T08:59:26+00:00","breadcrumb":{"@id":"https:\/\/www.bellunopress.it\/2026\/06\/06\/mobilitazione-rete-studenti-medi-ministro-lei-questanno-e-decisamente-bocciato\/#breadcrumb"},"inLanguage":"fr-FR","potentialAction":[{"@type":"ReadAction","target":["https:\/\/www.bellunopress.it\/2026\/06\/06\/mobilitazione-rete-studenti-medi-ministro-lei-questanno-e-decisamente-bocciato\/"]}]},{"@type":"ImageObject","inLanguage":"fr-FR","@id":"https:\/\/www.bellunopress.it\/2026\/06\/06\/mobilitazione-rete-studenti-medi-ministro-lei-questanno-e-decisamente-bocciato\/#primaryimage","url":"https:\/\/www.bellunopress.it\/wp-content\/uploads\/2026\/06\/pagella-ministro-istruzione.jpeg","contentUrl":"https:\/\/www.bellunopress.it\/wp-content\/uploads\/2026\/06\/pagella-ministro-istruzione.jpeg","width":380,"height":500},{"@type":"BreadcrumbList","@id":"https:\/\/www.bellunopress.it\/2026\/06\/06\/mobilitazione-rete-studenti-medi-ministro-lei-questanno-e-decisamente-bocciato\/#breadcrumb","itemListElement":[{"@type":"ListItem","position":1,"name":"Home","item":"https:\/\/www.bellunopress.it\/"},{"@type":"ListItem","position":2,"name":"Mobilitazione Rete studenti medi: Ministro, lei quest&#8217;anno \u00e8 decisamente bocciato"}]},{"@type":"WebSite","@id":"https:\/\/www.bellunopress.it\/#website","url":"https:\/\/www.bellunopress.it\/","name":"Bellunopress - Dolomiti","description":"e-mail: redazione@bellunopress.it","publisher":{"@id":"https:\/\/www.bellunopress.it\/#organization"},"potentialAction":[{"@type":"SearchAction","target":{"@type":"EntryPoint","urlTemplate":"https:\/\/www.bellunopress.it\/?s={search_term_string}"},"query-input":{"@type":"PropertyValueSpecification","valueRequired":true,"valueName":"search_term_string"}}],"inLanguage":"fr-FR"},{"@type":"Organization","@id":"https:\/\/www.bellunopress.it\/#organization","name":"Bellunopress","url":"https:\/\/www.bellunopress.it\/","logo":{"@type":"ImageObject","inLanguage":"fr-FR","@id":"https:\/\/www.bellunopress.it\/#\/schema\/logo\/image\/","url":"https:\/\/www.bellunopress.it\/wp-content\/uploads\/2011\/05\/cropped-logo-bellunopress-.jpg","contentUrl":"https:\/\/www.bellunopress.it\/wp-content\/uploads\/2011\/05\/cropped-logo-bellunopress-.jpg","width":512,"height":512,"caption":"Bellunopress"},"image":{"@id":"https:\/\/www.bellunopress.it\/#\/schema\/logo\/image\/"},"sameAs":["https:\/\/www.facebook.com\/profile.php?id=100008943462799","https:\/\/x.com\/bellunopress","https:\/\/www.linkedin.com\/hp\/?dnr=JBzUWaJfMUw8vbXJJ2tVW5-I3jZKvC4wsoxE&amp;amp;amp;amp;amp;amp;trk=nav_responsive_tab_home","https:\/\/www.youtube.com\/channel\/UCxL0wu1uN0_3_7hGG0306cw"]},{"@type":"Person","@id":"https:\/\/www.bellunopress.it\/#\/schema\/person\/79bb06722b37ece1c03d3e94beb30d73","name":"r\u00e9daction","image":{"@type":"ImageObject","inLanguage":"fr-FR","@id":"https:\/\/secure.gravatar.com\/avatar\/37d968a2e67a6fd04c169c4bdef102d0bc5d31b2546345219e348575eb80e9a0?s=96&d=mm&r=g","url":"https:\/\/secure.gravatar.com\/avatar\/37d968a2e67a6fd04c169c4bdef102d0bc5d31b2546345219e348575eb80e9a0?s=96&d=mm&r=g","contentUrl":"https:\/\/secure.gravatar.com\/avatar\/37d968a2e67a6fd04c169c4bdef102d0bc5d31b2546345219e348575eb80e9a0?s=96&d=mm&r=g","caption":"redazione"},"sameAs":["http:\/\/www.bellunopress.it","https:\/\/x.com\/bellunopress"],"url":"https:\/\/www.bellunopress.it\/fr\/author\/redazione\/"}]}},"_links":{"self":[{"href":"https:\/\/www.bellunopress.it\/fr\/wp-json\/wp\/v2\/posts\/170774","targetHints":{"allow":["GET"]}}],"collection":[{"href":"https:\/\/www.bellunopress.it\/fr\/wp-json\/wp\/v2\/posts"}],"about":[{"href":"https:\/\/www.bellunopress.it\/fr\/wp-json\/wp\/v2\/types\/post"}],"author":[{"embeddable":true,"href":"https:\/\/www.bellunopress.it\/fr\/wp-json\/wp\/v2\/users\/2"}],"replies":[{"embeddable":true,"href":"https:\/\/www.bellunopress.it\/fr\/wp-json\/wp\/v2\/comments?post=170774"}],"version-history":[{"count":1,"href":"https:\/\/www.bellunopress.it\/fr\/wp-json\/wp\/v2\/posts\/170774\/revisions"}],"predecessor-version":[{"id":170776,"href":"https:\/\/www.bellunopress.it\/fr\/wp-json\/wp\/v2\/posts\/170774\/revisions\/170776"}],"wp:featuredmedia":[{"embeddable":true,"href":"https:\/\/www.bellunopress.it\/fr\/wp-json\/wp\/v2\/media\/170775"}],"wp:attachment":[{"href":"https:\/\/www.bellunopress.it\/fr\/wp-json\/wp\/v2\/media?parent=170774"}],"wp:term":[{"taxonomy":"category","embeddable":true,"href":"https:\/\/www.bellunopress.it\/fr\/wp-json\/wp\/v2\/categories?post=170774"},{"taxonomy":"post_tag","embeddable":true,"href":"https:\/\/www.bellunopress.it\/fr\/wp-json\/wp\/v2\/tags?post=170774"}],"curies":[{"name":"wp","href":"https:\/\/api.w.org\/{rel}","templated":true}]}}