{"id":170769,"date":"2026-06-06T08:54:06","date_gmt":"2026-06-06T06:54:06","guid":{"rendered":"https:\/\/www.bellunopress.it\/?p=170769"},"modified":"2026-06-06T08:54:06","modified_gmt":"2026-06-06T06:54:06","slug":"sport-business-forum-2026-domenica-il-gran-finale-al-comunale-il-campione-gianmarco-tamberi","status":"publish","type":"post","link":"https:\/\/www.bellunopress.it\/fr\/2026\/06\/06\/sport-business-forum-2026-domenica-il-gran-finale-al-comunale-il-campione-gianmarco-tamberi\/","title":{"rendered":"Sport business forum 2026: domenica il gran finale. Al Comunale il campione Gianmarco Tamberi"},"content":{"rendered":"<p><strong>Domenica 7 giugno il campione olimpico di salto in alto sar\u00e0 il protagonista dell&#8217;appuntamento pi\u00f9 atteso della giornata conclusiva con l&#8217;incontro \u201cCadere, rialzarsi, volare\u201d presso il Teatro Dino Buzzati. In programma anche la Festa dello Sport con Lucia Dalmasso, gli incontri con Paolo Casarin, Gianluigi Lentini e Michael Payne e la cerimonia del Premio Protagonisti dello Sport 2026.<\/strong><\/p>\n<p>Belluno, 6 giugno 2026 \u2013 Sar\u00e0 Gianmarco Tamberi, campione olimpico di salto in alto e uno dei volti pi\u00f9 amati dello sport italiano, a chiudere domani, domenica 7 giugno, la tre giorni bellunese di Sport Business Forum 2026. Alle 18.00, al Teatro Dino Buzzati di Belluno, Tamberi sar\u00e0 protagonista dell\u2019incontro \u201cCadere, rialzarsi, volare\u201d, intervistato da Andrea Schiavon, direttore di Sport Business Forum e Fondazione SIT.<\/p>\n<p>Un appuntamento che rappresenta idealmente la sintesi del percorso bellunese della rassegna: lo sport come racconto di talento, determinazione, fragilit\u00e0, ripartenza e capacit\u00e0 di trasformare le difficolt\u00e0 in nuove traiettorie. La storia sportiva e personale di Tamberi, costruita tra successi internazionali, cadute, ritorni e vittorie, diventa cos\u00ec il momento conclusivo di un programma che per tre giorni ha portato Belluno al centro del dialogo tra sport praticato, cultura sportiva, grandi campioni, comunit\u00e0 e territorio.<\/p>\n<p>Ideato e promosso da Confindustria Belluno Dolomiti, Confindustria Veneto Est e dal Gruppo Nord Est Multimedia, Sport Business Forum conferma anche nella giornata finale la propria vocazione a raccontare lo sport non solo come competizione, ma come leva di crescita sociale, culturale ed economica. Dopo gli appuntamenti di venerd\u00ec e sabato, domenica Belluno vivr\u00e0 un\u2019ultima giornata diffusa tra Biblioteca Civica, Teatro Dino Buzzati e Palazzo dei Rettori, con incontri aperti al pubblico e testimonianze di protagonisti dello sport italiano e internazionale.<\/p>\n<p>La giornata si aprir\u00e0 alle 10.00 in Biblioteca Civica con \u201cVita e pensieri di un arbitro\u201d, incontro con Paolo Casarin, opinionista sportivo, gi\u00e0 arbitro internazionale di calcio e autore del volume omonimo edito da Rizzoli. L\u2019appuntamento, condotto da Nicola Cesaro, giornalista dei quotidiani Gruppo NEM Nord Est Multimedia, rientra nel programma del Premio Protagonisti dello Sport 2026.<\/p>\n<p>Dalle 10.30 alle 12.30, al Teatro Dino Buzzati, torner\u00e0 la Festa dello Sport, condotta da Gianluca Da Poian e Luca De Michiel, giornalisti del Corriere delle Alpi. Ospite speciale sar\u00e0 Lucia Dalmasso, campionessa olimpica di snowboard, protagonista di un momento dedicato al racconto dello sport vissuto ai massimi livelli e al rapporto tra disciplina, territorio e comunit\u00e0.<\/p>\n<p>Alle 11.30, alla Sala Zanardelli di Palazzo dei Rettori, spazio al calcio con \u201cLe strade del talento\u201d, intervista a Gianluigi Lentini, campione di calcio, a cura di Andrea Ferrazzi, direttore di Confindustria Belluno Dolomiti. In contemporanea, in Biblioteca Civica, si parler\u00e0 del rapporto tra sport, impresa e grandi eventi internazionali con Michael Payne, dirigente marketing del Comitato Olimpico Internazionale e autore di Lo sport \u00e8 business, il business \u00e8 sport, intervistato da Giovanni Armanini, caporedattore sport dei quotidiani Gruppo NEM Nord Est Multimedia.<\/p>\n<p>Nel pomeriggio, alle 15.00, sempre in Biblioteca Civica, si terr\u00e0 la cerimonia di premiazione del Premio Protagonisti dello Sport 2026, con gli autori finalisti: Andrea Carnevale, Paolo Casarin, Michael Payne, Achille Polonara, Maria Rosa Quario e Giuseppe Sansonna. A condurre sar\u00e0 Lucia Anselmi, giornalista dei quotidiani Gruppo NEM Nord Est Multimedia.<\/p>\n<p>Il gran finale sar\u00e0 quindi affidato a Gianmarco Tamberi, atteso alle 18.00 al Teatro Dino Buzzati per l\u2019incontro conclusivo \u201cCadere, rialzarsi, volare\u201d. Un titolo che richiama da vicino la parabola di un campione capace di trasformare ogni ostacolo in energia competitiva e ogni ripartenza in una nuova occasione di racconto, ispirazione e confronto con il pubblico.<\/p>\n<p>Il programma completo e gli aggiornamenti sono disponibili su www.sportbusinessforum.com<\/p>","protected":false},"excerpt":{"rendered":"<p>Domenica 7 giugno il campione olimpico di salto in alto sar\u00e0 il protagonista dell&#8217;appuntamento pi\u00f9 atteso della giornata conclusiva con l&#8217;incontro \u201cCadere, rialzarsi, volare\u201d presso il Teatro Dino Buzzati. In programma anche la Festa dello Sport con Lucia Dalmasso, gli incontri con Paolo Casarin, Gianluigi Lentini e Michael Payne e la cerimonia del Premio Protagonisti [&hellip;]<\/p>\n","protected":false},"author":2,"featured_media":170696,"comment_status":"closed","ping_status":"open","sticky":false,"template":"","format":"standard","meta":{"footnotes":""},"categories":[26,8,4],"tags":[],"class_list":["post-170769","post","type-post","status-publish","format-standard","has-post-thumbnail","category-prima-pagina","category-societa-istituzioni","category-sport"],"yoast_head":"<!-- This site is optimized with the Yoast SEO plugin v28.4 - https:\/\/yoast.com\/product\/yoast-seo-wordpress\/ -->\n<title>Sport business forum 2026: domenica il gran finale. Al Comunale il campione Gianmarco Tamberi - Bellunopress - Dolomiti<\/title>\n<meta name=\"robots\" content=\"index, follow, max-snippet:-1, max-image-preview:large, max-video-preview:-1\" \/>\n<link rel=\"canonical\" href=\"https:\/\/www.bellunopress.it\/fr\/2026\/06\/06\/sport-business-forum-2026-domenica-il-gran-finale-al-comunale-il-campione-gianmarco-tamberi\/\" \/>\n<meta property=\"og:locale\" content=\"fr_FR\" \/>\n<meta property=\"og:type\" content=\"article\" \/>\n<meta property=\"og:title\" content=\"Sport business forum 2026: domenica il gran finale. Al Comunale il campione Gianmarco Tamberi - Bellunopress - Dolomiti\" \/>\n<meta property=\"og:description\" content=\"Domenica 7 giugno il campione olimpico di salto in alto sar\u00e0 il protagonista dell&#8217;appuntamento pi\u00f9 atteso della giornata conclusiva con l&#8217;incontro \u201cCadere, rialzarsi, volare\u201d presso il Teatro Dino Buzzati. In programma anche la Festa dello Sport con Lucia Dalmasso, gli incontri con Paolo Casarin, Gianluigi Lentini e Michael Payne e la cerimonia del Premio Protagonisti [&hellip;]\" \/>\n<meta property=\"og:url\" content=\"https:\/\/www.bellunopress.it\/fr\/2026\/06\/06\/sport-business-forum-2026-domenica-il-gran-finale-al-comunale-il-campione-gianmarco-tamberi\/\" \/>\n<meta property=\"og:site_name\" content=\"Bellunopress - Dolomiti\" \/>\n<meta property=\"article:publisher\" content=\"https:\/\/www.facebook.com\/profile.php?id=100008943462799\" \/>\n<meta property=\"article:published_time\" content=\"2026-06-06T06:54:06+00:00\" \/>\n<meta property=\"og:image\" content=\"https:\/\/www.bellunopress.it\/wp-content\/uploads\/2026\/06\/sport-business-forum-belluno.jpg\" \/>\n\t<meta property=\"og:image:width\" content=\"416\" \/>\n\t<meta property=\"og:image:height\" content=\"500\" \/>\n\t<meta property=\"og:image:type\" content=\"image\/jpeg\" \/>\n<meta name=\"author\" content=\"redazione\" \/>\n<meta name=\"twitter:card\" content=\"summary_large_image\" \/>\n<meta name=\"twitter:creator\" content=\"@bellunopress\" \/>\n<meta name=\"twitter:site\" content=\"@bellunopress\" \/>\n<meta name=\"twitter:label1\" content=\"Written by\" \/>\n\t<meta name=\"twitter:data1\" content=\"redazione\" \/>\n\t<meta name=\"twitter:label2\" content=\"Est. reading time\" \/>\n\t<meta name=\"twitter:data2\" content=\"4 minutes\" \/>\n<script type=\"application\/ld+json\" class=\"yoast-schema-graph\">{\"@context\":\"https:\\\/\\\/schema.org\",\"@graph\":[{\"@type\":\"Article\",\"@id\":\"https:\\\/\\\/www.bellunopress.it\\\/2026\\\/06\\\/06\\\/sport-business-forum-2026-domenica-il-gran-finale-al-comunale-il-campione-gianmarco-tamberi\\\/#article\",\"isPartOf\":{\"@id\":\"https:\\\/\\\/www.bellunopress.it\\\/2026\\\/06\\\/06\\\/sport-business-forum-2026-domenica-il-gran-finale-al-comunale-il-campione-gianmarco-tamberi\\\/\"},\"author\":{\"name\":\"redazione\",\"@id\":\"https:\\\/\\\/www.bellunopress.it\\\/#\\\/schema\\\/person\\\/79bb06722b37ece1c03d3e94beb30d73\"},\"headline\":\"Sport business forum 2026: domenica il gran finale. Al Comunale il campione Gianmarco Tamberi\",\"datePublished\":\"2026-06-06T06:54:06+00:00\",\"mainEntityOfPage\":{\"@id\":\"https:\\\/\\\/www.bellunopress.it\\\/2026\\\/06\\\/06\\\/sport-business-forum-2026-domenica-il-gran-finale-al-comunale-il-campione-gianmarco-tamberi\\\/\"},\"wordCount\":595,\"publisher\":{\"@id\":\"https:\\\/\\\/www.bellunopress.it\\\/#organization\"},\"image\":{\"@id\":\"https:\\\/\\\/www.bellunopress.it\\\/2026\\\/06\\\/06\\\/sport-business-forum-2026-domenica-il-gran-finale-al-comunale-il-campione-gianmarco-tamberi\\\/#primaryimage\"},\"thumbnailUrl\":\"https:\\\/\\\/www.bellunopress.it\\\/wp-content\\\/uploads\\\/2026\\\/06\\\/sport-business-forum-belluno.jpg\",\"articleSection\":[\"Prima Pagina\",\"Societ\u00e0, Associazioni, Istituzioni\",\"Sport, tempo libero\"],\"inLanguage\":\"fr-FR\"},{\"@type\":\"WebPage\",\"@id\":\"https:\\\/\\\/www.bellunopress.it\\\/2026\\\/06\\\/06\\\/sport-business-forum-2026-domenica-il-gran-finale-al-comunale-il-campione-gianmarco-tamberi\\\/\",\"url\":\"https:\\\/\\\/www.bellunopress.it\\\/2026\\\/06\\\/06\\\/sport-business-forum-2026-domenica-il-gran-finale-al-comunale-il-campione-gianmarco-tamberi\\\/\",\"name\":\"Sport business forum 2026: domenica il gran finale. Al Comunale il campione Gianmarco Tamberi - Bellunopress - Dolomiti\",\"isPartOf\":{\"@id\":\"https:\\\/\\\/www.bellunopress.it\\\/#website\"},\"primaryImageOfPage\":{\"@id\":\"https:\\\/\\\/www.bellunopress.it\\\/2026\\\/06\\\/06\\\/sport-business-forum-2026-domenica-il-gran-finale-al-comunale-il-campione-gianmarco-tamberi\\\/#primaryimage\"},\"image\":{\"@id\":\"https:\\\/\\\/www.bellunopress.it\\\/2026\\\/06\\\/06\\\/sport-business-forum-2026-domenica-il-gran-finale-al-comunale-il-campione-gianmarco-tamberi\\\/#primaryimage\"},\"thumbnailUrl\":\"https:\\\/\\\/www.bellunopress.it\\\/wp-content\\\/uploads\\\/2026\\\/06\\\/sport-business-forum-belluno.jpg\",\"datePublished\":\"2026-06-06T06:54:06+00:00\",\"breadcrumb\":{\"@id\":\"https:\\\/\\\/www.bellunopress.it\\\/2026\\\/06\\\/06\\\/sport-business-forum-2026-domenica-il-gran-finale-al-comunale-il-campione-gianmarco-tamberi\\\/#breadcrumb\"},\"inLanguage\":\"fr-FR\",\"potentialAction\":[{\"@type\":\"ReadAction\",\"target\":[\"https:\\\/\\\/www.bellunopress.it\\\/2026\\\/06\\\/06\\\/sport-business-forum-2026-domenica-il-gran-finale-al-comunale-il-campione-gianmarco-tamberi\\\/\"]}]},{\"@type\":\"ImageObject\",\"inLanguage\":\"fr-FR\",\"@id\":\"https:\\\/\\\/www.bellunopress.it\\\/2026\\\/06\\\/06\\\/sport-business-forum-2026-domenica-il-gran-finale-al-comunale-il-campione-gianmarco-tamberi\\\/#primaryimage\",\"url\":\"https:\\\/\\\/www.bellunopress.it\\\/wp-content\\\/uploads\\\/2026\\\/06\\\/sport-business-forum-belluno.jpg\",\"contentUrl\":\"https:\\\/\\\/www.bellunopress.it\\\/wp-content\\\/uploads\\\/2026\\\/06\\\/sport-business-forum-belluno.jpg\",\"width\":416,\"height\":500},{\"@type\":\"BreadcrumbList\",\"@id\":\"https:\\\/\\\/www.bellunopress.it\\\/2026\\\/06\\\/06\\\/sport-business-forum-2026-domenica-il-gran-finale-al-comunale-il-campione-gianmarco-tamberi\\\/#breadcrumb\",\"itemListElement\":[{\"@type\":\"ListItem\",\"position\":1,\"name\":\"Home\",\"item\":\"https:\\\/\\\/www.bellunopress.it\\\/\"},{\"@type\":\"ListItem\",\"position\":2,\"name\":\"Sport business forum 2026: domenica il gran finale. Al Comunale il campione Gianmarco Tamberi\"}]},{\"@type\":\"WebSite\",\"@id\":\"https:\\\/\\\/www.bellunopress.it\\\/#website\",\"url\":\"https:\\\/\\\/www.bellunopress.it\\\/\",\"name\":\"Bellunopress - Dolomiti\",\"description\":\"e-mail: redazione@bellunopress.it\",\"publisher\":{\"@id\":\"https:\\\/\\\/www.bellunopress.it\\\/#organization\"},\"potentialAction\":[{\"@type\":\"SearchAction\",\"target\":{\"@type\":\"EntryPoint\",\"urlTemplate\":\"https:\\\/\\\/www.bellunopress.it\\\/?s={search_term_string}\"},\"query-input\":{\"@type\":\"PropertyValueSpecification\",\"valueRequired\":true,\"valueName\":\"search_term_string\"}}],\"inLanguage\":\"fr-FR\"},{\"@type\":\"Organization\",\"@id\":\"https:\\\/\\\/www.bellunopress.it\\\/#organization\",\"name\":\"Bellunopress\",\"url\":\"https:\\\/\\\/www.bellunopress.it\\\/\",\"logo\":{\"@type\":\"ImageObject\",\"inLanguage\":\"fr-FR\",\"@id\":\"https:\\\/\\\/www.bellunopress.it\\\/#\\\/schema\\\/logo\\\/image\\\/\",\"url\":\"https:\\\/\\\/www.bellunopress.it\\\/wp-content\\\/uploads\\\/2011\\\/05\\\/cropped-logo-bellunopress-.jpg\",\"contentUrl\":\"https:\\\/\\\/www.bellunopress.it\\\/wp-content\\\/uploads\\\/2011\\\/05\\\/cropped-logo-bellunopress-.jpg\",\"width\":512,\"height\":512,\"caption\":\"Bellunopress\"},\"image\":{\"@id\":\"https:\\\/\\\/www.bellunopress.it\\\/#\\\/schema\\\/logo\\\/image\\\/\"},\"sameAs\":[\"https:\\\/\\\/www.facebook.com\\\/profile.php?id=100008943462799\",\"https:\\\/\\\/x.com\\\/bellunopress\",\"https:\\\/\\\/www.linkedin.com\\\/hp\\\/?dnr=JBzUWaJfMUw8vbXJJ2tVW5-I3jZKvC4wsoxE&amp;amp;amp;amp;amp;amp;trk=nav_responsive_tab_home\",\"https:\\\/\\\/www.youtube.com\\\/channel\\\/UCxL0wu1uN0_3_7hGG0306cw\"]},{\"@type\":\"Person\",\"@id\":\"https:\\\/\\\/www.bellunopress.it\\\/#\\\/schema\\\/person\\\/79bb06722b37ece1c03d3e94beb30d73\",\"name\":\"redazione\",\"image\":{\"@type\":\"ImageObject\",\"inLanguage\":\"fr-FR\",\"@id\":\"https:\\\/\\\/secure.gravatar.com\\\/avatar\\\/37d968a2e67a6fd04c169c4bdef102d0bc5d31b2546345219e348575eb80e9a0?s=96&d=mm&r=g\",\"url\":\"https:\\\/\\\/secure.gravatar.com\\\/avatar\\\/37d968a2e67a6fd04c169c4bdef102d0bc5d31b2546345219e348575eb80e9a0?s=96&d=mm&r=g\",\"contentUrl\":\"https:\\\/\\\/secure.gravatar.com\\\/avatar\\\/37d968a2e67a6fd04c169c4bdef102d0bc5d31b2546345219e348575eb80e9a0?s=96&d=mm&r=g\",\"caption\":\"redazione\"},\"sameAs\":[\"http:\\\/\\\/www.bellunopress.it\",\"https:\\\/\\\/x.com\\\/bellunopress\"],\"url\":\"https:\\\/\\\/www.bellunopress.it\\\/fr\\\/author\\\/redazione\\\/\"}]}<\/script>\n<!-- \/ Yoast SEO plugin. -->","yoast_head_json":{"title":"Sport business forum 2026: domenica il gran finale. Al Comunale il campione Gianmarco Tamberi - Bellunopress - Dolomiti","robots":{"index":"index","follow":"follow","max-snippet":"max-snippet:-1","max-image-preview":"max-image-preview:large","max-video-preview":"max-video-preview:-1"},"canonical":"https:\/\/www.bellunopress.it\/fr\/2026\/06\/06\/sport-business-forum-2026-domenica-il-gran-finale-al-comunale-il-campione-gianmarco-tamberi\/","og_locale":"fr_FR","og_type":"article","og_title":"Sport business forum 2026: domenica il gran finale. Al Comunale il campione Gianmarco Tamberi - Bellunopress - Dolomiti","og_description":"Domenica 7 giugno il campione olimpico di salto in alto sar\u00e0 il protagonista dell&#8217;appuntamento pi\u00f9 atteso della giornata conclusiva con l&#8217;incontro \u201cCadere, rialzarsi, volare\u201d presso il Teatro Dino Buzzati. In programma anche la Festa dello Sport con Lucia Dalmasso, gli incontri con Paolo Casarin, Gianluigi Lentini e Michael Payne e la cerimonia del Premio Protagonisti [&hellip;]","og_url":"https:\/\/www.bellunopress.it\/fr\/2026\/06\/06\/sport-business-forum-2026-domenica-il-gran-finale-al-comunale-il-campione-gianmarco-tamberi\/","og_site_name":"Bellunopress - Dolomiti","article_publisher":"https:\/\/www.facebook.com\/profile.php?id=100008943462799","article_published_time":"2026-06-06T06:54:06+00:00","og_image":[{"width":416,"height":500,"url":"https:\/\/www.bellunopress.it\/wp-content\/uploads\/2026\/06\/sport-business-forum-belluno.jpg","type":"image\/jpeg"}],"author":"redazione","twitter_card":"summary_large_image","twitter_creator":"@bellunopress","twitter_site":"@bellunopress","twitter_misc":{"Written by":"redazione","Est. reading time":"4 minutes"},"schema":{"@context":"https:\/\/schema.org","@graph":[{"@type":"Article","@id":"https:\/\/www.bellunopress.it\/2026\/06\/06\/sport-business-forum-2026-domenica-il-gran-finale-al-comunale-il-campione-gianmarco-tamberi\/#article","isPartOf":{"@id":"https:\/\/www.bellunopress.it\/2026\/06\/06\/sport-business-forum-2026-domenica-il-gran-finale-al-comunale-il-campione-gianmarco-tamberi\/"},"author":{"name":"redazione","@id":"https:\/\/www.bellunopress.it\/#\/schema\/person\/79bb06722b37ece1c03d3e94beb30d73"},"headline":"Sport business forum 2026: domenica il gran finale. Al Comunale il campione Gianmarco Tamberi","datePublished":"2026-06-06T06:54:06+00:00","mainEntityOfPage":{"@id":"https:\/\/www.bellunopress.it\/2026\/06\/06\/sport-business-forum-2026-domenica-il-gran-finale-al-comunale-il-campione-gianmarco-tamberi\/"},"wordCount":595,"publisher":{"@id":"https:\/\/www.bellunopress.it\/#organization"},"image":{"@id":"https:\/\/www.bellunopress.it\/2026\/06\/06\/sport-business-forum-2026-domenica-il-gran-finale-al-comunale-il-campione-gianmarco-tamberi\/#primaryimage"},"thumbnailUrl":"https:\/\/www.bellunopress.it\/wp-content\/uploads\/2026\/06\/sport-business-forum-belluno.jpg","articleSection":["Prima Pagina","Societ\u00e0, Associazioni, Istituzioni","Sport, tempo libero"],"inLanguage":"fr-FR"},{"@type":"WebPage","@id":"https:\/\/www.bellunopress.it\/2026\/06\/06\/sport-business-forum-2026-domenica-il-gran-finale-al-comunale-il-campione-gianmarco-tamberi\/","url":"https:\/\/www.bellunopress.it\/2026\/06\/06\/sport-business-forum-2026-domenica-il-gran-finale-al-comunale-il-campione-gianmarco-tamberi\/","name":"Sport business forum 2026: domenica il gran finale. Al Comunale il campione Gianmarco Tamberi - Bellunopress - Dolomiti","isPartOf":{"@id":"https:\/\/www.bellunopress.it\/#website"},"primaryImageOfPage":{"@id":"https:\/\/www.bellunopress.it\/2026\/06\/06\/sport-business-forum-2026-domenica-il-gran-finale-al-comunale-il-campione-gianmarco-tamberi\/#primaryimage"},"image":{"@id":"https:\/\/www.bellunopress.it\/2026\/06\/06\/sport-business-forum-2026-domenica-il-gran-finale-al-comunale-il-campione-gianmarco-tamberi\/#primaryimage"},"thumbnailUrl":"https:\/\/www.bellunopress.it\/wp-content\/uploads\/2026\/06\/sport-business-forum-belluno.jpg","datePublished":"2026-06-06T06:54:06+00:00","breadcrumb":{"@id":"https:\/\/www.bellunopress.it\/2026\/06\/06\/sport-business-forum-2026-domenica-il-gran-finale-al-comunale-il-campione-gianmarco-tamberi\/#breadcrumb"},"inLanguage":"fr-FR","potentialAction":[{"@type":"ReadAction","target":["https:\/\/www.bellunopress.it\/2026\/06\/06\/sport-business-forum-2026-domenica-il-gran-finale-al-comunale-il-campione-gianmarco-tamberi\/"]}]},{"@type":"ImageObject","inLanguage":"fr-FR","@id":"https:\/\/www.bellunopress.it\/2026\/06\/06\/sport-business-forum-2026-domenica-il-gran-finale-al-comunale-il-campione-gianmarco-tamberi\/#primaryimage","url":"https:\/\/www.bellunopress.it\/wp-content\/uploads\/2026\/06\/sport-business-forum-belluno.jpg","contentUrl":"https:\/\/www.bellunopress.it\/wp-content\/uploads\/2026\/06\/sport-business-forum-belluno.jpg","width":416,"height":500},{"@type":"BreadcrumbList","@id":"https:\/\/www.bellunopress.it\/2026\/06\/06\/sport-business-forum-2026-domenica-il-gran-finale-al-comunale-il-campione-gianmarco-tamberi\/#breadcrumb","itemListElement":[{"@type":"ListItem","position":1,"name":"Home","item":"https:\/\/www.bellunopress.it\/"},{"@type":"ListItem","position":2,"name":"Sport business forum 2026: domenica il gran finale. Al Comunale il campione Gianmarco Tamberi"}]},{"@type":"WebSite","@id":"https:\/\/www.bellunopress.it\/#website","url":"https:\/\/www.bellunopress.it\/","name":"Bellunopress - Dolomiti","description":"e-mail: redazione@bellunopress.it","publisher":{"@id":"https:\/\/www.bellunopress.it\/#organization"},"potentialAction":[{"@type":"SearchAction","target":{"@type":"EntryPoint","urlTemplate":"https:\/\/www.bellunopress.it\/?s={search_term_string}"},"query-input":{"@type":"PropertyValueSpecification","valueRequired":true,"valueName":"search_term_string"}}],"inLanguage":"fr-FR"},{"@type":"Organization","@id":"https:\/\/www.bellunopress.it\/#organization","name":"Bellunopress","url":"https:\/\/www.bellunopress.it\/","logo":{"@type":"ImageObject","inLanguage":"fr-FR","@id":"https:\/\/www.bellunopress.it\/#\/schema\/logo\/image\/","url":"https:\/\/www.bellunopress.it\/wp-content\/uploads\/2011\/05\/cropped-logo-bellunopress-.jpg","contentUrl":"https:\/\/www.bellunopress.it\/wp-content\/uploads\/2011\/05\/cropped-logo-bellunopress-.jpg","width":512,"height":512,"caption":"Bellunopress"},"image":{"@id":"https:\/\/www.bellunopress.it\/#\/schema\/logo\/image\/"},"sameAs":["https:\/\/www.facebook.com\/profile.php?id=100008943462799","https:\/\/x.com\/bellunopress","https:\/\/www.linkedin.com\/hp\/?dnr=JBzUWaJfMUw8vbXJJ2tVW5-I3jZKvC4wsoxE&amp;amp;amp;amp;amp;amp;trk=nav_responsive_tab_home","https:\/\/www.youtube.com\/channel\/UCxL0wu1uN0_3_7hGG0306cw"]},{"@type":"Person","@id":"https:\/\/www.bellunopress.it\/#\/schema\/person\/79bb06722b37ece1c03d3e94beb30d73","name":"r\u00e9daction","image":{"@type":"ImageObject","inLanguage":"fr-FR","@id":"https:\/\/secure.gravatar.com\/avatar\/37d968a2e67a6fd04c169c4bdef102d0bc5d31b2546345219e348575eb80e9a0?s=96&d=mm&r=g","url":"https:\/\/secure.gravatar.com\/avatar\/37d968a2e67a6fd04c169c4bdef102d0bc5d31b2546345219e348575eb80e9a0?s=96&d=mm&r=g","contentUrl":"https:\/\/secure.gravatar.com\/avatar\/37d968a2e67a6fd04c169c4bdef102d0bc5d31b2546345219e348575eb80e9a0?s=96&d=mm&r=g","caption":"redazione"},"sameAs":["http:\/\/www.bellunopress.it","https:\/\/x.com\/bellunopress"],"url":"https:\/\/www.bellunopress.it\/fr\/author\/redazione\/"}]}},"_links":{"self":[{"href":"https:\/\/www.bellunopress.it\/fr\/wp-json\/wp\/v2\/posts\/170769","targetHints":{"allow":["GET"]}}],"collection":[{"href":"https:\/\/www.bellunopress.it\/fr\/wp-json\/wp\/v2\/posts"}],"about":[{"href":"https:\/\/www.bellunopress.it\/fr\/wp-json\/wp\/v2\/types\/post"}],"author":[{"embeddable":true,"href":"https:\/\/www.bellunopress.it\/fr\/wp-json\/wp\/v2\/users\/2"}],"replies":[{"embeddable":true,"href":"https:\/\/www.bellunopress.it\/fr\/wp-json\/wp\/v2\/comments?post=170769"}],"version-history":[{"count":1,"href":"https:\/\/www.bellunopress.it\/fr\/wp-json\/wp\/v2\/posts\/170769\/revisions"}],"predecessor-version":[{"id":170770,"href":"https:\/\/www.bellunopress.it\/fr\/wp-json\/wp\/v2\/posts\/170769\/revisions\/170770"}],"wp:featuredmedia":[{"embeddable":true,"href":"https:\/\/www.bellunopress.it\/fr\/wp-json\/wp\/v2\/media\/170696"}],"wp:attachment":[{"href":"https:\/\/www.bellunopress.it\/fr\/wp-json\/wp\/v2\/media?parent=170769"}],"wp:term":[{"taxonomy":"category","embeddable":true,"href":"https:\/\/www.bellunopress.it\/fr\/wp-json\/wp\/v2\/categories?post=170769"},{"taxonomy":"post_tag","embeddable":true,"href":"https:\/\/www.bellunopress.it\/fr\/wp-json\/wp\/v2\/tags?post=170769"}],"curies":[{"name":"wp","href":"https:\/\/api.w.org\/{rel}","templated":true}]}}