{"id":170765,"date":"2026-06-05T20:02:31","date_gmt":"2026-06-05T18:02:31","guid":{"rendered":"https:\/\/www.bellunopress.it\/?p=170765"},"modified":"2026-06-05T20:02:31","modified_gmt":"2026-06-05T18:02:31","slug":"la-velenosa-2026-mirko-nenzi-e-tamara-lunger-dominano-la-prima-prova-della-hikefly-sprint","status":"publish","type":"post","link":"https:\/\/www.bellunopress.it\/fr\/2026\/06\/05\/la-velenosa-2026-mirko-nenzi-e-tamara-lunger-dominano-la-prima-prova-della-hikefly-sprint\/","title":{"rendered":"La Velenosa 2026: Mirko Nenzi e Tamara Lunger dominano la prima prova della Hike&#038;Fly Sprint"},"content":{"rendered":"<p>Bolzano Bellunese (BL) \u2013 Si \u00e8 aperto ufficialmente il lungo fine settimana de La Velenosa con l&#8217;emozionante prova Hike&amp;Fly Sprint, una formula che unisce la fatica della salita a piedi alla precisione e alla tattica del volo in parapendio. Nonostante le condizioni meteo non fossero perfette, la macchina organizzativa ha gestito al meglio la situazione, permettendo il regolare e sicuro svolgimento della competizione.<\/p>\n<p>Nel primo pomeriggio gli atleti sono scattati da Bolzano Bellunese, quartier generale storico de La Velenosa. L&#8217;obiettivo della giornata era estremamente tecnico e spettacolare: una prima ascesa per raggiungere il decollo sul Monte Talvena, una successiva boa aerea da aggirare proprio davanti all&#8217;abitato di Tisoi, per poi lanciarsi nella planata finale verso l&#8217;atterraggio situato nei pressi del cimitero di Bolzano Bellunese.<\/p>\n<p><img loading=\"lazy\" decoding=\"async\" class=\"aligncenter size-full wp-image-170766\" src=\"https:\/\/www.bellunopress.it\/wp-content\/uploads\/2026\/06\/La-Velenosa-2026.jpg\" alt=\"\" width=\"600\" height=\"337\" srcset=\"https:\/\/www.bellunopress.it\/wp-content\/uploads\/2026\/06\/La-Velenosa-2026.jpg 600w, https:\/\/www.bellunopress.it\/wp-content\/uploads\/2026\/06\/La-Velenosa-2026-500x281.jpg 500w, https:\/\/www.bellunopress.it\/wp-content\/uploads\/2026\/06\/La-Velenosa-2026-150x84.jpg 150w, https:\/\/www.bellunopress.it\/wp-content\/uploads\/2026\/06\/La-Velenosa-2026-300x169.jpg 300w\" sizes=\"auto, (max-width: 600px) 100vw, 600px\" \/><\/p>\n<p>Al maschile la gara ha vissuto sul dominio assoluto di Mirko Nenzi. Il vincitore \u00e8 transitato con il tempo di 52&#8217;53&#8221; al decollo sul Talvena, per poi gestire il vantaggio in tranquillit\u00e0 e sicurezza anche nella prova di volo, andando a chiudere la sua prova con il tempo eccezionale di 1h 09&#8242; 40&#8243;. Alle sue spalle, l&#8217;ottimo Martin Milic si \u00e8 preso la seconda piazza in 1h 14&#8242; 24&#8243;, seguito a ruota sul terzo gradino del podio da Roberto Locatelli (1h 17&#8242; 46&#8243;). Completano la &#8220;top 5&#8243; maschile due ottime prestazioni: il quarto posto di Massimiliano De Bona (1h 34&#8242; 20&#8243;) e la quinta posizione di Federico Da Cort\u00e0 (2h 02&#8242; 08&#8243;).<\/p>\n<p>Nella gara femminile non c&#8217;\u00e8 stata storia: la campionessa e ambassador d&#8217;eccezione Tamara Lunger ha letteralmente dominato dall&#8217;inizio alla fine. Transitata davanti a tutti sul Talvena con il tempo di 1:00&#8217;00&#8221; ha fatto valere la sua classe cristallina chiudendo con il tempo di 1h 14&#8242; 55&#8243; (che le \u00e8 valso anche un clamoroso terzo tempo assoluto di giornata). Piazza d&#8217;onore per una battagliera Elisabetta Dalla Brida, seconda in 1h 17&#8242; 47&#8243;, mentre a completare il podio delle tre regine di giornata ci ha pensato Claudia Acerbis, terza sul traguardo con il tempo di 1h 39&#8242; 22&#8243;.<\/p>\n<p>Archiviata questa spettacolare e adrenalinica giornata d&#8217;apertura, l&#8217;appuntamento \u00e8 per domani, quando La Velenosa entrer\u00e0 nel vivo con la selettiva prova Hike&amp;Fly TurnPoint e l&#8217;attesissimo evento dedicato alle due ruote Gravel.<\/p>\n<p>Tutte le informazioni aggiornate sull&#8217;evento, sul programma completo, sugli orari delle singole prove e sulle iscrizioni sono disponibili sul sito ufficiale www.lavelenosa.it<\/p>","protected":false},"excerpt":{"rendered":"<p>Bolzano Bellunese (BL) \u2013 Si \u00e8 aperto ufficialmente il lungo fine settimana de La Velenosa con l&#8217;emozionante prova Hike&amp;Fly Sprint, una formula che unisce la fatica della salita a piedi alla precisione e alla tattica del volo in parapendio. Nonostante le condizioni meteo non fossero perfette, la macchina organizzativa ha gestito al meglio la situazione, [&hellip;]<\/p>\n","protected":false},"author":2,"featured_media":170767,"comment_status":"closed","ping_status":"open","sticky":false,"template":"","format":"standard","meta":{"footnotes":""},"categories":[26,4],"tags":[],"class_list":["post-170765","post","type-post","status-publish","format-standard","has-post-thumbnail","category-prima-pagina","category-sport"],"yoast_head":"<!-- This site is optimized with the Yoast SEO plugin v28.4 - https:\/\/yoast.com\/product\/yoast-seo-wordpress\/ -->\n<title>La Velenosa 2026: Mirko Nenzi e Tamara Lunger dominano la prima prova della Hike&amp;Fly Sprint - Bellunopress - Dolomiti<\/title>\n<meta name=\"robots\" content=\"index, follow, max-snippet:-1, max-image-preview:large, max-video-preview:-1\" \/>\n<link rel=\"canonical\" href=\"https:\/\/www.bellunopress.it\/fr\/2026\/06\/05\/la-velenosa-2026-mirko-nenzi-e-tamara-lunger-dominano-la-prima-prova-della-hikefly-sprint\/\" \/>\n<meta property=\"og:locale\" content=\"fr_FR\" \/>\n<meta property=\"og:type\" content=\"article\" \/>\n<meta property=\"og:title\" content=\"La Velenosa 2026: Mirko Nenzi e Tamara Lunger dominano la prima prova della Hike&amp;Fly Sprint - Bellunopress - Dolomiti\" \/>\n<meta property=\"og:description\" content=\"Bolzano Bellunese (BL) \u2013 Si \u00e8 aperto ufficialmente il lungo fine settimana de La Velenosa con l&#8217;emozionante prova Hike&amp;Fly Sprint, una formula che unisce la fatica della salita a piedi alla precisione e alla tattica del volo in parapendio. Nonostante le condizioni meteo non fossero perfette, la macchina organizzativa ha gestito al meglio la situazione, [&hellip;]\" \/>\n<meta property=\"og:url\" content=\"https:\/\/www.bellunopress.it\/fr\/2026\/06\/05\/la-velenosa-2026-mirko-nenzi-e-tamara-lunger-dominano-la-prima-prova-della-hikefly-sprint\/\" \/>\n<meta property=\"og:site_name\" content=\"Bellunopress - Dolomiti\" \/>\n<meta property=\"article:publisher\" content=\"https:\/\/www.facebook.com\/profile.php?id=100008943462799\" \/>\n<meta property=\"article:published_time\" content=\"2026-06-05T18:02:31+00:00\" \/>\n<meta property=\"og:image\" content=\"https:\/\/www.bellunopress.it\/wp-content\/uploads\/2026\/06\/La-Velenosa.jpg\" \/>\n\t<meta property=\"og:image:width\" content=\"600\" \/>\n\t<meta property=\"og:image:height\" content=\"337\" \/>\n\t<meta property=\"og:image:type\" content=\"image\/jpeg\" \/>\n<meta name=\"author\" content=\"redazione\" \/>\n<meta name=\"twitter:card\" content=\"summary_large_image\" \/>\n<meta name=\"twitter:creator\" content=\"@bellunopress\" \/>\n<meta name=\"twitter:site\" content=\"@bellunopress\" \/>\n<meta name=\"twitter:label1\" content=\"\u00c9crit par\" \/>\n\t<meta name=\"twitter:data1\" content=\"redazione\" \/>\n\t<meta name=\"twitter:label2\" content=\"Dur\u00e9e de lecture estim\u00e9e\" \/>\n\t<meta name=\"twitter:data2\" content=\"3 minutes\" \/>\n<script type=\"application\/ld+json\" class=\"yoast-schema-graph\">{\"@context\":\"https:\\\/\\\/schema.org\",\"@graph\":[{\"@type\":\"Article\",\"@id\":\"https:\\\/\\\/www.bellunopress.it\\\/2026\\\/06\\\/05\\\/la-velenosa-2026-mirko-nenzi-e-tamara-lunger-dominano-la-prima-prova-della-hikefly-sprint\\\/#article\",\"isPartOf\":{\"@id\":\"https:\\\/\\\/www.bellunopress.it\\\/2026\\\/06\\\/05\\\/la-velenosa-2026-mirko-nenzi-e-tamara-lunger-dominano-la-prima-prova-della-hikefly-sprint\\\/\"},\"author\":{\"name\":\"redazione\",\"@id\":\"https:\\\/\\\/www.bellunopress.it\\\/#\\\/schema\\\/person\\\/79bb06722b37ece1c03d3e94beb30d73\"},\"headline\":\"La Velenosa 2026: Mirko Nenzi e Tamara Lunger dominano la prima prova della Hike&#038;Fly Sprint\",\"datePublished\":\"2026-06-05T18:02:31+00:00\",\"mainEntityOfPage\":{\"@id\":\"https:\\\/\\\/www.bellunopress.it\\\/2026\\\/06\\\/05\\\/la-velenosa-2026-mirko-nenzi-e-tamara-lunger-dominano-la-prima-prova-della-hikefly-sprint\\\/\"},\"wordCount\":393,\"publisher\":{\"@id\":\"https:\\\/\\\/www.bellunopress.it\\\/#organization\"},\"image\":{\"@id\":\"https:\\\/\\\/www.bellunopress.it\\\/2026\\\/06\\\/05\\\/la-velenosa-2026-mirko-nenzi-e-tamara-lunger-dominano-la-prima-prova-della-hikefly-sprint\\\/#primaryimage\"},\"thumbnailUrl\":\"https:\\\/\\\/www.bellunopress.it\\\/wp-content\\\/uploads\\\/2026\\\/06\\\/La-Velenosa.jpg\",\"articleSection\":[\"Prima Pagina\",\"Sport, tempo libero\"],\"inLanguage\":\"fr-FR\"},{\"@type\":\"WebPage\",\"@id\":\"https:\\\/\\\/www.bellunopress.it\\\/2026\\\/06\\\/05\\\/la-velenosa-2026-mirko-nenzi-e-tamara-lunger-dominano-la-prima-prova-della-hikefly-sprint\\\/\",\"url\":\"https:\\\/\\\/www.bellunopress.it\\\/2026\\\/06\\\/05\\\/la-velenosa-2026-mirko-nenzi-e-tamara-lunger-dominano-la-prima-prova-della-hikefly-sprint\\\/\",\"name\":\"La Velenosa 2026: Mirko Nenzi e Tamara Lunger dominano la prima prova della Hike&Fly Sprint - Bellunopress - Dolomiti\",\"isPartOf\":{\"@id\":\"https:\\\/\\\/www.bellunopress.it\\\/#website\"},\"primaryImageOfPage\":{\"@id\":\"https:\\\/\\\/www.bellunopress.it\\\/2026\\\/06\\\/05\\\/la-velenosa-2026-mirko-nenzi-e-tamara-lunger-dominano-la-prima-prova-della-hikefly-sprint\\\/#primaryimage\"},\"image\":{\"@id\":\"https:\\\/\\\/www.bellunopress.it\\\/2026\\\/06\\\/05\\\/la-velenosa-2026-mirko-nenzi-e-tamara-lunger-dominano-la-prima-prova-della-hikefly-sprint\\\/#primaryimage\"},\"thumbnailUrl\":\"https:\\\/\\\/www.bellunopress.it\\\/wp-content\\\/uploads\\\/2026\\\/06\\\/La-Velenosa.jpg\",\"datePublished\":\"2026-06-05T18:02:31+00:00\",\"breadcrumb\":{\"@id\":\"https:\\\/\\\/www.bellunopress.it\\\/2026\\\/06\\\/05\\\/la-velenosa-2026-mirko-nenzi-e-tamara-lunger-dominano-la-prima-prova-della-hikefly-sprint\\\/#breadcrumb\"},\"inLanguage\":\"fr-FR\",\"potentialAction\":[{\"@type\":\"ReadAction\",\"target\":[\"https:\\\/\\\/www.bellunopress.it\\\/2026\\\/06\\\/05\\\/la-velenosa-2026-mirko-nenzi-e-tamara-lunger-dominano-la-prima-prova-della-hikefly-sprint\\\/\"]}]},{\"@type\":\"ImageObject\",\"inLanguage\":\"fr-FR\",\"@id\":\"https:\\\/\\\/www.bellunopress.it\\\/2026\\\/06\\\/05\\\/la-velenosa-2026-mirko-nenzi-e-tamara-lunger-dominano-la-prima-prova-della-hikefly-sprint\\\/#primaryimage\",\"url\":\"https:\\\/\\\/www.bellunopress.it\\\/wp-content\\\/uploads\\\/2026\\\/06\\\/La-Velenosa.jpg\",\"contentUrl\":\"https:\\\/\\\/www.bellunopress.it\\\/wp-content\\\/uploads\\\/2026\\\/06\\\/La-Velenosa.jpg\",\"width\":600,\"height\":337},{\"@type\":\"BreadcrumbList\",\"@id\":\"https:\\\/\\\/www.bellunopress.it\\\/2026\\\/06\\\/05\\\/la-velenosa-2026-mirko-nenzi-e-tamara-lunger-dominano-la-prima-prova-della-hikefly-sprint\\\/#breadcrumb\",\"itemListElement\":[{\"@type\":\"ListItem\",\"position\":1,\"name\":\"Home\",\"item\":\"https:\\\/\\\/www.bellunopress.it\\\/\"},{\"@type\":\"ListItem\",\"position\":2,\"name\":\"La Velenosa 2026: Mirko Nenzi e Tamara Lunger dominano la prima prova della Hike&#038;Fly Sprint\"}]},{\"@type\":\"WebSite\",\"@id\":\"https:\\\/\\\/www.bellunopress.it\\\/#website\",\"url\":\"https:\\\/\\\/www.bellunopress.it\\\/\",\"name\":\"Bellunopress - Dolomiti\",\"description\":\"e-mail: redazione@bellunopress.it\",\"publisher\":{\"@id\":\"https:\\\/\\\/www.bellunopress.it\\\/#organization\"},\"potentialAction\":[{\"@type\":\"SearchAction\",\"target\":{\"@type\":\"EntryPoint\",\"urlTemplate\":\"https:\\\/\\\/www.bellunopress.it\\\/?s={search_term_string}\"},\"query-input\":{\"@type\":\"PropertyValueSpecification\",\"valueRequired\":true,\"valueName\":\"search_term_string\"}}],\"inLanguage\":\"fr-FR\"},{\"@type\":\"Organization\",\"@id\":\"https:\\\/\\\/www.bellunopress.it\\\/#organization\",\"name\":\"Bellunopress\",\"url\":\"https:\\\/\\\/www.bellunopress.it\\\/\",\"logo\":{\"@type\":\"ImageObject\",\"inLanguage\":\"fr-FR\",\"@id\":\"https:\\\/\\\/www.bellunopress.it\\\/#\\\/schema\\\/logo\\\/image\\\/\",\"url\":\"https:\\\/\\\/www.bellunopress.it\\\/wp-content\\\/uploads\\\/2011\\\/05\\\/cropped-logo-bellunopress-.jpg\",\"contentUrl\":\"https:\\\/\\\/www.bellunopress.it\\\/wp-content\\\/uploads\\\/2011\\\/05\\\/cropped-logo-bellunopress-.jpg\",\"width\":512,\"height\":512,\"caption\":\"Bellunopress\"},\"image\":{\"@id\":\"https:\\\/\\\/www.bellunopress.it\\\/#\\\/schema\\\/logo\\\/image\\\/\"},\"sameAs\":[\"https:\\\/\\\/www.facebook.com\\\/profile.php?id=100008943462799\",\"https:\\\/\\\/x.com\\\/bellunopress\",\"https:\\\/\\\/www.linkedin.com\\\/hp\\\/?dnr=JBzUWaJfMUw8vbXJJ2tVW5-I3jZKvC4wsoxE&amp;amp;amp;amp;amp;amp;trk=nav_responsive_tab_home\",\"https:\\\/\\\/www.youtube.com\\\/channel\\\/UCxL0wu1uN0_3_7hGG0306cw\"]},{\"@type\":\"Person\",\"@id\":\"https:\\\/\\\/www.bellunopress.it\\\/#\\\/schema\\\/person\\\/79bb06722b37ece1c03d3e94beb30d73\",\"name\":\"redazione\",\"image\":{\"@type\":\"ImageObject\",\"inLanguage\":\"fr-FR\",\"@id\":\"https:\\\/\\\/secure.gravatar.com\\\/avatar\\\/37d968a2e67a6fd04c169c4bdef102d0bc5d31b2546345219e348575eb80e9a0?s=96&d=mm&r=g\",\"url\":\"https:\\\/\\\/secure.gravatar.com\\\/avatar\\\/37d968a2e67a6fd04c169c4bdef102d0bc5d31b2546345219e348575eb80e9a0?s=96&d=mm&r=g\",\"contentUrl\":\"https:\\\/\\\/secure.gravatar.com\\\/avatar\\\/37d968a2e67a6fd04c169c4bdef102d0bc5d31b2546345219e348575eb80e9a0?s=96&d=mm&r=g\",\"caption\":\"redazione\"},\"sameAs\":[\"http:\\\/\\\/www.bellunopress.it\",\"https:\\\/\\\/x.com\\\/bellunopress\"],\"url\":\"https:\\\/\\\/www.bellunopress.it\\\/fr\\\/author\\\/redazione\\\/\"}]}<\/script>\n<!-- \/ Yoast SEO plugin. -->","yoast_head_json":{"title":"La Velenosa 2026: Mirko Nenzi e Tamara Lunger dominano la prima prova della Hike&Fly Sprint - Bellunopress - Dolomiti","robots":{"index":"index","follow":"follow","max-snippet":"max-snippet:-1","max-image-preview":"max-image-preview:large","max-video-preview":"max-video-preview:-1"},"canonical":"https:\/\/www.bellunopress.it\/fr\/2026\/06\/05\/la-velenosa-2026-mirko-nenzi-e-tamara-lunger-dominano-la-prima-prova-della-hikefly-sprint\/","og_locale":"fr_FR","og_type":"article","og_title":"La Velenosa 2026: Mirko Nenzi e Tamara Lunger dominano la prima prova della Hike&Fly Sprint - Bellunopress - Dolomiti","og_description":"Bolzano Bellunese (BL) \u2013 Si \u00e8 aperto ufficialmente il lungo fine settimana de La Velenosa con l&#8217;emozionante prova Hike&amp;Fly Sprint, una formula che unisce la fatica della salita a piedi alla precisione e alla tattica del volo in parapendio. Nonostante le condizioni meteo non fossero perfette, la macchina organizzativa ha gestito al meglio la situazione, [&hellip;]","og_url":"https:\/\/www.bellunopress.it\/fr\/2026\/06\/05\/la-velenosa-2026-mirko-nenzi-e-tamara-lunger-dominano-la-prima-prova-della-hikefly-sprint\/","og_site_name":"Bellunopress - Dolomiti","article_publisher":"https:\/\/www.facebook.com\/profile.php?id=100008943462799","article_published_time":"2026-06-05T18:02:31+00:00","og_image":[{"width":600,"height":337,"url":"https:\/\/www.bellunopress.it\/wp-content\/uploads\/2026\/06\/La-Velenosa.jpg","type":"image\/jpeg"}],"author":"redazione","twitter_card":"summary_large_image","twitter_creator":"@bellunopress","twitter_site":"@bellunopress","twitter_misc":{"\u00c9crit par":"redazione","Dur\u00e9e de lecture estim\u00e9e":"3 minutes"},"schema":{"@context":"https:\/\/schema.org","@graph":[{"@type":"Article","@id":"https:\/\/www.bellunopress.it\/2026\/06\/05\/la-velenosa-2026-mirko-nenzi-e-tamara-lunger-dominano-la-prima-prova-della-hikefly-sprint\/#article","isPartOf":{"@id":"https:\/\/www.bellunopress.it\/2026\/06\/05\/la-velenosa-2026-mirko-nenzi-e-tamara-lunger-dominano-la-prima-prova-della-hikefly-sprint\/"},"author":{"name":"redazione","@id":"https:\/\/www.bellunopress.it\/#\/schema\/person\/79bb06722b37ece1c03d3e94beb30d73"},"headline":"La Velenosa 2026: Mirko Nenzi e Tamara Lunger dominano la prima prova della Hike&#038;Fly Sprint","datePublished":"2026-06-05T18:02:31+00:00","mainEntityOfPage":{"@id":"https:\/\/www.bellunopress.it\/2026\/06\/05\/la-velenosa-2026-mirko-nenzi-e-tamara-lunger-dominano-la-prima-prova-della-hikefly-sprint\/"},"wordCount":393,"publisher":{"@id":"https:\/\/www.bellunopress.it\/#organization"},"image":{"@id":"https:\/\/www.bellunopress.it\/2026\/06\/05\/la-velenosa-2026-mirko-nenzi-e-tamara-lunger-dominano-la-prima-prova-della-hikefly-sprint\/#primaryimage"},"thumbnailUrl":"https:\/\/www.bellunopress.it\/wp-content\/uploads\/2026\/06\/La-Velenosa.jpg","articleSection":["Prima Pagina","Sport, tempo libero"],"inLanguage":"fr-FR"},{"@type":"WebPage","@id":"https:\/\/www.bellunopress.it\/2026\/06\/05\/la-velenosa-2026-mirko-nenzi-e-tamara-lunger-dominano-la-prima-prova-della-hikefly-sprint\/","url":"https:\/\/www.bellunopress.it\/2026\/06\/05\/la-velenosa-2026-mirko-nenzi-e-tamara-lunger-dominano-la-prima-prova-della-hikefly-sprint\/","name":"La Velenosa 2026: Mirko Nenzi e Tamara Lunger dominano la prima prova della Hike&Fly Sprint - Bellunopress - Dolomiti","isPartOf":{"@id":"https:\/\/www.bellunopress.it\/#website"},"primaryImageOfPage":{"@id":"https:\/\/www.bellunopress.it\/2026\/06\/05\/la-velenosa-2026-mirko-nenzi-e-tamara-lunger-dominano-la-prima-prova-della-hikefly-sprint\/#primaryimage"},"image":{"@id":"https:\/\/www.bellunopress.it\/2026\/06\/05\/la-velenosa-2026-mirko-nenzi-e-tamara-lunger-dominano-la-prima-prova-della-hikefly-sprint\/#primaryimage"},"thumbnailUrl":"https:\/\/www.bellunopress.it\/wp-content\/uploads\/2026\/06\/La-Velenosa.jpg","datePublished":"2026-06-05T18:02:31+00:00","breadcrumb":{"@id":"https:\/\/www.bellunopress.it\/2026\/06\/05\/la-velenosa-2026-mirko-nenzi-e-tamara-lunger-dominano-la-prima-prova-della-hikefly-sprint\/#breadcrumb"},"inLanguage":"fr-FR","potentialAction":[{"@type":"ReadAction","target":["https:\/\/www.bellunopress.it\/2026\/06\/05\/la-velenosa-2026-mirko-nenzi-e-tamara-lunger-dominano-la-prima-prova-della-hikefly-sprint\/"]}]},{"@type":"ImageObject","inLanguage":"fr-FR","@id":"https:\/\/www.bellunopress.it\/2026\/06\/05\/la-velenosa-2026-mirko-nenzi-e-tamara-lunger-dominano-la-prima-prova-della-hikefly-sprint\/#primaryimage","url":"https:\/\/www.bellunopress.it\/wp-content\/uploads\/2026\/06\/La-Velenosa.jpg","contentUrl":"https:\/\/www.bellunopress.it\/wp-content\/uploads\/2026\/06\/La-Velenosa.jpg","width":600,"height":337},{"@type":"BreadcrumbList","@id":"https:\/\/www.bellunopress.it\/2026\/06\/05\/la-velenosa-2026-mirko-nenzi-e-tamara-lunger-dominano-la-prima-prova-della-hikefly-sprint\/#breadcrumb","itemListElement":[{"@type":"ListItem","position":1,"name":"Home","item":"https:\/\/www.bellunopress.it\/"},{"@type":"ListItem","position":2,"name":"La Velenosa 2026: Mirko Nenzi e Tamara Lunger dominano la prima prova della Hike&#038;Fly Sprint"}]},{"@type":"WebSite","@id":"https:\/\/www.bellunopress.it\/#website","url":"https:\/\/www.bellunopress.it\/","name":"Bellunopress - Dolomiti","description":"e-mail: redazione@bellunopress.it","publisher":{"@id":"https:\/\/www.bellunopress.it\/#organization"},"potentialAction":[{"@type":"SearchAction","target":{"@type":"EntryPoint","urlTemplate":"https:\/\/www.bellunopress.it\/?s={search_term_string}"},"query-input":{"@type":"PropertyValueSpecification","valueRequired":true,"valueName":"search_term_string"}}],"inLanguage":"fr-FR"},{"@type":"Organization","@id":"https:\/\/www.bellunopress.it\/#organization","name":"Bellunopress","url":"https:\/\/www.bellunopress.it\/","logo":{"@type":"ImageObject","inLanguage":"fr-FR","@id":"https:\/\/www.bellunopress.it\/#\/schema\/logo\/image\/","url":"https:\/\/www.bellunopress.it\/wp-content\/uploads\/2011\/05\/cropped-logo-bellunopress-.jpg","contentUrl":"https:\/\/www.bellunopress.it\/wp-content\/uploads\/2011\/05\/cropped-logo-bellunopress-.jpg","width":512,"height":512,"caption":"Bellunopress"},"image":{"@id":"https:\/\/www.bellunopress.it\/#\/schema\/logo\/image\/"},"sameAs":["https:\/\/www.facebook.com\/profile.php?id=100008943462799","https:\/\/x.com\/bellunopress","https:\/\/www.linkedin.com\/hp\/?dnr=JBzUWaJfMUw8vbXJJ2tVW5-I3jZKvC4wsoxE&amp;amp;amp;amp;amp;amp;trk=nav_responsive_tab_home","https:\/\/www.youtube.com\/channel\/UCxL0wu1uN0_3_7hGG0306cw"]},{"@type":"Person","@id":"https:\/\/www.bellunopress.it\/#\/schema\/person\/79bb06722b37ece1c03d3e94beb30d73","name":"r\u00e9daction","image":{"@type":"ImageObject","inLanguage":"fr-FR","@id":"https:\/\/secure.gravatar.com\/avatar\/37d968a2e67a6fd04c169c4bdef102d0bc5d31b2546345219e348575eb80e9a0?s=96&d=mm&r=g","url":"https:\/\/secure.gravatar.com\/avatar\/37d968a2e67a6fd04c169c4bdef102d0bc5d31b2546345219e348575eb80e9a0?s=96&d=mm&r=g","contentUrl":"https:\/\/secure.gravatar.com\/avatar\/37d968a2e67a6fd04c169c4bdef102d0bc5d31b2546345219e348575eb80e9a0?s=96&d=mm&r=g","caption":"redazione"},"sameAs":["http:\/\/www.bellunopress.it","https:\/\/x.com\/bellunopress"],"url":"https:\/\/www.bellunopress.it\/fr\/author\/redazione\/"}]}},"_links":{"self":[{"href":"https:\/\/www.bellunopress.it\/fr\/wp-json\/wp\/v2\/posts\/170765","targetHints":{"allow":["GET"]}}],"collection":[{"href":"https:\/\/www.bellunopress.it\/fr\/wp-json\/wp\/v2\/posts"}],"about":[{"href":"https:\/\/www.bellunopress.it\/fr\/wp-json\/wp\/v2\/types\/post"}],"author":[{"embeddable":true,"href":"https:\/\/www.bellunopress.it\/fr\/wp-json\/wp\/v2\/users\/2"}],"replies":[{"embeddable":true,"href":"https:\/\/www.bellunopress.it\/fr\/wp-json\/wp\/v2\/comments?post=170765"}],"version-history":[{"count":1,"href":"https:\/\/www.bellunopress.it\/fr\/wp-json\/wp\/v2\/posts\/170765\/revisions"}],"predecessor-version":[{"id":170768,"href":"https:\/\/www.bellunopress.it\/fr\/wp-json\/wp\/v2\/posts\/170765\/revisions\/170768"}],"wp:featuredmedia":[{"embeddable":true,"href":"https:\/\/www.bellunopress.it\/fr\/wp-json\/wp\/v2\/media\/170767"}],"wp:attachment":[{"href":"https:\/\/www.bellunopress.it\/fr\/wp-json\/wp\/v2\/media?parent=170765"}],"wp:term":[{"taxonomy":"category","embeddable":true,"href":"https:\/\/www.bellunopress.it\/fr\/wp-json\/wp\/v2\/categories?post=170765"},{"taxonomy":"post_tag","embeddable":true,"href":"https:\/\/www.bellunopress.it\/fr\/wp-json\/wp\/v2\/tags?post=170765"}],"curies":[{"name":"wp","href":"https:\/\/api.w.org\/{rel}","templated":true}]}}