{"id":170753,"date":"2026-06-05T14:58:04","date_gmt":"2026-06-05T12:58:04","guid":{"rendered":"https:\/\/www.bellunopress.it\/?p=170753"},"modified":"2026-06-05T14:58:04","modified_gmt":"2026-06-05T12:58:04","slug":"limana-magnalonga-2026-sabato-lapertura-delle-iscrizioni-alla-21ma-edizione-del-12-luglio","status":"publish","type":"post","link":"https:\/\/www.bellunopress.it\/fr\/2026\/06\/05\/limana-magnalonga-2026-sabato-lapertura-delle-iscrizioni-alla-21ma-edizione-del-12-luglio\/","title":{"rendered":"Limana, Magnalonga 2026: sabato l&#8217;apertura delle iscrizioni alla 21ma edizione del 12 luglio"},"content":{"rendered":"<p>\u00c8 tutto pronto per l&#8217;edizione numero 21 della Magnalonga. Sabato 6 giugno 2026, con l&#8217;apertura ufficiale delle iscrizioni, si alzer\u00e0 il sipario su uno degli appuntamenti pi\u00f9 attesi dell&#8217;estate, autentico volano di promozione turistica della Valbelluna in grado di attrarre ogni anno partecipanti da tutto il Triveneto.<\/p>\n<p>Il tradizionale evento limanese, che abbina sapientemente escursionismo ed enogastronomia ai fini della valorizzazione delle eccellenze del territorio, si svolger\u00e0 domenica 12 luglio 2026 lungo due percorsi: il Giro delle Malghe, che si snoda su un percorso di 13,4 Km tra prati e boschi della localit\u00e0 Valmorel (partenze alle alle 7.15 \u2013 7.50 \u2013 8.25 \u2013 9.00 \u2013 9.35 \u2013 10.10 \u2013 10.45 \u2013 11.20 dalla Piazza di Valmorel) e il Giro delle Creste su un tracciato di 14,6 km un po&#8217; pi\u00f9 impegnativo, ma che offre un panorama mozzafiato (partenze alle 7.00 \u2013 7.35 \u2013 8.10 \u2013 8.45 \u2013 9.20 \u2013 9.55 \u2013 10.30 \u2013 11.05 sempre dalla Piazza di Valmorel). In tutti i percorsi ci saranno ben 8 punti ristoro in cui assaporare i prodotti locali. Le iscrizioni si potranno effettuare dal 6 giugno on line al sito www.dolomitiprealpi.it o telefonando all&#8217;Uffizio Turismo Limana (0437966124) fino al 6 luglio quando si apriranno invece le iscrizioni al Giro in notturna in programma venerd\u00ec 31 luglio 2026 su due percorsi (partenza da Malga Montegal o dal Pian de Le Femene). La chiusura delle iscrizioni per queste suggestive proposte \u201cby night\u201d \u00e8 il 26 luglio. Ad occupasi della promozione e delle prenotazioni on line \u00e8 il Consorzio Turistico Dolomiti Prealpi che utilizza il Destination Management System della Regione Veneto.<\/p>\n<p>\u00abCamminate panoramiche, sapori genuini e grande spirito di comunit\u00e0 hanno da sempre caratterizzato la Magnalonga, con una formula collaudata, che coniuga natura, tradizione e gastronomia &#8211; spiega l&#8217;Assessore al Turismo del Comune di Limana, Mara Tormen &#8211; L\u2019organizzazione della manifestazione \u00e8 frutto della sinergia tra Amministrazione Comunale di Limana, Pro Loco di Limana e Comitato frazionale di Valmorel, Cros e Navenze. Ma il risultato \u00e8 anche frutto della disponibilit\u00e0 di tutti gli accompagnatori che mettono a disposizione il loro tempo e la loro conoscenza del territorio;di tutti i volontari della Pro Loco, del Comitato frazionale,vero cuore operativo della Magnalonga, della Protezione Civile,sempre presente a supporto del gruppo cacciatori e volontari che curano i sentieri del nostro territorio. Ristoratori e aziende locali che, con la loro disponibilit\u00e0 e qualit\u00e0, fanno la differenza\u00bb.<\/p>\n<p>Saranno una decina le attivit\u00e0 e gli specialisti impegnati nella preparazione dei men\u00f9: Lorena De Barba, Azienda Agricola Il Tiglio, Coop. Agricola Pascolando, Agriturismo La Schirata, Matia Marchesi, Rifugio Pranolz, Trattoria L\u2019Oasi, Locanda Valmorel, Amici della Pro Loco, Gelati da Fiorindo, Agriturismo Le Zercole e Latteria di Valmorel. Le localit\u00e0 e i locali coinvolti sono Casera De Barba, Malga Van, Malga Montegal, Agriturismo Le Zercole, Malga Canal del Gat, Casermetta, Cortivo De March, Piazza Valmorel, Casera De Fanti e Museo Pian de le Femene.<br \/>\nTracce, men\u00f9, regolamento e ulteriori informazioni sono disponibili al sito www.limanamagnalonga.it<\/p>","protected":false},"excerpt":{"rendered":"<p>\u00c8 tutto pronto per l&#8217;edizione numero 21 della Magnalonga. Sabato 6 giugno 2026, con l&#8217;apertura ufficiale delle iscrizioni, si alzer\u00e0 il sipario su uno degli appuntamenti pi\u00f9 attesi dell&#8217;estate, autentico volano di promozione turistica della Valbelluna in grado di attrarre ogni anno partecipanti da tutto il Triveneto. Il tradizionale evento limanese, che abbina sapientemente escursionismo [&hellip;]<\/p>\n","protected":false},"author":2,"featured_media":170754,"comment_status":"closed","ping_status":"open","sticky":false,"template":"","format":"standard","meta":{"footnotes":""},"categories":[25,4],"tags":[],"class_list":["post-170753","post","type-post","status-publish","format-standard","has-post-thumbnail","category-pausa-caffe","category-sport"],"yoast_head":"<!-- This site is optimized with the Yoast SEO plugin v28.4 - https:\/\/yoast.com\/product\/yoast-seo-wordpress\/ -->\n<title>Limana, Magnalonga 2026: sabato l&#039;apertura delle iscrizioni alla 21ma edizione del 12 luglio - Bellunopress - Dolomiti<\/title>\n<meta name=\"robots\" content=\"index, follow, max-snippet:-1, max-image-preview:large, max-video-preview:-1\" \/>\n<link rel=\"canonical\" href=\"https:\/\/www.bellunopress.it\/fr\/2026\/06\/05\/limana-magnalonga-2026-sabato-lapertura-delle-iscrizioni-alla-21ma-edizione-del-12-luglio\/\" \/>\n<meta property=\"og:locale\" content=\"fr_FR\" \/>\n<meta property=\"og:type\" content=\"article\" \/>\n<meta property=\"og:title\" content=\"Limana, Magnalonga 2026: sabato l&#039;apertura delle iscrizioni alla 21ma edizione del 12 luglio - Bellunopress - Dolomiti\" \/>\n<meta property=\"og:description\" content=\"\u00c8 tutto pronto per l&#8217;edizione numero 21 della Magnalonga. Sabato 6 giugno 2026, con l&#8217;apertura ufficiale delle iscrizioni, si alzer\u00e0 il sipario su uno degli appuntamenti pi\u00f9 attesi dell&#8217;estate, autentico volano di promozione turistica della Valbelluna in grado di attrarre ogni anno partecipanti da tutto il Triveneto. Il tradizionale evento limanese, che abbina sapientemente escursionismo [&hellip;]\" \/>\n<meta property=\"og:url\" content=\"https:\/\/www.bellunopress.it\/fr\/2026\/06\/05\/limana-magnalonga-2026-sabato-lapertura-delle-iscrizioni-alla-21ma-edizione-del-12-luglio\/\" \/>\n<meta property=\"og:site_name\" content=\"Bellunopress - Dolomiti\" \/>\n<meta property=\"article:publisher\" content=\"https:\/\/www.facebook.com\/profile.php?id=100008943462799\" \/>\n<meta property=\"article:published_time\" content=\"2026-06-05T12:58:04+00:00\" \/>\n<meta property=\"og:image\" content=\"https:\/\/www.bellunopress.it\/wp-content\/uploads\/2026\/06\/Magnalonga-2026.jpg\" \/>\n\t<meta property=\"og:image:width\" content=\"353\" \/>\n\t<meta property=\"og:image:height\" content=\"500\" \/>\n\t<meta property=\"og:image:type\" content=\"image\/jpeg\" \/>\n<meta name=\"author\" content=\"redazione\" \/>\n<meta name=\"twitter:card\" content=\"summary_large_image\" \/>\n<meta name=\"twitter:creator\" content=\"@bellunopress\" \/>\n<meta name=\"twitter:site\" content=\"@bellunopress\" \/>\n<meta name=\"twitter:label1\" content=\"\u00c9crit par\" \/>\n\t<meta name=\"twitter:data1\" content=\"redazione\" \/>\n\t<meta name=\"twitter:label2\" content=\"Dur\u00e9e de lecture estim\u00e9e\" \/>\n\t<meta name=\"twitter:data2\" content=\"3 minutes\" \/>\n<script type=\"application\/ld+json\" class=\"yoast-schema-graph\">{\"@context\":\"https:\\\/\\\/schema.org\",\"@graph\":[{\"@type\":\"Article\",\"@id\":\"https:\\\/\\\/www.bellunopress.it\\\/2026\\\/06\\\/05\\\/limana-magnalonga-2026-sabato-lapertura-delle-iscrizioni-alla-21ma-edizione-del-12-luglio\\\/#article\",\"isPartOf\":{\"@id\":\"https:\\\/\\\/www.bellunopress.it\\\/2026\\\/06\\\/05\\\/limana-magnalonga-2026-sabato-lapertura-delle-iscrizioni-alla-21ma-edizione-del-12-luglio\\\/\"},\"author\":{\"name\":\"redazione\",\"@id\":\"https:\\\/\\\/www.bellunopress.it\\\/#\\\/schema\\\/person\\\/79bb06722b37ece1c03d3e94beb30d73\"},\"headline\":\"Limana, Magnalonga 2026: sabato l&#8217;apertura delle iscrizioni alla 21ma edizione del 12 luglio\",\"datePublished\":\"2026-06-05T12:58:04+00:00\",\"mainEntityOfPage\":{\"@id\":\"https:\\\/\\\/www.bellunopress.it\\\/2026\\\/06\\\/05\\\/limana-magnalonga-2026-sabato-lapertura-delle-iscrizioni-alla-21ma-edizione-del-12-luglio\\\/\"},\"wordCount\":468,\"publisher\":{\"@id\":\"https:\\\/\\\/www.bellunopress.it\\\/#organization\"},\"image\":{\"@id\":\"https:\\\/\\\/www.bellunopress.it\\\/2026\\\/06\\\/05\\\/limana-magnalonga-2026-sabato-lapertura-delle-iscrizioni-alla-21ma-edizione-del-12-luglio\\\/#primaryimage\"},\"thumbnailUrl\":\"https:\\\/\\\/www.bellunopress.it\\\/wp-content\\\/uploads\\\/2026\\\/06\\\/Magnalonga-2026.jpg\",\"articleSection\":[\"Pausa Caff\u00e8\",\"Sport, tempo libero\"],\"inLanguage\":\"fr-FR\"},{\"@type\":\"WebPage\",\"@id\":\"https:\\\/\\\/www.bellunopress.it\\\/2026\\\/06\\\/05\\\/limana-magnalonga-2026-sabato-lapertura-delle-iscrizioni-alla-21ma-edizione-del-12-luglio\\\/\",\"url\":\"https:\\\/\\\/www.bellunopress.it\\\/2026\\\/06\\\/05\\\/limana-magnalonga-2026-sabato-lapertura-delle-iscrizioni-alla-21ma-edizione-del-12-luglio\\\/\",\"name\":\"Limana, Magnalonga 2026: sabato l'apertura delle iscrizioni alla 21ma edizione del 12 luglio - Bellunopress - Dolomiti\",\"isPartOf\":{\"@id\":\"https:\\\/\\\/www.bellunopress.it\\\/#website\"},\"primaryImageOfPage\":{\"@id\":\"https:\\\/\\\/www.bellunopress.it\\\/2026\\\/06\\\/05\\\/limana-magnalonga-2026-sabato-lapertura-delle-iscrizioni-alla-21ma-edizione-del-12-luglio\\\/#primaryimage\"},\"image\":{\"@id\":\"https:\\\/\\\/www.bellunopress.it\\\/2026\\\/06\\\/05\\\/limana-magnalonga-2026-sabato-lapertura-delle-iscrizioni-alla-21ma-edizione-del-12-luglio\\\/#primaryimage\"},\"thumbnailUrl\":\"https:\\\/\\\/www.bellunopress.it\\\/wp-content\\\/uploads\\\/2026\\\/06\\\/Magnalonga-2026.jpg\",\"datePublished\":\"2026-06-05T12:58:04+00:00\",\"breadcrumb\":{\"@id\":\"https:\\\/\\\/www.bellunopress.it\\\/2026\\\/06\\\/05\\\/limana-magnalonga-2026-sabato-lapertura-delle-iscrizioni-alla-21ma-edizione-del-12-luglio\\\/#breadcrumb\"},\"inLanguage\":\"fr-FR\",\"potentialAction\":[{\"@type\":\"ReadAction\",\"target\":[\"https:\\\/\\\/www.bellunopress.it\\\/2026\\\/06\\\/05\\\/limana-magnalonga-2026-sabato-lapertura-delle-iscrizioni-alla-21ma-edizione-del-12-luglio\\\/\"]}]},{\"@type\":\"ImageObject\",\"inLanguage\":\"fr-FR\",\"@id\":\"https:\\\/\\\/www.bellunopress.it\\\/2026\\\/06\\\/05\\\/limana-magnalonga-2026-sabato-lapertura-delle-iscrizioni-alla-21ma-edizione-del-12-luglio\\\/#primaryimage\",\"url\":\"https:\\\/\\\/www.bellunopress.it\\\/wp-content\\\/uploads\\\/2026\\\/06\\\/Magnalonga-2026.jpg\",\"contentUrl\":\"https:\\\/\\\/www.bellunopress.it\\\/wp-content\\\/uploads\\\/2026\\\/06\\\/Magnalonga-2026.jpg\",\"width\":353,\"height\":500},{\"@type\":\"BreadcrumbList\",\"@id\":\"https:\\\/\\\/www.bellunopress.it\\\/2026\\\/06\\\/05\\\/limana-magnalonga-2026-sabato-lapertura-delle-iscrizioni-alla-21ma-edizione-del-12-luglio\\\/#breadcrumb\",\"itemListElement\":[{\"@type\":\"ListItem\",\"position\":1,\"name\":\"Home\",\"item\":\"https:\\\/\\\/www.bellunopress.it\\\/\"},{\"@type\":\"ListItem\",\"position\":2,\"name\":\"Limana, Magnalonga 2026: sabato l&#8217;apertura delle iscrizioni alla 21ma edizione del 12 luglio\"}]},{\"@type\":\"WebSite\",\"@id\":\"https:\\\/\\\/www.bellunopress.it\\\/#website\",\"url\":\"https:\\\/\\\/www.bellunopress.it\\\/\",\"name\":\"Bellunopress - Dolomiti\",\"description\":\"e-mail: redazione@bellunopress.it\",\"publisher\":{\"@id\":\"https:\\\/\\\/www.bellunopress.it\\\/#organization\"},\"potentialAction\":[{\"@type\":\"SearchAction\",\"target\":{\"@type\":\"EntryPoint\",\"urlTemplate\":\"https:\\\/\\\/www.bellunopress.it\\\/?s={search_term_string}\"},\"query-input\":{\"@type\":\"PropertyValueSpecification\",\"valueRequired\":true,\"valueName\":\"search_term_string\"}}],\"inLanguage\":\"fr-FR\"},{\"@type\":\"Organization\",\"@id\":\"https:\\\/\\\/www.bellunopress.it\\\/#organization\",\"name\":\"Bellunopress\",\"url\":\"https:\\\/\\\/www.bellunopress.it\\\/\",\"logo\":{\"@type\":\"ImageObject\",\"inLanguage\":\"fr-FR\",\"@id\":\"https:\\\/\\\/www.bellunopress.it\\\/#\\\/schema\\\/logo\\\/image\\\/\",\"url\":\"https:\\\/\\\/www.bellunopress.it\\\/wp-content\\\/uploads\\\/2011\\\/05\\\/cropped-logo-bellunopress-.jpg\",\"contentUrl\":\"https:\\\/\\\/www.bellunopress.it\\\/wp-content\\\/uploads\\\/2011\\\/05\\\/cropped-logo-bellunopress-.jpg\",\"width\":512,\"height\":512,\"caption\":\"Bellunopress\"},\"image\":{\"@id\":\"https:\\\/\\\/www.bellunopress.it\\\/#\\\/schema\\\/logo\\\/image\\\/\"},\"sameAs\":[\"https:\\\/\\\/www.facebook.com\\\/profile.php?id=100008943462799\",\"https:\\\/\\\/x.com\\\/bellunopress\",\"https:\\\/\\\/www.linkedin.com\\\/hp\\\/?dnr=JBzUWaJfMUw8vbXJJ2tVW5-I3jZKvC4wsoxE&amp;amp;amp;amp;amp;amp;trk=nav_responsive_tab_home\",\"https:\\\/\\\/www.youtube.com\\\/channel\\\/UCxL0wu1uN0_3_7hGG0306cw\"]},{\"@type\":\"Person\",\"@id\":\"https:\\\/\\\/www.bellunopress.it\\\/#\\\/schema\\\/person\\\/79bb06722b37ece1c03d3e94beb30d73\",\"name\":\"redazione\",\"image\":{\"@type\":\"ImageObject\",\"inLanguage\":\"fr-FR\",\"@id\":\"https:\\\/\\\/secure.gravatar.com\\\/avatar\\\/37d968a2e67a6fd04c169c4bdef102d0bc5d31b2546345219e348575eb80e9a0?s=96&d=mm&r=g\",\"url\":\"https:\\\/\\\/secure.gravatar.com\\\/avatar\\\/37d968a2e67a6fd04c169c4bdef102d0bc5d31b2546345219e348575eb80e9a0?s=96&d=mm&r=g\",\"contentUrl\":\"https:\\\/\\\/secure.gravatar.com\\\/avatar\\\/37d968a2e67a6fd04c169c4bdef102d0bc5d31b2546345219e348575eb80e9a0?s=96&d=mm&r=g\",\"caption\":\"redazione\"},\"sameAs\":[\"http:\\\/\\\/www.bellunopress.it\",\"https:\\\/\\\/x.com\\\/bellunopress\"],\"url\":\"https:\\\/\\\/www.bellunopress.it\\\/fr\\\/author\\\/redazione\\\/\"}]}<\/script>\n<!-- \/ Yoast SEO plugin. -->","yoast_head_json":{"title":"Limana, Magnalonga 2026: sabato l'apertura delle iscrizioni alla 21ma edizione del 12 luglio - Bellunopress - Dolomiti","robots":{"index":"index","follow":"follow","max-snippet":"max-snippet:-1","max-image-preview":"max-image-preview:large","max-video-preview":"max-video-preview:-1"},"canonical":"https:\/\/www.bellunopress.it\/fr\/2026\/06\/05\/limana-magnalonga-2026-sabato-lapertura-delle-iscrizioni-alla-21ma-edizione-del-12-luglio\/","og_locale":"fr_FR","og_type":"article","og_title":"Limana, Magnalonga 2026: sabato l'apertura delle iscrizioni alla 21ma edizione del 12 luglio - Bellunopress - Dolomiti","og_description":"\u00c8 tutto pronto per l&#8217;edizione numero 21 della Magnalonga. Sabato 6 giugno 2026, con l&#8217;apertura ufficiale delle iscrizioni, si alzer\u00e0 il sipario su uno degli appuntamenti pi\u00f9 attesi dell&#8217;estate, autentico volano di promozione turistica della Valbelluna in grado di attrarre ogni anno partecipanti da tutto il Triveneto. Il tradizionale evento limanese, che abbina sapientemente escursionismo [&hellip;]","og_url":"https:\/\/www.bellunopress.it\/fr\/2026\/06\/05\/limana-magnalonga-2026-sabato-lapertura-delle-iscrizioni-alla-21ma-edizione-del-12-luglio\/","og_site_name":"Bellunopress - Dolomiti","article_publisher":"https:\/\/www.facebook.com\/profile.php?id=100008943462799","article_published_time":"2026-06-05T12:58:04+00:00","og_image":[{"width":353,"height":500,"url":"https:\/\/www.bellunopress.it\/wp-content\/uploads\/2026\/06\/Magnalonga-2026.jpg","type":"image\/jpeg"}],"author":"redazione","twitter_card":"summary_large_image","twitter_creator":"@bellunopress","twitter_site":"@bellunopress","twitter_misc":{"\u00c9crit par":"redazione","Dur\u00e9e de lecture estim\u00e9e":"3 minutes"},"schema":{"@context":"https:\/\/schema.org","@graph":[{"@type":"Article","@id":"https:\/\/www.bellunopress.it\/2026\/06\/05\/limana-magnalonga-2026-sabato-lapertura-delle-iscrizioni-alla-21ma-edizione-del-12-luglio\/#article","isPartOf":{"@id":"https:\/\/www.bellunopress.it\/2026\/06\/05\/limana-magnalonga-2026-sabato-lapertura-delle-iscrizioni-alla-21ma-edizione-del-12-luglio\/"},"author":{"name":"redazione","@id":"https:\/\/www.bellunopress.it\/#\/schema\/person\/79bb06722b37ece1c03d3e94beb30d73"},"headline":"Limana, Magnalonga 2026: sabato l&#8217;apertura delle iscrizioni alla 21ma edizione del 12 luglio","datePublished":"2026-06-05T12:58:04+00:00","mainEntityOfPage":{"@id":"https:\/\/www.bellunopress.it\/2026\/06\/05\/limana-magnalonga-2026-sabato-lapertura-delle-iscrizioni-alla-21ma-edizione-del-12-luglio\/"},"wordCount":468,"publisher":{"@id":"https:\/\/www.bellunopress.it\/#organization"},"image":{"@id":"https:\/\/www.bellunopress.it\/2026\/06\/05\/limana-magnalonga-2026-sabato-lapertura-delle-iscrizioni-alla-21ma-edizione-del-12-luglio\/#primaryimage"},"thumbnailUrl":"https:\/\/www.bellunopress.it\/wp-content\/uploads\/2026\/06\/Magnalonga-2026.jpg","articleSection":["Pausa Caff\u00e8","Sport, tempo libero"],"inLanguage":"fr-FR"},{"@type":"WebPage","@id":"https:\/\/www.bellunopress.it\/2026\/06\/05\/limana-magnalonga-2026-sabato-lapertura-delle-iscrizioni-alla-21ma-edizione-del-12-luglio\/","url":"https:\/\/www.bellunopress.it\/2026\/06\/05\/limana-magnalonga-2026-sabato-lapertura-delle-iscrizioni-alla-21ma-edizione-del-12-luglio\/","name":"Limana, Magnalonga 2026: sabato l'apertura delle iscrizioni alla 21ma edizione del 12 luglio - Bellunopress - Dolomiti","isPartOf":{"@id":"https:\/\/www.bellunopress.it\/#website"},"primaryImageOfPage":{"@id":"https:\/\/www.bellunopress.it\/2026\/06\/05\/limana-magnalonga-2026-sabato-lapertura-delle-iscrizioni-alla-21ma-edizione-del-12-luglio\/#primaryimage"},"image":{"@id":"https:\/\/www.bellunopress.it\/2026\/06\/05\/limana-magnalonga-2026-sabato-lapertura-delle-iscrizioni-alla-21ma-edizione-del-12-luglio\/#primaryimage"},"thumbnailUrl":"https:\/\/www.bellunopress.it\/wp-content\/uploads\/2026\/06\/Magnalonga-2026.jpg","datePublished":"2026-06-05T12:58:04+00:00","breadcrumb":{"@id":"https:\/\/www.bellunopress.it\/2026\/06\/05\/limana-magnalonga-2026-sabato-lapertura-delle-iscrizioni-alla-21ma-edizione-del-12-luglio\/#breadcrumb"},"inLanguage":"fr-FR","potentialAction":[{"@type":"ReadAction","target":["https:\/\/www.bellunopress.it\/2026\/06\/05\/limana-magnalonga-2026-sabato-lapertura-delle-iscrizioni-alla-21ma-edizione-del-12-luglio\/"]}]},{"@type":"ImageObject","inLanguage":"fr-FR","@id":"https:\/\/www.bellunopress.it\/2026\/06\/05\/limana-magnalonga-2026-sabato-lapertura-delle-iscrizioni-alla-21ma-edizione-del-12-luglio\/#primaryimage","url":"https:\/\/www.bellunopress.it\/wp-content\/uploads\/2026\/06\/Magnalonga-2026.jpg","contentUrl":"https:\/\/www.bellunopress.it\/wp-content\/uploads\/2026\/06\/Magnalonga-2026.jpg","width":353,"height":500},{"@type":"BreadcrumbList","@id":"https:\/\/www.bellunopress.it\/2026\/06\/05\/limana-magnalonga-2026-sabato-lapertura-delle-iscrizioni-alla-21ma-edizione-del-12-luglio\/#breadcrumb","itemListElement":[{"@type":"ListItem","position":1,"name":"Home","item":"https:\/\/www.bellunopress.it\/"},{"@type":"ListItem","position":2,"name":"Limana, Magnalonga 2026: sabato l&#8217;apertura delle iscrizioni alla 21ma edizione del 12 luglio"}]},{"@type":"WebSite","@id":"https:\/\/www.bellunopress.it\/#website","url":"https:\/\/www.bellunopress.it\/","name":"Bellunopress - Dolomiti","description":"e-mail: redazione@bellunopress.it","publisher":{"@id":"https:\/\/www.bellunopress.it\/#organization"},"potentialAction":[{"@type":"SearchAction","target":{"@type":"EntryPoint","urlTemplate":"https:\/\/www.bellunopress.it\/?s={search_term_string}"},"query-input":{"@type":"PropertyValueSpecification","valueRequired":true,"valueName":"search_term_string"}}],"inLanguage":"fr-FR"},{"@type":"Organization","@id":"https:\/\/www.bellunopress.it\/#organization","name":"Bellunopress","url":"https:\/\/www.bellunopress.it\/","logo":{"@type":"ImageObject","inLanguage":"fr-FR","@id":"https:\/\/www.bellunopress.it\/#\/schema\/logo\/image\/","url":"https:\/\/www.bellunopress.it\/wp-content\/uploads\/2011\/05\/cropped-logo-bellunopress-.jpg","contentUrl":"https:\/\/www.bellunopress.it\/wp-content\/uploads\/2011\/05\/cropped-logo-bellunopress-.jpg","width":512,"height":512,"caption":"Bellunopress"},"image":{"@id":"https:\/\/www.bellunopress.it\/#\/schema\/logo\/image\/"},"sameAs":["https:\/\/www.facebook.com\/profile.php?id=100008943462799","https:\/\/x.com\/bellunopress","https:\/\/www.linkedin.com\/hp\/?dnr=JBzUWaJfMUw8vbXJJ2tVW5-I3jZKvC4wsoxE&amp;amp;amp;amp;amp;amp;trk=nav_responsive_tab_home","https:\/\/www.youtube.com\/channel\/UCxL0wu1uN0_3_7hGG0306cw"]},{"@type":"Person","@id":"https:\/\/www.bellunopress.it\/#\/schema\/person\/79bb06722b37ece1c03d3e94beb30d73","name":"r\u00e9daction","image":{"@type":"ImageObject","inLanguage":"fr-FR","@id":"https:\/\/secure.gravatar.com\/avatar\/37d968a2e67a6fd04c169c4bdef102d0bc5d31b2546345219e348575eb80e9a0?s=96&d=mm&r=g","url":"https:\/\/secure.gravatar.com\/avatar\/37d968a2e67a6fd04c169c4bdef102d0bc5d31b2546345219e348575eb80e9a0?s=96&d=mm&r=g","contentUrl":"https:\/\/secure.gravatar.com\/avatar\/37d968a2e67a6fd04c169c4bdef102d0bc5d31b2546345219e348575eb80e9a0?s=96&d=mm&r=g","caption":"redazione"},"sameAs":["http:\/\/www.bellunopress.it","https:\/\/x.com\/bellunopress"],"url":"https:\/\/www.bellunopress.it\/fr\/author\/redazione\/"}]}},"_links":{"self":[{"href":"https:\/\/www.bellunopress.it\/fr\/wp-json\/wp\/v2\/posts\/170753","targetHints":{"allow":["GET"]}}],"collection":[{"href":"https:\/\/www.bellunopress.it\/fr\/wp-json\/wp\/v2\/posts"}],"about":[{"href":"https:\/\/www.bellunopress.it\/fr\/wp-json\/wp\/v2\/types\/post"}],"author":[{"embeddable":true,"href":"https:\/\/www.bellunopress.it\/fr\/wp-json\/wp\/v2\/users\/2"}],"replies":[{"embeddable":true,"href":"https:\/\/www.bellunopress.it\/fr\/wp-json\/wp\/v2\/comments?post=170753"}],"version-history":[{"count":1,"href":"https:\/\/www.bellunopress.it\/fr\/wp-json\/wp\/v2\/posts\/170753\/revisions"}],"predecessor-version":[{"id":170755,"href":"https:\/\/www.bellunopress.it\/fr\/wp-json\/wp\/v2\/posts\/170753\/revisions\/170755"}],"wp:featuredmedia":[{"embeddable":true,"href":"https:\/\/www.bellunopress.it\/fr\/wp-json\/wp\/v2\/media\/170754"}],"wp:attachment":[{"href":"https:\/\/www.bellunopress.it\/fr\/wp-json\/wp\/v2\/media?parent=170753"}],"wp:term":[{"taxonomy":"category","embeddable":true,"href":"https:\/\/www.bellunopress.it\/fr\/wp-json\/wp\/v2\/categories?post=170753"},{"taxonomy":"post_tag","embeddable":true,"href":"https:\/\/www.bellunopress.it\/fr\/wp-json\/wp\/v2\/tags?post=170753"}],"curies":[{"name":"wp","href":"https:\/\/api.w.org\/{rel}","templated":true}]}}