{"id":170751,"date":"2026-06-05T13:17:25","date_gmt":"2026-06-05T11:17:25","guid":{"rendered":"https:\/\/www.bellunopress.it\/?p=170751"},"modified":"2026-06-05T13:17:25","modified_gmt":"2026-06-05T11:17:25","slug":"larma-dei-carabinieri-celebra-la-sua-storia-siamo-custodi-del-legame-con-le-comunita","status":"publish","type":"post","link":"https:\/\/www.bellunopress.it\/fr\/2026\/06\/05\/larma-dei-carabinieri-celebra-la-sua-storia-siamo-custodi-del-legame-con-le-comunita\/","title":{"rendered":"L\u2019Arma dei Carabinieri celebra la sua storia: &#8220;Siamo custodi del legame con le comunit\u00e0&#8221;"},"content":{"rendered":"<p data-path-to-node=\"3\">Belluno, 5 giugno 2026 &#8211;\u00a0Oltre due secoli di storia, una bussola etica fatta di militarit\u00e0, competenza, coraggio e umilt\u00e0, e un obiettivo che non cambia nel tempo: essere vicini ai cittadini. Con questo spirito, l\u2019Arma dei Carabinieri ha celebrato il 212\u00b0 Annuale di Fondazione, un momento solenne che ha permesso di tracciare un bilancio dell&#8217;attivit\u00e0 nel Bellunese e di rinnovare il patto di fiducia con il territorio.<\/p>\n<p data-path-to-node=\"5\">Nel suo intervento, il Colonnello Carmelo Rustico, Comandante Provinciale di Belluno, ha richiamato l\u2019attenzione su un valore cardine per l&#8217;Istituzione: la \u00abcultura dell\u2019essere\u00bb, posta in netta antitesi con la cultura dell\u2019apparire. \u00ab\u00c8 grazie alla dedizione silenziosa di ciascun Carabiniere e all\u2019impegno corale dei reparti, non certo alla ricerca di clamore, che l\u2019Arma ha guadagnato l\u2019appellativo di Benemerita\u00bb, ha sottolineato il Colonnello, ricordando come le 24 Stazioni presenti in provincia rappresentino, pi\u00f9 che meri presidi, dei veri e propri \u00abavamposti di prossimit\u00e0\u00bb.<\/p>\n<p data-path-to-node=\"7\">Il lavoro dell&#8217;Arma nel Bellunese si traduce in dati significativi: nell&#8217;ultimo anno, tra il Reparto Operativo, i Nuclei Radiomobile di Belluno, Cortina e Feltre e le Stazioni, sono stati effettuati oltre 16.000 servizi esterni. Un impegno che ha visto i militari procedere per il 78% del totale dei reati verificatisi in provincia.<\/p>\n<p data-path-to-node=\"8\">Lo sguardo, tuttavia, rimane rivolto al futuro e alle minacce emergenti. Il Colonnello Rustico ha ribadito la massima attenzione su tre fronti critici:<\/p>\n<ul data-path-to-node=\"9\">\n<li>\n<p data-path-to-node=\"9,0,0\">Contrasto alle infiltrazioni criminali: come dimostrato dall&#8217;operazione a Cortina d&#8217;Ampezzo che ha neutralizzato sul nascere tentativi di infiltrazione mafiosa negli appalti olimpici.<\/p>\n<\/li>\n<li>\n<p data-path-to-node=\"9,1,0\">Disagio giovanile: una sfida che l&#8217;Arma affronta quotidianamente nelle scuole, con oltre 80 incontri che hanno coinvolto 3.300 studenti.<\/p>\n<\/li>\n<li>\n<p data-path-to-node=\"9,2,0\">Truffe agli anziani: un fenomeno odioso contrastato con azioni preventive e investigative costanti per proteggere le fasce pi\u00f9 fragili.<\/p>\n<\/li>\n<\/ul>\n<p data-path-to-node=\"11\">Un passaggio fondamentale del discorso ha riguardato l&#8217;impegno profuso durante le Olimpiadi e Paralimpiadi Invernali \u201cMilano-Cortina 2026\u201d. L&#8217;evento, di portata storica, ha visto il sistema di sicurezza \u2013 caratterizzato dalla leale collaborazione tra Carabinieri, Polizia e Guardia di Finanza \u2013 offrire un&#8217;immagine di efficienza istituzionale apprezzata sia dalla popolazione che dalle autorit\u00e0 internazionali.<\/p>\n<h3 data-path-to-node=\"12\">Riconoscimenti per il coraggio e la dedizione<\/h3>\n<p data-path-to-node=\"13\">La cerimonia \u00e8 stata anche l&#8217;occasione per premiare i militari che si sono distinti in operazioni di particolare rilievo. Tra le attivit\u00e0 premiate:<\/p>\n<ul data-path-to-node=\"14\">\n<li>\n<p data-path-to-node=\"14,0,0\">Operazioni investigative: dal duro colpo alla criminalit\u00e0 organizzata nel Cadore al contrasto allo sfruttamento della prostituzione nel Sedicense, fino alla lotta contro i furti in abitazione nel Feltrino e lo spaccio di stupefacenti a Setteville.<\/p>\n<\/li>\n<li>\n<p data-path-to-node=\"14,1,0\">Eroismo e umanit\u00e0: toccante il riconoscimento al personale della Stazione di Caprile, che ha salvato la vita a un anziano colpito da infarto, e ai militari di Feltre, che hanno strappato un giovane al tentativo di suicidio su un viadotto.<\/p>\n<\/li>\n<li>\n<p data-path-to-node=\"14,2,0\">Specialit\u00e0 e impegno: \u00e8 stato premiato anche il contributo dei Nuclei Elicotteri, fondamentali per la sicurezza olimpica, e l&#8217;impegno costante nella difesa dell&#8217;ambiente dei Carabinieri Forestali.<\/p>\n<\/li>\n<\/ul>\n<p data-path-to-node=\"15\">Un momento simbolico di grande valore \u00e8 stato il riconoscimento alla Scuola Primaria di Badilet, a cui \u00e8 stato donato l&#8217;Albero di Falcone. Un gesto che riassume la missione dei Carabinieri: seminare legalit\u00e0 per costruire, insieme alle nuove generazioni, un futuro pi\u00f9 giusto e consapevole.<\/p>\n<p data-path-to-node=\"17\"><i data-path-to-node=\"17\" data-index-in-node=\"0\">Si tratta di un impegno, quello dell&#8217;Arma, che non deflette: come sottolineato dal Comandante Provinciale, i Carabinieri restano, oggi come ieri, &#8220;nel cuore della gente&#8221;, pronti a fare da scudo dove si profila un pericolo.<\/i><\/p>","protected":false},"excerpt":{"rendered":"<p>Belluno, 5 giugno 2026 &#8211;\u00a0Oltre due secoli di storia, una bussola etica fatta di militarit\u00e0, competenza, coraggio e umilt\u00e0, e un obiettivo che non cambia nel tempo: essere vicini ai cittadini. Con questo spirito, l\u2019Arma dei Carabinieri ha celebrato il 212\u00b0 Annuale di Fondazione, un momento solenne che ha permesso di tracciare un bilancio dell&#8217;attivit\u00e0 [&hellip;]<\/p>\n","protected":false},"author":2,"featured_media":170732,"comment_status":"closed","ping_status":"open","sticky":false,"template":"","format":"standard","meta":{"footnotes":""},"categories":[26,8],"tags":[],"class_list":["post-170751","post","type-post","status-publish","format-standard","has-post-thumbnail","category-prima-pagina","category-societa-istituzioni"],"yoast_head":"<!-- This site is optimized with the Yoast SEO plugin v28.4 - https:\/\/yoast.com\/product\/yoast-seo-wordpress\/ -->\n<title>L\u2019Arma dei Carabinieri celebra la sua storia: &quot;Siamo custodi del legame con le comunit\u00e0&quot; - Bellunopress - Dolomiti<\/title>\n<meta name=\"robots\" content=\"index, follow, max-snippet:-1, max-image-preview:large, max-video-preview:-1\" \/>\n<link rel=\"canonical\" href=\"https:\/\/www.bellunopress.it\/fr\/2026\/06\/05\/larma-dei-carabinieri-celebra-la-sua-storia-siamo-custodi-del-legame-con-le-comunita\/\" \/>\n<meta property=\"og:locale\" content=\"fr_FR\" \/>\n<meta property=\"og:type\" content=\"article\" \/>\n<meta property=\"og:title\" content=\"L\u2019Arma dei Carabinieri celebra la sua storia: &quot;Siamo custodi del legame con le comunit\u00e0&quot; - Bellunopress - Dolomiti\" \/>\n<meta property=\"og:description\" content=\"Belluno, 5 giugno 2026 &#8211;\u00a0Oltre due secoli di storia, una bussola etica fatta di militarit\u00e0, competenza, coraggio e umilt\u00e0, e un obiettivo che non cambia nel tempo: essere vicini ai cittadini. Con questo spirito, l\u2019Arma dei Carabinieri ha celebrato il 212\u00b0 Annuale di Fondazione, un momento solenne che ha permesso di tracciare un bilancio dell&#8217;attivit\u00e0 [&hellip;]\" \/>\n<meta property=\"og:url\" content=\"https:\/\/www.bellunopress.it\/fr\/2026\/06\/05\/larma-dei-carabinieri-celebra-la-sua-storia-siamo-custodi-del-legame-con-le-comunita\/\" \/>\n<meta property=\"og:site_name\" content=\"Bellunopress - Dolomiti\" \/>\n<meta property=\"article:publisher\" content=\"https:\/\/www.facebook.com\/profile.php?id=100008943462799\" \/>\n<meta property=\"article:published_time\" content=\"2026-06-05T11:17:25+00:00\" \/>\n<meta property=\"og:image\" content=\"https:\/\/www.bellunopress.it\/wp-content\/uploads\/2026\/06\/colonnello-Carmelo-Rustico-comand-prov-CC.jpeg\" \/>\n\t<meta property=\"og:image:width\" content=\"600\" \/>\n\t<meta property=\"og:image:height\" content=\"450\" \/>\n\t<meta property=\"og:image:type\" content=\"image\/jpeg\" \/>\n<meta name=\"author\" content=\"redazione\" \/>\n<meta name=\"twitter:card\" content=\"summary_large_image\" \/>\n<meta name=\"twitter:creator\" content=\"@bellunopress\" \/>\n<meta name=\"twitter:site\" content=\"@bellunopress\" \/>\n<meta name=\"twitter:label1\" content=\"\u00c9crit par\" \/>\n\t<meta name=\"twitter:data1\" content=\"redazione\" \/>\n\t<meta name=\"twitter:label2\" content=\"Dur\u00e9e de lecture estim\u00e9e\" \/>\n\t<meta name=\"twitter:data2\" content=\"4 minutes\" \/>\n<script type=\"application\/ld+json\" class=\"yoast-schema-graph\">{\"@context\":\"https:\\\/\\\/schema.org\",\"@graph\":[{\"@type\":\"Article\",\"@id\":\"https:\\\/\\\/www.bellunopress.it\\\/2026\\\/06\\\/05\\\/larma-dei-carabinieri-celebra-la-sua-storia-siamo-custodi-del-legame-con-le-comunita\\\/#article\",\"isPartOf\":{\"@id\":\"https:\\\/\\\/www.bellunopress.it\\\/2026\\\/06\\\/05\\\/larma-dei-carabinieri-celebra-la-sua-storia-siamo-custodi-del-legame-con-le-comunita\\\/\"},\"author\":{\"name\":\"redazione\",\"@id\":\"https:\\\/\\\/www.bellunopress.it\\\/#\\\/schema\\\/person\\\/79bb06722b37ece1c03d3e94beb30d73\"},\"headline\":\"L\u2019Arma dei Carabinieri celebra la sua storia: &#8220;Siamo custodi del legame con le comunit\u00e0&#8221;\",\"datePublished\":\"2026-06-05T11:17:25+00:00\",\"mainEntityOfPage\":{\"@id\":\"https:\\\/\\\/www.bellunopress.it\\\/2026\\\/06\\\/05\\\/larma-dei-carabinieri-celebra-la-sua-storia-siamo-custodi-del-legame-con-le-comunita\\\/\"},\"wordCount\":569,\"publisher\":{\"@id\":\"https:\\\/\\\/www.bellunopress.it\\\/#organization\"},\"image\":{\"@id\":\"https:\\\/\\\/www.bellunopress.it\\\/2026\\\/06\\\/05\\\/larma-dei-carabinieri-celebra-la-sua-storia-siamo-custodi-del-legame-con-le-comunita\\\/#primaryimage\"},\"thumbnailUrl\":\"https:\\\/\\\/www.bellunopress.it\\\/wp-content\\\/uploads\\\/2026\\\/06\\\/colonnello-Carmelo-Rustico-comand-prov-CC.jpeg\",\"articleSection\":[\"Prima Pagina\",\"Societ\u00e0, Associazioni, Istituzioni\"],\"inLanguage\":\"fr-FR\"},{\"@type\":\"WebPage\",\"@id\":\"https:\\\/\\\/www.bellunopress.it\\\/2026\\\/06\\\/05\\\/larma-dei-carabinieri-celebra-la-sua-storia-siamo-custodi-del-legame-con-le-comunita\\\/\",\"url\":\"https:\\\/\\\/www.bellunopress.it\\\/2026\\\/06\\\/05\\\/larma-dei-carabinieri-celebra-la-sua-storia-siamo-custodi-del-legame-con-le-comunita\\\/\",\"name\":\"L\u2019Arma dei Carabinieri celebra la sua storia: \\\"Siamo custodi del legame con le comunit\u00e0\\\" - Bellunopress - Dolomiti\",\"isPartOf\":{\"@id\":\"https:\\\/\\\/www.bellunopress.it\\\/#website\"},\"primaryImageOfPage\":{\"@id\":\"https:\\\/\\\/www.bellunopress.it\\\/2026\\\/06\\\/05\\\/larma-dei-carabinieri-celebra-la-sua-storia-siamo-custodi-del-legame-con-le-comunita\\\/#primaryimage\"},\"image\":{\"@id\":\"https:\\\/\\\/www.bellunopress.it\\\/2026\\\/06\\\/05\\\/larma-dei-carabinieri-celebra-la-sua-storia-siamo-custodi-del-legame-con-le-comunita\\\/#primaryimage\"},\"thumbnailUrl\":\"https:\\\/\\\/www.bellunopress.it\\\/wp-content\\\/uploads\\\/2026\\\/06\\\/colonnello-Carmelo-Rustico-comand-prov-CC.jpeg\",\"datePublished\":\"2026-06-05T11:17:25+00:00\",\"breadcrumb\":{\"@id\":\"https:\\\/\\\/www.bellunopress.it\\\/2026\\\/06\\\/05\\\/larma-dei-carabinieri-celebra-la-sua-storia-siamo-custodi-del-legame-con-le-comunita\\\/#breadcrumb\"},\"inLanguage\":\"fr-FR\",\"potentialAction\":[{\"@type\":\"ReadAction\",\"target\":[\"https:\\\/\\\/www.bellunopress.it\\\/2026\\\/06\\\/05\\\/larma-dei-carabinieri-celebra-la-sua-storia-siamo-custodi-del-legame-con-le-comunita\\\/\"]}]},{\"@type\":\"ImageObject\",\"inLanguage\":\"fr-FR\",\"@id\":\"https:\\\/\\\/www.bellunopress.it\\\/2026\\\/06\\\/05\\\/larma-dei-carabinieri-celebra-la-sua-storia-siamo-custodi-del-legame-con-le-comunita\\\/#primaryimage\",\"url\":\"https:\\\/\\\/www.bellunopress.it\\\/wp-content\\\/uploads\\\/2026\\\/06\\\/colonnello-Carmelo-Rustico-comand-prov-CC.jpeg\",\"contentUrl\":\"https:\\\/\\\/www.bellunopress.it\\\/wp-content\\\/uploads\\\/2026\\\/06\\\/colonnello-Carmelo-Rustico-comand-prov-CC.jpeg\",\"width\":600,\"height\":450,\"caption\":\"Colonnello Carmelo Rustico - Comandante provinciale dei Carabinieri\"},{\"@type\":\"BreadcrumbList\",\"@id\":\"https:\\\/\\\/www.bellunopress.it\\\/2026\\\/06\\\/05\\\/larma-dei-carabinieri-celebra-la-sua-storia-siamo-custodi-del-legame-con-le-comunita\\\/#breadcrumb\",\"itemListElement\":[{\"@type\":\"ListItem\",\"position\":1,\"name\":\"Home\",\"item\":\"https:\\\/\\\/www.bellunopress.it\\\/\"},{\"@type\":\"ListItem\",\"position\":2,\"name\":\"L\u2019Arma dei Carabinieri celebra la sua storia: &#8220;Siamo custodi del legame con le comunit\u00e0&#8221;\"}]},{\"@type\":\"WebSite\",\"@id\":\"https:\\\/\\\/www.bellunopress.it\\\/#website\",\"url\":\"https:\\\/\\\/www.bellunopress.it\\\/\",\"name\":\"Bellunopress - Dolomiti\",\"description\":\"e-mail: redazione@bellunopress.it\",\"publisher\":{\"@id\":\"https:\\\/\\\/www.bellunopress.it\\\/#organization\"},\"potentialAction\":[{\"@type\":\"SearchAction\",\"target\":{\"@type\":\"EntryPoint\",\"urlTemplate\":\"https:\\\/\\\/www.bellunopress.it\\\/?s={search_term_string}\"},\"query-input\":{\"@type\":\"PropertyValueSpecification\",\"valueRequired\":true,\"valueName\":\"search_term_string\"}}],\"inLanguage\":\"fr-FR\"},{\"@type\":\"Organization\",\"@id\":\"https:\\\/\\\/www.bellunopress.it\\\/#organization\",\"name\":\"Bellunopress\",\"url\":\"https:\\\/\\\/www.bellunopress.it\\\/\",\"logo\":{\"@type\":\"ImageObject\",\"inLanguage\":\"fr-FR\",\"@id\":\"https:\\\/\\\/www.bellunopress.it\\\/#\\\/schema\\\/logo\\\/image\\\/\",\"url\":\"https:\\\/\\\/www.bellunopress.it\\\/wp-content\\\/uploads\\\/2011\\\/05\\\/cropped-logo-bellunopress-.jpg\",\"contentUrl\":\"https:\\\/\\\/www.bellunopress.it\\\/wp-content\\\/uploads\\\/2011\\\/05\\\/cropped-logo-bellunopress-.jpg\",\"width\":512,\"height\":512,\"caption\":\"Bellunopress\"},\"image\":{\"@id\":\"https:\\\/\\\/www.bellunopress.it\\\/#\\\/schema\\\/logo\\\/image\\\/\"},\"sameAs\":[\"https:\\\/\\\/www.facebook.com\\\/profile.php?id=100008943462799\",\"https:\\\/\\\/x.com\\\/bellunopress\",\"https:\\\/\\\/www.linkedin.com\\\/hp\\\/?dnr=JBzUWaJfMUw8vbXJJ2tVW5-I3jZKvC4wsoxE&amp;amp;amp;amp;amp;amp;trk=nav_responsive_tab_home\",\"https:\\\/\\\/www.youtube.com\\\/channel\\\/UCxL0wu1uN0_3_7hGG0306cw\"]},{\"@type\":\"Person\",\"@id\":\"https:\\\/\\\/www.bellunopress.it\\\/#\\\/schema\\\/person\\\/79bb06722b37ece1c03d3e94beb30d73\",\"name\":\"redazione\",\"image\":{\"@type\":\"ImageObject\",\"inLanguage\":\"fr-FR\",\"@id\":\"https:\\\/\\\/secure.gravatar.com\\\/avatar\\\/37d968a2e67a6fd04c169c4bdef102d0bc5d31b2546345219e348575eb80e9a0?s=96&d=mm&r=g\",\"url\":\"https:\\\/\\\/secure.gravatar.com\\\/avatar\\\/37d968a2e67a6fd04c169c4bdef102d0bc5d31b2546345219e348575eb80e9a0?s=96&d=mm&r=g\",\"contentUrl\":\"https:\\\/\\\/secure.gravatar.com\\\/avatar\\\/37d968a2e67a6fd04c169c4bdef102d0bc5d31b2546345219e348575eb80e9a0?s=96&d=mm&r=g\",\"caption\":\"redazione\"},\"sameAs\":[\"http:\\\/\\\/www.bellunopress.it\",\"https:\\\/\\\/x.com\\\/bellunopress\"],\"url\":\"https:\\\/\\\/www.bellunopress.it\\\/fr\\\/author\\\/redazione\\\/\"}]}<\/script>\n<!-- \/ Yoast SEO plugin. -->","yoast_head_json":{"title":"L\u2019Arma dei Carabinieri celebra la sua storia: \"Siamo custodi del legame con le comunit\u00e0\" - Bellunopress - Dolomiti","robots":{"index":"index","follow":"follow","max-snippet":"max-snippet:-1","max-image-preview":"max-image-preview:large","max-video-preview":"max-video-preview:-1"},"canonical":"https:\/\/www.bellunopress.it\/fr\/2026\/06\/05\/larma-dei-carabinieri-celebra-la-sua-storia-siamo-custodi-del-legame-con-le-comunita\/","og_locale":"fr_FR","og_type":"article","og_title":"L\u2019Arma dei Carabinieri celebra la sua storia: \"Siamo custodi del legame con le comunit\u00e0\" - Bellunopress - Dolomiti","og_description":"Belluno, 5 giugno 2026 &#8211;\u00a0Oltre due secoli di storia, una bussola etica fatta di militarit\u00e0, competenza, coraggio e umilt\u00e0, e un obiettivo che non cambia nel tempo: essere vicini ai cittadini. Con questo spirito, l\u2019Arma dei Carabinieri ha celebrato il 212\u00b0 Annuale di Fondazione, un momento solenne che ha permesso di tracciare un bilancio dell&#8217;attivit\u00e0 [&hellip;]","og_url":"https:\/\/www.bellunopress.it\/fr\/2026\/06\/05\/larma-dei-carabinieri-celebra-la-sua-storia-siamo-custodi-del-legame-con-le-comunita\/","og_site_name":"Bellunopress - Dolomiti","article_publisher":"https:\/\/www.facebook.com\/profile.php?id=100008943462799","article_published_time":"2026-06-05T11:17:25+00:00","og_image":[{"width":600,"height":450,"url":"https:\/\/www.bellunopress.it\/wp-content\/uploads\/2026\/06\/colonnello-Carmelo-Rustico-comand-prov-CC.jpeg","type":"image\/jpeg"}],"author":"redazione","twitter_card":"summary_large_image","twitter_creator":"@bellunopress","twitter_site":"@bellunopress","twitter_misc":{"\u00c9crit par":"redazione","Dur\u00e9e de lecture estim\u00e9e":"4 minutes"},"schema":{"@context":"https:\/\/schema.org","@graph":[{"@type":"Article","@id":"https:\/\/www.bellunopress.it\/2026\/06\/05\/larma-dei-carabinieri-celebra-la-sua-storia-siamo-custodi-del-legame-con-le-comunita\/#article","isPartOf":{"@id":"https:\/\/www.bellunopress.it\/2026\/06\/05\/larma-dei-carabinieri-celebra-la-sua-storia-siamo-custodi-del-legame-con-le-comunita\/"},"author":{"name":"redazione","@id":"https:\/\/www.bellunopress.it\/#\/schema\/person\/79bb06722b37ece1c03d3e94beb30d73"},"headline":"L\u2019Arma dei Carabinieri celebra la sua storia: &#8220;Siamo custodi del legame con le comunit\u00e0&#8221;","datePublished":"2026-06-05T11:17:25+00:00","mainEntityOfPage":{"@id":"https:\/\/www.bellunopress.it\/2026\/06\/05\/larma-dei-carabinieri-celebra-la-sua-storia-siamo-custodi-del-legame-con-le-comunita\/"},"wordCount":569,"publisher":{"@id":"https:\/\/www.bellunopress.it\/#organization"},"image":{"@id":"https:\/\/www.bellunopress.it\/2026\/06\/05\/larma-dei-carabinieri-celebra-la-sua-storia-siamo-custodi-del-legame-con-le-comunita\/#primaryimage"},"thumbnailUrl":"https:\/\/www.bellunopress.it\/wp-content\/uploads\/2026\/06\/colonnello-Carmelo-Rustico-comand-prov-CC.jpeg","articleSection":["Prima Pagina","Societ\u00e0, Associazioni, Istituzioni"],"inLanguage":"fr-FR"},{"@type":"WebPage","@id":"https:\/\/www.bellunopress.it\/2026\/06\/05\/larma-dei-carabinieri-celebra-la-sua-storia-siamo-custodi-del-legame-con-le-comunita\/","url":"https:\/\/www.bellunopress.it\/2026\/06\/05\/larma-dei-carabinieri-celebra-la-sua-storia-siamo-custodi-del-legame-con-le-comunita\/","name":"L\u2019Arma dei Carabinieri celebra la sua storia: \"Siamo custodi del legame con le comunit\u00e0\" - Bellunopress - Dolomiti","isPartOf":{"@id":"https:\/\/www.bellunopress.it\/#website"},"primaryImageOfPage":{"@id":"https:\/\/www.bellunopress.it\/2026\/06\/05\/larma-dei-carabinieri-celebra-la-sua-storia-siamo-custodi-del-legame-con-le-comunita\/#primaryimage"},"image":{"@id":"https:\/\/www.bellunopress.it\/2026\/06\/05\/larma-dei-carabinieri-celebra-la-sua-storia-siamo-custodi-del-legame-con-le-comunita\/#primaryimage"},"thumbnailUrl":"https:\/\/www.bellunopress.it\/wp-content\/uploads\/2026\/06\/colonnello-Carmelo-Rustico-comand-prov-CC.jpeg","datePublished":"2026-06-05T11:17:25+00:00","breadcrumb":{"@id":"https:\/\/www.bellunopress.it\/2026\/06\/05\/larma-dei-carabinieri-celebra-la-sua-storia-siamo-custodi-del-legame-con-le-comunita\/#breadcrumb"},"inLanguage":"fr-FR","potentialAction":[{"@type":"ReadAction","target":["https:\/\/www.bellunopress.it\/2026\/06\/05\/larma-dei-carabinieri-celebra-la-sua-storia-siamo-custodi-del-legame-con-le-comunita\/"]}]},{"@type":"ImageObject","inLanguage":"fr-FR","@id":"https:\/\/www.bellunopress.it\/2026\/06\/05\/larma-dei-carabinieri-celebra-la-sua-storia-siamo-custodi-del-legame-con-le-comunita\/#primaryimage","url":"https:\/\/www.bellunopress.it\/wp-content\/uploads\/2026\/06\/colonnello-Carmelo-Rustico-comand-prov-CC.jpeg","contentUrl":"https:\/\/www.bellunopress.it\/wp-content\/uploads\/2026\/06\/colonnello-Carmelo-Rustico-comand-prov-CC.jpeg","width":600,"height":450,"caption":"Colonnello Carmelo Rustico - Comandante provinciale dei Carabinieri"},{"@type":"BreadcrumbList","@id":"https:\/\/www.bellunopress.it\/2026\/06\/05\/larma-dei-carabinieri-celebra-la-sua-storia-siamo-custodi-del-legame-con-le-comunita\/#breadcrumb","itemListElement":[{"@type":"ListItem","position":1,"name":"Home","item":"https:\/\/www.bellunopress.it\/"},{"@type":"ListItem","position":2,"name":"L\u2019Arma dei Carabinieri celebra la sua storia: &#8220;Siamo custodi del legame con le comunit\u00e0&#8221;"}]},{"@type":"WebSite","@id":"https:\/\/www.bellunopress.it\/#website","url":"https:\/\/www.bellunopress.it\/","name":"Bellunopress - Dolomiti","description":"e-mail: redazione@bellunopress.it","publisher":{"@id":"https:\/\/www.bellunopress.it\/#organization"},"potentialAction":[{"@type":"SearchAction","target":{"@type":"EntryPoint","urlTemplate":"https:\/\/www.bellunopress.it\/?s={search_term_string}"},"query-input":{"@type":"PropertyValueSpecification","valueRequired":true,"valueName":"search_term_string"}}],"inLanguage":"fr-FR"},{"@type":"Organization","@id":"https:\/\/www.bellunopress.it\/#organization","name":"Bellunopress","url":"https:\/\/www.bellunopress.it\/","logo":{"@type":"ImageObject","inLanguage":"fr-FR","@id":"https:\/\/www.bellunopress.it\/#\/schema\/logo\/image\/","url":"https:\/\/www.bellunopress.it\/wp-content\/uploads\/2011\/05\/cropped-logo-bellunopress-.jpg","contentUrl":"https:\/\/www.bellunopress.it\/wp-content\/uploads\/2011\/05\/cropped-logo-bellunopress-.jpg","width":512,"height":512,"caption":"Bellunopress"},"image":{"@id":"https:\/\/www.bellunopress.it\/#\/schema\/logo\/image\/"},"sameAs":["https:\/\/www.facebook.com\/profile.php?id=100008943462799","https:\/\/x.com\/bellunopress","https:\/\/www.linkedin.com\/hp\/?dnr=JBzUWaJfMUw8vbXJJ2tVW5-I3jZKvC4wsoxE&amp;amp;amp;amp;amp;amp;trk=nav_responsive_tab_home","https:\/\/www.youtube.com\/channel\/UCxL0wu1uN0_3_7hGG0306cw"]},{"@type":"Person","@id":"https:\/\/www.bellunopress.it\/#\/schema\/person\/79bb06722b37ece1c03d3e94beb30d73","name":"r\u00e9daction","image":{"@type":"ImageObject","inLanguage":"fr-FR","@id":"https:\/\/secure.gravatar.com\/avatar\/37d968a2e67a6fd04c169c4bdef102d0bc5d31b2546345219e348575eb80e9a0?s=96&d=mm&r=g","url":"https:\/\/secure.gravatar.com\/avatar\/37d968a2e67a6fd04c169c4bdef102d0bc5d31b2546345219e348575eb80e9a0?s=96&d=mm&r=g","contentUrl":"https:\/\/secure.gravatar.com\/avatar\/37d968a2e67a6fd04c169c4bdef102d0bc5d31b2546345219e348575eb80e9a0?s=96&d=mm&r=g","caption":"redazione"},"sameAs":["http:\/\/www.bellunopress.it","https:\/\/x.com\/bellunopress"],"url":"https:\/\/www.bellunopress.it\/fr\/author\/redazione\/"}]}},"_links":{"self":[{"href":"https:\/\/www.bellunopress.it\/fr\/wp-json\/wp\/v2\/posts\/170751","targetHints":{"allow":["GET"]}}],"collection":[{"href":"https:\/\/www.bellunopress.it\/fr\/wp-json\/wp\/v2\/posts"}],"about":[{"href":"https:\/\/www.bellunopress.it\/fr\/wp-json\/wp\/v2\/types\/post"}],"author":[{"embeddable":true,"href":"https:\/\/www.bellunopress.it\/fr\/wp-json\/wp\/v2\/users\/2"}],"replies":[{"embeddable":true,"href":"https:\/\/www.bellunopress.it\/fr\/wp-json\/wp\/v2\/comments?post=170751"}],"version-history":[{"count":1,"href":"https:\/\/www.bellunopress.it\/fr\/wp-json\/wp\/v2\/posts\/170751\/revisions"}],"predecessor-version":[{"id":170752,"href":"https:\/\/www.bellunopress.it\/fr\/wp-json\/wp\/v2\/posts\/170751\/revisions\/170752"}],"wp:featuredmedia":[{"embeddable":true,"href":"https:\/\/www.bellunopress.it\/fr\/wp-json\/wp\/v2\/media\/170732"}],"wp:attachment":[{"href":"https:\/\/www.bellunopress.it\/fr\/wp-json\/wp\/v2\/media?parent=170751"}],"wp:term":[{"taxonomy":"category","embeddable":true,"href":"https:\/\/www.bellunopress.it\/fr\/wp-json\/wp\/v2\/categories?post=170751"},{"taxonomy":"post_tag","embeddable":true,"href":"https:\/\/www.bellunopress.it\/fr\/wp-json\/wp\/v2\/tags?post=170751"}],"curies":[{"name":"wp","href":"https:\/\/api.w.org\/{rel}","templated":true}]}}