{"id":170742,"date":"2026-06-05T12:56:00","date_gmt":"2026-06-05T10:56:00","guid":{"rendered":"https:\/\/www.bellunopress.it\/?p=170742"},"modified":"2026-06-05T14:40:38","modified_gmt":"2026-06-05T12:40:38","slug":"dajana-da-barp-dove-larte-digitale-incontra-il-cuore-e-la-solidarieta","status":"publish","type":"post","link":"https:\/\/www.bellunopress.it\/fr\/2026\/06\/05\/dajana-da-barp-dove-larte-digitale-incontra-il-cuore-e-la-solidarieta\/","title":{"rendered":"Dajana Da Barp: dove l\u2019arte digitale incontra il cuore e la solidariet\u00e0"},"content":{"rendered":"<p data-path-to-node=\"3\">Nel panorama creativo bellunese brilla una nuova stella, quella di Dajana Da Barp, giovane autrice feltrina che ha fatto della narrazione multimediale la sua cifra stilistica. Autodidatta, Dajana esplora il confine sottile tra tecnologia ed emozioni, fondendo l&#8217;arte digitale realizzata con tavoletta grafica e le infinite possibilit\u00e0 offerte dall\u2019intelligenza artificiale per dare vita a mondi fantastici.<\/p>\n<p data-path-to-node=\"5\">Il cuore pulsante della sua produzione \u00e8 &#8220;Il Villaggio Spinoso&#8221;, un progetto nato sotto il segno dell\u2019educazione emotiva. Non si tratta solo di una narrazione, ma di uno strumento di connessione che mira ad abbracciare i pi\u00f9 piccoli attraverso un mix sapiente di arte, fantasia e, soprattutto, solidariet\u00e0. \u00c8 proprio questo spirito che ha dato vita a un\u2019iniziativa di grande valore sociale: Il Progetto Disegni in Pediatria a Belluno.<\/p>\n<p data-path-to-node=\"7\">&#8220;Siamo felici e orgogliosi di iniziare una collaborazione speciale con il Reparto di Pediatria dell\u2019Ospedale di Belluno&#8221;, racconta l&#8217;autrice, sottolineando il supporto fondamentale della maestra Paola Nenz.<\/p>\n<p data-path-to-node=\"8\">Grazie a questo progetto, i personaggi di Alpha e Beta faranno il loro ingresso nel reparto, diventando compagni di avventura per i &#8220;piccoli guerrieri&#8221; ricoverati. L&#8217;obiettivo \u00e8 chiaro e potente: colorare le giornate dei bambini, trasformando la narrazione e la fantasia in una cura dolce per l&#8217;anima, portando la magia del bosco direttamente tra le corsie ospedaliere.<\/p>\n<p data-path-to-node=\"10\">L&#8217;impegno di Dajana non si ferma qui. Dopo l\u2019avvio in Pediatria, il viaggio di &#8220;Il Villaggio Spinoso&#8221; proseguir\u00e0 a settembre con Il Progetto Disegno presso l\u2019Asilo di Bribano, confermando la volont\u00e0 dell&#8217;autrice di radicarsi nel territorio e di portare il suo messaggio educativo dove c&#8217;\u00e8 pi\u00f9 bisogno di fantasia.<\/p>\n<p data-path-to-node=\"11\">Per chi volesse seguire da vicino le riflessioni e l&#8217;evoluzione dei personaggi di Dajana, l&#8217;appuntamento \u00e8 quotidiano su Radiopi\u00f9. All\u2019interno del programma condotto da Marina, l&#8217;autrice \u00e8 infatti in onda tutti i giorni con la rubrica <i data-path-to-node=\"11\" data-index-in-node=\"235\">&#8220;Dico la mia attraverso i miei personaggi&#8221;<\/i>, uno spazio intimo dove l&#8217;arte digitale si fa voce e pensiero.<\/p>","protected":false},"excerpt":{"rendered":"<p>Nel panorama creativo bellunese brilla una nuova stella, quella di Dajana Da Barp, giovane autrice feltrina che ha fatto della narrazione multimediale la sua cifra stilistica. Autodidatta, Dajana esplora il confine sottile tra tecnologia ed emozioni, fondendo l&#8217;arte digitale realizzata con tavoletta grafica e le infinite possibilit\u00e0 offerte dall\u2019intelligenza artificiale per dare vita a mondi [&hellip;]<\/p>\n","protected":false},"author":2,"featured_media":170743,"comment_status":"closed","ping_status":"open","sticky":false,"template":"","format":"standard","meta":{"footnotes":""},"categories":[3,25,17],"tags":[],"class_list":["post-170742","post","type-post","status-publish","format-standard","has-post-thumbnail","category-arte-cultura-spettacoli-scienza-archivi","category-pausa-caffe","category-sanita"],"yoast_head":"<!-- This site is optimized with the Yoast SEO plugin v28.4 - https:\/\/yoast.com\/product\/yoast-seo-wordpress\/ -->\n<title>Dajana Da Barp: dove l\u2019arte digitale incontra il cuore e la solidariet\u00e0 - Bellunopress - Dolomiti<\/title>\n<meta name=\"robots\" content=\"index, follow, max-snippet:-1, max-image-preview:large, max-video-preview:-1\" \/>\n<link rel=\"canonical\" href=\"https:\/\/www.bellunopress.it\/fr\/2026\/06\/05\/dajana-da-barp-dove-larte-digitale-incontra-il-cuore-e-la-solidarieta\/\" \/>\n<meta property=\"og:locale\" content=\"fr_FR\" \/>\n<meta property=\"og:type\" content=\"article\" \/>\n<meta property=\"og:title\" content=\"Dajana Da Barp: dove l\u2019arte digitale incontra il cuore e la solidariet\u00e0 - Bellunopress - Dolomiti\" \/>\n<meta property=\"og:description\" content=\"Nel panorama creativo bellunese brilla una nuova stella, quella di Dajana Da Barp, giovane autrice feltrina che ha fatto della narrazione multimediale la sua cifra stilistica. Autodidatta, Dajana esplora il confine sottile tra tecnologia ed emozioni, fondendo l&#8217;arte digitale realizzata con tavoletta grafica e le infinite possibilit\u00e0 offerte dall\u2019intelligenza artificiale per dare vita a mondi [&hellip;]\" \/>\n<meta property=\"og:url\" content=\"https:\/\/www.bellunopress.it\/fr\/2026\/06\/05\/dajana-da-barp-dove-larte-digitale-incontra-il-cuore-e-la-solidarieta\/\" \/>\n<meta property=\"og:site_name\" content=\"Bellunopress - Dolomiti\" \/>\n<meta property=\"article:publisher\" content=\"https:\/\/www.facebook.com\/profile.php?id=100008943462799\" \/>\n<meta property=\"article:published_time\" content=\"2026-06-05T10:56:00+00:00\" \/>\n<meta property=\"article:modified_time\" content=\"2026-06-05T12:40:38+00:00\" \/>\n<meta property=\"og:image\" content=\"https:\/\/www.bellunopress.it\/wp-content\/uploads\/2026\/06\/Dajana-Da-Barp-autrice-di-Feltre.jpg\" \/>\n\t<meta property=\"og:image:width\" content=\"338\" \/>\n\t<meta property=\"og:image:height\" content=\"500\" \/>\n\t<meta property=\"og:image:type\" content=\"image\/jpeg\" \/>\n<meta name=\"author\" content=\"redazione\" \/>\n<meta name=\"twitter:card\" content=\"summary_large_image\" \/>\n<meta name=\"twitter:creator\" content=\"@bellunopress\" \/>\n<meta name=\"twitter:site\" content=\"@bellunopress\" \/>\n<meta name=\"twitter:label1\" content=\"Written by\" \/>\n\t<meta name=\"twitter:data1\" content=\"redazione\" \/>\n\t<meta name=\"twitter:label2\" content=\"Est. reading time\" \/>\n\t<meta name=\"twitter:data2\" content=\"2 minutes\" \/>\n<script type=\"application\/ld+json\" class=\"yoast-schema-graph\">{\"@context\":\"https:\\\/\\\/schema.org\",\"@graph\":[{\"@type\":\"Article\",\"@id\":\"https:\\\/\\\/www.bellunopress.it\\\/2026\\\/06\\\/05\\\/dajana-da-barp-dove-larte-digitale-incontra-il-cuore-e-la-solidarieta\\\/#article\",\"isPartOf\":{\"@id\":\"https:\\\/\\\/www.bellunopress.it\\\/2026\\\/06\\\/05\\\/dajana-da-barp-dove-larte-digitale-incontra-il-cuore-e-la-solidarieta\\\/\"},\"author\":{\"name\":\"redazione\",\"@id\":\"https:\\\/\\\/www.bellunopress.it\\\/#\\\/schema\\\/person\\\/79bb06722b37ece1c03d3e94beb30d73\"},\"headline\":\"Dajana Da Barp: dove l\u2019arte digitale incontra il cuore e la solidariet\u00e0\",\"datePublished\":\"2026-06-05T10:56:00+00:00\",\"dateModified\":\"2026-06-05T12:40:38+00:00\",\"mainEntityOfPage\":{\"@id\":\"https:\\\/\\\/www.bellunopress.it\\\/2026\\\/06\\\/05\\\/dajana-da-barp-dove-larte-digitale-incontra-il-cuore-e-la-solidarieta\\\/\"},\"wordCount\":337,\"publisher\":{\"@id\":\"https:\\\/\\\/www.bellunopress.it\\\/#organization\"},\"image\":{\"@id\":\"https:\\\/\\\/www.bellunopress.it\\\/2026\\\/06\\\/05\\\/dajana-da-barp-dove-larte-digitale-incontra-il-cuore-e-la-solidarieta\\\/#primaryimage\"},\"thumbnailUrl\":\"https:\\\/\\\/www.bellunopress.it\\\/wp-content\\\/uploads\\\/2026\\\/06\\\/Dajana-Da-Barp-autrice-di-Feltre.jpg\",\"articleSection\":[\"Arte, Cultura, Spettacoli, Scienza\",\"Pausa Caff\u00e8\",\"Sanit\u00e0 Medicina\"],\"inLanguage\":\"fr-FR\"},{\"@type\":\"WebPage\",\"@id\":\"https:\\\/\\\/www.bellunopress.it\\\/2026\\\/06\\\/05\\\/dajana-da-barp-dove-larte-digitale-incontra-il-cuore-e-la-solidarieta\\\/\",\"url\":\"https:\\\/\\\/www.bellunopress.it\\\/2026\\\/06\\\/05\\\/dajana-da-barp-dove-larte-digitale-incontra-il-cuore-e-la-solidarieta\\\/\",\"name\":\"Dajana Da Barp: dove l\u2019arte digitale incontra il cuore e la solidariet\u00e0 - Bellunopress - Dolomiti\",\"isPartOf\":{\"@id\":\"https:\\\/\\\/www.bellunopress.it\\\/#website\"},\"primaryImageOfPage\":{\"@id\":\"https:\\\/\\\/www.bellunopress.it\\\/2026\\\/06\\\/05\\\/dajana-da-barp-dove-larte-digitale-incontra-il-cuore-e-la-solidarieta\\\/#primaryimage\"},\"image\":{\"@id\":\"https:\\\/\\\/www.bellunopress.it\\\/2026\\\/06\\\/05\\\/dajana-da-barp-dove-larte-digitale-incontra-il-cuore-e-la-solidarieta\\\/#primaryimage\"},\"thumbnailUrl\":\"https:\\\/\\\/www.bellunopress.it\\\/wp-content\\\/uploads\\\/2026\\\/06\\\/Dajana-Da-Barp-autrice-di-Feltre.jpg\",\"datePublished\":\"2026-06-05T10:56:00+00:00\",\"dateModified\":\"2026-06-05T12:40:38+00:00\",\"breadcrumb\":{\"@id\":\"https:\\\/\\\/www.bellunopress.it\\\/2026\\\/06\\\/05\\\/dajana-da-barp-dove-larte-digitale-incontra-il-cuore-e-la-solidarieta\\\/#breadcrumb\"},\"inLanguage\":\"fr-FR\",\"potentialAction\":[{\"@type\":\"ReadAction\",\"target\":[\"https:\\\/\\\/www.bellunopress.it\\\/2026\\\/06\\\/05\\\/dajana-da-barp-dove-larte-digitale-incontra-il-cuore-e-la-solidarieta\\\/\"]}]},{\"@type\":\"ImageObject\",\"inLanguage\":\"fr-FR\",\"@id\":\"https:\\\/\\\/www.bellunopress.it\\\/2026\\\/06\\\/05\\\/dajana-da-barp-dove-larte-digitale-incontra-il-cuore-e-la-solidarieta\\\/#primaryimage\",\"url\":\"https:\\\/\\\/www.bellunopress.it\\\/wp-content\\\/uploads\\\/2026\\\/06\\\/Dajana-Da-Barp-autrice-di-Feltre.jpg\",\"contentUrl\":\"https:\\\/\\\/www.bellunopress.it\\\/wp-content\\\/uploads\\\/2026\\\/06\\\/Dajana-Da-Barp-autrice-di-Feltre.jpg\",\"width\":338,\"height\":500,\"caption\":\"Dajana Da Barp, autrice\"},{\"@type\":\"BreadcrumbList\",\"@id\":\"https:\\\/\\\/www.bellunopress.it\\\/2026\\\/06\\\/05\\\/dajana-da-barp-dove-larte-digitale-incontra-il-cuore-e-la-solidarieta\\\/#breadcrumb\",\"itemListElement\":[{\"@type\":\"ListItem\",\"position\":1,\"name\":\"Home\",\"item\":\"https:\\\/\\\/www.bellunopress.it\\\/\"},{\"@type\":\"ListItem\",\"position\":2,\"name\":\"Dajana Da Barp: dove l\u2019arte digitale incontra il cuore e la solidariet\u00e0\"}]},{\"@type\":\"WebSite\",\"@id\":\"https:\\\/\\\/www.bellunopress.it\\\/#website\",\"url\":\"https:\\\/\\\/www.bellunopress.it\\\/\",\"name\":\"Bellunopress - Dolomiti\",\"description\":\"e-mail: redazione@bellunopress.it\",\"publisher\":{\"@id\":\"https:\\\/\\\/www.bellunopress.it\\\/#organization\"},\"potentialAction\":[{\"@type\":\"SearchAction\",\"target\":{\"@type\":\"EntryPoint\",\"urlTemplate\":\"https:\\\/\\\/www.bellunopress.it\\\/?s={search_term_string}\"},\"query-input\":{\"@type\":\"PropertyValueSpecification\",\"valueRequired\":true,\"valueName\":\"search_term_string\"}}],\"inLanguage\":\"fr-FR\"},{\"@type\":\"Organization\",\"@id\":\"https:\\\/\\\/www.bellunopress.it\\\/#organization\",\"name\":\"Bellunopress\",\"url\":\"https:\\\/\\\/www.bellunopress.it\\\/\",\"logo\":{\"@type\":\"ImageObject\",\"inLanguage\":\"fr-FR\",\"@id\":\"https:\\\/\\\/www.bellunopress.it\\\/#\\\/schema\\\/logo\\\/image\\\/\",\"url\":\"https:\\\/\\\/www.bellunopress.it\\\/wp-content\\\/uploads\\\/2011\\\/05\\\/cropped-logo-bellunopress-.jpg\",\"contentUrl\":\"https:\\\/\\\/www.bellunopress.it\\\/wp-content\\\/uploads\\\/2011\\\/05\\\/cropped-logo-bellunopress-.jpg\",\"width\":512,\"height\":512,\"caption\":\"Bellunopress\"},\"image\":{\"@id\":\"https:\\\/\\\/www.bellunopress.it\\\/#\\\/schema\\\/logo\\\/image\\\/\"},\"sameAs\":[\"https:\\\/\\\/www.facebook.com\\\/profile.php?id=100008943462799\",\"https:\\\/\\\/x.com\\\/bellunopress\",\"https:\\\/\\\/www.linkedin.com\\\/hp\\\/?dnr=JBzUWaJfMUw8vbXJJ2tVW5-I3jZKvC4wsoxE&amp;amp;amp;amp;amp;amp;trk=nav_responsive_tab_home\",\"https:\\\/\\\/www.youtube.com\\\/channel\\\/UCxL0wu1uN0_3_7hGG0306cw\"]},{\"@type\":\"Person\",\"@id\":\"https:\\\/\\\/www.bellunopress.it\\\/#\\\/schema\\\/person\\\/79bb06722b37ece1c03d3e94beb30d73\",\"name\":\"redazione\",\"image\":{\"@type\":\"ImageObject\",\"inLanguage\":\"fr-FR\",\"@id\":\"https:\\\/\\\/secure.gravatar.com\\\/avatar\\\/37d968a2e67a6fd04c169c4bdef102d0bc5d31b2546345219e348575eb80e9a0?s=96&d=mm&r=g\",\"url\":\"https:\\\/\\\/secure.gravatar.com\\\/avatar\\\/37d968a2e67a6fd04c169c4bdef102d0bc5d31b2546345219e348575eb80e9a0?s=96&d=mm&r=g\",\"contentUrl\":\"https:\\\/\\\/secure.gravatar.com\\\/avatar\\\/37d968a2e67a6fd04c169c4bdef102d0bc5d31b2546345219e348575eb80e9a0?s=96&d=mm&r=g\",\"caption\":\"redazione\"},\"sameAs\":[\"http:\\\/\\\/www.bellunopress.it\",\"https:\\\/\\\/x.com\\\/bellunopress\"],\"url\":\"https:\\\/\\\/www.bellunopress.it\\\/fr\\\/author\\\/redazione\\\/\"}]}<\/script>\n<!-- \/ Yoast SEO plugin. -->","yoast_head_json":{"title":"Dajana Da Barp: dove l\u2019arte digitale incontra il cuore e la solidariet\u00e0 - Bellunopress - Dolomiti","robots":{"index":"index","follow":"follow","max-snippet":"max-snippet:-1","max-image-preview":"max-image-preview:large","max-video-preview":"max-video-preview:-1"},"canonical":"https:\/\/www.bellunopress.it\/fr\/2026\/06\/05\/dajana-da-barp-dove-larte-digitale-incontra-il-cuore-e-la-solidarieta\/","og_locale":"fr_FR","og_type":"article","og_title":"Dajana Da Barp: dove l\u2019arte digitale incontra il cuore e la solidariet\u00e0 - Bellunopress - Dolomiti","og_description":"Nel panorama creativo bellunese brilla una nuova stella, quella di Dajana Da Barp, giovane autrice feltrina che ha fatto della narrazione multimediale la sua cifra stilistica. Autodidatta, Dajana esplora il confine sottile tra tecnologia ed emozioni, fondendo l&#8217;arte digitale realizzata con tavoletta grafica e le infinite possibilit\u00e0 offerte dall\u2019intelligenza artificiale per dare vita a mondi [&hellip;]","og_url":"https:\/\/www.bellunopress.it\/fr\/2026\/06\/05\/dajana-da-barp-dove-larte-digitale-incontra-il-cuore-e-la-solidarieta\/","og_site_name":"Bellunopress - Dolomiti","article_publisher":"https:\/\/www.facebook.com\/profile.php?id=100008943462799","article_published_time":"2026-06-05T10:56:00+00:00","article_modified_time":"2026-06-05T12:40:38+00:00","og_image":[{"width":338,"height":500,"url":"https:\/\/www.bellunopress.it\/wp-content\/uploads\/2026\/06\/Dajana-Da-Barp-autrice-di-Feltre.jpg","type":"image\/jpeg"}],"author":"redazione","twitter_card":"summary_large_image","twitter_creator":"@bellunopress","twitter_site":"@bellunopress","twitter_misc":{"Written by":"redazione","Est. reading time":"2 minutes"},"schema":{"@context":"https:\/\/schema.org","@graph":[{"@type":"Article","@id":"https:\/\/www.bellunopress.it\/2026\/06\/05\/dajana-da-barp-dove-larte-digitale-incontra-il-cuore-e-la-solidarieta\/#article","isPartOf":{"@id":"https:\/\/www.bellunopress.it\/2026\/06\/05\/dajana-da-barp-dove-larte-digitale-incontra-il-cuore-e-la-solidarieta\/"},"author":{"name":"redazione","@id":"https:\/\/www.bellunopress.it\/#\/schema\/person\/79bb06722b37ece1c03d3e94beb30d73"},"headline":"Dajana Da Barp: dove l\u2019arte digitale incontra il cuore e la solidariet\u00e0","datePublished":"2026-06-05T10:56:00+00:00","dateModified":"2026-06-05T12:40:38+00:00","mainEntityOfPage":{"@id":"https:\/\/www.bellunopress.it\/2026\/06\/05\/dajana-da-barp-dove-larte-digitale-incontra-il-cuore-e-la-solidarieta\/"},"wordCount":337,"publisher":{"@id":"https:\/\/www.bellunopress.it\/#organization"},"image":{"@id":"https:\/\/www.bellunopress.it\/2026\/06\/05\/dajana-da-barp-dove-larte-digitale-incontra-il-cuore-e-la-solidarieta\/#primaryimage"},"thumbnailUrl":"https:\/\/www.bellunopress.it\/wp-content\/uploads\/2026\/06\/Dajana-Da-Barp-autrice-di-Feltre.jpg","articleSection":["Arte, Cultura, Spettacoli, Scienza","Pausa Caff\u00e8","Sanit\u00e0 Medicina"],"inLanguage":"fr-FR"},{"@type":"WebPage","@id":"https:\/\/www.bellunopress.it\/2026\/06\/05\/dajana-da-barp-dove-larte-digitale-incontra-il-cuore-e-la-solidarieta\/","url":"https:\/\/www.bellunopress.it\/2026\/06\/05\/dajana-da-barp-dove-larte-digitale-incontra-il-cuore-e-la-solidarieta\/","name":"Dajana Da Barp: dove l\u2019arte digitale incontra il cuore e la solidariet\u00e0 - Bellunopress - Dolomiti","isPartOf":{"@id":"https:\/\/www.bellunopress.it\/#website"},"primaryImageOfPage":{"@id":"https:\/\/www.bellunopress.it\/2026\/06\/05\/dajana-da-barp-dove-larte-digitale-incontra-il-cuore-e-la-solidarieta\/#primaryimage"},"image":{"@id":"https:\/\/www.bellunopress.it\/2026\/06\/05\/dajana-da-barp-dove-larte-digitale-incontra-il-cuore-e-la-solidarieta\/#primaryimage"},"thumbnailUrl":"https:\/\/www.bellunopress.it\/wp-content\/uploads\/2026\/06\/Dajana-Da-Barp-autrice-di-Feltre.jpg","datePublished":"2026-06-05T10:56:00+00:00","dateModified":"2026-06-05T12:40:38+00:00","breadcrumb":{"@id":"https:\/\/www.bellunopress.it\/2026\/06\/05\/dajana-da-barp-dove-larte-digitale-incontra-il-cuore-e-la-solidarieta\/#breadcrumb"},"inLanguage":"fr-FR","potentialAction":[{"@type":"ReadAction","target":["https:\/\/www.bellunopress.it\/2026\/06\/05\/dajana-da-barp-dove-larte-digitale-incontra-il-cuore-e-la-solidarieta\/"]}]},{"@type":"ImageObject","inLanguage":"fr-FR","@id":"https:\/\/www.bellunopress.it\/2026\/06\/05\/dajana-da-barp-dove-larte-digitale-incontra-il-cuore-e-la-solidarieta\/#primaryimage","url":"https:\/\/www.bellunopress.it\/wp-content\/uploads\/2026\/06\/Dajana-Da-Barp-autrice-di-Feltre.jpg","contentUrl":"https:\/\/www.bellunopress.it\/wp-content\/uploads\/2026\/06\/Dajana-Da-Barp-autrice-di-Feltre.jpg","width":338,"height":500,"caption":"Dajana Da Barp, autrice"},{"@type":"BreadcrumbList","@id":"https:\/\/www.bellunopress.it\/2026\/06\/05\/dajana-da-barp-dove-larte-digitale-incontra-il-cuore-e-la-solidarieta\/#breadcrumb","itemListElement":[{"@type":"ListItem","position":1,"name":"Home","item":"https:\/\/www.bellunopress.it\/"},{"@type":"ListItem","position":2,"name":"Dajana Da Barp: dove l\u2019arte digitale incontra il cuore e la solidariet\u00e0"}]},{"@type":"WebSite","@id":"https:\/\/www.bellunopress.it\/#website","url":"https:\/\/www.bellunopress.it\/","name":"Bellunopress - Dolomiti","description":"e-mail: redazione@bellunopress.it","publisher":{"@id":"https:\/\/www.bellunopress.it\/#organization"},"potentialAction":[{"@type":"SearchAction","target":{"@type":"EntryPoint","urlTemplate":"https:\/\/www.bellunopress.it\/?s={search_term_string}"},"query-input":{"@type":"PropertyValueSpecification","valueRequired":true,"valueName":"search_term_string"}}],"inLanguage":"fr-FR"},{"@type":"Organization","@id":"https:\/\/www.bellunopress.it\/#organization","name":"Bellunopress","url":"https:\/\/www.bellunopress.it\/","logo":{"@type":"ImageObject","inLanguage":"fr-FR","@id":"https:\/\/www.bellunopress.it\/#\/schema\/logo\/image\/","url":"https:\/\/www.bellunopress.it\/wp-content\/uploads\/2011\/05\/cropped-logo-bellunopress-.jpg","contentUrl":"https:\/\/www.bellunopress.it\/wp-content\/uploads\/2011\/05\/cropped-logo-bellunopress-.jpg","width":512,"height":512,"caption":"Bellunopress"},"image":{"@id":"https:\/\/www.bellunopress.it\/#\/schema\/logo\/image\/"},"sameAs":["https:\/\/www.facebook.com\/profile.php?id=100008943462799","https:\/\/x.com\/bellunopress","https:\/\/www.linkedin.com\/hp\/?dnr=JBzUWaJfMUw8vbXJJ2tVW5-I3jZKvC4wsoxE&amp;amp;amp;amp;amp;amp;trk=nav_responsive_tab_home","https:\/\/www.youtube.com\/channel\/UCxL0wu1uN0_3_7hGG0306cw"]},{"@type":"Person","@id":"https:\/\/www.bellunopress.it\/#\/schema\/person\/79bb06722b37ece1c03d3e94beb30d73","name":"r\u00e9daction","image":{"@type":"ImageObject","inLanguage":"fr-FR","@id":"https:\/\/secure.gravatar.com\/avatar\/37d968a2e67a6fd04c169c4bdef102d0bc5d31b2546345219e348575eb80e9a0?s=96&d=mm&r=g","url":"https:\/\/secure.gravatar.com\/avatar\/37d968a2e67a6fd04c169c4bdef102d0bc5d31b2546345219e348575eb80e9a0?s=96&d=mm&r=g","contentUrl":"https:\/\/secure.gravatar.com\/avatar\/37d968a2e67a6fd04c169c4bdef102d0bc5d31b2546345219e348575eb80e9a0?s=96&d=mm&r=g","caption":"redazione"},"sameAs":["http:\/\/www.bellunopress.it","https:\/\/x.com\/bellunopress"],"url":"https:\/\/www.bellunopress.it\/fr\/author\/redazione\/"}]}},"_links":{"self":[{"href":"https:\/\/www.bellunopress.it\/fr\/wp-json\/wp\/v2\/posts\/170742","targetHints":{"allow":["GET"]}}],"collection":[{"href":"https:\/\/www.bellunopress.it\/fr\/wp-json\/wp\/v2\/posts"}],"about":[{"href":"https:\/\/www.bellunopress.it\/fr\/wp-json\/wp\/v2\/types\/post"}],"author":[{"embeddable":true,"href":"https:\/\/www.bellunopress.it\/fr\/wp-json\/wp\/v2\/users\/2"}],"replies":[{"embeddable":true,"href":"https:\/\/www.bellunopress.it\/fr\/wp-json\/wp\/v2\/comments?post=170742"}],"version-history":[{"count":1,"href":"https:\/\/www.bellunopress.it\/fr\/wp-json\/wp\/v2\/posts\/170742\/revisions"}],"predecessor-version":[{"id":170744,"href":"https:\/\/www.bellunopress.it\/fr\/wp-json\/wp\/v2\/posts\/170742\/revisions\/170744"}],"wp:featuredmedia":[{"embeddable":true,"href":"https:\/\/www.bellunopress.it\/fr\/wp-json\/wp\/v2\/media\/170743"}],"wp:attachment":[{"href":"https:\/\/www.bellunopress.it\/fr\/wp-json\/wp\/v2\/media?parent=170742"}],"wp:term":[{"taxonomy":"category","embeddable":true,"href":"https:\/\/www.bellunopress.it\/fr\/wp-json\/wp\/v2\/categories?post=170742"},{"taxonomy":"post_tag","embeddable":true,"href":"https:\/\/www.bellunopress.it\/fr\/wp-json\/wp\/v2\/tags?post=170742"}],"curies":[{"name":"wp","href":"https:\/\/api.w.org\/{rel}","templated":true}]}}