{"id":170734,"date":"2026-06-04T23:10:30","date_gmt":"2026-06-04T21:10:30","guid":{"rendered":"https:\/\/www.bellunopress.it\/?p=170734"},"modified":"2026-06-04T23:10:30","modified_gmt":"2026-06-04T21:10:30","slug":"generazione2026-il-cuore-giovane-dellolimpismo-celebra-il-successo-della-quinta-edizione","status":"publish","type":"post","link":"https:\/\/www.bellunopress.it\/fr\/2026\/06\/04\/generazione2026-il-cuore-giovane-dellolimpismo-celebra-il-successo-della-quinta-edizione\/","title":{"rendered":"GenerAZIONE2026: il cuore giovane dell&#8217;Olimpismo celebra il successo della quinta edizione"},"content":{"rendered":"<p data-path-to-node=\"3\">Treviso, 4 giugno 2026 &#8211; Si \u00e8 conclusa a Treviso, presso il prestigioso Teatro Mario del Monaco, la quinta edizione di GenerAZIONE2026 \u2013 Sport powered by Youth and Education, il progetto educativo che ha trasformato migliaia di studenti veneti nei protagonisti dell&#8217;eredit\u00e0 culturale dei Giochi Olimpici e Paralimpici Invernali Milano Cortina 2026.<\/p>\n<h3 data-path-to-node=\"4\">Un movimento educativo radicato nel territorio<\/h3>\n<p data-path-to-node=\"5\">Il progetto, promosso dalla Camera di Commercio di Treviso-Belluno|Dolomiti in collaborazione con la Regione del Veneto e la FICTS, ha raggiunto quest&#8217;anno numeri record: 15.100 partecipanti coinvolti nel solo ultimo anno scolastico, portando il totale a 52.000 studenti raggiunti nelle cinque edizioni. Un traguardo che conferma GenerAZIONE2026 come un pilastro educativo fondamentale nelle province di Treviso, Belluno e Verona, pienamente inserito nel programma &#8220;Education Gen26&#8221; della Fondazione Milano Cortina 2026.<\/p>\n<h3 data-path-to-node=\"6\">Dalle paure alla resilienza: l&#8217;educazione del cuore<\/h3>\n<p data-path-to-node=\"7\">Il cuore pulsante del progetto risiede nella capacit\u00e0 di dare voce autentica ai giovani. Attraverso laboratori creativi su temi come lo sport, l&#8217;inclusione, il benessere e la crescita personale, gli studenti hanno raccontato le proprie sfide quotidiane \u2013 dalla solitudine alla dislessia \u2013 e le piccole, grandi vittorie conquistate con tenacia.<\/p>\n<p data-path-to-node=\"8\"><i data-path-to-node=\"8\" data-index-in-node=\"0\">\u00abGenerAZIONE2026 ci ha restituito la voce autentica dei nostri ragazzi\u00bb<\/i>, ha commentato il Presidente della Camera di Commercio Mario Pozza. <i data-path-to-node=\"8\" data-index-in-node=\"140\">\u00abQuesto progetto ha dimostrato che educare al cuore non \u00e8 un esercizio retorico, ma un atto concreto di ascolto e di fiducia\u00bb<\/i>.<\/p>\n<h3 data-path-to-node=\"9\">Una celebrazione internazionale<\/h3>\n<p data-path-to-node=\"10\">La cerimonia di premiazione \u00e8 stata il culmine di tre giorni dedicati alla promozione del territorio, che hanno visto la presenza di 20 medaglie olimpiche e paralimpiche, insignite della prestigiosa &#8220;FICTS Guirlande d\u2019Honneur 2026&#8221;. Tra i campioni presenti, atleti del calibro di Ren\u00e9 De Silvestro, Pietro Sighel, Riccardo Lorello, Lorenzo Sommariva e Rossano Galtarossa, che hanno condiviso con i ragazzi il significato profondo dei valori sportivi.<\/p>\n<p data-path-to-node=\"11\">Piazza Borsa a Treviso si \u00e8 trasformata per l&#8217;occasione in una mostra a cielo aperto, ripercorrendo i momenti salienti del cammino olimpico, a testimonianza di un legame indissolubile tra lo sport e la comunit\u00e0.<\/p>\n<h3 data-path-to-node=\"12\">Il &#8220;Sesto Cerchio&#8221;: un&#8217;eredit\u00e0 che guarda al futuro<\/h3>\n<p data-path-to-node=\"13\">A raccontare l&#8217;impatto e l&#8217;ispirazione di questo percorso \u00e8 arrivato il docufilm &#8220;Il Sesto Cerchio&#8221;, gi\u00e0 pluripremiato a livello internazionale (Milano e Montecarlo). Il film simboleggia l&#8217;anello invisibile che unisce i valori olimpici al mondo dell&#8217;impresa e al futuro dei giovani, rappresentando il ponte concreto tra la formazione scolastica e la crescita civile.<\/p>\n<p data-path-to-node=\"14\">Guardando avanti, il Prof. Franco Ascani, Presidente FICTS e membro della Commissione Cultura del CIO, ha sottolineato come l&#8217;iniziativa rappresenti la vera legacy dei Giochi: <i data-path-to-node=\"14\" data-index-in-node=\"176\">\u00abInvestire nelle nuove generazioni significa costruire una societ\u00e0 pi\u00f9 consapevole, inclusiva e sostenibile, guardando gi\u00e0 ai prossimi appuntamenti come i Giochi Olimpici Giovanili Invernali Dolomiti Valtellina 2028\u00bb<\/i>.<\/p>\n<p data-path-to-node=\"15\">GenerAZIONE2026 non si ferma: il dossier tematico e il docufilm continueranno a diffondere questo modello educativo, confermando che, insieme, \u00e8 possibile costruire una societ\u00e0 migliore.<\/p>\n<h3>Premio Excellence Guirlande d\u2019Honneur a Mario Pozza<\/h3>\n<p>Il riconoscimento pi\u00f9 prestigioso \u00e8 stato conferito al Presidente della Camera di Commercio Treviso-Belluno|Dolomiti, Mario Pozza, il quale \u00e8 stato insignito dell\u2019\u201cExcellence Guirlande d\u2019Honneur\u201d, per aver creduto e investito in un progetto che, anno dopo anno, ha saputo trasformare i Valori Olimpici in opportunit\u00e0 concrete di crescita per migliaia di giovani. Sotto la sua guida e grazie alla sinergia con istituzioni, scuole e organizzazioni sportive, GenerAZIONE2026 si \u00e8 affermato in questi cinque anni come una delle iniziative pi\u00f9 apprezzate nel panorama della legacy olimpica di Milano Cortina 2026.<\/p>","protected":false},"excerpt":{"rendered":"<p>Treviso, 4 giugno 2026 &#8211; Si \u00e8 conclusa a Treviso, presso il prestigioso Teatro Mario del Monaco, la quinta edizione di GenerAZIONE2026 \u2013 Sport powered by Youth and Education, il progetto educativo che ha trasformato migliaia di studenti veneti nei protagonisti dell&#8217;eredit\u00e0 culturale dei Giochi Olimpici e Paralimpici Invernali Milano Cortina 2026. Un movimento educativo [&hellip;]<\/p>\n","protected":false},"author":2,"featured_media":170735,"comment_status":"closed","ping_status":"open","sticky":false,"template":"","format":"standard","meta":{"footnotes":""},"categories":[26,8,4],"tags":[],"class_list":["post-170734","post","type-post","status-publish","format-standard","has-post-thumbnail","category-prima-pagina","category-societa-istituzioni","category-sport"],"yoast_head":"<!-- This site is optimized with the Yoast SEO plugin v28.4 - https:\/\/yoast.com\/product\/yoast-seo-wordpress\/ -->\n<title>GenerAZIONE2026: il cuore giovane dell&#039;Olimpismo celebra il successo della quinta edizione - Bellunopress - Dolomiti<\/title>\n<meta name=\"robots\" content=\"index, follow, max-snippet:-1, max-image-preview:large, max-video-preview:-1\" \/>\n<link rel=\"canonical\" href=\"https:\/\/www.bellunopress.it\/fr\/2026\/06\/04\/generazione2026-il-cuore-giovane-dellolimpismo-celebra-il-successo-della-quinta-edizione\/\" \/>\n<meta property=\"og:locale\" content=\"fr_FR\" \/>\n<meta property=\"og:type\" content=\"article\" \/>\n<meta property=\"og:title\" content=\"GenerAZIONE2026: il cuore giovane dell&#039;Olimpismo celebra il successo della quinta edizione - Bellunopress - Dolomiti\" \/>\n<meta property=\"og:description\" content=\"Treviso, 4 giugno 2026 &#8211; Si \u00e8 conclusa a Treviso, presso il prestigioso Teatro Mario del Monaco, la quinta edizione di GenerAZIONE2026 \u2013 Sport powered by Youth and Education, il progetto educativo che ha trasformato migliaia di studenti veneti nei protagonisti dell&#8217;eredit\u00e0 culturale dei Giochi Olimpici e Paralimpici Invernali Milano Cortina 2026. Un movimento educativo [&hellip;]\" \/>\n<meta property=\"og:url\" content=\"https:\/\/www.bellunopress.it\/fr\/2026\/06\/04\/generazione2026-il-cuore-giovane-dellolimpismo-celebra-il-successo-della-quinta-edizione\/\" \/>\n<meta property=\"og:site_name\" content=\"Bellunopress - Dolomiti\" \/>\n<meta property=\"article:publisher\" content=\"https:\/\/www.facebook.com\/profile.php?id=100008943462799\" \/>\n<meta property=\"article:published_time\" content=\"2026-06-04T21:10:30+00:00\" \/>\n<meta property=\"og:image\" content=\"https:\/\/www.bellunopress.it\/wp-content\/uploads\/2026\/06\/Generazione-2026-Camera-di-Commercio.jpg\" \/>\n\t<meta property=\"og:image:width\" content=\"700\" \/>\n\t<meta property=\"og:image:height\" content=\"204\" \/>\n\t<meta property=\"og:image:type\" content=\"image\/jpeg\" \/>\n<meta name=\"author\" content=\"redazione\" \/>\n<meta name=\"twitter:card\" content=\"summary_large_image\" \/>\n<meta name=\"twitter:creator\" content=\"@bellunopress\" \/>\n<meta name=\"twitter:site\" content=\"@bellunopress\" \/>\n<meta name=\"twitter:label1\" content=\"\u00c9crit par\" \/>\n\t<meta name=\"twitter:data1\" content=\"redazione\" \/>\n\t<meta name=\"twitter:label2\" content=\"Dur\u00e9e de lecture estim\u00e9e\" \/>\n\t<meta name=\"twitter:data2\" content=\"4 minutes\" \/>\n<script type=\"application\/ld+json\" class=\"yoast-schema-graph\">{\"@context\":\"https:\\\/\\\/schema.org\",\"@graph\":[{\"@type\":\"Article\",\"@id\":\"https:\\\/\\\/www.bellunopress.it\\\/2026\\\/06\\\/04\\\/generazione2026-il-cuore-giovane-dellolimpismo-celebra-il-successo-della-quinta-edizione\\\/#article\",\"isPartOf\":{\"@id\":\"https:\\\/\\\/www.bellunopress.it\\\/2026\\\/06\\\/04\\\/generazione2026-il-cuore-giovane-dellolimpismo-celebra-il-successo-della-quinta-edizione\\\/\"},\"author\":{\"name\":\"redazione\",\"@id\":\"https:\\\/\\\/www.bellunopress.it\\\/#\\\/schema\\\/person\\\/79bb06722b37ece1c03d3e94beb30d73\"},\"headline\":\"GenerAZIONE2026: il cuore giovane dell&#8217;Olimpismo celebra il successo della quinta edizione\",\"datePublished\":\"2026-06-04T21:10:30+00:00\",\"mainEntityOfPage\":{\"@id\":\"https:\\\/\\\/www.bellunopress.it\\\/2026\\\/06\\\/04\\\/generazione2026-il-cuore-giovane-dellolimpismo-celebra-il-successo-della-quinta-edizione\\\/\"},\"wordCount\":571,\"publisher\":{\"@id\":\"https:\\\/\\\/www.bellunopress.it\\\/#organization\"},\"image\":{\"@id\":\"https:\\\/\\\/www.bellunopress.it\\\/2026\\\/06\\\/04\\\/generazione2026-il-cuore-giovane-dellolimpismo-celebra-il-successo-della-quinta-edizione\\\/#primaryimage\"},\"thumbnailUrl\":\"https:\\\/\\\/www.bellunopress.it\\\/wp-content\\\/uploads\\\/2026\\\/06\\\/Generazione-2026-Camera-di-Commercio.jpg\",\"articleSection\":[\"Prima Pagina\",\"Societ\u00e0, Associazioni, Istituzioni\",\"Sport, tempo libero\"],\"inLanguage\":\"fr-FR\"},{\"@type\":\"WebPage\",\"@id\":\"https:\\\/\\\/www.bellunopress.it\\\/2026\\\/06\\\/04\\\/generazione2026-il-cuore-giovane-dellolimpismo-celebra-il-successo-della-quinta-edizione\\\/\",\"url\":\"https:\\\/\\\/www.bellunopress.it\\\/2026\\\/06\\\/04\\\/generazione2026-il-cuore-giovane-dellolimpismo-celebra-il-successo-della-quinta-edizione\\\/\",\"name\":\"GenerAZIONE2026: il cuore giovane dell'Olimpismo celebra il successo della quinta edizione - Bellunopress - Dolomiti\",\"isPartOf\":{\"@id\":\"https:\\\/\\\/www.bellunopress.it\\\/#website\"},\"primaryImageOfPage\":{\"@id\":\"https:\\\/\\\/www.bellunopress.it\\\/2026\\\/06\\\/04\\\/generazione2026-il-cuore-giovane-dellolimpismo-celebra-il-successo-della-quinta-edizione\\\/#primaryimage\"},\"image\":{\"@id\":\"https:\\\/\\\/www.bellunopress.it\\\/2026\\\/06\\\/04\\\/generazione2026-il-cuore-giovane-dellolimpismo-celebra-il-successo-della-quinta-edizione\\\/#primaryimage\"},\"thumbnailUrl\":\"https:\\\/\\\/www.bellunopress.it\\\/wp-content\\\/uploads\\\/2026\\\/06\\\/Generazione-2026-Camera-di-Commercio.jpg\",\"datePublished\":\"2026-06-04T21:10:30+00:00\",\"breadcrumb\":{\"@id\":\"https:\\\/\\\/www.bellunopress.it\\\/2026\\\/06\\\/04\\\/generazione2026-il-cuore-giovane-dellolimpismo-celebra-il-successo-della-quinta-edizione\\\/#breadcrumb\"},\"inLanguage\":\"fr-FR\",\"potentialAction\":[{\"@type\":\"ReadAction\",\"target\":[\"https:\\\/\\\/www.bellunopress.it\\\/2026\\\/06\\\/04\\\/generazione2026-il-cuore-giovane-dellolimpismo-celebra-il-successo-della-quinta-edizione\\\/\"]}]},{\"@type\":\"ImageObject\",\"inLanguage\":\"fr-FR\",\"@id\":\"https:\\\/\\\/www.bellunopress.it\\\/2026\\\/06\\\/04\\\/generazione2026-il-cuore-giovane-dellolimpismo-celebra-il-successo-della-quinta-edizione\\\/#primaryimage\",\"url\":\"https:\\\/\\\/www.bellunopress.it\\\/wp-content\\\/uploads\\\/2026\\\/06\\\/Generazione-2026-Camera-di-Commercio.jpg\",\"contentUrl\":\"https:\\\/\\\/www.bellunopress.it\\\/wp-content\\\/uploads\\\/2026\\\/06\\\/Generazione-2026-Camera-di-Commercio.jpg\",\"width\":700,\"height\":204},{\"@type\":\"BreadcrumbList\",\"@id\":\"https:\\\/\\\/www.bellunopress.it\\\/2026\\\/06\\\/04\\\/generazione2026-il-cuore-giovane-dellolimpismo-celebra-il-successo-della-quinta-edizione\\\/#breadcrumb\",\"itemListElement\":[{\"@type\":\"ListItem\",\"position\":1,\"name\":\"Home\",\"item\":\"https:\\\/\\\/www.bellunopress.it\\\/\"},{\"@type\":\"ListItem\",\"position\":2,\"name\":\"GenerAZIONE2026: il cuore giovane dell&#8217;Olimpismo celebra il successo della quinta edizione\"}]},{\"@type\":\"WebSite\",\"@id\":\"https:\\\/\\\/www.bellunopress.it\\\/#website\",\"url\":\"https:\\\/\\\/www.bellunopress.it\\\/\",\"name\":\"Bellunopress - Dolomiti\",\"description\":\"e-mail: redazione@bellunopress.it\",\"publisher\":{\"@id\":\"https:\\\/\\\/www.bellunopress.it\\\/#organization\"},\"potentialAction\":[{\"@type\":\"SearchAction\",\"target\":{\"@type\":\"EntryPoint\",\"urlTemplate\":\"https:\\\/\\\/www.bellunopress.it\\\/?s={search_term_string}\"},\"query-input\":{\"@type\":\"PropertyValueSpecification\",\"valueRequired\":true,\"valueName\":\"search_term_string\"}}],\"inLanguage\":\"fr-FR\"},{\"@type\":\"Organization\",\"@id\":\"https:\\\/\\\/www.bellunopress.it\\\/#organization\",\"name\":\"Bellunopress\",\"url\":\"https:\\\/\\\/www.bellunopress.it\\\/\",\"logo\":{\"@type\":\"ImageObject\",\"inLanguage\":\"fr-FR\",\"@id\":\"https:\\\/\\\/www.bellunopress.it\\\/#\\\/schema\\\/logo\\\/image\\\/\",\"url\":\"https:\\\/\\\/www.bellunopress.it\\\/wp-content\\\/uploads\\\/2011\\\/05\\\/cropped-logo-bellunopress-.jpg\",\"contentUrl\":\"https:\\\/\\\/www.bellunopress.it\\\/wp-content\\\/uploads\\\/2011\\\/05\\\/cropped-logo-bellunopress-.jpg\",\"width\":512,\"height\":512,\"caption\":\"Bellunopress\"},\"image\":{\"@id\":\"https:\\\/\\\/www.bellunopress.it\\\/#\\\/schema\\\/logo\\\/image\\\/\"},\"sameAs\":[\"https:\\\/\\\/www.facebook.com\\\/profile.php?id=100008943462799\",\"https:\\\/\\\/x.com\\\/bellunopress\",\"https:\\\/\\\/www.linkedin.com\\\/hp\\\/?dnr=JBzUWaJfMUw8vbXJJ2tVW5-I3jZKvC4wsoxE&amp;amp;amp;amp;amp;amp;trk=nav_responsive_tab_home\",\"https:\\\/\\\/www.youtube.com\\\/channel\\\/UCxL0wu1uN0_3_7hGG0306cw\"]},{\"@type\":\"Person\",\"@id\":\"https:\\\/\\\/www.bellunopress.it\\\/#\\\/schema\\\/person\\\/79bb06722b37ece1c03d3e94beb30d73\",\"name\":\"redazione\",\"image\":{\"@type\":\"ImageObject\",\"inLanguage\":\"fr-FR\",\"@id\":\"https:\\\/\\\/secure.gravatar.com\\\/avatar\\\/37d968a2e67a6fd04c169c4bdef102d0bc5d31b2546345219e348575eb80e9a0?s=96&d=mm&r=g\",\"url\":\"https:\\\/\\\/secure.gravatar.com\\\/avatar\\\/37d968a2e67a6fd04c169c4bdef102d0bc5d31b2546345219e348575eb80e9a0?s=96&d=mm&r=g\",\"contentUrl\":\"https:\\\/\\\/secure.gravatar.com\\\/avatar\\\/37d968a2e67a6fd04c169c4bdef102d0bc5d31b2546345219e348575eb80e9a0?s=96&d=mm&r=g\",\"caption\":\"redazione\"},\"sameAs\":[\"http:\\\/\\\/www.bellunopress.it\",\"https:\\\/\\\/x.com\\\/bellunopress\"],\"url\":\"https:\\\/\\\/www.bellunopress.it\\\/fr\\\/author\\\/redazione\\\/\"}]}<\/script>\n<!-- \/ Yoast SEO plugin. -->","yoast_head_json":{"title":"GenerAZIONE2026: il cuore giovane dell'Olimpismo celebra il successo della quinta edizione - Bellunopress - Dolomiti","robots":{"index":"index","follow":"follow","max-snippet":"max-snippet:-1","max-image-preview":"max-image-preview:large","max-video-preview":"max-video-preview:-1"},"canonical":"https:\/\/www.bellunopress.it\/fr\/2026\/06\/04\/generazione2026-il-cuore-giovane-dellolimpismo-celebra-il-successo-della-quinta-edizione\/","og_locale":"fr_FR","og_type":"article","og_title":"GenerAZIONE2026: il cuore giovane dell'Olimpismo celebra il successo della quinta edizione - Bellunopress - Dolomiti","og_description":"Treviso, 4 giugno 2026 &#8211; Si \u00e8 conclusa a Treviso, presso il prestigioso Teatro Mario del Monaco, la quinta edizione di GenerAZIONE2026 \u2013 Sport powered by Youth and Education, il progetto educativo che ha trasformato migliaia di studenti veneti nei protagonisti dell&#8217;eredit\u00e0 culturale dei Giochi Olimpici e Paralimpici Invernali Milano Cortina 2026. Un movimento educativo [&hellip;]","og_url":"https:\/\/www.bellunopress.it\/fr\/2026\/06\/04\/generazione2026-il-cuore-giovane-dellolimpismo-celebra-il-successo-della-quinta-edizione\/","og_site_name":"Bellunopress - Dolomiti","article_publisher":"https:\/\/www.facebook.com\/profile.php?id=100008943462799","article_published_time":"2026-06-04T21:10:30+00:00","og_image":[{"width":700,"height":204,"url":"https:\/\/www.bellunopress.it\/wp-content\/uploads\/2026\/06\/Generazione-2026-Camera-di-Commercio.jpg","type":"image\/jpeg"}],"author":"redazione","twitter_card":"summary_large_image","twitter_creator":"@bellunopress","twitter_site":"@bellunopress","twitter_misc":{"\u00c9crit par":"redazione","Dur\u00e9e de lecture estim\u00e9e":"4 minutes"},"schema":{"@context":"https:\/\/schema.org","@graph":[{"@type":"Article","@id":"https:\/\/www.bellunopress.it\/2026\/06\/04\/generazione2026-il-cuore-giovane-dellolimpismo-celebra-il-successo-della-quinta-edizione\/#article","isPartOf":{"@id":"https:\/\/www.bellunopress.it\/2026\/06\/04\/generazione2026-il-cuore-giovane-dellolimpismo-celebra-il-successo-della-quinta-edizione\/"},"author":{"name":"redazione","@id":"https:\/\/www.bellunopress.it\/#\/schema\/person\/79bb06722b37ece1c03d3e94beb30d73"},"headline":"GenerAZIONE2026: il cuore giovane dell&#8217;Olimpismo celebra il successo della quinta edizione","datePublished":"2026-06-04T21:10:30+00:00","mainEntityOfPage":{"@id":"https:\/\/www.bellunopress.it\/2026\/06\/04\/generazione2026-il-cuore-giovane-dellolimpismo-celebra-il-successo-della-quinta-edizione\/"},"wordCount":571,"publisher":{"@id":"https:\/\/www.bellunopress.it\/#organization"},"image":{"@id":"https:\/\/www.bellunopress.it\/2026\/06\/04\/generazione2026-il-cuore-giovane-dellolimpismo-celebra-il-successo-della-quinta-edizione\/#primaryimage"},"thumbnailUrl":"https:\/\/www.bellunopress.it\/wp-content\/uploads\/2026\/06\/Generazione-2026-Camera-di-Commercio.jpg","articleSection":["Prima Pagina","Societ\u00e0, Associazioni, Istituzioni","Sport, tempo libero"],"inLanguage":"fr-FR"},{"@type":"WebPage","@id":"https:\/\/www.bellunopress.it\/2026\/06\/04\/generazione2026-il-cuore-giovane-dellolimpismo-celebra-il-successo-della-quinta-edizione\/","url":"https:\/\/www.bellunopress.it\/2026\/06\/04\/generazione2026-il-cuore-giovane-dellolimpismo-celebra-il-successo-della-quinta-edizione\/","name":"GenerAZIONE2026: il cuore giovane dell'Olimpismo celebra il successo della quinta edizione - Bellunopress - Dolomiti","isPartOf":{"@id":"https:\/\/www.bellunopress.it\/#website"},"primaryImageOfPage":{"@id":"https:\/\/www.bellunopress.it\/2026\/06\/04\/generazione2026-il-cuore-giovane-dellolimpismo-celebra-il-successo-della-quinta-edizione\/#primaryimage"},"image":{"@id":"https:\/\/www.bellunopress.it\/2026\/06\/04\/generazione2026-il-cuore-giovane-dellolimpismo-celebra-il-successo-della-quinta-edizione\/#primaryimage"},"thumbnailUrl":"https:\/\/www.bellunopress.it\/wp-content\/uploads\/2026\/06\/Generazione-2026-Camera-di-Commercio.jpg","datePublished":"2026-06-04T21:10:30+00:00","breadcrumb":{"@id":"https:\/\/www.bellunopress.it\/2026\/06\/04\/generazione2026-il-cuore-giovane-dellolimpismo-celebra-il-successo-della-quinta-edizione\/#breadcrumb"},"inLanguage":"fr-FR","potentialAction":[{"@type":"ReadAction","target":["https:\/\/www.bellunopress.it\/2026\/06\/04\/generazione2026-il-cuore-giovane-dellolimpismo-celebra-il-successo-della-quinta-edizione\/"]}]},{"@type":"ImageObject","inLanguage":"fr-FR","@id":"https:\/\/www.bellunopress.it\/2026\/06\/04\/generazione2026-il-cuore-giovane-dellolimpismo-celebra-il-successo-della-quinta-edizione\/#primaryimage","url":"https:\/\/www.bellunopress.it\/wp-content\/uploads\/2026\/06\/Generazione-2026-Camera-di-Commercio.jpg","contentUrl":"https:\/\/www.bellunopress.it\/wp-content\/uploads\/2026\/06\/Generazione-2026-Camera-di-Commercio.jpg","width":700,"height":204},{"@type":"BreadcrumbList","@id":"https:\/\/www.bellunopress.it\/2026\/06\/04\/generazione2026-il-cuore-giovane-dellolimpismo-celebra-il-successo-della-quinta-edizione\/#breadcrumb","itemListElement":[{"@type":"ListItem","position":1,"name":"Home","item":"https:\/\/www.bellunopress.it\/"},{"@type":"ListItem","position":2,"name":"GenerAZIONE2026: il cuore giovane dell&#8217;Olimpismo celebra il successo della quinta edizione"}]},{"@type":"WebSite","@id":"https:\/\/www.bellunopress.it\/#website","url":"https:\/\/www.bellunopress.it\/","name":"Bellunopress - Dolomiti","description":"e-mail: redazione@bellunopress.it","publisher":{"@id":"https:\/\/www.bellunopress.it\/#organization"},"potentialAction":[{"@type":"SearchAction","target":{"@type":"EntryPoint","urlTemplate":"https:\/\/www.bellunopress.it\/?s={search_term_string}"},"query-input":{"@type":"PropertyValueSpecification","valueRequired":true,"valueName":"search_term_string"}}],"inLanguage":"fr-FR"},{"@type":"Organization","@id":"https:\/\/www.bellunopress.it\/#organization","name":"Bellunopress","url":"https:\/\/www.bellunopress.it\/","logo":{"@type":"ImageObject","inLanguage":"fr-FR","@id":"https:\/\/www.bellunopress.it\/#\/schema\/logo\/image\/","url":"https:\/\/www.bellunopress.it\/wp-content\/uploads\/2011\/05\/cropped-logo-bellunopress-.jpg","contentUrl":"https:\/\/www.bellunopress.it\/wp-content\/uploads\/2011\/05\/cropped-logo-bellunopress-.jpg","width":512,"height":512,"caption":"Bellunopress"},"image":{"@id":"https:\/\/www.bellunopress.it\/#\/schema\/logo\/image\/"},"sameAs":["https:\/\/www.facebook.com\/profile.php?id=100008943462799","https:\/\/x.com\/bellunopress","https:\/\/www.linkedin.com\/hp\/?dnr=JBzUWaJfMUw8vbXJJ2tVW5-I3jZKvC4wsoxE&amp;amp;amp;amp;amp;amp;trk=nav_responsive_tab_home","https:\/\/www.youtube.com\/channel\/UCxL0wu1uN0_3_7hGG0306cw"]},{"@type":"Person","@id":"https:\/\/www.bellunopress.it\/#\/schema\/person\/79bb06722b37ece1c03d3e94beb30d73","name":"r\u00e9daction","image":{"@type":"ImageObject","inLanguage":"fr-FR","@id":"https:\/\/secure.gravatar.com\/avatar\/37d968a2e67a6fd04c169c4bdef102d0bc5d31b2546345219e348575eb80e9a0?s=96&d=mm&r=g","url":"https:\/\/secure.gravatar.com\/avatar\/37d968a2e67a6fd04c169c4bdef102d0bc5d31b2546345219e348575eb80e9a0?s=96&d=mm&r=g","contentUrl":"https:\/\/secure.gravatar.com\/avatar\/37d968a2e67a6fd04c169c4bdef102d0bc5d31b2546345219e348575eb80e9a0?s=96&d=mm&r=g","caption":"redazione"},"sameAs":["http:\/\/www.bellunopress.it","https:\/\/x.com\/bellunopress"],"url":"https:\/\/www.bellunopress.it\/fr\/author\/redazione\/"}]}},"_links":{"self":[{"href":"https:\/\/www.bellunopress.it\/fr\/wp-json\/wp\/v2\/posts\/170734","targetHints":{"allow":["GET"]}}],"collection":[{"href":"https:\/\/www.bellunopress.it\/fr\/wp-json\/wp\/v2\/posts"}],"about":[{"href":"https:\/\/www.bellunopress.it\/fr\/wp-json\/wp\/v2\/types\/post"}],"author":[{"embeddable":true,"href":"https:\/\/www.bellunopress.it\/fr\/wp-json\/wp\/v2\/users\/2"}],"replies":[{"embeddable":true,"href":"https:\/\/www.bellunopress.it\/fr\/wp-json\/wp\/v2\/comments?post=170734"}],"version-history":[{"count":1,"href":"https:\/\/www.bellunopress.it\/fr\/wp-json\/wp\/v2\/posts\/170734\/revisions"}],"predecessor-version":[{"id":170736,"href":"https:\/\/www.bellunopress.it\/fr\/wp-json\/wp\/v2\/posts\/170734\/revisions\/170736"}],"wp:featuredmedia":[{"embeddable":true,"href":"https:\/\/www.bellunopress.it\/fr\/wp-json\/wp\/v2\/media\/170735"}],"wp:attachment":[{"href":"https:\/\/www.bellunopress.it\/fr\/wp-json\/wp\/v2\/media?parent=170734"}],"wp:term":[{"taxonomy":"category","embeddable":true,"href":"https:\/\/www.bellunopress.it\/fr\/wp-json\/wp\/v2\/categories?post=170734"},{"taxonomy":"post_tag","embeddable":true,"href":"https:\/\/www.bellunopress.it\/fr\/wp-json\/wp\/v2\/tags?post=170734"}],"curies":[{"name":"wp","href":"https:\/\/api.w.org\/{rel}","templated":true}]}}