{"id":170728,"date":"2026-06-04T20:00:18","date_gmt":"2026-06-04T18:00:18","guid":{"rendered":"https:\/\/www.bellunopress.it\/?p=170728"},"modified":"2026-06-04T20:53:07","modified_gmt":"2026-06-04T18:53:07","slug":"marina-militare-nastro-rosa-tour-2026-e-partita-oggi-da-venezia-la-6a-edizione-del-giro-dellitalia-a-vela","status":"publish","type":"post","link":"https:\/\/www.bellunopress.it\/fr\/2026\/06\/04\/marina-militare-nastro-rosa-tour-2026-e-partita-oggi-da-venezia-la-6a-edizione-del-giro-dellitalia-a-vela\/","title":{"rendered":"Marina Militare Nastro Rosa Tour 2026: \u00e8 partita oggi da Venezia la 6\u00aa edizione del Giro dell\u2019Italia a Vela"},"content":{"rendered":"<p><strong>Il tema \u201cGiovani, Mare e Futuro \u2013 Valore Paese Italia\u201d, accompagner\u00e0 quest\u2019anno per le 9 tappe i 10 team internazionali <\/strong><strong>tra sport, giovani e valorizzazione dei territori<\/strong><\/p>\n<p><strong>Al Circolo Ufficiali della Marina Militare sono stati presentati gli equipaggi alla presenza di autorit\u00e0 civili e militari<\/strong><br \/>\n<strong>La regata \u00e8 partita da Canale San Marco in direzione Cattolica, dove arriver\u00e0 il 5 giugno<\/strong><\/p>\n<p>Venezia, 4 giugno 2026 \u2013 Ha preso il via oggi la 6\u00aa edizione del Marina Militare Nastro Rosa Tour \u2013 Il Giro dell\u2019Italia a Vela 2026, partita da Venezia in direzione Cattolica (RN), prima tappa di un percorso che si concluder\u00e0 il 12 luglio a Genova dopo aver percorso 1.250 miglia in direzione Est-Ovest dal Mare Adriatico al Mar Ligure. Al Circolo Ufficiali della Marina Militare, dove si \u00e8 tenuta la presentazione degli equipaggi, sono state annunciate tutte le tappe: Cattolica, Vieste, Taranto, Siracusa, Tropea, Napoli, Portoferraio e Genova.<\/p>\n<p>La competizione &#8211; organizzata da Difesa Servizi S.p.A., in collaborazione con la Marina Militare e SSI Sport &amp; Events, con la partnership istituzionale del Ministro per lo Sport e i Giovani e il Nuovo Comitato Organizzatore della XX Edizione dei Giochi del Mediterraneo \u2013 Taranto 2026, il supporto della Federazione Italiana Vela e il patrocinio del CONI &#8211; \u00e8 di respiro nazionale ed internazionale e unisce sport, istituzioni e territori in un unico grande racconto: quello dell\u2019Italia che vive, cresce e si riconosce nel mare. Una regata che veicola anche i valori della Marina Militare di cui porta il vessillo: la vela diventa il linguaggio attraverso cui trasmettere valori fondanti come disciplina, spirito di squadra, leadership, senso del dovere e capacit\u00e0 di affrontare le sfide.<\/p>\n<p>Riconosciuto come un unicum nel panorama velico, il Marina Militare Nastro Rosa Tour si distingue per la sua straordinaria complessit\u00e0 tecnica, racchiudendo l\u2019essenza stessa dello sport velico in tre spettacolari discipline: l\u2019Offshore, con le lunghe e sfibranti navigazioni d\u2019altura a bordo dei potenti e tecnologici Figaro B\u00e9n\u00e9teau 3, primi monotipi di serie dotati di foil; l\u2019Inshore, con regate avvincenti a ridosso della costa sui piccoli e velocissimi Waszp; e infine il Board, la disciplina acrobatica del Wing Foil che regaler\u00e0 grandi emozioni a pochi metri dalla spiaggia. Una formula rivoluzionaria che mette in scena \u201ctutta la vela in un unico evento\u201d con il patrocinio delle massime autorit\u00e0 mondiali della disciplina, tra cui il prestigioso RORC (Royal Ocean Racing Club), l\u2019Eurosaf (European Sailing Federation) e World Sailing.<\/p>\n<p>Il livello agonistico dell\u2019edizione 2026 si annuncia particolarmente elevato grazie alla partecipazione di team nazionali e internazionali di primissimo piano: 10 equipaggi composti da atleti olimpionici, skipper oceanici e giovani talenti della vela mondiale si confronteranno lungo la complessa orografia delle coste italiane, dove la lettura millimetrica di correnti e transizioni meteorologiche rende ogni tratta una vera partita a scacchi sul mare.<br \/>\nI team che prenderanno parte alla competizione sono: Marina Militare (ITA), Aeronautica Militare (ITA), Guardia di Finanza (ITA), Team Poland (POL), Flushing Sailing Club (ENG), Cambridge University Yacht Club (ENG), Verein Seglerhaus am Wannsee \u2013 VsaW (GER), C.N. Sambenedettese (ITA), Exe Sailing Club (ENG), e Bayerischer Yacht-Club (GER).<br \/>\nGli equipaggi delle Forze Armate che prendono parte al Marina Militare Nastro Rosa Tour 2026 parteciperanno anche alla competizione interforze Trofeo Vespucci.<\/p>\n<p>Il tema 2026, \u201cGiovani, Mare e Futuro \u2013 Valore Paese Italia\u201d, \u00e8 la chiave narrativa dell\u2019intero Tour: il mare diventa un\u2019infrastruttura culturale e simbolica che connette comunit\u00e0 e territori, valorizzando il patrimonio culturale, paesaggistico e ambientale italiano. Il progetto unisce dimensione narrativa e progettuale attraverso iniziative dedicate a studenti, academy veliche, associazioni giovanili sviluppate con istituzioni e partner per favorire percorsi di orientamento, formazione alle competenze del mare e consapevolezza sui temi della sicurezza, della cittadinanza attiva e dell\u2019innovazione.<br \/>\nI \u201cGiovani\u201d al centro del Marina Militare Nastro Rosa Tour grazie al \u201cProgetto Giovani\u201d nato da un accordo tra la Marina Militare e il Dipartimento per le Politiche Giovanili e il Servizio Civile Universale che sar\u00e0 realizzato in collaborazione con la FIV \u2013 Federazione Italiana Vela &#8211; e la Capitaneria di Porto.<br \/>\nTra le attivit\u00e0 del Progetto Giovani, incontri divulgativi, attivit\u00e0 di sensibilizzazione sulla sicurezza in mare e sulla tutela dell\u2019ambiente marino, visita presso gli Arsenali Militari Marittimi, visita a bordo di navi, sommergibili e aeromobili della Marina Militare, uscite in mare, attivit\u00e0 di formazione velica.<\/p>\n<p>Il Marina Militare Nastro Rosa Tour si conferma insieme al progetto \u201cValore Paese Italia &#8211; Fari\u201d, una straordinaria piattaforma di promozione della ricchezza culturale, turistica e produttiva del sistema Paese, capace di connettere identit\u00e0, patrimonio e prospettive future lungo l\u2019intero sistema costiero italiano. Pertanto, i percorsi e le rotte saranno tracciati per enfatizzare la nostra rete di Fari, nei limiti delle percorrenze e, per ulteriore visibilit\u00e0, ciascuna delle barche partecipanti avr\u00e0 il nome di un Faro.<\/p>\n<p>In ciascuna tappa sar\u00e0 allestito il Villaggio della Vela, cuore pulsante dell\u2019evento a terra. I villaggi saranno aperti al pubblico e offriranno un ricco palinsesto di appuntamenti, incontri con i regatanti e attivit\u00e0 di intrattenimento per avvicinare appassionati e famiglie alla cultura del mare, oltre a spettacoli, musica live e proiezioni cinematografiche. Per oltre 40 giorni il Tour animer\u00e0 alcune delle localit\u00e0 costiere pi\u00f9 rappresentative del Paese con eventi gratuiti dedicati a famiglie, giovani e stakeholder territoriali.<br \/>\nUna delle novit\u00e0 di quest\u2019anno \u00e8 la presenza di Radio Rai che animer\u00e0 il Villaggio della Vela.<\/p>\n<p>La partenza da Venezia ha un forte valore simbolico: citt\u00e0 di antica tradizione marinara e snodo storico del rapporto tra l\u2019Italia e il mare, offre uno dei suoi scenari pi\u00f9 iconici, il bacino di San Marco. L\u2019Antico Arsenale, sede del Salone Nautico e cuore storico della tradizione navale veneziana, resta il riferimento istituzionale e organizzativo della tappa inaugurale, insieme alla presenza dell\u2019Istituto di Studi Militari Marittimi e del Museo Storico Navale. Nei pressi sorge anche la Scuola Navale Militare \u201cFrancesco Morosini\u201d, che rafforza il legame con il tema centrale dell\u2019edizione 2026: il ruolo delle nuove generazioni nel costruire il futuro del Paese attraverso cultura del mare, formazione e cittadinanza attiva.<br \/>\nNell\u2019ambito del progetto non mancher\u00e0 l\u2019attenzione alla salvaguardia dell\u2019ambiente con il progetto WAVING MEADOW che ha come obiettivo la salvaguardia dell\u2019ecosistema marino e della Posidonia Oceanica presente nel mediterraneo, e l\u2019importante collaborazione con il FAI (Fondo Ambiente Italiano).<\/p>\n<p>Tutte le informazioni sulle tappe, il palinsesto degli eventi \u2013 tutti aperti al pubblico e a titolo gratuito \u2013 sono consultabili sul sito www.nastrorosatour.it<\/p>","protected":false},"excerpt":{"rendered":"<p>Il tema \u201cGiovani, Mare e Futuro \u2013 Valore Paese Italia\u201d, accompagner\u00e0 quest\u2019anno per le 9 tappe i 10 team internazionali tra sport, giovani e valorizzazione dei territori Al Circolo Ufficiali della Marina Militare sono stati presentati gli equipaggi alla presenza di autorit\u00e0 civili e militari La regata \u00e8 partita da Canale San Marco in direzione [&hellip;]<\/p>\n","protected":false},"author":2,"featured_media":170729,"comment_status":"closed","ping_status":"open","sticky":false,"template":"","format":"standard","meta":{"footnotes":""},"categories":[5,8],"tags":[],"class_list":["post-170728","post","type-post","status-publish","format-standard","has-post-thumbnail","category-cronaca","category-societa-istituzioni"],"yoast_head":"<!-- This site is optimized with the Yoast SEO plugin v28.4 - https:\/\/yoast.com\/product\/yoast-seo-wordpress\/ -->\n<title>Marina Militare Nastro Rosa Tour 2026: \u00e8 partita oggi da Venezia la 6\u00aa edizione del Giro dell\u2019Italia a Vela - Bellunopress - Dolomiti<\/title>\n<meta name=\"robots\" content=\"index, follow, max-snippet:-1, max-image-preview:large, max-video-preview:-1\" \/>\n<link rel=\"canonical\" href=\"https:\/\/www.bellunopress.it\/fr\/2026\/06\/04\/marina-militare-nastro-rosa-tour-2026-e-partita-oggi-da-venezia-la-6a-edizione-del-giro-dellitalia-a-vela\/\" \/>\n<meta property=\"og:locale\" content=\"fr_FR\" \/>\n<meta property=\"og:type\" content=\"article\" \/>\n<meta property=\"og:title\" content=\"Marina Militare Nastro Rosa Tour 2026: \u00e8 partita oggi da Venezia la 6\u00aa edizione del Giro dell\u2019Italia a Vela - Bellunopress - Dolomiti\" \/>\n<meta property=\"og:description\" content=\"Il tema \u201cGiovani, Mare e Futuro \u2013 Valore Paese Italia\u201d, accompagner\u00e0 quest\u2019anno per le 9 tappe i 10 team internazionali tra sport, giovani e valorizzazione dei territori Al Circolo Ufficiali della Marina Militare sono stati presentati gli equipaggi alla presenza di autorit\u00e0 civili e militari La regata \u00e8 partita da Canale San Marco in direzione [&hellip;]\" \/>\n<meta property=\"og:url\" content=\"https:\/\/www.bellunopress.it\/fr\/2026\/06\/04\/marina-militare-nastro-rosa-tour-2026-e-partita-oggi-da-venezia-la-6a-edizione-del-giro-dellitalia-a-vela\/\" \/>\n<meta property=\"og:site_name\" content=\"Bellunopress - Dolomiti\" \/>\n<meta property=\"article:publisher\" content=\"https:\/\/www.facebook.com\/profile.php?id=100008943462799\" \/>\n<meta property=\"article:published_time\" content=\"2026-06-04T18:00:18+00:00\" \/>\n<meta property=\"article:modified_time\" content=\"2026-06-04T18:53:07+00:00\" \/>\n<meta property=\"og:image\" content=\"https:\/\/www.bellunopress.it\/wp-content\/uploads\/2026\/06\/Venezia-Partenza-del-Marina-Militare-Nastro-Rosa-Tour-2026.jpg\" \/>\n\t<meta property=\"og:image:width\" content=\"600\" \/>\n\t<meta property=\"og:image:height\" content=\"399\" \/>\n\t<meta property=\"og:image:type\" content=\"image\/jpeg\" \/>\n<meta name=\"author\" content=\"redazione\" \/>\n<meta name=\"twitter:card\" content=\"summary_large_image\" \/>\n<meta name=\"twitter:creator\" content=\"@bellunopress\" \/>\n<meta name=\"twitter:site\" content=\"@bellunopress\" \/>\n<meta name=\"twitter:label1\" content=\"Written by\" \/>\n\t<meta name=\"twitter:data1\" content=\"redazione\" \/>\n\t<meta name=\"twitter:label2\" content=\"Est. reading time\" \/>\n\t<meta name=\"twitter:data2\" content=\"6 minutes\" \/>\n<script type=\"application\/ld+json\" class=\"yoast-schema-graph\">{\"@context\":\"https:\\\/\\\/schema.org\",\"@graph\":[{\"@type\":\"Article\",\"@id\":\"https:\\\/\\\/www.bellunopress.it\\\/2026\\\/06\\\/04\\\/marina-militare-nastro-rosa-tour-2026-e-partita-oggi-da-venezia-la-6a-edizione-del-giro-dellitalia-a-vela\\\/#article\",\"isPartOf\":{\"@id\":\"https:\\\/\\\/www.bellunopress.it\\\/2026\\\/06\\\/04\\\/marina-militare-nastro-rosa-tour-2026-e-partita-oggi-da-venezia-la-6a-edizione-del-giro-dellitalia-a-vela\\\/\"},\"author\":{\"name\":\"redazione\",\"@id\":\"https:\\\/\\\/www.bellunopress.it\\\/#\\\/schema\\\/person\\\/79bb06722b37ece1c03d3e94beb30d73\"},\"headline\":\"Marina Militare Nastro Rosa Tour 2026: \u00e8 partita oggi da Venezia la 6\u00aa edizione del Giro dell\u2019Italia a Vela\",\"datePublished\":\"2026-06-04T18:00:18+00:00\",\"dateModified\":\"2026-06-04T18:53:07+00:00\",\"mainEntityOfPage\":{\"@id\":\"https:\\\/\\\/www.bellunopress.it\\\/2026\\\/06\\\/04\\\/marina-militare-nastro-rosa-tour-2026-e-partita-oggi-da-venezia-la-6a-edizione-del-giro-dellitalia-a-vela\\\/\"},\"wordCount\":1068,\"publisher\":{\"@id\":\"https:\\\/\\\/www.bellunopress.it\\\/#organization\"},\"image\":{\"@id\":\"https:\\\/\\\/www.bellunopress.it\\\/2026\\\/06\\\/04\\\/marina-militare-nastro-rosa-tour-2026-e-partita-oggi-da-venezia-la-6a-edizione-del-giro-dellitalia-a-vela\\\/#primaryimage\"},\"thumbnailUrl\":\"https:\\\/\\\/www.bellunopress.it\\\/wp-content\\\/uploads\\\/2026\\\/06\\\/Venezia-Partenza-del-Marina-Militare-Nastro-Rosa-Tour-2026.jpg\",\"articleSection\":[\"Cronaca\\\/Politica\",\"Societ\u00e0, Associazioni, Istituzioni\"],\"inLanguage\":\"fr-FR\"},{\"@type\":\"WebPage\",\"@id\":\"https:\\\/\\\/www.bellunopress.it\\\/2026\\\/06\\\/04\\\/marina-militare-nastro-rosa-tour-2026-e-partita-oggi-da-venezia-la-6a-edizione-del-giro-dellitalia-a-vela\\\/\",\"url\":\"https:\\\/\\\/www.bellunopress.it\\\/2026\\\/06\\\/04\\\/marina-militare-nastro-rosa-tour-2026-e-partita-oggi-da-venezia-la-6a-edizione-del-giro-dellitalia-a-vela\\\/\",\"name\":\"Marina Militare Nastro Rosa Tour 2026: \u00e8 partita oggi da Venezia la 6\u00aa edizione del Giro dell\u2019Italia a Vela - Bellunopress - Dolomiti\",\"isPartOf\":{\"@id\":\"https:\\\/\\\/www.bellunopress.it\\\/#website\"},\"primaryImageOfPage\":{\"@id\":\"https:\\\/\\\/www.bellunopress.it\\\/2026\\\/06\\\/04\\\/marina-militare-nastro-rosa-tour-2026-e-partita-oggi-da-venezia-la-6a-edizione-del-giro-dellitalia-a-vela\\\/#primaryimage\"},\"image\":{\"@id\":\"https:\\\/\\\/www.bellunopress.it\\\/2026\\\/06\\\/04\\\/marina-militare-nastro-rosa-tour-2026-e-partita-oggi-da-venezia-la-6a-edizione-del-giro-dellitalia-a-vela\\\/#primaryimage\"},\"thumbnailUrl\":\"https:\\\/\\\/www.bellunopress.it\\\/wp-content\\\/uploads\\\/2026\\\/06\\\/Venezia-Partenza-del-Marina-Militare-Nastro-Rosa-Tour-2026.jpg\",\"datePublished\":\"2026-06-04T18:00:18+00:00\",\"dateModified\":\"2026-06-04T18:53:07+00:00\",\"breadcrumb\":{\"@id\":\"https:\\\/\\\/www.bellunopress.it\\\/2026\\\/06\\\/04\\\/marina-militare-nastro-rosa-tour-2026-e-partita-oggi-da-venezia-la-6a-edizione-del-giro-dellitalia-a-vela\\\/#breadcrumb\"},\"inLanguage\":\"fr-FR\",\"potentialAction\":[{\"@type\":\"ReadAction\",\"target\":[\"https:\\\/\\\/www.bellunopress.it\\\/2026\\\/06\\\/04\\\/marina-militare-nastro-rosa-tour-2026-e-partita-oggi-da-venezia-la-6a-edizione-del-giro-dellitalia-a-vela\\\/\"]}]},{\"@type\":\"ImageObject\",\"inLanguage\":\"fr-FR\",\"@id\":\"https:\\\/\\\/www.bellunopress.it\\\/2026\\\/06\\\/04\\\/marina-militare-nastro-rosa-tour-2026-e-partita-oggi-da-venezia-la-6a-edizione-del-giro-dellitalia-a-vela\\\/#primaryimage\",\"url\":\"https:\\\/\\\/www.bellunopress.it\\\/wp-content\\\/uploads\\\/2026\\\/06\\\/Venezia-Partenza-del-Marina-Militare-Nastro-Rosa-Tour-2026.jpg\",\"contentUrl\":\"https:\\\/\\\/www.bellunopress.it\\\/wp-content\\\/uploads\\\/2026\\\/06\\\/Venezia-Partenza-del-Marina-Militare-Nastro-Rosa-Tour-2026.jpg\",\"width\":600,\"height\":399,\"caption\":\"Venezia. Un momento della partenza del Marina Militare Nastro Rosa Tour 2026\"},{\"@type\":\"BreadcrumbList\",\"@id\":\"https:\\\/\\\/www.bellunopress.it\\\/2026\\\/06\\\/04\\\/marina-militare-nastro-rosa-tour-2026-e-partita-oggi-da-venezia-la-6a-edizione-del-giro-dellitalia-a-vela\\\/#breadcrumb\",\"itemListElement\":[{\"@type\":\"ListItem\",\"position\":1,\"name\":\"Home\",\"item\":\"https:\\\/\\\/www.bellunopress.it\\\/\"},{\"@type\":\"ListItem\",\"position\":2,\"name\":\"Marina Militare Nastro Rosa Tour 2026: \u00e8 partita oggi da Venezia la 6\u00aa edizione del Giro dell\u2019Italia a Vela\"}]},{\"@type\":\"WebSite\",\"@id\":\"https:\\\/\\\/www.bellunopress.it\\\/#website\",\"url\":\"https:\\\/\\\/www.bellunopress.it\\\/\",\"name\":\"Bellunopress - Dolomiti\",\"description\":\"e-mail: redazione@bellunopress.it\",\"publisher\":{\"@id\":\"https:\\\/\\\/www.bellunopress.it\\\/#organization\"},\"potentialAction\":[{\"@type\":\"SearchAction\",\"target\":{\"@type\":\"EntryPoint\",\"urlTemplate\":\"https:\\\/\\\/www.bellunopress.it\\\/?s={search_term_string}\"},\"query-input\":{\"@type\":\"PropertyValueSpecification\",\"valueRequired\":true,\"valueName\":\"search_term_string\"}}],\"inLanguage\":\"fr-FR\"},{\"@type\":\"Organization\",\"@id\":\"https:\\\/\\\/www.bellunopress.it\\\/#organization\",\"name\":\"Bellunopress\",\"url\":\"https:\\\/\\\/www.bellunopress.it\\\/\",\"logo\":{\"@type\":\"ImageObject\",\"inLanguage\":\"fr-FR\",\"@id\":\"https:\\\/\\\/www.bellunopress.it\\\/#\\\/schema\\\/logo\\\/image\\\/\",\"url\":\"https:\\\/\\\/www.bellunopress.it\\\/wp-content\\\/uploads\\\/2011\\\/05\\\/cropped-logo-bellunopress-.jpg\",\"contentUrl\":\"https:\\\/\\\/www.bellunopress.it\\\/wp-content\\\/uploads\\\/2011\\\/05\\\/cropped-logo-bellunopress-.jpg\",\"width\":512,\"height\":512,\"caption\":\"Bellunopress\"},\"image\":{\"@id\":\"https:\\\/\\\/www.bellunopress.it\\\/#\\\/schema\\\/logo\\\/image\\\/\"},\"sameAs\":[\"https:\\\/\\\/www.facebook.com\\\/profile.php?id=100008943462799\",\"https:\\\/\\\/x.com\\\/bellunopress\",\"https:\\\/\\\/www.linkedin.com\\\/hp\\\/?dnr=JBzUWaJfMUw8vbXJJ2tVW5-I3jZKvC4wsoxE&amp;amp;amp;amp;amp;amp;trk=nav_responsive_tab_home\",\"https:\\\/\\\/www.youtube.com\\\/channel\\\/UCxL0wu1uN0_3_7hGG0306cw\"]},{\"@type\":\"Person\",\"@id\":\"https:\\\/\\\/www.bellunopress.it\\\/#\\\/schema\\\/person\\\/79bb06722b37ece1c03d3e94beb30d73\",\"name\":\"redazione\",\"image\":{\"@type\":\"ImageObject\",\"inLanguage\":\"fr-FR\",\"@id\":\"https:\\\/\\\/secure.gravatar.com\\\/avatar\\\/37d968a2e67a6fd04c169c4bdef102d0bc5d31b2546345219e348575eb80e9a0?s=96&d=mm&r=g\",\"url\":\"https:\\\/\\\/secure.gravatar.com\\\/avatar\\\/37d968a2e67a6fd04c169c4bdef102d0bc5d31b2546345219e348575eb80e9a0?s=96&d=mm&r=g\",\"contentUrl\":\"https:\\\/\\\/secure.gravatar.com\\\/avatar\\\/37d968a2e67a6fd04c169c4bdef102d0bc5d31b2546345219e348575eb80e9a0?s=96&d=mm&r=g\",\"caption\":\"redazione\"},\"sameAs\":[\"http:\\\/\\\/www.bellunopress.it\",\"https:\\\/\\\/x.com\\\/bellunopress\"],\"url\":\"https:\\\/\\\/www.bellunopress.it\\\/fr\\\/author\\\/redazione\\\/\"}]}<\/script>\n<!-- \/ Yoast SEO plugin. -->","yoast_head_json":{"title":"Marina Militare Nastro Rosa Tour 2026: \u00e8 partita oggi da Venezia la 6\u00aa edizione del Giro dell\u2019Italia a Vela - Bellunopress - Dolomiti","robots":{"index":"index","follow":"follow","max-snippet":"max-snippet:-1","max-image-preview":"max-image-preview:large","max-video-preview":"max-video-preview:-1"},"canonical":"https:\/\/www.bellunopress.it\/fr\/2026\/06\/04\/marina-militare-nastro-rosa-tour-2026-e-partita-oggi-da-venezia-la-6a-edizione-del-giro-dellitalia-a-vela\/","og_locale":"fr_FR","og_type":"article","og_title":"Marina Militare Nastro Rosa Tour 2026: \u00e8 partita oggi da Venezia la 6\u00aa edizione del Giro dell\u2019Italia a Vela - Bellunopress - Dolomiti","og_description":"Il tema \u201cGiovani, Mare e Futuro \u2013 Valore Paese Italia\u201d, accompagner\u00e0 quest\u2019anno per le 9 tappe i 10 team internazionali tra sport, giovani e valorizzazione dei territori Al Circolo Ufficiali della Marina Militare sono stati presentati gli equipaggi alla presenza di autorit\u00e0 civili e militari La regata \u00e8 partita da Canale San Marco in direzione [&hellip;]","og_url":"https:\/\/www.bellunopress.it\/fr\/2026\/06\/04\/marina-militare-nastro-rosa-tour-2026-e-partita-oggi-da-venezia-la-6a-edizione-del-giro-dellitalia-a-vela\/","og_site_name":"Bellunopress - Dolomiti","article_publisher":"https:\/\/www.facebook.com\/profile.php?id=100008943462799","article_published_time":"2026-06-04T18:00:18+00:00","article_modified_time":"2026-06-04T18:53:07+00:00","og_image":[{"width":600,"height":399,"url":"https:\/\/www.bellunopress.it\/wp-content\/uploads\/2026\/06\/Venezia-Partenza-del-Marina-Militare-Nastro-Rosa-Tour-2026.jpg","type":"image\/jpeg"}],"author":"redazione","twitter_card":"summary_large_image","twitter_creator":"@bellunopress","twitter_site":"@bellunopress","twitter_misc":{"Written by":"redazione","Est. reading time":"6 minutes"},"schema":{"@context":"https:\/\/schema.org","@graph":[{"@type":"Article","@id":"https:\/\/www.bellunopress.it\/2026\/06\/04\/marina-militare-nastro-rosa-tour-2026-e-partita-oggi-da-venezia-la-6a-edizione-del-giro-dellitalia-a-vela\/#article","isPartOf":{"@id":"https:\/\/www.bellunopress.it\/2026\/06\/04\/marina-militare-nastro-rosa-tour-2026-e-partita-oggi-da-venezia-la-6a-edizione-del-giro-dellitalia-a-vela\/"},"author":{"name":"redazione","@id":"https:\/\/www.bellunopress.it\/#\/schema\/person\/79bb06722b37ece1c03d3e94beb30d73"},"headline":"Marina Militare Nastro Rosa Tour 2026: \u00e8 partita oggi da Venezia la 6\u00aa edizione del Giro dell\u2019Italia a Vela","datePublished":"2026-06-04T18:00:18+00:00","dateModified":"2026-06-04T18:53:07+00:00","mainEntityOfPage":{"@id":"https:\/\/www.bellunopress.it\/2026\/06\/04\/marina-militare-nastro-rosa-tour-2026-e-partita-oggi-da-venezia-la-6a-edizione-del-giro-dellitalia-a-vela\/"},"wordCount":1068,"publisher":{"@id":"https:\/\/www.bellunopress.it\/#organization"},"image":{"@id":"https:\/\/www.bellunopress.it\/2026\/06\/04\/marina-militare-nastro-rosa-tour-2026-e-partita-oggi-da-venezia-la-6a-edizione-del-giro-dellitalia-a-vela\/#primaryimage"},"thumbnailUrl":"https:\/\/www.bellunopress.it\/wp-content\/uploads\/2026\/06\/Venezia-Partenza-del-Marina-Militare-Nastro-Rosa-Tour-2026.jpg","articleSection":["Cronaca\/Politica","Societ\u00e0, Associazioni, Istituzioni"],"inLanguage":"fr-FR"},{"@type":"WebPage","@id":"https:\/\/www.bellunopress.it\/2026\/06\/04\/marina-militare-nastro-rosa-tour-2026-e-partita-oggi-da-venezia-la-6a-edizione-del-giro-dellitalia-a-vela\/","url":"https:\/\/www.bellunopress.it\/2026\/06\/04\/marina-militare-nastro-rosa-tour-2026-e-partita-oggi-da-venezia-la-6a-edizione-del-giro-dellitalia-a-vela\/","name":"Marina Militare Nastro Rosa Tour 2026: \u00e8 partita oggi da Venezia la 6\u00aa edizione del Giro dell\u2019Italia a Vela - Bellunopress - Dolomiti","isPartOf":{"@id":"https:\/\/www.bellunopress.it\/#website"},"primaryImageOfPage":{"@id":"https:\/\/www.bellunopress.it\/2026\/06\/04\/marina-militare-nastro-rosa-tour-2026-e-partita-oggi-da-venezia-la-6a-edizione-del-giro-dellitalia-a-vela\/#primaryimage"},"image":{"@id":"https:\/\/www.bellunopress.it\/2026\/06\/04\/marina-militare-nastro-rosa-tour-2026-e-partita-oggi-da-venezia-la-6a-edizione-del-giro-dellitalia-a-vela\/#primaryimage"},"thumbnailUrl":"https:\/\/www.bellunopress.it\/wp-content\/uploads\/2026\/06\/Venezia-Partenza-del-Marina-Militare-Nastro-Rosa-Tour-2026.jpg","datePublished":"2026-06-04T18:00:18+00:00","dateModified":"2026-06-04T18:53:07+00:00","breadcrumb":{"@id":"https:\/\/www.bellunopress.it\/2026\/06\/04\/marina-militare-nastro-rosa-tour-2026-e-partita-oggi-da-venezia-la-6a-edizione-del-giro-dellitalia-a-vela\/#breadcrumb"},"inLanguage":"fr-FR","potentialAction":[{"@type":"ReadAction","target":["https:\/\/www.bellunopress.it\/2026\/06\/04\/marina-militare-nastro-rosa-tour-2026-e-partita-oggi-da-venezia-la-6a-edizione-del-giro-dellitalia-a-vela\/"]}]},{"@type":"ImageObject","inLanguage":"fr-FR","@id":"https:\/\/www.bellunopress.it\/2026\/06\/04\/marina-militare-nastro-rosa-tour-2026-e-partita-oggi-da-venezia-la-6a-edizione-del-giro-dellitalia-a-vela\/#primaryimage","url":"https:\/\/www.bellunopress.it\/wp-content\/uploads\/2026\/06\/Venezia-Partenza-del-Marina-Militare-Nastro-Rosa-Tour-2026.jpg","contentUrl":"https:\/\/www.bellunopress.it\/wp-content\/uploads\/2026\/06\/Venezia-Partenza-del-Marina-Militare-Nastro-Rosa-Tour-2026.jpg","width":600,"height":399,"caption":"Venezia. Un momento della partenza del Marina Militare Nastro Rosa Tour 2026"},{"@type":"BreadcrumbList","@id":"https:\/\/www.bellunopress.it\/2026\/06\/04\/marina-militare-nastro-rosa-tour-2026-e-partita-oggi-da-venezia-la-6a-edizione-del-giro-dellitalia-a-vela\/#breadcrumb","itemListElement":[{"@type":"ListItem","position":1,"name":"Home","item":"https:\/\/www.bellunopress.it\/"},{"@type":"ListItem","position":2,"name":"Marina Militare Nastro Rosa Tour 2026: \u00e8 partita oggi da Venezia la 6\u00aa edizione del Giro dell\u2019Italia a Vela"}]},{"@type":"WebSite","@id":"https:\/\/www.bellunopress.it\/#website","url":"https:\/\/www.bellunopress.it\/","name":"Bellunopress - Dolomiti","description":"e-mail: redazione@bellunopress.it","publisher":{"@id":"https:\/\/www.bellunopress.it\/#organization"},"potentialAction":[{"@type":"SearchAction","target":{"@type":"EntryPoint","urlTemplate":"https:\/\/www.bellunopress.it\/?s={search_term_string}"},"query-input":{"@type":"PropertyValueSpecification","valueRequired":true,"valueName":"search_term_string"}}],"inLanguage":"fr-FR"},{"@type":"Organization","@id":"https:\/\/www.bellunopress.it\/#organization","name":"Bellunopress","url":"https:\/\/www.bellunopress.it\/","logo":{"@type":"ImageObject","inLanguage":"fr-FR","@id":"https:\/\/www.bellunopress.it\/#\/schema\/logo\/image\/","url":"https:\/\/www.bellunopress.it\/wp-content\/uploads\/2011\/05\/cropped-logo-bellunopress-.jpg","contentUrl":"https:\/\/www.bellunopress.it\/wp-content\/uploads\/2011\/05\/cropped-logo-bellunopress-.jpg","width":512,"height":512,"caption":"Bellunopress"},"image":{"@id":"https:\/\/www.bellunopress.it\/#\/schema\/logo\/image\/"},"sameAs":["https:\/\/www.facebook.com\/profile.php?id=100008943462799","https:\/\/x.com\/bellunopress","https:\/\/www.linkedin.com\/hp\/?dnr=JBzUWaJfMUw8vbXJJ2tVW5-I3jZKvC4wsoxE&amp;amp;amp;amp;amp;amp;trk=nav_responsive_tab_home","https:\/\/www.youtube.com\/channel\/UCxL0wu1uN0_3_7hGG0306cw"]},{"@type":"Person","@id":"https:\/\/www.bellunopress.it\/#\/schema\/person\/79bb06722b37ece1c03d3e94beb30d73","name":"r\u00e9daction","image":{"@type":"ImageObject","inLanguage":"fr-FR","@id":"https:\/\/secure.gravatar.com\/avatar\/37d968a2e67a6fd04c169c4bdef102d0bc5d31b2546345219e348575eb80e9a0?s=96&d=mm&r=g","url":"https:\/\/secure.gravatar.com\/avatar\/37d968a2e67a6fd04c169c4bdef102d0bc5d31b2546345219e348575eb80e9a0?s=96&d=mm&r=g","contentUrl":"https:\/\/secure.gravatar.com\/avatar\/37d968a2e67a6fd04c169c4bdef102d0bc5d31b2546345219e348575eb80e9a0?s=96&d=mm&r=g","caption":"redazione"},"sameAs":["http:\/\/www.bellunopress.it","https:\/\/x.com\/bellunopress"],"url":"https:\/\/www.bellunopress.it\/fr\/author\/redazione\/"}]}},"_links":{"self":[{"href":"https:\/\/www.bellunopress.it\/fr\/wp-json\/wp\/v2\/posts\/170728","targetHints":{"allow":["GET"]}}],"collection":[{"href":"https:\/\/www.bellunopress.it\/fr\/wp-json\/wp\/v2\/posts"}],"about":[{"href":"https:\/\/www.bellunopress.it\/fr\/wp-json\/wp\/v2\/types\/post"}],"author":[{"embeddable":true,"href":"https:\/\/www.bellunopress.it\/fr\/wp-json\/wp\/v2\/users\/2"}],"replies":[{"embeddable":true,"href":"https:\/\/www.bellunopress.it\/fr\/wp-json\/wp\/v2\/comments?post=170728"}],"version-history":[{"count":1,"href":"https:\/\/www.bellunopress.it\/fr\/wp-json\/wp\/v2\/posts\/170728\/revisions"}],"predecessor-version":[{"id":170730,"href":"https:\/\/www.bellunopress.it\/fr\/wp-json\/wp\/v2\/posts\/170728\/revisions\/170730"}],"wp:featuredmedia":[{"embeddable":true,"href":"https:\/\/www.bellunopress.it\/fr\/wp-json\/wp\/v2\/media\/170729"}],"wp:attachment":[{"href":"https:\/\/www.bellunopress.it\/fr\/wp-json\/wp\/v2\/media?parent=170728"}],"wp:term":[{"taxonomy":"category","embeddable":true,"href":"https:\/\/www.bellunopress.it\/fr\/wp-json\/wp\/v2\/categories?post=170728"},{"taxonomy":"post_tag","embeddable":true,"href":"https:\/\/www.bellunopress.it\/fr\/wp-json\/wp\/v2\/tags?post=170728"}],"curies":[{"name":"wp","href":"https:\/\/api.w.org\/{rel}","templated":true}]}}