{"id":170726,"date":"2026-06-04T20:35:23","date_gmt":"2026-06-04T18:35:23","guid":{"rendered":"https:\/\/www.bellunopress.it\/?p=170726"},"modified":"2026-06-04T20:35:23","modified_gmt":"2026-06-04T18:35:23","slug":"belluno-via-feltre-il-monologo-del-sindaco-e-il-pragmatismo-che-calpesta-il-confronto","status":"publish","type":"post","link":"https:\/\/www.bellunopress.it\/fr\/2026\/06\/04\/belluno-via-feltre-il-monologo-del-sindaco-e-il-pragmatismo-che-calpesta-il-confronto\/","title":{"rendered":"Belluno, via Feltre. Il monologo del sindaco e il pragmatismo che calpesta il confronto"},"content":{"rendered":"<h6 data-path-to-node=\"2\">Belluno, 4 giugno 2026 &#8211;\u00a0Il cantiere della prima tratta di via Feltre (rotatoria di piazzale Marconi) prosegue, accompagnato dal consueto corteo di rassicurazioni del sindaco Oscar De Pellegrin. Nel sopralluogo di stamane, il Primo cittadino ha incontrato commercianti, residenti e avventori, ribadendo i pilastri del progetto: sicurezza, viabilit\u00e0 e accessibilit\u00e0. Un copione gi\u00e0 visto, un disco rotto che risuona lungo la via, mentre la narrazione ufficiale dell&#8217;amministrazione continua a marciare spedita, ignorando sistematicamente le crepe che, ben oltre la pavimentazione stradale, si sono aperte nel tessuto democratico di Belluno.<\/h6>\n<p data-path-to-node=\"6\">Il metodo De Pellegrin \u00e8 oramai chiaro: il dialogo \u00e8 una pratica a geometria variabile. Il sindaco incontra i commercianti, ascolta le loro legittime esigenze di parcheggio e rassicura sul cronoprogramma. \u00c8, indubbiamente, una parte importante della citt\u00e0. Ma non \u00e8 tutta la citt\u00e0.<\/p>\n<p data-path-to-node=\"7\">Mentre l\u2019amministrazione si premura di blindare il consenso di una specifica categoria economica, resta il silenzio di fronte alle richieste delle associazioni ambientaliste e di quella parte di cittadinanza che chiedeva, e chiede, un approccio meno distruttivo verso il patrimonio arboreo. Le voci che pongono interrogativi sul valore paesaggistico e sulla gestione ambientale del viale vengono derubricate, con paternalismo, a mere \u201ctifoserie\u201d o a ostacoli ideologici. Il messaggio \u00e8 implicito ma nitido: esiste un\u2019idea di citt\u00e0 \u201cproduttiva\u201d degna di ascolto, e un\u2019altra, critica, che \u00e8 solo rumore di fondo.<\/p>\n<p data-path-to-node=\"9\">La questione di via Feltre non \u00e8 solo una disputa sul numero di stalli o sulla larghezza dei marciapiedi; \u00e8 una ferita aperta sulla qualit\u00e0 del metodo decisionale. L\u2019opera, resa possibile da una generosa donazione privata \u2013 a cui va la gratitudine della comunit\u00e0 \u2013 \u00e8 stata trasformata dall\u2019amministrazione in un monolite sottratto al confronto.<\/p>\n<p data-path-to-node=\"10\">L\u2019evaporazione del dibattito nelle sedi deputate \u2013 Commissioni consiliari e Consiglio comunale \u2013 \u00e8 il peccato originale di questo progetto e di questa amministrazione. Si \u00e8 preferito il blitz alla discussione, la verticalit\u00e0 dell\u2019ordine di servizio alla circolarit\u00e0 del confronto politico. L\u2019efficienza, invocata come dogma, non pu\u00f2 e non deve diventare lo strumento per scavalcare il ruolo istituzionale di controllo delle minoranze e della cittadinanza attiva. Quando si ridefinisce il volto di una citt\u00e0, la trasparenza non \u00e8 un optional, ma il prerequisito stesso dell\u2019opera.<\/p>\n<p data-path-to-node=\"12\">L\u2019atteggiamento dell\u2019amministrazione ha toccato vette preoccupanti nella gestione informativa. L\u2019uso del &#8220;copyright&#8221; come scudo per impedire la diffusione pubblica dei progetti \u00e8 stato un atto di miopia amministrativa che ha sfiorato la censura. Confondere il diritto d\u2019autore del progettista con il diritto inalienabile dei cittadini di conoscere e analizzare il progetto nella sua interezza e come verr\u00e0 trasformato il territorio \u00e8 un errore di prospettiva che ha alimentato, pi\u00f9 di ogni protesta, il clima di sospetto che il Sindaco oggi lamenta.<\/p>\n<p data-path-to-node=\"14\">De Pellegrin ama le metafore sportive: \u00abIl cronometro non mente\u00bb. Ma Belluno non \u00e8 una pista di atletica, n\u00e9 l\u2019amministrazione \u00e8 una gara a chi taglia il traguardo per primo. Una citt\u00e0 \u00e8 una comunit\u00e0 complessa, fatta di sensibilit\u00e0 diverse, di memoria storica, di tutela del verde e di spazi pubblici che appartengono a tutti, non solo a chi ci lavora.<\/p>\n<p data-path-to-node=\"15\">Il Tar in prima battuta ha dato ragione al Comune sul piano formale, salvo poi la battuta d&#8217;arresto per impedire l&#8217;irreparabile seconto taglio degli alberi superstiti. Quale che sia l&#8217;esito, la legittimit\u00e0 giuridica non cancella il fallimento politico di un percorso che ha preferito il \u201cbuon padre di famiglia\u201d al dialogo tra pari. Via Feltre diventer\u00e0 certamente una strada pi\u00f9 sicura e moderna Ci mancherebbe non lo diventasse, con gli oltre tre milioni messi sul piatto dal benefattore. Ma il prezzo pagato \u2013 in termini di frattura con una parte significativa della cittadinanza e di svuotamento dei luoghi della democrazia \u2013 rischia di essere un debito che la citt\u00e0 pagher\u00e0 molto pi\u00f9 a lungo di quanto preveda il cronoprogramma del cantiere.<\/p>\n<p data-path-to-node=\"15\">Roberto De Nart<\/p>","protected":false},"excerpt":{"rendered":"<p>Belluno, 4 giugno 2026 &#8211;\u00a0Il cantiere della prima tratta di via Feltre (rotatoria di piazzale Marconi) prosegue, accompagnato dal consueto corteo di rassicurazioni del sindaco Oscar De Pellegrin. Nel sopralluogo di stamane, il Primo cittadino ha incontrato commercianti, residenti e avventori, ribadendo i pilastri del progetto: sicurezza, viabilit\u00e0 e accessibilit\u00e0. Un copione gi\u00e0 visto, un [&hellip;]<\/p>\n","protected":false},"author":2,"featured_media":169653,"comment_status":"closed","ping_status":"open","sticky":false,"template":"","format":"standard","meta":{"footnotes":""},"categories":[5,3446,26],"tags":[],"class_list":["post-170726","post","type-post","status-publish","format-standard","has-post-thumbnail","category-cronaca","category-featured","category-prima-pagina"],"yoast_head":"<!-- This site is optimized with the Yoast SEO plugin v28.4 - https:\/\/yoast.com\/product\/yoast-seo-wordpress\/ -->\n<title>Belluno, via Feltre. Il monologo del sindaco e il pragmatismo che calpesta il confronto - Bellunopress - Dolomiti<\/title>\n<meta name=\"robots\" content=\"index, follow, max-snippet:-1, max-image-preview:large, max-video-preview:-1\" \/>\n<link rel=\"canonical\" href=\"https:\/\/www.bellunopress.it\/fr\/2026\/06\/04\/belluno-via-feltre-il-monologo-del-sindaco-e-il-pragmatismo-che-calpesta-il-confronto\/\" \/>\n<meta property=\"og:locale\" content=\"fr_FR\" \/>\n<meta property=\"og:type\" content=\"article\" \/>\n<meta property=\"og:title\" content=\"Belluno, via Feltre. Il monologo del sindaco e il pragmatismo che calpesta il confronto - Bellunopress - Dolomiti\" \/>\n<meta property=\"og:description\" content=\"Belluno, 4 giugno 2026 &#8211;\u00a0Il cantiere della prima tratta di via Feltre (rotatoria di piazzale Marconi) prosegue, accompagnato dal consueto corteo di rassicurazioni del sindaco Oscar De Pellegrin. Nel sopralluogo di stamane, il Primo cittadino ha incontrato commercianti, residenti e avventori, ribadendo i pilastri del progetto: sicurezza, viabilit\u00e0 e accessibilit\u00e0. Un copione gi\u00e0 visto, un [&hellip;]\" \/>\n<meta property=\"og:url\" content=\"https:\/\/www.bellunopress.it\/fr\/2026\/06\/04\/belluno-via-feltre-il-monologo-del-sindaco-e-il-pragmatismo-che-calpesta-il-confronto\/\" \/>\n<meta property=\"og:site_name\" content=\"Bellunopress - Dolomiti\" \/>\n<meta property=\"article:publisher\" content=\"https:\/\/www.facebook.com\/profile.php?id=100008943462799\" \/>\n<meta property=\"article:published_time\" content=\"2026-06-04T18:35:23+00:00\" \/>\n<meta property=\"og:image\" content=\"https:\/\/www.bellunopress.it\/wp-content\/uploads\/2026\/04\/via-feltre-alberi-rimasti-dopo-il-taglio.jpg\" \/>\n\t<meta property=\"og:image:width\" content=\"600\" \/>\n\t<meta property=\"og:image:height\" content=\"384\" \/>\n\t<meta property=\"og:image:type\" content=\"image\/jpeg\" \/>\n<meta name=\"author\" content=\"redazione\" \/>\n<meta name=\"twitter:card\" content=\"summary_large_image\" \/>\n<meta name=\"twitter:creator\" content=\"@bellunopress\" \/>\n<meta name=\"twitter:site\" content=\"@bellunopress\" \/>\n<meta name=\"twitter:label1\" content=\"Written by\" \/>\n\t<meta name=\"twitter:data1\" content=\"redazione\" \/>\n\t<meta name=\"twitter:label2\" content=\"Est. reading time\" \/>\n\t<meta name=\"twitter:data2\" content=\"4 minutes\" \/>\n<script type=\"application\/ld+json\" class=\"yoast-schema-graph\">{\"@context\":\"https:\\\/\\\/schema.org\",\"@graph\":[{\"@type\":\"Article\",\"@id\":\"https:\\\/\\\/www.bellunopress.it\\\/2026\\\/06\\\/04\\\/belluno-via-feltre-il-monologo-del-sindaco-e-il-pragmatismo-che-calpesta-il-confronto\\\/#article\",\"isPartOf\":{\"@id\":\"https:\\\/\\\/www.bellunopress.it\\\/2026\\\/06\\\/04\\\/belluno-via-feltre-il-monologo-del-sindaco-e-il-pragmatismo-che-calpesta-il-confronto\\\/\"},\"author\":{\"name\":\"redazione\",\"@id\":\"https:\\\/\\\/www.bellunopress.it\\\/#\\\/schema\\\/person\\\/79bb06722b37ece1c03d3e94beb30d73\"},\"headline\":\"Belluno, via Feltre. Il monologo del sindaco e il pragmatismo che calpesta il confronto\",\"datePublished\":\"2026-06-04T18:35:23+00:00\",\"mainEntityOfPage\":{\"@id\":\"https:\\\/\\\/www.bellunopress.it\\\/2026\\\/06\\\/04\\\/belluno-via-feltre-il-monologo-del-sindaco-e-il-pragmatismo-che-calpesta-il-confronto\\\/\"},\"wordCount\":636,\"publisher\":{\"@id\":\"https:\\\/\\\/www.bellunopress.it\\\/#organization\"},\"image\":{\"@id\":\"https:\\\/\\\/www.bellunopress.it\\\/2026\\\/06\\\/04\\\/belluno-via-feltre-il-monologo-del-sindaco-e-il-pragmatismo-che-calpesta-il-confronto\\\/#primaryimage\"},\"thumbnailUrl\":\"https:\\\/\\\/www.bellunopress.it\\\/wp-content\\\/uploads\\\/2026\\\/04\\\/via-feltre-alberi-rimasti-dopo-il-taglio.jpg\",\"articleSection\":[\"Cronaca\\\/Politica\",\"Featured\",\"Prima Pagina\"],\"inLanguage\":\"fr-FR\"},{\"@type\":\"WebPage\",\"@id\":\"https:\\\/\\\/www.bellunopress.it\\\/2026\\\/06\\\/04\\\/belluno-via-feltre-il-monologo-del-sindaco-e-il-pragmatismo-che-calpesta-il-confronto\\\/\",\"url\":\"https:\\\/\\\/www.bellunopress.it\\\/2026\\\/06\\\/04\\\/belluno-via-feltre-il-monologo-del-sindaco-e-il-pragmatismo-che-calpesta-il-confronto\\\/\",\"name\":\"Belluno, via Feltre. Il monologo del sindaco e il pragmatismo che calpesta il confronto - Bellunopress - Dolomiti\",\"isPartOf\":{\"@id\":\"https:\\\/\\\/www.bellunopress.it\\\/#website\"},\"primaryImageOfPage\":{\"@id\":\"https:\\\/\\\/www.bellunopress.it\\\/2026\\\/06\\\/04\\\/belluno-via-feltre-il-monologo-del-sindaco-e-il-pragmatismo-che-calpesta-il-confronto\\\/#primaryimage\"},\"image\":{\"@id\":\"https:\\\/\\\/www.bellunopress.it\\\/2026\\\/06\\\/04\\\/belluno-via-feltre-il-monologo-del-sindaco-e-il-pragmatismo-che-calpesta-il-confronto\\\/#primaryimage\"},\"thumbnailUrl\":\"https:\\\/\\\/www.bellunopress.it\\\/wp-content\\\/uploads\\\/2026\\\/04\\\/via-feltre-alberi-rimasti-dopo-il-taglio.jpg\",\"datePublished\":\"2026-06-04T18:35:23+00:00\",\"breadcrumb\":{\"@id\":\"https:\\\/\\\/www.bellunopress.it\\\/2026\\\/06\\\/04\\\/belluno-via-feltre-il-monologo-del-sindaco-e-il-pragmatismo-che-calpesta-il-confronto\\\/#breadcrumb\"},\"inLanguage\":\"fr-FR\",\"potentialAction\":[{\"@type\":\"ReadAction\",\"target\":[\"https:\\\/\\\/www.bellunopress.it\\\/2026\\\/06\\\/04\\\/belluno-via-feltre-il-monologo-del-sindaco-e-il-pragmatismo-che-calpesta-il-confronto\\\/\"]}]},{\"@type\":\"ImageObject\",\"inLanguage\":\"fr-FR\",\"@id\":\"https:\\\/\\\/www.bellunopress.it\\\/2026\\\/06\\\/04\\\/belluno-via-feltre-il-monologo-del-sindaco-e-il-pragmatismo-che-calpesta-il-confronto\\\/#primaryimage\",\"url\":\"https:\\\/\\\/www.bellunopress.it\\\/wp-content\\\/uploads\\\/2026\\\/04\\\/via-feltre-alberi-rimasti-dopo-il-taglio.jpg\",\"contentUrl\":\"https:\\\/\\\/www.bellunopress.it\\\/wp-content\\\/uploads\\\/2026\\\/04\\\/via-feltre-alberi-rimasti-dopo-il-taglio.jpg\",\"width\":600,\"height\":384,\"caption\":\"Belluno. Gli alberi ancora rimasti nella seconda tratta di via Feltre\"},{\"@type\":\"BreadcrumbList\",\"@id\":\"https:\\\/\\\/www.bellunopress.it\\\/2026\\\/06\\\/04\\\/belluno-via-feltre-il-monologo-del-sindaco-e-il-pragmatismo-che-calpesta-il-confronto\\\/#breadcrumb\",\"itemListElement\":[{\"@type\":\"ListItem\",\"position\":1,\"name\":\"Home\",\"item\":\"https:\\\/\\\/www.bellunopress.it\\\/\"},{\"@type\":\"ListItem\",\"position\":2,\"name\":\"Belluno, via Feltre. Il monologo del sindaco e il pragmatismo che calpesta il confronto\"}]},{\"@type\":\"WebSite\",\"@id\":\"https:\\\/\\\/www.bellunopress.it\\\/#website\",\"url\":\"https:\\\/\\\/www.bellunopress.it\\\/\",\"name\":\"Bellunopress - Dolomiti\",\"description\":\"e-mail: redazione@bellunopress.it\",\"publisher\":{\"@id\":\"https:\\\/\\\/www.bellunopress.it\\\/#organization\"},\"potentialAction\":[{\"@type\":\"SearchAction\",\"target\":{\"@type\":\"EntryPoint\",\"urlTemplate\":\"https:\\\/\\\/www.bellunopress.it\\\/?s={search_term_string}\"},\"query-input\":{\"@type\":\"PropertyValueSpecification\",\"valueRequired\":true,\"valueName\":\"search_term_string\"}}],\"inLanguage\":\"fr-FR\"},{\"@type\":\"Organization\",\"@id\":\"https:\\\/\\\/www.bellunopress.it\\\/#organization\",\"name\":\"Bellunopress\",\"url\":\"https:\\\/\\\/www.bellunopress.it\\\/\",\"logo\":{\"@type\":\"ImageObject\",\"inLanguage\":\"fr-FR\",\"@id\":\"https:\\\/\\\/www.bellunopress.it\\\/#\\\/schema\\\/logo\\\/image\\\/\",\"url\":\"https:\\\/\\\/www.bellunopress.it\\\/wp-content\\\/uploads\\\/2011\\\/05\\\/cropped-logo-bellunopress-.jpg\",\"contentUrl\":\"https:\\\/\\\/www.bellunopress.it\\\/wp-content\\\/uploads\\\/2011\\\/05\\\/cropped-logo-bellunopress-.jpg\",\"width\":512,\"height\":512,\"caption\":\"Bellunopress\"},\"image\":{\"@id\":\"https:\\\/\\\/www.bellunopress.it\\\/#\\\/schema\\\/logo\\\/image\\\/\"},\"sameAs\":[\"https:\\\/\\\/www.facebook.com\\\/profile.php?id=100008943462799\",\"https:\\\/\\\/x.com\\\/bellunopress\",\"https:\\\/\\\/www.linkedin.com\\\/hp\\\/?dnr=JBzUWaJfMUw8vbXJJ2tVW5-I3jZKvC4wsoxE&amp;amp;amp;amp;amp;amp;trk=nav_responsive_tab_home\",\"https:\\\/\\\/www.youtube.com\\\/channel\\\/UCxL0wu1uN0_3_7hGG0306cw\"]},{\"@type\":\"Person\",\"@id\":\"https:\\\/\\\/www.bellunopress.it\\\/#\\\/schema\\\/person\\\/79bb06722b37ece1c03d3e94beb30d73\",\"name\":\"redazione\",\"image\":{\"@type\":\"ImageObject\",\"inLanguage\":\"fr-FR\",\"@id\":\"https:\\\/\\\/secure.gravatar.com\\\/avatar\\\/37d968a2e67a6fd04c169c4bdef102d0bc5d31b2546345219e348575eb80e9a0?s=96&d=mm&r=g\",\"url\":\"https:\\\/\\\/secure.gravatar.com\\\/avatar\\\/37d968a2e67a6fd04c169c4bdef102d0bc5d31b2546345219e348575eb80e9a0?s=96&d=mm&r=g\",\"contentUrl\":\"https:\\\/\\\/secure.gravatar.com\\\/avatar\\\/37d968a2e67a6fd04c169c4bdef102d0bc5d31b2546345219e348575eb80e9a0?s=96&d=mm&r=g\",\"caption\":\"redazione\"},\"sameAs\":[\"http:\\\/\\\/www.bellunopress.it\",\"https:\\\/\\\/x.com\\\/bellunopress\"],\"url\":\"https:\\\/\\\/www.bellunopress.it\\\/fr\\\/author\\\/redazione\\\/\"}]}<\/script>\n<!-- \/ Yoast SEO plugin. -->","yoast_head_json":{"title":"Belluno, via Feltre. Il monologo del sindaco e il pragmatismo che calpesta il confronto - Bellunopress - Dolomiti","robots":{"index":"index","follow":"follow","max-snippet":"max-snippet:-1","max-image-preview":"max-image-preview:large","max-video-preview":"max-video-preview:-1"},"canonical":"https:\/\/www.bellunopress.it\/fr\/2026\/06\/04\/belluno-via-feltre-il-monologo-del-sindaco-e-il-pragmatismo-che-calpesta-il-confronto\/","og_locale":"fr_FR","og_type":"article","og_title":"Belluno, via Feltre. Il monologo del sindaco e il pragmatismo che calpesta il confronto - Bellunopress - Dolomiti","og_description":"Belluno, 4 giugno 2026 &#8211;\u00a0Il cantiere della prima tratta di via Feltre (rotatoria di piazzale Marconi) prosegue, accompagnato dal consueto corteo di rassicurazioni del sindaco Oscar De Pellegrin. Nel sopralluogo di stamane, il Primo cittadino ha incontrato commercianti, residenti e avventori, ribadendo i pilastri del progetto: sicurezza, viabilit\u00e0 e accessibilit\u00e0. Un copione gi\u00e0 visto, un [&hellip;]","og_url":"https:\/\/www.bellunopress.it\/fr\/2026\/06\/04\/belluno-via-feltre-il-monologo-del-sindaco-e-il-pragmatismo-che-calpesta-il-confronto\/","og_site_name":"Bellunopress - Dolomiti","article_publisher":"https:\/\/www.facebook.com\/profile.php?id=100008943462799","article_published_time":"2026-06-04T18:35:23+00:00","og_image":[{"width":600,"height":384,"url":"https:\/\/www.bellunopress.it\/wp-content\/uploads\/2026\/04\/via-feltre-alberi-rimasti-dopo-il-taglio.jpg","type":"image\/jpeg"}],"author":"redazione","twitter_card":"summary_large_image","twitter_creator":"@bellunopress","twitter_site":"@bellunopress","twitter_misc":{"Written by":"redazione","Est. reading time":"4 minutes"},"schema":{"@context":"https:\/\/schema.org","@graph":[{"@type":"Article","@id":"https:\/\/www.bellunopress.it\/2026\/06\/04\/belluno-via-feltre-il-monologo-del-sindaco-e-il-pragmatismo-che-calpesta-il-confronto\/#article","isPartOf":{"@id":"https:\/\/www.bellunopress.it\/2026\/06\/04\/belluno-via-feltre-il-monologo-del-sindaco-e-il-pragmatismo-che-calpesta-il-confronto\/"},"author":{"name":"redazione","@id":"https:\/\/www.bellunopress.it\/#\/schema\/person\/79bb06722b37ece1c03d3e94beb30d73"},"headline":"Belluno, via Feltre. Il monologo del sindaco e il pragmatismo che calpesta il confronto","datePublished":"2026-06-04T18:35:23+00:00","mainEntityOfPage":{"@id":"https:\/\/www.bellunopress.it\/2026\/06\/04\/belluno-via-feltre-il-monologo-del-sindaco-e-il-pragmatismo-che-calpesta-il-confronto\/"},"wordCount":636,"publisher":{"@id":"https:\/\/www.bellunopress.it\/#organization"},"image":{"@id":"https:\/\/www.bellunopress.it\/2026\/06\/04\/belluno-via-feltre-il-monologo-del-sindaco-e-il-pragmatismo-che-calpesta-il-confronto\/#primaryimage"},"thumbnailUrl":"https:\/\/www.bellunopress.it\/wp-content\/uploads\/2026\/04\/via-feltre-alberi-rimasti-dopo-il-taglio.jpg","articleSection":["Cronaca\/Politica","Featured","Prima Pagina"],"inLanguage":"fr-FR"},{"@type":"WebPage","@id":"https:\/\/www.bellunopress.it\/2026\/06\/04\/belluno-via-feltre-il-monologo-del-sindaco-e-il-pragmatismo-che-calpesta-il-confronto\/","url":"https:\/\/www.bellunopress.it\/2026\/06\/04\/belluno-via-feltre-il-monologo-del-sindaco-e-il-pragmatismo-che-calpesta-il-confronto\/","name":"Belluno, via Feltre. Il monologo del sindaco e il pragmatismo che calpesta il confronto - Bellunopress - Dolomiti","isPartOf":{"@id":"https:\/\/www.bellunopress.it\/#website"},"primaryImageOfPage":{"@id":"https:\/\/www.bellunopress.it\/2026\/06\/04\/belluno-via-feltre-il-monologo-del-sindaco-e-il-pragmatismo-che-calpesta-il-confronto\/#primaryimage"},"image":{"@id":"https:\/\/www.bellunopress.it\/2026\/06\/04\/belluno-via-feltre-il-monologo-del-sindaco-e-il-pragmatismo-che-calpesta-il-confronto\/#primaryimage"},"thumbnailUrl":"https:\/\/www.bellunopress.it\/wp-content\/uploads\/2026\/04\/via-feltre-alberi-rimasti-dopo-il-taglio.jpg","datePublished":"2026-06-04T18:35:23+00:00","breadcrumb":{"@id":"https:\/\/www.bellunopress.it\/2026\/06\/04\/belluno-via-feltre-il-monologo-del-sindaco-e-il-pragmatismo-che-calpesta-il-confronto\/#breadcrumb"},"inLanguage":"fr-FR","potentialAction":[{"@type":"ReadAction","target":["https:\/\/www.bellunopress.it\/2026\/06\/04\/belluno-via-feltre-il-monologo-del-sindaco-e-il-pragmatismo-che-calpesta-il-confronto\/"]}]},{"@type":"ImageObject","inLanguage":"fr-FR","@id":"https:\/\/www.bellunopress.it\/2026\/06\/04\/belluno-via-feltre-il-monologo-del-sindaco-e-il-pragmatismo-che-calpesta-il-confronto\/#primaryimage","url":"https:\/\/www.bellunopress.it\/wp-content\/uploads\/2026\/04\/via-feltre-alberi-rimasti-dopo-il-taglio.jpg","contentUrl":"https:\/\/www.bellunopress.it\/wp-content\/uploads\/2026\/04\/via-feltre-alberi-rimasti-dopo-il-taglio.jpg","width":600,"height":384,"caption":"Belluno. Gli alberi ancora rimasti nella seconda tratta di via Feltre"},{"@type":"BreadcrumbList","@id":"https:\/\/www.bellunopress.it\/2026\/06\/04\/belluno-via-feltre-il-monologo-del-sindaco-e-il-pragmatismo-che-calpesta-il-confronto\/#breadcrumb","itemListElement":[{"@type":"ListItem","position":1,"name":"Home","item":"https:\/\/www.bellunopress.it\/"},{"@type":"ListItem","position":2,"name":"Belluno, via Feltre. Il monologo del sindaco e il pragmatismo che calpesta il confronto"}]},{"@type":"WebSite","@id":"https:\/\/www.bellunopress.it\/#website","url":"https:\/\/www.bellunopress.it\/","name":"Bellunopress - Dolomiti","description":"e-mail: redazione@bellunopress.it","publisher":{"@id":"https:\/\/www.bellunopress.it\/#organization"},"potentialAction":[{"@type":"SearchAction","target":{"@type":"EntryPoint","urlTemplate":"https:\/\/www.bellunopress.it\/?s={search_term_string}"},"query-input":{"@type":"PropertyValueSpecification","valueRequired":true,"valueName":"search_term_string"}}],"inLanguage":"fr-FR"},{"@type":"Organization","@id":"https:\/\/www.bellunopress.it\/#organization","name":"Bellunopress","url":"https:\/\/www.bellunopress.it\/","logo":{"@type":"ImageObject","inLanguage":"fr-FR","@id":"https:\/\/www.bellunopress.it\/#\/schema\/logo\/image\/","url":"https:\/\/www.bellunopress.it\/wp-content\/uploads\/2011\/05\/cropped-logo-bellunopress-.jpg","contentUrl":"https:\/\/www.bellunopress.it\/wp-content\/uploads\/2011\/05\/cropped-logo-bellunopress-.jpg","width":512,"height":512,"caption":"Bellunopress"},"image":{"@id":"https:\/\/www.bellunopress.it\/#\/schema\/logo\/image\/"},"sameAs":["https:\/\/www.facebook.com\/profile.php?id=100008943462799","https:\/\/x.com\/bellunopress","https:\/\/www.linkedin.com\/hp\/?dnr=JBzUWaJfMUw8vbXJJ2tVW5-I3jZKvC4wsoxE&amp;amp;amp;amp;amp;amp;trk=nav_responsive_tab_home","https:\/\/www.youtube.com\/channel\/UCxL0wu1uN0_3_7hGG0306cw"]},{"@type":"Person","@id":"https:\/\/www.bellunopress.it\/#\/schema\/person\/79bb06722b37ece1c03d3e94beb30d73","name":"r\u00e9daction","image":{"@type":"ImageObject","inLanguage":"fr-FR","@id":"https:\/\/secure.gravatar.com\/avatar\/37d968a2e67a6fd04c169c4bdef102d0bc5d31b2546345219e348575eb80e9a0?s=96&d=mm&r=g","url":"https:\/\/secure.gravatar.com\/avatar\/37d968a2e67a6fd04c169c4bdef102d0bc5d31b2546345219e348575eb80e9a0?s=96&d=mm&r=g","contentUrl":"https:\/\/secure.gravatar.com\/avatar\/37d968a2e67a6fd04c169c4bdef102d0bc5d31b2546345219e348575eb80e9a0?s=96&d=mm&r=g","caption":"redazione"},"sameAs":["http:\/\/www.bellunopress.it","https:\/\/x.com\/bellunopress"],"url":"https:\/\/www.bellunopress.it\/fr\/author\/redazione\/"}]}},"_links":{"self":[{"href":"https:\/\/www.bellunopress.it\/fr\/wp-json\/wp\/v2\/posts\/170726","targetHints":{"allow":["GET"]}}],"collection":[{"href":"https:\/\/www.bellunopress.it\/fr\/wp-json\/wp\/v2\/posts"}],"about":[{"href":"https:\/\/www.bellunopress.it\/fr\/wp-json\/wp\/v2\/types\/post"}],"author":[{"embeddable":true,"href":"https:\/\/www.bellunopress.it\/fr\/wp-json\/wp\/v2\/users\/2"}],"replies":[{"embeddable":true,"href":"https:\/\/www.bellunopress.it\/fr\/wp-json\/wp\/v2\/comments?post=170726"}],"version-history":[{"count":1,"href":"https:\/\/www.bellunopress.it\/fr\/wp-json\/wp\/v2\/posts\/170726\/revisions"}],"predecessor-version":[{"id":170727,"href":"https:\/\/www.bellunopress.it\/fr\/wp-json\/wp\/v2\/posts\/170726\/revisions\/170727"}],"wp:featuredmedia":[{"embeddable":true,"href":"https:\/\/www.bellunopress.it\/fr\/wp-json\/wp\/v2\/media\/169653"}],"wp:attachment":[{"href":"https:\/\/www.bellunopress.it\/fr\/wp-json\/wp\/v2\/media?parent=170726"}],"wp:term":[{"taxonomy":"category","embeddable":true,"href":"https:\/\/www.bellunopress.it\/fr\/wp-json\/wp\/v2\/categories?post=170726"},{"taxonomy":"post_tag","embeddable":true,"href":"https:\/\/www.bellunopress.it\/fr\/wp-json\/wp\/v2\/tags?post=170726"}],"curies":[{"name":"wp","href":"https:\/\/api.w.org\/{rel}","templated":true}]}}