{"id":170724,"date":"2026-06-04T15:19:56","date_gmt":"2026-06-04T13:19:56","guid":{"rendered":"https:\/\/www.bellunopress.it\/?p=170724"},"modified":"2026-06-04T15:19:56","modified_gmt":"2026-06-04T13:19:56","slug":"belluno-pride-2026-la-citta-si-tinge-di-arcobaleno-ma-tra-le-associazioni-storiche-e-tempo-di-percorsi-differenti","status":"publish","type":"post","link":"https:\/\/www.bellunopress.it\/fr\/2026\/06\/04\/belluno-pride-2026-la-citta-si-tinge-di-arcobaleno-ma-tra-le-associazioni-storiche-e-tempo-di-percorsi-differenti\/","title":{"rendered":"Belluno Pride 2026: la citt\u00e0 si tinge di arcobaleno, ma tra le associazioni storiche \u00e8 tempo di &#8220;percorsi differenti&#8221;"},"content":{"rendered":"<p data-path-to-node=\"3\">Belluno, 04\/06\/2026\u00a0\u2013 Mancano pochi giorni al ritorno del Belluno Pride, l\u2019atteso appuntamento dedicato alla visibilit\u00e0, all\u2019inclusione e alla celebrazione dei diritti LGBTQ+ che il prossimo 13 giugno riempir\u00e0 di colori, musica e rivendicazioni il cuore del capoluogo dolomitico. Un\u2019edizione che si preannuncia ricca di partecipazione, ma che registra anche importanti novit\u00e0 sul fronte organizzativo e politico interno alla comunit\u00e0 locale.<\/p>\n<p data-path-to-node=\"5\">L&#8217;appuntamento per i partecipanti \u00e8 fissato alle ore 16:00 in Piazzale della Stazione, luogo che ospiter\u00e0 i primi interventi politici e istituzionali. La partenza del corteo vero e proprio \u00e8 prevista per le 17:30: un percorso di circa 2 chilometri che attraverser\u00e0 le vie principali della citt\u00e0 con l&#8217;obiettivo di coinvolgere attivamente la cittadinanza in una giornata all&#8217;insegna del rispetto, della libert\u00e0 e dell&#8217;uguaglianza.<\/p>\n<p data-path-to-node=\"6\">Quest&#8217;anno gli organizzatori hanno voluto mettere l&#8217;accento sul tema dell&#8217;accessibilit\u00e0. Per garantire a chiunque di vivere la manifestazione in totale serenit\u00e0, in Piazza Angelina Zampieri verranno allestite la &#8220;Zona Bianca&#8221; e la &#8220;Bolla Tranquilla&#8221;, spazi specifici pensati per chi necessit\u00e0 di una pausa dal caos o di un ambiente pi\u00f9 protetto. A vigilare sulla sicurezza e sul supporto dei partecipanti ci sar\u00e0 lo staff del Pride, presente capillarmente lungo tutto il tracciato.<\/p>\n<h3 data-path-to-node=\"8\">Cambi al vertice: l&#8217;assenza del comitato CIAO<\/h3>\n<p data-path-to-node=\"9\">Se l&#8217;entusiasmo per la piazza resta alto, dietro le quinte si consuma una scissione strategica. L&#8217;edizione 2026 del Belluno Pride vede infatti la firma della Casa dei Beni Comuni insieme al Collettivo Reverse. Grandi assenti dal tavolo della cabina di regia sono invece gli attivisti del comitato CIAO, realt\u00e0 storica che negli anni passati aveva contribuito in modo determinante alla nascita e alla crescita del Pride nel territorio bellunese.<\/p>\n<p data-path-to-node=\"10\">Con una nota ufficiale, il comitato CIAO ha tenuto a precisare il proprio totale mancato coinvolgimento nella definizione del manifesto e del programma di quest&#8217;anno:<\/p>\n<p data-path-to-node=\"10\"><span style=\"color: #111111; font-family: Roboto, sans-serif; font-size: 16px; font-style: italic;\">&#8220;Le due realt\u00e0 associative hanno intrapreso percorsi differenti negli ultimi mesi, pur continuando entrambe a occuparsi di tematiche e diritti LGBTQ+.&#8221;<\/span><\/p>\n<p data-path-to-node=\"12\">Nessuna polemica aperta, ma la fotografia di una comunit\u00e0 che oggi si muove su binari paralleli. Dal comitato CIAO ribadiscono la volont\u00e0 di mantenere un approccio focalizzato sul dialogo e sulla condivisione, scegliendo di declinare il proprio attivismo per il <i data-path-to-node=\"12\" data-index-in-node=\"262\">Pride Month<\/i> in modo autonomo.<\/p>\n<h3 data-path-to-node=\"13\">L&#8217;alternativa: un aperitivo al Lago di Santa Croce<\/h3>\n<p data-path-to-node=\"14\">La risposta di CIAO non si far\u00e0 attendere. Il giorno successivo alla sfilata cittadina, domenica 14 giugno, l&#8217;associazione si sposter\u00e0 fuori dal centro urbano per un proprio evento ufficiale. Dalle 15:30 alle 21:00, le sponde del Lago di Santa Croce ospiteranno un aperitivo LGBTQ+ all&#8217;aperto, arricchito da brevi interventi tematici, musica e momenti di socialit\u00e0 informale. Un modo differente, spiegano dal comitato, per far sentire la propria voce e offrire uno spazio di confronto aperto a tutto il territorio bellunese.<\/p>\n<p data-path-to-node=\"15\">Belluno si prepara cos\u00ec a un fine settimana intenso e sfaccettato: se il sabato sar\u00e0 il momento dell&#8217;orgoglio e del rumore tra le vie del centro, la domenica sar\u00e0 dedicata alla riflessione e alla decompressione in riva al lago. Due anime diverse per un unico, grande obiettivo: i diritti di tutti.<\/p>","protected":false},"excerpt":{"rendered":"<p>Belluno, 04\/06\/2026\u00a0\u2013 Mancano pochi giorni al ritorno del Belluno Pride, l\u2019atteso appuntamento dedicato alla visibilit\u00e0, all\u2019inclusione e alla celebrazione dei diritti LGBTQ+ che il prossimo 13 giugno riempir\u00e0 di colori, musica e rivendicazioni il cuore del capoluogo dolomitico. Un\u2019edizione che si preannuncia ricca di partecipazione, ma che registra anche importanti novit\u00e0 sul fronte organizzativo e [&hellip;]<\/p>\n","protected":false},"author":2,"featured_media":163657,"comment_status":"closed","ping_status":"open","sticky":false,"template":"","format":"standard","meta":{"footnotes":""},"categories":[26,8],"tags":[],"class_list":["post-170724","post","type-post","status-publish","format-standard","has-post-thumbnail","category-prima-pagina","category-societa-istituzioni"],"yoast_head":"<!-- This site is optimized with the Yoast SEO plugin v28.4 - https:\/\/yoast.com\/product\/yoast-seo-wordpress\/ -->\n<title>Belluno Pride 2026: la citt\u00e0 si tinge di arcobaleno, ma tra le associazioni storiche \u00e8 tempo di &quot;percorsi differenti&quot; - Bellunopress - Dolomiti<\/title>\n<meta name=\"robots\" content=\"index, follow, max-snippet:-1, max-image-preview:large, max-video-preview:-1\" \/>\n<link rel=\"canonical\" href=\"https:\/\/www.bellunopress.it\/fr\/2026\/06\/04\/belluno-pride-2026-la-citta-si-tinge-di-arcobaleno-ma-tra-le-associazioni-storiche-e-tempo-di-percorsi-differenti\/\" \/>\n<meta property=\"og:locale\" content=\"fr_FR\" \/>\n<meta property=\"og:type\" content=\"article\" \/>\n<meta property=\"og:title\" content=\"Belluno Pride 2026: la citt\u00e0 si tinge di arcobaleno, ma tra le associazioni storiche \u00e8 tempo di &quot;percorsi differenti&quot; - Bellunopress - Dolomiti\" \/>\n<meta property=\"og:description\" content=\"Belluno, 04\/06\/2026\u00a0\u2013 Mancano pochi giorni al ritorno del Belluno Pride, l\u2019atteso appuntamento dedicato alla visibilit\u00e0, all\u2019inclusione e alla celebrazione dei diritti LGBTQ+ che il prossimo 13 giugno riempir\u00e0 di colori, musica e rivendicazioni il cuore del capoluogo dolomitico. Un\u2019edizione che si preannuncia ricca di partecipazione, ma che registra anche importanti novit\u00e0 sul fronte organizzativo e [&hellip;]\" \/>\n<meta property=\"og:url\" content=\"https:\/\/www.bellunopress.it\/fr\/2026\/06\/04\/belluno-pride-2026-la-citta-si-tinge-di-arcobaleno-ma-tra-le-associazioni-storiche-e-tempo-di-percorsi-differenti\/\" \/>\n<meta property=\"og:site_name\" content=\"Bellunopress - Dolomiti\" \/>\n<meta property=\"article:publisher\" content=\"https:\/\/www.facebook.com\/profile.php?id=100008943462799\" \/>\n<meta property=\"article:published_time\" content=\"2026-06-04T13:19:56+00:00\" \/>\n<meta property=\"og:image\" content=\"https:\/\/www.bellunopress.it\/wp-content\/uploads\/2025\/09\/Belluno-Pride.jpg\" \/>\n\t<meta property=\"og:image:width\" content=\"800\" \/>\n\t<meta property=\"og:image:height\" content=\"600\" \/>\n\t<meta property=\"og:image:type\" content=\"image\/jpeg\" \/>\n<meta name=\"author\" content=\"redazione\" \/>\n<meta name=\"twitter:card\" content=\"summary_large_image\" \/>\n<meta name=\"twitter:creator\" content=\"@bellunopress\" \/>\n<meta name=\"twitter:site\" content=\"@bellunopress\" \/>\n<meta name=\"twitter:label1\" content=\"\u00c9crit par\" \/>\n\t<meta name=\"twitter:data1\" content=\"redazione\" \/>\n\t<meta name=\"twitter:label2\" content=\"Dur\u00e9e de lecture estim\u00e9e\" \/>\n\t<meta name=\"twitter:data2\" content=\"3 minutes\" \/>\n<script type=\"application\/ld+json\" class=\"yoast-schema-graph\">{\"@context\":\"https:\\\/\\\/schema.org\",\"@graph\":[{\"@type\":\"Article\",\"@id\":\"https:\\\/\\\/www.bellunopress.it\\\/2026\\\/06\\\/04\\\/belluno-pride-2026-la-citta-si-tinge-di-arcobaleno-ma-tra-le-associazioni-storiche-e-tempo-di-percorsi-differenti\\\/#article\",\"isPartOf\":{\"@id\":\"https:\\\/\\\/www.bellunopress.it\\\/2026\\\/06\\\/04\\\/belluno-pride-2026-la-citta-si-tinge-di-arcobaleno-ma-tra-le-associazioni-storiche-e-tempo-di-percorsi-differenti\\\/\"},\"author\":{\"name\":\"redazione\",\"@id\":\"https:\\\/\\\/www.bellunopress.it\\\/#\\\/schema\\\/person\\\/79bb06722b37ece1c03d3e94beb30d73\"},\"headline\":\"Belluno Pride 2026: la citt\u00e0 si tinge di arcobaleno, ma tra le associazioni storiche \u00e8 tempo di &#8220;percorsi differenti&#8221;\",\"datePublished\":\"2026-06-04T13:19:56+00:00\",\"mainEntityOfPage\":{\"@id\":\"https:\\\/\\\/www.bellunopress.it\\\/2026\\\/06\\\/04\\\/belluno-pride-2026-la-citta-si-tinge-di-arcobaleno-ma-tra-le-associazioni-storiche-e-tempo-di-percorsi-differenti\\\/\"},\"wordCount\":526,\"publisher\":{\"@id\":\"https:\\\/\\\/www.bellunopress.it\\\/#organization\"},\"image\":{\"@id\":\"https:\\\/\\\/www.bellunopress.it\\\/2026\\\/06\\\/04\\\/belluno-pride-2026-la-citta-si-tinge-di-arcobaleno-ma-tra-le-associazioni-storiche-e-tempo-di-percorsi-differenti\\\/#primaryimage\"},\"thumbnailUrl\":\"https:\\\/\\\/www.bellunopress.it\\\/wp-content\\\/uploads\\\/2025\\\/09\\\/Belluno-Pride.jpg\",\"articleSection\":[\"Prima Pagina\",\"Societ\u00e0, Associazioni, Istituzioni\"],\"inLanguage\":\"fr-FR\"},{\"@type\":\"WebPage\",\"@id\":\"https:\\\/\\\/www.bellunopress.it\\\/2026\\\/06\\\/04\\\/belluno-pride-2026-la-citta-si-tinge-di-arcobaleno-ma-tra-le-associazioni-storiche-e-tempo-di-percorsi-differenti\\\/\",\"url\":\"https:\\\/\\\/www.bellunopress.it\\\/2026\\\/06\\\/04\\\/belluno-pride-2026-la-citta-si-tinge-di-arcobaleno-ma-tra-le-associazioni-storiche-e-tempo-di-percorsi-differenti\\\/\",\"name\":\"Belluno Pride 2026: la citt\u00e0 si tinge di arcobaleno, ma tra le associazioni storiche \u00e8 tempo di \\\"percorsi differenti\\\" - Bellunopress - Dolomiti\",\"isPartOf\":{\"@id\":\"https:\\\/\\\/www.bellunopress.it\\\/#website\"},\"primaryImageOfPage\":{\"@id\":\"https:\\\/\\\/www.bellunopress.it\\\/2026\\\/06\\\/04\\\/belluno-pride-2026-la-citta-si-tinge-di-arcobaleno-ma-tra-le-associazioni-storiche-e-tempo-di-percorsi-differenti\\\/#primaryimage\"},\"image\":{\"@id\":\"https:\\\/\\\/www.bellunopress.it\\\/2026\\\/06\\\/04\\\/belluno-pride-2026-la-citta-si-tinge-di-arcobaleno-ma-tra-le-associazioni-storiche-e-tempo-di-percorsi-differenti\\\/#primaryimage\"},\"thumbnailUrl\":\"https:\\\/\\\/www.bellunopress.it\\\/wp-content\\\/uploads\\\/2025\\\/09\\\/Belluno-Pride.jpg\",\"datePublished\":\"2026-06-04T13:19:56+00:00\",\"breadcrumb\":{\"@id\":\"https:\\\/\\\/www.bellunopress.it\\\/2026\\\/06\\\/04\\\/belluno-pride-2026-la-citta-si-tinge-di-arcobaleno-ma-tra-le-associazioni-storiche-e-tempo-di-percorsi-differenti\\\/#breadcrumb\"},\"inLanguage\":\"fr-FR\",\"potentialAction\":[{\"@type\":\"ReadAction\",\"target\":[\"https:\\\/\\\/www.bellunopress.it\\\/2026\\\/06\\\/04\\\/belluno-pride-2026-la-citta-si-tinge-di-arcobaleno-ma-tra-le-associazioni-storiche-e-tempo-di-percorsi-differenti\\\/\"]}]},{\"@type\":\"ImageObject\",\"inLanguage\":\"fr-FR\",\"@id\":\"https:\\\/\\\/www.bellunopress.it\\\/2026\\\/06\\\/04\\\/belluno-pride-2026-la-citta-si-tinge-di-arcobaleno-ma-tra-le-associazioni-storiche-e-tempo-di-percorsi-differenti\\\/#primaryimage\",\"url\":\"https:\\\/\\\/www.bellunopress.it\\\/wp-content\\\/uploads\\\/2025\\\/09\\\/Belluno-Pride.jpg\",\"contentUrl\":\"https:\\\/\\\/www.bellunopress.it\\\/wp-content\\\/uploads\\\/2025\\\/09\\\/Belluno-Pride.jpg\",\"width\":800,\"height\":600,\"caption\":\"Belluno Pride 2025\"},{\"@type\":\"BreadcrumbList\",\"@id\":\"https:\\\/\\\/www.bellunopress.it\\\/2026\\\/06\\\/04\\\/belluno-pride-2026-la-citta-si-tinge-di-arcobaleno-ma-tra-le-associazioni-storiche-e-tempo-di-percorsi-differenti\\\/#breadcrumb\",\"itemListElement\":[{\"@type\":\"ListItem\",\"position\":1,\"name\":\"Home\",\"item\":\"https:\\\/\\\/www.bellunopress.it\\\/\"},{\"@type\":\"ListItem\",\"position\":2,\"name\":\"Belluno Pride 2026: la citt\u00e0 si tinge di arcobaleno, ma tra le associazioni storiche \u00e8 tempo di &#8220;percorsi differenti&#8221;\"}]},{\"@type\":\"WebSite\",\"@id\":\"https:\\\/\\\/www.bellunopress.it\\\/#website\",\"url\":\"https:\\\/\\\/www.bellunopress.it\\\/\",\"name\":\"Bellunopress - Dolomiti\",\"description\":\"e-mail: redazione@bellunopress.it\",\"publisher\":{\"@id\":\"https:\\\/\\\/www.bellunopress.it\\\/#organization\"},\"potentialAction\":[{\"@type\":\"SearchAction\",\"target\":{\"@type\":\"EntryPoint\",\"urlTemplate\":\"https:\\\/\\\/www.bellunopress.it\\\/?s={search_term_string}\"},\"query-input\":{\"@type\":\"PropertyValueSpecification\",\"valueRequired\":true,\"valueName\":\"search_term_string\"}}],\"inLanguage\":\"fr-FR\"},{\"@type\":\"Organization\",\"@id\":\"https:\\\/\\\/www.bellunopress.it\\\/#organization\",\"name\":\"Bellunopress\",\"url\":\"https:\\\/\\\/www.bellunopress.it\\\/\",\"logo\":{\"@type\":\"ImageObject\",\"inLanguage\":\"fr-FR\",\"@id\":\"https:\\\/\\\/www.bellunopress.it\\\/#\\\/schema\\\/logo\\\/image\\\/\",\"url\":\"https:\\\/\\\/www.bellunopress.it\\\/wp-content\\\/uploads\\\/2011\\\/05\\\/cropped-logo-bellunopress-.jpg\",\"contentUrl\":\"https:\\\/\\\/www.bellunopress.it\\\/wp-content\\\/uploads\\\/2011\\\/05\\\/cropped-logo-bellunopress-.jpg\",\"width\":512,\"height\":512,\"caption\":\"Bellunopress\"},\"image\":{\"@id\":\"https:\\\/\\\/www.bellunopress.it\\\/#\\\/schema\\\/logo\\\/image\\\/\"},\"sameAs\":[\"https:\\\/\\\/www.facebook.com\\\/profile.php?id=100008943462799\",\"https:\\\/\\\/x.com\\\/bellunopress\",\"https:\\\/\\\/www.linkedin.com\\\/hp\\\/?dnr=JBzUWaJfMUw8vbXJJ2tVW5-I3jZKvC4wsoxE&amp;amp;amp;amp;amp;amp;trk=nav_responsive_tab_home\",\"https:\\\/\\\/www.youtube.com\\\/channel\\\/UCxL0wu1uN0_3_7hGG0306cw\"]},{\"@type\":\"Person\",\"@id\":\"https:\\\/\\\/www.bellunopress.it\\\/#\\\/schema\\\/person\\\/79bb06722b37ece1c03d3e94beb30d73\",\"name\":\"redazione\",\"image\":{\"@type\":\"ImageObject\",\"inLanguage\":\"fr-FR\",\"@id\":\"https:\\\/\\\/secure.gravatar.com\\\/avatar\\\/37d968a2e67a6fd04c169c4bdef102d0bc5d31b2546345219e348575eb80e9a0?s=96&d=mm&r=g\",\"url\":\"https:\\\/\\\/secure.gravatar.com\\\/avatar\\\/37d968a2e67a6fd04c169c4bdef102d0bc5d31b2546345219e348575eb80e9a0?s=96&d=mm&r=g\",\"contentUrl\":\"https:\\\/\\\/secure.gravatar.com\\\/avatar\\\/37d968a2e67a6fd04c169c4bdef102d0bc5d31b2546345219e348575eb80e9a0?s=96&d=mm&r=g\",\"caption\":\"redazione\"},\"sameAs\":[\"http:\\\/\\\/www.bellunopress.it\",\"https:\\\/\\\/x.com\\\/bellunopress\"],\"url\":\"https:\\\/\\\/www.bellunopress.it\\\/fr\\\/author\\\/redazione\\\/\"}]}<\/script>\n<!-- \/ Yoast SEO plugin. -->","yoast_head_json":{"title":"Belluno Pride 2026: la citt\u00e0 si tinge di arcobaleno, ma tra le associazioni storiche \u00e8 tempo di \"percorsi differenti\" - Bellunopress - Dolomiti","robots":{"index":"index","follow":"follow","max-snippet":"max-snippet:-1","max-image-preview":"max-image-preview:large","max-video-preview":"max-video-preview:-1"},"canonical":"https:\/\/www.bellunopress.it\/fr\/2026\/06\/04\/belluno-pride-2026-la-citta-si-tinge-di-arcobaleno-ma-tra-le-associazioni-storiche-e-tempo-di-percorsi-differenti\/","og_locale":"fr_FR","og_type":"article","og_title":"Belluno Pride 2026: la citt\u00e0 si tinge di arcobaleno, ma tra le associazioni storiche \u00e8 tempo di \"percorsi differenti\" - Bellunopress - Dolomiti","og_description":"Belluno, 04\/06\/2026\u00a0\u2013 Mancano pochi giorni al ritorno del Belluno Pride, l\u2019atteso appuntamento dedicato alla visibilit\u00e0, all\u2019inclusione e alla celebrazione dei diritti LGBTQ+ che il prossimo 13 giugno riempir\u00e0 di colori, musica e rivendicazioni il cuore del capoluogo dolomitico. Un\u2019edizione che si preannuncia ricca di partecipazione, ma che registra anche importanti novit\u00e0 sul fronte organizzativo e [&hellip;]","og_url":"https:\/\/www.bellunopress.it\/fr\/2026\/06\/04\/belluno-pride-2026-la-citta-si-tinge-di-arcobaleno-ma-tra-le-associazioni-storiche-e-tempo-di-percorsi-differenti\/","og_site_name":"Bellunopress - Dolomiti","article_publisher":"https:\/\/www.facebook.com\/profile.php?id=100008943462799","article_published_time":"2026-06-04T13:19:56+00:00","og_image":[{"width":800,"height":600,"url":"https:\/\/www.bellunopress.it\/wp-content\/uploads\/2025\/09\/Belluno-Pride.jpg","type":"image\/jpeg"}],"author":"redazione","twitter_card":"summary_large_image","twitter_creator":"@bellunopress","twitter_site":"@bellunopress","twitter_misc":{"\u00c9crit par":"redazione","Dur\u00e9e de lecture estim\u00e9e":"3 minutes"},"schema":{"@context":"https:\/\/schema.org","@graph":[{"@type":"Article","@id":"https:\/\/www.bellunopress.it\/2026\/06\/04\/belluno-pride-2026-la-citta-si-tinge-di-arcobaleno-ma-tra-le-associazioni-storiche-e-tempo-di-percorsi-differenti\/#article","isPartOf":{"@id":"https:\/\/www.bellunopress.it\/2026\/06\/04\/belluno-pride-2026-la-citta-si-tinge-di-arcobaleno-ma-tra-le-associazioni-storiche-e-tempo-di-percorsi-differenti\/"},"author":{"name":"redazione","@id":"https:\/\/www.bellunopress.it\/#\/schema\/person\/79bb06722b37ece1c03d3e94beb30d73"},"headline":"Belluno Pride 2026: la citt\u00e0 si tinge di arcobaleno, ma tra le associazioni storiche \u00e8 tempo di &#8220;percorsi differenti&#8221;","datePublished":"2026-06-04T13:19:56+00:00","mainEntityOfPage":{"@id":"https:\/\/www.bellunopress.it\/2026\/06\/04\/belluno-pride-2026-la-citta-si-tinge-di-arcobaleno-ma-tra-le-associazioni-storiche-e-tempo-di-percorsi-differenti\/"},"wordCount":526,"publisher":{"@id":"https:\/\/www.bellunopress.it\/#organization"},"image":{"@id":"https:\/\/www.bellunopress.it\/2026\/06\/04\/belluno-pride-2026-la-citta-si-tinge-di-arcobaleno-ma-tra-le-associazioni-storiche-e-tempo-di-percorsi-differenti\/#primaryimage"},"thumbnailUrl":"https:\/\/www.bellunopress.it\/wp-content\/uploads\/2025\/09\/Belluno-Pride.jpg","articleSection":["Prima Pagina","Societ\u00e0, Associazioni, Istituzioni"],"inLanguage":"fr-FR"},{"@type":"WebPage","@id":"https:\/\/www.bellunopress.it\/2026\/06\/04\/belluno-pride-2026-la-citta-si-tinge-di-arcobaleno-ma-tra-le-associazioni-storiche-e-tempo-di-percorsi-differenti\/","url":"https:\/\/www.bellunopress.it\/2026\/06\/04\/belluno-pride-2026-la-citta-si-tinge-di-arcobaleno-ma-tra-le-associazioni-storiche-e-tempo-di-percorsi-differenti\/","name":"Belluno Pride 2026: la citt\u00e0 si tinge di arcobaleno, ma tra le associazioni storiche \u00e8 tempo di \"percorsi differenti\" - Bellunopress - Dolomiti","isPartOf":{"@id":"https:\/\/www.bellunopress.it\/#website"},"primaryImageOfPage":{"@id":"https:\/\/www.bellunopress.it\/2026\/06\/04\/belluno-pride-2026-la-citta-si-tinge-di-arcobaleno-ma-tra-le-associazioni-storiche-e-tempo-di-percorsi-differenti\/#primaryimage"},"image":{"@id":"https:\/\/www.bellunopress.it\/2026\/06\/04\/belluno-pride-2026-la-citta-si-tinge-di-arcobaleno-ma-tra-le-associazioni-storiche-e-tempo-di-percorsi-differenti\/#primaryimage"},"thumbnailUrl":"https:\/\/www.bellunopress.it\/wp-content\/uploads\/2025\/09\/Belluno-Pride.jpg","datePublished":"2026-06-04T13:19:56+00:00","breadcrumb":{"@id":"https:\/\/www.bellunopress.it\/2026\/06\/04\/belluno-pride-2026-la-citta-si-tinge-di-arcobaleno-ma-tra-le-associazioni-storiche-e-tempo-di-percorsi-differenti\/#breadcrumb"},"inLanguage":"fr-FR","potentialAction":[{"@type":"ReadAction","target":["https:\/\/www.bellunopress.it\/2026\/06\/04\/belluno-pride-2026-la-citta-si-tinge-di-arcobaleno-ma-tra-le-associazioni-storiche-e-tempo-di-percorsi-differenti\/"]}]},{"@type":"ImageObject","inLanguage":"fr-FR","@id":"https:\/\/www.bellunopress.it\/2026\/06\/04\/belluno-pride-2026-la-citta-si-tinge-di-arcobaleno-ma-tra-le-associazioni-storiche-e-tempo-di-percorsi-differenti\/#primaryimage","url":"https:\/\/www.bellunopress.it\/wp-content\/uploads\/2025\/09\/Belluno-Pride.jpg","contentUrl":"https:\/\/www.bellunopress.it\/wp-content\/uploads\/2025\/09\/Belluno-Pride.jpg","width":800,"height":600,"caption":"Belluno Pride 2025"},{"@type":"BreadcrumbList","@id":"https:\/\/www.bellunopress.it\/2026\/06\/04\/belluno-pride-2026-la-citta-si-tinge-di-arcobaleno-ma-tra-le-associazioni-storiche-e-tempo-di-percorsi-differenti\/#breadcrumb","itemListElement":[{"@type":"ListItem","position":1,"name":"Home","item":"https:\/\/www.bellunopress.it\/"},{"@type":"ListItem","position":2,"name":"Belluno Pride 2026: la citt\u00e0 si tinge di arcobaleno, ma tra le associazioni storiche \u00e8 tempo di &#8220;percorsi differenti&#8221;"}]},{"@type":"WebSite","@id":"https:\/\/www.bellunopress.it\/#website","url":"https:\/\/www.bellunopress.it\/","name":"Bellunopress - Dolomiti","description":"e-mail: redazione@bellunopress.it","publisher":{"@id":"https:\/\/www.bellunopress.it\/#organization"},"potentialAction":[{"@type":"SearchAction","target":{"@type":"EntryPoint","urlTemplate":"https:\/\/www.bellunopress.it\/?s={search_term_string}"},"query-input":{"@type":"PropertyValueSpecification","valueRequired":true,"valueName":"search_term_string"}}],"inLanguage":"fr-FR"},{"@type":"Organization","@id":"https:\/\/www.bellunopress.it\/#organization","name":"Bellunopress","url":"https:\/\/www.bellunopress.it\/","logo":{"@type":"ImageObject","inLanguage":"fr-FR","@id":"https:\/\/www.bellunopress.it\/#\/schema\/logo\/image\/","url":"https:\/\/www.bellunopress.it\/wp-content\/uploads\/2011\/05\/cropped-logo-bellunopress-.jpg","contentUrl":"https:\/\/www.bellunopress.it\/wp-content\/uploads\/2011\/05\/cropped-logo-bellunopress-.jpg","width":512,"height":512,"caption":"Bellunopress"},"image":{"@id":"https:\/\/www.bellunopress.it\/#\/schema\/logo\/image\/"},"sameAs":["https:\/\/www.facebook.com\/profile.php?id=100008943462799","https:\/\/x.com\/bellunopress","https:\/\/www.linkedin.com\/hp\/?dnr=JBzUWaJfMUw8vbXJJ2tVW5-I3jZKvC4wsoxE&amp;amp;amp;amp;amp;amp;trk=nav_responsive_tab_home","https:\/\/www.youtube.com\/channel\/UCxL0wu1uN0_3_7hGG0306cw"]},{"@type":"Person","@id":"https:\/\/www.bellunopress.it\/#\/schema\/person\/79bb06722b37ece1c03d3e94beb30d73","name":"r\u00e9daction","image":{"@type":"ImageObject","inLanguage":"fr-FR","@id":"https:\/\/secure.gravatar.com\/avatar\/37d968a2e67a6fd04c169c4bdef102d0bc5d31b2546345219e348575eb80e9a0?s=96&d=mm&r=g","url":"https:\/\/secure.gravatar.com\/avatar\/37d968a2e67a6fd04c169c4bdef102d0bc5d31b2546345219e348575eb80e9a0?s=96&d=mm&r=g","contentUrl":"https:\/\/secure.gravatar.com\/avatar\/37d968a2e67a6fd04c169c4bdef102d0bc5d31b2546345219e348575eb80e9a0?s=96&d=mm&r=g","caption":"redazione"},"sameAs":["http:\/\/www.bellunopress.it","https:\/\/x.com\/bellunopress"],"url":"https:\/\/www.bellunopress.it\/fr\/author\/redazione\/"}]}},"_links":{"self":[{"href":"https:\/\/www.bellunopress.it\/fr\/wp-json\/wp\/v2\/posts\/170724","targetHints":{"allow":["GET"]}}],"collection":[{"href":"https:\/\/www.bellunopress.it\/fr\/wp-json\/wp\/v2\/posts"}],"about":[{"href":"https:\/\/www.bellunopress.it\/fr\/wp-json\/wp\/v2\/types\/post"}],"author":[{"embeddable":true,"href":"https:\/\/www.bellunopress.it\/fr\/wp-json\/wp\/v2\/users\/2"}],"replies":[{"embeddable":true,"href":"https:\/\/www.bellunopress.it\/fr\/wp-json\/wp\/v2\/comments?post=170724"}],"version-history":[{"count":1,"href":"https:\/\/www.bellunopress.it\/fr\/wp-json\/wp\/v2\/posts\/170724\/revisions"}],"predecessor-version":[{"id":170725,"href":"https:\/\/www.bellunopress.it\/fr\/wp-json\/wp\/v2\/posts\/170724\/revisions\/170725"}],"wp:featuredmedia":[{"embeddable":true,"href":"https:\/\/www.bellunopress.it\/fr\/wp-json\/wp\/v2\/media\/163657"}],"wp:attachment":[{"href":"https:\/\/www.bellunopress.it\/fr\/wp-json\/wp\/v2\/media?parent=170724"}],"wp:term":[{"taxonomy":"category","embeddable":true,"href":"https:\/\/www.bellunopress.it\/fr\/wp-json\/wp\/v2\/categories?post=170724"},{"taxonomy":"post_tag","embeddable":true,"href":"https:\/\/www.bellunopress.it\/fr\/wp-json\/wp\/v2\/tags?post=170724"}],"curies":[{"name":"wp","href":"https:\/\/api.w.org\/{rel}","templated":true}]}}