{"id":170722,"date":"2026-06-04T13:23:34","date_gmt":"2026-06-04T11:23:34","guid":{"rendered":"https:\/\/www.bellunopress.it\/?p=170722"},"modified":"2026-06-04T13:23:34","modified_gmt":"2026-06-04T11:23:34","slug":"la-grande-beffa-dellautonomia-regionale-di-daniele-trabucco","status":"publish","type":"post","link":"https:\/\/www.bellunopress.it\/fr\/2026\/06\/04\/la-grande-beffa-dellautonomia-regionale-di-daniele-trabucco\/","title":{"rendered":"La grande beffa dell&#8217;autonomia regionale    * di Daniele Trabucco"},"content":{"rendered":"<p>Quello che in questi giorni viene presentato come un passaggio decisivo verso l\u2019autonomia differenziata del Veneto, specialmente con riguardo alla tutela della salute e al coordinamento della finanza pubblica, deve essere ricondotto alla sua esatta dimensione giuridica e politica, poich\u00e9 non siamo dinanzi alla legge rinforzata prevista dall\u2019art. 116, comma 3, della Costituzione. Non siamo dinanzi all\u2019intesa definitiva tra Stato e Regione, non siamo dinanzi a un trasferimento organico e strutturale di potest\u00e0 pubbliche, bens\u00ec al semplice esame parlamentare di uno schema di intesa preliminare, sul quale le Commissioni competenti potranno eventualmente esprimere un atto di indirizzo, all\u2019interno di un procedimento ancora lungo, condizionato, reversibile e tutt\u2019altro che compiuto.<\/p>\n<p>La prima mistificazione sta precisamente qui, nel far apparire come imminente o addirittura gi\u00e0 realizzata una autonomia che, sul piano procedurale, non ha ancora oltrepassato la fase preliminare, poich\u00e9 solo dopo gli atti di indirizzo parlamentari il Governo potr\u00e0 procedere alla predisposizione dello schema definitivo, eventualmente riaprendo il confronto con la Regione, sottoponendo poi il testo all\u2019approvazione regionale, alla deliberazione del Consiglio dei ministri, alla sottoscrizione dell\u2019intesa definitiva e, infine, alla presentazione alle Camere del disegno di legge di approvazione, il quale dovr\u00e0 essere deliberato a maggioranza assoluta dei componenti, come esige l\u2019art. 116, terzo comma, della Costituzione.<\/p>\n<p>Parlare oggi di autonomia ottenuta significa, dunque, alterare il senso del procedimento costituzionale e sostituire alla precisione del diritto la suggestione della propaganda.<\/p>\n<p>La seconda mistificazione riguarda il merito, perch\u00e9 lo schema veneto sulla salute non contiene una vera devoluzione politica della funzione sanitaria, non consegna alla Regione una potest\u00e0 ordinatrice generale, non le attribuisce il governo complessivo del sistema, non modifica in profondit\u00e0 il rapporto tra programmazione, personale, territorio, ospedali, prestazioni, finanziamento e responsabilit\u00e0, ma si limita a riconoscere alcuni margini amministrativi circoscritti, come la possibilit\u00e0 di modulare determinate tariffe, gestire risorse per edilizia e tecnologie sanitarie, intervenire su fondi integrativi, impiegare alcune risorse per personale e prestazioni aggiuntive, riallocare eventuali economie vincolate entro confini rigidamente sorvegliati.<\/p>\n<p>Tutto questo avviene sotto la permanente condizione del rispetto dei LEA, dell\u2019equilibrio finanziario, delle verifiche ministeriali, delle compatibilit\u00e0 di bilancio e della clausola di invarianza degli oneri per la finanza pubblica. Chiamare autonomia un simile insieme di facolt\u00e0 gestionali significa abusare delle parole, poich\u00e9 l\u2019autonomia, quando \u00e8 presa sul serio, implica capacit\u00e0 di indirizzo politico, responsabilit\u00e0 dinanzi alla comunit\u00e0 territoriale, dominio coerente delle risorse, imputazione chiara delle decisioni e possibilit\u00e0 effettiva di organizzare una politica pubblica secondo una visione riconoscibile.<\/p>\n<p>Qui, invece, il Veneto non riceve una vera potest\u00e0 di governo sanitario, ma soltanto una serie di autorizzazioni amministrative condizionate, distribuite lungo corridoi gi\u00e0 tracciati dallo Stato e vigilati da apparati centrali, con la conseguenza che la promessa federalista si riduce a una tecnica di micro-gestione e la grande retorica dell\u2019autogoverno si consuma nella modesta contabilit\u00e0 di alcune funzioni parziali.<\/p>\n<p>La responsabilit\u00e0 politica della maggioranza parlamentare di centrodestra \u00e8, sotto questo profilo, evidente e grave, perch\u00e9 per anni essa ha alimentato l\u2019immaginario di una svolta autonomistica capace di restituire al Veneto una posizione forte nel quadro della Repubblica, salvo poi consegnare un testo che non ha la sostanza del federalismo, non ha il respiro di una riforma costituzionale, non ha la forza di una politica pubblica integrata e non ha neppure il coraggio di assumere fino in fondo la responsabilit\u00e0 di un nuovo assetto territoriale del potere.<\/p>\n<p>La montagna dell\u2019autonomia differenziata partorisce cos\u00ec un fascicolo amministrativo, nel quale l\u2019enfasi identitaria \u00e8 convertita in clausole di compatibilit\u00e0 finanziaria e la rivendicazione storica dell\u2019autogoverno viene ridotta alla gestione sorvegliata di spazi minimi. Il problema, tuttavia, non si esaurisce nella modestia dello schema, poich\u00e9 esso rivela una difficolt\u00e0 pi\u00f9 profonda, inscritta nella stessa architettura del Titolo V riformato nel 2001, ossia nell\u2019illusione che la complessit\u00e0 dell\u2019azione pubblica possa essere governata mediante il catalogo delle materie, come se la realt\u00e0 amministrativa, economica e sociale potesse essere divisa in compartimenti nominali, ciascuno nettamente separabile dagli altri. Questa logica per materie ha prodotto contenzioso, sovrapposizioni, incertezze, centralizzazioni giurisprudenziali e continue ricomposizioni ex post, perch\u00e9 la vita concreta delle istituzioni non procede per etichette costituzionali, ma per politiche pubbliche complesse, nelle quali sanit\u00e0, finanza, personale, edilizia, ricerca, tecnologia, assistenza sociale, territorio, trasporti, formazione e protezione civile si intrecciano in modo necessario. La sanit\u00e0 mostra in maniera esemplare l\u2019insufficienza di questa grammatica costituzionale, poich\u00e9 una vera politica sanitaria regionale non \u00e8 mai soltanto \u201ctutela della salute\u201d, ma \u00e8 governo integrato della cura, della prevenzione, della prossimit\u00e0, della spesa, delle strutture, della formazione, del personale, delle tecnologie, della demografia e delle fragilit\u00e0 sociali, con la conseguenza che il mero ritaglio di frammenti competenziali non costruisce autonomia, ma soltanto una amministrazione differenziata entro un ordine che resta sostanzialmente centralizzato.<\/p>\n<p>La formula stessa che accosta tutela della salute e coordinamento della finanza pubblica rivela questa contraddizione, perch\u00e9 tenta di saldare artificialmente ambiti diversi al fine di rendere praticabile una operazione limitata, senza per\u00f2 assumere la sanit\u00e0 come politica pubblica unitaria e senza dotare la Regione degli strumenti necessari per governarla realmente. La vera alternativa, allora, sarebbe ben pi\u00f9 seria e pi\u00f9 alta rispetto a questa prudente e povera ingegneria procedurale: o si costruisce uno Stato federale autentico, fondato su competenze chiare, responsabilit\u00e0 fiscale, perequazione trasparente, rappresentanza territoriale effettiva e solidariet\u00e0 ordinata, oppure si supera la logica sterile delle materie e si ragiona per politiche pubbliche, cio\u00e8 per obiettivi complessi capaci di attrarre i diversi settori funzionali necessari al conseguimento di risultati verificabili. Quello che oggi viene offerto al Veneto non \u00e8 n\u00e9 l\u2019una n\u00e9 l\u2019altra cosa (sono i limiti del regionalismo italiano), perch\u00e9 non vi \u00e8 federalismo, non vi \u00e8 una vera autonomia sanitaria, non vi \u00e8 un disegno costituzionale nuovo, non vi \u00e8 una politica pubblica integrale, ma soltanto una piccola amministrazione differenziata dentro una grande cornice statale.<\/p>\n<p>Per questo il giudizio deve essere severo.<\/p>\n<p>Non si tratta di negare in astratto l\u2019autonomia, n\u00e9 di difendere un centralismo inerte e burocratico, bens\u00ec di denunciare una falsa autonomia, priva di respiro costituzionale, priva di responsabilit\u00e0 politica piena, priva di architettura federale e priva di capacit\u00e0 reale di governo. Il Veneto meritava una discussione alta sulla forma dello Stato, sul rapporto tra unit\u00e0 e pluralit\u00e0, sulla responsabilit\u00e0 territoriale e sulla sanit\u00e0 come politica pubblica integrale. Riceve invece una promessa compressa, vigilata, finanziariamente neutra e giuridicamente modesta. L\u2019autonomia vera avrebbe richiesto coraggio istituzionale. Qui siamo dinanzi alla prudenza burocratica travestita da rivoluzione.<\/p>\n<p><strong>Daniele Trabucco<\/strong><\/p>","protected":false},"excerpt":{"rendered":"<p>Quello che in questi giorni viene presentato come un passaggio decisivo verso l\u2019autonomia differenziata del Veneto, specialmente con riguardo alla tutela della salute e al coordinamento della finanza pubblica, deve essere ricondotto alla sua esatta dimensione giuridica e politica, poich\u00e9 non siamo dinanzi alla legge rinforzata prevista dall\u2019art. 116, comma 3, della Costituzione. Non siamo [&hellip;]<\/p>\n","protected":false},"author":2,"featured_media":125649,"comment_status":"closed","ping_status":"open","sticky":false,"template":"","format":"standard","meta":{"footnotes":""},"categories":[5,26],"tags":[],"class_list":["post-170722","post","type-post","status-publish","format-standard","has-post-thumbnail","category-cronaca","category-prima-pagina"],"yoast_head":"<!-- This site is optimized with the Yoast SEO plugin v28.4 - https:\/\/yoast.com\/product\/yoast-seo-wordpress\/ -->\n<title>La grande beffa dell&#039;autonomia regionale  * di Daniele Trabucco - Bellunopress - Dolomiti<\/title>\n<meta name=\"robots\" content=\"index, follow, max-snippet:-1, max-image-preview:large, max-video-preview:-1\" \/>\n<link rel=\"canonical\" href=\"https:\/\/www.bellunopress.it\/fr\/2026\/06\/04\/la-grande-beffa-dellautonomia-regionale-di-daniele-trabucco\/\" \/>\n<meta property=\"og:locale\" content=\"fr_FR\" \/>\n<meta property=\"og:type\" content=\"article\" \/>\n<meta property=\"og:title\" content=\"La grande beffa dell&#039;autonomia regionale  * di Daniele Trabucco - Bellunopress - Dolomiti\" \/>\n<meta property=\"og:description\" content=\"Quello che in questi giorni viene presentato come un passaggio decisivo verso l\u2019autonomia differenziata del Veneto, specialmente con riguardo alla tutela della salute e al coordinamento della finanza pubblica, deve essere ricondotto alla sua esatta dimensione giuridica e politica, poich\u00e9 non siamo dinanzi alla legge rinforzata prevista dall\u2019art. 116, comma 3, della Costituzione. Non siamo [&hellip;]\" \/>\n<meta property=\"og:url\" content=\"https:\/\/www.bellunopress.it\/fr\/2026\/06\/04\/la-grande-beffa-dellautonomia-regionale-di-daniele-trabucco\/\" \/>\n<meta property=\"og:site_name\" content=\"Bellunopress - Dolomiti\" \/>\n<meta property=\"article:publisher\" content=\"https:\/\/www.facebook.com\/profile.php?id=100008943462799\" \/>\n<meta property=\"article:published_time\" content=\"2026-06-04T11:23:34+00:00\" \/>\n<meta property=\"og:image\" content=\"https:\/\/www.bellunopress.it\/wp-content\/uploads\/2021\/07\/Daniele-Trabucco.jpg\" \/>\n\t<meta property=\"og:image:width\" content=\"332\" \/>\n\t<meta property=\"og:image:height\" content=\"392\" \/>\n\t<meta property=\"og:image:type\" content=\"image\/jpeg\" \/>\n<meta name=\"author\" content=\"redazione\" \/>\n<meta name=\"twitter:card\" content=\"summary_large_image\" \/>\n<meta name=\"twitter:creator\" content=\"@bellunopress\" \/>\n<meta name=\"twitter:site\" content=\"@bellunopress\" \/>\n<meta name=\"twitter:label1\" content=\"Written by\" \/>\n\t<meta name=\"twitter:data1\" content=\"redazione\" \/>\n\t<meta name=\"twitter:label2\" content=\"Est. reading time\" \/>\n\t<meta name=\"twitter:data2\" content=\"6 minutes\" \/>\n<script type=\"application\/ld+json\" class=\"yoast-schema-graph\">{\"@context\":\"https:\\\/\\\/schema.org\",\"@graph\":[{\"@type\":\"Article\",\"@id\":\"https:\\\/\\\/www.bellunopress.it\\\/2026\\\/06\\\/04\\\/la-grande-beffa-dellautonomia-regionale-di-daniele-trabucco\\\/#article\",\"isPartOf\":{\"@id\":\"https:\\\/\\\/www.bellunopress.it\\\/2026\\\/06\\\/04\\\/la-grande-beffa-dellautonomia-regionale-di-daniele-trabucco\\\/\"},\"author\":{\"name\":\"redazione\",\"@id\":\"https:\\\/\\\/www.bellunopress.it\\\/#\\\/schema\\\/person\\\/79bb06722b37ece1c03d3e94beb30d73\"},\"headline\":\"La grande beffa dell&#8217;autonomia regionale * di Daniele Trabucco\",\"datePublished\":\"2026-06-04T11:23:34+00:00\",\"mainEntityOfPage\":{\"@id\":\"https:\\\/\\\/www.bellunopress.it\\\/2026\\\/06\\\/04\\\/la-grande-beffa-dellautonomia-regionale-di-daniele-trabucco\\\/\"},\"wordCount\":1073,\"publisher\":{\"@id\":\"https:\\\/\\\/www.bellunopress.it\\\/#organization\"},\"image\":{\"@id\":\"https:\\\/\\\/www.bellunopress.it\\\/2026\\\/06\\\/04\\\/la-grande-beffa-dellautonomia-regionale-di-daniele-trabucco\\\/#primaryimage\"},\"thumbnailUrl\":\"https:\\\/\\\/www.bellunopress.it\\\/wp-content\\\/uploads\\\/2021\\\/07\\\/Daniele-Trabucco.jpg\",\"articleSection\":[\"Cronaca\\\/Politica\",\"Prima Pagina\"],\"inLanguage\":\"fr-FR\"},{\"@type\":\"WebPage\",\"@id\":\"https:\\\/\\\/www.bellunopress.it\\\/2026\\\/06\\\/04\\\/la-grande-beffa-dellautonomia-regionale-di-daniele-trabucco\\\/\",\"url\":\"https:\\\/\\\/www.bellunopress.it\\\/2026\\\/06\\\/04\\\/la-grande-beffa-dellautonomia-regionale-di-daniele-trabucco\\\/\",\"name\":\"La grande beffa dell'autonomia regionale * di Daniele Trabucco - Bellunopress - Dolomiti\",\"isPartOf\":{\"@id\":\"https:\\\/\\\/www.bellunopress.it\\\/#website\"},\"primaryImageOfPage\":{\"@id\":\"https:\\\/\\\/www.bellunopress.it\\\/2026\\\/06\\\/04\\\/la-grande-beffa-dellautonomia-regionale-di-daniele-trabucco\\\/#primaryimage\"},\"image\":{\"@id\":\"https:\\\/\\\/www.bellunopress.it\\\/2026\\\/06\\\/04\\\/la-grande-beffa-dellautonomia-regionale-di-daniele-trabucco\\\/#primaryimage\"},\"thumbnailUrl\":\"https:\\\/\\\/www.bellunopress.it\\\/wp-content\\\/uploads\\\/2021\\\/07\\\/Daniele-Trabucco.jpg\",\"datePublished\":\"2026-06-04T11:23:34+00:00\",\"breadcrumb\":{\"@id\":\"https:\\\/\\\/www.bellunopress.it\\\/2026\\\/06\\\/04\\\/la-grande-beffa-dellautonomia-regionale-di-daniele-trabucco\\\/#breadcrumb\"},\"inLanguage\":\"fr-FR\",\"potentialAction\":[{\"@type\":\"ReadAction\",\"target\":[\"https:\\\/\\\/www.bellunopress.it\\\/2026\\\/06\\\/04\\\/la-grande-beffa-dellautonomia-regionale-di-daniele-trabucco\\\/\"]}]},{\"@type\":\"ImageObject\",\"inLanguage\":\"fr-FR\",\"@id\":\"https:\\\/\\\/www.bellunopress.it\\\/2026\\\/06\\\/04\\\/la-grande-beffa-dellautonomia-regionale-di-daniele-trabucco\\\/#primaryimage\",\"url\":\"https:\\\/\\\/www.bellunopress.it\\\/wp-content\\\/uploads\\\/2021\\\/07\\\/Daniele-Trabucco.jpg\",\"contentUrl\":\"https:\\\/\\\/www.bellunopress.it\\\/wp-content\\\/uploads\\\/2021\\\/07\\\/Daniele-Trabucco.jpg\",\"width\":332,\"height\":392,\"caption\":\"Daniele Trabucco, costituzionalista\"},{\"@type\":\"BreadcrumbList\",\"@id\":\"https:\\\/\\\/www.bellunopress.it\\\/2026\\\/06\\\/04\\\/la-grande-beffa-dellautonomia-regionale-di-daniele-trabucco\\\/#breadcrumb\",\"itemListElement\":[{\"@type\":\"ListItem\",\"position\":1,\"name\":\"Home\",\"item\":\"https:\\\/\\\/www.bellunopress.it\\\/\"},{\"@type\":\"ListItem\",\"position\":2,\"name\":\"La grande beffa dell&#8217;autonomia regionale * di Daniele Trabucco\"}]},{\"@type\":\"WebSite\",\"@id\":\"https:\\\/\\\/www.bellunopress.it\\\/#website\",\"url\":\"https:\\\/\\\/www.bellunopress.it\\\/\",\"name\":\"Bellunopress - Dolomiti\",\"description\":\"e-mail: redazione@bellunopress.it\",\"publisher\":{\"@id\":\"https:\\\/\\\/www.bellunopress.it\\\/#organization\"},\"potentialAction\":[{\"@type\":\"SearchAction\",\"target\":{\"@type\":\"EntryPoint\",\"urlTemplate\":\"https:\\\/\\\/www.bellunopress.it\\\/?s={search_term_string}\"},\"query-input\":{\"@type\":\"PropertyValueSpecification\",\"valueRequired\":true,\"valueName\":\"search_term_string\"}}],\"inLanguage\":\"fr-FR\"},{\"@type\":\"Organization\",\"@id\":\"https:\\\/\\\/www.bellunopress.it\\\/#organization\",\"name\":\"Bellunopress\",\"url\":\"https:\\\/\\\/www.bellunopress.it\\\/\",\"logo\":{\"@type\":\"ImageObject\",\"inLanguage\":\"fr-FR\",\"@id\":\"https:\\\/\\\/www.bellunopress.it\\\/#\\\/schema\\\/logo\\\/image\\\/\",\"url\":\"https:\\\/\\\/www.bellunopress.it\\\/wp-content\\\/uploads\\\/2011\\\/05\\\/cropped-logo-bellunopress-.jpg\",\"contentUrl\":\"https:\\\/\\\/www.bellunopress.it\\\/wp-content\\\/uploads\\\/2011\\\/05\\\/cropped-logo-bellunopress-.jpg\",\"width\":512,\"height\":512,\"caption\":\"Bellunopress\"},\"image\":{\"@id\":\"https:\\\/\\\/www.bellunopress.it\\\/#\\\/schema\\\/logo\\\/image\\\/\"},\"sameAs\":[\"https:\\\/\\\/www.facebook.com\\\/profile.php?id=100008943462799\",\"https:\\\/\\\/x.com\\\/bellunopress\",\"https:\\\/\\\/www.linkedin.com\\\/hp\\\/?dnr=JBzUWaJfMUw8vbXJJ2tVW5-I3jZKvC4wsoxE&amp;amp;amp;amp;amp;amp;trk=nav_responsive_tab_home\",\"https:\\\/\\\/www.youtube.com\\\/channel\\\/UCxL0wu1uN0_3_7hGG0306cw\"]},{\"@type\":\"Person\",\"@id\":\"https:\\\/\\\/www.bellunopress.it\\\/#\\\/schema\\\/person\\\/79bb06722b37ece1c03d3e94beb30d73\",\"name\":\"redazione\",\"image\":{\"@type\":\"ImageObject\",\"inLanguage\":\"fr-FR\",\"@id\":\"https:\\\/\\\/secure.gravatar.com\\\/avatar\\\/37d968a2e67a6fd04c169c4bdef102d0bc5d31b2546345219e348575eb80e9a0?s=96&d=mm&r=g\",\"url\":\"https:\\\/\\\/secure.gravatar.com\\\/avatar\\\/37d968a2e67a6fd04c169c4bdef102d0bc5d31b2546345219e348575eb80e9a0?s=96&d=mm&r=g\",\"contentUrl\":\"https:\\\/\\\/secure.gravatar.com\\\/avatar\\\/37d968a2e67a6fd04c169c4bdef102d0bc5d31b2546345219e348575eb80e9a0?s=96&d=mm&r=g\",\"caption\":\"redazione\"},\"sameAs\":[\"http:\\\/\\\/www.bellunopress.it\",\"https:\\\/\\\/x.com\\\/bellunopress\"],\"url\":\"https:\\\/\\\/www.bellunopress.it\\\/fr\\\/author\\\/redazione\\\/\"}]}<\/script>\n<!-- \/ Yoast SEO plugin. -->","yoast_head_json":{"title":"La grande beffa dell'autonomia regionale  * di Daniele Trabucco - Bellunopress - Dolomiti","robots":{"index":"index","follow":"follow","max-snippet":"max-snippet:-1","max-image-preview":"max-image-preview:large","max-video-preview":"max-video-preview:-1"},"canonical":"https:\/\/www.bellunopress.it\/fr\/2026\/06\/04\/la-grande-beffa-dellautonomia-regionale-di-daniele-trabucco\/","og_locale":"fr_FR","og_type":"article","og_title":"La grande beffa dell'autonomia regionale  * di Daniele Trabucco - Bellunopress - Dolomiti","og_description":"Quello che in questi giorni viene presentato come un passaggio decisivo verso l\u2019autonomia differenziata del Veneto, specialmente con riguardo alla tutela della salute e al coordinamento della finanza pubblica, deve essere ricondotto alla sua esatta dimensione giuridica e politica, poich\u00e9 non siamo dinanzi alla legge rinforzata prevista dall\u2019art. 116, comma 3, della Costituzione. Non siamo [&hellip;]","og_url":"https:\/\/www.bellunopress.it\/fr\/2026\/06\/04\/la-grande-beffa-dellautonomia-regionale-di-daniele-trabucco\/","og_site_name":"Bellunopress - Dolomiti","article_publisher":"https:\/\/www.facebook.com\/profile.php?id=100008943462799","article_published_time":"2026-06-04T11:23:34+00:00","og_image":[{"width":332,"height":392,"url":"https:\/\/www.bellunopress.it\/wp-content\/uploads\/2021\/07\/Daniele-Trabucco.jpg","type":"image\/jpeg"}],"author":"redazione","twitter_card":"summary_large_image","twitter_creator":"@bellunopress","twitter_site":"@bellunopress","twitter_misc":{"Written by":"redazione","Est. reading time":"6 minutes"},"schema":{"@context":"https:\/\/schema.org","@graph":[{"@type":"Article","@id":"https:\/\/www.bellunopress.it\/2026\/06\/04\/la-grande-beffa-dellautonomia-regionale-di-daniele-trabucco\/#article","isPartOf":{"@id":"https:\/\/www.bellunopress.it\/2026\/06\/04\/la-grande-beffa-dellautonomia-regionale-di-daniele-trabucco\/"},"author":{"name":"redazione","@id":"https:\/\/www.bellunopress.it\/#\/schema\/person\/79bb06722b37ece1c03d3e94beb30d73"},"headline":"La grande beffa dell&#8217;autonomia regionale * di Daniele Trabucco","datePublished":"2026-06-04T11:23:34+00:00","mainEntityOfPage":{"@id":"https:\/\/www.bellunopress.it\/2026\/06\/04\/la-grande-beffa-dellautonomia-regionale-di-daniele-trabucco\/"},"wordCount":1073,"publisher":{"@id":"https:\/\/www.bellunopress.it\/#organization"},"image":{"@id":"https:\/\/www.bellunopress.it\/2026\/06\/04\/la-grande-beffa-dellautonomia-regionale-di-daniele-trabucco\/#primaryimage"},"thumbnailUrl":"https:\/\/www.bellunopress.it\/wp-content\/uploads\/2021\/07\/Daniele-Trabucco.jpg","articleSection":["Cronaca\/Politica","Prima Pagina"],"inLanguage":"fr-FR"},{"@type":"WebPage","@id":"https:\/\/www.bellunopress.it\/2026\/06\/04\/la-grande-beffa-dellautonomia-regionale-di-daniele-trabucco\/","url":"https:\/\/www.bellunopress.it\/2026\/06\/04\/la-grande-beffa-dellautonomia-regionale-di-daniele-trabucco\/","name":"La grande beffa dell'autonomia regionale * di Daniele Trabucco - Bellunopress - Dolomiti","isPartOf":{"@id":"https:\/\/www.bellunopress.it\/#website"},"primaryImageOfPage":{"@id":"https:\/\/www.bellunopress.it\/2026\/06\/04\/la-grande-beffa-dellautonomia-regionale-di-daniele-trabucco\/#primaryimage"},"image":{"@id":"https:\/\/www.bellunopress.it\/2026\/06\/04\/la-grande-beffa-dellautonomia-regionale-di-daniele-trabucco\/#primaryimage"},"thumbnailUrl":"https:\/\/www.bellunopress.it\/wp-content\/uploads\/2021\/07\/Daniele-Trabucco.jpg","datePublished":"2026-06-04T11:23:34+00:00","breadcrumb":{"@id":"https:\/\/www.bellunopress.it\/2026\/06\/04\/la-grande-beffa-dellautonomia-regionale-di-daniele-trabucco\/#breadcrumb"},"inLanguage":"fr-FR","potentialAction":[{"@type":"ReadAction","target":["https:\/\/www.bellunopress.it\/2026\/06\/04\/la-grande-beffa-dellautonomia-regionale-di-daniele-trabucco\/"]}]},{"@type":"ImageObject","inLanguage":"fr-FR","@id":"https:\/\/www.bellunopress.it\/2026\/06\/04\/la-grande-beffa-dellautonomia-regionale-di-daniele-trabucco\/#primaryimage","url":"https:\/\/www.bellunopress.it\/wp-content\/uploads\/2021\/07\/Daniele-Trabucco.jpg","contentUrl":"https:\/\/www.bellunopress.it\/wp-content\/uploads\/2021\/07\/Daniele-Trabucco.jpg","width":332,"height":392,"caption":"Daniele Trabucco, costituzionalista"},{"@type":"BreadcrumbList","@id":"https:\/\/www.bellunopress.it\/2026\/06\/04\/la-grande-beffa-dellautonomia-regionale-di-daniele-trabucco\/#breadcrumb","itemListElement":[{"@type":"ListItem","position":1,"name":"Home","item":"https:\/\/www.bellunopress.it\/"},{"@type":"ListItem","position":2,"name":"La grande beffa dell&#8217;autonomia regionale * di Daniele Trabucco"}]},{"@type":"WebSite","@id":"https:\/\/www.bellunopress.it\/#website","url":"https:\/\/www.bellunopress.it\/","name":"Bellunopress - Dolomiti","description":"e-mail: redazione@bellunopress.it","publisher":{"@id":"https:\/\/www.bellunopress.it\/#organization"},"potentialAction":[{"@type":"SearchAction","target":{"@type":"EntryPoint","urlTemplate":"https:\/\/www.bellunopress.it\/?s={search_term_string}"},"query-input":{"@type":"PropertyValueSpecification","valueRequired":true,"valueName":"search_term_string"}}],"inLanguage":"fr-FR"},{"@type":"Organization","@id":"https:\/\/www.bellunopress.it\/#organization","name":"Bellunopress","url":"https:\/\/www.bellunopress.it\/","logo":{"@type":"ImageObject","inLanguage":"fr-FR","@id":"https:\/\/www.bellunopress.it\/#\/schema\/logo\/image\/","url":"https:\/\/www.bellunopress.it\/wp-content\/uploads\/2011\/05\/cropped-logo-bellunopress-.jpg","contentUrl":"https:\/\/www.bellunopress.it\/wp-content\/uploads\/2011\/05\/cropped-logo-bellunopress-.jpg","width":512,"height":512,"caption":"Bellunopress"},"image":{"@id":"https:\/\/www.bellunopress.it\/#\/schema\/logo\/image\/"},"sameAs":["https:\/\/www.facebook.com\/profile.php?id=100008943462799","https:\/\/x.com\/bellunopress","https:\/\/www.linkedin.com\/hp\/?dnr=JBzUWaJfMUw8vbXJJ2tVW5-I3jZKvC4wsoxE&amp;amp;amp;amp;amp;amp;trk=nav_responsive_tab_home","https:\/\/www.youtube.com\/channel\/UCxL0wu1uN0_3_7hGG0306cw"]},{"@type":"Person","@id":"https:\/\/www.bellunopress.it\/#\/schema\/person\/79bb06722b37ece1c03d3e94beb30d73","name":"r\u00e9daction","image":{"@type":"ImageObject","inLanguage":"fr-FR","@id":"https:\/\/secure.gravatar.com\/avatar\/37d968a2e67a6fd04c169c4bdef102d0bc5d31b2546345219e348575eb80e9a0?s=96&d=mm&r=g","url":"https:\/\/secure.gravatar.com\/avatar\/37d968a2e67a6fd04c169c4bdef102d0bc5d31b2546345219e348575eb80e9a0?s=96&d=mm&r=g","contentUrl":"https:\/\/secure.gravatar.com\/avatar\/37d968a2e67a6fd04c169c4bdef102d0bc5d31b2546345219e348575eb80e9a0?s=96&d=mm&r=g","caption":"redazione"},"sameAs":["http:\/\/www.bellunopress.it","https:\/\/x.com\/bellunopress"],"url":"https:\/\/www.bellunopress.it\/fr\/author\/redazione\/"}]}},"_links":{"self":[{"href":"https:\/\/www.bellunopress.it\/fr\/wp-json\/wp\/v2\/posts\/170722","targetHints":{"allow":["GET"]}}],"collection":[{"href":"https:\/\/www.bellunopress.it\/fr\/wp-json\/wp\/v2\/posts"}],"about":[{"href":"https:\/\/www.bellunopress.it\/fr\/wp-json\/wp\/v2\/types\/post"}],"author":[{"embeddable":true,"href":"https:\/\/www.bellunopress.it\/fr\/wp-json\/wp\/v2\/users\/2"}],"replies":[{"embeddable":true,"href":"https:\/\/www.bellunopress.it\/fr\/wp-json\/wp\/v2\/comments?post=170722"}],"version-history":[{"count":1,"href":"https:\/\/www.bellunopress.it\/fr\/wp-json\/wp\/v2\/posts\/170722\/revisions"}],"predecessor-version":[{"id":170723,"href":"https:\/\/www.bellunopress.it\/fr\/wp-json\/wp\/v2\/posts\/170722\/revisions\/170723"}],"wp:featuredmedia":[{"embeddable":true,"href":"https:\/\/www.bellunopress.it\/fr\/wp-json\/wp\/v2\/media\/125649"}],"wp:attachment":[{"href":"https:\/\/www.bellunopress.it\/fr\/wp-json\/wp\/v2\/media?parent=170722"}],"wp:term":[{"taxonomy":"category","embeddable":true,"href":"https:\/\/www.bellunopress.it\/fr\/wp-json\/wp\/v2\/categories?post=170722"},{"taxonomy":"post_tag","embeddable":true,"href":"https:\/\/www.bellunopress.it\/fr\/wp-json\/wp\/v2\/tags?post=170722"}],"curies":[{"name":"wp","href":"https:\/\/api.w.org\/{rel}","templated":true}]}}