{"id":170713,"date":"2026-06-04T07:46:45","date_gmt":"2026-06-04T05:46:45","guid":{"rendered":"https:\/\/www.bellunopress.it\/?p=170713"},"modified":"2026-06-04T07:47:02","modified_gmt":"2026-06-04T05:47:02","slug":"diletta-dazzi-e-la-nuova-segretaria-provinciale-della-federazione-medici","status":"publish","type":"post","link":"https:\/\/www.bellunopress.it\/fr\/2026\/06\/04\/diletta-dazzi-e-la-nuova-segretaria-provinciale-della-federazione-medici\/","title":{"rendered":"Diletta Dazzi \u00e8 la nuova segretaria provinciale della Federazione medici di famiglia"},"content":{"rendered":"<p>L&#8217;Assemblea della F.I.M.M.G. Belluno (Federazione italiana medici di Medicina generale) ha eletto all&#8217;unanimit\u00e0 Diletta Dazzi alla segreteria provinciale.<\/p>\n<p>La dottoressa Dazzi \u00e8 la prima donna a rivestire questo ruolo nella Sezione bellunese, e anche tra le pi\u00f9 giovani in assoluto in Italia, e subentra al dottor Fulvio De Pasqual<\/p>\n<p>Ventinovenne, originaria dell\u2019Alpago, Diletta Dazzi lavora da tre anni come medico di famiglia a Pieve d\u2019Alpago. Attenta alle opportunit\u00e0 di crescita e di evoluzione del ruolo del medico di medicina generale, \u00e8 pronta a mettere in gioco tutto il suo entusiasmo per rispondere alle sfide non solo di genere, ma anche generazionali che si prospettano per la professione.<\/p>\n<p>\u201cNel nostro territorio non si pu\u00f2 immaginare una sanit\u00e0 di qualit\u00e0 senza medici di famiglia&#8221; ha detto la nuova Segretaria nel corso dell\u2019Assemblea, delineando gli elementi cardine della professione. &#8220;Prossimit\u00e0, il rapporto di fiducia medico-paziente e la continuit\u00e0 relazionale sono imprescindibili per garantire un\u2019efficiente assistenza primaria e da questi aspetti bisogna partire per dare risposte concrete alla cittadinanza\u201d.<\/p>\n<p>Insieme alla nuova Segretaria sono state elette la Dott.ssa Maria Teresa Marrara Vice-Segretaria e come Tesoriera la Dott.ssa Sandra De Vettor. L\u2019Assemblea ha, inoltre, espresso il proprio ringraziamento per i colleghi Dott. Fulvio De Pasqual e Dott. Guglielmo Sergi, rispettivamente Segretario e Vice Segretario Provinciale, per l\u2019impegno profuso a favore della Fimmg in questo ultimo anno di mandato. E\u2019 stato ringraziato anche il Dott. Fabio Bortot per gli anni di lavoro come rappresentante della Fimmg all\u2019interno del Comitato Aziendale della nostra Asl-Dolomiti.<\/p>\n<p>La nuova Segreteria Provinciale \u00e8 gi\u00e0 pronta a partecipare all\u2019Assemblea Nazionale il prossimo 13 giugno contro il Decreto Schillaci, che minaccia l\u2019essenza stessa della Medicina Generale come avamposto del Servizio Sanitario Nazionale. Mentre a livello regionale, la sezione auspica una rapida conclusione della trattativa per l\u2019Accordo Integrativo Regionale, presupposto fondamentale per definire il ruolo del MMG nella nuova organizzazione delle cure primarie.<\/p>\n<p>La Segretaria conclude lanciando un appello ai giovani medici neolaureati affinch\u00e9 partecipino al nuovo Bando del Corso di Formazione Specifica in Medicina Generale, in scadenza il 19 giugno 2026.<\/p>","protected":false},"excerpt":{"rendered":"<p>L&#8217;Assemblea della F.I.M.M.G. Belluno (Federazione italiana medici di Medicina generale) ha eletto all&#8217;unanimit\u00e0 Diletta Dazzi alla segreteria provinciale. La dottoressa Dazzi \u00e8 la prima donna a rivestire questo ruolo nella Sezione bellunese, e anche tra le pi\u00f9 giovani in assoluto in Italia, e subentra al dottor Fulvio De Pasqual Ventinovenne, originaria dell\u2019Alpago, Diletta Dazzi lavora [&hellip;]<\/p>\n","protected":false},"author":2,"featured_media":170714,"comment_status":"closed","ping_status":"open","sticky":false,"template":"","format":"standard","meta":{"footnotes":""},"categories":[26,17],"tags":[],"class_list":["post-170713","post","type-post","status-publish","format-standard","has-post-thumbnail","category-prima-pagina","category-sanita"],"yoast_head":"<!-- This site is optimized with the Yoast SEO plugin v28.4 - https:\/\/yoast.com\/product\/yoast-seo-wordpress\/ -->\n<title>Diletta Dazzi \u00e8 la nuova segretaria provinciale della Federazione medici di famiglia - Bellunopress - Dolomiti<\/title>\n<meta name=\"robots\" content=\"index, follow, max-snippet:-1, max-image-preview:large, max-video-preview:-1\" \/>\n<link rel=\"canonical\" href=\"https:\/\/www.bellunopress.it\/fr\/2026\/06\/04\/diletta-dazzi-e-la-nuova-segretaria-provinciale-della-federazione-medici\/\" \/>\n<meta property=\"og:locale\" content=\"fr_FR\" \/>\n<meta property=\"og:type\" content=\"article\" \/>\n<meta property=\"og:title\" content=\"Diletta Dazzi \u00e8 la nuova segretaria provinciale della Federazione medici di famiglia - Bellunopress - Dolomiti\" \/>\n<meta property=\"og:description\" content=\"L&#8217;Assemblea della F.I.M.M.G. Belluno (Federazione italiana medici di Medicina generale) ha eletto all&#8217;unanimit\u00e0 Diletta Dazzi alla segreteria provinciale. La dottoressa Dazzi \u00e8 la prima donna a rivestire questo ruolo nella Sezione bellunese, e anche tra le pi\u00f9 giovani in assoluto in Italia, e subentra al dottor Fulvio De Pasqual Ventinovenne, originaria dell\u2019Alpago, Diletta Dazzi lavora [&hellip;]\" \/>\n<meta property=\"og:url\" content=\"https:\/\/www.bellunopress.it\/fr\/2026\/06\/04\/diletta-dazzi-e-la-nuova-segretaria-provinciale-della-federazione-medici\/\" \/>\n<meta property=\"og:site_name\" content=\"Bellunopress - Dolomiti\" \/>\n<meta property=\"article:publisher\" content=\"https:\/\/www.facebook.com\/profile.php?id=100008943462799\" \/>\n<meta property=\"article:published_time\" content=\"2026-06-04T05:46:45+00:00\" \/>\n<meta property=\"article:modified_time\" content=\"2026-06-04T05:47:02+00:00\" \/>\n<meta property=\"og:image\" content=\"https:\/\/www.bellunopress.it\/wp-content\/uploads\/2026\/06\/Diletta-Dazzi.jpg\" \/>\n\t<meta property=\"og:image:width\" content=\"388\" \/>\n\t<meta property=\"og:image:height\" content=\"500\" \/>\n\t<meta property=\"og:image:type\" content=\"image\/jpeg\" \/>\n<meta name=\"author\" content=\"redazione\" \/>\n<meta name=\"twitter:card\" content=\"summary_large_image\" \/>\n<meta name=\"twitter:creator\" content=\"@bellunopress\" \/>\n<meta name=\"twitter:site\" content=\"@bellunopress\" \/>\n<meta name=\"twitter:label1\" content=\"Written by\" \/>\n\t<meta name=\"twitter:data1\" content=\"redazione\" \/>\n\t<meta name=\"twitter:label2\" content=\"Est. reading time\" \/>\n\t<meta name=\"twitter:data2\" content=\"2 minutes\" \/>\n<script type=\"application\/ld+json\" class=\"yoast-schema-graph\">{\"@context\":\"https:\\\/\\\/schema.org\",\"@graph\":[{\"@type\":\"Article\",\"@id\":\"https:\\\/\\\/www.bellunopress.it\\\/2026\\\/06\\\/04\\\/diletta-dazzi-e-la-nuova-segretaria-provinciale-della-federazione-medici\\\/#article\",\"isPartOf\":{\"@id\":\"https:\\\/\\\/www.bellunopress.it\\\/2026\\\/06\\\/04\\\/diletta-dazzi-e-la-nuova-segretaria-provinciale-della-federazione-medici\\\/\"},\"author\":{\"name\":\"redazione\",\"@id\":\"https:\\\/\\\/www.bellunopress.it\\\/#\\\/schema\\\/person\\\/79bb06722b37ece1c03d3e94beb30d73\"},\"headline\":\"Diletta Dazzi \u00e8 la nuova segretaria provinciale della Federazione medici di famiglia\",\"datePublished\":\"2026-06-04T05:46:45+00:00\",\"dateModified\":\"2026-06-04T05:47:02+00:00\",\"mainEntityOfPage\":{\"@id\":\"https:\\\/\\\/www.bellunopress.it\\\/2026\\\/06\\\/04\\\/diletta-dazzi-e-la-nuova-segretaria-provinciale-della-federazione-medici\\\/\"},\"wordCount\":361,\"publisher\":{\"@id\":\"https:\\\/\\\/www.bellunopress.it\\\/#organization\"},\"image\":{\"@id\":\"https:\\\/\\\/www.bellunopress.it\\\/2026\\\/06\\\/04\\\/diletta-dazzi-e-la-nuova-segretaria-provinciale-della-federazione-medici\\\/#primaryimage\"},\"thumbnailUrl\":\"https:\\\/\\\/www.bellunopress.it\\\/wp-content\\\/uploads\\\/2026\\\/06\\\/Diletta-Dazzi.jpg\",\"articleSection\":[\"Prima Pagina\",\"Sanit\u00e0 Medicina\"],\"inLanguage\":\"fr-FR\"},{\"@type\":\"WebPage\",\"@id\":\"https:\\\/\\\/www.bellunopress.it\\\/2026\\\/06\\\/04\\\/diletta-dazzi-e-la-nuova-segretaria-provinciale-della-federazione-medici\\\/\",\"url\":\"https:\\\/\\\/www.bellunopress.it\\\/2026\\\/06\\\/04\\\/diletta-dazzi-e-la-nuova-segretaria-provinciale-della-federazione-medici\\\/\",\"name\":\"Diletta Dazzi \u00e8 la nuova segretaria provinciale della Federazione medici di famiglia - Bellunopress - Dolomiti\",\"isPartOf\":{\"@id\":\"https:\\\/\\\/www.bellunopress.it\\\/#website\"},\"primaryImageOfPage\":{\"@id\":\"https:\\\/\\\/www.bellunopress.it\\\/2026\\\/06\\\/04\\\/diletta-dazzi-e-la-nuova-segretaria-provinciale-della-federazione-medici\\\/#primaryimage\"},\"image\":{\"@id\":\"https:\\\/\\\/www.bellunopress.it\\\/2026\\\/06\\\/04\\\/diletta-dazzi-e-la-nuova-segretaria-provinciale-della-federazione-medici\\\/#primaryimage\"},\"thumbnailUrl\":\"https:\\\/\\\/www.bellunopress.it\\\/wp-content\\\/uploads\\\/2026\\\/06\\\/Diletta-Dazzi.jpg\",\"datePublished\":\"2026-06-04T05:46:45+00:00\",\"dateModified\":\"2026-06-04T05:47:02+00:00\",\"breadcrumb\":{\"@id\":\"https:\\\/\\\/www.bellunopress.it\\\/2026\\\/06\\\/04\\\/diletta-dazzi-e-la-nuova-segretaria-provinciale-della-federazione-medici\\\/#breadcrumb\"},\"inLanguage\":\"fr-FR\",\"potentialAction\":[{\"@type\":\"ReadAction\",\"target\":[\"https:\\\/\\\/www.bellunopress.it\\\/2026\\\/06\\\/04\\\/diletta-dazzi-e-la-nuova-segretaria-provinciale-della-federazione-medici\\\/\"]}]},{\"@type\":\"ImageObject\",\"inLanguage\":\"fr-FR\",\"@id\":\"https:\\\/\\\/www.bellunopress.it\\\/2026\\\/06\\\/04\\\/diletta-dazzi-e-la-nuova-segretaria-provinciale-della-federazione-medici\\\/#primaryimage\",\"url\":\"https:\\\/\\\/www.bellunopress.it\\\/wp-content\\\/uploads\\\/2026\\\/06\\\/Diletta-Dazzi.jpg\",\"contentUrl\":\"https:\\\/\\\/www.bellunopress.it\\\/wp-content\\\/uploads\\\/2026\\\/06\\\/Diletta-Dazzi.jpg\",\"width\":388,\"height\":500,\"caption\":\"Diletta Dazzi, Segretaria provinciale Federazione Italiana Medici di Famiglia\"},{\"@type\":\"BreadcrumbList\",\"@id\":\"https:\\\/\\\/www.bellunopress.it\\\/2026\\\/06\\\/04\\\/diletta-dazzi-e-la-nuova-segretaria-provinciale-della-federazione-medici\\\/#breadcrumb\",\"itemListElement\":[{\"@type\":\"ListItem\",\"position\":1,\"name\":\"Home\",\"item\":\"https:\\\/\\\/www.bellunopress.it\\\/\"},{\"@type\":\"ListItem\",\"position\":2,\"name\":\"Diletta Dazzi \u00e8 la nuova segretaria provinciale della Federazione medici di famiglia\"}]},{\"@type\":\"WebSite\",\"@id\":\"https:\\\/\\\/www.bellunopress.it\\\/#website\",\"url\":\"https:\\\/\\\/www.bellunopress.it\\\/\",\"name\":\"Bellunopress - Dolomiti\",\"description\":\"e-mail: redazione@bellunopress.it\",\"publisher\":{\"@id\":\"https:\\\/\\\/www.bellunopress.it\\\/#organization\"},\"potentialAction\":[{\"@type\":\"SearchAction\",\"target\":{\"@type\":\"EntryPoint\",\"urlTemplate\":\"https:\\\/\\\/www.bellunopress.it\\\/?s={search_term_string}\"},\"query-input\":{\"@type\":\"PropertyValueSpecification\",\"valueRequired\":true,\"valueName\":\"search_term_string\"}}],\"inLanguage\":\"fr-FR\"},{\"@type\":\"Organization\",\"@id\":\"https:\\\/\\\/www.bellunopress.it\\\/#organization\",\"name\":\"Bellunopress\",\"url\":\"https:\\\/\\\/www.bellunopress.it\\\/\",\"logo\":{\"@type\":\"ImageObject\",\"inLanguage\":\"fr-FR\",\"@id\":\"https:\\\/\\\/www.bellunopress.it\\\/#\\\/schema\\\/logo\\\/image\\\/\",\"url\":\"https:\\\/\\\/www.bellunopress.it\\\/wp-content\\\/uploads\\\/2011\\\/05\\\/cropped-logo-bellunopress-.jpg\",\"contentUrl\":\"https:\\\/\\\/www.bellunopress.it\\\/wp-content\\\/uploads\\\/2011\\\/05\\\/cropped-logo-bellunopress-.jpg\",\"width\":512,\"height\":512,\"caption\":\"Bellunopress\"},\"image\":{\"@id\":\"https:\\\/\\\/www.bellunopress.it\\\/#\\\/schema\\\/logo\\\/image\\\/\"},\"sameAs\":[\"https:\\\/\\\/www.facebook.com\\\/profile.php?id=100008943462799\",\"https:\\\/\\\/x.com\\\/bellunopress\",\"https:\\\/\\\/www.linkedin.com\\\/hp\\\/?dnr=JBzUWaJfMUw8vbXJJ2tVW5-I3jZKvC4wsoxE&amp;amp;amp;amp;amp;amp;trk=nav_responsive_tab_home\",\"https:\\\/\\\/www.youtube.com\\\/channel\\\/UCxL0wu1uN0_3_7hGG0306cw\"]},{\"@type\":\"Person\",\"@id\":\"https:\\\/\\\/www.bellunopress.it\\\/#\\\/schema\\\/person\\\/79bb06722b37ece1c03d3e94beb30d73\",\"name\":\"redazione\",\"image\":{\"@type\":\"ImageObject\",\"inLanguage\":\"fr-FR\",\"@id\":\"https:\\\/\\\/secure.gravatar.com\\\/avatar\\\/37d968a2e67a6fd04c169c4bdef102d0bc5d31b2546345219e348575eb80e9a0?s=96&d=mm&r=g\",\"url\":\"https:\\\/\\\/secure.gravatar.com\\\/avatar\\\/37d968a2e67a6fd04c169c4bdef102d0bc5d31b2546345219e348575eb80e9a0?s=96&d=mm&r=g\",\"contentUrl\":\"https:\\\/\\\/secure.gravatar.com\\\/avatar\\\/37d968a2e67a6fd04c169c4bdef102d0bc5d31b2546345219e348575eb80e9a0?s=96&d=mm&r=g\",\"caption\":\"redazione\"},\"sameAs\":[\"http:\\\/\\\/www.bellunopress.it\",\"https:\\\/\\\/x.com\\\/bellunopress\"],\"url\":\"https:\\\/\\\/www.bellunopress.it\\\/fr\\\/author\\\/redazione\\\/\"}]}<\/script>\n<!-- \/ Yoast SEO plugin. -->","yoast_head_json":{"title":"Diletta Dazzi \u00e8 la nuova segretaria provinciale della Federazione medici di famiglia - Bellunopress - Dolomiti","robots":{"index":"index","follow":"follow","max-snippet":"max-snippet:-1","max-image-preview":"max-image-preview:large","max-video-preview":"max-video-preview:-1"},"canonical":"https:\/\/www.bellunopress.it\/fr\/2026\/06\/04\/diletta-dazzi-e-la-nuova-segretaria-provinciale-della-federazione-medici\/","og_locale":"fr_FR","og_type":"article","og_title":"Diletta Dazzi \u00e8 la nuova segretaria provinciale della Federazione medici di famiglia - Bellunopress - Dolomiti","og_description":"L&#8217;Assemblea della F.I.M.M.G. Belluno (Federazione italiana medici di Medicina generale) ha eletto all&#8217;unanimit\u00e0 Diletta Dazzi alla segreteria provinciale. La dottoressa Dazzi \u00e8 la prima donna a rivestire questo ruolo nella Sezione bellunese, e anche tra le pi\u00f9 giovani in assoluto in Italia, e subentra al dottor Fulvio De Pasqual Ventinovenne, originaria dell\u2019Alpago, Diletta Dazzi lavora [&hellip;]","og_url":"https:\/\/www.bellunopress.it\/fr\/2026\/06\/04\/diletta-dazzi-e-la-nuova-segretaria-provinciale-della-federazione-medici\/","og_site_name":"Bellunopress - Dolomiti","article_publisher":"https:\/\/www.facebook.com\/profile.php?id=100008943462799","article_published_time":"2026-06-04T05:46:45+00:00","article_modified_time":"2026-06-04T05:47:02+00:00","og_image":[{"width":388,"height":500,"url":"https:\/\/www.bellunopress.it\/wp-content\/uploads\/2026\/06\/Diletta-Dazzi.jpg","type":"image\/jpeg"}],"author":"redazione","twitter_card":"summary_large_image","twitter_creator":"@bellunopress","twitter_site":"@bellunopress","twitter_misc":{"Written by":"redazione","Est. reading time":"2 minutes"},"schema":{"@context":"https:\/\/schema.org","@graph":[{"@type":"Article","@id":"https:\/\/www.bellunopress.it\/2026\/06\/04\/diletta-dazzi-e-la-nuova-segretaria-provinciale-della-federazione-medici\/#article","isPartOf":{"@id":"https:\/\/www.bellunopress.it\/2026\/06\/04\/diletta-dazzi-e-la-nuova-segretaria-provinciale-della-federazione-medici\/"},"author":{"name":"redazione","@id":"https:\/\/www.bellunopress.it\/#\/schema\/person\/79bb06722b37ece1c03d3e94beb30d73"},"headline":"Diletta Dazzi \u00e8 la nuova segretaria provinciale della Federazione medici di famiglia","datePublished":"2026-06-04T05:46:45+00:00","dateModified":"2026-06-04T05:47:02+00:00","mainEntityOfPage":{"@id":"https:\/\/www.bellunopress.it\/2026\/06\/04\/diletta-dazzi-e-la-nuova-segretaria-provinciale-della-federazione-medici\/"},"wordCount":361,"publisher":{"@id":"https:\/\/www.bellunopress.it\/#organization"},"image":{"@id":"https:\/\/www.bellunopress.it\/2026\/06\/04\/diletta-dazzi-e-la-nuova-segretaria-provinciale-della-federazione-medici\/#primaryimage"},"thumbnailUrl":"https:\/\/www.bellunopress.it\/wp-content\/uploads\/2026\/06\/Diletta-Dazzi.jpg","articleSection":["Prima Pagina","Sanit\u00e0 Medicina"],"inLanguage":"fr-FR"},{"@type":"WebPage","@id":"https:\/\/www.bellunopress.it\/2026\/06\/04\/diletta-dazzi-e-la-nuova-segretaria-provinciale-della-federazione-medici\/","url":"https:\/\/www.bellunopress.it\/2026\/06\/04\/diletta-dazzi-e-la-nuova-segretaria-provinciale-della-federazione-medici\/","name":"Diletta Dazzi \u00e8 la nuova segretaria provinciale della Federazione medici di famiglia - Bellunopress - Dolomiti","isPartOf":{"@id":"https:\/\/www.bellunopress.it\/#website"},"primaryImageOfPage":{"@id":"https:\/\/www.bellunopress.it\/2026\/06\/04\/diletta-dazzi-e-la-nuova-segretaria-provinciale-della-federazione-medici\/#primaryimage"},"image":{"@id":"https:\/\/www.bellunopress.it\/2026\/06\/04\/diletta-dazzi-e-la-nuova-segretaria-provinciale-della-federazione-medici\/#primaryimage"},"thumbnailUrl":"https:\/\/www.bellunopress.it\/wp-content\/uploads\/2026\/06\/Diletta-Dazzi.jpg","datePublished":"2026-06-04T05:46:45+00:00","dateModified":"2026-06-04T05:47:02+00:00","breadcrumb":{"@id":"https:\/\/www.bellunopress.it\/2026\/06\/04\/diletta-dazzi-e-la-nuova-segretaria-provinciale-della-federazione-medici\/#breadcrumb"},"inLanguage":"fr-FR","potentialAction":[{"@type":"ReadAction","target":["https:\/\/www.bellunopress.it\/2026\/06\/04\/diletta-dazzi-e-la-nuova-segretaria-provinciale-della-federazione-medici\/"]}]},{"@type":"ImageObject","inLanguage":"fr-FR","@id":"https:\/\/www.bellunopress.it\/2026\/06\/04\/diletta-dazzi-e-la-nuova-segretaria-provinciale-della-federazione-medici\/#primaryimage","url":"https:\/\/www.bellunopress.it\/wp-content\/uploads\/2026\/06\/Diletta-Dazzi.jpg","contentUrl":"https:\/\/www.bellunopress.it\/wp-content\/uploads\/2026\/06\/Diletta-Dazzi.jpg","width":388,"height":500,"caption":"Diletta Dazzi, Segretaria provinciale Federazione Italiana Medici di Famiglia"},{"@type":"BreadcrumbList","@id":"https:\/\/www.bellunopress.it\/2026\/06\/04\/diletta-dazzi-e-la-nuova-segretaria-provinciale-della-federazione-medici\/#breadcrumb","itemListElement":[{"@type":"ListItem","position":1,"name":"Home","item":"https:\/\/www.bellunopress.it\/"},{"@type":"ListItem","position":2,"name":"Diletta Dazzi \u00e8 la nuova segretaria provinciale della Federazione medici di famiglia"}]},{"@type":"WebSite","@id":"https:\/\/www.bellunopress.it\/#website","url":"https:\/\/www.bellunopress.it\/","name":"Bellunopress - Dolomiti","description":"e-mail: redazione@bellunopress.it","publisher":{"@id":"https:\/\/www.bellunopress.it\/#organization"},"potentialAction":[{"@type":"SearchAction","target":{"@type":"EntryPoint","urlTemplate":"https:\/\/www.bellunopress.it\/?s={search_term_string}"},"query-input":{"@type":"PropertyValueSpecification","valueRequired":true,"valueName":"search_term_string"}}],"inLanguage":"fr-FR"},{"@type":"Organization","@id":"https:\/\/www.bellunopress.it\/#organization","name":"Bellunopress","url":"https:\/\/www.bellunopress.it\/","logo":{"@type":"ImageObject","inLanguage":"fr-FR","@id":"https:\/\/www.bellunopress.it\/#\/schema\/logo\/image\/","url":"https:\/\/www.bellunopress.it\/wp-content\/uploads\/2011\/05\/cropped-logo-bellunopress-.jpg","contentUrl":"https:\/\/www.bellunopress.it\/wp-content\/uploads\/2011\/05\/cropped-logo-bellunopress-.jpg","width":512,"height":512,"caption":"Bellunopress"},"image":{"@id":"https:\/\/www.bellunopress.it\/#\/schema\/logo\/image\/"},"sameAs":["https:\/\/www.facebook.com\/profile.php?id=100008943462799","https:\/\/x.com\/bellunopress","https:\/\/www.linkedin.com\/hp\/?dnr=JBzUWaJfMUw8vbXJJ2tVW5-I3jZKvC4wsoxE&amp;amp;amp;amp;amp;amp;trk=nav_responsive_tab_home","https:\/\/www.youtube.com\/channel\/UCxL0wu1uN0_3_7hGG0306cw"]},{"@type":"Person","@id":"https:\/\/www.bellunopress.it\/#\/schema\/person\/79bb06722b37ece1c03d3e94beb30d73","name":"r\u00e9daction","image":{"@type":"ImageObject","inLanguage":"fr-FR","@id":"https:\/\/secure.gravatar.com\/avatar\/37d968a2e67a6fd04c169c4bdef102d0bc5d31b2546345219e348575eb80e9a0?s=96&d=mm&r=g","url":"https:\/\/secure.gravatar.com\/avatar\/37d968a2e67a6fd04c169c4bdef102d0bc5d31b2546345219e348575eb80e9a0?s=96&d=mm&r=g","contentUrl":"https:\/\/secure.gravatar.com\/avatar\/37d968a2e67a6fd04c169c4bdef102d0bc5d31b2546345219e348575eb80e9a0?s=96&d=mm&r=g","caption":"redazione"},"sameAs":["http:\/\/www.bellunopress.it","https:\/\/x.com\/bellunopress"],"url":"https:\/\/www.bellunopress.it\/fr\/author\/redazione\/"}]}},"_links":{"self":[{"href":"https:\/\/www.bellunopress.it\/fr\/wp-json\/wp\/v2\/posts\/170713","targetHints":{"allow":["GET"]}}],"collection":[{"href":"https:\/\/www.bellunopress.it\/fr\/wp-json\/wp\/v2\/posts"}],"about":[{"href":"https:\/\/www.bellunopress.it\/fr\/wp-json\/wp\/v2\/types\/post"}],"author":[{"embeddable":true,"href":"https:\/\/www.bellunopress.it\/fr\/wp-json\/wp\/v2\/users\/2"}],"replies":[{"embeddable":true,"href":"https:\/\/www.bellunopress.it\/fr\/wp-json\/wp\/v2\/comments?post=170713"}],"version-history":[{"count":2,"href":"https:\/\/www.bellunopress.it\/fr\/wp-json\/wp\/v2\/posts\/170713\/revisions"}],"predecessor-version":[{"id":170716,"href":"https:\/\/www.bellunopress.it\/fr\/wp-json\/wp\/v2\/posts\/170713\/revisions\/170716"}],"wp:featuredmedia":[{"embeddable":true,"href":"https:\/\/www.bellunopress.it\/fr\/wp-json\/wp\/v2\/media\/170714"}],"wp:attachment":[{"href":"https:\/\/www.bellunopress.it\/fr\/wp-json\/wp\/v2\/media?parent=170713"}],"wp:term":[{"taxonomy":"category","embeddable":true,"href":"https:\/\/www.bellunopress.it\/fr\/wp-json\/wp\/v2\/categories?post=170713"},{"taxonomy":"post_tag","embeddable":true,"href":"https:\/\/www.bellunopress.it\/fr\/wp-json\/wp\/v2\/tags?post=170713"}],"curies":[{"name":"wp","href":"https:\/\/api.w.org\/{rel}","templated":true}]}}