{"id":170706,"date":"2026-06-03T18:35:22","date_gmt":"2026-06-03T16:35:22","guid":{"rendered":"https:\/\/www.bellunopress.it\/?p=170706"},"modified":"2026-06-03T18:35:22","modified_gmt":"2026-06-03T16:35:22","slug":"giro-ditalia-women-zampata-di-demi-vollering-a-santo-stefano-di-cadore-van-der-breggen-solida-in-maglia-rosa","status":"publish","type":"post","link":"https:\/\/www.bellunopress.it\/fr\/2026\/06\/03\/giro-ditalia-women-zampata-di-demi-vollering-a-santo-stefano-di-cadore-van-der-breggen-solida-in-maglia-rosa\/","title":{"rendered":"Giro d&#8217;Italia Women: zampata di Demi Vollering a Santo Stefano di Cadore. Van der Breggen solida in Maglia Rosa"},"content":{"rendered":"<p data-path-to-node=\"3\">Santo Stefano di Cadore\u00a0\u2013 Un duello regale sulle strade del Giro d\u2019Italia Women. La quinta tappa, la frazione dolomitica di 146 km partita da Longarone e arrivata a Santo Stefano di Cadore, ha regalato spettacolo puro, confermando i valori delle atlete pi\u00f9 attese in gruppo. A braccia alzate sul traguardo c&#8217;\u00e8 Demi Vollering (FDJ United &#8211; Suez), che conquista cos\u00ec la sua prima, storica vittoria alla corsa rosa, beffando allo sprint la leader della generale Anna Van der Breggen (Team SD Worx &#8211; Protime) e la giovane tedesca Antonia Niedermaier (Canyon\/\/SRAM zondacrypto).<\/p>\n<p data-path-to-node=\"4\">Nonostante la piazza d&#8217;onore, Van der Breggen pu\u00f2 sorridere: la fuoriclasse olandese conserva saldamente sulle spalle la Maglia Rosa, mantenendo un vantaggio di 1&#8217;00&#8221; sulla stessa Vollering.<\/p>\n<h3 data-path-to-node=\"6\">La cronaca della corsa: selezione da lontano<\/h3>\n<p data-path-to-node=\"7\">La Longarone-Santo Stefano di Cadore non ha tradito le attese dei tifosi, rivelandosi una frazione tanto dura quanto spettacolare (media finale di 33.209 km\/h). La selezione tra le big \u00e8 iniziata molto prima del previsto, mandando in frantumi il plotone e lasciando davanti solo le atlete pi\u00f9 in forma.<\/p>\n<p data-path-to-node=\"8\">A decidere la corsa \u00e8 stato il lavoro strategico della FDJ United &#8211; Suez, che ha saputo supportare al meglio la propria capitana nelle fasi calde. Nel finale, il terzetto composto da Vollering, Van der Breggen e Niedermaier ha preso il largo, presentandosi sul rettilineo d&#8217;arrivo per giocarsi il successo. Nello sprint ristretto, Vollering ha piazzato lo spunto vincente, precedendo la Maglia Rosa.<\/p>\n<h3 data-path-to-node=\"10\">Le parole della vincitrice<\/h3>\n<p data-path-to-node=\"11\">Subito dopo il traguardo, una raggiante Demi Vollering ha commentato la sua impresa: <i style=\"color: #111111; font-family: Roboto, sans-serif; font-size: 16px;\" data-path-to-node=\"12,0\" data-index-in-node=\"0\">&#8220;Sono contenta di aver conquistato il mio primo successo al Giro d&#8217;Italia Women. \u00c8 stata una giornata molto dura, con la selezione che \u00e8 avvenuta prima del previsto. Per fortuna avevo con me Lauren Dickson, che ha tenuto il ritmo alto prima del mio scatto. Adesso dobbiamo evitare rischi nelle prossime due frazioni, prima del tappone di sabato&#8221;.<\/i><\/p>\n<h3 data-path-to-node=\"14\">Le classifiche e le maglie ufficiali<\/h3>\n<p data-path-to-node=\"15\">Se la lotta per la generale si fa sempre pi\u00f9 avvincente, la situazione delle maglie di leader (tutte firmate da <i data-path-to-node=\"15\" data-index-in-node=\"112\">Castelli<\/i>) vede stabilit\u00e0 al vertice, con una solida rappresentanza italiana nelle classifiche accessorie.<\/p>\n<ul data-path-to-node=\"16\">\n<li>\n<p data-path-to-node=\"16,0,0\">Maglia Rosa (Generale, sponsor Regina): Anna Van der Breggen (Team SD Worx &#8211; Protime)<\/p>\n<\/li>\n<li>\n<p data-path-to-node=\"16,1,0\">Maglia Rossa (Punti, sponsor ITA Airways): Elisa Balsamo (Lidl-Trek)<\/p>\n<\/li>\n<li>\n<p data-path-to-node=\"16,2,0\">Maglia Azzurra (GPM, sponsor Banca Mediolanum): Anna Van der Breggen (Team SD Worx &#8211; Protime)<\/p>\n<\/li>\n<li>\n<p data-path-to-node=\"16,3,0\">Maglia Bianca (Giovani, sponsor Frantoi Redoro): Isabella Holmgren (Lidl-Trek)<\/p>\n<\/li>\n<\/ul>\n<h4 data-path-to-node=\"17\">Ordine d&#8217;arrivo &#8211; 5\u00aa Tappa<\/h4>\n<ol start=\"1\" data-path-to-node=\"18\">\n<li>\n<p data-path-to-node=\"18,0,0\">Demi Vollering (FDJ United &#8211; Suez) \u2014 4h23&#8217;47&#8221;<\/p>\n<\/li>\n<li>\n<p data-path-to-node=\"18,1,0\">Anna Van der Breggen (Team SD Worx &#8211; Protime) \u2014 s.t.<\/p>\n<\/li>\n<li>\n<p data-path-to-node=\"18,2,0\">Antonia Niedermaier (Canyon\/\/SRAM zondacrypto) \u2014 s.t.<\/p>\n<\/li>\n<\/ol>\n<h4 data-path-to-node=\"19\">Classifica Generale<\/h4>\n<ol start=\"1\" data-path-to-node=\"20\">\n<li>\n<p data-path-to-node=\"20,0,0\">Anna Van der Breggen (Team SD Worx &#8211; Protime)<\/p>\n<\/li>\n<li>\n<p data-path-to-node=\"20,1,0\">Demi Vollering (FDJ United &#8211; Suez) a 1&#8217;00&#8221;<\/p>\n<\/li>\n<li>\n<p data-path-to-node=\"20,2,0\">Antonia Niedermaier (Canyon\/\/SRAM zondacrypto) a 1&#8217;24&#8221;<\/p>\n<\/li>\n<\/ol>\n<p data-path-to-node=\"21\">Il Giro d&#8217;Italia Women entra ora in una fase di gestione tattica per le leader, in attesa del decisivo &#8220;tappone&#8221; di sabato che definir\u00e0 la vincitrice di questa edizione.<\/p>","protected":false},"excerpt":{"rendered":"<p>Santo Stefano di Cadore\u00a0\u2013 Un duello regale sulle strade del Giro d\u2019Italia Women. La quinta tappa, la frazione dolomitica di 146 km partita da Longarone e arrivata a Santo Stefano di Cadore, ha regalato spettacolo puro, confermando i valori delle atlete pi\u00f9 attese in gruppo. A braccia alzate sul traguardo c&#8217;\u00e8 Demi Vollering (FDJ United [&hellip;]<\/p>\n","protected":false},"author":2,"featured_media":170680,"comment_status":"closed","ping_status":"open","sticky":false,"template":"","format":"standard","meta":{"footnotes":""},"categories":[26,4],"tags":[],"class_list":["post-170706","post","type-post","status-publish","format-standard","has-post-thumbnail","category-prima-pagina","category-sport"],"yoast_head":"<!-- This site is optimized with the Yoast SEO plugin v28.4 - https:\/\/yoast.com\/product\/yoast-seo-wordpress\/ -->\n<title>Giro d&#039;Italia Women: zampata di Demi Vollering a Santo Stefano di Cadore. Van der Breggen solida in Maglia Rosa - Bellunopress - Dolomiti<\/title>\n<meta name=\"robots\" content=\"index, follow, max-snippet:-1, max-image-preview:large, max-video-preview:-1\" \/>\n<link rel=\"canonical\" href=\"https:\/\/www.bellunopress.it\/fr\/2026\/06\/03\/giro-ditalia-women-zampata-di-demi-vollering-a-santo-stefano-di-cadore-van-der-breggen-solida-in-maglia-rosa\/\" \/>\n<meta property=\"og:locale\" content=\"fr_FR\" \/>\n<meta property=\"og:type\" content=\"article\" \/>\n<meta property=\"og:title\" content=\"Giro d&#039;Italia Women: zampata di Demi Vollering a Santo Stefano di Cadore. Van der Breggen solida in Maglia Rosa - Bellunopress - Dolomiti\" \/>\n<meta property=\"og:description\" content=\"Santo Stefano di Cadore\u00a0\u2013 Un duello regale sulle strade del Giro d\u2019Italia Women. La quinta tappa, la frazione dolomitica di 146 km partita da Longarone e arrivata a Santo Stefano di Cadore, ha regalato spettacolo puro, confermando i valori delle atlete pi\u00f9 attese in gruppo. A braccia alzate sul traguardo c&#8217;\u00e8 Demi Vollering (FDJ United [&hellip;]\" \/>\n<meta property=\"og:url\" content=\"https:\/\/www.bellunopress.it\/fr\/2026\/06\/03\/giro-ditalia-women-zampata-di-demi-vollering-a-santo-stefano-di-cadore-van-der-breggen-solida-in-maglia-rosa\/\" \/>\n<meta property=\"og:site_name\" content=\"Bellunopress - Dolomiti\" \/>\n<meta property=\"article:publisher\" content=\"https:\/\/www.facebook.com\/profile.php?id=100008943462799\" \/>\n<meta property=\"article:published_time\" content=\"2026-06-03T16:35:22+00:00\" \/>\n<meta property=\"og:image\" content=\"https:\/\/www.bellunopress.it\/wp-content\/uploads\/2026\/06\/Anna-Van-der-Breggen.jpg\" \/>\n\t<meta property=\"og:image:width\" content=\"500\" \/>\n\t<meta property=\"og:image:height\" content=\"415\" \/>\n\t<meta property=\"og:image:type\" content=\"image\/jpeg\" \/>\n<meta name=\"author\" content=\"redazione\" \/>\n<meta name=\"twitter:card\" content=\"summary_large_image\" \/>\n<meta name=\"twitter:creator\" content=\"@bellunopress\" \/>\n<meta name=\"twitter:site\" content=\"@bellunopress\" \/>\n<meta name=\"twitter:label1\" content=\"Written by\" \/>\n\t<meta name=\"twitter:data1\" content=\"redazione\" \/>\n\t<meta name=\"twitter:label2\" content=\"Est. reading time\" \/>\n\t<meta name=\"twitter:data2\" content=\"3 minutes\" \/>\n<script type=\"application\/ld+json\" class=\"yoast-schema-graph\">{\"@context\":\"https:\\\/\\\/schema.org\",\"@graph\":[{\"@type\":\"Article\",\"@id\":\"https:\\\/\\\/www.bellunopress.it\\\/2026\\\/06\\\/03\\\/giro-ditalia-women-zampata-di-demi-vollering-a-santo-stefano-di-cadore-van-der-breggen-solida-in-maglia-rosa\\\/#article\",\"isPartOf\":{\"@id\":\"https:\\\/\\\/www.bellunopress.it\\\/2026\\\/06\\\/03\\\/giro-ditalia-women-zampata-di-demi-vollering-a-santo-stefano-di-cadore-van-der-breggen-solida-in-maglia-rosa\\\/\"},\"author\":{\"name\":\"redazione\",\"@id\":\"https:\\\/\\\/www.bellunopress.it\\\/#\\\/schema\\\/person\\\/79bb06722b37ece1c03d3e94beb30d73\"},\"headline\":\"Giro d&#8217;Italia Women: zampata di Demi Vollering a Santo Stefano di Cadore. Van der Breggen solida in Maglia Rosa\",\"datePublished\":\"2026-06-03T16:35:22+00:00\",\"mainEntityOfPage\":{\"@id\":\"https:\\\/\\\/www.bellunopress.it\\\/2026\\\/06\\\/03\\\/giro-ditalia-women-zampata-di-demi-vollering-a-santo-stefano-di-cadore-van-der-breggen-solida-in-maglia-rosa\\\/\"},\"wordCount\":502,\"publisher\":{\"@id\":\"https:\\\/\\\/www.bellunopress.it\\\/#organization\"},\"image\":{\"@id\":\"https:\\\/\\\/www.bellunopress.it\\\/2026\\\/06\\\/03\\\/giro-ditalia-women-zampata-di-demi-vollering-a-santo-stefano-di-cadore-van-der-breggen-solida-in-maglia-rosa\\\/#primaryimage\"},\"thumbnailUrl\":\"https:\\\/\\\/www.bellunopress.it\\\/wp-content\\\/uploads\\\/2026\\\/06\\\/Anna-Van-der-Breggen.jpg\",\"articleSection\":[\"Prima Pagina\",\"Sport, tempo libero\"],\"inLanguage\":\"fr-FR\"},{\"@type\":\"WebPage\",\"@id\":\"https:\\\/\\\/www.bellunopress.it\\\/2026\\\/06\\\/03\\\/giro-ditalia-women-zampata-di-demi-vollering-a-santo-stefano-di-cadore-van-der-breggen-solida-in-maglia-rosa\\\/\",\"url\":\"https:\\\/\\\/www.bellunopress.it\\\/2026\\\/06\\\/03\\\/giro-ditalia-women-zampata-di-demi-vollering-a-santo-stefano-di-cadore-van-der-breggen-solida-in-maglia-rosa\\\/\",\"name\":\"Giro d'Italia Women: zampata di Demi Vollering a Santo Stefano di Cadore. Van der Breggen solida in Maglia Rosa - Bellunopress - Dolomiti\",\"isPartOf\":{\"@id\":\"https:\\\/\\\/www.bellunopress.it\\\/#website\"},\"primaryImageOfPage\":{\"@id\":\"https:\\\/\\\/www.bellunopress.it\\\/2026\\\/06\\\/03\\\/giro-ditalia-women-zampata-di-demi-vollering-a-santo-stefano-di-cadore-van-der-breggen-solida-in-maglia-rosa\\\/#primaryimage\"},\"image\":{\"@id\":\"https:\\\/\\\/www.bellunopress.it\\\/2026\\\/06\\\/03\\\/giro-ditalia-women-zampata-di-demi-vollering-a-santo-stefano-di-cadore-van-der-breggen-solida-in-maglia-rosa\\\/#primaryimage\"},\"thumbnailUrl\":\"https:\\\/\\\/www.bellunopress.it\\\/wp-content\\\/uploads\\\/2026\\\/06\\\/Anna-Van-der-Breggen.jpg\",\"datePublished\":\"2026-06-03T16:35:22+00:00\",\"breadcrumb\":{\"@id\":\"https:\\\/\\\/www.bellunopress.it\\\/2026\\\/06\\\/03\\\/giro-ditalia-women-zampata-di-demi-vollering-a-santo-stefano-di-cadore-van-der-breggen-solida-in-maglia-rosa\\\/#breadcrumb\"},\"inLanguage\":\"fr-FR\",\"potentialAction\":[{\"@type\":\"ReadAction\",\"target\":[\"https:\\\/\\\/www.bellunopress.it\\\/2026\\\/06\\\/03\\\/giro-ditalia-women-zampata-di-demi-vollering-a-santo-stefano-di-cadore-van-der-breggen-solida-in-maglia-rosa\\\/\"]}]},{\"@type\":\"ImageObject\",\"inLanguage\":\"fr-FR\",\"@id\":\"https:\\\/\\\/www.bellunopress.it\\\/2026\\\/06\\\/03\\\/giro-ditalia-women-zampata-di-demi-vollering-a-santo-stefano-di-cadore-van-der-breggen-solida-in-maglia-rosa\\\/#primaryimage\",\"url\":\"https:\\\/\\\/www.bellunopress.it\\\/wp-content\\\/uploads\\\/2026\\\/06\\\/Anna-Van-der-Breggen.jpg\",\"contentUrl\":\"https:\\\/\\\/www.bellunopress.it\\\/wp-content\\\/uploads\\\/2026\\\/06\\\/Anna-Van-der-Breggen.jpg\",\"width\":500,\"height\":415,\"caption\":\"Anna Van der Breggen\"},{\"@type\":\"BreadcrumbList\",\"@id\":\"https:\\\/\\\/www.bellunopress.it\\\/2026\\\/06\\\/03\\\/giro-ditalia-women-zampata-di-demi-vollering-a-santo-stefano-di-cadore-van-der-breggen-solida-in-maglia-rosa\\\/#breadcrumb\",\"itemListElement\":[{\"@type\":\"ListItem\",\"position\":1,\"name\":\"Home\",\"item\":\"https:\\\/\\\/www.bellunopress.it\\\/\"},{\"@type\":\"ListItem\",\"position\":2,\"name\":\"Giro d&#8217;Italia Women: zampata di Demi Vollering a Santo Stefano di Cadore. Van der Breggen solida in Maglia Rosa\"}]},{\"@type\":\"WebSite\",\"@id\":\"https:\\\/\\\/www.bellunopress.it\\\/#website\",\"url\":\"https:\\\/\\\/www.bellunopress.it\\\/\",\"name\":\"Bellunopress - Dolomiti\",\"description\":\"e-mail: redazione@bellunopress.it\",\"publisher\":{\"@id\":\"https:\\\/\\\/www.bellunopress.it\\\/#organization\"},\"potentialAction\":[{\"@type\":\"SearchAction\",\"target\":{\"@type\":\"EntryPoint\",\"urlTemplate\":\"https:\\\/\\\/www.bellunopress.it\\\/?s={search_term_string}\"},\"query-input\":{\"@type\":\"PropertyValueSpecification\",\"valueRequired\":true,\"valueName\":\"search_term_string\"}}],\"inLanguage\":\"fr-FR\"},{\"@type\":\"Organization\",\"@id\":\"https:\\\/\\\/www.bellunopress.it\\\/#organization\",\"name\":\"Bellunopress\",\"url\":\"https:\\\/\\\/www.bellunopress.it\\\/\",\"logo\":{\"@type\":\"ImageObject\",\"inLanguage\":\"fr-FR\",\"@id\":\"https:\\\/\\\/www.bellunopress.it\\\/#\\\/schema\\\/logo\\\/image\\\/\",\"url\":\"https:\\\/\\\/www.bellunopress.it\\\/wp-content\\\/uploads\\\/2011\\\/05\\\/cropped-logo-bellunopress-.jpg\",\"contentUrl\":\"https:\\\/\\\/www.bellunopress.it\\\/wp-content\\\/uploads\\\/2011\\\/05\\\/cropped-logo-bellunopress-.jpg\",\"width\":512,\"height\":512,\"caption\":\"Bellunopress\"},\"image\":{\"@id\":\"https:\\\/\\\/www.bellunopress.it\\\/#\\\/schema\\\/logo\\\/image\\\/\"},\"sameAs\":[\"https:\\\/\\\/www.facebook.com\\\/profile.php?id=100008943462799\",\"https:\\\/\\\/x.com\\\/bellunopress\",\"https:\\\/\\\/www.linkedin.com\\\/hp\\\/?dnr=JBzUWaJfMUw8vbXJJ2tVW5-I3jZKvC4wsoxE&amp;amp;amp;amp;amp;amp;trk=nav_responsive_tab_home\",\"https:\\\/\\\/www.youtube.com\\\/channel\\\/UCxL0wu1uN0_3_7hGG0306cw\"]},{\"@type\":\"Person\",\"@id\":\"https:\\\/\\\/www.bellunopress.it\\\/#\\\/schema\\\/person\\\/79bb06722b37ece1c03d3e94beb30d73\",\"name\":\"redazione\",\"image\":{\"@type\":\"ImageObject\",\"inLanguage\":\"fr-FR\",\"@id\":\"https:\\\/\\\/secure.gravatar.com\\\/avatar\\\/37d968a2e67a6fd04c169c4bdef102d0bc5d31b2546345219e348575eb80e9a0?s=96&d=mm&r=g\",\"url\":\"https:\\\/\\\/secure.gravatar.com\\\/avatar\\\/37d968a2e67a6fd04c169c4bdef102d0bc5d31b2546345219e348575eb80e9a0?s=96&d=mm&r=g\",\"contentUrl\":\"https:\\\/\\\/secure.gravatar.com\\\/avatar\\\/37d968a2e67a6fd04c169c4bdef102d0bc5d31b2546345219e348575eb80e9a0?s=96&d=mm&r=g\",\"caption\":\"redazione\"},\"sameAs\":[\"http:\\\/\\\/www.bellunopress.it\",\"https:\\\/\\\/x.com\\\/bellunopress\"],\"url\":\"https:\\\/\\\/www.bellunopress.it\\\/fr\\\/author\\\/redazione\\\/\"}]}<\/script>\n<!-- \/ Yoast SEO plugin. -->","yoast_head_json":{"title":"Giro d'Italia Women: zampata di Demi Vollering a Santo Stefano di Cadore. Van der Breggen solida in Maglia Rosa - Bellunopress - Dolomiti","robots":{"index":"index","follow":"follow","max-snippet":"max-snippet:-1","max-image-preview":"max-image-preview:large","max-video-preview":"max-video-preview:-1"},"canonical":"https:\/\/www.bellunopress.it\/fr\/2026\/06\/03\/giro-ditalia-women-zampata-di-demi-vollering-a-santo-stefano-di-cadore-van-der-breggen-solida-in-maglia-rosa\/","og_locale":"fr_FR","og_type":"article","og_title":"Giro d'Italia Women: zampata di Demi Vollering a Santo Stefano di Cadore. Van der Breggen solida in Maglia Rosa - Bellunopress - Dolomiti","og_description":"Santo Stefano di Cadore\u00a0\u2013 Un duello regale sulle strade del Giro d\u2019Italia Women. La quinta tappa, la frazione dolomitica di 146 km partita da Longarone e arrivata a Santo Stefano di Cadore, ha regalato spettacolo puro, confermando i valori delle atlete pi\u00f9 attese in gruppo. A braccia alzate sul traguardo c&#8217;\u00e8 Demi Vollering (FDJ United [&hellip;]","og_url":"https:\/\/www.bellunopress.it\/fr\/2026\/06\/03\/giro-ditalia-women-zampata-di-demi-vollering-a-santo-stefano-di-cadore-van-der-breggen-solida-in-maglia-rosa\/","og_site_name":"Bellunopress - Dolomiti","article_publisher":"https:\/\/www.facebook.com\/profile.php?id=100008943462799","article_published_time":"2026-06-03T16:35:22+00:00","og_image":[{"width":500,"height":415,"url":"https:\/\/www.bellunopress.it\/wp-content\/uploads\/2026\/06\/Anna-Van-der-Breggen.jpg","type":"image\/jpeg"}],"author":"redazione","twitter_card":"summary_large_image","twitter_creator":"@bellunopress","twitter_site":"@bellunopress","twitter_misc":{"Written by":"redazione","Est. reading time":"3 minutes"},"schema":{"@context":"https:\/\/schema.org","@graph":[{"@type":"Article","@id":"https:\/\/www.bellunopress.it\/2026\/06\/03\/giro-ditalia-women-zampata-di-demi-vollering-a-santo-stefano-di-cadore-van-der-breggen-solida-in-maglia-rosa\/#article","isPartOf":{"@id":"https:\/\/www.bellunopress.it\/2026\/06\/03\/giro-ditalia-women-zampata-di-demi-vollering-a-santo-stefano-di-cadore-van-der-breggen-solida-in-maglia-rosa\/"},"author":{"name":"redazione","@id":"https:\/\/www.bellunopress.it\/#\/schema\/person\/79bb06722b37ece1c03d3e94beb30d73"},"headline":"Giro d&#8217;Italia Women: zampata di Demi Vollering a Santo Stefano di Cadore. Van der Breggen solida in Maglia Rosa","datePublished":"2026-06-03T16:35:22+00:00","mainEntityOfPage":{"@id":"https:\/\/www.bellunopress.it\/2026\/06\/03\/giro-ditalia-women-zampata-di-demi-vollering-a-santo-stefano-di-cadore-van-der-breggen-solida-in-maglia-rosa\/"},"wordCount":502,"publisher":{"@id":"https:\/\/www.bellunopress.it\/#organization"},"image":{"@id":"https:\/\/www.bellunopress.it\/2026\/06\/03\/giro-ditalia-women-zampata-di-demi-vollering-a-santo-stefano-di-cadore-van-der-breggen-solida-in-maglia-rosa\/#primaryimage"},"thumbnailUrl":"https:\/\/www.bellunopress.it\/wp-content\/uploads\/2026\/06\/Anna-Van-der-Breggen.jpg","articleSection":["Prima Pagina","Sport, tempo libero"],"inLanguage":"fr-FR"},{"@type":"WebPage","@id":"https:\/\/www.bellunopress.it\/2026\/06\/03\/giro-ditalia-women-zampata-di-demi-vollering-a-santo-stefano-di-cadore-van-der-breggen-solida-in-maglia-rosa\/","url":"https:\/\/www.bellunopress.it\/2026\/06\/03\/giro-ditalia-women-zampata-di-demi-vollering-a-santo-stefano-di-cadore-van-der-breggen-solida-in-maglia-rosa\/","name":"Giro d'Italia Women: zampata di Demi Vollering a Santo Stefano di Cadore. Van der Breggen solida in Maglia Rosa - Bellunopress - Dolomiti","isPartOf":{"@id":"https:\/\/www.bellunopress.it\/#website"},"primaryImageOfPage":{"@id":"https:\/\/www.bellunopress.it\/2026\/06\/03\/giro-ditalia-women-zampata-di-demi-vollering-a-santo-stefano-di-cadore-van-der-breggen-solida-in-maglia-rosa\/#primaryimage"},"image":{"@id":"https:\/\/www.bellunopress.it\/2026\/06\/03\/giro-ditalia-women-zampata-di-demi-vollering-a-santo-stefano-di-cadore-van-der-breggen-solida-in-maglia-rosa\/#primaryimage"},"thumbnailUrl":"https:\/\/www.bellunopress.it\/wp-content\/uploads\/2026\/06\/Anna-Van-der-Breggen.jpg","datePublished":"2026-06-03T16:35:22+00:00","breadcrumb":{"@id":"https:\/\/www.bellunopress.it\/2026\/06\/03\/giro-ditalia-women-zampata-di-demi-vollering-a-santo-stefano-di-cadore-van-der-breggen-solida-in-maglia-rosa\/#breadcrumb"},"inLanguage":"fr-FR","potentialAction":[{"@type":"ReadAction","target":["https:\/\/www.bellunopress.it\/2026\/06\/03\/giro-ditalia-women-zampata-di-demi-vollering-a-santo-stefano-di-cadore-van-der-breggen-solida-in-maglia-rosa\/"]}]},{"@type":"ImageObject","inLanguage":"fr-FR","@id":"https:\/\/www.bellunopress.it\/2026\/06\/03\/giro-ditalia-women-zampata-di-demi-vollering-a-santo-stefano-di-cadore-van-der-breggen-solida-in-maglia-rosa\/#primaryimage","url":"https:\/\/www.bellunopress.it\/wp-content\/uploads\/2026\/06\/Anna-Van-der-Breggen.jpg","contentUrl":"https:\/\/www.bellunopress.it\/wp-content\/uploads\/2026\/06\/Anna-Van-der-Breggen.jpg","width":500,"height":415,"caption":"Anna Van der Breggen"},{"@type":"BreadcrumbList","@id":"https:\/\/www.bellunopress.it\/2026\/06\/03\/giro-ditalia-women-zampata-di-demi-vollering-a-santo-stefano-di-cadore-van-der-breggen-solida-in-maglia-rosa\/#breadcrumb","itemListElement":[{"@type":"ListItem","position":1,"name":"Home","item":"https:\/\/www.bellunopress.it\/"},{"@type":"ListItem","position":2,"name":"Giro d&#8217;Italia Women: zampata di Demi Vollering a Santo Stefano di Cadore. Van der Breggen solida in Maglia Rosa"}]},{"@type":"WebSite","@id":"https:\/\/www.bellunopress.it\/#website","url":"https:\/\/www.bellunopress.it\/","name":"Bellunopress - Dolomiti","description":"e-mail: redazione@bellunopress.it","publisher":{"@id":"https:\/\/www.bellunopress.it\/#organization"},"potentialAction":[{"@type":"SearchAction","target":{"@type":"EntryPoint","urlTemplate":"https:\/\/www.bellunopress.it\/?s={search_term_string}"},"query-input":{"@type":"PropertyValueSpecification","valueRequired":true,"valueName":"search_term_string"}}],"inLanguage":"fr-FR"},{"@type":"Organization","@id":"https:\/\/www.bellunopress.it\/#organization","name":"Bellunopress","url":"https:\/\/www.bellunopress.it\/","logo":{"@type":"ImageObject","inLanguage":"fr-FR","@id":"https:\/\/www.bellunopress.it\/#\/schema\/logo\/image\/","url":"https:\/\/www.bellunopress.it\/wp-content\/uploads\/2011\/05\/cropped-logo-bellunopress-.jpg","contentUrl":"https:\/\/www.bellunopress.it\/wp-content\/uploads\/2011\/05\/cropped-logo-bellunopress-.jpg","width":512,"height":512,"caption":"Bellunopress"},"image":{"@id":"https:\/\/www.bellunopress.it\/#\/schema\/logo\/image\/"},"sameAs":["https:\/\/www.facebook.com\/profile.php?id=100008943462799","https:\/\/x.com\/bellunopress","https:\/\/www.linkedin.com\/hp\/?dnr=JBzUWaJfMUw8vbXJJ2tVW5-I3jZKvC4wsoxE&amp;amp;amp;amp;amp;amp;trk=nav_responsive_tab_home","https:\/\/www.youtube.com\/channel\/UCxL0wu1uN0_3_7hGG0306cw"]},{"@type":"Person","@id":"https:\/\/www.bellunopress.it\/#\/schema\/person\/79bb06722b37ece1c03d3e94beb30d73","name":"r\u00e9daction","image":{"@type":"ImageObject","inLanguage":"fr-FR","@id":"https:\/\/secure.gravatar.com\/avatar\/37d968a2e67a6fd04c169c4bdef102d0bc5d31b2546345219e348575eb80e9a0?s=96&d=mm&r=g","url":"https:\/\/secure.gravatar.com\/avatar\/37d968a2e67a6fd04c169c4bdef102d0bc5d31b2546345219e348575eb80e9a0?s=96&d=mm&r=g","contentUrl":"https:\/\/secure.gravatar.com\/avatar\/37d968a2e67a6fd04c169c4bdef102d0bc5d31b2546345219e348575eb80e9a0?s=96&d=mm&r=g","caption":"redazione"},"sameAs":["http:\/\/www.bellunopress.it","https:\/\/x.com\/bellunopress"],"url":"https:\/\/www.bellunopress.it\/fr\/author\/redazione\/"}]}},"_links":{"self":[{"href":"https:\/\/www.bellunopress.it\/fr\/wp-json\/wp\/v2\/posts\/170706","targetHints":{"allow":["GET"]}}],"collection":[{"href":"https:\/\/www.bellunopress.it\/fr\/wp-json\/wp\/v2\/posts"}],"about":[{"href":"https:\/\/www.bellunopress.it\/fr\/wp-json\/wp\/v2\/types\/post"}],"author":[{"embeddable":true,"href":"https:\/\/www.bellunopress.it\/fr\/wp-json\/wp\/v2\/users\/2"}],"replies":[{"embeddable":true,"href":"https:\/\/www.bellunopress.it\/fr\/wp-json\/wp\/v2\/comments?post=170706"}],"version-history":[{"count":1,"href":"https:\/\/www.bellunopress.it\/fr\/wp-json\/wp\/v2\/posts\/170706\/revisions"}],"predecessor-version":[{"id":170707,"href":"https:\/\/www.bellunopress.it\/fr\/wp-json\/wp\/v2\/posts\/170706\/revisions\/170707"}],"wp:featuredmedia":[{"embeddable":true,"href":"https:\/\/www.bellunopress.it\/fr\/wp-json\/wp\/v2\/media\/170680"}],"wp:attachment":[{"href":"https:\/\/www.bellunopress.it\/fr\/wp-json\/wp\/v2\/media?parent=170706"}],"wp:term":[{"taxonomy":"category","embeddable":true,"href":"https:\/\/www.bellunopress.it\/fr\/wp-json\/wp\/v2\/categories?post=170706"},{"taxonomy":"post_tag","embeddable":true,"href":"https:\/\/www.bellunopress.it\/fr\/wp-json\/wp\/v2\/tags?post=170706"}],"curies":[{"name":"wp","href":"https:\/\/api.w.org\/{rel}","templated":true}]}}