{"id":170698,"date":"2026-06-03T12:44:04","date_gmt":"2026-06-03T10:44:04","guid":{"rendered":"https:\/\/www.bellunopress.it\/?p=170698"},"modified":"2026-06-03T12:44:04","modified_gmt":"2026-06-03T10:44:04","slug":"teimat-festival-al-via-un-viaggio-di-tre-giorni-tra-le-vette-a-borca-di-cadore","status":"publish","type":"post","link":"https:\/\/www.bellunopress.it\/fr\/2026\/06\/03\/teimat-festival-al-via-un-viaggio-di-tre-giorni-tra-le-vette-a-borca-di-cadore\/","title":{"rendered":"Teimat Festival al via. Un viaggio di tre giorni tra le vette a Borca di Cadore"},"content":{"rendered":"<p><strong>Dal 5 al 7 giugno, l\u2019ex Villaggio ENI si trasforma in un palcoscenico diffuso: dagli Zu ai pennines (UK), tre giorni di musica alternativa, cinema e natura nel cuore delle Dolomiti.<\/strong><\/p>\n<p>Borca di Cadore (BL) \u2013 Il conto alla rovescia \u00e8 iniziato: dal 5 al 7 giugno 2026 torna TEIMAT Festival, l\u2019appuntamento che porta musica alternativa, cinema, architettura e natura negli spazi visionari dell\u2019ex Villaggio ENI di Borca di Cadore.<br \/>\nA pochi giorni dall\u2019apertura, il festival si prepara a trasformare ancora una volta uno dei luoghi pi\u00f9 affascinanti delle Dolomiti in un\u2019esperienza collettiva e immersiva, dove l\u2019architettura organica di Edoardo Gellner dialoga con il paesaggio, la ricerca sonora e la memoria di un\u2019utopia sociale ancora oggi sorprendentemente attuale.<\/p>\n<p>L\u2019edizione 2026 si aprir\u00e0 ufficialmente venerd\u00ec 5 giugno, alle ore 18:00, nella Sala Conferenze dell\u2019Hotel Boite, con un appuntamento a ingresso gratuito dedicato al rapporto tra cinema e architettura. La serata inaugurale sar\u00e0 un omaggio alla visione d\u2019avanguardia di Enrico Mattei ed Edoardo Gellner, due figure che hanno immaginato e realizzato a Borca di Cadore un modello unico di relazione tra impresa, comunit\u00e0, paesaggio e innovazione sociale.<\/p>\n<p>Al centro dell\u2019incontro ci sar\u00e0 la presentazione della Collana Edoardo Gellner architetto, curata da Roberto Dulio, docente di Storia dell\u2019Architettura al Politecnico di Milano e voce autorevole della storiografia contemporanea. A seguire, il pubblico potr\u00e0 assistere alla proiezione del documentario \u201cVillaggio Eni. Un piacevole soggiorno nel futuro\u201d di Davide Maffei, regista e documentarista che da oltre dieci anni indaga il legame tra grande architettura d\u2019impresa e innovazione sociale.<br \/>\nSaranno presenti gli autori Roberto Dulio e Davide Maffei, insieme a Francesco Accardo, General Manager di Corte delle Dolomiti. A moderare l\u2019incontro sar\u00e0 Alessandro Carpana della Pro Loco Borca di Cadore. Un\u2019occasione preziosa per riscoprire, attraverso libri, immagini d\u2019archivio e linguaggio documentaristico, l\u2019eredit\u00e0 culturale del Villaggio ENI e la sua forza di progetto sociale ancora viva nel presente del territorio.<\/p>\n<p>Sabato 6 giugno il festival entrer\u00e0 nel vivo con la giornata musicale alla Palestra del Villaggio, dove dalle ore 18:00 prender\u00e0 forma una maratona sonora senza confini. Sul palco saliranno gli Zu, pronti a presentare il nuovo album \u201cFerrum Sidereum\u201d, accanto a nomi di culto della scena nazionale e internazionale: gli inglesi pennines, gli Spiritual Front, gli A\/lpaca, Klimt1918, Bleeding Eyes, Milo e The Frog. La serata si chiuder\u00e0 con il dj set di Notte delle Tigri.<\/p>\n<p>Il gran finale \u00e8 previsto per domenica 7 giugno, alle ore 12:00, con ingresso gratuito presso la Gellner Lounge dell\u2019Hotel Boite. Un momento pi\u00f9 intimo e raccolto, affidato ai set acustici di Phill Reynolds, Andrea Andrillo e Sido, pensato come saluto musicale alle Dolomiti: una decompressione sonora tra musica d\u2019autore, silenzio e paesaggio.<br \/>\nCi sono diverse modalit\u00e0 per vivere l\u2019evento: dal ticket singolo per la giornata di sabato ai pacchetti speciali con pernottamento presso l\u2019Hotel Boite, fino all\u2019esperienza del campeggio nel bosco del Villaggio, disponibile esclusivamente per la notte di sabato 6 giugno.<\/p>\n<p>Il TEIMAT Festival \u00e8 organizzato grazie al supporto della Regione del Veneto, del Comune di Borca di Cadore e del Ministero della Cultura \u2013 Direzione generale Biblioteche e istituti culturali.<br \/>\nPer acquistare i biglietti biglietti per sabato 6 giugno e per maggiori info: https:\/\/teimatfest.it\/<br \/>\nAnche quest\u2019anno l\u2019hospitality partner \u00e8 l\u2019Hotel Boite. Per alloggiare durante il festival \u00e8 possibile scrivere a info@hotelboite.it<\/p>","protected":false},"excerpt":{"rendered":"<p>Dal 5 al 7 giugno, l\u2019ex Villaggio ENI si trasforma in un palcoscenico diffuso: dagli Zu ai pennines (UK), tre giorni di musica alternativa, cinema e natura nel cuore delle Dolomiti. Borca di Cadore (BL) \u2013 Il conto alla rovescia \u00e8 iniziato: dal 5 al 7 giugno 2026 torna TEIMAT Festival, l\u2019appuntamento che porta musica [&hellip;]<\/p>\n","protected":false},"author":2,"featured_media":146357,"comment_status":"closed","ping_status":"open","sticky":false,"template":"","format":"standard","meta":{"footnotes":""},"categories":[27,4],"tags":[],"class_list":["post-170698","post","type-post","status-publish","format-standard","has-post-thumbnail","category-appuntamenti","category-sport"],"yoast_head":"<!-- This site is optimized with the Yoast SEO plugin v28.4 - https:\/\/yoast.com\/product\/yoast-seo-wordpress\/ -->\n<title>Teimat Festival al via. Un viaggio di tre giorni tra le vette a Borca di Cadore - Bellunopress - Dolomiti<\/title>\n<meta name=\"robots\" content=\"index, follow, max-snippet:-1, max-image-preview:large, max-video-preview:-1\" \/>\n<link rel=\"canonical\" href=\"https:\/\/www.bellunopress.it\/fr\/2026\/06\/03\/teimat-festival-al-via-un-viaggio-di-tre-giorni-tra-le-vette-a-borca-di-cadore\/\" \/>\n<meta property=\"og:locale\" content=\"fr_FR\" \/>\n<meta property=\"og:type\" content=\"article\" \/>\n<meta property=\"og:title\" content=\"Teimat Festival al via. Un viaggio di tre giorni tra le vette a Borca di Cadore - Bellunopress - Dolomiti\" \/>\n<meta property=\"og:description\" content=\"Dal 5 al 7 giugno, l\u2019ex Villaggio ENI si trasforma in un palcoscenico diffuso: dagli Zu ai pennines (UK), tre giorni di musica alternativa, cinema e natura nel cuore delle Dolomiti. Borca di Cadore (BL) \u2013 Il conto alla rovescia \u00e8 iniziato: dal 5 al 7 giugno 2026 torna TEIMAT Festival, l\u2019appuntamento che porta musica [&hellip;]\" \/>\n<meta property=\"og:url\" content=\"https:\/\/www.bellunopress.it\/fr\/2026\/06\/03\/teimat-festival-al-via-un-viaggio-di-tre-giorni-tra-le-vette-a-borca-di-cadore\/\" \/>\n<meta property=\"og:site_name\" content=\"Bellunopress - Dolomiti\" \/>\n<meta property=\"article:publisher\" content=\"https:\/\/www.facebook.com\/profile.php?id=100008943462799\" \/>\n<meta property=\"article:published_time\" content=\"2026-06-03T10:44:04+00:00\" \/>\n<meta property=\"og:image\" content=\"https:\/\/www.bellunopress.it\/wp-content\/uploads\/2023\/12\/Hotel-Boite_edited.jpg\" \/>\n\t<meta property=\"og:image:width\" content=\"1000\" \/>\n\t<meta property=\"og:image:height\" content=\"589\" \/>\n\t<meta property=\"og:image:type\" content=\"image\/jpeg\" \/>\n<meta name=\"author\" content=\"redazione\" \/>\n<meta name=\"twitter:card\" content=\"summary_large_image\" \/>\n<meta name=\"twitter:creator\" content=\"@bellunopress\" \/>\n<meta name=\"twitter:site\" content=\"@bellunopress\" \/>\n<meta name=\"twitter:label1\" content=\"\u00c9crit par\" \/>\n\t<meta name=\"twitter:data1\" content=\"redazione\" \/>\n\t<meta name=\"twitter:label2\" content=\"Dur\u00e9e de lecture estim\u00e9e\" \/>\n\t<meta name=\"twitter:data2\" content=\"4 minutes\" \/>\n<script type=\"application\/ld+json\" class=\"yoast-schema-graph\">{\"@context\":\"https:\\\/\\\/schema.org\",\"@graph\":[{\"@type\":\"Article\",\"@id\":\"https:\\\/\\\/www.bellunopress.it\\\/2026\\\/06\\\/03\\\/teimat-festival-al-via-un-viaggio-di-tre-giorni-tra-le-vette-a-borca-di-cadore\\\/#article\",\"isPartOf\":{\"@id\":\"https:\\\/\\\/www.bellunopress.it\\\/2026\\\/06\\\/03\\\/teimat-festival-al-via-un-viaggio-di-tre-giorni-tra-le-vette-a-borca-di-cadore\\\/\"},\"author\":{\"name\":\"redazione\",\"@id\":\"https:\\\/\\\/www.bellunopress.it\\\/#\\\/schema\\\/person\\\/79bb06722b37ece1c03d3e94beb30d73\"},\"headline\":\"Teimat Festival al via. Un viaggio di tre giorni tra le vette a Borca di Cadore\",\"datePublished\":\"2026-06-03T10:44:04+00:00\",\"mainEntityOfPage\":{\"@id\":\"https:\\\/\\\/www.bellunopress.it\\\/2026\\\/06\\\/03\\\/teimat-festival-al-via-un-viaggio-di-tre-giorni-tra-le-vette-a-borca-di-cadore\\\/\"},\"wordCount\":569,\"publisher\":{\"@id\":\"https:\\\/\\\/www.bellunopress.it\\\/#organization\"},\"image\":{\"@id\":\"https:\\\/\\\/www.bellunopress.it\\\/2026\\\/06\\\/03\\\/teimat-festival-al-via-un-viaggio-di-tre-giorni-tra-le-vette-a-borca-di-cadore\\\/#primaryimage\"},\"thumbnailUrl\":\"https:\\\/\\\/www.bellunopress.it\\\/wp-content\\\/uploads\\\/2023\\\/12\\\/Hotel-Boite_edited.jpg\",\"articleSection\":[\"Appuntamenti, Eventi\",\"Sport, tempo libero\"],\"inLanguage\":\"fr-FR\"},{\"@type\":\"WebPage\",\"@id\":\"https:\\\/\\\/www.bellunopress.it\\\/2026\\\/06\\\/03\\\/teimat-festival-al-via-un-viaggio-di-tre-giorni-tra-le-vette-a-borca-di-cadore\\\/\",\"url\":\"https:\\\/\\\/www.bellunopress.it\\\/2026\\\/06\\\/03\\\/teimat-festival-al-via-un-viaggio-di-tre-giorni-tra-le-vette-a-borca-di-cadore\\\/\",\"name\":\"Teimat Festival al via. Un viaggio di tre giorni tra le vette a Borca di Cadore - Bellunopress - Dolomiti\",\"isPartOf\":{\"@id\":\"https:\\\/\\\/www.bellunopress.it\\\/#website\"},\"primaryImageOfPage\":{\"@id\":\"https:\\\/\\\/www.bellunopress.it\\\/2026\\\/06\\\/03\\\/teimat-festival-al-via-un-viaggio-di-tre-giorni-tra-le-vette-a-borca-di-cadore\\\/#primaryimage\"},\"image\":{\"@id\":\"https:\\\/\\\/www.bellunopress.it\\\/2026\\\/06\\\/03\\\/teimat-festival-al-via-un-viaggio-di-tre-giorni-tra-le-vette-a-borca-di-cadore\\\/#primaryimage\"},\"thumbnailUrl\":\"https:\\\/\\\/www.bellunopress.it\\\/wp-content\\\/uploads\\\/2023\\\/12\\\/Hotel-Boite_edited.jpg\",\"datePublished\":\"2026-06-03T10:44:04+00:00\",\"breadcrumb\":{\"@id\":\"https:\\\/\\\/www.bellunopress.it\\\/2026\\\/06\\\/03\\\/teimat-festival-al-via-un-viaggio-di-tre-giorni-tra-le-vette-a-borca-di-cadore\\\/#breadcrumb\"},\"inLanguage\":\"fr-FR\",\"potentialAction\":[{\"@type\":\"ReadAction\",\"target\":[\"https:\\\/\\\/www.bellunopress.it\\\/2026\\\/06\\\/03\\\/teimat-festival-al-via-un-viaggio-di-tre-giorni-tra-le-vette-a-borca-di-cadore\\\/\"]}]},{\"@type\":\"ImageObject\",\"inLanguage\":\"fr-FR\",\"@id\":\"https:\\\/\\\/www.bellunopress.it\\\/2026\\\/06\\\/03\\\/teimat-festival-al-via-un-viaggio-di-tre-giorni-tra-le-vette-a-borca-di-cadore\\\/#primaryimage\",\"url\":\"https:\\\/\\\/www.bellunopress.it\\\/wp-content\\\/uploads\\\/2023\\\/12\\\/Hotel-Boite_edited.jpg\",\"contentUrl\":\"https:\\\/\\\/www.bellunopress.it\\\/wp-content\\\/uploads\\\/2023\\\/12\\\/Hotel-Boite_edited.jpg\",\"width\":1000,\"height\":589,\"caption\":\"Hotel Boite di Borca di Cadore\"},{\"@type\":\"BreadcrumbList\",\"@id\":\"https:\\\/\\\/www.bellunopress.it\\\/2026\\\/06\\\/03\\\/teimat-festival-al-via-un-viaggio-di-tre-giorni-tra-le-vette-a-borca-di-cadore\\\/#breadcrumb\",\"itemListElement\":[{\"@type\":\"ListItem\",\"position\":1,\"name\":\"Home\",\"item\":\"https:\\\/\\\/www.bellunopress.it\\\/\"},{\"@type\":\"ListItem\",\"position\":2,\"name\":\"Teimat Festival al via. Un viaggio di tre giorni tra le vette a Borca di Cadore\"}]},{\"@type\":\"WebSite\",\"@id\":\"https:\\\/\\\/www.bellunopress.it\\\/#website\",\"url\":\"https:\\\/\\\/www.bellunopress.it\\\/\",\"name\":\"Bellunopress - Dolomiti\",\"description\":\"e-mail: redazione@bellunopress.it\",\"publisher\":{\"@id\":\"https:\\\/\\\/www.bellunopress.it\\\/#organization\"},\"potentialAction\":[{\"@type\":\"SearchAction\",\"target\":{\"@type\":\"EntryPoint\",\"urlTemplate\":\"https:\\\/\\\/www.bellunopress.it\\\/?s={search_term_string}\"},\"query-input\":{\"@type\":\"PropertyValueSpecification\",\"valueRequired\":true,\"valueName\":\"search_term_string\"}}],\"inLanguage\":\"fr-FR\"},{\"@type\":\"Organization\",\"@id\":\"https:\\\/\\\/www.bellunopress.it\\\/#organization\",\"name\":\"Bellunopress\",\"url\":\"https:\\\/\\\/www.bellunopress.it\\\/\",\"logo\":{\"@type\":\"ImageObject\",\"inLanguage\":\"fr-FR\",\"@id\":\"https:\\\/\\\/www.bellunopress.it\\\/#\\\/schema\\\/logo\\\/image\\\/\",\"url\":\"https:\\\/\\\/www.bellunopress.it\\\/wp-content\\\/uploads\\\/2011\\\/05\\\/cropped-logo-bellunopress-.jpg\",\"contentUrl\":\"https:\\\/\\\/www.bellunopress.it\\\/wp-content\\\/uploads\\\/2011\\\/05\\\/cropped-logo-bellunopress-.jpg\",\"width\":512,\"height\":512,\"caption\":\"Bellunopress\"},\"image\":{\"@id\":\"https:\\\/\\\/www.bellunopress.it\\\/#\\\/schema\\\/logo\\\/image\\\/\"},\"sameAs\":[\"https:\\\/\\\/www.facebook.com\\\/profile.php?id=100008943462799\",\"https:\\\/\\\/x.com\\\/bellunopress\",\"https:\\\/\\\/www.linkedin.com\\\/hp\\\/?dnr=JBzUWaJfMUw8vbXJJ2tVW5-I3jZKvC4wsoxE&amp;amp;amp;amp;amp;amp;trk=nav_responsive_tab_home\",\"https:\\\/\\\/www.youtube.com\\\/channel\\\/UCxL0wu1uN0_3_7hGG0306cw\"]},{\"@type\":\"Person\",\"@id\":\"https:\\\/\\\/www.bellunopress.it\\\/#\\\/schema\\\/person\\\/79bb06722b37ece1c03d3e94beb30d73\",\"name\":\"redazione\",\"image\":{\"@type\":\"ImageObject\",\"inLanguage\":\"fr-FR\",\"@id\":\"https:\\\/\\\/secure.gravatar.com\\\/avatar\\\/37d968a2e67a6fd04c169c4bdef102d0bc5d31b2546345219e348575eb80e9a0?s=96&d=mm&r=g\",\"url\":\"https:\\\/\\\/secure.gravatar.com\\\/avatar\\\/37d968a2e67a6fd04c169c4bdef102d0bc5d31b2546345219e348575eb80e9a0?s=96&d=mm&r=g\",\"contentUrl\":\"https:\\\/\\\/secure.gravatar.com\\\/avatar\\\/37d968a2e67a6fd04c169c4bdef102d0bc5d31b2546345219e348575eb80e9a0?s=96&d=mm&r=g\",\"caption\":\"redazione\"},\"sameAs\":[\"http:\\\/\\\/www.bellunopress.it\",\"https:\\\/\\\/x.com\\\/bellunopress\"],\"url\":\"https:\\\/\\\/www.bellunopress.it\\\/fr\\\/author\\\/redazione\\\/\"}]}<\/script>\n<!-- \/ Yoast SEO plugin. -->","yoast_head_json":{"title":"Teimat Festival al via. Un viaggio di tre giorni tra le vette a Borca di Cadore - Bellunopress - Dolomiti","robots":{"index":"index","follow":"follow","max-snippet":"max-snippet:-1","max-image-preview":"max-image-preview:large","max-video-preview":"max-video-preview:-1"},"canonical":"https:\/\/www.bellunopress.it\/fr\/2026\/06\/03\/teimat-festival-al-via-un-viaggio-di-tre-giorni-tra-le-vette-a-borca-di-cadore\/","og_locale":"fr_FR","og_type":"article","og_title":"Teimat Festival al via. Un viaggio di tre giorni tra le vette a Borca di Cadore - Bellunopress - Dolomiti","og_description":"Dal 5 al 7 giugno, l\u2019ex Villaggio ENI si trasforma in un palcoscenico diffuso: dagli Zu ai pennines (UK), tre giorni di musica alternativa, cinema e natura nel cuore delle Dolomiti. Borca di Cadore (BL) \u2013 Il conto alla rovescia \u00e8 iniziato: dal 5 al 7 giugno 2026 torna TEIMAT Festival, l\u2019appuntamento che porta musica [&hellip;]","og_url":"https:\/\/www.bellunopress.it\/fr\/2026\/06\/03\/teimat-festival-al-via-un-viaggio-di-tre-giorni-tra-le-vette-a-borca-di-cadore\/","og_site_name":"Bellunopress - Dolomiti","article_publisher":"https:\/\/www.facebook.com\/profile.php?id=100008943462799","article_published_time":"2026-06-03T10:44:04+00:00","og_image":[{"width":1000,"height":589,"url":"https:\/\/www.bellunopress.it\/wp-content\/uploads\/2023\/12\/Hotel-Boite_edited.jpg","type":"image\/jpeg"}],"author":"redazione","twitter_card":"summary_large_image","twitter_creator":"@bellunopress","twitter_site":"@bellunopress","twitter_misc":{"\u00c9crit par":"redazione","Dur\u00e9e de lecture estim\u00e9e":"4 minutes"},"schema":{"@context":"https:\/\/schema.org","@graph":[{"@type":"Article","@id":"https:\/\/www.bellunopress.it\/2026\/06\/03\/teimat-festival-al-via-un-viaggio-di-tre-giorni-tra-le-vette-a-borca-di-cadore\/#article","isPartOf":{"@id":"https:\/\/www.bellunopress.it\/2026\/06\/03\/teimat-festival-al-via-un-viaggio-di-tre-giorni-tra-le-vette-a-borca-di-cadore\/"},"author":{"name":"redazione","@id":"https:\/\/www.bellunopress.it\/#\/schema\/person\/79bb06722b37ece1c03d3e94beb30d73"},"headline":"Teimat Festival al via. Un viaggio di tre giorni tra le vette a Borca di Cadore","datePublished":"2026-06-03T10:44:04+00:00","mainEntityOfPage":{"@id":"https:\/\/www.bellunopress.it\/2026\/06\/03\/teimat-festival-al-via-un-viaggio-di-tre-giorni-tra-le-vette-a-borca-di-cadore\/"},"wordCount":569,"publisher":{"@id":"https:\/\/www.bellunopress.it\/#organization"},"image":{"@id":"https:\/\/www.bellunopress.it\/2026\/06\/03\/teimat-festival-al-via-un-viaggio-di-tre-giorni-tra-le-vette-a-borca-di-cadore\/#primaryimage"},"thumbnailUrl":"https:\/\/www.bellunopress.it\/wp-content\/uploads\/2023\/12\/Hotel-Boite_edited.jpg","articleSection":["Appuntamenti, Eventi","Sport, tempo libero"],"inLanguage":"fr-FR"},{"@type":"WebPage","@id":"https:\/\/www.bellunopress.it\/2026\/06\/03\/teimat-festival-al-via-un-viaggio-di-tre-giorni-tra-le-vette-a-borca-di-cadore\/","url":"https:\/\/www.bellunopress.it\/2026\/06\/03\/teimat-festival-al-via-un-viaggio-di-tre-giorni-tra-le-vette-a-borca-di-cadore\/","name":"Teimat Festival al via. Un viaggio di tre giorni tra le vette a Borca di Cadore - Bellunopress - Dolomiti","isPartOf":{"@id":"https:\/\/www.bellunopress.it\/#website"},"primaryImageOfPage":{"@id":"https:\/\/www.bellunopress.it\/2026\/06\/03\/teimat-festival-al-via-un-viaggio-di-tre-giorni-tra-le-vette-a-borca-di-cadore\/#primaryimage"},"image":{"@id":"https:\/\/www.bellunopress.it\/2026\/06\/03\/teimat-festival-al-via-un-viaggio-di-tre-giorni-tra-le-vette-a-borca-di-cadore\/#primaryimage"},"thumbnailUrl":"https:\/\/www.bellunopress.it\/wp-content\/uploads\/2023\/12\/Hotel-Boite_edited.jpg","datePublished":"2026-06-03T10:44:04+00:00","breadcrumb":{"@id":"https:\/\/www.bellunopress.it\/2026\/06\/03\/teimat-festival-al-via-un-viaggio-di-tre-giorni-tra-le-vette-a-borca-di-cadore\/#breadcrumb"},"inLanguage":"fr-FR","potentialAction":[{"@type":"ReadAction","target":["https:\/\/www.bellunopress.it\/2026\/06\/03\/teimat-festival-al-via-un-viaggio-di-tre-giorni-tra-le-vette-a-borca-di-cadore\/"]}]},{"@type":"ImageObject","inLanguage":"fr-FR","@id":"https:\/\/www.bellunopress.it\/2026\/06\/03\/teimat-festival-al-via-un-viaggio-di-tre-giorni-tra-le-vette-a-borca-di-cadore\/#primaryimage","url":"https:\/\/www.bellunopress.it\/wp-content\/uploads\/2023\/12\/Hotel-Boite_edited.jpg","contentUrl":"https:\/\/www.bellunopress.it\/wp-content\/uploads\/2023\/12\/Hotel-Boite_edited.jpg","width":1000,"height":589,"caption":"Hotel Boite di Borca di Cadore"},{"@type":"BreadcrumbList","@id":"https:\/\/www.bellunopress.it\/2026\/06\/03\/teimat-festival-al-via-un-viaggio-di-tre-giorni-tra-le-vette-a-borca-di-cadore\/#breadcrumb","itemListElement":[{"@type":"ListItem","position":1,"name":"Home","item":"https:\/\/www.bellunopress.it\/"},{"@type":"ListItem","position":2,"name":"Teimat Festival al via. Un viaggio di tre giorni tra le vette a Borca di Cadore"}]},{"@type":"WebSite","@id":"https:\/\/www.bellunopress.it\/#website","url":"https:\/\/www.bellunopress.it\/","name":"Bellunopress - Dolomiti","description":"e-mail: redazione@bellunopress.it","publisher":{"@id":"https:\/\/www.bellunopress.it\/#organization"},"potentialAction":[{"@type":"SearchAction","target":{"@type":"EntryPoint","urlTemplate":"https:\/\/www.bellunopress.it\/?s={search_term_string}"},"query-input":{"@type":"PropertyValueSpecification","valueRequired":true,"valueName":"search_term_string"}}],"inLanguage":"fr-FR"},{"@type":"Organization","@id":"https:\/\/www.bellunopress.it\/#organization","name":"Bellunopress","url":"https:\/\/www.bellunopress.it\/","logo":{"@type":"ImageObject","inLanguage":"fr-FR","@id":"https:\/\/www.bellunopress.it\/#\/schema\/logo\/image\/","url":"https:\/\/www.bellunopress.it\/wp-content\/uploads\/2011\/05\/cropped-logo-bellunopress-.jpg","contentUrl":"https:\/\/www.bellunopress.it\/wp-content\/uploads\/2011\/05\/cropped-logo-bellunopress-.jpg","width":512,"height":512,"caption":"Bellunopress"},"image":{"@id":"https:\/\/www.bellunopress.it\/#\/schema\/logo\/image\/"},"sameAs":["https:\/\/www.facebook.com\/profile.php?id=100008943462799","https:\/\/x.com\/bellunopress","https:\/\/www.linkedin.com\/hp\/?dnr=JBzUWaJfMUw8vbXJJ2tVW5-I3jZKvC4wsoxE&amp;amp;amp;amp;amp;amp;trk=nav_responsive_tab_home","https:\/\/www.youtube.com\/channel\/UCxL0wu1uN0_3_7hGG0306cw"]},{"@type":"Person","@id":"https:\/\/www.bellunopress.it\/#\/schema\/person\/79bb06722b37ece1c03d3e94beb30d73","name":"r\u00e9daction","image":{"@type":"ImageObject","inLanguage":"fr-FR","@id":"https:\/\/secure.gravatar.com\/avatar\/37d968a2e67a6fd04c169c4bdef102d0bc5d31b2546345219e348575eb80e9a0?s=96&d=mm&r=g","url":"https:\/\/secure.gravatar.com\/avatar\/37d968a2e67a6fd04c169c4bdef102d0bc5d31b2546345219e348575eb80e9a0?s=96&d=mm&r=g","contentUrl":"https:\/\/secure.gravatar.com\/avatar\/37d968a2e67a6fd04c169c4bdef102d0bc5d31b2546345219e348575eb80e9a0?s=96&d=mm&r=g","caption":"redazione"},"sameAs":["http:\/\/www.bellunopress.it","https:\/\/x.com\/bellunopress"],"url":"https:\/\/www.bellunopress.it\/fr\/author\/redazione\/"}]}},"_links":{"self":[{"href":"https:\/\/www.bellunopress.it\/fr\/wp-json\/wp\/v2\/posts\/170698","targetHints":{"allow":["GET"]}}],"collection":[{"href":"https:\/\/www.bellunopress.it\/fr\/wp-json\/wp\/v2\/posts"}],"about":[{"href":"https:\/\/www.bellunopress.it\/fr\/wp-json\/wp\/v2\/types\/post"}],"author":[{"embeddable":true,"href":"https:\/\/www.bellunopress.it\/fr\/wp-json\/wp\/v2\/users\/2"}],"replies":[{"embeddable":true,"href":"https:\/\/www.bellunopress.it\/fr\/wp-json\/wp\/v2\/comments?post=170698"}],"version-history":[{"count":1,"href":"https:\/\/www.bellunopress.it\/fr\/wp-json\/wp\/v2\/posts\/170698\/revisions"}],"predecessor-version":[{"id":170699,"href":"https:\/\/www.bellunopress.it\/fr\/wp-json\/wp\/v2\/posts\/170698\/revisions\/170699"}],"wp:featuredmedia":[{"embeddable":true,"href":"https:\/\/www.bellunopress.it\/fr\/wp-json\/wp\/v2\/media\/146357"}],"wp:attachment":[{"href":"https:\/\/www.bellunopress.it\/fr\/wp-json\/wp\/v2\/media?parent=170698"}],"wp:term":[{"taxonomy":"category","embeddable":true,"href":"https:\/\/www.bellunopress.it\/fr\/wp-json\/wp\/v2\/categories?post=170698"},{"taxonomy":"post_tag","embeddable":true,"href":"https:\/\/www.bellunopress.it\/fr\/wp-json\/wp\/v2\/tags?post=170698"}],"curies":[{"name":"wp","href":"https:\/\/api.w.org\/{rel}","templated":true}]}}