{"id":170695,"date":"2026-06-03T12:22:51","date_gmt":"2026-06-03T10:22:51","guid":{"rendered":"https:\/\/www.bellunopress.it\/?p=170695"},"modified":"2026-06-03T12:22:51","modified_gmt":"2026-06-03T10:22:51","slug":"sport-business-forum-2026-da-venerdi-belluno-diventa-citta-dello-sport","status":"publish","type":"post","link":"https:\/\/www.bellunopress.it\/fr\/2026\/06\/03\/sport-business-forum-2026-da-venerdi-belluno-diventa-citta-dello-sport\/","title":{"rendered":"Sport Business Forum 2026: da venerd\u00ec Belluno diventa Citt\u00e0 dello Sport"},"content":{"rendered":"<p><strong>Dal 5 al 7 giugno tre giorni di incontri, campioni, eventi aperti al pubblico, cultura sportiva e attivit\u00e0 diffuse in citt\u00e0. Si parte venerd\u00ec sera con Christof Innerhofer e Federico Pellegrino, poi un programma fittissimo con sport paralimpico, Giornata Nazionale dello Sport, Vascalonga, Festa dello Sport, Premio Protagonisti dello Sport e gli incontri con Luca Dotto, Angelo Lorenzetti, Sara Simeoni, Achille Polonara, Federico Buffa e Lucia Dalmasso. A chiudere la manifestazione, l\u2019atteso appuntamento con Gianmarco Tamberi<\/strong>.<\/p>\n<p>Belluno, 3 giugno 2026 \u2013 Belluno si prepara a diventare per tre giorni una citt\u00e0 interamente attraversata dallo sport. Da venerd\u00ec 5 giugno, e fino a domenica 7 giugno, Sport Business Forum 2026 porter\u00e0 nel capoluogo un programma diffuso di incontri, interviste, eventi sportivi, attivit\u00e0 aperte al pubblico e momenti dedicati alla cultura sportiva, coinvolgendo alcuni dei luoghi pi\u00f9 significativi della citt\u00e0: dalla Biblioteca Civica al Teatro Dino Buzzati, da Piazza dei Martiri a Piazza Duomo, fino alla Piscina di Belluno, a Palazzo dei Rettori e a Villa Doglioni Dalmas.<\/p>\n<p>Ideato e promosso da Confindustria Belluno Dolomiti, Confindustria Veneto Est e dal Gruppo Nord Est Multimedia, Sport Business Forum \u00e8 la rassegna dedicata all\u2019economia dello sport e al suo impatto sui territori, sulle imprese e sulle comunit\u00e0. La tappa bellunese rappresenta una delle anime pi\u00f9 aperte e partecipate della manifestazione: non solo talk e testimonianze con grandi campioni, ma anche sport praticato, eventi per famiglie, appuntamenti culturali, momenti dedicati all\u2019inclusione e occasioni di incontro pensate per coinvolgere cittadini, giovani, appassionati e realt\u00e0 sportive del territorio.<\/p>\n<p>La tre giorni si aprir\u00e0 venerd\u00ec 5 giugno alle 21.00, alla Biblioteca Civica, con \u201cAzzurri olimpici\u201d, intervista a Christof Innerhofer, uno dei pi\u00f9 grandi sciatori italiani, e Federico Pellegrino, campione mondiale di sci di fondo. L\u2019incontro, a cura di Dody Nicolussi, giornalista di Sky Sport, inaugurer\u00e0 idealmente il programma bellunese mettendo subito al centro il racconto dei grandi protagonisti dello sport italiano e il legame con le discipline olimpiche.<\/p>\n<p>Sabato 6 giugno la citt\u00e0 entrer\u00e0 nel vivo della manifestazione fin dal mattino. In Piazza dei Martiri, dalle 9.00 alle 13.30, si terr\u00e0 la Giornata Nazionale dello Sport, manifestazione aperta al pubblico con la presenza delle federazioni sportive attive in provincia di Belluno e la premiazione dei Centri CONI provinciali. In parallelo, il programma proporr\u00e0 una serie di appuntamenti dedicati alle grandi traiettorie dello sport contemporaneo: dalle best practice nate a Cortina in vista dei Giochi, con l\u2019incontro \u201cDai Test Event ai Giochi\u201d, alle storie dello sport paralimpico con Angela Menardi, Flavio Menardi, Luca Palla e Matteo Ronzani, protagonisti dell\u2019appuntamento \u201cLe storie dietro ogni obiettivo\u201d.<\/p>\n<p>Sempre nella mattinata di sabato, spazio anche alla pallavolo con Angelo Lorenzetti, allenatore e tecnico di Sir Safety Perugia Volley, protagonista dell\u2019incontro \u201cIl sarto dello scudetto: come cucire il successo su ogni societ\u00e0\u201d, e al nuoto con Luca Dotto, atleta professionista e imprenditore, intervistato nell\u2019appuntamento \u201cL\u2019acqua, il tempo, la vita\u201d. A Villa Doglioni Dalmas, inoltre, si parler\u00e0 di tecnologia applicata allo sport con Edoardo Giaquinto, marketing manager di MegaRide.<\/p>\n<p>Nel pomeriggio, la Piscina di Belluno ospiter\u00e0 dalle 14.00 alle 20.00 la Vascalonga, manifestazione non agonistica aperta a tutti, con staffette natatorie, gare di tuffi, partite di rugby subacqueo e pallanuoto, oltre a massaggi Shiatsu. In Biblioteca Civica prenderanno invece il via gli appuntamenti del Premio Protagonisti dello Sport, con Maria Rosa Quario, giornalista, campionessa di sci alpino e autrice di Due vite. Lo slalom parallelo con mia figlia Federica Brignone, seguita dagli incontri con Andrea Carnevale e Giuseppe Sansonna, autori de Il destino di un bomber, e con Achille Polonara, campione di basket e autore de Il mio secondo tempo.<\/p>\n<p>Tra gli appuntamenti pi\u00f9 attesi di sabato anche l\u2019incontro \u201cPorre l\u2019asticella in alto\u201d con Sara Simeoni, campionessa olimpica di salto in alto, in programma alla Sala Zanardelli di Palazzo dei Rettori, e la Festa dello Sport, dalle 15.30 alle 17.30 al Teatro Dino Buzzati, condotta da Gianluca Da Poian e Luca De Michiel, giornalisti del Corriere delle Alpi, con ospite speciale Elia Barp, campione olimpico di sci nordico. La giornata si chiuder\u00e0 alle 21.00, sempre al Teatro Dino Buzzati, con \u201cOlimpiadi tra guerra e pace\u201d, spettacolo di Federico Buffa, giornalista sportivo e storyteller, e Alessandro Nidi, compositore e pianista.<\/p>\n<p>Domenica 7 giugno il programma proseguir\u00e0 con una nuova giornata di incontri e testimonianze. La mattina si aprir\u00e0 in Biblioteca Civica con Paolo Casarin, opinionista sportivo e gi\u00e0 arbitro internazionale di calcio, autore di Vita e pensieri di un arbitro. Al Teatro Dino Buzzati torner\u00e0 la Festa dello Sport, dalle 10.30 alle 12.30, con ospite speciale Lucia Dalmasso, campionessa olimpica di snowboard. A Palazzo dei Rettori, invece, Gianluigi Lentini, campione di calcio, sar\u00e0 protagonista dell\u2019incontro \u201cLe strade del talento\u201d, a cura di Andrea Ferrazzi, direttore di Confindustria Belluno Dolomiti.<\/p>\n<p>Sempre domenica, la Biblioteca Civica ospiter\u00e0 l\u2019incontro \u201cLo sport \u00e8 business, il business \u00e8 sport\u201d con Michael Payne, dirigente marketing del Comitato Olimpico Internazionale e autore del volume omonimo, seguito nel pomeriggio dalla cerimonia di premiazione del Premio Protagonisti dello Sport 2026, con gli autori finalisti. A chiudere la tre giorni bellunese sar\u00e0, alle 18.00, l\u2019incontro \u201cCadere, rialzarsi, volare\u201d con Gianmarco Tamberi, campione olimpico di salto in alto, intervistato da Andrea Schiavon, direttore di Sport Business Forum e Fondazione SIT.<\/p>\n<p>Il programma completo e gli aggiornamenti sono disponibili su www.sportbusinessforum.com<\/p>","protected":false},"excerpt":{"rendered":"<p>Dal 5 al 7 giugno tre giorni di incontri, campioni, eventi aperti al pubblico, cultura sportiva e attivit\u00e0 diffuse in citt\u00e0. Si parte venerd\u00ec sera con Christof Innerhofer e Federico Pellegrino, poi un programma fittissimo con sport paralimpico, Giornata Nazionale dello Sport, Vascalonga, Festa dello Sport, Premio Protagonisti dello Sport e gli incontri con Luca [&hellip;]<\/p>\n","protected":false},"author":2,"featured_media":170696,"comment_status":"closed","ping_status":"open","sticky":false,"template":"","format":"standard","meta":{"footnotes":""},"categories":[27,4],"tags":[],"class_list":["post-170695","post","type-post","status-publish","format-standard","has-post-thumbnail","category-appuntamenti","category-sport"],"yoast_head":"<!-- This site is optimized with the Yoast SEO plugin v28.4 - https:\/\/yoast.com\/product\/yoast-seo-wordpress\/ -->\n<title>Sport Business Forum 2026: da venerd\u00ec Belluno diventa Citt\u00e0 dello Sport - Bellunopress - Dolomiti<\/title>\n<meta name=\"robots\" content=\"index, follow, max-snippet:-1, max-image-preview:large, max-video-preview:-1\" \/>\n<link rel=\"canonical\" href=\"https:\/\/www.bellunopress.it\/fr\/2026\/06\/03\/sport-business-forum-2026-da-venerdi-belluno-diventa-citta-dello-sport\/\" \/>\n<meta property=\"og:locale\" content=\"fr_FR\" \/>\n<meta property=\"og:type\" content=\"article\" \/>\n<meta property=\"og:title\" content=\"Sport Business Forum 2026: da venerd\u00ec Belluno diventa Citt\u00e0 dello Sport - Bellunopress - Dolomiti\" \/>\n<meta property=\"og:description\" content=\"Dal 5 al 7 giugno tre giorni di incontri, campioni, eventi aperti al pubblico, cultura sportiva e attivit\u00e0 diffuse in citt\u00e0. Si parte venerd\u00ec sera con Christof Innerhofer e Federico Pellegrino, poi un programma fittissimo con sport paralimpico, Giornata Nazionale dello Sport, Vascalonga, Festa dello Sport, Premio Protagonisti dello Sport e gli incontri con Luca [&hellip;]\" \/>\n<meta property=\"og:url\" content=\"https:\/\/www.bellunopress.it\/fr\/2026\/06\/03\/sport-business-forum-2026-da-venerdi-belluno-diventa-citta-dello-sport\/\" \/>\n<meta property=\"og:site_name\" content=\"Bellunopress - Dolomiti\" \/>\n<meta property=\"article:publisher\" content=\"https:\/\/www.facebook.com\/profile.php?id=100008943462799\" \/>\n<meta property=\"article:published_time\" content=\"2026-06-03T10:22:51+00:00\" \/>\n<meta property=\"og:image\" content=\"https:\/\/www.bellunopress.it\/wp-content\/uploads\/2026\/06\/sport-business-forum-belluno.jpg\" \/>\n\t<meta property=\"og:image:width\" content=\"416\" \/>\n\t<meta property=\"og:image:height\" content=\"500\" \/>\n\t<meta property=\"og:image:type\" content=\"image\/jpeg\" \/>\n<meta name=\"author\" content=\"redazione\" \/>\n<meta name=\"twitter:card\" content=\"summary_large_image\" \/>\n<meta name=\"twitter:creator\" content=\"@bellunopress\" \/>\n<meta name=\"twitter:site\" content=\"@bellunopress\" \/>\n<meta name=\"twitter:label1\" content=\"Written by\" \/>\n\t<meta name=\"twitter:data1\" content=\"redazione\" \/>\n\t<meta name=\"twitter:label2\" content=\"Est. reading time\" \/>\n\t<meta name=\"twitter:data2\" content=\"5 minutes\" \/>\n<script type=\"application\/ld+json\" class=\"yoast-schema-graph\">{\"@context\":\"https:\\\/\\\/schema.org\",\"@graph\":[{\"@type\":\"Article\",\"@id\":\"https:\\\/\\\/www.bellunopress.it\\\/2026\\\/06\\\/03\\\/sport-business-forum-2026-da-venerdi-belluno-diventa-citta-dello-sport\\\/#article\",\"isPartOf\":{\"@id\":\"https:\\\/\\\/www.bellunopress.it\\\/2026\\\/06\\\/03\\\/sport-business-forum-2026-da-venerdi-belluno-diventa-citta-dello-sport\\\/\"},\"author\":{\"name\":\"redazione\",\"@id\":\"https:\\\/\\\/www.bellunopress.it\\\/#\\\/schema\\\/person\\\/79bb06722b37ece1c03d3e94beb30d73\"},\"headline\":\"Sport Business Forum 2026: da venerd\u00ec Belluno diventa Citt\u00e0 dello Sport\",\"datePublished\":\"2026-06-03T10:22:51+00:00\",\"mainEntityOfPage\":{\"@id\":\"https:\\\/\\\/www.bellunopress.it\\\/2026\\\/06\\\/03\\\/sport-business-forum-2026-da-venerdi-belluno-diventa-citta-dello-sport\\\/\"},\"wordCount\":873,\"publisher\":{\"@id\":\"https:\\\/\\\/www.bellunopress.it\\\/#organization\"},\"image\":{\"@id\":\"https:\\\/\\\/www.bellunopress.it\\\/2026\\\/06\\\/03\\\/sport-business-forum-2026-da-venerdi-belluno-diventa-citta-dello-sport\\\/#primaryimage\"},\"thumbnailUrl\":\"https:\\\/\\\/www.bellunopress.it\\\/wp-content\\\/uploads\\\/2026\\\/06\\\/sport-business-forum-belluno.jpg\",\"articleSection\":[\"Appuntamenti, Eventi\",\"Sport, tempo libero\"],\"inLanguage\":\"fr-FR\"},{\"@type\":\"WebPage\",\"@id\":\"https:\\\/\\\/www.bellunopress.it\\\/2026\\\/06\\\/03\\\/sport-business-forum-2026-da-venerdi-belluno-diventa-citta-dello-sport\\\/\",\"url\":\"https:\\\/\\\/www.bellunopress.it\\\/2026\\\/06\\\/03\\\/sport-business-forum-2026-da-venerdi-belluno-diventa-citta-dello-sport\\\/\",\"name\":\"Sport Business Forum 2026: da venerd\u00ec Belluno diventa Citt\u00e0 dello Sport - Bellunopress - Dolomiti\",\"isPartOf\":{\"@id\":\"https:\\\/\\\/www.bellunopress.it\\\/#website\"},\"primaryImageOfPage\":{\"@id\":\"https:\\\/\\\/www.bellunopress.it\\\/2026\\\/06\\\/03\\\/sport-business-forum-2026-da-venerdi-belluno-diventa-citta-dello-sport\\\/#primaryimage\"},\"image\":{\"@id\":\"https:\\\/\\\/www.bellunopress.it\\\/2026\\\/06\\\/03\\\/sport-business-forum-2026-da-venerdi-belluno-diventa-citta-dello-sport\\\/#primaryimage\"},\"thumbnailUrl\":\"https:\\\/\\\/www.bellunopress.it\\\/wp-content\\\/uploads\\\/2026\\\/06\\\/sport-business-forum-belluno.jpg\",\"datePublished\":\"2026-06-03T10:22:51+00:00\",\"breadcrumb\":{\"@id\":\"https:\\\/\\\/www.bellunopress.it\\\/2026\\\/06\\\/03\\\/sport-business-forum-2026-da-venerdi-belluno-diventa-citta-dello-sport\\\/#breadcrumb\"},\"inLanguage\":\"fr-FR\",\"potentialAction\":[{\"@type\":\"ReadAction\",\"target\":[\"https:\\\/\\\/www.bellunopress.it\\\/2026\\\/06\\\/03\\\/sport-business-forum-2026-da-venerdi-belluno-diventa-citta-dello-sport\\\/\"]}]},{\"@type\":\"ImageObject\",\"inLanguage\":\"fr-FR\",\"@id\":\"https:\\\/\\\/www.bellunopress.it\\\/2026\\\/06\\\/03\\\/sport-business-forum-2026-da-venerdi-belluno-diventa-citta-dello-sport\\\/#primaryimage\",\"url\":\"https:\\\/\\\/www.bellunopress.it\\\/wp-content\\\/uploads\\\/2026\\\/06\\\/sport-business-forum-belluno.jpg\",\"contentUrl\":\"https:\\\/\\\/www.bellunopress.it\\\/wp-content\\\/uploads\\\/2026\\\/06\\\/sport-business-forum-belluno.jpg\",\"width\":416,\"height\":500},{\"@type\":\"BreadcrumbList\",\"@id\":\"https:\\\/\\\/www.bellunopress.it\\\/2026\\\/06\\\/03\\\/sport-business-forum-2026-da-venerdi-belluno-diventa-citta-dello-sport\\\/#breadcrumb\",\"itemListElement\":[{\"@type\":\"ListItem\",\"position\":1,\"name\":\"Home\",\"item\":\"https:\\\/\\\/www.bellunopress.it\\\/\"},{\"@type\":\"ListItem\",\"position\":2,\"name\":\"Sport Business Forum 2026: da venerd\u00ec Belluno diventa Citt\u00e0 dello Sport\"}]},{\"@type\":\"WebSite\",\"@id\":\"https:\\\/\\\/www.bellunopress.it\\\/#website\",\"url\":\"https:\\\/\\\/www.bellunopress.it\\\/\",\"name\":\"Bellunopress - Dolomiti\",\"description\":\"e-mail: redazione@bellunopress.it\",\"publisher\":{\"@id\":\"https:\\\/\\\/www.bellunopress.it\\\/#organization\"},\"potentialAction\":[{\"@type\":\"SearchAction\",\"target\":{\"@type\":\"EntryPoint\",\"urlTemplate\":\"https:\\\/\\\/www.bellunopress.it\\\/?s={search_term_string}\"},\"query-input\":{\"@type\":\"PropertyValueSpecification\",\"valueRequired\":true,\"valueName\":\"search_term_string\"}}],\"inLanguage\":\"fr-FR\"},{\"@type\":\"Organization\",\"@id\":\"https:\\\/\\\/www.bellunopress.it\\\/#organization\",\"name\":\"Bellunopress\",\"url\":\"https:\\\/\\\/www.bellunopress.it\\\/\",\"logo\":{\"@type\":\"ImageObject\",\"inLanguage\":\"fr-FR\",\"@id\":\"https:\\\/\\\/www.bellunopress.it\\\/#\\\/schema\\\/logo\\\/image\\\/\",\"url\":\"https:\\\/\\\/www.bellunopress.it\\\/wp-content\\\/uploads\\\/2011\\\/05\\\/cropped-logo-bellunopress-.jpg\",\"contentUrl\":\"https:\\\/\\\/www.bellunopress.it\\\/wp-content\\\/uploads\\\/2011\\\/05\\\/cropped-logo-bellunopress-.jpg\",\"width\":512,\"height\":512,\"caption\":\"Bellunopress\"},\"image\":{\"@id\":\"https:\\\/\\\/www.bellunopress.it\\\/#\\\/schema\\\/logo\\\/image\\\/\"},\"sameAs\":[\"https:\\\/\\\/www.facebook.com\\\/profile.php?id=100008943462799\",\"https:\\\/\\\/x.com\\\/bellunopress\",\"https:\\\/\\\/www.linkedin.com\\\/hp\\\/?dnr=JBzUWaJfMUw8vbXJJ2tVW5-I3jZKvC4wsoxE&amp;amp;amp;amp;amp;amp;trk=nav_responsive_tab_home\",\"https:\\\/\\\/www.youtube.com\\\/channel\\\/UCxL0wu1uN0_3_7hGG0306cw\"]},{\"@type\":\"Person\",\"@id\":\"https:\\\/\\\/www.bellunopress.it\\\/#\\\/schema\\\/person\\\/79bb06722b37ece1c03d3e94beb30d73\",\"name\":\"redazione\",\"image\":{\"@type\":\"ImageObject\",\"inLanguage\":\"fr-FR\",\"@id\":\"https:\\\/\\\/secure.gravatar.com\\\/avatar\\\/37d968a2e67a6fd04c169c4bdef102d0bc5d31b2546345219e348575eb80e9a0?s=96&d=mm&r=g\",\"url\":\"https:\\\/\\\/secure.gravatar.com\\\/avatar\\\/37d968a2e67a6fd04c169c4bdef102d0bc5d31b2546345219e348575eb80e9a0?s=96&d=mm&r=g\",\"contentUrl\":\"https:\\\/\\\/secure.gravatar.com\\\/avatar\\\/37d968a2e67a6fd04c169c4bdef102d0bc5d31b2546345219e348575eb80e9a0?s=96&d=mm&r=g\",\"caption\":\"redazione\"},\"sameAs\":[\"http:\\\/\\\/www.bellunopress.it\",\"https:\\\/\\\/x.com\\\/bellunopress\"],\"url\":\"https:\\\/\\\/www.bellunopress.it\\\/fr\\\/author\\\/redazione\\\/\"}]}<\/script>\n<!-- \/ Yoast SEO plugin. -->","yoast_head_json":{"title":"Sport Business Forum 2026: da venerd\u00ec Belluno diventa Citt\u00e0 dello Sport - Bellunopress - Dolomiti","robots":{"index":"index","follow":"follow","max-snippet":"max-snippet:-1","max-image-preview":"max-image-preview:large","max-video-preview":"max-video-preview:-1"},"canonical":"https:\/\/www.bellunopress.it\/fr\/2026\/06\/03\/sport-business-forum-2026-da-venerdi-belluno-diventa-citta-dello-sport\/","og_locale":"fr_FR","og_type":"article","og_title":"Sport Business Forum 2026: da venerd\u00ec Belluno diventa Citt\u00e0 dello Sport - Bellunopress - Dolomiti","og_description":"Dal 5 al 7 giugno tre giorni di incontri, campioni, eventi aperti al pubblico, cultura sportiva e attivit\u00e0 diffuse in citt\u00e0. Si parte venerd\u00ec sera con Christof Innerhofer e Federico Pellegrino, poi un programma fittissimo con sport paralimpico, Giornata Nazionale dello Sport, Vascalonga, Festa dello Sport, Premio Protagonisti dello Sport e gli incontri con Luca [&hellip;]","og_url":"https:\/\/www.bellunopress.it\/fr\/2026\/06\/03\/sport-business-forum-2026-da-venerdi-belluno-diventa-citta-dello-sport\/","og_site_name":"Bellunopress - Dolomiti","article_publisher":"https:\/\/www.facebook.com\/profile.php?id=100008943462799","article_published_time":"2026-06-03T10:22:51+00:00","og_image":[{"width":416,"height":500,"url":"https:\/\/www.bellunopress.it\/wp-content\/uploads\/2026\/06\/sport-business-forum-belluno.jpg","type":"image\/jpeg"}],"author":"redazione","twitter_card":"summary_large_image","twitter_creator":"@bellunopress","twitter_site":"@bellunopress","twitter_misc":{"Written by":"redazione","Est. reading time":"5 minutes"},"schema":{"@context":"https:\/\/schema.org","@graph":[{"@type":"Article","@id":"https:\/\/www.bellunopress.it\/2026\/06\/03\/sport-business-forum-2026-da-venerdi-belluno-diventa-citta-dello-sport\/#article","isPartOf":{"@id":"https:\/\/www.bellunopress.it\/2026\/06\/03\/sport-business-forum-2026-da-venerdi-belluno-diventa-citta-dello-sport\/"},"author":{"name":"redazione","@id":"https:\/\/www.bellunopress.it\/#\/schema\/person\/79bb06722b37ece1c03d3e94beb30d73"},"headline":"Sport Business Forum 2026: da venerd\u00ec Belluno diventa Citt\u00e0 dello Sport","datePublished":"2026-06-03T10:22:51+00:00","mainEntityOfPage":{"@id":"https:\/\/www.bellunopress.it\/2026\/06\/03\/sport-business-forum-2026-da-venerdi-belluno-diventa-citta-dello-sport\/"},"wordCount":873,"publisher":{"@id":"https:\/\/www.bellunopress.it\/#organization"},"image":{"@id":"https:\/\/www.bellunopress.it\/2026\/06\/03\/sport-business-forum-2026-da-venerdi-belluno-diventa-citta-dello-sport\/#primaryimage"},"thumbnailUrl":"https:\/\/www.bellunopress.it\/wp-content\/uploads\/2026\/06\/sport-business-forum-belluno.jpg","articleSection":["Appuntamenti, Eventi","Sport, tempo libero"],"inLanguage":"fr-FR"},{"@type":"WebPage","@id":"https:\/\/www.bellunopress.it\/2026\/06\/03\/sport-business-forum-2026-da-venerdi-belluno-diventa-citta-dello-sport\/","url":"https:\/\/www.bellunopress.it\/2026\/06\/03\/sport-business-forum-2026-da-venerdi-belluno-diventa-citta-dello-sport\/","name":"Sport Business Forum 2026: da venerd\u00ec Belluno diventa Citt\u00e0 dello Sport - Bellunopress - Dolomiti","isPartOf":{"@id":"https:\/\/www.bellunopress.it\/#website"},"primaryImageOfPage":{"@id":"https:\/\/www.bellunopress.it\/2026\/06\/03\/sport-business-forum-2026-da-venerdi-belluno-diventa-citta-dello-sport\/#primaryimage"},"image":{"@id":"https:\/\/www.bellunopress.it\/2026\/06\/03\/sport-business-forum-2026-da-venerdi-belluno-diventa-citta-dello-sport\/#primaryimage"},"thumbnailUrl":"https:\/\/www.bellunopress.it\/wp-content\/uploads\/2026\/06\/sport-business-forum-belluno.jpg","datePublished":"2026-06-03T10:22:51+00:00","breadcrumb":{"@id":"https:\/\/www.bellunopress.it\/2026\/06\/03\/sport-business-forum-2026-da-venerdi-belluno-diventa-citta-dello-sport\/#breadcrumb"},"inLanguage":"fr-FR","potentialAction":[{"@type":"ReadAction","target":["https:\/\/www.bellunopress.it\/2026\/06\/03\/sport-business-forum-2026-da-venerdi-belluno-diventa-citta-dello-sport\/"]}]},{"@type":"ImageObject","inLanguage":"fr-FR","@id":"https:\/\/www.bellunopress.it\/2026\/06\/03\/sport-business-forum-2026-da-venerdi-belluno-diventa-citta-dello-sport\/#primaryimage","url":"https:\/\/www.bellunopress.it\/wp-content\/uploads\/2026\/06\/sport-business-forum-belluno.jpg","contentUrl":"https:\/\/www.bellunopress.it\/wp-content\/uploads\/2026\/06\/sport-business-forum-belluno.jpg","width":416,"height":500},{"@type":"BreadcrumbList","@id":"https:\/\/www.bellunopress.it\/2026\/06\/03\/sport-business-forum-2026-da-venerdi-belluno-diventa-citta-dello-sport\/#breadcrumb","itemListElement":[{"@type":"ListItem","position":1,"name":"Home","item":"https:\/\/www.bellunopress.it\/"},{"@type":"ListItem","position":2,"name":"Sport Business Forum 2026: da venerd\u00ec Belluno diventa Citt\u00e0 dello Sport"}]},{"@type":"WebSite","@id":"https:\/\/www.bellunopress.it\/#website","url":"https:\/\/www.bellunopress.it\/","name":"Bellunopress - Dolomiti","description":"e-mail: redazione@bellunopress.it","publisher":{"@id":"https:\/\/www.bellunopress.it\/#organization"},"potentialAction":[{"@type":"SearchAction","target":{"@type":"EntryPoint","urlTemplate":"https:\/\/www.bellunopress.it\/?s={search_term_string}"},"query-input":{"@type":"PropertyValueSpecification","valueRequired":true,"valueName":"search_term_string"}}],"inLanguage":"fr-FR"},{"@type":"Organization","@id":"https:\/\/www.bellunopress.it\/#organization","name":"Bellunopress","url":"https:\/\/www.bellunopress.it\/","logo":{"@type":"ImageObject","inLanguage":"fr-FR","@id":"https:\/\/www.bellunopress.it\/#\/schema\/logo\/image\/","url":"https:\/\/www.bellunopress.it\/wp-content\/uploads\/2011\/05\/cropped-logo-bellunopress-.jpg","contentUrl":"https:\/\/www.bellunopress.it\/wp-content\/uploads\/2011\/05\/cropped-logo-bellunopress-.jpg","width":512,"height":512,"caption":"Bellunopress"},"image":{"@id":"https:\/\/www.bellunopress.it\/#\/schema\/logo\/image\/"},"sameAs":["https:\/\/www.facebook.com\/profile.php?id=100008943462799","https:\/\/x.com\/bellunopress","https:\/\/www.linkedin.com\/hp\/?dnr=JBzUWaJfMUw8vbXJJ2tVW5-I3jZKvC4wsoxE&amp;amp;amp;amp;amp;amp;trk=nav_responsive_tab_home","https:\/\/www.youtube.com\/channel\/UCxL0wu1uN0_3_7hGG0306cw"]},{"@type":"Person","@id":"https:\/\/www.bellunopress.it\/#\/schema\/person\/79bb06722b37ece1c03d3e94beb30d73","name":"r\u00e9daction","image":{"@type":"ImageObject","inLanguage":"fr-FR","@id":"https:\/\/secure.gravatar.com\/avatar\/37d968a2e67a6fd04c169c4bdef102d0bc5d31b2546345219e348575eb80e9a0?s=96&d=mm&r=g","url":"https:\/\/secure.gravatar.com\/avatar\/37d968a2e67a6fd04c169c4bdef102d0bc5d31b2546345219e348575eb80e9a0?s=96&d=mm&r=g","contentUrl":"https:\/\/secure.gravatar.com\/avatar\/37d968a2e67a6fd04c169c4bdef102d0bc5d31b2546345219e348575eb80e9a0?s=96&d=mm&r=g","caption":"redazione"},"sameAs":["http:\/\/www.bellunopress.it","https:\/\/x.com\/bellunopress"],"url":"https:\/\/www.bellunopress.it\/fr\/author\/redazione\/"}]}},"_links":{"self":[{"href":"https:\/\/www.bellunopress.it\/fr\/wp-json\/wp\/v2\/posts\/170695","targetHints":{"allow":["GET"]}}],"collection":[{"href":"https:\/\/www.bellunopress.it\/fr\/wp-json\/wp\/v2\/posts"}],"about":[{"href":"https:\/\/www.bellunopress.it\/fr\/wp-json\/wp\/v2\/types\/post"}],"author":[{"embeddable":true,"href":"https:\/\/www.bellunopress.it\/fr\/wp-json\/wp\/v2\/users\/2"}],"replies":[{"embeddable":true,"href":"https:\/\/www.bellunopress.it\/fr\/wp-json\/wp\/v2\/comments?post=170695"}],"version-history":[{"count":1,"href":"https:\/\/www.bellunopress.it\/fr\/wp-json\/wp\/v2\/posts\/170695\/revisions"}],"predecessor-version":[{"id":170697,"href":"https:\/\/www.bellunopress.it\/fr\/wp-json\/wp\/v2\/posts\/170695\/revisions\/170697"}],"wp:featuredmedia":[{"embeddable":true,"href":"https:\/\/www.bellunopress.it\/fr\/wp-json\/wp\/v2\/media\/170696"}],"wp:attachment":[{"href":"https:\/\/www.bellunopress.it\/fr\/wp-json\/wp\/v2\/media?parent=170695"}],"wp:term":[{"taxonomy":"category","embeddable":true,"href":"https:\/\/www.bellunopress.it\/fr\/wp-json\/wp\/v2\/categories?post=170695"},{"taxonomy":"post_tag","embeddable":true,"href":"https:\/\/www.bellunopress.it\/fr\/wp-json\/wp\/v2\/tags?post=170695"}],"curies":[{"name":"wp","href":"https:\/\/api.w.org\/{rel}","templated":true}]}}