{"id":170692,"date":"2026-06-03T11:56:33","date_gmt":"2026-06-03T09:56:33","guid":{"rendered":"https:\/\/www.bellunopress.it\/?p=170692"},"modified":"2026-06-03T11:56:33","modified_gmt":"2026-06-03T09:56:33","slug":"woman-art-expo-2026-11a-edizione-mostra-itinerante-cortina-dampezzo-lido-di-venezia-treviso","status":"publish","type":"post","link":"https:\/\/www.bellunopress.it\/fr\/2026\/06\/03\/woman-art-expo-2026-11a-edizione-mostra-itinerante-cortina-dampezzo-lido-di-venezia-treviso\/","title":{"rendered":"Woman Art Expo 2026 &#8211; 11\u00aa Edizione. Mostra itinerante:  Cortina d\u2019Ampezzo, Lido di Venezia, Treviso"},"content":{"rendered":"<p><strong>Date: Cortina D\u2019Ampezzo (Park Hotel Franceschi): dal 4 al 24 giugno<\/strong><br \/>\n<strong>Lido di Venezia (Biblioteca Hugo Pratt): dal 1 al 14 settembre<\/strong><br \/>\n<strong>Treviso (Barchessa Villa Quaglia): dal 26 settembre all\u2019 8 ottobre<\/strong><\/p>\n<p>Undicesima edizione di Woman Art Expo 2026, una mostra sulla Donna che esplora il misterioso e affascinante mondo femminile attraverso la pittura, la scultura, la fotografia e l\u2019illustrazione.<br \/>\nQuesta esperienza unica, progetto del direttore artistico di Arte in Fiera Dolomiti \u2013 Franco Fonzo, ci permetter\u00e0 di comprendere come gli artisti raccontano le Donne e come le Donne cercano di svelare le proprie emozioni, i propri sentimenti e i propri vissuti. La rassegna si distingue per la variet\u00e0 di esperienze artistiche, tecniche e stili, in un dialogo senza fine tra soluzioni formali e astratte.<br \/>\nIn questa undicesima edizione, tra i vari gli artisti proposti, ci saranno le opere di Lele Vianello, famoso illustratore e collaboratore di Hugo Pratt, residente a Malamocco. Yvan Beltrame, docente dell\u2019accademia delle belle Arti di Venezia scomparso nel 2005, Ferruccio Gard, Maestro dell\u2019optical italiana con sette presenze alla biennale di Venezia. Presenti anche le sculture di Augusto Murer e Franco Murer del Museo Murer di Falcade (BL).<\/p>\n<p>La rassegna nasce dalla collaborazione del Centro Studi Veneto Arte, Arte Fiera Dolomiti, Web Art mostre e Longarone Fiere e si fregia dei patrocini della Regione del Veneto, del Comune di Venezia, del Comune di Treviso, del Comune di Belluno, della Provincia di Treviso, della Provincia di Belluno.<br \/>\nUna mostra itinerante, nel segno delle Donna, che crea un ponte tra Venezia e le Dolomiti.<br \/>\nLa rassegna, inoltre, sar\u00e0 completata con un catalogo che sar\u00e0 dato in omaggio ai visitatori.<\/p>\n<p>A rendere ancora pi\u00f9 speciale questa iniziativa sar\u00e0 il concerto di pianoforte del Maestro Giorgio Sini \u2013 Angels on my piano \u2013 che si terr\u00e0 presso la biblioteca Hugo Pratt nel periodo al Lido di Venezia.<\/p>\n<p><strong>Woman dalla voce del direttore Franco Fonzo\u00a0<\/strong><br \/>\nWoman Art Expo \u00e8 un viaggio dedicato alla donna: alla sua presenza silenziosa e alla sua voce che attraversa i secoli, alla sua capacit\u00e0 di custodire e generare, di trasformare e resistere, di farsi immagine, gesto, memoria, visione. Non una semplice rassegna, ma un pellegrinaggio estetico dentro l\u2019essenza femminile, nelle sue infinite declinazioni: corpo e simbolo, radice e orizzonte, intimit\u00e0 e mito.<br \/>\nAttraverso pittura, scultura, incisione e fotografia, l\u2019osservatore viene invitato a varcare soglie sottili, a entrare in un territorio dove la donna non \u00e8 soltanto rappresentata, ma evocata, interrogata, celebrata.<br \/>\nLe opere raccolgono sguardi diversi \u2014 talvolta delicati, talvolta feroci \u2014 che restituiscono la complessit\u00e0 di un universo fatto di luce e ombra, di forza e vulnerabilit\u00e0, di quotidiano e trascendente. Ogni artista, con il proprio linguaggio, apre un varco: un frammento di storia, un\u2019emozione sospesa, un ricordo che riaffiora, un archetipo che si rinnova.<br \/>\nLa rassegna si distingue per la ricchezza delle esperienze e per la pluralit\u00e0 delle tecniche, che dialogano tra loro come voci in un coro antico. Il figurativo incontra l\u2019astrazione, la materia si fa racconto, il segno diventa gesto di libert\u00e0. Ne nasce un intreccio di sensibilit\u00e0 che invita il visitatore a lasciarsi attraversare, a riconoscere nella donna non solo un soggetto artistico, ma un principio vitale, un modo di abitare il mondo.<br \/>\n&#8211; Cos\u00ec lo spettatore, passo dopo passo, smette di essere semplice osservatore e diventa parte del racconto, coinvolto in un\u2019esperienza che tocca corde profonde e intime.<br \/>\nL\u2019edizione di quest\u2019anno prende avvio a Cortina d\u2019Ampezzo, nell\u2019elegante cornice dell\u2019Hotel Franceschi, dove le montagne custodiscono il silenzio e la bellezza come antiche divinit\u00e0. Da l\u00ec il percorso si sposter\u00e0 al Lido di Venezia, presso la Biblioteca Hugo Pratt, in concomitanza con l\u201983\u00aa Mostra Internazionale d\u2019Arte Cinematografica: un luogo in cui l\u2019immaginario femminile trova nuove forme, nuove narrazioni, nuovi sguardi. Il viaggio si concluder\u00e0 nella suggestiva Barchessa di Villa Quaglia a Treviso, spazio ideale per accogliere una riflessione cos\u00ec ampia e stratificata sulla presenza della donna nell\u2019arte contemporanea.<br \/>\nWoman Art Expo rientra tra gli eventi collaterali promossi da Web Art mostre, Arte in Fiera Dolomiti, Longarone Fiere e il Centro Studi Veneto Arte, realt\u00e0 che condividono la volont\u00e0 di dare voce a un\u2019arte capace di parlare al presente e di illuminare il futuro.<br \/>\nUn ringraziamento speciale va a tutti i collaboratori, a Longarone Fiere e al suo staff, e soprattutto alle artiste e agli artisti di Arte Fiera Dolomiti, che con le loro opere donano prestigio, sensibilit\u00e0 e valore a questa rassegna. A loro va il merito di trasformare Woman Art Expo in un omaggio corale alla donna, alla sua inesauribile capacit\u00e0 di ispirare, di generare bellezza, di lasciare tracce luminose nel mondo.<\/p>\n<p><strong>Il pianista e direttore d\u2019orchestra Giorgio Sini<\/strong><br \/>\nPianista, compositore, direttore d\u2019orchestra, Giorgio Sini si forma presso il Conservatorio di Venezia e si perfeziona sotto<br \/>\nla guida di Bruno Canino, Gino Gorini e Bruno Mezzena. Inizia giovanissimo la carriera di pianista con un invito del<br \/>\ndirettore Gunther Wich a Dusseldorf per una serie di concerti.<br \/>\nPartecipa a varie trasmissioni della Radiotelevisione Italiana e suona per l\u2019allora Presidente degli Stati Uniti, Ronald<br \/>\nReagan. Ha raggiunto una maturit\u00e0 artistica, ma continua a perfezionarsi con i Maestri Ludmil Descev, Vram<br \/>\nTchiftichian e con Carlo Maria Giulini. Fino agli anni \u201990 si orienta alla ricerca compositiva e al perfezionamento in<br \/>\ndirezione d\u2019orchestra, si dedica anche alla musica da camera, come pianista, con il Quartetto di Belgrado, esibendosi in<br \/>\ntourn\u00e9e in Danimarca, Germania, Croazia, Bulgaria, Yugoslavia, Svizzera, Austria ed Italia, registrando alcuni CD con<br \/>\nmusiche di Respighi e Schostakovic. Il 1995 segna l\u2019inizio dell\u2019esperienza di direzione con orchestre sempre pi\u00f9<br \/>\nimportanti e si impone all\u2019attenzione internazionale: Orchestra Sinfonica della Radiotelevisione di Belgrado, Orchestra<br \/>\nSinfonica di Plovdiv (Bulgaria) che dirige per due anni, Orchestra Filarmonica di Belgrado con cui debutta presso il<br \/>\nTeatro Palafenice di Venezia e il Teatro Comunale di Treviso.<br \/>\nNel 2002 con l\u2019Orchestra e Coro della Radiotelevisione (RTS) di Belgrado dirige il \u201cRequiem\u201d di Giuseppe Verdi<br \/>\npresentandolo al Teatro Kolaraz di Belgrado e poi in tourn\u00e9e in Italia.<br \/>\nViene invitato per l\u2019inaugurazione del Festival Internazionale di Pola (Croazia) del 2002 dove dirige l\u2019Orchestra Sinfonica<br \/>\ndell\u2019Ucraina. In occasione della tourn\u00e9e italiana dell\u2019Orchestra Berliner Symphoniker nel 2005 dirige, quale direttore<br \/>\nospite, sinfonie di Beethoven e Tchaikovsky. Attualmente direttore dell\u2019Orchestra Filarmonica de \u201cI Solisti di Radio<br \/>\nVeneto Uno\u201d con i quali ha svolto un\u2019intensa attivit\u00e0 concertistica, come il concerto al Parlamento Europeo e il concerto<br \/>\ntenutosi a Pizza San Marco a Venezia.<br \/>\nHa collaborato per lungo tempo con Radio Veneto Uno, conducendo trasmissioni dedicate alla Musica Classica.<\/p>","protected":false},"excerpt":{"rendered":"<p>Date: Cortina D\u2019Ampezzo (Park Hotel Franceschi): dal 4 al 24 giugno Lido di Venezia (Biblioteca Hugo Pratt): dal 1 al 14 settembre Treviso (Barchessa Villa Quaglia): dal 26 settembre all\u2019 8 ottobre Undicesima edizione di Woman Art Expo 2026, una mostra sulla Donna che esplora il misterioso e affascinante mondo femminile attraverso la pittura, la [&hellip;]<\/p>\n","protected":false},"author":2,"featured_media":170693,"comment_status":"closed","ping_status":"open","sticky":false,"template":"","format":"standard","meta":{"footnotes":""},"categories":[27,3,25],"tags":[],"class_list":["post-170692","post","type-post","status-publish","format-standard","has-post-thumbnail","category-appuntamenti","category-arte-cultura-spettacoli-scienza-archivi","category-pausa-caffe"],"yoast_head":"<!-- This site is optimized with the Yoast SEO plugin v28.4 - https:\/\/yoast.com\/product\/yoast-seo-wordpress\/ -->\n<title>Woman Art Expo 2026 - 11\u00aa Edizione. Mostra itinerante: Cortina d\u2019Ampezzo, Lido di Venezia, Treviso - Bellunopress - Dolomiti<\/title>\n<meta name=\"robots\" content=\"index, follow, max-snippet:-1, max-image-preview:large, max-video-preview:-1\" \/>\n<link rel=\"canonical\" href=\"https:\/\/www.bellunopress.it\/fr\/2026\/06\/03\/woman-art-expo-2026-11a-edizione-mostra-itinerante-cortina-dampezzo-lido-di-venezia-treviso\/\" \/>\n<meta property=\"og:locale\" content=\"fr_FR\" \/>\n<meta property=\"og:type\" content=\"article\" \/>\n<meta property=\"og:title\" content=\"Woman Art Expo 2026 - 11\u00aa Edizione. Mostra itinerante: Cortina d\u2019Ampezzo, Lido di Venezia, Treviso - Bellunopress - Dolomiti\" \/>\n<meta property=\"og:description\" content=\"Date: Cortina D\u2019Ampezzo (Park Hotel Franceschi): dal 4 al 24 giugno Lido di Venezia (Biblioteca Hugo Pratt): dal 1 al 14 settembre Treviso (Barchessa Villa Quaglia): dal 26 settembre all\u2019 8 ottobre Undicesima edizione di Woman Art Expo 2026, una mostra sulla Donna che esplora il misterioso e affascinante mondo femminile attraverso la pittura, la [&hellip;]\" \/>\n<meta property=\"og:url\" content=\"https:\/\/www.bellunopress.it\/fr\/2026\/06\/03\/woman-art-expo-2026-11a-edizione-mostra-itinerante-cortina-dampezzo-lido-di-venezia-treviso\/\" \/>\n<meta property=\"og:site_name\" content=\"Bellunopress - Dolomiti\" \/>\n<meta property=\"article:publisher\" content=\"https:\/\/www.facebook.com\/profile.php?id=100008943462799\" \/>\n<meta property=\"article:published_time\" content=\"2026-06-03T09:56:33+00:00\" \/>\n<meta property=\"og:image\" content=\"https:\/\/www.bellunopress.it\/wp-content\/uploads\/2026\/06\/Woman-Art-Expo-2026.jpg\" \/>\n\t<meta property=\"og:image:width\" content=\"346\" \/>\n\t<meta property=\"og:image:height\" content=\"600\" \/>\n\t<meta property=\"og:image:type\" content=\"image\/jpeg\" \/>\n<meta name=\"author\" content=\"redazione\" \/>\n<meta name=\"twitter:card\" content=\"summary_large_image\" \/>\n<meta name=\"twitter:creator\" content=\"@bellunopress\" \/>\n<meta name=\"twitter:site\" content=\"@bellunopress\" \/>\n<meta name=\"twitter:label1\" content=\"Written by\" \/>\n\t<meta name=\"twitter:data1\" content=\"redazione\" \/>\n\t<meta name=\"twitter:label2\" content=\"Est. reading time\" \/>\n\t<meta name=\"twitter:data2\" content=\"6 minutes\" \/>\n<script type=\"application\/ld+json\" class=\"yoast-schema-graph\">{\"@context\":\"https:\\\/\\\/schema.org\",\"@graph\":[{\"@type\":\"Article\",\"@id\":\"https:\\\/\\\/www.bellunopress.it\\\/2026\\\/06\\\/03\\\/woman-art-expo-2026-11a-edizione-mostra-itinerante-cortina-dampezzo-lido-di-venezia-treviso\\\/#article\",\"isPartOf\":{\"@id\":\"https:\\\/\\\/www.bellunopress.it\\\/2026\\\/06\\\/03\\\/woman-art-expo-2026-11a-edizione-mostra-itinerante-cortina-dampezzo-lido-di-venezia-treviso\\\/\"},\"author\":{\"name\":\"redazione\",\"@id\":\"https:\\\/\\\/www.bellunopress.it\\\/#\\\/schema\\\/person\\\/79bb06722b37ece1c03d3e94beb30d73\"},\"headline\":\"Woman Art Expo 2026 &#8211; 11\u00aa Edizione. Mostra itinerante: Cortina d\u2019Ampezzo, Lido di Venezia, Treviso\",\"datePublished\":\"2026-06-03T09:56:33+00:00\",\"mainEntityOfPage\":{\"@id\":\"https:\\\/\\\/www.bellunopress.it\\\/2026\\\/06\\\/03\\\/woman-art-expo-2026-11a-edizione-mostra-itinerante-cortina-dampezzo-lido-di-venezia-treviso\\\/\"},\"wordCount\":1100,\"publisher\":{\"@id\":\"https:\\\/\\\/www.bellunopress.it\\\/#organization\"},\"image\":{\"@id\":\"https:\\\/\\\/www.bellunopress.it\\\/2026\\\/06\\\/03\\\/woman-art-expo-2026-11a-edizione-mostra-itinerante-cortina-dampezzo-lido-di-venezia-treviso\\\/#primaryimage\"},\"thumbnailUrl\":\"https:\\\/\\\/www.bellunopress.it\\\/wp-content\\\/uploads\\\/2026\\\/06\\\/Woman-Art-Expo-2026.jpg\",\"articleSection\":[\"Appuntamenti, Eventi\",\"Arte, Cultura, Spettacoli, Scienza\",\"Pausa Caff\u00e8\"],\"inLanguage\":\"fr-FR\"},{\"@type\":\"WebPage\",\"@id\":\"https:\\\/\\\/www.bellunopress.it\\\/2026\\\/06\\\/03\\\/woman-art-expo-2026-11a-edizione-mostra-itinerante-cortina-dampezzo-lido-di-venezia-treviso\\\/\",\"url\":\"https:\\\/\\\/www.bellunopress.it\\\/2026\\\/06\\\/03\\\/woman-art-expo-2026-11a-edizione-mostra-itinerante-cortina-dampezzo-lido-di-venezia-treviso\\\/\",\"name\":\"Woman Art Expo 2026 - 11\u00aa Edizione. Mostra itinerante: Cortina d\u2019Ampezzo, Lido di Venezia, Treviso - Bellunopress - Dolomiti\",\"isPartOf\":{\"@id\":\"https:\\\/\\\/www.bellunopress.it\\\/#website\"},\"primaryImageOfPage\":{\"@id\":\"https:\\\/\\\/www.bellunopress.it\\\/2026\\\/06\\\/03\\\/woman-art-expo-2026-11a-edizione-mostra-itinerante-cortina-dampezzo-lido-di-venezia-treviso\\\/#primaryimage\"},\"image\":{\"@id\":\"https:\\\/\\\/www.bellunopress.it\\\/2026\\\/06\\\/03\\\/woman-art-expo-2026-11a-edizione-mostra-itinerante-cortina-dampezzo-lido-di-venezia-treviso\\\/#primaryimage\"},\"thumbnailUrl\":\"https:\\\/\\\/www.bellunopress.it\\\/wp-content\\\/uploads\\\/2026\\\/06\\\/Woman-Art-Expo-2026.jpg\",\"datePublished\":\"2026-06-03T09:56:33+00:00\",\"breadcrumb\":{\"@id\":\"https:\\\/\\\/www.bellunopress.it\\\/2026\\\/06\\\/03\\\/woman-art-expo-2026-11a-edizione-mostra-itinerante-cortina-dampezzo-lido-di-venezia-treviso\\\/#breadcrumb\"},\"inLanguage\":\"fr-FR\",\"potentialAction\":[{\"@type\":\"ReadAction\",\"target\":[\"https:\\\/\\\/www.bellunopress.it\\\/2026\\\/06\\\/03\\\/woman-art-expo-2026-11a-edizione-mostra-itinerante-cortina-dampezzo-lido-di-venezia-treviso\\\/\"]}]},{\"@type\":\"ImageObject\",\"inLanguage\":\"fr-FR\",\"@id\":\"https:\\\/\\\/www.bellunopress.it\\\/2026\\\/06\\\/03\\\/woman-art-expo-2026-11a-edizione-mostra-itinerante-cortina-dampezzo-lido-di-venezia-treviso\\\/#primaryimage\",\"url\":\"https:\\\/\\\/www.bellunopress.it\\\/wp-content\\\/uploads\\\/2026\\\/06\\\/Woman-Art-Expo-2026.jpg\",\"contentUrl\":\"https:\\\/\\\/www.bellunopress.it\\\/wp-content\\\/uploads\\\/2026\\\/06\\\/Woman-Art-Expo-2026.jpg\",\"width\":346,\"height\":600},{\"@type\":\"BreadcrumbList\",\"@id\":\"https:\\\/\\\/www.bellunopress.it\\\/2026\\\/06\\\/03\\\/woman-art-expo-2026-11a-edizione-mostra-itinerante-cortina-dampezzo-lido-di-venezia-treviso\\\/#breadcrumb\",\"itemListElement\":[{\"@type\":\"ListItem\",\"position\":1,\"name\":\"Home\",\"item\":\"https:\\\/\\\/www.bellunopress.it\\\/\"},{\"@type\":\"ListItem\",\"position\":2,\"name\":\"Woman Art Expo 2026 &#8211; 11\u00aa Edizione. Mostra itinerante: Cortina d\u2019Ampezzo, Lido di Venezia, Treviso\"}]},{\"@type\":\"WebSite\",\"@id\":\"https:\\\/\\\/www.bellunopress.it\\\/#website\",\"url\":\"https:\\\/\\\/www.bellunopress.it\\\/\",\"name\":\"Bellunopress - Dolomiti\",\"description\":\"e-mail: redazione@bellunopress.it\",\"publisher\":{\"@id\":\"https:\\\/\\\/www.bellunopress.it\\\/#organization\"},\"potentialAction\":[{\"@type\":\"SearchAction\",\"target\":{\"@type\":\"EntryPoint\",\"urlTemplate\":\"https:\\\/\\\/www.bellunopress.it\\\/?s={search_term_string}\"},\"query-input\":{\"@type\":\"PropertyValueSpecification\",\"valueRequired\":true,\"valueName\":\"search_term_string\"}}],\"inLanguage\":\"fr-FR\"},{\"@type\":\"Organization\",\"@id\":\"https:\\\/\\\/www.bellunopress.it\\\/#organization\",\"name\":\"Bellunopress\",\"url\":\"https:\\\/\\\/www.bellunopress.it\\\/\",\"logo\":{\"@type\":\"ImageObject\",\"inLanguage\":\"fr-FR\",\"@id\":\"https:\\\/\\\/www.bellunopress.it\\\/#\\\/schema\\\/logo\\\/image\\\/\",\"url\":\"https:\\\/\\\/www.bellunopress.it\\\/wp-content\\\/uploads\\\/2011\\\/05\\\/cropped-logo-bellunopress-.jpg\",\"contentUrl\":\"https:\\\/\\\/www.bellunopress.it\\\/wp-content\\\/uploads\\\/2011\\\/05\\\/cropped-logo-bellunopress-.jpg\",\"width\":512,\"height\":512,\"caption\":\"Bellunopress\"},\"image\":{\"@id\":\"https:\\\/\\\/www.bellunopress.it\\\/#\\\/schema\\\/logo\\\/image\\\/\"},\"sameAs\":[\"https:\\\/\\\/www.facebook.com\\\/profile.php?id=100008943462799\",\"https:\\\/\\\/x.com\\\/bellunopress\",\"https:\\\/\\\/www.linkedin.com\\\/hp\\\/?dnr=JBzUWaJfMUw8vbXJJ2tVW5-I3jZKvC4wsoxE&amp;amp;amp;amp;amp;amp;trk=nav_responsive_tab_home\",\"https:\\\/\\\/www.youtube.com\\\/channel\\\/UCxL0wu1uN0_3_7hGG0306cw\"]},{\"@type\":\"Person\",\"@id\":\"https:\\\/\\\/www.bellunopress.it\\\/#\\\/schema\\\/person\\\/79bb06722b37ece1c03d3e94beb30d73\",\"name\":\"redazione\",\"image\":{\"@type\":\"ImageObject\",\"inLanguage\":\"fr-FR\",\"@id\":\"https:\\\/\\\/secure.gravatar.com\\\/avatar\\\/37d968a2e67a6fd04c169c4bdef102d0bc5d31b2546345219e348575eb80e9a0?s=96&d=mm&r=g\",\"url\":\"https:\\\/\\\/secure.gravatar.com\\\/avatar\\\/37d968a2e67a6fd04c169c4bdef102d0bc5d31b2546345219e348575eb80e9a0?s=96&d=mm&r=g\",\"contentUrl\":\"https:\\\/\\\/secure.gravatar.com\\\/avatar\\\/37d968a2e67a6fd04c169c4bdef102d0bc5d31b2546345219e348575eb80e9a0?s=96&d=mm&r=g\",\"caption\":\"redazione\"},\"sameAs\":[\"http:\\\/\\\/www.bellunopress.it\",\"https:\\\/\\\/x.com\\\/bellunopress\"],\"url\":\"https:\\\/\\\/www.bellunopress.it\\\/fr\\\/author\\\/redazione\\\/\"}]}<\/script>\n<!-- \/ Yoast SEO plugin. -->","yoast_head_json":{"title":"Woman Art Expo 2026 - 11\u00aa Edizione. Mostra itinerante: Cortina d\u2019Ampezzo, Lido di Venezia, Treviso - Bellunopress - Dolomiti","robots":{"index":"index","follow":"follow","max-snippet":"max-snippet:-1","max-image-preview":"max-image-preview:large","max-video-preview":"max-video-preview:-1"},"canonical":"https:\/\/www.bellunopress.it\/fr\/2026\/06\/03\/woman-art-expo-2026-11a-edizione-mostra-itinerante-cortina-dampezzo-lido-di-venezia-treviso\/","og_locale":"fr_FR","og_type":"article","og_title":"Woman Art Expo 2026 - 11\u00aa Edizione. Mostra itinerante: Cortina d\u2019Ampezzo, Lido di Venezia, Treviso - Bellunopress - Dolomiti","og_description":"Date: Cortina D\u2019Ampezzo (Park Hotel Franceschi): dal 4 al 24 giugno Lido di Venezia (Biblioteca Hugo Pratt): dal 1 al 14 settembre Treviso (Barchessa Villa Quaglia): dal 26 settembre all\u2019 8 ottobre Undicesima edizione di Woman Art Expo 2026, una mostra sulla Donna che esplora il misterioso e affascinante mondo femminile attraverso la pittura, la [&hellip;]","og_url":"https:\/\/www.bellunopress.it\/fr\/2026\/06\/03\/woman-art-expo-2026-11a-edizione-mostra-itinerante-cortina-dampezzo-lido-di-venezia-treviso\/","og_site_name":"Bellunopress - Dolomiti","article_publisher":"https:\/\/www.facebook.com\/profile.php?id=100008943462799","article_published_time":"2026-06-03T09:56:33+00:00","og_image":[{"width":346,"height":600,"url":"https:\/\/www.bellunopress.it\/wp-content\/uploads\/2026\/06\/Woman-Art-Expo-2026.jpg","type":"image\/jpeg"}],"author":"redazione","twitter_card":"summary_large_image","twitter_creator":"@bellunopress","twitter_site":"@bellunopress","twitter_misc":{"Written by":"redazione","Est. reading time":"6 minutes"},"schema":{"@context":"https:\/\/schema.org","@graph":[{"@type":"Article","@id":"https:\/\/www.bellunopress.it\/2026\/06\/03\/woman-art-expo-2026-11a-edizione-mostra-itinerante-cortina-dampezzo-lido-di-venezia-treviso\/#article","isPartOf":{"@id":"https:\/\/www.bellunopress.it\/2026\/06\/03\/woman-art-expo-2026-11a-edizione-mostra-itinerante-cortina-dampezzo-lido-di-venezia-treviso\/"},"author":{"name":"redazione","@id":"https:\/\/www.bellunopress.it\/#\/schema\/person\/79bb06722b37ece1c03d3e94beb30d73"},"headline":"Woman Art Expo 2026 &#8211; 11\u00aa Edizione. Mostra itinerante: Cortina d\u2019Ampezzo, Lido di Venezia, Treviso","datePublished":"2026-06-03T09:56:33+00:00","mainEntityOfPage":{"@id":"https:\/\/www.bellunopress.it\/2026\/06\/03\/woman-art-expo-2026-11a-edizione-mostra-itinerante-cortina-dampezzo-lido-di-venezia-treviso\/"},"wordCount":1100,"publisher":{"@id":"https:\/\/www.bellunopress.it\/#organization"},"image":{"@id":"https:\/\/www.bellunopress.it\/2026\/06\/03\/woman-art-expo-2026-11a-edizione-mostra-itinerante-cortina-dampezzo-lido-di-venezia-treviso\/#primaryimage"},"thumbnailUrl":"https:\/\/www.bellunopress.it\/wp-content\/uploads\/2026\/06\/Woman-Art-Expo-2026.jpg","articleSection":["Appuntamenti, Eventi","Arte, Cultura, Spettacoli, Scienza","Pausa Caff\u00e8"],"inLanguage":"fr-FR"},{"@type":"WebPage","@id":"https:\/\/www.bellunopress.it\/2026\/06\/03\/woman-art-expo-2026-11a-edizione-mostra-itinerante-cortina-dampezzo-lido-di-venezia-treviso\/","url":"https:\/\/www.bellunopress.it\/2026\/06\/03\/woman-art-expo-2026-11a-edizione-mostra-itinerante-cortina-dampezzo-lido-di-venezia-treviso\/","name":"Woman Art Expo 2026 - 11\u00aa Edizione. Mostra itinerante: Cortina d\u2019Ampezzo, Lido di Venezia, Treviso - Bellunopress - Dolomiti","isPartOf":{"@id":"https:\/\/www.bellunopress.it\/#website"},"primaryImageOfPage":{"@id":"https:\/\/www.bellunopress.it\/2026\/06\/03\/woman-art-expo-2026-11a-edizione-mostra-itinerante-cortina-dampezzo-lido-di-venezia-treviso\/#primaryimage"},"image":{"@id":"https:\/\/www.bellunopress.it\/2026\/06\/03\/woman-art-expo-2026-11a-edizione-mostra-itinerante-cortina-dampezzo-lido-di-venezia-treviso\/#primaryimage"},"thumbnailUrl":"https:\/\/www.bellunopress.it\/wp-content\/uploads\/2026\/06\/Woman-Art-Expo-2026.jpg","datePublished":"2026-06-03T09:56:33+00:00","breadcrumb":{"@id":"https:\/\/www.bellunopress.it\/2026\/06\/03\/woman-art-expo-2026-11a-edizione-mostra-itinerante-cortina-dampezzo-lido-di-venezia-treviso\/#breadcrumb"},"inLanguage":"fr-FR","potentialAction":[{"@type":"ReadAction","target":["https:\/\/www.bellunopress.it\/2026\/06\/03\/woman-art-expo-2026-11a-edizione-mostra-itinerante-cortina-dampezzo-lido-di-venezia-treviso\/"]}]},{"@type":"ImageObject","inLanguage":"fr-FR","@id":"https:\/\/www.bellunopress.it\/2026\/06\/03\/woman-art-expo-2026-11a-edizione-mostra-itinerante-cortina-dampezzo-lido-di-venezia-treviso\/#primaryimage","url":"https:\/\/www.bellunopress.it\/wp-content\/uploads\/2026\/06\/Woman-Art-Expo-2026.jpg","contentUrl":"https:\/\/www.bellunopress.it\/wp-content\/uploads\/2026\/06\/Woman-Art-Expo-2026.jpg","width":346,"height":600},{"@type":"BreadcrumbList","@id":"https:\/\/www.bellunopress.it\/2026\/06\/03\/woman-art-expo-2026-11a-edizione-mostra-itinerante-cortina-dampezzo-lido-di-venezia-treviso\/#breadcrumb","itemListElement":[{"@type":"ListItem","position":1,"name":"Home","item":"https:\/\/www.bellunopress.it\/"},{"@type":"ListItem","position":2,"name":"Woman Art Expo 2026 &#8211; 11\u00aa Edizione. Mostra itinerante: Cortina d\u2019Ampezzo, Lido di Venezia, Treviso"}]},{"@type":"WebSite","@id":"https:\/\/www.bellunopress.it\/#website","url":"https:\/\/www.bellunopress.it\/","name":"Bellunopress - Dolomiti","description":"e-mail: redazione@bellunopress.it","publisher":{"@id":"https:\/\/www.bellunopress.it\/#organization"},"potentialAction":[{"@type":"SearchAction","target":{"@type":"EntryPoint","urlTemplate":"https:\/\/www.bellunopress.it\/?s={search_term_string}"},"query-input":{"@type":"PropertyValueSpecification","valueRequired":true,"valueName":"search_term_string"}}],"inLanguage":"fr-FR"},{"@type":"Organization","@id":"https:\/\/www.bellunopress.it\/#organization","name":"Bellunopress","url":"https:\/\/www.bellunopress.it\/","logo":{"@type":"ImageObject","inLanguage":"fr-FR","@id":"https:\/\/www.bellunopress.it\/#\/schema\/logo\/image\/","url":"https:\/\/www.bellunopress.it\/wp-content\/uploads\/2011\/05\/cropped-logo-bellunopress-.jpg","contentUrl":"https:\/\/www.bellunopress.it\/wp-content\/uploads\/2011\/05\/cropped-logo-bellunopress-.jpg","width":512,"height":512,"caption":"Bellunopress"},"image":{"@id":"https:\/\/www.bellunopress.it\/#\/schema\/logo\/image\/"},"sameAs":["https:\/\/www.facebook.com\/profile.php?id=100008943462799","https:\/\/x.com\/bellunopress","https:\/\/www.linkedin.com\/hp\/?dnr=JBzUWaJfMUw8vbXJJ2tVW5-I3jZKvC4wsoxE&amp;amp;amp;amp;amp;amp;trk=nav_responsive_tab_home","https:\/\/www.youtube.com\/channel\/UCxL0wu1uN0_3_7hGG0306cw"]},{"@type":"Person","@id":"https:\/\/www.bellunopress.it\/#\/schema\/person\/79bb06722b37ece1c03d3e94beb30d73","name":"r\u00e9daction","image":{"@type":"ImageObject","inLanguage":"fr-FR","@id":"https:\/\/secure.gravatar.com\/avatar\/37d968a2e67a6fd04c169c4bdef102d0bc5d31b2546345219e348575eb80e9a0?s=96&d=mm&r=g","url":"https:\/\/secure.gravatar.com\/avatar\/37d968a2e67a6fd04c169c4bdef102d0bc5d31b2546345219e348575eb80e9a0?s=96&d=mm&r=g","contentUrl":"https:\/\/secure.gravatar.com\/avatar\/37d968a2e67a6fd04c169c4bdef102d0bc5d31b2546345219e348575eb80e9a0?s=96&d=mm&r=g","caption":"redazione"},"sameAs":["http:\/\/www.bellunopress.it","https:\/\/x.com\/bellunopress"],"url":"https:\/\/www.bellunopress.it\/fr\/author\/redazione\/"}]}},"_links":{"self":[{"href":"https:\/\/www.bellunopress.it\/fr\/wp-json\/wp\/v2\/posts\/170692","targetHints":{"allow":["GET"]}}],"collection":[{"href":"https:\/\/www.bellunopress.it\/fr\/wp-json\/wp\/v2\/posts"}],"about":[{"href":"https:\/\/www.bellunopress.it\/fr\/wp-json\/wp\/v2\/types\/post"}],"author":[{"embeddable":true,"href":"https:\/\/www.bellunopress.it\/fr\/wp-json\/wp\/v2\/users\/2"}],"replies":[{"embeddable":true,"href":"https:\/\/www.bellunopress.it\/fr\/wp-json\/wp\/v2\/comments?post=170692"}],"version-history":[{"count":1,"href":"https:\/\/www.bellunopress.it\/fr\/wp-json\/wp\/v2\/posts\/170692\/revisions"}],"predecessor-version":[{"id":170694,"href":"https:\/\/www.bellunopress.it\/fr\/wp-json\/wp\/v2\/posts\/170692\/revisions\/170694"}],"wp:featuredmedia":[{"embeddable":true,"href":"https:\/\/www.bellunopress.it\/fr\/wp-json\/wp\/v2\/media\/170693"}],"wp:attachment":[{"href":"https:\/\/www.bellunopress.it\/fr\/wp-json\/wp\/v2\/media?parent=170692"}],"wp:term":[{"taxonomy":"category","embeddable":true,"href":"https:\/\/www.bellunopress.it\/fr\/wp-json\/wp\/v2\/categories?post=170692"},{"taxonomy":"post_tag","embeddable":true,"href":"https:\/\/www.bellunopress.it\/fr\/wp-json\/wp\/v2\/tags?post=170692"}],"curies":[{"name":"wp","href":"https:\/\/api.w.org\/{rel}","templated":true}]}}