{"id":170687,"date":"2026-06-03T11:38:06","date_gmt":"2026-06-03T09:38:06","guid":{"rendered":"https:\/\/www.bellunopress.it\/?p=170687"},"modified":"2026-06-03T11:39:36","modified_gmt":"2026-06-03T09:39:36","slug":"al-via-il-nuovo-percorso-di-formazione-storico-artistica-citta-di-feltre","status":"publish","type":"post","link":"https:\/\/www.bellunopress.it\/fr\/2026\/06\/03\/al-via-il-nuovo-percorso-di-formazione-storico-artistica-citta-di-feltre\/","title":{"rendered":"Al via il nuovo\u00a0percorso di formazione storico-artistica &#8220;Citt\u00e0 di Feltre&#8221;"},"content":{"rendered":"<h3>Incontri con esperti e uscite sul territorio per scoprire il patrimonio culturale cittadino e formare nuovi animatori culturali<\/h3>\n<p class=\"v1v1isSelectedEnd\">Conoscere una citt\u00e0 significa comprenderne la storia, riconoscerne i luoghi simbolo e saperne raccontare il patrimonio. Con questo obiettivo l&#8217;Associazione Il Fondaco per Feltre, in collaborazione con il Comune di Feltre e la Collaborazione Parrocchiale di Feltre, promuove il nuovo\u00a0Percorso di Formazione Storico-Artistica &#8220;Citt\u00e0 di Feltre&#8221;, un&#8217;iniziativa aperta alla cittadinanza dedicata alla scoperta della storia, dell&#8217;arte e dell&#8217;architettura feltrina.<\/p>\n<p class=\"v1v1isSelectedEnd\">Il percorso nasce dalla volont\u00e0 di offrire a cittadini, appassionati e volontari un&#8217;occasione concreta per approfondire la conoscenza del patrimonio culturale locale attraverso il contributo di studiosi ed esperti del territorio. Allo stesso tempo, l&#8217;iniziativa mira a formare nuove figure che possano contribuire alle attivit\u00e0 di accoglienza e divulgazione culturale promosse dall&#8217;associazione.<\/p>\n<p class=\"v1v1isSelectedEnd\">La proposta si inserisce nel quadro delle attivit\u00e0 del progetto\u00a0&#8220;Chiese e Palazzi Aperti&#8221;, che da oltre vent&#8217;anni permette a cittadini e visitatori di conoscere gratuitamente alcuni dei pi\u00f9 importanti monumenti della citt\u00e0 grazie all&#8217;impegno dei volontari del Fondaco. Il recente rinnovo della convenzione tra il Comune di Feltre e l&#8217;associazione per il prossimo triennio rappresenta un&#8217;importante conferma del valore culturale e sociale dell&#8217;iniziativa e dell&#8217;impegno condiviso nella valorizzazione del patrimonio cittadino.<\/p>\n<p class=\"v1v1isSelectedEnd\">Il programma prevede due incontri formativi presso l&#8217;Aula Magna della Palazzina Bonsembiante (Campus Tina Merlin).<\/p>\n<p class=\"v1v1isSelectedEnd\">Il primo appuntamento, in programma\u00a0sabato 6 giugno dalle 14.30 alle 17.30, sar\u00e0 dedicato alla\u00a0Galleria d&#8217;Arte Moderna Carlo Rizzarda, illustrata da\u00a0Tiziana Casagrande, e alla storia urbana della citt\u00e0 con l&#8217;intervento\u00a0&#8220;La citt\u00e0, il Castello e la sua architettura&#8221;\u00a0a cura di\u00a0Andrea Bona.<\/p>\n<p class=\"v1v1isSelectedEnd\">Il secondo incontro, previsto per\u00a0sabato 13 giugno, offrir\u00e0 invece l&#8217;occasione di approfondire la figura del pittore rinascimentale\u00a0Marco da Mel, con\u00a0Matteo Vieceli, e di conoscere la storia e le peculiarit\u00e0 del\u00a0Teatro de la Sena, attraverso l&#8217;intervento di\u00a0Cristiano Velo.<\/p>\n<p class=\"v1v1isSelectedEnd\">Alla formazione teorica seguiranno due uscite sul territorio, in programma nelle mattinate di\u00a0domenica 7 e domenica 14 giugno dalle 9.30 alle 12.30, dedicate alla visita e all&#8217;approfondimento dei principali siti culturali aperti dall&#8217;associazione durante la stagione estiva. Le attivit\u00e0 saranno rivolte a coloro che desiderano collaborare come animatori culturali nell&#8217;ambito delle iniziative del Fondaco.<\/p>\n<p>La partecipazione \u00e8 gratuita con iscrizione obbligatoria.<\/p>\n<p>Modulo di iscrizione:<br \/>\n<a class=\"v1v1decorated-link\" href=\"https:\/\/forms.gle\/68qq4TpPx8Q4tSnq9\" target=\"_blank\" rel=\"noopener noreferrer\">https:\/\/forms.gle\/68qq4TpPx8Q4tSnq9<\/a><\/p>\n<p>\u00abConoscere il patrimonio significa imparare a custodirlo e a trasmetterne il valore alle generazioni future\u00bb spiegano dall&#8217;Associazione Il Fondaco per Feltre. \u00abAttraverso questo percorso vogliamo offrire strumenti e competenze a chi desidera approfondire la storia della citt\u00e0 e contribuire in prima persona alla sua valorizzazione, rafforzando il legame tra comunit\u00e0 e patrimonio culturale\u00bb.<\/p>\n<p class=\"v1v1isSelectedEnd\">Per informazioni:<br \/>\n<a href=\"mailto:segreteria@fondacofeltre.it\" rel=\"noreferrer\">segreteria@fondacofeltre.it<\/a><\/p>","protected":false},"excerpt":{"rendered":"<p>Incontri con esperti e uscite sul territorio per scoprire il patrimonio culturale cittadino e formare nuovi animatori culturali Conoscere una citt\u00e0 significa comprenderne la storia, riconoscerne i luoghi simbolo e saperne raccontare il patrimonio. Con questo obiettivo l&#8217;Associazione Il Fondaco per Feltre, in collaborazione con il Comune di Feltre e la Collaborazione Parrocchiale di Feltre, [&hellip;]<\/p>\n","protected":false},"author":2,"featured_media":170688,"comment_status":"closed","ping_status":"open","sticky":false,"template":"","format":"standard","meta":{"footnotes":""},"categories":[25,8],"tags":[],"class_list":["post-170687","post","type-post","status-publish","format-standard","has-post-thumbnail","category-pausa-caffe","category-societa-istituzioni"],"yoast_head":"<!-- This site is optimized with the Yoast SEO plugin v28.4 - https:\/\/yoast.com\/product\/yoast-seo-wordpress\/ -->\n<title>Al via il nuovo\u00a0percorso di formazione storico-artistica &quot;Citt\u00e0 di Feltre&quot; - Bellunopress - Dolomiti<\/title>\n<meta name=\"robots\" content=\"index, follow, max-snippet:-1, max-image-preview:large, max-video-preview:-1\" \/>\n<link rel=\"canonical\" href=\"https:\/\/www.bellunopress.it\/fr\/2026\/06\/03\/al-via-il-nuovo-percorso-di-formazione-storico-artistica-citta-di-feltre\/\" \/>\n<meta property=\"og:locale\" content=\"fr_FR\" \/>\n<meta property=\"og:type\" content=\"article\" \/>\n<meta property=\"og:title\" content=\"Al via il nuovo\u00a0percorso di formazione storico-artistica &quot;Citt\u00e0 di Feltre&quot; - Bellunopress - Dolomiti\" \/>\n<meta property=\"og:description\" content=\"Incontri con esperti e uscite sul territorio per scoprire il patrimonio culturale cittadino e formare nuovi animatori culturali Conoscere una citt\u00e0 significa comprenderne la storia, riconoscerne i luoghi simbolo e saperne raccontare il patrimonio. Con questo obiettivo l&#8217;Associazione Il Fondaco per Feltre, in collaborazione con il Comune di Feltre e la Collaborazione Parrocchiale di Feltre, [&hellip;]\" \/>\n<meta property=\"og:url\" content=\"https:\/\/www.bellunopress.it\/fr\/2026\/06\/03\/al-via-il-nuovo-percorso-di-formazione-storico-artistica-citta-di-feltre\/\" \/>\n<meta property=\"og:site_name\" content=\"Bellunopress - Dolomiti\" \/>\n<meta property=\"article:publisher\" content=\"https:\/\/www.facebook.com\/profile.php?id=100008943462799\" \/>\n<meta property=\"article:published_time\" content=\"2026-06-03T09:38:06+00:00\" \/>\n<meta property=\"article:modified_time\" content=\"2026-06-03T09:39:36+00:00\" \/>\n<meta property=\"og:image\" content=\"https:\/\/www.bellunopress.it\/wp-content\/uploads\/2026\/06\/Locandina-Percorso-Formazione-Citta-di-Feltre.jpg\" \/>\n\t<meta property=\"og:image:width\" content=\"353\" \/>\n\t<meta property=\"og:image:height\" content=\"500\" \/>\n\t<meta property=\"og:image:type\" content=\"image\/jpeg\" \/>\n<meta name=\"author\" content=\"redazione\" \/>\n<meta name=\"twitter:card\" content=\"summary_large_image\" \/>\n<meta name=\"twitter:creator\" content=\"@bellunopress\" \/>\n<meta name=\"twitter:site\" content=\"@bellunopress\" \/>\n<meta name=\"twitter:label1\" content=\"\u00c9crit par\" \/>\n\t<meta name=\"twitter:data1\" content=\"redazione\" \/>\n\t<meta name=\"twitter:label2\" content=\"Dur\u00e9e de lecture estim\u00e9e\" \/>\n\t<meta name=\"twitter:data2\" content=\"3 minutes\" \/>\n<script type=\"application\/ld+json\" class=\"yoast-schema-graph\">{\"@context\":\"https:\\\/\\\/schema.org\",\"@graph\":[{\"@type\":\"Article\",\"@id\":\"https:\\\/\\\/www.bellunopress.it\\\/2026\\\/06\\\/03\\\/al-via-il-nuovo-percorso-di-formazione-storico-artistica-citta-di-feltre\\\/#article\",\"isPartOf\":{\"@id\":\"https:\\\/\\\/www.bellunopress.it\\\/2026\\\/06\\\/03\\\/al-via-il-nuovo-percorso-di-formazione-storico-artistica-citta-di-feltre\\\/\"},\"author\":{\"name\":\"redazione\",\"@id\":\"https:\\\/\\\/www.bellunopress.it\\\/#\\\/schema\\\/person\\\/79bb06722b37ece1c03d3e94beb30d73\"},\"headline\":\"Al via il nuovo\u00a0percorso di formazione storico-artistica &#8220;Citt\u00e0 di Feltre&#8221;\",\"datePublished\":\"2026-06-03T09:38:06+00:00\",\"dateModified\":\"2026-06-03T09:39:36+00:00\",\"mainEntityOfPage\":{\"@id\":\"https:\\\/\\\/www.bellunopress.it\\\/2026\\\/06\\\/03\\\/al-via-il-nuovo-percorso-di-formazione-storico-artistica-citta-di-feltre\\\/\"},\"wordCount\":458,\"publisher\":{\"@id\":\"https:\\\/\\\/www.bellunopress.it\\\/#organization\"},\"image\":{\"@id\":\"https:\\\/\\\/www.bellunopress.it\\\/2026\\\/06\\\/03\\\/al-via-il-nuovo-percorso-di-formazione-storico-artistica-citta-di-feltre\\\/#primaryimage\"},\"thumbnailUrl\":\"https:\\\/\\\/www.bellunopress.it\\\/wp-content\\\/uploads\\\/2026\\\/06\\\/Locandina-Percorso-Formazione-Citta-di-Feltre.jpg\",\"articleSection\":[\"Pausa Caff\u00e8\",\"Societ\u00e0, Associazioni, Istituzioni\"],\"inLanguage\":\"fr-FR\"},{\"@type\":\"WebPage\",\"@id\":\"https:\\\/\\\/www.bellunopress.it\\\/2026\\\/06\\\/03\\\/al-via-il-nuovo-percorso-di-formazione-storico-artistica-citta-di-feltre\\\/\",\"url\":\"https:\\\/\\\/www.bellunopress.it\\\/2026\\\/06\\\/03\\\/al-via-il-nuovo-percorso-di-formazione-storico-artistica-citta-di-feltre\\\/\",\"name\":\"Al via il nuovo\u00a0percorso di formazione storico-artistica \\\"Citt\u00e0 di Feltre\\\" - Bellunopress - Dolomiti\",\"isPartOf\":{\"@id\":\"https:\\\/\\\/www.bellunopress.it\\\/#website\"},\"primaryImageOfPage\":{\"@id\":\"https:\\\/\\\/www.bellunopress.it\\\/2026\\\/06\\\/03\\\/al-via-il-nuovo-percorso-di-formazione-storico-artistica-citta-di-feltre\\\/#primaryimage\"},\"image\":{\"@id\":\"https:\\\/\\\/www.bellunopress.it\\\/2026\\\/06\\\/03\\\/al-via-il-nuovo-percorso-di-formazione-storico-artistica-citta-di-feltre\\\/#primaryimage\"},\"thumbnailUrl\":\"https:\\\/\\\/www.bellunopress.it\\\/wp-content\\\/uploads\\\/2026\\\/06\\\/Locandina-Percorso-Formazione-Citta-di-Feltre.jpg\",\"datePublished\":\"2026-06-03T09:38:06+00:00\",\"dateModified\":\"2026-06-03T09:39:36+00:00\",\"breadcrumb\":{\"@id\":\"https:\\\/\\\/www.bellunopress.it\\\/2026\\\/06\\\/03\\\/al-via-il-nuovo-percorso-di-formazione-storico-artistica-citta-di-feltre\\\/#breadcrumb\"},\"inLanguage\":\"fr-FR\",\"potentialAction\":[{\"@type\":\"ReadAction\",\"target\":[\"https:\\\/\\\/www.bellunopress.it\\\/2026\\\/06\\\/03\\\/al-via-il-nuovo-percorso-di-formazione-storico-artistica-citta-di-feltre\\\/\"]}]},{\"@type\":\"ImageObject\",\"inLanguage\":\"fr-FR\",\"@id\":\"https:\\\/\\\/www.bellunopress.it\\\/2026\\\/06\\\/03\\\/al-via-il-nuovo-percorso-di-formazione-storico-artistica-citta-di-feltre\\\/#primaryimage\",\"url\":\"https:\\\/\\\/www.bellunopress.it\\\/wp-content\\\/uploads\\\/2026\\\/06\\\/Locandina-Percorso-Formazione-Citta-di-Feltre.jpg\",\"contentUrl\":\"https:\\\/\\\/www.bellunopress.it\\\/wp-content\\\/uploads\\\/2026\\\/06\\\/Locandina-Percorso-Formazione-Citta-di-Feltre.jpg\",\"width\":353,\"height\":500},{\"@type\":\"BreadcrumbList\",\"@id\":\"https:\\\/\\\/www.bellunopress.it\\\/2026\\\/06\\\/03\\\/al-via-il-nuovo-percorso-di-formazione-storico-artistica-citta-di-feltre\\\/#breadcrumb\",\"itemListElement\":[{\"@type\":\"ListItem\",\"position\":1,\"name\":\"Home\",\"item\":\"https:\\\/\\\/www.bellunopress.it\\\/\"},{\"@type\":\"ListItem\",\"position\":2,\"name\":\"Al via il nuovo\u00a0percorso di formazione storico-artistica &#8220;Citt\u00e0 di Feltre&#8221;\"}]},{\"@type\":\"WebSite\",\"@id\":\"https:\\\/\\\/www.bellunopress.it\\\/#website\",\"url\":\"https:\\\/\\\/www.bellunopress.it\\\/\",\"name\":\"Bellunopress - Dolomiti\",\"description\":\"e-mail: redazione@bellunopress.it\",\"publisher\":{\"@id\":\"https:\\\/\\\/www.bellunopress.it\\\/#organization\"},\"potentialAction\":[{\"@type\":\"SearchAction\",\"target\":{\"@type\":\"EntryPoint\",\"urlTemplate\":\"https:\\\/\\\/www.bellunopress.it\\\/?s={search_term_string}\"},\"query-input\":{\"@type\":\"PropertyValueSpecification\",\"valueRequired\":true,\"valueName\":\"search_term_string\"}}],\"inLanguage\":\"fr-FR\"},{\"@type\":\"Organization\",\"@id\":\"https:\\\/\\\/www.bellunopress.it\\\/#organization\",\"name\":\"Bellunopress\",\"url\":\"https:\\\/\\\/www.bellunopress.it\\\/\",\"logo\":{\"@type\":\"ImageObject\",\"inLanguage\":\"fr-FR\",\"@id\":\"https:\\\/\\\/www.bellunopress.it\\\/#\\\/schema\\\/logo\\\/image\\\/\",\"url\":\"https:\\\/\\\/www.bellunopress.it\\\/wp-content\\\/uploads\\\/2011\\\/05\\\/cropped-logo-bellunopress-.jpg\",\"contentUrl\":\"https:\\\/\\\/www.bellunopress.it\\\/wp-content\\\/uploads\\\/2011\\\/05\\\/cropped-logo-bellunopress-.jpg\",\"width\":512,\"height\":512,\"caption\":\"Bellunopress\"},\"image\":{\"@id\":\"https:\\\/\\\/www.bellunopress.it\\\/#\\\/schema\\\/logo\\\/image\\\/\"},\"sameAs\":[\"https:\\\/\\\/www.facebook.com\\\/profile.php?id=100008943462799\",\"https:\\\/\\\/x.com\\\/bellunopress\",\"https:\\\/\\\/www.linkedin.com\\\/hp\\\/?dnr=JBzUWaJfMUw8vbXJJ2tVW5-I3jZKvC4wsoxE&amp;amp;amp;amp;amp;amp;trk=nav_responsive_tab_home\",\"https:\\\/\\\/www.youtube.com\\\/channel\\\/UCxL0wu1uN0_3_7hGG0306cw\"]},{\"@type\":\"Person\",\"@id\":\"https:\\\/\\\/www.bellunopress.it\\\/#\\\/schema\\\/person\\\/79bb06722b37ece1c03d3e94beb30d73\",\"name\":\"redazione\",\"image\":{\"@type\":\"ImageObject\",\"inLanguage\":\"fr-FR\",\"@id\":\"https:\\\/\\\/secure.gravatar.com\\\/avatar\\\/37d968a2e67a6fd04c169c4bdef102d0bc5d31b2546345219e348575eb80e9a0?s=96&d=mm&r=g\",\"url\":\"https:\\\/\\\/secure.gravatar.com\\\/avatar\\\/37d968a2e67a6fd04c169c4bdef102d0bc5d31b2546345219e348575eb80e9a0?s=96&d=mm&r=g\",\"contentUrl\":\"https:\\\/\\\/secure.gravatar.com\\\/avatar\\\/37d968a2e67a6fd04c169c4bdef102d0bc5d31b2546345219e348575eb80e9a0?s=96&d=mm&r=g\",\"caption\":\"redazione\"},\"sameAs\":[\"http:\\\/\\\/www.bellunopress.it\",\"https:\\\/\\\/x.com\\\/bellunopress\"],\"url\":\"https:\\\/\\\/www.bellunopress.it\\\/fr\\\/author\\\/redazione\\\/\"}]}<\/script>\n<!-- \/ Yoast SEO plugin. -->","yoast_head_json":{"title":"Al via il nuovo\u00a0percorso di formazione storico-artistica \"Citt\u00e0 di Feltre\" - Bellunopress - Dolomiti","robots":{"index":"index","follow":"follow","max-snippet":"max-snippet:-1","max-image-preview":"max-image-preview:large","max-video-preview":"max-video-preview:-1"},"canonical":"https:\/\/www.bellunopress.it\/fr\/2026\/06\/03\/al-via-il-nuovo-percorso-di-formazione-storico-artistica-citta-di-feltre\/","og_locale":"fr_FR","og_type":"article","og_title":"Al via il nuovo\u00a0percorso di formazione storico-artistica \"Citt\u00e0 di Feltre\" - Bellunopress - Dolomiti","og_description":"Incontri con esperti e uscite sul territorio per scoprire il patrimonio culturale cittadino e formare nuovi animatori culturali Conoscere una citt\u00e0 significa comprenderne la storia, riconoscerne i luoghi simbolo e saperne raccontare il patrimonio. Con questo obiettivo l&#8217;Associazione Il Fondaco per Feltre, in collaborazione con il Comune di Feltre e la Collaborazione Parrocchiale di Feltre, [&hellip;]","og_url":"https:\/\/www.bellunopress.it\/fr\/2026\/06\/03\/al-via-il-nuovo-percorso-di-formazione-storico-artistica-citta-di-feltre\/","og_site_name":"Bellunopress - Dolomiti","article_publisher":"https:\/\/www.facebook.com\/profile.php?id=100008943462799","article_published_time":"2026-06-03T09:38:06+00:00","article_modified_time":"2026-06-03T09:39:36+00:00","og_image":[{"width":353,"height":500,"url":"https:\/\/www.bellunopress.it\/wp-content\/uploads\/2026\/06\/Locandina-Percorso-Formazione-Citta-di-Feltre.jpg","type":"image\/jpeg"}],"author":"redazione","twitter_card":"summary_large_image","twitter_creator":"@bellunopress","twitter_site":"@bellunopress","twitter_misc":{"\u00c9crit par":"redazione","Dur\u00e9e de lecture estim\u00e9e":"3 minutes"},"schema":{"@context":"https:\/\/schema.org","@graph":[{"@type":"Article","@id":"https:\/\/www.bellunopress.it\/2026\/06\/03\/al-via-il-nuovo-percorso-di-formazione-storico-artistica-citta-di-feltre\/#article","isPartOf":{"@id":"https:\/\/www.bellunopress.it\/2026\/06\/03\/al-via-il-nuovo-percorso-di-formazione-storico-artistica-citta-di-feltre\/"},"author":{"name":"redazione","@id":"https:\/\/www.bellunopress.it\/#\/schema\/person\/79bb06722b37ece1c03d3e94beb30d73"},"headline":"Al via il nuovo\u00a0percorso di formazione storico-artistica &#8220;Citt\u00e0 di Feltre&#8221;","datePublished":"2026-06-03T09:38:06+00:00","dateModified":"2026-06-03T09:39:36+00:00","mainEntityOfPage":{"@id":"https:\/\/www.bellunopress.it\/2026\/06\/03\/al-via-il-nuovo-percorso-di-formazione-storico-artistica-citta-di-feltre\/"},"wordCount":458,"publisher":{"@id":"https:\/\/www.bellunopress.it\/#organization"},"image":{"@id":"https:\/\/www.bellunopress.it\/2026\/06\/03\/al-via-il-nuovo-percorso-di-formazione-storico-artistica-citta-di-feltre\/#primaryimage"},"thumbnailUrl":"https:\/\/www.bellunopress.it\/wp-content\/uploads\/2026\/06\/Locandina-Percorso-Formazione-Citta-di-Feltre.jpg","articleSection":["Pausa Caff\u00e8","Societ\u00e0, Associazioni, Istituzioni"],"inLanguage":"fr-FR"},{"@type":"WebPage","@id":"https:\/\/www.bellunopress.it\/2026\/06\/03\/al-via-il-nuovo-percorso-di-formazione-storico-artistica-citta-di-feltre\/","url":"https:\/\/www.bellunopress.it\/2026\/06\/03\/al-via-il-nuovo-percorso-di-formazione-storico-artistica-citta-di-feltre\/","name":"Al via il nuovo\u00a0percorso di formazione storico-artistica \"Citt\u00e0 di Feltre\" - Bellunopress - Dolomiti","isPartOf":{"@id":"https:\/\/www.bellunopress.it\/#website"},"primaryImageOfPage":{"@id":"https:\/\/www.bellunopress.it\/2026\/06\/03\/al-via-il-nuovo-percorso-di-formazione-storico-artistica-citta-di-feltre\/#primaryimage"},"image":{"@id":"https:\/\/www.bellunopress.it\/2026\/06\/03\/al-via-il-nuovo-percorso-di-formazione-storico-artistica-citta-di-feltre\/#primaryimage"},"thumbnailUrl":"https:\/\/www.bellunopress.it\/wp-content\/uploads\/2026\/06\/Locandina-Percorso-Formazione-Citta-di-Feltre.jpg","datePublished":"2026-06-03T09:38:06+00:00","dateModified":"2026-06-03T09:39:36+00:00","breadcrumb":{"@id":"https:\/\/www.bellunopress.it\/2026\/06\/03\/al-via-il-nuovo-percorso-di-formazione-storico-artistica-citta-di-feltre\/#breadcrumb"},"inLanguage":"fr-FR","potentialAction":[{"@type":"ReadAction","target":["https:\/\/www.bellunopress.it\/2026\/06\/03\/al-via-il-nuovo-percorso-di-formazione-storico-artistica-citta-di-feltre\/"]}]},{"@type":"ImageObject","inLanguage":"fr-FR","@id":"https:\/\/www.bellunopress.it\/2026\/06\/03\/al-via-il-nuovo-percorso-di-formazione-storico-artistica-citta-di-feltre\/#primaryimage","url":"https:\/\/www.bellunopress.it\/wp-content\/uploads\/2026\/06\/Locandina-Percorso-Formazione-Citta-di-Feltre.jpg","contentUrl":"https:\/\/www.bellunopress.it\/wp-content\/uploads\/2026\/06\/Locandina-Percorso-Formazione-Citta-di-Feltre.jpg","width":353,"height":500},{"@type":"BreadcrumbList","@id":"https:\/\/www.bellunopress.it\/2026\/06\/03\/al-via-il-nuovo-percorso-di-formazione-storico-artistica-citta-di-feltre\/#breadcrumb","itemListElement":[{"@type":"ListItem","position":1,"name":"Home","item":"https:\/\/www.bellunopress.it\/"},{"@type":"ListItem","position":2,"name":"Al via il nuovo\u00a0percorso di formazione storico-artistica &#8220;Citt\u00e0 di Feltre&#8221;"}]},{"@type":"WebSite","@id":"https:\/\/www.bellunopress.it\/#website","url":"https:\/\/www.bellunopress.it\/","name":"Bellunopress - Dolomiti","description":"e-mail: redazione@bellunopress.it","publisher":{"@id":"https:\/\/www.bellunopress.it\/#organization"},"potentialAction":[{"@type":"SearchAction","target":{"@type":"EntryPoint","urlTemplate":"https:\/\/www.bellunopress.it\/?s={search_term_string}"},"query-input":{"@type":"PropertyValueSpecification","valueRequired":true,"valueName":"search_term_string"}}],"inLanguage":"fr-FR"},{"@type":"Organization","@id":"https:\/\/www.bellunopress.it\/#organization","name":"Bellunopress","url":"https:\/\/www.bellunopress.it\/","logo":{"@type":"ImageObject","inLanguage":"fr-FR","@id":"https:\/\/www.bellunopress.it\/#\/schema\/logo\/image\/","url":"https:\/\/www.bellunopress.it\/wp-content\/uploads\/2011\/05\/cropped-logo-bellunopress-.jpg","contentUrl":"https:\/\/www.bellunopress.it\/wp-content\/uploads\/2011\/05\/cropped-logo-bellunopress-.jpg","width":512,"height":512,"caption":"Bellunopress"},"image":{"@id":"https:\/\/www.bellunopress.it\/#\/schema\/logo\/image\/"},"sameAs":["https:\/\/www.facebook.com\/profile.php?id=100008943462799","https:\/\/x.com\/bellunopress","https:\/\/www.linkedin.com\/hp\/?dnr=JBzUWaJfMUw8vbXJJ2tVW5-I3jZKvC4wsoxE&amp;amp;amp;amp;amp;amp;trk=nav_responsive_tab_home","https:\/\/www.youtube.com\/channel\/UCxL0wu1uN0_3_7hGG0306cw"]},{"@type":"Person","@id":"https:\/\/www.bellunopress.it\/#\/schema\/person\/79bb06722b37ece1c03d3e94beb30d73","name":"r\u00e9daction","image":{"@type":"ImageObject","inLanguage":"fr-FR","@id":"https:\/\/secure.gravatar.com\/avatar\/37d968a2e67a6fd04c169c4bdef102d0bc5d31b2546345219e348575eb80e9a0?s=96&d=mm&r=g","url":"https:\/\/secure.gravatar.com\/avatar\/37d968a2e67a6fd04c169c4bdef102d0bc5d31b2546345219e348575eb80e9a0?s=96&d=mm&r=g","contentUrl":"https:\/\/secure.gravatar.com\/avatar\/37d968a2e67a6fd04c169c4bdef102d0bc5d31b2546345219e348575eb80e9a0?s=96&d=mm&r=g","caption":"redazione"},"sameAs":["http:\/\/www.bellunopress.it","https:\/\/x.com\/bellunopress"],"url":"https:\/\/www.bellunopress.it\/fr\/author\/redazione\/"}]}},"_links":{"self":[{"href":"https:\/\/www.bellunopress.it\/fr\/wp-json\/wp\/v2\/posts\/170687","targetHints":{"allow":["GET"]}}],"collection":[{"href":"https:\/\/www.bellunopress.it\/fr\/wp-json\/wp\/v2\/posts"}],"about":[{"href":"https:\/\/www.bellunopress.it\/fr\/wp-json\/wp\/v2\/types\/post"}],"author":[{"embeddable":true,"href":"https:\/\/www.bellunopress.it\/fr\/wp-json\/wp\/v2\/users\/2"}],"replies":[{"embeddable":true,"href":"https:\/\/www.bellunopress.it\/fr\/wp-json\/wp\/v2\/comments?post=170687"}],"version-history":[{"count":2,"href":"https:\/\/www.bellunopress.it\/fr\/wp-json\/wp\/v2\/posts\/170687\/revisions"}],"predecessor-version":[{"id":170691,"href":"https:\/\/www.bellunopress.it\/fr\/wp-json\/wp\/v2\/posts\/170687\/revisions\/170691"}],"wp:featuredmedia":[{"embeddable":true,"href":"https:\/\/www.bellunopress.it\/fr\/wp-json\/wp\/v2\/media\/170688"}],"wp:attachment":[{"href":"https:\/\/www.bellunopress.it\/fr\/wp-json\/wp\/v2\/media?parent=170687"}],"wp:term":[{"taxonomy":"category","embeddable":true,"href":"https:\/\/www.bellunopress.it\/fr\/wp-json\/wp\/v2\/categories?post=170687"},{"taxonomy":"post_tag","embeddable":true,"href":"https:\/\/www.bellunopress.it\/fr\/wp-json\/wp\/v2\/tags?post=170687"}],"curies":[{"name":"wp","href":"https:\/\/api.w.org\/{rel}","templated":true}]}}