{"id":170654,"date":"2026-06-02T07:21:00","date_gmt":"2026-06-02T05:21:00","guid":{"rendered":"https:\/\/www.bellunopress.it\/?p=170654"},"modified":"2026-06-02T07:21:00","modified_gmt":"2026-06-02T05:21:00","slug":"la-storia-del-sergente-rizieri-vignaga-internato-militare-raccontata-ai-ragazzi-dalla-figlia-silvana","status":"publish","type":"post","link":"https:\/\/www.bellunopress.it\/fr\/2026\/06\/02\/la-storia-del-sergente-rizieri-vignaga-internato-militare-raccontata-ai-ragazzi-dalla-figlia-silvana\/","title":{"rendered":"La storia del sergente Rizieri Vignaga, internato militare, raccontata ai ragazzi dalla figlia Silvana"},"content":{"rendered":"<p>Lentiai \u2013 Borgo Valbelluna &#8211; Lasciare le pagine dei libri per conoscere la storia attraverso le fonti e le testimonianze ha il potere di far riflettere i ragazzi rendendo la scuola un luogo di apprendimento partecipato e di confronto. All\u2019interno del progetto che ha portato le classi terze del plesso di Lentiai all\u2019animazione della cerimonia per i festeggiamenti del 25 aprile, i ragazzi in questi giorni hanno incontrato Silvana Vignaga, figlia del sergente Rizieri Vignaga, catturato in Albania l\u20198 settembre 1943 e deportato in Germania fino al giorno della liberazione.<\/p>\n<p>Narrando la storia di questo internato militare italiano (IMI), la relatrice ha rapito l\u2019attenzione di tutti i presenti grazie alla sua commossa testimonianza corredata da reperti storici: appunti, pagine di giornale, cartoline e il \u201cregistro nero\u201d il diario dentro il quale, essendo stato investito dell\u2019incarico di fiduciario a garanzia dei soldati con lui internati, Vignaga tenne nota di chi fossero, da dove provenissero, del cibo e del materiale che chiedeva per la loro sopravvivenza il pi\u00f9 possibile dignitosa; le ultime pagine invece le utilizz\u00f2 per raccontare con descrizioni dettagliate e avvincenti il viaggio di ritorno a Feltre. Tutto questo materiale giunse in Italia, nell\u2019estate del 1945, all\u2019interno del suo zaino ed \u00e8 stato conservato fino ad oggi dalla figlia come un tesoro prezioso, permettendo all\u2019ISBREC di dare alle stampe Diari e memorie di guerra (1939 \u2013 1945) testimonianza indelebile di quella che fu la condizione degli IMI.<\/p>\n<p>I.M.I., Internati Militari Italiani, \u00e8 la definizione che le autorit\u00e0 tedesche attribuirono ai soldati italiani catturati, rastrellati e deportati nei territori della Germania Nazista nei giorni immediatamente successivi all&#8217;armistizio e al proclama Badoglio dell\u20198 settembre 1943.<br \/>\nDopo il disarmo, soldati e ufficiali vennero posti davanti alla scelta di continuare a combattere nelle file dell&#8217;esercito tedesco o, in caso contrario, essere inviati in campi di detenzione in Germania. Coloro che si rifiutarono di collaborare con il Reich e con la Repubblica sociale italiana vennero in un primo momento considerati prigionieri di guerra, ma poi cambiarono status divenendo \u201cinternati militari\u201d privi delle garanzie della Convenzione di Ginevra e infine, dall&#8217;autunno del 1944, lavoratori civili, in modo da essere utilizzati come manodopera coatta senza godere delle tutele della Croce Rossa.<br \/>\nQuesto destino riguard\u00f2 809.722 italiani catturati, dei quali 321.000 in Italia 430.000 nei Balcani e 58.722 in Francia, che vissero in gelide baracche con un solo pagliericcio e una sola coperta a testa e poco combustibile per le stufe, quando fuori si raggiungevano i -20\u00b0. Le condizioni igieniche erano precarie: niente servizi, n\u00e9 acqua potabile n\u00e9 sapone, con risultato la diffusione di numerose malattie.<br \/>\nSin dal loro rientro in Italia, che inizi\u00f2 nel giugno del 1945 e si concluse nel febbraio del 1947, gli IMI rappresentarono una realt\u00e0 che la storia ha faticato a gestire. La patria li accolse in una generale indifferenza e talora con malcelata ostilit\u00e0. Solo negli anni 80\/90 vi \u00e8 una revisione storica della loro epopea. Si dovr\u00e0 aspettare il 2006 una legge della Repubblica che concesse, su domanda, quale riconoscimento la medaglia d\u2019onore che purtroppo fu postuma per i pi\u00f9.<\/p>\n<p>Una testimonianza forte e partecipata quella che Silvana ha dedicato a una trentina di ragazzi in un silenzio incredulo, ma ricco di significato, perch\u00e9 il ricordo \u00e8 un atto personale, mentre la memoria \u00e8 patrimonio collettivo che si alimenta attraverso la condivisione dei ricordi.<\/p>","protected":false},"excerpt":{"rendered":"<p>Lentiai \u2013 Borgo Valbelluna &#8211; Lasciare le pagine dei libri per conoscere la storia attraverso le fonti e le testimonianze ha il potere di far riflettere i ragazzi rendendo la scuola un luogo di apprendimento partecipato e di confronto. All\u2019interno del progetto che ha portato le classi terze del plesso di Lentiai all\u2019animazione della cerimonia [&hellip;]<\/p>\n","protected":false},"author":2,"featured_media":170655,"comment_status":"closed","ping_status":"open","sticky":false,"template":"","format":"standard","meta":{"footnotes":""},"categories":[15],"tags":[],"class_list":["post-170654","post","type-post","status-publish","format-standard","has-post-thumbnail","category-scuola"],"yoast_head":"<!-- This site is optimized with the Yoast SEO plugin v28.4 - https:\/\/yoast.com\/product\/yoast-seo-wordpress\/ -->\n<title>La storia del sergente Rizieri Vignaga, internato militare, raccontata ai ragazzi dalla figlia Silvana - Bellunopress - Dolomiti<\/title>\n<meta name=\"robots\" content=\"index, follow, max-snippet:-1, max-image-preview:large, max-video-preview:-1\" \/>\n<link rel=\"canonical\" href=\"https:\/\/www.bellunopress.it\/fr\/2026\/06\/02\/la-storia-del-sergente-rizieri-vignaga-internato-militare-raccontata-ai-ragazzi-dalla-figlia-silvana\/\" \/>\n<meta property=\"og:locale\" content=\"fr_FR\" \/>\n<meta property=\"og:type\" content=\"article\" \/>\n<meta property=\"og:title\" content=\"La storia del sergente Rizieri Vignaga, internato militare, raccontata ai ragazzi dalla figlia Silvana - Bellunopress - Dolomiti\" \/>\n<meta property=\"og:description\" content=\"Lentiai \u2013 Borgo Valbelluna &#8211; Lasciare le pagine dei libri per conoscere la storia attraverso le fonti e le testimonianze ha il potere di far riflettere i ragazzi rendendo la scuola un luogo di apprendimento partecipato e di confronto. All\u2019interno del progetto che ha portato le classi terze del plesso di Lentiai all\u2019animazione della cerimonia [&hellip;]\" \/>\n<meta property=\"og:url\" content=\"https:\/\/www.bellunopress.it\/fr\/2026\/06\/02\/la-storia-del-sergente-rizieri-vignaga-internato-militare-raccontata-ai-ragazzi-dalla-figlia-silvana\/\" \/>\n<meta property=\"og:site_name\" content=\"Bellunopress - Dolomiti\" \/>\n<meta property=\"article:publisher\" content=\"https:\/\/www.facebook.com\/profile.php?id=100008943462799\" \/>\n<meta property=\"article:published_time\" content=\"2026-06-02T05:21:00+00:00\" \/>\n<meta property=\"og:image\" content=\"https:\/\/www.bellunopress.it\/wp-content\/uploads\/2026\/06\/Silvana-Vignaga.jpg\" \/>\n\t<meta property=\"og:image:width\" content=\"500\" \/>\n\t<meta property=\"og:image:height\" content=\"421\" \/>\n\t<meta property=\"og:image:type\" content=\"image\/jpeg\" \/>\n<meta name=\"author\" content=\"redazione\" \/>\n<meta name=\"twitter:card\" content=\"summary_large_image\" \/>\n<meta name=\"twitter:creator\" content=\"@bellunopress\" \/>\n<meta name=\"twitter:site\" content=\"@bellunopress\" \/>\n<meta name=\"twitter:label1\" content=\"Written by\" \/>\n\t<meta name=\"twitter:data1\" content=\"redazione\" \/>\n\t<meta name=\"twitter:label2\" content=\"Est. reading time\" \/>\n\t<meta name=\"twitter:data2\" content=\"4 minutes\" \/>\n<script type=\"application\/ld+json\" class=\"yoast-schema-graph\">{\"@context\":\"https:\\\/\\\/schema.org\",\"@graph\":[{\"@type\":\"Article\",\"@id\":\"https:\\\/\\\/www.bellunopress.it\\\/2026\\\/06\\\/02\\\/la-storia-del-sergente-rizieri-vignaga-internato-militare-raccontata-ai-ragazzi-dalla-figlia-silvana\\\/#article\",\"isPartOf\":{\"@id\":\"https:\\\/\\\/www.bellunopress.it\\\/2026\\\/06\\\/02\\\/la-storia-del-sergente-rizieri-vignaga-internato-militare-raccontata-ai-ragazzi-dalla-figlia-silvana\\\/\"},\"author\":{\"name\":\"redazione\",\"@id\":\"https:\\\/\\\/www.bellunopress.it\\\/#\\\/schema\\\/person\\\/79bb06722b37ece1c03d3e94beb30d73\"},\"headline\":\"La storia del sergente Rizieri Vignaga, internato militare, raccontata ai ragazzi dalla figlia Silvana\",\"datePublished\":\"2026-06-02T05:21:00+00:00\",\"mainEntityOfPage\":{\"@id\":\"https:\\\/\\\/www.bellunopress.it\\\/2026\\\/06\\\/02\\\/la-storia-del-sergente-rizieri-vignaga-internato-militare-raccontata-ai-ragazzi-dalla-figlia-silvana\\\/\"},\"wordCount\":558,\"publisher\":{\"@id\":\"https:\\\/\\\/www.bellunopress.it\\\/#organization\"},\"image\":{\"@id\":\"https:\\\/\\\/www.bellunopress.it\\\/2026\\\/06\\\/02\\\/la-storia-del-sergente-rizieri-vignaga-internato-militare-raccontata-ai-ragazzi-dalla-figlia-silvana\\\/#primaryimage\"},\"thumbnailUrl\":\"https:\\\/\\\/www.bellunopress.it\\\/wp-content\\\/uploads\\\/2026\\\/06\\\/Silvana-Vignaga.jpg\",\"articleSection\":[\"Scuola\"],\"inLanguage\":\"fr-FR\"},{\"@type\":\"WebPage\",\"@id\":\"https:\\\/\\\/www.bellunopress.it\\\/2026\\\/06\\\/02\\\/la-storia-del-sergente-rizieri-vignaga-internato-militare-raccontata-ai-ragazzi-dalla-figlia-silvana\\\/\",\"url\":\"https:\\\/\\\/www.bellunopress.it\\\/2026\\\/06\\\/02\\\/la-storia-del-sergente-rizieri-vignaga-internato-militare-raccontata-ai-ragazzi-dalla-figlia-silvana\\\/\",\"name\":\"La storia del sergente Rizieri Vignaga, internato militare, raccontata ai ragazzi dalla figlia Silvana - Bellunopress - Dolomiti\",\"isPartOf\":{\"@id\":\"https:\\\/\\\/www.bellunopress.it\\\/#website\"},\"primaryImageOfPage\":{\"@id\":\"https:\\\/\\\/www.bellunopress.it\\\/2026\\\/06\\\/02\\\/la-storia-del-sergente-rizieri-vignaga-internato-militare-raccontata-ai-ragazzi-dalla-figlia-silvana\\\/#primaryimage\"},\"image\":{\"@id\":\"https:\\\/\\\/www.bellunopress.it\\\/2026\\\/06\\\/02\\\/la-storia-del-sergente-rizieri-vignaga-internato-militare-raccontata-ai-ragazzi-dalla-figlia-silvana\\\/#primaryimage\"},\"thumbnailUrl\":\"https:\\\/\\\/www.bellunopress.it\\\/wp-content\\\/uploads\\\/2026\\\/06\\\/Silvana-Vignaga.jpg\",\"datePublished\":\"2026-06-02T05:21:00+00:00\",\"breadcrumb\":{\"@id\":\"https:\\\/\\\/www.bellunopress.it\\\/2026\\\/06\\\/02\\\/la-storia-del-sergente-rizieri-vignaga-internato-militare-raccontata-ai-ragazzi-dalla-figlia-silvana\\\/#breadcrumb\"},\"inLanguage\":\"fr-FR\",\"potentialAction\":[{\"@type\":\"ReadAction\",\"target\":[\"https:\\\/\\\/www.bellunopress.it\\\/2026\\\/06\\\/02\\\/la-storia-del-sergente-rizieri-vignaga-internato-militare-raccontata-ai-ragazzi-dalla-figlia-silvana\\\/\"]}]},{\"@type\":\"ImageObject\",\"inLanguage\":\"fr-FR\",\"@id\":\"https:\\\/\\\/www.bellunopress.it\\\/2026\\\/06\\\/02\\\/la-storia-del-sergente-rizieri-vignaga-internato-militare-raccontata-ai-ragazzi-dalla-figlia-silvana\\\/#primaryimage\",\"url\":\"https:\\\/\\\/www.bellunopress.it\\\/wp-content\\\/uploads\\\/2026\\\/06\\\/Silvana-Vignaga.jpg\",\"contentUrl\":\"https:\\\/\\\/www.bellunopress.it\\\/wp-content\\\/uploads\\\/2026\\\/06\\\/Silvana-Vignaga.jpg\",\"width\":500,\"height\":421,\"caption\":\"Silvana VIgnaga\"},{\"@type\":\"BreadcrumbList\",\"@id\":\"https:\\\/\\\/www.bellunopress.it\\\/2026\\\/06\\\/02\\\/la-storia-del-sergente-rizieri-vignaga-internato-militare-raccontata-ai-ragazzi-dalla-figlia-silvana\\\/#breadcrumb\",\"itemListElement\":[{\"@type\":\"ListItem\",\"position\":1,\"name\":\"Home\",\"item\":\"https:\\\/\\\/www.bellunopress.it\\\/\"},{\"@type\":\"ListItem\",\"position\":2,\"name\":\"La storia del sergente Rizieri Vignaga, internato militare, raccontata ai ragazzi dalla figlia Silvana\"}]},{\"@type\":\"WebSite\",\"@id\":\"https:\\\/\\\/www.bellunopress.it\\\/#website\",\"url\":\"https:\\\/\\\/www.bellunopress.it\\\/\",\"name\":\"Bellunopress - Dolomiti\",\"description\":\"e-mail: redazione@bellunopress.it\",\"publisher\":{\"@id\":\"https:\\\/\\\/www.bellunopress.it\\\/#organization\"},\"potentialAction\":[{\"@type\":\"SearchAction\",\"target\":{\"@type\":\"EntryPoint\",\"urlTemplate\":\"https:\\\/\\\/www.bellunopress.it\\\/?s={search_term_string}\"},\"query-input\":{\"@type\":\"PropertyValueSpecification\",\"valueRequired\":true,\"valueName\":\"search_term_string\"}}],\"inLanguage\":\"fr-FR\"},{\"@type\":\"Organization\",\"@id\":\"https:\\\/\\\/www.bellunopress.it\\\/#organization\",\"name\":\"Bellunopress\",\"url\":\"https:\\\/\\\/www.bellunopress.it\\\/\",\"logo\":{\"@type\":\"ImageObject\",\"inLanguage\":\"fr-FR\",\"@id\":\"https:\\\/\\\/www.bellunopress.it\\\/#\\\/schema\\\/logo\\\/image\\\/\",\"url\":\"https:\\\/\\\/www.bellunopress.it\\\/wp-content\\\/uploads\\\/2011\\\/05\\\/cropped-logo-bellunopress-.jpg\",\"contentUrl\":\"https:\\\/\\\/www.bellunopress.it\\\/wp-content\\\/uploads\\\/2011\\\/05\\\/cropped-logo-bellunopress-.jpg\",\"width\":512,\"height\":512,\"caption\":\"Bellunopress\"},\"image\":{\"@id\":\"https:\\\/\\\/www.bellunopress.it\\\/#\\\/schema\\\/logo\\\/image\\\/\"},\"sameAs\":[\"https:\\\/\\\/www.facebook.com\\\/profile.php?id=100008943462799\",\"https:\\\/\\\/x.com\\\/bellunopress\",\"https:\\\/\\\/www.linkedin.com\\\/hp\\\/?dnr=JBzUWaJfMUw8vbXJJ2tVW5-I3jZKvC4wsoxE&amp;amp;amp;amp;amp;amp;trk=nav_responsive_tab_home\",\"https:\\\/\\\/www.youtube.com\\\/channel\\\/UCxL0wu1uN0_3_7hGG0306cw\"]},{\"@type\":\"Person\",\"@id\":\"https:\\\/\\\/www.bellunopress.it\\\/#\\\/schema\\\/person\\\/79bb06722b37ece1c03d3e94beb30d73\",\"name\":\"redazione\",\"image\":{\"@type\":\"ImageObject\",\"inLanguage\":\"fr-FR\",\"@id\":\"https:\\\/\\\/secure.gravatar.com\\\/avatar\\\/37d968a2e67a6fd04c169c4bdef102d0bc5d31b2546345219e348575eb80e9a0?s=96&d=mm&r=g\",\"url\":\"https:\\\/\\\/secure.gravatar.com\\\/avatar\\\/37d968a2e67a6fd04c169c4bdef102d0bc5d31b2546345219e348575eb80e9a0?s=96&d=mm&r=g\",\"contentUrl\":\"https:\\\/\\\/secure.gravatar.com\\\/avatar\\\/37d968a2e67a6fd04c169c4bdef102d0bc5d31b2546345219e348575eb80e9a0?s=96&d=mm&r=g\",\"caption\":\"redazione\"},\"sameAs\":[\"http:\\\/\\\/www.bellunopress.it\",\"https:\\\/\\\/x.com\\\/bellunopress\"],\"url\":\"https:\\\/\\\/www.bellunopress.it\\\/fr\\\/author\\\/redazione\\\/\"}]}<\/script>\n<!-- \/ Yoast SEO plugin. -->","yoast_head_json":{"title":"La storia del sergente Rizieri Vignaga, internato militare, raccontata ai ragazzi dalla figlia Silvana - Bellunopress - Dolomiti","robots":{"index":"index","follow":"follow","max-snippet":"max-snippet:-1","max-image-preview":"max-image-preview:large","max-video-preview":"max-video-preview:-1"},"canonical":"https:\/\/www.bellunopress.it\/fr\/2026\/06\/02\/la-storia-del-sergente-rizieri-vignaga-internato-militare-raccontata-ai-ragazzi-dalla-figlia-silvana\/","og_locale":"fr_FR","og_type":"article","og_title":"La storia del sergente Rizieri Vignaga, internato militare, raccontata ai ragazzi dalla figlia Silvana - Bellunopress - Dolomiti","og_description":"Lentiai \u2013 Borgo Valbelluna &#8211; Lasciare le pagine dei libri per conoscere la storia attraverso le fonti e le testimonianze ha il potere di far riflettere i ragazzi rendendo la scuola un luogo di apprendimento partecipato e di confronto. All\u2019interno del progetto che ha portato le classi terze del plesso di Lentiai all\u2019animazione della cerimonia [&hellip;]","og_url":"https:\/\/www.bellunopress.it\/fr\/2026\/06\/02\/la-storia-del-sergente-rizieri-vignaga-internato-militare-raccontata-ai-ragazzi-dalla-figlia-silvana\/","og_site_name":"Bellunopress - Dolomiti","article_publisher":"https:\/\/www.facebook.com\/profile.php?id=100008943462799","article_published_time":"2026-06-02T05:21:00+00:00","og_image":[{"width":500,"height":421,"url":"https:\/\/www.bellunopress.it\/wp-content\/uploads\/2026\/06\/Silvana-Vignaga.jpg","type":"image\/jpeg"}],"author":"redazione","twitter_card":"summary_large_image","twitter_creator":"@bellunopress","twitter_site":"@bellunopress","twitter_misc":{"Written by":"redazione","Est. reading time":"4 minutes"},"schema":{"@context":"https:\/\/schema.org","@graph":[{"@type":"Article","@id":"https:\/\/www.bellunopress.it\/2026\/06\/02\/la-storia-del-sergente-rizieri-vignaga-internato-militare-raccontata-ai-ragazzi-dalla-figlia-silvana\/#article","isPartOf":{"@id":"https:\/\/www.bellunopress.it\/2026\/06\/02\/la-storia-del-sergente-rizieri-vignaga-internato-militare-raccontata-ai-ragazzi-dalla-figlia-silvana\/"},"author":{"name":"redazione","@id":"https:\/\/www.bellunopress.it\/#\/schema\/person\/79bb06722b37ece1c03d3e94beb30d73"},"headline":"La storia del sergente Rizieri Vignaga, internato militare, raccontata ai ragazzi dalla figlia Silvana","datePublished":"2026-06-02T05:21:00+00:00","mainEntityOfPage":{"@id":"https:\/\/www.bellunopress.it\/2026\/06\/02\/la-storia-del-sergente-rizieri-vignaga-internato-militare-raccontata-ai-ragazzi-dalla-figlia-silvana\/"},"wordCount":558,"publisher":{"@id":"https:\/\/www.bellunopress.it\/#organization"},"image":{"@id":"https:\/\/www.bellunopress.it\/2026\/06\/02\/la-storia-del-sergente-rizieri-vignaga-internato-militare-raccontata-ai-ragazzi-dalla-figlia-silvana\/#primaryimage"},"thumbnailUrl":"https:\/\/www.bellunopress.it\/wp-content\/uploads\/2026\/06\/Silvana-Vignaga.jpg","articleSection":["Scuola"],"inLanguage":"fr-FR"},{"@type":"WebPage","@id":"https:\/\/www.bellunopress.it\/2026\/06\/02\/la-storia-del-sergente-rizieri-vignaga-internato-militare-raccontata-ai-ragazzi-dalla-figlia-silvana\/","url":"https:\/\/www.bellunopress.it\/2026\/06\/02\/la-storia-del-sergente-rizieri-vignaga-internato-militare-raccontata-ai-ragazzi-dalla-figlia-silvana\/","name":"La storia del sergente Rizieri Vignaga, internato militare, raccontata ai ragazzi dalla figlia Silvana - Bellunopress - Dolomiti","isPartOf":{"@id":"https:\/\/www.bellunopress.it\/#website"},"primaryImageOfPage":{"@id":"https:\/\/www.bellunopress.it\/2026\/06\/02\/la-storia-del-sergente-rizieri-vignaga-internato-militare-raccontata-ai-ragazzi-dalla-figlia-silvana\/#primaryimage"},"image":{"@id":"https:\/\/www.bellunopress.it\/2026\/06\/02\/la-storia-del-sergente-rizieri-vignaga-internato-militare-raccontata-ai-ragazzi-dalla-figlia-silvana\/#primaryimage"},"thumbnailUrl":"https:\/\/www.bellunopress.it\/wp-content\/uploads\/2026\/06\/Silvana-Vignaga.jpg","datePublished":"2026-06-02T05:21:00+00:00","breadcrumb":{"@id":"https:\/\/www.bellunopress.it\/2026\/06\/02\/la-storia-del-sergente-rizieri-vignaga-internato-militare-raccontata-ai-ragazzi-dalla-figlia-silvana\/#breadcrumb"},"inLanguage":"fr-FR","potentialAction":[{"@type":"ReadAction","target":["https:\/\/www.bellunopress.it\/2026\/06\/02\/la-storia-del-sergente-rizieri-vignaga-internato-militare-raccontata-ai-ragazzi-dalla-figlia-silvana\/"]}]},{"@type":"ImageObject","inLanguage":"fr-FR","@id":"https:\/\/www.bellunopress.it\/2026\/06\/02\/la-storia-del-sergente-rizieri-vignaga-internato-militare-raccontata-ai-ragazzi-dalla-figlia-silvana\/#primaryimage","url":"https:\/\/www.bellunopress.it\/wp-content\/uploads\/2026\/06\/Silvana-Vignaga.jpg","contentUrl":"https:\/\/www.bellunopress.it\/wp-content\/uploads\/2026\/06\/Silvana-Vignaga.jpg","width":500,"height":421,"caption":"Silvana VIgnaga"},{"@type":"BreadcrumbList","@id":"https:\/\/www.bellunopress.it\/2026\/06\/02\/la-storia-del-sergente-rizieri-vignaga-internato-militare-raccontata-ai-ragazzi-dalla-figlia-silvana\/#breadcrumb","itemListElement":[{"@type":"ListItem","position":1,"name":"Home","item":"https:\/\/www.bellunopress.it\/"},{"@type":"ListItem","position":2,"name":"La storia del sergente Rizieri Vignaga, internato militare, raccontata ai ragazzi dalla figlia Silvana"}]},{"@type":"WebSite","@id":"https:\/\/www.bellunopress.it\/#website","url":"https:\/\/www.bellunopress.it\/","name":"Bellunopress - Dolomiti","description":"e-mail: redazione@bellunopress.it","publisher":{"@id":"https:\/\/www.bellunopress.it\/#organization"},"potentialAction":[{"@type":"SearchAction","target":{"@type":"EntryPoint","urlTemplate":"https:\/\/www.bellunopress.it\/?s={search_term_string}"},"query-input":{"@type":"PropertyValueSpecification","valueRequired":true,"valueName":"search_term_string"}}],"inLanguage":"fr-FR"},{"@type":"Organization","@id":"https:\/\/www.bellunopress.it\/#organization","name":"Bellunopress","url":"https:\/\/www.bellunopress.it\/","logo":{"@type":"ImageObject","inLanguage":"fr-FR","@id":"https:\/\/www.bellunopress.it\/#\/schema\/logo\/image\/","url":"https:\/\/www.bellunopress.it\/wp-content\/uploads\/2011\/05\/cropped-logo-bellunopress-.jpg","contentUrl":"https:\/\/www.bellunopress.it\/wp-content\/uploads\/2011\/05\/cropped-logo-bellunopress-.jpg","width":512,"height":512,"caption":"Bellunopress"},"image":{"@id":"https:\/\/www.bellunopress.it\/#\/schema\/logo\/image\/"},"sameAs":["https:\/\/www.facebook.com\/profile.php?id=100008943462799","https:\/\/x.com\/bellunopress","https:\/\/www.linkedin.com\/hp\/?dnr=JBzUWaJfMUw8vbXJJ2tVW5-I3jZKvC4wsoxE&amp;amp;amp;amp;amp;amp;trk=nav_responsive_tab_home","https:\/\/www.youtube.com\/channel\/UCxL0wu1uN0_3_7hGG0306cw"]},{"@type":"Person","@id":"https:\/\/www.bellunopress.it\/#\/schema\/person\/79bb06722b37ece1c03d3e94beb30d73","name":"r\u00e9daction","image":{"@type":"ImageObject","inLanguage":"fr-FR","@id":"https:\/\/secure.gravatar.com\/avatar\/37d968a2e67a6fd04c169c4bdef102d0bc5d31b2546345219e348575eb80e9a0?s=96&d=mm&r=g","url":"https:\/\/secure.gravatar.com\/avatar\/37d968a2e67a6fd04c169c4bdef102d0bc5d31b2546345219e348575eb80e9a0?s=96&d=mm&r=g","contentUrl":"https:\/\/secure.gravatar.com\/avatar\/37d968a2e67a6fd04c169c4bdef102d0bc5d31b2546345219e348575eb80e9a0?s=96&d=mm&r=g","caption":"redazione"},"sameAs":["http:\/\/www.bellunopress.it","https:\/\/x.com\/bellunopress"],"url":"https:\/\/www.bellunopress.it\/fr\/author\/redazione\/"}]}},"_links":{"self":[{"href":"https:\/\/www.bellunopress.it\/fr\/wp-json\/wp\/v2\/posts\/170654","targetHints":{"allow":["GET"]}}],"collection":[{"href":"https:\/\/www.bellunopress.it\/fr\/wp-json\/wp\/v2\/posts"}],"about":[{"href":"https:\/\/www.bellunopress.it\/fr\/wp-json\/wp\/v2\/types\/post"}],"author":[{"embeddable":true,"href":"https:\/\/www.bellunopress.it\/fr\/wp-json\/wp\/v2\/users\/2"}],"replies":[{"embeddable":true,"href":"https:\/\/www.bellunopress.it\/fr\/wp-json\/wp\/v2\/comments?post=170654"}],"version-history":[{"count":1,"href":"https:\/\/www.bellunopress.it\/fr\/wp-json\/wp\/v2\/posts\/170654\/revisions"}],"predecessor-version":[{"id":170656,"href":"https:\/\/www.bellunopress.it\/fr\/wp-json\/wp\/v2\/posts\/170654\/revisions\/170656"}],"wp:featuredmedia":[{"embeddable":true,"href":"https:\/\/www.bellunopress.it\/fr\/wp-json\/wp\/v2\/media\/170655"}],"wp:attachment":[{"href":"https:\/\/www.bellunopress.it\/fr\/wp-json\/wp\/v2\/media?parent=170654"}],"wp:term":[{"taxonomy":"category","embeddable":true,"href":"https:\/\/www.bellunopress.it\/fr\/wp-json\/wp\/v2\/categories?post=170654"},{"taxonomy":"post_tag","embeddable":true,"href":"https:\/\/www.bellunopress.it\/fr\/wp-json\/wp\/v2\/tags?post=170654"}],"curies":[{"name":"wp","href":"https:\/\/api.w.org\/{rel}","templated":true}]}}