{"id":170648,"date":"2026-06-01T20:46:58","date_gmt":"2026-06-01T18:46:58","guid":{"rendered":"https:\/\/www.bellunopress.it\/?p=170648"},"modified":"2026-06-01T20:46:58","modified_gmt":"2026-06-01T18:46:58","slug":"lacqua-e-il-diritto-del-territorio-ecco-perche-belluno-deve-contare-nella-gestione-dellidroelettrico","status":"publish","type":"post","link":"https:\/\/www.bellunopress.it\/fr\/2026\/06\/01\/lacqua-e-il-diritto-del-territorio-ecco-perche-belluno-deve-contare-nella-gestione-dellidroelettrico\/","title":{"rendered":"L&#8217;acqua e il diritto del territorio. Ecco perch\u00e9 Belluno deve contare nella gestione dell&#8217;idroelettrico"},"content":{"rendered":"<p>La scadenza delle grandi concessioni idroelettriche nell&#8217; anno solare 2029 non \u00e8 soltanto una vicenda amministrativa. \u00c8 una questione istituzionale di primo piano, perch\u00e9 riguarda il rapporto tra energia, territorio, acque pubbliche, autonomia locale e responsabilit\u00e0 costituzionale nella gestione di beni essenziali.<\/p>\n<p>L\u2019idroelettrico bellunese non pu\u00f2, allora, essere letto come un semplice segmento produttivo del sistema energetico regionale. Esso nasce da un territorio montano, utilizza una risorsa naturale localizzata, incide sugli equilibri ambientali dei bacini, condiziona il paesaggio e produce effetti permanenti sulle comunit\u00e0 che convivono con invasi, condotte, derivazioni e servit\u00f9. Sul punto, il quadro costituzionale impone anzitutto una distinzione. La materia dell\u2019energia appartiene alla competenza legislativa concorrente ai sensi dell\u2019art. 117, comma 3, della Costituzione vigente, mentre la tutela dell\u2019ambiente, dell\u2019ecosistema e della concorrenza appartiene alla competenza esclusiva dello Stato. Per questo la Regione del Veneto non agisce in uno spazio libero da vincoli. Deve rispettare i principi statali, l\u2019ordinamento dell\u2019Unione europea, le regole di evidenza pubblica, la trasparenza delle procedure e le condizioni tecniche, finanziarie e organizzative richieste per l\u2019affidamento. In particolare, l&#8217;art. 12 del d.lgs. n. 79\/1999 e successive modificazioni affida alle Regioni un ruolo decisivo nell\u2019assegnazione delle grandi derivazioni idroelettriche, prevedendo procedure competitive, societ\u00e0 a capitale misto pubblico privato o forme di partenariato, sempre nel rispetto del Testo unico sulle societ\u00e0 a partecipazione pubblica.<\/p>\n<p>La legge regionale veneta n. 24\/2022 si colloca in questa cornice. Essa, infatti, disciplina le modalit\u00e0 di assegnazione delle grandi derivazioni d\u2019acqua a uso idroelettrico, qualifica come grandi derivazioni quelle superiori a 3.000 kW di potenza nominale media, attribuisce alla Giunta regionale il compito di determinare le forme di affidamento e consente, in presenza di specifiche ragioni territoriali, tecniche ed economiche, soluzioni organizzative differenziate. Tale assetto conferma che la Regione conserva la regia ordinamentale e procedurale della partita.<\/p>\n<p>Da ci\u00f2, tuttavia, non deriva che la gestione concreta debba necessariamente restare concentrata a livello regionale, n\u00e9 che la Provincia di Belluno possa essere relegata a un ruolo consultivo, accessorio o meramente simbolico (pur incassandone i canoni). Il punto costituzionalmente decisivo \u00e8 proprio questo. La sussidiariet\u00e0 di cui all\u2019art. 118 della Costituzione non significa automatica attribuzione della funzione all\u2019ente pi\u00f9 vicino. Essa opera insieme ai principi di differenziazione e adeguatezza. Il che significa che la funzione deve essere collocata dove pu\u00f2 essere esercitata meglio, tenendo conto della natura dell\u2019interesse pubblico, dell\u2019estensione degli effetti, della capacit\u00e0 amministrativa e della specificit\u00e0 del territorio. Quando la risorsa idrica \u00e8 prodotta, custodita e subita in modo prevalente da un territorio montano, la prossimit\u00e0 istituzionale non \u00e8 un argomento emotivo. Diventa un criterio costituzionalmente rilevante di buona amministrazione, perch\u00e9 consente di collegare la gestione della risorsa alle esigenze reali delle comunit\u00e0 locali, alla manutenzione ambientale, alla sicurezza idrogeologica, alla compensazione territoriale e al contrasto dello spopolamento.<\/p>\n<p>La Provincia di Belluno presenta, inoltre, una specificit\u00e0 che il diritto positivo gi\u00e0 riconosce. La legge regionale n. 25\/2014, in attuazione dello Statuto del Veneto, attribuisce alla Provincia di Belluno forme particolari di autonomia amministrativa, regolamentare e finanziaria, conferendo funzioni anche in materia di risorse idriche ed energetiche. Sulla stessa linea la stessa legge ordinaria dello Stato n. 56\/2014 riconosce, a sua volta, una condizione peculiare alle Province interamente montane e confinanti con Stati esteri, prevedendo funzioni ulteriori e imponendo alle Regioni di valorizzarne l\u2019autonomia nelle materie di propria competenza. Questo dato non consegna automaticamente alla Provincia la titolarit\u00e0 piena e indistinta delle concessioni, per\u00f2 rende costituzionalmente debole qualunque modello che, pur incidendo in modo cos\u00ec profondo sul Bellunese, assegni al territorio un ruolo marginale.<\/p>\n<p>Una soluzione coerente con la Costituzione dovrebbe allora distinguere tra indirizzo regionale e gestione territoriale. Alla Regione spetta garantire l\u2019unit\u00e0 della politica energetica, il rispetto dei vincoli nazionali ed europei, la conformit\u00e0 delle procedure, l\u2019equilibrio con gli altri territori e la compatibilit\u00e0 ambientale generale. Alla Provincia di Belluno, invece, dovrebbe essere riconosciuta una funzione decisiva nella governance degli impianti che insistono sul suo territorio, attraverso un modello che le attribuisca non una presenza ornamentale, bens\u00ec una capacit\u00e0 effettiva di indirizzo, controllo e gestione. La forma tecnica pu\u00f2 essere individuata dal legislatore regionale e dagli atti attuativi. Il criterio politico-costituzionale, per\u00f2, dovrebbe essere chiaro: la Provincia di Belluno non deve essere semplicemente ascoltata, deve poter concorrere in modo determinante alla gestione della risorsa che struttura il suo territorio. Questa impostazione non contraddice l\u2019interesse regionale. Al contrario, lo rende pi\u00f9 solido. Una gestione a forte radicamento bellunese non spezza l\u2019unit\u00e0 del Veneto, poich\u00e9 realizza una forma pi\u00f9 matura di regionalismo, fondata sulla capacit\u00e0 di trattare in modo diverso territori diversi. La differenziazione, del resto, non \u00e8 privilegio, \u00e8 misura di giustizia amministrativa.<\/p>\n<p>Pertanto, in una Provincia montana, dove l\u2019acqua non \u00e8 soltanto energia, bens\u00ec paesaggio, sicurezza, economia locale e identit\u00e0 comunitaria, la gestione provinciale appare costituzionalmente preferibile, se inserita in un quadro regionale di garanzia e coordinamento. La Regione del Veneto pu\u00f2, dunque, costruire un modello nel quale la Provincia di Belluno assuma un ruolo centrale non per rivendicazione localistica, bens\u00ec per coerenza con il principio autonomistico, con l\u2019art. 118 della Costituzione e con la legislazione regionale che gi\u00e0 riconosce la specificit\u00e0 bellunese.<\/p>\n<p><strong>Daniele Trabucco<\/strong><\/p>","protected":false},"excerpt":{"rendered":"<p>La scadenza delle grandi concessioni idroelettriche nell&#8217; anno solare 2029 non \u00e8 soltanto una vicenda amministrativa. \u00c8 una questione istituzionale di primo piano, perch\u00e9 riguarda il rapporto tra energia, territorio, acque pubbliche, autonomia locale e responsabilit\u00e0 costituzionale nella gestione di beni essenziali. L\u2019idroelettrico bellunese non pu\u00f2, allora, essere letto come un semplice segmento produttivo del [&hellip;]<\/p>\n","protected":false},"author":2,"featured_media":122639,"comment_status":"closed","ping_status":"open","sticky":false,"template":"","format":"standard","meta":{"footnotes":""},"categories":[5,26],"tags":[],"class_list":["post-170648","post","type-post","status-publish","format-standard","has-post-thumbnail","category-cronaca","category-prima-pagina"],"yoast_head":"<!-- This site is optimized with the Yoast SEO plugin v28.4 - https:\/\/yoast.com\/product\/yoast-seo-wordpress\/ -->\n<title>L&#039;acqua e il diritto del territorio. Ecco perch\u00e9 Belluno deve contare nella gestione dell&#039;idroelettrico - Bellunopress - Dolomiti<\/title>\n<meta name=\"robots\" content=\"index, follow, max-snippet:-1, max-image-preview:large, max-video-preview:-1\" \/>\n<link rel=\"canonical\" href=\"https:\/\/www.bellunopress.it\/fr\/2026\/06\/01\/lacqua-e-il-diritto-del-territorio-ecco-perche-belluno-deve-contare-nella-gestione-dellidroelettrico\/\" \/>\n<meta property=\"og:locale\" content=\"fr_FR\" \/>\n<meta property=\"og:type\" content=\"article\" \/>\n<meta property=\"og:title\" content=\"L&#039;acqua e il diritto del territorio. Ecco perch\u00e9 Belluno deve contare nella gestione dell&#039;idroelettrico - Bellunopress - Dolomiti\" \/>\n<meta property=\"og:description\" content=\"La scadenza delle grandi concessioni idroelettriche nell&#8217; anno solare 2029 non \u00e8 soltanto una vicenda amministrativa. \u00c8 una questione istituzionale di primo piano, perch\u00e9 riguarda il rapporto tra energia, territorio, acque pubbliche, autonomia locale e responsabilit\u00e0 costituzionale nella gestione di beni essenziali. L\u2019idroelettrico bellunese non pu\u00f2, allora, essere letto come un semplice segmento produttivo del [&hellip;]\" \/>\n<meta property=\"og:url\" content=\"https:\/\/www.bellunopress.it\/fr\/2026\/06\/01\/lacqua-e-il-diritto-del-territorio-ecco-perche-belluno-deve-contare-nella-gestione-dellidroelettrico\/\" \/>\n<meta property=\"og:site_name\" content=\"Bellunopress - Dolomiti\" \/>\n<meta property=\"article:publisher\" content=\"https:\/\/www.facebook.com\/profile.php?id=100008943462799\" \/>\n<meta property=\"article:published_time\" content=\"2026-06-01T18:46:58+00:00\" \/>\n<meta property=\"og:image\" content=\"https:\/\/www.bellunopress.it\/wp-content\/uploads\/2021\/03\/Daniele-Trabucco_edited.jpg\" \/>\n\t<meta property=\"og:image:width\" content=\"960\" \/>\n\t<meta property=\"og:image:height\" content=\"960\" \/>\n\t<meta property=\"og:image:type\" content=\"image\/jpeg\" \/>\n<meta name=\"author\" content=\"redazione\" \/>\n<meta name=\"twitter:card\" content=\"summary_large_image\" \/>\n<meta name=\"twitter:creator\" content=\"@bellunopress\" \/>\n<meta name=\"twitter:site\" content=\"@bellunopress\" \/>\n<meta name=\"twitter:label1\" content=\"\u00c9crit par\" \/>\n\t<meta name=\"twitter:data1\" content=\"redazione\" \/>\n\t<meta name=\"twitter:label2\" content=\"Dur\u00e9e de lecture estim\u00e9e\" \/>\n\t<meta name=\"twitter:data2\" content=\"5 minutes\" \/>\n<script type=\"application\/ld+json\" class=\"yoast-schema-graph\">{\"@context\":\"https:\\\/\\\/schema.org\",\"@graph\":[{\"@type\":\"Article\",\"@id\":\"https:\\\/\\\/www.bellunopress.it\\\/2026\\\/06\\\/01\\\/lacqua-e-il-diritto-del-territorio-ecco-perche-belluno-deve-contare-nella-gestione-dellidroelettrico\\\/#article\",\"isPartOf\":{\"@id\":\"https:\\\/\\\/www.bellunopress.it\\\/2026\\\/06\\\/01\\\/lacqua-e-il-diritto-del-territorio-ecco-perche-belluno-deve-contare-nella-gestione-dellidroelettrico\\\/\"},\"author\":{\"name\":\"redazione\",\"@id\":\"https:\\\/\\\/www.bellunopress.it\\\/#\\\/schema\\\/person\\\/79bb06722b37ece1c03d3e94beb30d73\"},\"headline\":\"L&#8217;acqua e il diritto del territorio. Ecco perch\u00e9 Belluno deve contare nella gestione dell&#8217;idroelettrico\",\"datePublished\":\"2026-06-01T18:46:58+00:00\",\"mainEntityOfPage\":{\"@id\":\"https:\\\/\\\/www.bellunopress.it\\\/2026\\\/06\\\/01\\\/lacqua-e-il-diritto-del-territorio-ecco-perche-belluno-deve-contare-nella-gestione-dellidroelettrico\\\/\"},\"wordCount\":866,\"publisher\":{\"@id\":\"https:\\\/\\\/www.bellunopress.it\\\/#organization\"},\"image\":{\"@id\":\"https:\\\/\\\/www.bellunopress.it\\\/2026\\\/06\\\/01\\\/lacqua-e-il-diritto-del-territorio-ecco-perche-belluno-deve-contare-nella-gestione-dellidroelettrico\\\/#primaryimage\"},\"thumbnailUrl\":\"https:\\\/\\\/www.bellunopress.it\\\/wp-content\\\/uploads\\\/2021\\\/03\\\/Daniele-Trabucco_edited.jpg\",\"articleSection\":[\"Cronaca\\\/Politica\",\"Prima Pagina\"],\"inLanguage\":\"fr-FR\"},{\"@type\":\"WebPage\",\"@id\":\"https:\\\/\\\/www.bellunopress.it\\\/2026\\\/06\\\/01\\\/lacqua-e-il-diritto-del-territorio-ecco-perche-belluno-deve-contare-nella-gestione-dellidroelettrico\\\/\",\"url\":\"https:\\\/\\\/www.bellunopress.it\\\/2026\\\/06\\\/01\\\/lacqua-e-il-diritto-del-territorio-ecco-perche-belluno-deve-contare-nella-gestione-dellidroelettrico\\\/\",\"name\":\"L'acqua e il diritto del territorio. Ecco perch\u00e9 Belluno deve contare nella gestione dell'idroelettrico - Bellunopress - Dolomiti\",\"isPartOf\":{\"@id\":\"https:\\\/\\\/www.bellunopress.it\\\/#website\"},\"primaryImageOfPage\":{\"@id\":\"https:\\\/\\\/www.bellunopress.it\\\/2026\\\/06\\\/01\\\/lacqua-e-il-diritto-del-territorio-ecco-perche-belluno-deve-contare-nella-gestione-dellidroelettrico\\\/#primaryimage\"},\"image\":{\"@id\":\"https:\\\/\\\/www.bellunopress.it\\\/2026\\\/06\\\/01\\\/lacqua-e-il-diritto-del-territorio-ecco-perche-belluno-deve-contare-nella-gestione-dellidroelettrico\\\/#primaryimage\"},\"thumbnailUrl\":\"https:\\\/\\\/www.bellunopress.it\\\/wp-content\\\/uploads\\\/2021\\\/03\\\/Daniele-Trabucco_edited.jpg\",\"datePublished\":\"2026-06-01T18:46:58+00:00\",\"breadcrumb\":{\"@id\":\"https:\\\/\\\/www.bellunopress.it\\\/2026\\\/06\\\/01\\\/lacqua-e-il-diritto-del-territorio-ecco-perche-belluno-deve-contare-nella-gestione-dellidroelettrico\\\/#breadcrumb\"},\"inLanguage\":\"fr-FR\",\"potentialAction\":[{\"@type\":\"ReadAction\",\"target\":[\"https:\\\/\\\/www.bellunopress.it\\\/2026\\\/06\\\/01\\\/lacqua-e-il-diritto-del-territorio-ecco-perche-belluno-deve-contare-nella-gestione-dellidroelettrico\\\/\"]}]},{\"@type\":\"ImageObject\",\"inLanguage\":\"fr-FR\",\"@id\":\"https:\\\/\\\/www.bellunopress.it\\\/2026\\\/06\\\/01\\\/lacqua-e-il-diritto-del-territorio-ecco-perche-belluno-deve-contare-nella-gestione-dellidroelettrico\\\/#primaryimage\",\"url\":\"https:\\\/\\\/www.bellunopress.it\\\/wp-content\\\/uploads\\\/2021\\\/03\\\/Daniele-Trabucco_edited.jpg\",\"contentUrl\":\"https:\\\/\\\/www.bellunopress.it\\\/wp-content\\\/uploads\\\/2021\\\/03\\\/Daniele-Trabucco_edited.jpg\",\"width\":960,\"height\":960,\"caption\":\"Professor Daniele Trabucco, costituzionalista\"},{\"@type\":\"BreadcrumbList\",\"@id\":\"https:\\\/\\\/www.bellunopress.it\\\/2026\\\/06\\\/01\\\/lacqua-e-il-diritto-del-territorio-ecco-perche-belluno-deve-contare-nella-gestione-dellidroelettrico\\\/#breadcrumb\",\"itemListElement\":[{\"@type\":\"ListItem\",\"position\":1,\"name\":\"Home\",\"item\":\"https:\\\/\\\/www.bellunopress.it\\\/\"},{\"@type\":\"ListItem\",\"position\":2,\"name\":\"L&#8217;acqua e il diritto del territorio. Ecco perch\u00e9 Belluno deve contare nella gestione dell&#8217;idroelettrico\"}]},{\"@type\":\"WebSite\",\"@id\":\"https:\\\/\\\/www.bellunopress.it\\\/#website\",\"url\":\"https:\\\/\\\/www.bellunopress.it\\\/\",\"name\":\"Bellunopress - Dolomiti\",\"description\":\"e-mail: redazione@bellunopress.it\",\"publisher\":{\"@id\":\"https:\\\/\\\/www.bellunopress.it\\\/#organization\"},\"potentialAction\":[{\"@type\":\"SearchAction\",\"target\":{\"@type\":\"EntryPoint\",\"urlTemplate\":\"https:\\\/\\\/www.bellunopress.it\\\/?s={search_term_string}\"},\"query-input\":{\"@type\":\"PropertyValueSpecification\",\"valueRequired\":true,\"valueName\":\"search_term_string\"}}],\"inLanguage\":\"fr-FR\"},{\"@type\":\"Organization\",\"@id\":\"https:\\\/\\\/www.bellunopress.it\\\/#organization\",\"name\":\"Bellunopress\",\"url\":\"https:\\\/\\\/www.bellunopress.it\\\/\",\"logo\":{\"@type\":\"ImageObject\",\"inLanguage\":\"fr-FR\",\"@id\":\"https:\\\/\\\/www.bellunopress.it\\\/#\\\/schema\\\/logo\\\/image\\\/\",\"url\":\"https:\\\/\\\/www.bellunopress.it\\\/wp-content\\\/uploads\\\/2011\\\/05\\\/cropped-logo-bellunopress-.jpg\",\"contentUrl\":\"https:\\\/\\\/www.bellunopress.it\\\/wp-content\\\/uploads\\\/2011\\\/05\\\/cropped-logo-bellunopress-.jpg\",\"width\":512,\"height\":512,\"caption\":\"Bellunopress\"},\"image\":{\"@id\":\"https:\\\/\\\/www.bellunopress.it\\\/#\\\/schema\\\/logo\\\/image\\\/\"},\"sameAs\":[\"https:\\\/\\\/www.facebook.com\\\/profile.php?id=100008943462799\",\"https:\\\/\\\/x.com\\\/bellunopress\",\"https:\\\/\\\/www.linkedin.com\\\/hp\\\/?dnr=JBzUWaJfMUw8vbXJJ2tVW5-I3jZKvC4wsoxE&amp;amp;amp;amp;amp;amp;trk=nav_responsive_tab_home\",\"https:\\\/\\\/www.youtube.com\\\/channel\\\/UCxL0wu1uN0_3_7hGG0306cw\"]},{\"@type\":\"Person\",\"@id\":\"https:\\\/\\\/www.bellunopress.it\\\/#\\\/schema\\\/person\\\/79bb06722b37ece1c03d3e94beb30d73\",\"name\":\"redazione\",\"image\":{\"@type\":\"ImageObject\",\"inLanguage\":\"fr-FR\",\"@id\":\"https:\\\/\\\/secure.gravatar.com\\\/avatar\\\/37d968a2e67a6fd04c169c4bdef102d0bc5d31b2546345219e348575eb80e9a0?s=96&d=mm&r=g\",\"url\":\"https:\\\/\\\/secure.gravatar.com\\\/avatar\\\/37d968a2e67a6fd04c169c4bdef102d0bc5d31b2546345219e348575eb80e9a0?s=96&d=mm&r=g\",\"contentUrl\":\"https:\\\/\\\/secure.gravatar.com\\\/avatar\\\/37d968a2e67a6fd04c169c4bdef102d0bc5d31b2546345219e348575eb80e9a0?s=96&d=mm&r=g\",\"caption\":\"redazione\"},\"sameAs\":[\"http:\\\/\\\/www.bellunopress.it\",\"https:\\\/\\\/x.com\\\/bellunopress\"],\"url\":\"https:\\\/\\\/www.bellunopress.it\\\/fr\\\/author\\\/redazione\\\/\"}]}<\/script>\n<!-- \/ Yoast SEO plugin. -->","yoast_head_json":{"title":"L'acqua e il diritto del territorio. Ecco perch\u00e9 Belluno deve contare nella gestione dell'idroelettrico - Bellunopress - Dolomiti","robots":{"index":"index","follow":"follow","max-snippet":"max-snippet:-1","max-image-preview":"max-image-preview:large","max-video-preview":"max-video-preview:-1"},"canonical":"https:\/\/www.bellunopress.it\/fr\/2026\/06\/01\/lacqua-e-il-diritto-del-territorio-ecco-perche-belluno-deve-contare-nella-gestione-dellidroelettrico\/","og_locale":"fr_FR","og_type":"article","og_title":"L'acqua e il diritto del territorio. Ecco perch\u00e9 Belluno deve contare nella gestione dell'idroelettrico - Bellunopress - Dolomiti","og_description":"La scadenza delle grandi concessioni idroelettriche nell&#8217; anno solare 2029 non \u00e8 soltanto una vicenda amministrativa. \u00c8 una questione istituzionale di primo piano, perch\u00e9 riguarda il rapporto tra energia, territorio, acque pubbliche, autonomia locale e responsabilit\u00e0 costituzionale nella gestione di beni essenziali. L\u2019idroelettrico bellunese non pu\u00f2, allora, essere letto come un semplice segmento produttivo del [&hellip;]","og_url":"https:\/\/www.bellunopress.it\/fr\/2026\/06\/01\/lacqua-e-il-diritto-del-territorio-ecco-perche-belluno-deve-contare-nella-gestione-dellidroelettrico\/","og_site_name":"Bellunopress - Dolomiti","article_publisher":"https:\/\/www.facebook.com\/profile.php?id=100008943462799","article_published_time":"2026-06-01T18:46:58+00:00","og_image":[{"width":960,"height":960,"url":"https:\/\/www.bellunopress.it\/wp-content\/uploads\/2021\/03\/Daniele-Trabucco_edited.jpg","type":"image\/jpeg"}],"author":"redazione","twitter_card":"summary_large_image","twitter_creator":"@bellunopress","twitter_site":"@bellunopress","twitter_misc":{"\u00c9crit par":"redazione","Dur\u00e9e de lecture estim\u00e9e":"5 minutes"},"schema":{"@context":"https:\/\/schema.org","@graph":[{"@type":"Article","@id":"https:\/\/www.bellunopress.it\/2026\/06\/01\/lacqua-e-il-diritto-del-territorio-ecco-perche-belluno-deve-contare-nella-gestione-dellidroelettrico\/#article","isPartOf":{"@id":"https:\/\/www.bellunopress.it\/2026\/06\/01\/lacqua-e-il-diritto-del-territorio-ecco-perche-belluno-deve-contare-nella-gestione-dellidroelettrico\/"},"author":{"name":"redazione","@id":"https:\/\/www.bellunopress.it\/#\/schema\/person\/79bb06722b37ece1c03d3e94beb30d73"},"headline":"L&#8217;acqua e il diritto del territorio. Ecco perch\u00e9 Belluno deve contare nella gestione dell&#8217;idroelettrico","datePublished":"2026-06-01T18:46:58+00:00","mainEntityOfPage":{"@id":"https:\/\/www.bellunopress.it\/2026\/06\/01\/lacqua-e-il-diritto-del-territorio-ecco-perche-belluno-deve-contare-nella-gestione-dellidroelettrico\/"},"wordCount":866,"publisher":{"@id":"https:\/\/www.bellunopress.it\/#organization"},"image":{"@id":"https:\/\/www.bellunopress.it\/2026\/06\/01\/lacqua-e-il-diritto-del-territorio-ecco-perche-belluno-deve-contare-nella-gestione-dellidroelettrico\/#primaryimage"},"thumbnailUrl":"https:\/\/www.bellunopress.it\/wp-content\/uploads\/2021\/03\/Daniele-Trabucco_edited.jpg","articleSection":["Cronaca\/Politica","Prima Pagina"],"inLanguage":"fr-FR"},{"@type":"WebPage","@id":"https:\/\/www.bellunopress.it\/2026\/06\/01\/lacqua-e-il-diritto-del-territorio-ecco-perche-belluno-deve-contare-nella-gestione-dellidroelettrico\/","url":"https:\/\/www.bellunopress.it\/2026\/06\/01\/lacqua-e-il-diritto-del-territorio-ecco-perche-belluno-deve-contare-nella-gestione-dellidroelettrico\/","name":"L'acqua e il diritto del territorio. Ecco perch\u00e9 Belluno deve contare nella gestione dell'idroelettrico - Bellunopress - Dolomiti","isPartOf":{"@id":"https:\/\/www.bellunopress.it\/#website"},"primaryImageOfPage":{"@id":"https:\/\/www.bellunopress.it\/2026\/06\/01\/lacqua-e-il-diritto-del-territorio-ecco-perche-belluno-deve-contare-nella-gestione-dellidroelettrico\/#primaryimage"},"image":{"@id":"https:\/\/www.bellunopress.it\/2026\/06\/01\/lacqua-e-il-diritto-del-territorio-ecco-perche-belluno-deve-contare-nella-gestione-dellidroelettrico\/#primaryimage"},"thumbnailUrl":"https:\/\/www.bellunopress.it\/wp-content\/uploads\/2021\/03\/Daniele-Trabucco_edited.jpg","datePublished":"2026-06-01T18:46:58+00:00","breadcrumb":{"@id":"https:\/\/www.bellunopress.it\/2026\/06\/01\/lacqua-e-il-diritto-del-territorio-ecco-perche-belluno-deve-contare-nella-gestione-dellidroelettrico\/#breadcrumb"},"inLanguage":"fr-FR","potentialAction":[{"@type":"ReadAction","target":["https:\/\/www.bellunopress.it\/2026\/06\/01\/lacqua-e-il-diritto-del-territorio-ecco-perche-belluno-deve-contare-nella-gestione-dellidroelettrico\/"]}]},{"@type":"ImageObject","inLanguage":"fr-FR","@id":"https:\/\/www.bellunopress.it\/2026\/06\/01\/lacqua-e-il-diritto-del-territorio-ecco-perche-belluno-deve-contare-nella-gestione-dellidroelettrico\/#primaryimage","url":"https:\/\/www.bellunopress.it\/wp-content\/uploads\/2021\/03\/Daniele-Trabucco_edited.jpg","contentUrl":"https:\/\/www.bellunopress.it\/wp-content\/uploads\/2021\/03\/Daniele-Trabucco_edited.jpg","width":960,"height":960,"caption":"Professor Daniele Trabucco, costituzionalista"},{"@type":"BreadcrumbList","@id":"https:\/\/www.bellunopress.it\/2026\/06\/01\/lacqua-e-il-diritto-del-territorio-ecco-perche-belluno-deve-contare-nella-gestione-dellidroelettrico\/#breadcrumb","itemListElement":[{"@type":"ListItem","position":1,"name":"Home","item":"https:\/\/www.bellunopress.it\/"},{"@type":"ListItem","position":2,"name":"L&#8217;acqua e il diritto del territorio. Ecco perch\u00e9 Belluno deve contare nella gestione dell&#8217;idroelettrico"}]},{"@type":"WebSite","@id":"https:\/\/www.bellunopress.it\/#website","url":"https:\/\/www.bellunopress.it\/","name":"Bellunopress - Dolomiti","description":"e-mail: redazione@bellunopress.it","publisher":{"@id":"https:\/\/www.bellunopress.it\/#organization"},"potentialAction":[{"@type":"SearchAction","target":{"@type":"EntryPoint","urlTemplate":"https:\/\/www.bellunopress.it\/?s={search_term_string}"},"query-input":{"@type":"PropertyValueSpecification","valueRequired":true,"valueName":"search_term_string"}}],"inLanguage":"fr-FR"},{"@type":"Organization","@id":"https:\/\/www.bellunopress.it\/#organization","name":"Bellunopress","url":"https:\/\/www.bellunopress.it\/","logo":{"@type":"ImageObject","inLanguage":"fr-FR","@id":"https:\/\/www.bellunopress.it\/#\/schema\/logo\/image\/","url":"https:\/\/www.bellunopress.it\/wp-content\/uploads\/2011\/05\/cropped-logo-bellunopress-.jpg","contentUrl":"https:\/\/www.bellunopress.it\/wp-content\/uploads\/2011\/05\/cropped-logo-bellunopress-.jpg","width":512,"height":512,"caption":"Bellunopress"},"image":{"@id":"https:\/\/www.bellunopress.it\/#\/schema\/logo\/image\/"},"sameAs":["https:\/\/www.facebook.com\/profile.php?id=100008943462799","https:\/\/x.com\/bellunopress","https:\/\/www.linkedin.com\/hp\/?dnr=JBzUWaJfMUw8vbXJJ2tVW5-I3jZKvC4wsoxE&amp;amp;amp;amp;amp;amp;trk=nav_responsive_tab_home","https:\/\/www.youtube.com\/channel\/UCxL0wu1uN0_3_7hGG0306cw"]},{"@type":"Person","@id":"https:\/\/www.bellunopress.it\/#\/schema\/person\/79bb06722b37ece1c03d3e94beb30d73","name":"r\u00e9daction","image":{"@type":"ImageObject","inLanguage":"fr-FR","@id":"https:\/\/secure.gravatar.com\/avatar\/37d968a2e67a6fd04c169c4bdef102d0bc5d31b2546345219e348575eb80e9a0?s=96&d=mm&r=g","url":"https:\/\/secure.gravatar.com\/avatar\/37d968a2e67a6fd04c169c4bdef102d0bc5d31b2546345219e348575eb80e9a0?s=96&d=mm&r=g","contentUrl":"https:\/\/secure.gravatar.com\/avatar\/37d968a2e67a6fd04c169c4bdef102d0bc5d31b2546345219e348575eb80e9a0?s=96&d=mm&r=g","caption":"redazione"},"sameAs":["http:\/\/www.bellunopress.it","https:\/\/x.com\/bellunopress"],"url":"https:\/\/www.bellunopress.it\/fr\/author\/redazione\/"}]}},"_links":{"self":[{"href":"https:\/\/www.bellunopress.it\/fr\/wp-json\/wp\/v2\/posts\/170648","targetHints":{"allow":["GET"]}}],"collection":[{"href":"https:\/\/www.bellunopress.it\/fr\/wp-json\/wp\/v2\/posts"}],"about":[{"href":"https:\/\/www.bellunopress.it\/fr\/wp-json\/wp\/v2\/types\/post"}],"author":[{"embeddable":true,"href":"https:\/\/www.bellunopress.it\/fr\/wp-json\/wp\/v2\/users\/2"}],"replies":[{"embeddable":true,"href":"https:\/\/www.bellunopress.it\/fr\/wp-json\/wp\/v2\/comments?post=170648"}],"version-history":[{"count":1,"href":"https:\/\/www.bellunopress.it\/fr\/wp-json\/wp\/v2\/posts\/170648\/revisions"}],"predecessor-version":[{"id":170649,"href":"https:\/\/www.bellunopress.it\/fr\/wp-json\/wp\/v2\/posts\/170648\/revisions\/170649"}],"wp:featuredmedia":[{"embeddable":true,"href":"https:\/\/www.bellunopress.it\/fr\/wp-json\/wp\/v2\/media\/122639"}],"wp:attachment":[{"href":"https:\/\/www.bellunopress.it\/fr\/wp-json\/wp\/v2\/media?parent=170648"}],"wp:term":[{"taxonomy":"category","embeddable":true,"href":"https:\/\/www.bellunopress.it\/fr\/wp-json\/wp\/v2\/categories?post=170648"},{"taxonomy":"post_tag","embeddable":true,"href":"https:\/\/www.bellunopress.it\/fr\/wp-json\/wp\/v2\/tags?post=170648"}],"curies":[{"name":"wp","href":"https:\/\/api.w.org\/{rel}","templated":true}]}}