{"id":170631,"date":"2026-06-01T12:35:06","date_gmt":"2026-06-01T10:35:06","guid":{"rendered":"https:\/\/www.bellunopress.it\/?p=170631"},"modified":"2026-06-03T06:06:38","modified_gmt":"2026-06-03T04:06:38","slug":"follia-in-centro-a-belluno-pestaggio-di-gruppo-ai-danni-di-un-immigrato-sei-giovani-bellunesi-nei-guai","status":"publish","type":"post","link":"https:\/\/www.bellunopress.it\/fr\/2026\/06\/01\/follia-in-centro-a-belluno-pestaggio-di-gruppo-ai-danni-di-un-immigrato-sei-giovani-bellunesi-nei-guai\/","title":{"rendered":"Follia in centro a Belluno: pestaggio di gruppo ai danni di un immigrato, sei giovani bellunesi nei guai"},"content":{"rendered":"<p data-path-to-node=\"3\">Belluno\u00a0\u2013 Un episodio di violenza gratuita e inaudita ha scosso il cuore della citt\u00e0 in una tranquilla notte di sabato dello scorso 22 marzo. Il contatto tra aggressori e la vittima, un cittadino di origini egiziane del 1980, avviene nei pressi del tabacchino sotto i portici al centro di piazza dei MartiriE&#8217; successo In pieno centro storico, nei pressi di Piazza dei Martiri, un cittadino di origini egiziane del 1980. Tutto inizia con un semplice scambio di parole, poi l&#8217;escalation l&#8217;aggressione e l&#8217;inseguimento della vittima che fugge per via Roma e poi via Loreto. Un&#8217;aggressione brutale da parte del branco\u00a0 composto da sei giovanissimi bellunesi, tra cui due minorenni.<\/p>\n<p data-path-to-node=\"5\">Secondo quanto ricostruito dagli investigatori della Squadra Mobile, guidati dalla dirigente Cristina Rizzo, l&#8217;incontro tra il gruppo e la vittima \u00e8 avvenuto in modo del tutto casuale attorno alle 3:00 del mattino. Quello che era iniziato come uno scambio verbale apparentemente tranquillo \u00e8 degenerato rapidamente in una violenta escalation.<\/p>\n<p data-path-to-node=\"6\">L\u2019uomo \u00e8 stato aggredito a pi\u00f9 riprese:<\/p>\n<ul data-path-to-node=\"7\">\n<li>\n<p data-path-to-node=\"7,0,0\">Prima aggressione: un diverbio sfociato in una spinta iniziale.<\/p>\n<\/li>\n<li>\n<p data-path-to-node=\"7,1,0\">Inseguimento: la vittima ha tentato di fuggire, ma \u00e8 stata raggiunta e colpita nuovamente.<\/p>\n<\/li>\n<li>\n<p data-path-to-node=\"7,2,0\">Il pestaggio finale: raggiunto per la terza volta, l&#8217;uomo \u00e8 stato scaraventato a terra e colpito con estrema ferocia, ricevendo persino dei calci in pieno volto.<\/p>\n<\/li>\n<\/ul>\n<p data-path-to-node=\"8\">L\u2019intervento di un passante, attirato dalle grida della vittima, ha evitato il peggio, mettendo in fuga gli aggressori e permettendo l&#8217;arrivo dei soccorsi del 118 e delle volanti della Polizia. L&#8217;uomo \u00e8 stato trasportato in ospedale con lesioni al volto e vistosi ematomi su tutto il corpo.<\/p>\n<p data-path-to-node=\"10\">A incastrare i responsabili \u00e8 stata l&#8217;analisi incrociata dei sistemi di videosorveglianza cittadina. Ma c&#8217;\u00e8 un dettaglio che ha reso la vicenda ancora pi\u00f9 inquietante: l&#8217;aggressione \u00e8 stata filmata e il video \u00e8 stato successivamente divulgato su diverse chat di WhatsApp.<\/p>\n<blockquote data-path-to-node=\"11\">\n<h6 style=\"text-align: left;\" data-path-to-node=\"11,0\">&#8220;Non si \u00e8 trattato di una semplice &#8216;bravata&#8217;, ma della commissione di reati gravi che avrebbero potuto avere conseguenze drammatiche&#8221;, ha dichiarato il Questore Roberto Della Rocca.<\/h6>\n<\/blockquote>\n<p data-path-to-node=\"13\">I sei indagati sono tutti residenti nel bellunese, nati tra il 2006 e il 2008. Tra i quattro maggiorenni, uno risulta avere gi\u00e0 precedenti specifici per lesioni. Nonostante la gravit\u00e0 del fatto, gli inquirenti hanno riscontrato un preoccupante clima di omert\u00e0 tra alcuni conoscenti dei ragazzi, sebbene altri giovani abbiano collaborato fornendo elementi utili all&#8217;identificazione.<\/p>\n<p data-path-to-node=\"14\">Il Questore Della Rocca ha espresso profonda amarezza per l&#8217;assenza di motivazioni dietro il gesto: &#8220;La domanda che mi pongo, come questore e come padre, \u00e8: perch\u00e9? Non c&#8217;\u00e8 una motivazione politica o personale. \u00c8 un segnale di un disagio sociale e di una mancanza di consapevolezza delle proprie azioni che non possiamo ignorare&#8221;.<\/p>\n<p data-path-to-node=\"14\">Gli investigatori hanno anche accertato la divulgazione dell\u2019aggressione tramite i canali social.<\/p>\n<p data-path-to-node=\"15\">Attualmente \u00e8 in corso un procedimento penale e il Questore sta valutando l&#8217;adozione di rigorose misure di prevenzione nei confronti dei giovani coinvolti, per dare un segnale forte alla cittadinanza e alle famiglie.<\/p>","protected":false},"excerpt":{"rendered":"<p>Belluno\u00a0\u2013 Un episodio di violenza gratuita e inaudita ha scosso il cuore della citt\u00e0 in una tranquilla notte di sabato dello scorso 22 marzo. Il contatto tra aggressori e la vittima, un cittadino di origini egiziane del 1980, avviene nei pressi del tabacchino sotto i portici al centro di piazza dei MartiriE&#8217; successo In pieno [&hellip;]<\/p>\n","protected":false},"author":2,"featured_media":170632,"comment_status":"closed","ping_status":"open","sticky":false,"template":"","format":"standard","meta":{"footnotes":""},"categories":[5,26],"tags":[],"class_list":["post-170631","post","type-post","status-publish","format-standard","has-post-thumbnail","category-cronaca","category-prima-pagina"],"yoast_head":"<!-- This site is optimized with the Yoast SEO plugin v28.4 - https:\/\/yoast.com\/product\/yoast-seo-wordpress\/ -->\n<title>Follia in centro a Belluno: pestaggio di gruppo ai danni di un immigrato, sei giovani bellunesi nei guai - Bellunopress - Dolomiti<\/title>\n<meta name=\"robots\" content=\"index, follow, max-snippet:-1, max-image-preview:large, max-video-preview:-1\" \/>\n<link rel=\"canonical\" href=\"https:\/\/www.bellunopress.it\/fr\/2026\/06\/01\/follia-in-centro-a-belluno-pestaggio-di-gruppo-ai-danni-di-un-immigrato-sei-giovani-bellunesi-nei-guai\/\" \/>\n<meta property=\"og:locale\" content=\"fr_FR\" \/>\n<meta property=\"og:type\" content=\"article\" \/>\n<meta property=\"og:title\" content=\"Follia in centro a Belluno: pestaggio di gruppo ai danni di un immigrato, sei giovani bellunesi nei guai - Bellunopress - Dolomiti\" \/>\n<meta property=\"og:description\" content=\"Belluno\u00a0\u2013 Un episodio di violenza gratuita e inaudita ha scosso il cuore della citt\u00e0 in una tranquilla notte di sabato dello scorso 22 marzo. Il contatto tra aggressori e la vittima, un cittadino di origini egiziane del 1980, avviene nei pressi del tabacchino sotto i portici al centro di piazza dei MartiriE&#8217; successo In pieno [&hellip;]\" \/>\n<meta property=\"og:url\" content=\"https:\/\/www.bellunopress.it\/fr\/2026\/06\/01\/follia-in-centro-a-belluno-pestaggio-di-gruppo-ai-danni-di-un-immigrato-sei-giovani-bellunesi-nei-guai\/\" \/>\n<meta property=\"og:site_name\" content=\"Bellunopress - Dolomiti\" \/>\n<meta property=\"article:publisher\" content=\"https:\/\/www.facebook.com\/profile.php?id=100008943462799\" \/>\n<meta property=\"article:published_time\" content=\"2026-06-01T10:35:06+00:00\" \/>\n<meta property=\"article:modified_time\" content=\"2026-06-03T04:06:38+00:00\" \/>\n<meta property=\"og:image\" content=\"https:\/\/www.bellunopress.it\/wp-content\/uploads\/2026\/06\/comm-Cristina-Rizzo-Squadra-mob-Quiestore-Roberto-Della-Rocca-comm-Sofia-Pierini-capo-sq-volanti.jpg\" \/>\n\t<meta property=\"og:image:width\" content=\"500\" \/>\n\t<meta property=\"og:image:height\" content=\"455\" \/>\n\t<meta property=\"og:image:type\" content=\"image\/jpeg\" \/>\n<meta name=\"author\" content=\"redazione\" \/>\n<meta name=\"twitter:card\" content=\"summary_large_image\" \/>\n<meta name=\"twitter:creator\" content=\"@bellunopress\" \/>\n<meta name=\"twitter:site\" content=\"@bellunopress\" \/>\n<meta name=\"twitter:label1\" content=\"\u00c9crit par\" \/>\n\t<meta name=\"twitter:data1\" content=\"redazione\" \/>\n\t<meta name=\"twitter:label2\" content=\"Dur\u00e9e de lecture estim\u00e9e\" \/>\n\t<meta name=\"twitter:data2\" content=\"3 minutes\" \/>\n<script type=\"application\/ld+json\" class=\"yoast-schema-graph\">{\"@context\":\"https:\\\/\\\/schema.org\",\"@graph\":[{\"@type\":\"Article\",\"@id\":\"https:\\\/\\\/www.bellunopress.it\\\/2026\\\/06\\\/01\\\/follia-in-centro-a-belluno-pestaggio-di-gruppo-ai-danni-di-un-immigrato-sei-giovani-bellunesi-nei-guai\\\/#article\",\"isPartOf\":{\"@id\":\"https:\\\/\\\/www.bellunopress.it\\\/2026\\\/06\\\/01\\\/follia-in-centro-a-belluno-pestaggio-di-gruppo-ai-danni-di-un-immigrato-sei-giovani-bellunesi-nei-guai\\\/\"},\"author\":{\"name\":\"redazione\",\"@id\":\"https:\\\/\\\/www.bellunopress.it\\\/#\\\/schema\\\/person\\\/79bb06722b37ece1c03d3e94beb30d73\"},\"headline\":\"Follia in centro a Belluno: pestaggio di gruppo ai danni di un immigrato, sei giovani bellunesi nei guai\",\"datePublished\":\"2026-06-01T10:35:06+00:00\",\"dateModified\":\"2026-06-03T04:06:38+00:00\",\"mainEntityOfPage\":{\"@id\":\"https:\\\/\\\/www.bellunopress.it\\\/2026\\\/06\\\/01\\\/follia-in-centro-a-belluno-pestaggio-di-gruppo-ai-danni-di-un-immigrato-sei-giovani-bellunesi-nei-guai\\\/\"},\"wordCount\":497,\"publisher\":{\"@id\":\"https:\\\/\\\/www.bellunopress.it\\\/#organization\"},\"image\":{\"@id\":\"https:\\\/\\\/www.bellunopress.it\\\/2026\\\/06\\\/01\\\/follia-in-centro-a-belluno-pestaggio-di-gruppo-ai-danni-di-un-immigrato-sei-giovani-bellunesi-nei-guai\\\/#primaryimage\"},\"thumbnailUrl\":\"https:\\\/\\\/www.bellunopress.it\\\/wp-content\\\/uploads\\\/2026\\\/06\\\/comm-Cristina-Rizzo-Squadra-mob-Quiestore-Roberto-Della-Rocca-comm-Sofia-Pierini-capo-sq-volanti.jpg\",\"articleSection\":[\"Cronaca\\\/Politica\",\"Prima Pagina\"],\"inLanguage\":\"fr-FR\"},{\"@type\":\"WebPage\",\"@id\":\"https:\\\/\\\/www.bellunopress.it\\\/2026\\\/06\\\/01\\\/follia-in-centro-a-belluno-pestaggio-di-gruppo-ai-danni-di-un-immigrato-sei-giovani-bellunesi-nei-guai\\\/\",\"url\":\"https:\\\/\\\/www.bellunopress.it\\\/2026\\\/06\\\/01\\\/follia-in-centro-a-belluno-pestaggio-di-gruppo-ai-danni-di-un-immigrato-sei-giovani-bellunesi-nei-guai\\\/\",\"name\":\"Follia in centro a Belluno: pestaggio di gruppo ai danni di un immigrato, sei giovani bellunesi nei guai - Bellunopress - Dolomiti\",\"isPartOf\":{\"@id\":\"https:\\\/\\\/www.bellunopress.it\\\/#website\"},\"primaryImageOfPage\":{\"@id\":\"https:\\\/\\\/www.bellunopress.it\\\/2026\\\/06\\\/01\\\/follia-in-centro-a-belluno-pestaggio-di-gruppo-ai-danni-di-un-immigrato-sei-giovani-bellunesi-nei-guai\\\/#primaryimage\"},\"image\":{\"@id\":\"https:\\\/\\\/www.bellunopress.it\\\/2026\\\/06\\\/01\\\/follia-in-centro-a-belluno-pestaggio-di-gruppo-ai-danni-di-un-immigrato-sei-giovani-bellunesi-nei-guai\\\/#primaryimage\"},\"thumbnailUrl\":\"https:\\\/\\\/www.bellunopress.it\\\/wp-content\\\/uploads\\\/2026\\\/06\\\/comm-Cristina-Rizzo-Squadra-mob-Quiestore-Roberto-Della-Rocca-comm-Sofia-Pierini-capo-sq-volanti.jpg\",\"datePublished\":\"2026-06-01T10:35:06+00:00\",\"dateModified\":\"2026-06-03T04:06:38+00:00\",\"breadcrumb\":{\"@id\":\"https:\\\/\\\/www.bellunopress.it\\\/2026\\\/06\\\/01\\\/follia-in-centro-a-belluno-pestaggio-di-gruppo-ai-danni-di-un-immigrato-sei-giovani-bellunesi-nei-guai\\\/#breadcrumb\"},\"inLanguage\":\"fr-FR\",\"potentialAction\":[{\"@type\":\"ReadAction\",\"target\":[\"https:\\\/\\\/www.bellunopress.it\\\/2026\\\/06\\\/01\\\/follia-in-centro-a-belluno-pestaggio-di-gruppo-ai-danni-di-un-immigrato-sei-giovani-bellunesi-nei-guai\\\/\"]}]},{\"@type\":\"ImageObject\",\"inLanguage\":\"fr-FR\",\"@id\":\"https:\\\/\\\/www.bellunopress.it\\\/2026\\\/06\\\/01\\\/follia-in-centro-a-belluno-pestaggio-di-gruppo-ai-danni-di-un-immigrato-sei-giovani-bellunesi-nei-guai\\\/#primaryimage\",\"url\":\"https:\\\/\\\/www.bellunopress.it\\\/wp-content\\\/uploads\\\/2026\\\/06\\\/comm-Cristina-Rizzo-Squadra-mob-Quiestore-Roberto-Della-Rocca-comm-Sofia-Pierini-capo-sq-volanti.jpg\",\"contentUrl\":\"https:\\\/\\\/www.bellunopress.it\\\/wp-content\\\/uploads\\\/2026\\\/06\\\/comm-Cristina-Rizzo-Squadra-mob-Quiestore-Roberto-Della-Rocca-comm-Sofia-Pierini-capo-sq-volanti.jpg\",\"width\":500,\"height\":455,\"caption\":\"da sinistra: commissario Cristina Rizzo capo della Squadra Mobile, questore Roberto Della Rocca, commissario Sofia Pierini capo Squadra Volante\"},{\"@type\":\"BreadcrumbList\",\"@id\":\"https:\\\/\\\/www.bellunopress.it\\\/2026\\\/06\\\/01\\\/follia-in-centro-a-belluno-pestaggio-di-gruppo-ai-danni-di-un-immigrato-sei-giovani-bellunesi-nei-guai\\\/#breadcrumb\",\"itemListElement\":[{\"@type\":\"ListItem\",\"position\":1,\"name\":\"Home\",\"item\":\"https:\\\/\\\/www.bellunopress.it\\\/\"},{\"@type\":\"ListItem\",\"position\":2,\"name\":\"Follia in centro a Belluno: pestaggio di gruppo ai danni di un immigrato, sei giovani bellunesi nei guai\"}]},{\"@type\":\"WebSite\",\"@id\":\"https:\\\/\\\/www.bellunopress.it\\\/#website\",\"url\":\"https:\\\/\\\/www.bellunopress.it\\\/\",\"name\":\"Bellunopress - Dolomiti\",\"description\":\"e-mail: redazione@bellunopress.it\",\"publisher\":{\"@id\":\"https:\\\/\\\/www.bellunopress.it\\\/#organization\"},\"potentialAction\":[{\"@type\":\"SearchAction\",\"target\":{\"@type\":\"EntryPoint\",\"urlTemplate\":\"https:\\\/\\\/www.bellunopress.it\\\/?s={search_term_string}\"},\"query-input\":{\"@type\":\"PropertyValueSpecification\",\"valueRequired\":true,\"valueName\":\"search_term_string\"}}],\"inLanguage\":\"fr-FR\"},{\"@type\":\"Organization\",\"@id\":\"https:\\\/\\\/www.bellunopress.it\\\/#organization\",\"name\":\"Bellunopress\",\"url\":\"https:\\\/\\\/www.bellunopress.it\\\/\",\"logo\":{\"@type\":\"ImageObject\",\"inLanguage\":\"fr-FR\",\"@id\":\"https:\\\/\\\/www.bellunopress.it\\\/#\\\/schema\\\/logo\\\/image\\\/\",\"url\":\"https:\\\/\\\/www.bellunopress.it\\\/wp-content\\\/uploads\\\/2011\\\/05\\\/cropped-logo-bellunopress-.jpg\",\"contentUrl\":\"https:\\\/\\\/www.bellunopress.it\\\/wp-content\\\/uploads\\\/2011\\\/05\\\/cropped-logo-bellunopress-.jpg\",\"width\":512,\"height\":512,\"caption\":\"Bellunopress\"},\"image\":{\"@id\":\"https:\\\/\\\/www.bellunopress.it\\\/#\\\/schema\\\/logo\\\/image\\\/\"},\"sameAs\":[\"https:\\\/\\\/www.facebook.com\\\/profile.php?id=100008943462799\",\"https:\\\/\\\/x.com\\\/bellunopress\",\"https:\\\/\\\/www.linkedin.com\\\/hp\\\/?dnr=JBzUWaJfMUw8vbXJJ2tVW5-I3jZKvC4wsoxE&amp;amp;amp;amp;amp;amp;trk=nav_responsive_tab_home\",\"https:\\\/\\\/www.youtube.com\\\/channel\\\/UCxL0wu1uN0_3_7hGG0306cw\"]},{\"@type\":\"Person\",\"@id\":\"https:\\\/\\\/www.bellunopress.it\\\/#\\\/schema\\\/person\\\/79bb06722b37ece1c03d3e94beb30d73\",\"name\":\"redazione\",\"image\":{\"@type\":\"ImageObject\",\"inLanguage\":\"fr-FR\",\"@id\":\"https:\\\/\\\/secure.gravatar.com\\\/avatar\\\/37d968a2e67a6fd04c169c4bdef102d0bc5d31b2546345219e348575eb80e9a0?s=96&d=mm&r=g\",\"url\":\"https:\\\/\\\/secure.gravatar.com\\\/avatar\\\/37d968a2e67a6fd04c169c4bdef102d0bc5d31b2546345219e348575eb80e9a0?s=96&d=mm&r=g\",\"contentUrl\":\"https:\\\/\\\/secure.gravatar.com\\\/avatar\\\/37d968a2e67a6fd04c169c4bdef102d0bc5d31b2546345219e348575eb80e9a0?s=96&d=mm&r=g\",\"caption\":\"redazione\"},\"sameAs\":[\"http:\\\/\\\/www.bellunopress.it\",\"https:\\\/\\\/x.com\\\/bellunopress\"],\"url\":\"https:\\\/\\\/www.bellunopress.it\\\/fr\\\/author\\\/redazione\\\/\"}]}<\/script>\n<!-- \/ Yoast SEO plugin. -->","yoast_head_json":{"title":"Follia in centro a Belluno: pestaggio di gruppo ai danni di un immigrato, sei giovani bellunesi nei guai - Bellunopress - Dolomiti","robots":{"index":"index","follow":"follow","max-snippet":"max-snippet:-1","max-image-preview":"max-image-preview:large","max-video-preview":"max-video-preview:-1"},"canonical":"https:\/\/www.bellunopress.it\/fr\/2026\/06\/01\/follia-in-centro-a-belluno-pestaggio-di-gruppo-ai-danni-di-un-immigrato-sei-giovani-bellunesi-nei-guai\/","og_locale":"fr_FR","og_type":"article","og_title":"Follia in centro a Belluno: pestaggio di gruppo ai danni di un immigrato, sei giovani bellunesi nei guai - Bellunopress - Dolomiti","og_description":"Belluno\u00a0\u2013 Un episodio di violenza gratuita e inaudita ha scosso il cuore della citt\u00e0 in una tranquilla notte di sabato dello scorso 22 marzo. Il contatto tra aggressori e la vittima, un cittadino di origini egiziane del 1980, avviene nei pressi del tabacchino sotto i portici al centro di piazza dei MartiriE&#8217; successo In pieno [&hellip;]","og_url":"https:\/\/www.bellunopress.it\/fr\/2026\/06\/01\/follia-in-centro-a-belluno-pestaggio-di-gruppo-ai-danni-di-un-immigrato-sei-giovani-bellunesi-nei-guai\/","og_site_name":"Bellunopress - Dolomiti","article_publisher":"https:\/\/www.facebook.com\/profile.php?id=100008943462799","article_published_time":"2026-06-01T10:35:06+00:00","article_modified_time":"2026-06-03T04:06:38+00:00","og_image":[{"width":500,"height":455,"url":"https:\/\/www.bellunopress.it\/wp-content\/uploads\/2026\/06\/comm-Cristina-Rizzo-Squadra-mob-Quiestore-Roberto-Della-Rocca-comm-Sofia-Pierini-capo-sq-volanti.jpg","type":"image\/jpeg"}],"author":"redazione","twitter_card":"summary_large_image","twitter_creator":"@bellunopress","twitter_site":"@bellunopress","twitter_misc":{"\u00c9crit par":"redazione","Dur\u00e9e de lecture estim\u00e9e":"3 minutes"},"schema":{"@context":"https:\/\/schema.org","@graph":[{"@type":"Article","@id":"https:\/\/www.bellunopress.it\/2026\/06\/01\/follia-in-centro-a-belluno-pestaggio-di-gruppo-ai-danni-di-un-immigrato-sei-giovani-bellunesi-nei-guai\/#article","isPartOf":{"@id":"https:\/\/www.bellunopress.it\/2026\/06\/01\/follia-in-centro-a-belluno-pestaggio-di-gruppo-ai-danni-di-un-immigrato-sei-giovani-bellunesi-nei-guai\/"},"author":{"name":"redazione","@id":"https:\/\/www.bellunopress.it\/#\/schema\/person\/79bb06722b37ece1c03d3e94beb30d73"},"headline":"Follia in centro a Belluno: pestaggio di gruppo ai danni di un immigrato, sei giovani bellunesi nei guai","datePublished":"2026-06-01T10:35:06+00:00","dateModified":"2026-06-03T04:06:38+00:00","mainEntityOfPage":{"@id":"https:\/\/www.bellunopress.it\/2026\/06\/01\/follia-in-centro-a-belluno-pestaggio-di-gruppo-ai-danni-di-un-immigrato-sei-giovani-bellunesi-nei-guai\/"},"wordCount":497,"publisher":{"@id":"https:\/\/www.bellunopress.it\/#organization"},"image":{"@id":"https:\/\/www.bellunopress.it\/2026\/06\/01\/follia-in-centro-a-belluno-pestaggio-di-gruppo-ai-danni-di-un-immigrato-sei-giovani-bellunesi-nei-guai\/#primaryimage"},"thumbnailUrl":"https:\/\/www.bellunopress.it\/wp-content\/uploads\/2026\/06\/comm-Cristina-Rizzo-Squadra-mob-Quiestore-Roberto-Della-Rocca-comm-Sofia-Pierini-capo-sq-volanti.jpg","articleSection":["Cronaca\/Politica","Prima Pagina"],"inLanguage":"fr-FR"},{"@type":"WebPage","@id":"https:\/\/www.bellunopress.it\/2026\/06\/01\/follia-in-centro-a-belluno-pestaggio-di-gruppo-ai-danni-di-un-immigrato-sei-giovani-bellunesi-nei-guai\/","url":"https:\/\/www.bellunopress.it\/2026\/06\/01\/follia-in-centro-a-belluno-pestaggio-di-gruppo-ai-danni-di-un-immigrato-sei-giovani-bellunesi-nei-guai\/","name":"Follia in centro a Belluno: pestaggio di gruppo ai danni di un immigrato, sei giovani bellunesi nei guai - Bellunopress - Dolomiti","isPartOf":{"@id":"https:\/\/www.bellunopress.it\/#website"},"primaryImageOfPage":{"@id":"https:\/\/www.bellunopress.it\/2026\/06\/01\/follia-in-centro-a-belluno-pestaggio-di-gruppo-ai-danni-di-un-immigrato-sei-giovani-bellunesi-nei-guai\/#primaryimage"},"image":{"@id":"https:\/\/www.bellunopress.it\/2026\/06\/01\/follia-in-centro-a-belluno-pestaggio-di-gruppo-ai-danni-di-un-immigrato-sei-giovani-bellunesi-nei-guai\/#primaryimage"},"thumbnailUrl":"https:\/\/www.bellunopress.it\/wp-content\/uploads\/2026\/06\/comm-Cristina-Rizzo-Squadra-mob-Quiestore-Roberto-Della-Rocca-comm-Sofia-Pierini-capo-sq-volanti.jpg","datePublished":"2026-06-01T10:35:06+00:00","dateModified":"2026-06-03T04:06:38+00:00","breadcrumb":{"@id":"https:\/\/www.bellunopress.it\/2026\/06\/01\/follia-in-centro-a-belluno-pestaggio-di-gruppo-ai-danni-di-un-immigrato-sei-giovani-bellunesi-nei-guai\/#breadcrumb"},"inLanguage":"fr-FR","potentialAction":[{"@type":"ReadAction","target":["https:\/\/www.bellunopress.it\/2026\/06\/01\/follia-in-centro-a-belluno-pestaggio-di-gruppo-ai-danni-di-un-immigrato-sei-giovani-bellunesi-nei-guai\/"]}]},{"@type":"ImageObject","inLanguage":"fr-FR","@id":"https:\/\/www.bellunopress.it\/2026\/06\/01\/follia-in-centro-a-belluno-pestaggio-di-gruppo-ai-danni-di-un-immigrato-sei-giovani-bellunesi-nei-guai\/#primaryimage","url":"https:\/\/www.bellunopress.it\/wp-content\/uploads\/2026\/06\/comm-Cristina-Rizzo-Squadra-mob-Quiestore-Roberto-Della-Rocca-comm-Sofia-Pierini-capo-sq-volanti.jpg","contentUrl":"https:\/\/www.bellunopress.it\/wp-content\/uploads\/2026\/06\/comm-Cristina-Rizzo-Squadra-mob-Quiestore-Roberto-Della-Rocca-comm-Sofia-Pierini-capo-sq-volanti.jpg","width":500,"height":455,"caption":"da sinistra: commissario Cristina Rizzo capo della Squadra Mobile, questore Roberto Della Rocca, commissario Sofia Pierini capo Squadra Volante"},{"@type":"BreadcrumbList","@id":"https:\/\/www.bellunopress.it\/2026\/06\/01\/follia-in-centro-a-belluno-pestaggio-di-gruppo-ai-danni-di-un-immigrato-sei-giovani-bellunesi-nei-guai\/#breadcrumb","itemListElement":[{"@type":"ListItem","position":1,"name":"Home","item":"https:\/\/www.bellunopress.it\/"},{"@type":"ListItem","position":2,"name":"Follia in centro a Belluno: pestaggio di gruppo ai danni di un immigrato, sei giovani bellunesi nei guai"}]},{"@type":"WebSite","@id":"https:\/\/www.bellunopress.it\/#website","url":"https:\/\/www.bellunopress.it\/","name":"Bellunopress - Dolomiti","description":"e-mail: redazione@bellunopress.it","publisher":{"@id":"https:\/\/www.bellunopress.it\/#organization"},"potentialAction":[{"@type":"SearchAction","target":{"@type":"EntryPoint","urlTemplate":"https:\/\/www.bellunopress.it\/?s={search_term_string}"},"query-input":{"@type":"PropertyValueSpecification","valueRequired":true,"valueName":"search_term_string"}}],"inLanguage":"fr-FR"},{"@type":"Organization","@id":"https:\/\/www.bellunopress.it\/#organization","name":"Bellunopress","url":"https:\/\/www.bellunopress.it\/","logo":{"@type":"ImageObject","inLanguage":"fr-FR","@id":"https:\/\/www.bellunopress.it\/#\/schema\/logo\/image\/","url":"https:\/\/www.bellunopress.it\/wp-content\/uploads\/2011\/05\/cropped-logo-bellunopress-.jpg","contentUrl":"https:\/\/www.bellunopress.it\/wp-content\/uploads\/2011\/05\/cropped-logo-bellunopress-.jpg","width":512,"height":512,"caption":"Bellunopress"},"image":{"@id":"https:\/\/www.bellunopress.it\/#\/schema\/logo\/image\/"},"sameAs":["https:\/\/www.facebook.com\/profile.php?id=100008943462799","https:\/\/x.com\/bellunopress","https:\/\/www.linkedin.com\/hp\/?dnr=JBzUWaJfMUw8vbXJJ2tVW5-I3jZKvC4wsoxE&amp;amp;amp;amp;amp;amp;trk=nav_responsive_tab_home","https:\/\/www.youtube.com\/channel\/UCxL0wu1uN0_3_7hGG0306cw"]},{"@type":"Person","@id":"https:\/\/www.bellunopress.it\/#\/schema\/person\/79bb06722b37ece1c03d3e94beb30d73","name":"r\u00e9daction","image":{"@type":"ImageObject","inLanguage":"fr-FR","@id":"https:\/\/secure.gravatar.com\/avatar\/37d968a2e67a6fd04c169c4bdef102d0bc5d31b2546345219e348575eb80e9a0?s=96&d=mm&r=g","url":"https:\/\/secure.gravatar.com\/avatar\/37d968a2e67a6fd04c169c4bdef102d0bc5d31b2546345219e348575eb80e9a0?s=96&d=mm&r=g","contentUrl":"https:\/\/secure.gravatar.com\/avatar\/37d968a2e67a6fd04c169c4bdef102d0bc5d31b2546345219e348575eb80e9a0?s=96&d=mm&r=g","caption":"redazione"},"sameAs":["http:\/\/www.bellunopress.it","https:\/\/x.com\/bellunopress"],"url":"https:\/\/www.bellunopress.it\/fr\/author\/redazione\/"}]}},"_links":{"self":[{"href":"https:\/\/www.bellunopress.it\/fr\/wp-json\/wp\/v2\/posts\/170631","targetHints":{"allow":["GET"]}}],"collection":[{"href":"https:\/\/www.bellunopress.it\/fr\/wp-json\/wp\/v2\/posts"}],"about":[{"href":"https:\/\/www.bellunopress.it\/fr\/wp-json\/wp\/v2\/types\/post"}],"author":[{"embeddable":true,"href":"https:\/\/www.bellunopress.it\/fr\/wp-json\/wp\/v2\/users\/2"}],"replies":[{"embeddable":true,"href":"https:\/\/www.bellunopress.it\/fr\/wp-json\/wp\/v2\/comments?post=170631"}],"version-history":[{"count":4,"href":"https:\/\/www.bellunopress.it\/fr\/wp-json\/wp\/v2\/posts\/170631\/revisions"}],"predecessor-version":[{"id":170684,"href":"https:\/\/www.bellunopress.it\/fr\/wp-json\/wp\/v2\/posts\/170631\/revisions\/170684"}],"wp:featuredmedia":[{"embeddable":true,"href":"https:\/\/www.bellunopress.it\/fr\/wp-json\/wp\/v2\/media\/170632"}],"wp:attachment":[{"href":"https:\/\/www.bellunopress.it\/fr\/wp-json\/wp\/v2\/media?parent=170631"}],"wp:term":[{"taxonomy":"category","embeddable":true,"href":"https:\/\/www.bellunopress.it\/fr\/wp-json\/wp\/v2\/categories?post=170631"},{"taxonomy":"post_tag","embeddable":true,"href":"https:\/\/www.bellunopress.it\/fr\/wp-json\/wp\/v2\/tags?post=170631"}],"curies":[{"name":"wp","href":"https:\/\/api.w.org\/{rel}","templated":true}]}}