{"id":170629,"date":"2026-06-01T07:29:34","date_gmt":"2026-06-01T05:29:34","guid":{"rendered":"https:\/\/www.bellunopress.it\/?p=170629"},"modified":"2026-06-01T07:29:34","modified_gmt":"2026-06-01T05:29:34","slug":"cantieri-urbani-e-alberi-abbattuti-tra-proteste-reali-e-lo-spettro-della-fake-news-sul-5g","status":"publish","type":"post","link":"https:\/\/www.bellunopress.it\/fr\/2026\/06\/01\/cantieri-urbani-e-alberi-abbattuti-tra-proteste-reali-e-lo-spettro-della-fake-news-sul-5g\/","title":{"rendered":"Cantieri urbani e alberi abbattuti: tra proteste reali e lo spettro della fake news sul 5G"},"content":{"rendered":"<p data-path-to-node=\"3\">Negli ultimi mesi, le bacheche dei principali social network sono state invase da fotografie di tronchi tagliati, ruspe in azione e viali storici improvvisamente spogliati della loro ombra. Da Roma a Padova, passando per Belluno, i cittadini assistono con crescente preoccupazione al taglio di alberi in coincidenza con l&#8217;apertura di nuovi cantieri. Se la protesta per la perdita del verde pubblico \u00e8 un fenomeno reale e tangibile, online ha iniziato a farsi strada un&#8217;altra narrazione, decisamente pi\u00f9 inquietante: l&#8217;idea che gli alberi vengano abbattuti deliberatamente perch\u00e9 &#8220;ostacolano la tecnologia 5G&#8221;.<\/p>\n<p data-path-to-node=\"4\">Ma dove finisce la legittima critica urbanistica e dove inizia la teoria del complotto? Per capire cosa sta succedendo, \u00e8 necessario separare i fatti di cronaca dalle leggende metropolitane del web.<\/p>\n<p data-path-to-node=\"6\">Il disboscamento urbano non \u00e8 un&#8217;invenzione dei social. I progetti legati ai fondi del PNRR, i piani di mobilit\u00e0 sostenibile e la manutenzione straordinaria stanno ridisegnando il volto di molti centri storici e periferie, spesso a scapito degli alberi esistenti.<\/p>\n<p data-path-to-node=\"7\">A Belluno, il dibattito si \u00e8 infiammato attorno ai tigli di Via Feltre. Un progetto di riqualificazione urbana, peraltro generosamente finanziato da una cospicua donazione da parte dal benefattore, gi\u00e0 insignito del Premio San Martino Citt\u00e0 di Belluno. I progetto bellunese \u00e8 incentrato sulla sicurezza stradale, sul rifacimento dei marciapiedi e dei sottoservizi ed ha previsto la rimozione di diverse alberature, scatenando la dura reazione di comitati cittadini e associazioni ambientaliste, preoccupati per l&#8217;impatto paesaggistico e ambientale.<\/p>\n<p data-path-to-node=\"8\">A Padova, la trasformazione \u00e8 legata alla rivoluzione della mobilit\u00e0 su ferro. I cantieri per la nuova linea del tram (il progetto SIR 2) e la contestuale creazione di una rete capillare di piste ciclopedonali hanno imposto una riconfigurazione degli spazi stradali che, in diversi punti, ha comportato il sacrificio di alberi storici, sollevando non poche polemiche sulla gestione del bilancio arboreo della citt\u00e0.<\/p>\n<p data-path-to-node=\"9\">Nella Capitale, a Roma, la situazione \u00e8 ancora pi\u00f9 complessa. Tra i grandi cantieri legati alle nuove infrastrutture e gli interventi di messa in sicurezza, i tagli del Servizio Giardini sono all&#8217;ordine del giorno. In questo caso, oltre alle esigenze di viabilit\u00e0, entra in gioco il fattore stabilit\u00e0: molti alberi vengono rimossi a seguito delle perizie <i data-path-to-node=\"9\" data-index-in-node=\"355\">Visual Tree Assessment<\/i> (VTA), che ne certificano la pericolosit\u00e0 per l&#8217;incolumit\u00e0 pubblica a causa di malattie o decadimento strutturale.<\/p>\n<p data-path-to-node=\"10\">Ebbene, se la rabbia dei cittadini per la perdita dell&#8217;ombra e della biodiversit\u00e0 urbana \u00e8 mossa da motivazioni concrete, il legame tra le motoseghe e le antenne della telefonia mobile appartiene invece alla categoria delle <i data-path-to-node=\"11\" data-index-in-node=\"216\">fake news<\/i>. La teoria secondo cui i Comuni starebbero &#8220;facendo spazio&#8221; alle frequenze del 5G circola in rete dal 2019 e ciclicamente ritorna a galla.\u00a0All&#8217;origine di questo mito c&#8217;\u00e8 un travisamento della fisica delle telecomunicazioni. Le onde millimetriche utilizzate dalle frequenze pi\u00f9 alte del 5G hanno una portata ridotta e faticano a penetrare ostacoli densi, come i muri degli edifici o, appunto, il fogliame fitto degli alberi. Da questo dato tecnico, alcuni gruppi online hanno dedotto che la soluzione degli operatori fosse l&#8217;eliminazione fisica delle piante.<\/p>\n<p data-path-to-node=\"14\">In realt\u00e0 la tecnologia 5G \u00e8 stata progettata per superare il problema degli ostacoli non abbattendo l&#8217;ambiente circostante, ma adattandosi ad esso. La rete si basa sul concetto di <i data-path-to-node=\"14\" data-index-in-node=\"222\">small cells<\/i> (micro-antenne): anzich\u00e9 affidarsi a pochi e giganteschi ripetitori, il 5G prevede l&#8217;installazione di piccoli dispositivi a bassa potenza posizionati sui lampioni della luce, sulle facciate dei palazzi o persino sotto la chioma stessa degli alberi.<\/p>\n<p data-path-to-node=\"15\">Dal punto di vista economico e legale, l&#8217;idea di radere al suolo il patrimonio arboreo di una citt\u00e0 per far passare un segnale wireless \u00e8 semplicemente assurda. Per un operatore telefonico, i costi legali, burocratici e d&#8217;immagine legati all&#8217;abbattimento di un solo albero pubblico sarebbero infinitamente superiori a quelli necessari per installare una micro-antenna aggiuntiva che aggiri l&#8217;ostacolo.<\/p>\n<p data-path-to-node=\"16\">Inoltre, tutte le delibere comunali relative ai lavori stradali di Belluno, Padova o Roma sono atti pubblici e trasparenti. Esaminando i progetti ufficiali, si trovano dettagliate relazioni agronomiche, planimetrie stradali e firme di ingegneri civili. In nessun documento formale viene mai menzionata la telefonia mobile come causa o pretesto per la rimozione del verde.<\/p>\n<p data-path-to-node=\"18\">Il caso degli alberi abbattuti \u00e8 l&#8217;esempio perfetto di come la disinformazione sui social riesca a sfruttare un malcontento reale e legittimo \u2013 la richiesta di citt\u00e0 pi\u00f9 verdi e una gestione pi\u00f9 trasparente del territorio \u2013 per convogliarlo verso teorie complottiste. Discutere, criticare e monitorare i progetti urbanistici delle nostre amministrazioni \u00e8 un diritto (e spesso un dovere) civico; farlo inseguendo lo spettro del 5G rischia solo di togliere credibilit\u00e0 alle battaglie ambientaliste pi\u00f9 autentiche.<\/p>","protected":false},"excerpt":{"rendered":"<p>Negli ultimi mesi, le bacheche dei principali social network sono state invase da fotografie di tronchi tagliati, ruspe in azione e viali storici improvvisamente spogliati della loro ombra. Da Roma a Padova, passando per Belluno, i cittadini assistono con crescente preoccupazione al taglio di alberi in coincidenza con l&#8217;apertura di nuovi cantieri. Se la protesta [&hellip;]<\/p>\n","protected":false},"author":2,"featured_media":169015,"comment_status":"closed","ping_status":"open","sticky":false,"template":"","format":"standard","meta":{"footnotes":""},"categories":[5,26],"tags":[],"class_list":["post-170629","post","type-post","status-publish","format-standard","has-post-thumbnail","category-cronaca","category-prima-pagina"],"yoast_head":"<!-- This site is optimized with the Yoast SEO plugin v28.4 - https:\/\/yoast.com\/product\/yoast-seo-wordpress\/ -->\n<title>Cantieri urbani e alberi abbattuti: tra proteste reali e lo spettro della fake news sul 5G - Bellunopress - Dolomiti<\/title>\n<meta name=\"robots\" content=\"index, follow, max-snippet:-1, max-image-preview:large, max-video-preview:-1\" \/>\n<link rel=\"canonical\" href=\"https:\/\/www.bellunopress.it\/fr\/2026\/06\/01\/cantieri-urbani-e-alberi-abbattuti-tra-proteste-reali-e-lo-spettro-della-fake-news-sul-5g\/\" \/>\n<meta property=\"og:locale\" content=\"fr_FR\" \/>\n<meta property=\"og:type\" content=\"article\" \/>\n<meta property=\"og:title\" content=\"Cantieri urbani e alberi abbattuti: tra proteste reali e lo spettro della fake news sul 5G - Bellunopress - Dolomiti\" \/>\n<meta property=\"og:description\" content=\"Negli ultimi mesi, le bacheche dei principali social network sono state invase da fotografie di tronchi tagliati, ruspe in azione e viali storici improvvisamente spogliati della loro ombra. Da Roma a Padova, passando per Belluno, i cittadini assistono con crescente preoccupazione al taglio di alberi in coincidenza con l&#8217;apertura di nuovi cantieri. Se la protesta [&hellip;]\" \/>\n<meta property=\"og:url\" content=\"https:\/\/www.bellunopress.it\/fr\/2026\/06\/01\/cantieri-urbani-e-alberi-abbattuti-tra-proteste-reali-e-lo-spettro-della-fake-news-sul-5g\/\" \/>\n<meta property=\"og:site_name\" content=\"Bellunopress - Dolomiti\" \/>\n<meta property=\"article:publisher\" content=\"https:\/\/www.facebook.com\/profile.php?id=100008943462799\" \/>\n<meta property=\"article:published_time\" content=\"2026-06-01T05:29:34+00:00\" \/>\n<meta property=\"og:image\" content=\"https:\/\/www.bellunopress.it\/wp-content\/uploads\/2026\/04\/alberi-via-feltre-belluno.jpg\" \/>\n\t<meta property=\"og:image:width\" content=\"700\" \/>\n\t<meta property=\"og:image:height\" content=\"483\" \/>\n\t<meta property=\"og:image:type\" content=\"image\/jpeg\" \/>\n<meta name=\"author\" content=\"redazione\" \/>\n<meta name=\"twitter:card\" content=\"summary_large_image\" \/>\n<meta name=\"twitter:creator\" content=\"@bellunopress\" \/>\n<meta name=\"twitter:site\" content=\"@bellunopress\" \/>\n<meta name=\"twitter:label1\" content=\"Written by\" \/>\n\t<meta name=\"twitter:data1\" content=\"redazione\" \/>\n\t<meta name=\"twitter:label2\" content=\"Est. reading time\" \/>\n\t<meta name=\"twitter:data2\" content=\"5 minutes\" \/>\n<script type=\"application\/ld+json\" class=\"yoast-schema-graph\">{\"@context\":\"https:\\\/\\\/schema.org\",\"@graph\":[{\"@type\":\"Article\",\"@id\":\"https:\\\/\\\/www.bellunopress.it\\\/2026\\\/06\\\/01\\\/cantieri-urbani-e-alberi-abbattuti-tra-proteste-reali-e-lo-spettro-della-fake-news-sul-5g\\\/#article\",\"isPartOf\":{\"@id\":\"https:\\\/\\\/www.bellunopress.it\\\/2026\\\/06\\\/01\\\/cantieri-urbani-e-alberi-abbattuti-tra-proteste-reali-e-lo-spettro-della-fake-news-sul-5g\\\/\"},\"author\":{\"name\":\"redazione\",\"@id\":\"https:\\\/\\\/www.bellunopress.it\\\/#\\\/schema\\\/person\\\/79bb06722b37ece1c03d3e94beb30d73\"},\"headline\":\"Cantieri urbani e alberi abbattuti: tra proteste reali e lo spettro della fake news sul 5G\",\"datePublished\":\"2026-06-01T05:29:34+00:00\",\"mainEntityOfPage\":{\"@id\":\"https:\\\/\\\/www.bellunopress.it\\\/2026\\\/06\\\/01\\\/cantieri-urbani-e-alberi-abbattuti-tra-proteste-reali-e-lo-spettro-della-fake-news-sul-5g\\\/\"},\"wordCount\":770,\"publisher\":{\"@id\":\"https:\\\/\\\/www.bellunopress.it\\\/#organization\"},\"image\":{\"@id\":\"https:\\\/\\\/www.bellunopress.it\\\/2026\\\/06\\\/01\\\/cantieri-urbani-e-alberi-abbattuti-tra-proteste-reali-e-lo-spettro-della-fake-news-sul-5g\\\/#primaryimage\"},\"thumbnailUrl\":\"https:\\\/\\\/www.bellunopress.it\\\/wp-content\\\/uploads\\\/2026\\\/04\\\/alberi-via-feltre-belluno.jpg\",\"articleSection\":[\"Cronaca\\\/Politica\",\"Prima Pagina\"],\"inLanguage\":\"fr-FR\"},{\"@type\":\"WebPage\",\"@id\":\"https:\\\/\\\/www.bellunopress.it\\\/2026\\\/06\\\/01\\\/cantieri-urbani-e-alberi-abbattuti-tra-proteste-reali-e-lo-spettro-della-fake-news-sul-5g\\\/\",\"url\":\"https:\\\/\\\/www.bellunopress.it\\\/2026\\\/06\\\/01\\\/cantieri-urbani-e-alberi-abbattuti-tra-proteste-reali-e-lo-spettro-della-fake-news-sul-5g\\\/\",\"name\":\"Cantieri urbani e alberi abbattuti: tra proteste reali e lo spettro della fake news sul 5G - Bellunopress - Dolomiti\",\"isPartOf\":{\"@id\":\"https:\\\/\\\/www.bellunopress.it\\\/#website\"},\"primaryImageOfPage\":{\"@id\":\"https:\\\/\\\/www.bellunopress.it\\\/2026\\\/06\\\/01\\\/cantieri-urbani-e-alberi-abbattuti-tra-proteste-reali-e-lo-spettro-della-fake-news-sul-5g\\\/#primaryimage\"},\"image\":{\"@id\":\"https:\\\/\\\/www.bellunopress.it\\\/2026\\\/06\\\/01\\\/cantieri-urbani-e-alberi-abbattuti-tra-proteste-reali-e-lo-spettro-della-fake-news-sul-5g\\\/#primaryimage\"},\"thumbnailUrl\":\"https:\\\/\\\/www.bellunopress.it\\\/wp-content\\\/uploads\\\/2026\\\/04\\\/alberi-via-feltre-belluno.jpg\",\"datePublished\":\"2026-06-01T05:29:34+00:00\",\"breadcrumb\":{\"@id\":\"https:\\\/\\\/www.bellunopress.it\\\/2026\\\/06\\\/01\\\/cantieri-urbani-e-alberi-abbattuti-tra-proteste-reali-e-lo-spettro-della-fake-news-sul-5g\\\/#breadcrumb\"},\"inLanguage\":\"fr-FR\",\"potentialAction\":[{\"@type\":\"ReadAction\",\"target\":[\"https:\\\/\\\/www.bellunopress.it\\\/2026\\\/06\\\/01\\\/cantieri-urbani-e-alberi-abbattuti-tra-proteste-reali-e-lo-spettro-della-fake-news-sul-5g\\\/\"]}]},{\"@type\":\"ImageObject\",\"inLanguage\":\"fr-FR\",\"@id\":\"https:\\\/\\\/www.bellunopress.it\\\/2026\\\/06\\\/01\\\/cantieri-urbani-e-alberi-abbattuti-tra-proteste-reali-e-lo-spettro-della-fake-news-sul-5g\\\/#primaryimage\",\"url\":\"https:\\\/\\\/www.bellunopress.it\\\/wp-content\\\/uploads\\\/2026\\\/04\\\/alberi-via-feltre-belluno.jpg\",\"contentUrl\":\"https:\\\/\\\/www.bellunopress.it\\\/wp-content\\\/uploads\\\/2026\\\/04\\\/alberi-via-feltre-belluno.jpg\",\"width\":700,\"height\":483,\"caption\":\"Belluno, via Feltre\"},{\"@type\":\"BreadcrumbList\",\"@id\":\"https:\\\/\\\/www.bellunopress.it\\\/2026\\\/06\\\/01\\\/cantieri-urbani-e-alberi-abbattuti-tra-proteste-reali-e-lo-spettro-della-fake-news-sul-5g\\\/#breadcrumb\",\"itemListElement\":[{\"@type\":\"ListItem\",\"position\":1,\"name\":\"Home\",\"item\":\"https:\\\/\\\/www.bellunopress.it\\\/\"},{\"@type\":\"ListItem\",\"position\":2,\"name\":\"Cantieri urbani e alberi abbattuti: tra proteste reali e lo spettro della fake news sul 5G\"}]},{\"@type\":\"WebSite\",\"@id\":\"https:\\\/\\\/www.bellunopress.it\\\/#website\",\"url\":\"https:\\\/\\\/www.bellunopress.it\\\/\",\"name\":\"Bellunopress - Dolomiti\",\"description\":\"e-mail: redazione@bellunopress.it\",\"publisher\":{\"@id\":\"https:\\\/\\\/www.bellunopress.it\\\/#organization\"},\"potentialAction\":[{\"@type\":\"SearchAction\",\"target\":{\"@type\":\"EntryPoint\",\"urlTemplate\":\"https:\\\/\\\/www.bellunopress.it\\\/?s={search_term_string}\"},\"query-input\":{\"@type\":\"PropertyValueSpecification\",\"valueRequired\":true,\"valueName\":\"search_term_string\"}}],\"inLanguage\":\"fr-FR\"},{\"@type\":\"Organization\",\"@id\":\"https:\\\/\\\/www.bellunopress.it\\\/#organization\",\"name\":\"Bellunopress\",\"url\":\"https:\\\/\\\/www.bellunopress.it\\\/\",\"logo\":{\"@type\":\"ImageObject\",\"inLanguage\":\"fr-FR\",\"@id\":\"https:\\\/\\\/www.bellunopress.it\\\/#\\\/schema\\\/logo\\\/image\\\/\",\"url\":\"https:\\\/\\\/www.bellunopress.it\\\/wp-content\\\/uploads\\\/2011\\\/05\\\/cropped-logo-bellunopress-.jpg\",\"contentUrl\":\"https:\\\/\\\/www.bellunopress.it\\\/wp-content\\\/uploads\\\/2011\\\/05\\\/cropped-logo-bellunopress-.jpg\",\"width\":512,\"height\":512,\"caption\":\"Bellunopress\"},\"image\":{\"@id\":\"https:\\\/\\\/www.bellunopress.it\\\/#\\\/schema\\\/logo\\\/image\\\/\"},\"sameAs\":[\"https:\\\/\\\/www.facebook.com\\\/profile.php?id=100008943462799\",\"https:\\\/\\\/x.com\\\/bellunopress\",\"https:\\\/\\\/www.linkedin.com\\\/hp\\\/?dnr=JBzUWaJfMUw8vbXJJ2tVW5-I3jZKvC4wsoxE&amp;amp;amp;amp;amp;amp;trk=nav_responsive_tab_home\",\"https:\\\/\\\/www.youtube.com\\\/channel\\\/UCxL0wu1uN0_3_7hGG0306cw\"]},{\"@type\":\"Person\",\"@id\":\"https:\\\/\\\/www.bellunopress.it\\\/#\\\/schema\\\/person\\\/79bb06722b37ece1c03d3e94beb30d73\",\"name\":\"redazione\",\"image\":{\"@type\":\"ImageObject\",\"inLanguage\":\"fr-FR\",\"@id\":\"https:\\\/\\\/secure.gravatar.com\\\/avatar\\\/37d968a2e67a6fd04c169c4bdef102d0bc5d31b2546345219e348575eb80e9a0?s=96&d=mm&r=g\",\"url\":\"https:\\\/\\\/secure.gravatar.com\\\/avatar\\\/37d968a2e67a6fd04c169c4bdef102d0bc5d31b2546345219e348575eb80e9a0?s=96&d=mm&r=g\",\"contentUrl\":\"https:\\\/\\\/secure.gravatar.com\\\/avatar\\\/37d968a2e67a6fd04c169c4bdef102d0bc5d31b2546345219e348575eb80e9a0?s=96&d=mm&r=g\",\"caption\":\"redazione\"},\"sameAs\":[\"http:\\\/\\\/www.bellunopress.it\",\"https:\\\/\\\/x.com\\\/bellunopress\"],\"url\":\"https:\\\/\\\/www.bellunopress.it\\\/fr\\\/author\\\/redazione\\\/\"}]}<\/script>\n<!-- \/ Yoast SEO plugin. -->","yoast_head_json":{"title":"Cantieri urbani e alberi abbattuti: tra proteste reali e lo spettro della fake news sul 5G - Bellunopress - Dolomiti","robots":{"index":"index","follow":"follow","max-snippet":"max-snippet:-1","max-image-preview":"max-image-preview:large","max-video-preview":"max-video-preview:-1"},"canonical":"https:\/\/www.bellunopress.it\/fr\/2026\/06\/01\/cantieri-urbani-e-alberi-abbattuti-tra-proteste-reali-e-lo-spettro-della-fake-news-sul-5g\/","og_locale":"fr_FR","og_type":"article","og_title":"Cantieri urbani e alberi abbattuti: tra proteste reali e lo spettro della fake news sul 5G - Bellunopress - Dolomiti","og_description":"Negli ultimi mesi, le bacheche dei principali social network sono state invase da fotografie di tronchi tagliati, ruspe in azione e viali storici improvvisamente spogliati della loro ombra. Da Roma a Padova, passando per Belluno, i cittadini assistono con crescente preoccupazione al taglio di alberi in coincidenza con l&#8217;apertura di nuovi cantieri. Se la protesta [&hellip;]","og_url":"https:\/\/www.bellunopress.it\/fr\/2026\/06\/01\/cantieri-urbani-e-alberi-abbattuti-tra-proteste-reali-e-lo-spettro-della-fake-news-sul-5g\/","og_site_name":"Bellunopress - Dolomiti","article_publisher":"https:\/\/www.facebook.com\/profile.php?id=100008943462799","article_published_time":"2026-06-01T05:29:34+00:00","og_image":[{"width":700,"height":483,"url":"https:\/\/www.bellunopress.it\/wp-content\/uploads\/2026\/04\/alberi-via-feltre-belluno.jpg","type":"image\/jpeg"}],"author":"redazione","twitter_card":"summary_large_image","twitter_creator":"@bellunopress","twitter_site":"@bellunopress","twitter_misc":{"Written by":"redazione","Est. reading time":"5 minutes"},"schema":{"@context":"https:\/\/schema.org","@graph":[{"@type":"Article","@id":"https:\/\/www.bellunopress.it\/2026\/06\/01\/cantieri-urbani-e-alberi-abbattuti-tra-proteste-reali-e-lo-spettro-della-fake-news-sul-5g\/#article","isPartOf":{"@id":"https:\/\/www.bellunopress.it\/2026\/06\/01\/cantieri-urbani-e-alberi-abbattuti-tra-proteste-reali-e-lo-spettro-della-fake-news-sul-5g\/"},"author":{"name":"redazione","@id":"https:\/\/www.bellunopress.it\/#\/schema\/person\/79bb06722b37ece1c03d3e94beb30d73"},"headline":"Cantieri urbani e alberi abbattuti: tra proteste reali e lo spettro della fake news sul 5G","datePublished":"2026-06-01T05:29:34+00:00","mainEntityOfPage":{"@id":"https:\/\/www.bellunopress.it\/2026\/06\/01\/cantieri-urbani-e-alberi-abbattuti-tra-proteste-reali-e-lo-spettro-della-fake-news-sul-5g\/"},"wordCount":770,"publisher":{"@id":"https:\/\/www.bellunopress.it\/#organization"},"image":{"@id":"https:\/\/www.bellunopress.it\/2026\/06\/01\/cantieri-urbani-e-alberi-abbattuti-tra-proteste-reali-e-lo-spettro-della-fake-news-sul-5g\/#primaryimage"},"thumbnailUrl":"https:\/\/www.bellunopress.it\/wp-content\/uploads\/2026\/04\/alberi-via-feltre-belluno.jpg","articleSection":["Cronaca\/Politica","Prima Pagina"],"inLanguage":"fr-FR"},{"@type":"WebPage","@id":"https:\/\/www.bellunopress.it\/2026\/06\/01\/cantieri-urbani-e-alberi-abbattuti-tra-proteste-reali-e-lo-spettro-della-fake-news-sul-5g\/","url":"https:\/\/www.bellunopress.it\/2026\/06\/01\/cantieri-urbani-e-alberi-abbattuti-tra-proteste-reali-e-lo-spettro-della-fake-news-sul-5g\/","name":"Cantieri urbani e alberi abbattuti: tra proteste reali e lo spettro della fake news sul 5G - Bellunopress - Dolomiti","isPartOf":{"@id":"https:\/\/www.bellunopress.it\/#website"},"primaryImageOfPage":{"@id":"https:\/\/www.bellunopress.it\/2026\/06\/01\/cantieri-urbani-e-alberi-abbattuti-tra-proteste-reali-e-lo-spettro-della-fake-news-sul-5g\/#primaryimage"},"image":{"@id":"https:\/\/www.bellunopress.it\/2026\/06\/01\/cantieri-urbani-e-alberi-abbattuti-tra-proteste-reali-e-lo-spettro-della-fake-news-sul-5g\/#primaryimage"},"thumbnailUrl":"https:\/\/www.bellunopress.it\/wp-content\/uploads\/2026\/04\/alberi-via-feltre-belluno.jpg","datePublished":"2026-06-01T05:29:34+00:00","breadcrumb":{"@id":"https:\/\/www.bellunopress.it\/2026\/06\/01\/cantieri-urbani-e-alberi-abbattuti-tra-proteste-reali-e-lo-spettro-della-fake-news-sul-5g\/#breadcrumb"},"inLanguage":"fr-FR","potentialAction":[{"@type":"ReadAction","target":["https:\/\/www.bellunopress.it\/2026\/06\/01\/cantieri-urbani-e-alberi-abbattuti-tra-proteste-reali-e-lo-spettro-della-fake-news-sul-5g\/"]}]},{"@type":"ImageObject","inLanguage":"fr-FR","@id":"https:\/\/www.bellunopress.it\/2026\/06\/01\/cantieri-urbani-e-alberi-abbattuti-tra-proteste-reali-e-lo-spettro-della-fake-news-sul-5g\/#primaryimage","url":"https:\/\/www.bellunopress.it\/wp-content\/uploads\/2026\/04\/alberi-via-feltre-belluno.jpg","contentUrl":"https:\/\/www.bellunopress.it\/wp-content\/uploads\/2026\/04\/alberi-via-feltre-belluno.jpg","width":700,"height":483,"caption":"Belluno, via Feltre"},{"@type":"BreadcrumbList","@id":"https:\/\/www.bellunopress.it\/2026\/06\/01\/cantieri-urbani-e-alberi-abbattuti-tra-proteste-reali-e-lo-spettro-della-fake-news-sul-5g\/#breadcrumb","itemListElement":[{"@type":"ListItem","position":1,"name":"Home","item":"https:\/\/www.bellunopress.it\/"},{"@type":"ListItem","position":2,"name":"Cantieri urbani e alberi abbattuti: tra proteste reali e lo spettro della fake news sul 5G"}]},{"@type":"WebSite","@id":"https:\/\/www.bellunopress.it\/#website","url":"https:\/\/www.bellunopress.it\/","name":"Bellunopress - Dolomiti","description":"e-mail: redazione@bellunopress.it","publisher":{"@id":"https:\/\/www.bellunopress.it\/#organization"},"potentialAction":[{"@type":"SearchAction","target":{"@type":"EntryPoint","urlTemplate":"https:\/\/www.bellunopress.it\/?s={search_term_string}"},"query-input":{"@type":"PropertyValueSpecification","valueRequired":true,"valueName":"search_term_string"}}],"inLanguage":"fr-FR"},{"@type":"Organization","@id":"https:\/\/www.bellunopress.it\/#organization","name":"Bellunopress","url":"https:\/\/www.bellunopress.it\/","logo":{"@type":"ImageObject","inLanguage":"fr-FR","@id":"https:\/\/www.bellunopress.it\/#\/schema\/logo\/image\/","url":"https:\/\/www.bellunopress.it\/wp-content\/uploads\/2011\/05\/cropped-logo-bellunopress-.jpg","contentUrl":"https:\/\/www.bellunopress.it\/wp-content\/uploads\/2011\/05\/cropped-logo-bellunopress-.jpg","width":512,"height":512,"caption":"Bellunopress"},"image":{"@id":"https:\/\/www.bellunopress.it\/#\/schema\/logo\/image\/"},"sameAs":["https:\/\/www.facebook.com\/profile.php?id=100008943462799","https:\/\/x.com\/bellunopress","https:\/\/www.linkedin.com\/hp\/?dnr=JBzUWaJfMUw8vbXJJ2tVW5-I3jZKvC4wsoxE&amp;amp;amp;amp;amp;amp;trk=nav_responsive_tab_home","https:\/\/www.youtube.com\/channel\/UCxL0wu1uN0_3_7hGG0306cw"]},{"@type":"Person","@id":"https:\/\/www.bellunopress.it\/#\/schema\/person\/79bb06722b37ece1c03d3e94beb30d73","name":"r\u00e9daction","image":{"@type":"ImageObject","inLanguage":"fr-FR","@id":"https:\/\/secure.gravatar.com\/avatar\/37d968a2e67a6fd04c169c4bdef102d0bc5d31b2546345219e348575eb80e9a0?s=96&d=mm&r=g","url":"https:\/\/secure.gravatar.com\/avatar\/37d968a2e67a6fd04c169c4bdef102d0bc5d31b2546345219e348575eb80e9a0?s=96&d=mm&r=g","contentUrl":"https:\/\/secure.gravatar.com\/avatar\/37d968a2e67a6fd04c169c4bdef102d0bc5d31b2546345219e348575eb80e9a0?s=96&d=mm&r=g","caption":"redazione"},"sameAs":["http:\/\/www.bellunopress.it","https:\/\/x.com\/bellunopress"],"url":"https:\/\/www.bellunopress.it\/fr\/author\/redazione\/"}]}},"_links":{"self":[{"href":"https:\/\/www.bellunopress.it\/fr\/wp-json\/wp\/v2\/posts\/170629","targetHints":{"allow":["GET"]}}],"collection":[{"href":"https:\/\/www.bellunopress.it\/fr\/wp-json\/wp\/v2\/posts"}],"about":[{"href":"https:\/\/www.bellunopress.it\/fr\/wp-json\/wp\/v2\/types\/post"}],"author":[{"embeddable":true,"href":"https:\/\/www.bellunopress.it\/fr\/wp-json\/wp\/v2\/users\/2"}],"replies":[{"embeddable":true,"href":"https:\/\/www.bellunopress.it\/fr\/wp-json\/wp\/v2\/comments?post=170629"}],"version-history":[{"count":1,"href":"https:\/\/www.bellunopress.it\/fr\/wp-json\/wp\/v2\/posts\/170629\/revisions"}],"predecessor-version":[{"id":170630,"href":"https:\/\/www.bellunopress.it\/fr\/wp-json\/wp\/v2\/posts\/170629\/revisions\/170630"}],"wp:featuredmedia":[{"embeddable":true,"href":"https:\/\/www.bellunopress.it\/fr\/wp-json\/wp\/v2\/media\/169015"}],"wp:attachment":[{"href":"https:\/\/www.bellunopress.it\/fr\/wp-json\/wp\/v2\/media?parent=170629"}],"wp:term":[{"taxonomy":"category","embeddable":true,"href":"https:\/\/www.bellunopress.it\/fr\/wp-json\/wp\/v2\/categories?post=170629"},{"taxonomy":"post_tag","embeddable":true,"href":"https:\/\/www.bellunopress.it\/fr\/wp-json\/wp\/v2\/tags?post=170629"}],"curies":[{"name":"wp","href":"https:\/\/api.w.org\/{rel}","templated":true}]}}