{"id":170627,"date":"2026-06-01T06:16:03","date_gmt":"2026-06-01T04:16:03","guid":{"rendered":"https:\/\/www.bellunopress.it\/?p=170627"},"modified":"2026-06-01T06:16:03","modified_gmt":"2026-06-01T04:16:03","slug":"indagine-quando-lia-entra-in-classe-il-72-degli-studenti-dedica-meno-tempo-allo-studio","status":"publish","type":"post","link":"https:\/\/www.bellunopress.it\/fr\/2026\/06\/01\/indagine-quando-lia-entra-in-classe-il-72-degli-studenti-dedica-meno-tempo-allo-studio\/","title":{"rendered":"Indagine &#8220;Quando l&#8217;IA entra in classe&#8221;: il 72% degli studenti dedica meno tempo allo studio"},"content":{"rendered":"<p>Il Coordinamento Nazionale Docenti della disciplina dei Diritti Umani invita a una riflessione ampia e non contingente sui risultati dell&#8217;indagine nazionale promossa dall&#8217;Associazione Italiana Editori (AIE), &#8220;Il valore del libro di testo nella didattica d&#8217;aula e nello studio a casa. Quando l&#8217;IA entra in classe&#8221;, condotta su un campione rappresentativo di 3.399 docenti della scuola primaria e secondaria.<\/p>\n<p>I dati restituiscono un quadro che merita di essere osservato ben oltre la dimensione statistica, osserva il prof. Romano Pesavento presidente CNDDU:<\/p>\n<p>&#8220;Il 67% degli insegnanti ritiene che gli studenti apprendano oggi peggio rispetto a cinque anni fa; il 72% individua nella riduzione del tempo dedicato allo studio individuale il principale fattore di criticit\u00e0; il 58% segnala una crescente difficolt\u00e0 nell&#8217;affrontare testi complessi e processi argomentativi articolati; il 36% richiama l&#8217;attenzione sull&#8217;utilizzo dell&#8217;Intelligenza Artificiale nello svolgimento dei compiti domestici.<br \/>\nNon siamo di fronte soltanto a un cambiamento nelle abitudini scolastiche. Questi dati sembrano piuttosto riflettere una trasformazione pi\u00f9 profonda del rapporto che le nuove generazioni intrattengono con il sapere, con il tempo e con la costruzione della propria identit\u00e0.<br \/>\nViviamo in un&#8217;epoca che offre infinite possibilit\u00e0 di accesso alle informazioni, ma che rischia di impoverire l&#8217;esperienza della comprensione. La disponibilit\u00e0 immediata delle risposte non coincide necessariamente con la maturazione della conoscenza. Anzi, quanto pi\u00f9 si riduce la distanza tra domanda e risposta, tanto pi\u00f9 diventa difficile coltivare quelle facolt\u00e0 interiori che consentono di interpretare la realt\u00e0, attribuire significato agli eventi e sviluppare una visione critica del mondo.<br \/>\nL&#8217;apprendimento autentico richiede infatti qualcosa che la cultura dell&#8217;immediatezza tende progressivamente a scoraggiare: la capacit\u00e0 di sostare. Sostare davanti a un testo difficile. Sostare dentro una domanda. Sostare nell&#8217;incertezza che accompagna ogni processo di ricerca e di crescita.<\/p>\n<p>La scuola rappresenta uno dei pochi luoghi nei quali tale esperienza pu\u00f2 ancora essere coltivata. La sua funzione non consiste semplicemente nel trasferire contenuti, ma nel creare le condizioni affinch\u00e9 ogni studente possa sviluppare gli strumenti cognitivi ed etici necessari per orientarsi nella complessit\u00e0 del presente.<br \/>\nLa difficolt\u00e0 crescente nel confrontarsi con testi articolati, evidenziata dal 58% dei docenti, non riguarda soltanto la competenza linguistica. Essa investe la capacit\u00e0 di stabilire connessioni, riconoscere relazioni tra fenomeni, comprendere la pluralit\u00e0 dei punti di vista e abitare la complessit\u00e0 senza ridurla a semplificazioni rassicuranti. In gioco non vi \u00e8 soltanto il successo scolastico, ma la qualit\u00e0 stessa della partecipazione democratica.<br \/>\nUna societ\u00e0 che perde familiarit\u00e0 con il pensiero approfondito rischia infatti di diventare pi\u00f9 vulnerabile alla frammentazione delle conoscenze, alla polarizzazione delle opinioni e alla diffusione di narrazioni semplificate. La cittadinanza democratica non si alimenta di risposte immediate, ma della capacit\u00e0 di comprendere problemi complessi, valutare criticamente le informazioni e assumere responsabilmente le proprie decisioni.<\/p>\n<p>Anche il dibattito sull&#8217;Intelligenza Artificiale dovrebbe essere collocato all&#8217;interno di questa prospettiva.<\/p>\n<p>Le tecnologie emergenti rappresentano opportunit\u00e0 significative e ormai imprescindibili. Tuttavia, nessun dispositivo pu\u00f2 sostituire quel lavoro interiore attraverso il quale la persona trasforma l&#8217;informazione in conoscenza e la conoscenza in consapevolezza. Quando la ricerca della soluzione prevale sulla comprensione del percorso, il rischio non \u00e8 soltanto una perdita di competenze, ma un indebolimento della capacit\u00e0 di attribuire significato all&#8217;esperienza.<\/p>\n<p>Particolarmente eloquente appare, in questo contesto, il dato secondo cui il 90% degli insegnanti considera ancora il libro di testo uno strumento funzionale ai processi di apprendimento contemporanei. Per il 36% esso \u00e8 molto funzionale, per il 54% abbastanza funzionale. Tale valutazione suggerisce che il problema non risiede nella struttura dei percorsi educativi, ma nella crescente difficolt\u00e0 di preservare spazi di attenzione, concentrazione e continuit\u00e0 all&#8217;interno di una societ\u00e0 dominata dall&#8217;accelerazione permanente.<\/p>\n<p>La questione educativa che emerge dall&#8217;indagine AIE non riguarda soltanto la scuola. Essa interpella l&#8217;intera comunit\u00e0 nazionale. Interroga le famiglie, le istituzioni, i media, il mondo della cultura e della politica. Ci chiede quale idea di persona intendiamo promuovere e quale modello di convivenza democratica desideriamo costruire.<br \/>\nIl Coordinamento Nazionale Docenti della disciplina dei Diritti Umani ritiene che il diritto all&#8217;istruzione non possa essere limitato all&#8217;accesso formale ai percorsi scolastici. Esso comprende il diritto a sviluppare pienamente le proprie capacit\u00e0 di pensiero, di relazione, di comprensione e di partecipazione. Comprende il diritto a un&#8217;educazione che non formi soltanto individui competenti, ma persone consapevoli.<\/p>\n<p>Per questa ragione appare urgente restituire valore culturale e sociale al tempo dello studio, della lettura e della riflessione. In un mondo che corre sempre pi\u00f9 velocemente, educare significa forse anzitutto difendere quei luoghi e quei tempi nei quali \u00e8 ancora possibile fermarsi per comprendere.<br \/>\nPerch\u00e9 il futuro della scuola non dipender\u00e0 soltanto dalle tecnologie che sapremo introdurre &#8211; conclude il professor Romano Pesavento &#8211; , ma dalla capacit\u00e0 di custodire ci\u00f2 che rende umano ogni processo educativo: la ricerca del senso, il dialogo con l&#8217;altro, il pensiero critico e la crescita integrale della persona&#8221;.<br \/>\nPensate &#8211; ad esempio &#8211; a cosa succederebbe un domani se con un click si spegnesse la possibilit\u00e0 di accesso alla rete internet.<\/p>\n<p>&nbsp;<\/p>\n<p>&nbsp;<\/p>","protected":false},"excerpt":{"rendered":"<p>Il Coordinamento Nazionale Docenti della disciplina dei Diritti Umani invita a una riflessione ampia e non contingente sui risultati dell&#8217;indagine nazionale promossa dall&#8217;Associazione Italiana Editori (AIE), &#8220;Il valore del libro di testo nella didattica d&#8217;aula e nello studio a casa. Quando l&#8217;IA entra in classe&#8221;, condotta su un campione rappresentativo di 3.399 docenti della scuola [&hellip;]<\/p>\n","protected":false},"author":2,"featured_media":156483,"comment_status":"closed","ping_status":"open","sticky":false,"template":"","format":"standard","meta":{"footnotes":""},"categories":[26,15],"tags":[],"class_list":["post-170627","post","type-post","status-publish","format-standard","has-post-thumbnail","category-prima-pagina","category-scuola"],"yoast_head":"<!-- This site is optimized with the Yoast SEO plugin v28.4 - https:\/\/yoast.com\/product\/yoast-seo-wordpress\/ -->\n<title>Indagine &quot;Quando l&#039;IA entra in classe&quot;: il 72% degli studenti dedica meno tempo allo studio - Bellunopress - Dolomiti<\/title>\n<meta name=\"robots\" content=\"index, follow, max-snippet:-1, max-image-preview:large, max-video-preview:-1\" \/>\n<link rel=\"canonical\" href=\"https:\/\/www.bellunopress.it\/fr\/2026\/06\/01\/indagine-quando-lia-entra-in-classe-il-72-degli-studenti-dedica-meno-tempo-allo-studio\/\" \/>\n<meta property=\"og:locale\" content=\"fr_FR\" \/>\n<meta property=\"og:type\" content=\"article\" \/>\n<meta property=\"og:title\" content=\"Indagine &quot;Quando l&#039;IA entra in classe&quot;: il 72% degli studenti dedica meno tempo allo studio - Bellunopress - Dolomiti\" \/>\n<meta property=\"og:description\" content=\"Il Coordinamento Nazionale Docenti della disciplina dei Diritti Umani invita a una riflessione ampia e non contingente sui risultati dell&#8217;indagine nazionale promossa dall&#8217;Associazione Italiana Editori (AIE), &#8220;Il valore del libro di testo nella didattica d&#8217;aula e nello studio a casa. Quando l&#8217;IA entra in classe&#8221;, condotta su un campione rappresentativo di 3.399 docenti della scuola [&hellip;]\" \/>\n<meta property=\"og:url\" content=\"https:\/\/www.bellunopress.it\/fr\/2026\/06\/01\/indagine-quando-lia-entra-in-classe-il-72-degli-studenti-dedica-meno-tempo-allo-studio\/\" \/>\n<meta property=\"og:site_name\" content=\"Bellunopress - Dolomiti\" \/>\n<meta property=\"article:publisher\" content=\"https:\/\/www.facebook.com\/profile.php?id=100008943462799\" \/>\n<meta property=\"article:published_time\" content=\"2026-06-01T04:16:03+00:00\" \/>\n<meta property=\"og:image\" content=\"https:\/\/www.bellunopress.it\/wp-content\/uploads\/2024\/12\/AI-intelligenza-artificiale_edited.jpg\" \/>\n\t<meta property=\"og:image:width\" content=\"1000\" \/>\n\t<meta property=\"og:image:height\" content=\"563\" \/>\n\t<meta property=\"og:image:type\" content=\"image\/jpeg\" \/>\n<meta name=\"author\" content=\"redazione\" \/>\n<meta name=\"twitter:card\" content=\"summary_large_image\" \/>\n<meta name=\"twitter:creator\" content=\"@bellunopress\" \/>\n<meta name=\"twitter:site\" content=\"@bellunopress\" \/>\n<meta name=\"twitter:label1\" content=\"Written by\" \/>\n\t<meta name=\"twitter:data1\" content=\"redazione\" \/>\n\t<meta name=\"twitter:label2\" content=\"Est. reading time\" \/>\n\t<meta name=\"twitter:data2\" content=\"5 minutes\" \/>\n<script type=\"application\/ld+json\" class=\"yoast-schema-graph\">{\"@context\":\"https:\\\/\\\/schema.org\",\"@graph\":[{\"@type\":\"Article\",\"@id\":\"https:\\\/\\\/www.bellunopress.it\\\/2026\\\/06\\\/01\\\/indagine-quando-lia-entra-in-classe-il-72-degli-studenti-dedica-meno-tempo-allo-studio\\\/#article\",\"isPartOf\":{\"@id\":\"https:\\\/\\\/www.bellunopress.it\\\/2026\\\/06\\\/01\\\/indagine-quando-lia-entra-in-classe-il-72-degli-studenti-dedica-meno-tempo-allo-studio\\\/\"},\"author\":{\"name\":\"redazione\",\"@id\":\"https:\\\/\\\/www.bellunopress.it\\\/#\\\/schema\\\/person\\\/79bb06722b37ece1c03d3e94beb30d73\"},\"headline\":\"Indagine &#8220;Quando l&#8217;IA entra in classe&#8221;: il 72% degli studenti dedica meno tempo allo studio\",\"datePublished\":\"2026-06-01T04:16:03+00:00\",\"mainEntityOfPage\":{\"@id\":\"https:\\\/\\\/www.bellunopress.it\\\/2026\\\/06\\\/01\\\/indagine-quando-lia-entra-in-classe-il-72-degli-studenti-dedica-meno-tempo-allo-studio\\\/\"},\"wordCount\":838,\"publisher\":{\"@id\":\"https:\\\/\\\/www.bellunopress.it\\\/#organization\"},\"image\":{\"@id\":\"https:\\\/\\\/www.bellunopress.it\\\/2026\\\/06\\\/01\\\/indagine-quando-lia-entra-in-classe-il-72-degli-studenti-dedica-meno-tempo-allo-studio\\\/#primaryimage\"},\"thumbnailUrl\":\"https:\\\/\\\/www.bellunopress.it\\\/wp-content\\\/uploads\\\/2024\\\/12\\\/AI-intelligenza-artificiale_edited.jpg\",\"articleSection\":[\"Prima Pagina\",\"Scuola\"],\"inLanguage\":\"fr-FR\"},{\"@type\":\"WebPage\",\"@id\":\"https:\\\/\\\/www.bellunopress.it\\\/2026\\\/06\\\/01\\\/indagine-quando-lia-entra-in-classe-il-72-degli-studenti-dedica-meno-tempo-allo-studio\\\/\",\"url\":\"https:\\\/\\\/www.bellunopress.it\\\/2026\\\/06\\\/01\\\/indagine-quando-lia-entra-in-classe-il-72-degli-studenti-dedica-meno-tempo-allo-studio\\\/\",\"name\":\"Indagine \\\"Quando l'IA entra in classe\\\": il 72% degli studenti dedica meno tempo allo studio - Bellunopress - Dolomiti\",\"isPartOf\":{\"@id\":\"https:\\\/\\\/www.bellunopress.it\\\/#website\"},\"primaryImageOfPage\":{\"@id\":\"https:\\\/\\\/www.bellunopress.it\\\/2026\\\/06\\\/01\\\/indagine-quando-lia-entra-in-classe-il-72-degli-studenti-dedica-meno-tempo-allo-studio\\\/#primaryimage\"},\"image\":{\"@id\":\"https:\\\/\\\/www.bellunopress.it\\\/2026\\\/06\\\/01\\\/indagine-quando-lia-entra-in-classe-il-72-degli-studenti-dedica-meno-tempo-allo-studio\\\/#primaryimage\"},\"thumbnailUrl\":\"https:\\\/\\\/www.bellunopress.it\\\/wp-content\\\/uploads\\\/2024\\\/12\\\/AI-intelligenza-artificiale_edited.jpg\",\"datePublished\":\"2026-06-01T04:16:03+00:00\",\"breadcrumb\":{\"@id\":\"https:\\\/\\\/www.bellunopress.it\\\/2026\\\/06\\\/01\\\/indagine-quando-lia-entra-in-classe-il-72-degli-studenti-dedica-meno-tempo-allo-studio\\\/#breadcrumb\"},\"inLanguage\":\"fr-FR\",\"potentialAction\":[{\"@type\":\"ReadAction\",\"target\":[\"https:\\\/\\\/www.bellunopress.it\\\/2026\\\/06\\\/01\\\/indagine-quando-lia-entra-in-classe-il-72-degli-studenti-dedica-meno-tempo-allo-studio\\\/\"]}]},{\"@type\":\"ImageObject\",\"inLanguage\":\"fr-FR\",\"@id\":\"https:\\\/\\\/www.bellunopress.it\\\/2026\\\/06\\\/01\\\/indagine-quando-lia-entra-in-classe-il-72-degli-studenti-dedica-meno-tempo-allo-studio\\\/#primaryimage\",\"url\":\"https:\\\/\\\/www.bellunopress.it\\\/wp-content\\\/uploads\\\/2024\\\/12\\\/AI-intelligenza-artificiale_edited.jpg\",\"contentUrl\":\"https:\\\/\\\/www.bellunopress.it\\\/wp-content\\\/uploads\\\/2024\\\/12\\\/AI-intelligenza-artificiale_edited.jpg\",\"width\":1000,\"height\":563},{\"@type\":\"BreadcrumbList\",\"@id\":\"https:\\\/\\\/www.bellunopress.it\\\/2026\\\/06\\\/01\\\/indagine-quando-lia-entra-in-classe-il-72-degli-studenti-dedica-meno-tempo-allo-studio\\\/#breadcrumb\",\"itemListElement\":[{\"@type\":\"ListItem\",\"position\":1,\"name\":\"Home\",\"item\":\"https:\\\/\\\/www.bellunopress.it\\\/\"},{\"@type\":\"ListItem\",\"position\":2,\"name\":\"Indagine &#8220;Quando l&#8217;IA entra in classe&#8221;: il 72% degli studenti dedica meno tempo allo studio\"}]},{\"@type\":\"WebSite\",\"@id\":\"https:\\\/\\\/www.bellunopress.it\\\/#website\",\"url\":\"https:\\\/\\\/www.bellunopress.it\\\/\",\"name\":\"Bellunopress - Dolomiti\",\"description\":\"e-mail: redazione@bellunopress.it\",\"publisher\":{\"@id\":\"https:\\\/\\\/www.bellunopress.it\\\/#organization\"},\"potentialAction\":[{\"@type\":\"SearchAction\",\"target\":{\"@type\":\"EntryPoint\",\"urlTemplate\":\"https:\\\/\\\/www.bellunopress.it\\\/?s={search_term_string}\"},\"query-input\":{\"@type\":\"PropertyValueSpecification\",\"valueRequired\":true,\"valueName\":\"search_term_string\"}}],\"inLanguage\":\"fr-FR\"},{\"@type\":\"Organization\",\"@id\":\"https:\\\/\\\/www.bellunopress.it\\\/#organization\",\"name\":\"Bellunopress\",\"url\":\"https:\\\/\\\/www.bellunopress.it\\\/\",\"logo\":{\"@type\":\"ImageObject\",\"inLanguage\":\"fr-FR\",\"@id\":\"https:\\\/\\\/www.bellunopress.it\\\/#\\\/schema\\\/logo\\\/image\\\/\",\"url\":\"https:\\\/\\\/www.bellunopress.it\\\/wp-content\\\/uploads\\\/2011\\\/05\\\/cropped-logo-bellunopress-.jpg\",\"contentUrl\":\"https:\\\/\\\/www.bellunopress.it\\\/wp-content\\\/uploads\\\/2011\\\/05\\\/cropped-logo-bellunopress-.jpg\",\"width\":512,\"height\":512,\"caption\":\"Bellunopress\"},\"image\":{\"@id\":\"https:\\\/\\\/www.bellunopress.it\\\/#\\\/schema\\\/logo\\\/image\\\/\"},\"sameAs\":[\"https:\\\/\\\/www.facebook.com\\\/profile.php?id=100008943462799\",\"https:\\\/\\\/x.com\\\/bellunopress\",\"https:\\\/\\\/www.linkedin.com\\\/hp\\\/?dnr=JBzUWaJfMUw8vbXJJ2tVW5-I3jZKvC4wsoxE&amp;amp;amp;amp;amp;amp;trk=nav_responsive_tab_home\",\"https:\\\/\\\/www.youtube.com\\\/channel\\\/UCxL0wu1uN0_3_7hGG0306cw\"]},{\"@type\":\"Person\",\"@id\":\"https:\\\/\\\/www.bellunopress.it\\\/#\\\/schema\\\/person\\\/79bb06722b37ece1c03d3e94beb30d73\",\"name\":\"redazione\",\"image\":{\"@type\":\"ImageObject\",\"inLanguage\":\"fr-FR\",\"@id\":\"https:\\\/\\\/secure.gravatar.com\\\/avatar\\\/37d968a2e67a6fd04c169c4bdef102d0bc5d31b2546345219e348575eb80e9a0?s=96&d=mm&r=g\",\"url\":\"https:\\\/\\\/secure.gravatar.com\\\/avatar\\\/37d968a2e67a6fd04c169c4bdef102d0bc5d31b2546345219e348575eb80e9a0?s=96&d=mm&r=g\",\"contentUrl\":\"https:\\\/\\\/secure.gravatar.com\\\/avatar\\\/37d968a2e67a6fd04c169c4bdef102d0bc5d31b2546345219e348575eb80e9a0?s=96&d=mm&r=g\",\"caption\":\"redazione\"},\"sameAs\":[\"http:\\\/\\\/www.bellunopress.it\",\"https:\\\/\\\/x.com\\\/bellunopress\"],\"url\":\"https:\\\/\\\/www.bellunopress.it\\\/fr\\\/author\\\/redazione\\\/\"}]}<\/script>\n<!-- \/ Yoast SEO plugin. -->","yoast_head_json":{"title":"Indagine \"Quando l'IA entra in classe\": il 72% degli studenti dedica meno tempo allo studio - Bellunopress - Dolomiti","robots":{"index":"index","follow":"follow","max-snippet":"max-snippet:-1","max-image-preview":"max-image-preview:large","max-video-preview":"max-video-preview:-1"},"canonical":"https:\/\/www.bellunopress.it\/fr\/2026\/06\/01\/indagine-quando-lia-entra-in-classe-il-72-degli-studenti-dedica-meno-tempo-allo-studio\/","og_locale":"fr_FR","og_type":"article","og_title":"Indagine \"Quando l'IA entra in classe\": il 72% degli studenti dedica meno tempo allo studio - Bellunopress - Dolomiti","og_description":"Il Coordinamento Nazionale Docenti della disciplina dei Diritti Umani invita a una riflessione ampia e non contingente sui risultati dell&#8217;indagine nazionale promossa dall&#8217;Associazione Italiana Editori (AIE), &#8220;Il valore del libro di testo nella didattica d&#8217;aula e nello studio a casa. Quando l&#8217;IA entra in classe&#8221;, condotta su un campione rappresentativo di 3.399 docenti della scuola [&hellip;]","og_url":"https:\/\/www.bellunopress.it\/fr\/2026\/06\/01\/indagine-quando-lia-entra-in-classe-il-72-degli-studenti-dedica-meno-tempo-allo-studio\/","og_site_name":"Bellunopress - Dolomiti","article_publisher":"https:\/\/www.facebook.com\/profile.php?id=100008943462799","article_published_time":"2026-06-01T04:16:03+00:00","og_image":[{"width":1000,"height":563,"url":"https:\/\/www.bellunopress.it\/wp-content\/uploads\/2024\/12\/AI-intelligenza-artificiale_edited.jpg","type":"image\/jpeg"}],"author":"redazione","twitter_card":"summary_large_image","twitter_creator":"@bellunopress","twitter_site":"@bellunopress","twitter_misc":{"Written by":"redazione","Est. reading time":"5 minutes"},"schema":{"@context":"https:\/\/schema.org","@graph":[{"@type":"Article","@id":"https:\/\/www.bellunopress.it\/2026\/06\/01\/indagine-quando-lia-entra-in-classe-il-72-degli-studenti-dedica-meno-tempo-allo-studio\/#article","isPartOf":{"@id":"https:\/\/www.bellunopress.it\/2026\/06\/01\/indagine-quando-lia-entra-in-classe-il-72-degli-studenti-dedica-meno-tempo-allo-studio\/"},"author":{"name":"redazione","@id":"https:\/\/www.bellunopress.it\/#\/schema\/person\/79bb06722b37ece1c03d3e94beb30d73"},"headline":"Indagine &#8220;Quando l&#8217;IA entra in classe&#8221;: il 72% degli studenti dedica meno tempo allo studio","datePublished":"2026-06-01T04:16:03+00:00","mainEntityOfPage":{"@id":"https:\/\/www.bellunopress.it\/2026\/06\/01\/indagine-quando-lia-entra-in-classe-il-72-degli-studenti-dedica-meno-tempo-allo-studio\/"},"wordCount":838,"publisher":{"@id":"https:\/\/www.bellunopress.it\/#organization"},"image":{"@id":"https:\/\/www.bellunopress.it\/2026\/06\/01\/indagine-quando-lia-entra-in-classe-il-72-degli-studenti-dedica-meno-tempo-allo-studio\/#primaryimage"},"thumbnailUrl":"https:\/\/www.bellunopress.it\/wp-content\/uploads\/2024\/12\/AI-intelligenza-artificiale_edited.jpg","articleSection":["Prima Pagina","Scuola"],"inLanguage":"fr-FR"},{"@type":"WebPage","@id":"https:\/\/www.bellunopress.it\/2026\/06\/01\/indagine-quando-lia-entra-in-classe-il-72-degli-studenti-dedica-meno-tempo-allo-studio\/","url":"https:\/\/www.bellunopress.it\/2026\/06\/01\/indagine-quando-lia-entra-in-classe-il-72-degli-studenti-dedica-meno-tempo-allo-studio\/","name":"Indagine \"Quando l'IA entra in classe\": il 72% degli studenti dedica meno tempo allo studio - Bellunopress - Dolomiti","isPartOf":{"@id":"https:\/\/www.bellunopress.it\/#website"},"primaryImageOfPage":{"@id":"https:\/\/www.bellunopress.it\/2026\/06\/01\/indagine-quando-lia-entra-in-classe-il-72-degli-studenti-dedica-meno-tempo-allo-studio\/#primaryimage"},"image":{"@id":"https:\/\/www.bellunopress.it\/2026\/06\/01\/indagine-quando-lia-entra-in-classe-il-72-degli-studenti-dedica-meno-tempo-allo-studio\/#primaryimage"},"thumbnailUrl":"https:\/\/www.bellunopress.it\/wp-content\/uploads\/2024\/12\/AI-intelligenza-artificiale_edited.jpg","datePublished":"2026-06-01T04:16:03+00:00","breadcrumb":{"@id":"https:\/\/www.bellunopress.it\/2026\/06\/01\/indagine-quando-lia-entra-in-classe-il-72-degli-studenti-dedica-meno-tempo-allo-studio\/#breadcrumb"},"inLanguage":"fr-FR","potentialAction":[{"@type":"ReadAction","target":["https:\/\/www.bellunopress.it\/2026\/06\/01\/indagine-quando-lia-entra-in-classe-il-72-degli-studenti-dedica-meno-tempo-allo-studio\/"]}]},{"@type":"ImageObject","inLanguage":"fr-FR","@id":"https:\/\/www.bellunopress.it\/2026\/06\/01\/indagine-quando-lia-entra-in-classe-il-72-degli-studenti-dedica-meno-tempo-allo-studio\/#primaryimage","url":"https:\/\/www.bellunopress.it\/wp-content\/uploads\/2024\/12\/AI-intelligenza-artificiale_edited.jpg","contentUrl":"https:\/\/www.bellunopress.it\/wp-content\/uploads\/2024\/12\/AI-intelligenza-artificiale_edited.jpg","width":1000,"height":563},{"@type":"BreadcrumbList","@id":"https:\/\/www.bellunopress.it\/2026\/06\/01\/indagine-quando-lia-entra-in-classe-il-72-degli-studenti-dedica-meno-tempo-allo-studio\/#breadcrumb","itemListElement":[{"@type":"ListItem","position":1,"name":"Home","item":"https:\/\/www.bellunopress.it\/"},{"@type":"ListItem","position":2,"name":"Indagine &#8220;Quando l&#8217;IA entra in classe&#8221;: il 72% degli studenti dedica meno tempo allo studio"}]},{"@type":"WebSite","@id":"https:\/\/www.bellunopress.it\/#website","url":"https:\/\/www.bellunopress.it\/","name":"Bellunopress - Dolomiti","description":"e-mail: redazione@bellunopress.it","publisher":{"@id":"https:\/\/www.bellunopress.it\/#organization"},"potentialAction":[{"@type":"SearchAction","target":{"@type":"EntryPoint","urlTemplate":"https:\/\/www.bellunopress.it\/?s={search_term_string}"},"query-input":{"@type":"PropertyValueSpecification","valueRequired":true,"valueName":"search_term_string"}}],"inLanguage":"fr-FR"},{"@type":"Organization","@id":"https:\/\/www.bellunopress.it\/#organization","name":"Bellunopress","url":"https:\/\/www.bellunopress.it\/","logo":{"@type":"ImageObject","inLanguage":"fr-FR","@id":"https:\/\/www.bellunopress.it\/#\/schema\/logo\/image\/","url":"https:\/\/www.bellunopress.it\/wp-content\/uploads\/2011\/05\/cropped-logo-bellunopress-.jpg","contentUrl":"https:\/\/www.bellunopress.it\/wp-content\/uploads\/2011\/05\/cropped-logo-bellunopress-.jpg","width":512,"height":512,"caption":"Bellunopress"},"image":{"@id":"https:\/\/www.bellunopress.it\/#\/schema\/logo\/image\/"},"sameAs":["https:\/\/www.facebook.com\/profile.php?id=100008943462799","https:\/\/x.com\/bellunopress","https:\/\/www.linkedin.com\/hp\/?dnr=JBzUWaJfMUw8vbXJJ2tVW5-I3jZKvC4wsoxE&amp;amp;amp;amp;amp;amp;trk=nav_responsive_tab_home","https:\/\/www.youtube.com\/channel\/UCxL0wu1uN0_3_7hGG0306cw"]},{"@type":"Person","@id":"https:\/\/www.bellunopress.it\/#\/schema\/person\/79bb06722b37ece1c03d3e94beb30d73","name":"r\u00e9daction","image":{"@type":"ImageObject","inLanguage":"fr-FR","@id":"https:\/\/secure.gravatar.com\/avatar\/37d968a2e67a6fd04c169c4bdef102d0bc5d31b2546345219e348575eb80e9a0?s=96&d=mm&r=g","url":"https:\/\/secure.gravatar.com\/avatar\/37d968a2e67a6fd04c169c4bdef102d0bc5d31b2546345219e348575eb80e9a0?s=96&d=mm&r=g","contentUrl":"https:\/\/secure.gravatar.com\/avatar\/37d968a2e67a6fd04c169c4bdef102d0bc5d31b2546345219e348575eb80e9a0?s=96&d=mm&r=g","caption":"redazione"},"sameAs":["http:\/\/www.bellunopress.it","https:\/\/x.com\/bellunopress"],"url":"https:\/\/www.bellunopress.it\/fr\/author\/redazione\/"}]}},"_links":{"self":[{"href":"https:\/\/www.bellunopress.it\/fr\/wp-json\/wp\/v2\/posts\/170627","targetHints":{"allow":["GET"]}}],"collection":[{"href":"https:\/\/www.bellunopress.it\/fr\/wp-json\/wp\/v2\/posts"}],"about":[{"href":"https:\/\/www.bellunopress.it\/fr\/wp-json\/wp\/v2\/types\/post"}],"author":[{"embeddable":true,"href":"https:\/\/www.bellunopress.it\/fr\/wp-json\/wp\/v2\/users\/2"}],"replies":[{"embeddable":true,"href":"https:\/\/www.bellunopress.it\/fr\/wp-json\/wp\/v2\/comments?post=170627"}],"version-history":[{"count":1,"href":"https:\/\/www.bellunopress.it\/fr\/wp-json\/wp\/v2\/posts\/170627\/revisions"}],"predecessor-version":[{"id":170628,"href":"https:\/\/www.bellunopress.it\/fr\/wp-json\/wp\/v2\/posts\/170627\/revisions\/170628"}],"wp:featuredmedia":[{"embeddable":true,"href":"https:\/\/www.bellunopress.it\/fr\/wp-json\/wp\/v2\/media\/156483"}],"wp:attachment":[{"href":"https:\/\/www.bellunopress.it\/fr\/wp-json\/wp\/v2\/media?parent=170627"}],"wp:term":[{"taxonomy":"category","embeddable":true,"href":"https:\/\/www.bellunopress.it\/fr\/wp-json\/wp\/v2\/categories?post=170627"},{"taxonomy":"post_tag","embeddable":true,"href":"https:\/\/www.bellunopress.it\/fr\/wp-json\/wp\/v2\/tags?post=170627"}],"curies":[{"name":"wp","href":"https:\/\/api.w.org\/{rel}","templated":true}]}}