{"id":170622,"date":"2026-05-31T11:51:53","date_gmt":"2026-05-31T09:51:53","guid":{"rendered":"https:\/\/www.bellunopress.it\/?p=170622"},"modified":"2026-05-31T11:51:53","modified_gmt":"2026-05-31T09:51:53","slug":"lestate-futurista-sbarca-a-caorle-la-mostra-apre-al-pubblico-dal-5-giugno-al-6-settembre","status":"publish","type":"post","link":"https:\/\/www.bellunopress.it\/fr\/2026\/05\/31\/lestate-futurista-sbarca-a-caorle-la-mostra-apre-al-pubblico-dal-5-giugno-al-6-settembre\/","title":{"rendered":"L&#8217;estate futurista sbarca a Caorle.  La mostra apre al pubblico dal 5 giugno al 6 settembre"},"content":{"rendered":"<p>Balla, Boccioni, Carr\u00e0, Russolo, Depero, Ambrosi, Fasullo, Tato e molti altri protagonisti della grande avanguardia storica saranno esposti in &#8220;Futurism: prophecy and revolution&#8221; dal 5 giugno al 6 settembre 2026 al Centro Culturale A. Bafile di Caorle (Ve)<\/p>\n<p>&#8220;Per essere futurista\u00a0non ci vuole patente.<\/p>\n<p>Per essere futurista\u00a0non occorre schedario.<\/p>\n<p>Per essere futurista\u00a0basta amare ed odiare:\u00a0odiare il conformismo,\u00a0odiare l&#8217;ipocrisia,\u00a0amar l&#8217;intelligenza,\u00a0amar la libert\u00e0&#8221;<\/p>\n<p><img loading=\"lazy\" decoding=\"async\" class=\"aligncenter size-full wp-image-170623\" src=\"https:\/\/www.bellunopress.it\/wp-content\/uploads\/2026\/05\/Futurismo-mostra-Caorle.jpg\" alt=\"\" width=\"500\" height=\"399\" srcset=\"https:\/\/www.bellunopress.it\/wp-content\/uploads\/2026\/05\/Futurismo-mostra-Caorle.jpg 500w, https:\/\/www.bellunopress.it\/wp-content\/uploads\/2026\/05\/Futurismo-mostra-Caorle-150x120.jpg 150w, https:\/\/www.bellunopress.it\/wp-content\/uploads\/2026\/05\/Futurismo-mostra-Caorle-300x239.jpg 300w\" sizes=\"auto, (max-width: 500px) 100vw, 500px\" \/>Una mostra di oltre 60 opere, promossa dal Comune di Caorle e curata da Matteo Vanzan di MV Arte, che vuole raccontare il Futurismo come la vera grande rivoluzione che fu, in grado di rinnovare non solamente le arti visive, ma, per certi versi, anche la vita stessa.<\/p>\n<p>Le opere, provenienti da prestigiose collezioni private e pubbliche come il Patrimonio artistico Banco BPM e il Museo dell&#8217;Aeronautica G. Caproni di Trento, si alterneranno in un percorso di pittura, scultura, fotografia, manifesti e arte applicata con una particolare attenzione per le pubblicazioni futuriste come nel caso di &#8220;Mafarka il futurista&#8221; del 1911 e &#8220;Zang Tumb Tumb&#8221; di Filippo Tommaso Marinetti del 1914 oppure &#8220;Guerrapittura&#8221; di Carlo Carr\u00e0 del 1915 e &#8220;L&#8217;Arte dei rumori&#8221; di Luigi Russolo del 1916.<\/p>\n<p>Nel mezzo opere iconiche o riscoperte come la &#8220;Battaglia di Sassabaneh&#8221; di Italo Fasolo (Fasullo) esposta nella Biennale di Venezia del 1938, &#8220;Scendendo in citt\u00e0 dal cielo&#8221; di Alfredo Gauro Ambrosi, tra le massime espressioni di aeropittura datato 1933, che si affiancheranno a quelle di Cesare Andreoni, Luigi Bonazza, Bot, Anselmo Bucci, Tullio Crali, Giulio D&#8217;Anna, Renato Di Bosso, Michele Falanga, L. R. Johannis, Marisa Mori, Francesco Balilla Pratella, Fides Testi Stagni, Osvaldo Toschi, Tato e molti altri.<\/p>\n<p>&#8220;La mostra Futurism: Prophecy and Revolution&#8221; afferma il Vice Sindaco e Assessore alla Cultura Luca Antelmo &#8220;rappresenta un&#8217;occasione preziosa per avvicinarsi a uno dei fenomeni pi\u00f9 dirompenti della storia dell&#8217;arte contemporanea. Il percorso espositivo invita il pubblico a scoprire la forza visionaria di artisti che seppero anticipare temi ancora attuali: il dinamismo urbano, il rapporto con la tecnologia, la trasformazione dei linguaggi e la continua tensione verso il nuovo. Portare a Caorle un progetto di tale valore significa offrire un&#8217;esperienza capace di unire approfondimento scientifico e coinvolgimento emotivo&#8221;.<\/p>\n<p>&#8220;Profezia e rivoluzione&#8221;, dichiara il curatore Matteo Vanzan, &#8220;intende offrire uno spaccato del Futurismo presentandolo come un movimento coerente e compatto che, dal Manifesto di Marinetti, attraversa la prima met\u00e0 del Novecento fino al secondo dopoguerra. Il titolo trae ispirazione da una lettera di Umberto Boccioni, esposta in mostra, dal tono sorprendentemente profetico e scritta un anno esatto prima della sua morte. Profezia e rivoluzione sono, del resto, due anime fondative del Futurismo, capaci di intrecciarsi con le visioni e i radicali mutamenti che il movimento introdusse non solo nelle arti, ma anche nella moda, nella musica, nella poesia, nell&#8217;editoria e perfino nella cucina&#8221;.<\/p>\n<p>Pi\u00f9 che un&#8217;avanguardia artistica, il Futurismo fu infatti una vera rivoluzione culturale: un movimento capace di travolgere persino il modo stesso di vivere la modernit\u00e0, trasformandosi in una chiamata collettiva all&#8217;azione, al cambiamento e alla velocit\u00e0. \u00abNoi affermiamo che la magnificenza del mondo si \u00e8 arricchita di una bellezza nuova: la bellezza della velocit\u00e0\u00bb, proclamava Filippo Tommaso Marinetti nel Manifesto del Futurismo, dando voce a una generazione decisa a rompere definitivamente con il passato. Non soltanto una nuova estetica, ma una nuova idea di societ\u00e0, fondata sul dinamismo, sull&#8217;energia e sulla volont\u00e0 di rinnovamento. Con le sue intuizioni radicali, il Futurismo anticip\u00f2 molti dei linguaggi che avrebbero caratterizzato il secondo Novecento, dalla Pop Art alla poesia sonora, dalla comunicazione pubblicitaria al design contemporaneo. Ancora oggi il movimento appare sorprendentemente attuale nella capacit\u00e0 di interpretare temi come la velocit\u00e0 delle immagini, la contaminazione tra discipline e il rapporto tra arte e vita quotidiana. &#8220;Futurism: Prophecy and Revolution&#8221; propone cos\u00ec un ampio sguardo sul Futurismo come fenomeno unitario e trasversale, raccontandone non solo la portata estetica, ma soprattutto la forza visionaria e rivoluzionaria che ne fece uno dei movimenti pi\u00f9 influenti e controversi del XX secolo.<\/p>\n<p>La mostra, promossa dall&#8217;Assessorato alla Cultura del Comune di Caorle (Ve) e organizzata da MV Arte, \u00e8 aperta tutti i giorni dal 5 giugno al 6 settembre dalle 9:30 alle 12:30 e dalle 18:30 alle 22:00 con ultimo accesso 30 minuti prima della chiusura.<\/p>\n<p>&nbsp;<\/p>\n<p>INFORMAZIONI<\/p>\n<p>Centro Culturale A. Bafile \u2013 Rio Ter\u00e0 delle Botteghe, Caorle (Ve)<\/p>\n<p>BIGLIETTO: Intero: 10 euro Ridotto: 6 euro Biglietto gratuito per under 18, studenti universitari fino a 25 anni, portatore di handicap e accompagnatore<\/p>\n<p>WWW.CAORLE.EU \/ WWW.MVARTE.IT<\/p>\n<p>&nbsp;<\/p>","protected":false},"excerpt":{"rendered":"<p>Balla, Boccioni, Carr\u00e0, Russolo, Depero, Ambrosi, Fasullo, Tato e molti altri protagonisti della grande avanguardia storica saranno esposti in &#8220;Futurism: prophecy and revolution&#8221; dal 5 giugno al 6 settembre 2026 al Centro Culturale A. Bafile di Caorle (Ve) &#8220;Per essere futurista\u00a0non ci vuole patente. Per essere futurista\u00a0non occorre schedario. Per essere futurista\u00a0basta amare ed odiare:\u00a0odiare [&hellip;]<\/p>\n","protected":false},"author":2,"featured_media":151816,"comment_status":"closed","ping_status":"open","sticky":false,"template":"","format":"standard","meta":{"footnotes":""},"categories":[3394,25],"tags":[],"class_list":["post-170622","post","type-post","status-publish","format-standard","has-post-thumbnail","category-cultura-e-spettacoli-fuori-provincia","category-pausa-caffe"],"yoast_head":"<!-- This site is optimized with the Yoast SEO plugin v28.4 - https:\/\/yoast.com\/product\/yoast-seo-wordpress\/ -->\n<title>L&#039;estate futurista sbarca a Caorle. La mostra apre al pubblico dal 5 giugno al 6 settembre - Bellunopress - Dolomiti<\/title>\n<meta name=\"robots\" content=\"index, follow, max-snippet:-1, max-image-preview:large, max-video-preview:-1\" \/>\n<link rel=\"canonical\" href=\"https:\/\/www.bellunopress.it\/fr\/2026\/05\/31\/lestate-futurista-sbarca-a-caorle-la-mostra-apre-al-pubblico-dal-5-giugno-al-6-settembre\/\" \/>\n<meta property=\"og:locale\" content=\"fr_FR\" \/>\n<meta property=\"og:type\" content=\"article\" \/>\n<meta property=\"og:title\" content=\"L&#039;estate futurista sbarca a Caorle. La mostra apre al pubblico dal 5 giugno al 6 settembre - Bellunopress - Dolomiti\" \/>\n<meta property=\"og:description\" content=\"Balla, Boccioni, Carr\u00e0, Russolo, Depero, Ambrosi, Fasullo, Tato e molti altri protagonisti della grande avanguardia storica saranno esposti in &#8220;Futurism: prophecy and revolution&#8221; dal 5 giugno al 6 settembre 2026 al Centro Culturale A. Bafile di Caorle (Ve) &#8220;Per essere futurista\u00a0non ci vuole patente. Per essere futurista\u00a0non occorre schedario. Per essere futurista\u00a0basta amare ed odiare:\u00a0odiare [&hellip;]\" \/>\n<meta property=\"og:url\" content=\"https:\/\/www.bellunopress.it\/fr\/2026\/05\/31\/lestate-futurista-sbarca-a-caorle-la-mostra-apre-al-pubblico-dal-5-giugno-al-6-settembre\/\" \/>\n<meta property=\"og:site_name\" content=\"Bellunopress - Dolomiti\" \/>\n<meta property=\"article:publisher\" content=\"https:\/\/www.facebook.com\/profile.php?id=100008943462799\" \/>\n<meta property=\"article:published_time\" content=\"2026-05-31T09:51:53+00:00\" \/>\n<meta property=\"og:image\" content=\"https:\/\/www.bellunopress.it\/wp-content\/uploads\/2024\/06\/Caorle-centro-Bafile_edited.jpg\" \/>\n\t<meta property=\"og:image:width\" content=\"1000\" \/>\n\t<meta property=\"og:image:height\" content=\"563\" \/>\n\t<meta property=\"og:image:type\" content=\"image\/jpeg\" \/>\n<meta name=\"author\" content=\"redazione\" \/>\n<meta name=\"twitter:card\" content=\"summary_large_image\" \/>\n<meta name=\"twitter:creator\" content=\"@bellunopress\" \/>\n<meta name=\"twitter:site\" content=\"@bellunopress\" \/>\n<meta name=\"twitter:label1\" content=\"\u00c9crit par\" \/>\n\t<meta name=\"twitter:data1\" content=\"redazione\" \/>\n\t<meta name=\"twitter:label2\" content=\"Dur\u00e9e de lecture estim\u00e9e\" \/>\n\t<meta name=\"twitter:data2\" content=\"5 minutes\" \/>\n<script type=\"application\/ld+json\" class=\"yoast-schema-graph\">{\"@context\":\"https:\\\/\\\/schema.org\",\"@graph\":[{\"@type\":\"Article\",\"@id\":\"https:\\\/\\\/www.bellunopress.it\\\/2026\\\/05\\\/31\\\/lestate-futurista-sbarca-a-caorle-la-mostra-apre-al-pubblico-dal-5-giugno-al-6-settembre\\\/#article\",\"isPartOf\":{\"@id\":\"https:\\\/\\\/www.bellunopress.it\\\/2026\\\/05\\\/31\\\/lestate-futurista-sbarca-a-caorle-la-mostra-apre-al-pubblico-dal-5-giugno-al-6-settembre\\\/\"},\"author\":{\"name\":\"redazione\",\"@id\":\"https:\\\/\\\/www.bellunopress.it\\\/#\\\/schema\\\/person\\\/79bb06722b37ece1c03d3e94beb30d73\"},\"headline\":\"L&#8217;estate futurista sbarca a Caorle. La mostra apre al pubblico dal 5 giugno al 6 settembre\",\"datePublished\":\"2026-05-31T09:51:53+00:00\",\"mainEntityOfPage\":{\"@id\":\"https:\\\/\\\/www.bellunopress.it\\\/2026\\\/05\\\/31\\\/lestate-futurista-sbarca-a-caorle-la-mostra-apre-al-pubblico-dal-5-giugno-al-6-settembre\\\/\"},\"wordCount\":750,\"publisher\":{\"@id\":\"https:\\\/\\\/www.bellunopress.it\\\/#organization\"},\"image\":{\"@id\":\"https:\\\/\\\/www.bellunopress.it\\\/2026\\\/05\\\/31\\\/lestate-futurista-sbarca-a-caorle-la-mostra-apre-al-pubblico-dal-5-giugno-al-6-settembre\\\/#primaryimage\"},\"thumbnailUrl\":\"https:\\\/\\\/www.bellunopress.it\\\/wp-content\\\/uploads\\\/2024\\\/06\\\/Caorle-centro-Bafile_edited.jpg\",\"articleSection\":[\"Cultura e spettacoli, tempo libero, benessere, fuori provincia\",\"Pausa Caff\u00e8\"],\"inLanguage\":\"fr-FR\"},{\"@type\":\"WebPage\",\"@id\":\"https:\\\/\\\/www.bellunopress.it\\\/2026\\\/05\\\/31\\\/lestate-futurista-sbarca-a-caorle-la-mostra-apre-al-pubblico-dal-5-giugno-al-6-settembre\\\/\",\"url\":\"https:\\\/\\\/www.bellunopress.it\\\/2026\\\/05\\\/31\\\/lestate-futurista-sbarca-a-caorle-la-mostra-apre-al-pubblico-dal-5-giugno-al-6-settembre\\\/\",\"name\":\"L'estate futurista sbarca a Caorle. La mostra apre al pubblico dal 5 giugno al 6 settembre - Bellunopress - Dolomiti\",\"isPartOf\":{\"@id\":\"https:\\\/\\\/www.bellunopress.it\\\/#website\"},\"primaryImageOfPage\":{\"@id\":\"https:\\\/\\\/www.bellunopress.it\\\/2026\\\/05\\\/31\\\/lestate-futurista-sbarca-a-caorle-la-mostra-apre-al-pubblico-dal-5-giugno-al-6-settembre\\\/#primaryimage\"},\"image\":{\"@id\":\"https:\\\/\\\/www.bellunopress.it\\\/2026\\\/05\\\/31\\\/lestate-futurista-sbarca-a-caorle-la-mostra-apre-al-pubblico-dal-5-giugno-al-6-settembre\\\/#primaryimage\"},\"thumbnailUrl\":\"https:\\\/\\\/www.bellunopress.it\\\/wp-content\\\/uploads\\\/2024\\\/06\\\/Caorle-centro-Bafile_edited.jpg\",\"datePublished\":\"2026-05-31T09:51:53+00:00\",\"breadcrumb\":{\"@id\":\"https:\\\/\\\/www.bellunopress.it\\\/2026\\\/05\\\/31\\\/lestate-futurista-sbarca-a-caorle-la-mostra-apre-al-pubblico-dal-5-giugno-al-6-settembre\\\/#breadcrumb\"},\"inLanguage\":\"fr-FR\",\"potentialAction\":[{\"@type\":\"ReadAction\",\"target\":[\"https:\\\/\\\/www.bellunopress.it\\\/2026\\\/05\\\/31\\\/lestate-futurista-sbarca-a-caorle-la-mostra-apre-al-pubblico-dal-5-giugno-al-6-settembre\\\/\"]}]},{\"@type\":\"ImageObject\",\"inLanguage\":\"fr-FR\",\"@id\":\"https:\\\/\\\/www.bellunopress.it\\\/2026\\\/05\\\/31\\\/lestate-futurista-sbarca-a-caorle-la-mostra-apre-al-pubblico-dal-5-giugno-al-6-settembre\\\/#primaryimage\",\"url\":\"https:\\\/\\\/www.bellunopress.it\\\/wp-content\\\/uploads\\\/2024\\\/06\\\/Caorle-centro-Bafile_edited.jpg\",\"contentUrl\":\"https:\\\/\\\/www.bellunopress.it\\\/wp-content\\\/uploads\\\/2024\\\/06\\\/Caorle-centro-Bafile_edited.jpg\",\"width\":1000,\"height\":563,\"caption\":\"Caorle, Centro culturale Bafile\"},{\"@type\":\"BreadcrumbList\",\"@id\":\"https:\\\/\\\/www.bellunopress.it\\\/2026\\\/05\\\/31\\\/lestate-futurista-sbarca-a-caorle-la-mostra-apre-al-pubblico-dal-5-giugno-al-6-settembre\\\/#breadcrumb\",\"itemListElement\":[{\"@type\":\"ListItem\",\"position\":1,\"name\":\"Home\",\"item\":\"https:\\\/\\\/www.bellunopress.it\\\/\"},{\"@type\":\"ListItem\",\"position\":2,\"name\":\"L&#8217;estate futurista sbarca a Caorle. La mostra apre al pubblico dal 5 giugno al 6 settembre\"}]},{\"@type\":\"WebSite\",\"@id\":\"https:\\\/\\\/www.bellunopress.it\\\/#website\",\"url\":\"https:\\\/\\\/www.bellunopress.it\\\/\",\"name\":\"Bellunopress - Dolomiti\",\"description\":\"e-mail: redazione@bellunopress.it\",\"publisher\":{\"@id\":\"https:\\\/\\\/www.bellunopress.it\\\/#organization\"},\"potentialAction\":[{\"@type\":\"SearchAction\",\"target\":{\"@type\":\"EntryPoint\",\"urlTemplate\":\"https:\\\/\\\/www.bellunopress.it\\\/?s={search_term_string}\"},\"query-input\":{\"@type\":\"PropertyValueSpecification\",\"valueRequired\":true,\"valueName\":\"search_term_string\"}}],\"inLanguage\":\"fr-FR\"},{\"@type\":\"Organization\",\"@id\":\"https:\\\/\\\/www.bellunopress.it\\\/#organization\",\"name\":\"Bellunopress\",\"url\":\"https:\\\/\\\/www.bellunopress.it\\\/\",\"logo\":{\"@type\":\"ImageObject\",\"inLanguage\":\"fr-FR\",\"@id\":\"https:\\\/\\\/www.bellunopress.it\\\/#\\\/schema\\\/logo\\\/image\\\/\",\"url\":\"https:\\\/\\\/www.bellunopress.it\\\/wp-content\\\/uploads\\\/2011\\\/05\\\/cropped-logo-bellunopress-.jpg\",\"contentUrl\":\"https:\\\/\\\/www.bellunopress.it\\\/wp-content\\\/uploads\\\/2011\\\/05\\\/cropped-logo-bellunopress-.jpg\",\"width\":512,\"height\":512,\"caption\":\"Bellunopress\"},\"image\":{\"@id\":\"https:\\\/\\\/www.bellunopress.it\\\/#\\\/schema\\\/logo\\\/image\\\/\"},\"sameAs\":[\"https:\\\/\\\/www.facebook.com\\\/profile.php?id=100008943462799\",\"https:\\\/\\\/x.com\\\/bellunopress\",\"https:\\\/\\\/www.linkedin.com\\\/hp\\\/?dnr=JBzUWaJfMUw8vbXJJ2tVW5-I3jZKvC4wsoxE&amp;amp;amp;amp;amp;amp;trk=nav_responsive_tab_home\",\"https:\\\/\\\/www.youtube.com\\\/channel\\\/UCxL0wu1uN0_3_7hGG0306cw\"]},{\"@type\":\"Person\",\"@id\":\"https:\\\/\\\/www.bellunopress.it\\\/#\\\/schema\\\/person\\\/79bb06722b37ece1c03d3e94beb30d73\",\"name\":\"redazione\",\"image\":{\"@type\":\"ImageObject\",\"inLanguage\":\"fr-FR\",\"@id\":\"https:\\\/\\\/secure.gravatar.com\\\/avatar\\\/37d968a2e67a6fd04c169c4bdef102d0bc5d31b2546345219e348575eb80e9a0?s=96&d=mm&r=g\",\"url\":\"https:\\\/\\\/secure.gravatar.com\\\/avatar\\\/37d968a2e67a6fd04c169c4bdef102d0bc5d31b2546345219e348575eb80e9a0?s=96&d=mm&r=g\",\"contentUrl\":\"https:\\\/\\\/secure.gravatar.com\\\/avatar\\\/37d968a2e67a6fd04c169c4bdef102d0bc5d31b2546345219e348575eb80e9a0?s=96&d=mm&r=g\",\"caption\":\"redazione\"},\"sameAs\":[\"http:\\\/\\\/www.bellunopress.it\",\"https:\\\/\\\/x.com\\\/bellunopress\"],\"url\":\"https:\\\/\\\/www.bellunopress.it\\\/fr\\\/author\\\/redazione\\\/\"}]}<\/script>\n<!-- \/ Yoast SEO plugin. -->","yoast_head_json":{"title":"L'estate futurista sbarca a Caorle. La mostra apre al pubblico dal 5 giugno al 6 settembre - Bellunopress - Dolomiti","robots":{"index":"index","follow":"follow","max-snippet":"max-snippet:-1","max-image-preview":"max-image-preview:large","max-video-preview":"max-video-preview:-1"},"canonical":"https:\/\/www.bellunopress.it\/fr\/2026\/05\/31\/lestate-futurista-sbarca-a-caorle-la-mostra-apre-al-pubblico-dal-5-giugno-al-6-settembre\/","og_locale":"fr_FR","og_type":"article","og_title":"L'estate futurista sbarca a Caorle. La mostra apre al pubblico dal 5 giugno al 6 settembre - Bellunopress - Dolomiti","og_description":"Balla, Boccioni, Carr\u00e0, Russolo, Depero, Ambrosi, Fasullo, Tato e molti altri protagonisti della grande avanguardia storica saranno esposti in &#8220;Futurism: prophecy and revolution&#8221; dal 5 giugno al 6 settembre 2026 al Centro Culturale A. Bafile di Caorle (Ve) &#8220;Per essere futurista\u00a0non ci vuole patente. Per essere futurista\u00a0non occorre schedario. Per essere futurista\u00a0basta amare ed odiare:\u00a0odiare [&hellip;]","og_url":"https:\/\/www.bellunopress.it\/fr\/2026\/05\/31\/lestate-futurista-sbarca-a-caorle-la-mostra-apre-al-pubblico-dal-5-giugno-al-6-settembre\/","og_site_name":"Bellunopress - Dolomiti","article_publisher":"https:\/\/www.facebook.com\/profile.php?id=100008943462799","article_published_time":"2026-05-31T09:51:53+00:00","og_image":[{"width":1000,"height":563,"url":"https:\/\/www.bellunopress.it\/wp-content\/uploads\/2024\/06\/Caorle-centro-Bafile_edited.jpg","type":"image\/jpeg"}],"author":"redazione","twitter_card":"summary_large_image","twitter_creator":"@bellunopress","twitter_site":"@bellunopress","twitter_misc":{"\u00c9crit par":"redazione","Dur\u00e9e de lecture estim\u00e9e":"5 minutes"},"schema":{"@context":"https:\/\/schema.org","@graph":[{"@type":"Article","@id":"https:\/\/www.bellunopress.it\/2026\/05\/31\/lestate-futurista-sbarca-a-caorle-la-mostra-apre-al-pubblico-dal-5-giugno-al-6-settembre\/#article","isPartOf":{"@id":"https:\/\/www.bellunopress.it\/2026\/05\/31\/lestate-futurista-sbarca-a-caorle-la-mostra-apre-al-pubblico-dal-5-giugno-al-6-settembre\/"},"author":{"name":"redazione","@id":"https:\/\/www.bellunopress.it\/#\/schema\/person\/79bb06722b37ece1c03d3e94beb30d73"},"headline":"L&#8217;estate futurista sbarca a Caorle. La mostra apre al pubblico dal 5 giugno al 6 settembre","datePublished":"2026-05-31T09:51:53+00:00","mainEntityOfPage":{"@id":"https:\/\/www.bellunopress.it\/2026\/05\/31\/lestate-futurista-sbarca-a-caorle-la-mostra-apre-al-pubblico-dal-5-giugno-al-6-settembre\/"},"wordCount":750,"publisher":{"@id":"https:\/\/www.bellunopress.it\/#organization"},"image":{"@id":"https:\/\/www.bellunopress.it\/2026\/05\/31\/lestate-futurista-sbarca-a-caorle-la-mostra-apre-al-pubblico-dal-5-giugno-al-6-settembre\/#primaryimage"},"thumbnailUrl":"https:\/\/www.bellunopress.it\/wp-content\/uploads\/2024\/06\/Caorle-centro-Bafile_edited.jpg","articleSection":["Cultura e spettacoli, tempo libero, benessere, fuori provincia","Pausa Caff\u00e8"],"inLanguage":"fr-FR"},{"@type":"WebPage","@id":"https:\/\/www.bellunopress.it\/2026\/05\/31\/lestate-futurista-sbarca-a-caorle-la-mostra-apre-al-pubblico-dal-5-giugno-al-6-settembre\/","url":"https:\/\/www.bellunopress.it\/2026\/05\/31\/lestate-futurista-sbarca-a-caorle-la-mostra-apre-al-pubblico-dal-5-giugno-al-6-settembre\/","name":"L'estate futurista sbarca a Caorle. La mostra apre al pubblico dal 5 giugno al 6 settembre - Bellunopress - Dolomiti","isPartOf":{"@id":"https:\/\/www.bellunopress.it\/#website"},"primaryImageOfPage":{"@id":"https:\/\/www.bellunopress.it\/2026\/05\/31\/lestate-futurista-sbarca-a-caorle-la-mostra-apre-al-pubblico-dal-5-giugno-al-6-settembre\/#primaryimage"},"image":{"@id":"https:\/\/www.bellunopress.it\/2026\/05\/31\/lestate-futurista-sbarca-a-caorle-la-mostra-apre-al-pubblico-dal-5-giugno-al-6-settembre\/#primaryimage"},"thumbnailUrl":"https:\/\/www.bellunopress.it\/wp-content\/uploads\/2024\/06\/Caorle-centro-Bafile_edited.jpg","datePublished":"2026-05-31T09:51:53+00:00","breadcrumb":{"@id":"https:\/\/www.bellunopress.it\/2026\/05\/31\/lestate-futurista-sbarca-a-caorle-la-mostra-apre-al-pubblico-dal-5-giugno-al-6-settembre\/#breadcrumb"},"inLanguage":"fr-FR","potentialAction":[{"@type":"ReadAction","target":["https:\/\/www.bellunopress.it\/2026\/05\/31\/lestate-futurista-sbarca-a-caorle-la-mostra-apre-al-pubblico-dal-5-giugno-al-6-settembre\/"]}]},{"@type":"ImageObject","inLanguage":"fr-FR","@id":"https:\/\/www.bellunopress.it\/2026\/05\/31\/lestate-futurista-sbarca-a-caorle-la-mostra-apre-al-pubblico-dal-5-giugno-al-6-settembre\/#primaryimage","url":"https:\/\/www.bellunopress.it\/wp-content\/uploads\/2024\/06\/Caorle-centro-Bafile_edited.jpg","contentUrl":"https:\/\/www.bellunopress.it\/wp-content\/uploads\/2024\/06\/Caorle-centro-Bafile_edited.jpg","width":1000,"height":563,"caption":"Caorle, Centro culturale Bafile"},{"@type":"BreadcrumbList","@id":"https:\/\/www.bellunopress.it\/2026\/05\/31\/lestate-futurista-sbarca-a-caorle-la-mostra-apre-al-pubblico-dal-5-giugno-al-6-settembre\/#breadcrumb","itemListElement":[{"@type":"ListItem","position":1,"name":"Home","item":"https:\/\/www.bellunopress.it\/"},{"@type":"ListItem","position":2,"name":"L&#8217;estate futurista sbarca a Caorle. La mostra apre al pubblico dal 5 giugno al 6 settembre"}]},{"@type":"WebSite","@id":"https:\/\/www.bellunopress.it\/#website","url":"https:\/\/www.bellunopress.it\/","name":"Bellunopress - Dolomiti","description":"e-mail: redazione@bellunopress.it","publisher":{"@id":"https:\/\/www.bellunopress.it\/#organization"},"potentialAction":[{"@type":"SearchAction","target":{"@type":"EntryPoint","urlTemplate":"https:\/\/www.bellunopress.it\/?s={search_term_string}"},"query-input":{"@type":"PropertyValueSpecification","valueRequired":true,"valueName":"search_term_string"}}],"inLanguage":"fr-FR"},{"@type":"Organization","@id":"https:\/\/www.bellunopress.it\/#organization","name":"Bellunopress","url":"https:\/\/www.bellunopress.it\/","logo":{"@type":"ImageObject","inLanguage":"fr-FR","@id":"https:\/\/www.bellunopress.it\/#\/schema\/logo\/image\/","url":"https:\/\/www.bellunopress.it\/wp-content\/uploads\/2011\/05\/cropped-logo-bellunopress-.jpg","contentUrl":"https:\/\/www.bellunopress.it\/wp-content\/uploads\/2011\/05\/cropped-logo-bellunopress-.jpg","width":512,"height":512,"caption":"Bellunopress"},"image":{"@id":"https:\/\/www.bellunopress.it\/#\/schema\/logo\/image\/"},"sameAs":["https:\/\/www.facebook.com\/profile.php?id=100008943462799","https:\/\/x.com\/bellunopress","https:\/\/www.linkedin.com\/hp\/?dnr=JBzUWaJfMUw8vbXJJ2tVW5-I3jZKvC4wsoxE&amp;amp;amp;amp;amp;amp;trk=nav_responsive_tab_home","https:\/\/www.youtube.com\/channel\/UCxL0wu1uN0_3_7hGG0306cw"]},{"@type":"Person","@id":"https:\/\/www.bellunopress.it\/#\/schema\/person\/79bb06722b37ece1c03d3e94beb30d73","name":"r\u00e9daction","image":{"@type":"ImageObject","inLanguage":"fr-FR","@id":"https:\/\/secure.gravatar.com\/avatar\/37d968a2e67a6fd04c169c4bdef102d0bc5d31b2546345219e348575eb80e9a0?s=96&d=mm&r=g","url":"https:\/\/secure.gravatar.com\/avatar\/37d968a2e67a6fd04c169c4bdef102d0bc5d31b2546345219e348575eb80e9a0?s=96&d=mm&r=g","contentUrl":"https:\/\/secure.gravatar.com\/avatar\/37d968a2e67a6fd04c169c4bdef102d0bc5d31b2546345219e348575eb80e9a0?s=96&d=mm&r=g","caption":"redazione"},"sameAs":["http:\/\/www.bellunopress.it","https:\/\/x.com\/bellunopress"],"url":"https:\/\/www.bellunopress.it\/fr\/author\/redazione\/"}]}},"_links":{"self":[{"href":"https:\/\/www.bellunopress.it\/fr\/wp-json\/wp\/v2\/posts\/170622","targetHints":{"allow":["GET"]}}],"collection":[{"href":"https:\/\/www.bellunopress.it\/fr\/wp-json\/wp\/v2\/posts"}],"about":[{"href":"https:\/\/www.bellunopress.it\/fr\/wp-json\/wp\/v2\/types\/post"}],"author":[{"embeddable":true,"href":"https:\/\/www.bellunopress.it\/fr\/wp-json\/wp\/v2\/users\/2"}],"replies":[{"embeddable":true,"href":"https:\/\/www.bellunopress.it\/fr\/wp-json\/wp\/v2\/comments?post=170622"}],"version-history":[{"count":1,"href":"https:\/\/www.bellunopress.it\/fr\/wp-json\/wp\/v2\/posts\/170622\/revisions"}],"predecessor-version":[{"id":170624,"href":"https:\/\/www.bellunopress.it\/fr\/wp-json\/wp\/v2\/posts\/170622\/revisions\/170624"}],"wp:featuredmedia":[{"embeddable":true,"href":"https:\/\/www.bellunopress.it\/fr\/wp-json\/wp\/v2\/media\/151816"}],"wp:attachment":[{"href":"https:\/\/www.bellunopress.it\/fr\/wp-json\/wp\/v2\/media?parent=170622"}],"wp:term":[{"taxonomy":"category","embeddable":true,"href":"https:\/\/www.bellunopress.it\/fr\/wp-json\/wp\/v2\/categories?post=170622"},{"taxonomy":"post_tag","embeddable":true,"href":"https:\/\/www.bellunopress.it\/fr\/wp-json\/wp\/v2\/tags?post=170622"}],"curies":[{"name":"wp","href":"https:\/\/api.w.org\/{rel}","templated":true}]}}