{"id":170613,"date":"2026-05-30T20:44:34","date_gmt":"2026-05-30T18:44:34","guid":{"rendered":"https:\/\/www.bellunopress.it\/?p=170613"},"modified":"2026-05-31T21:05:13","modified_gmt":"2026-05-31T19:05:13","slug":"colpo-di-scena-a-belluno-il-consiglio-di-stato-ha-detto-no-allabbattimento-dei-tigli-di-via-feltre","status":"publish","type":"post","link":"https:\/\/www.bellunopress.it\/fr\/2026\/05\/30\/colpo-di-scena-a-belluno-il-consiglio-di-stato-ha-detto-no-allabbattimento-dei-tigli-di-via-feltre\/","title":{"rendered":"Colpo di scena a Belluno: il Consiglio di Stato ha detto no all&#8217;abbattimento dei tigli di via Feltre"},"content":{"rendered":"<h6 data-path-to-node=\"2\">Belluno, 30 maggio 2026 &#8211; <span data-path-to-node=\"4,0\"><span class=\"citation-25\">Un vero e proprio colpo di scena riapre la partita sul destino dei tigli di via Feltre<\/span><\/span><span data-path-to-node=\"4,2\">. <\/span><span data-path-to-node=\"4,4\"><span class=\"citation-24\">A pochissime ore dalla presentazione del ricorso da parte di <\/span><b data-path-to-node=\"4,4\" data-index-in-node=\"61\"><span class=\"citation-24\">I<\/span><\/b><span class=\"citation-24\">talia Nostra Aps<\/span><span class=\"citation-24\">, il Presidente della Quarta Sezione del Consiglio di Stato, Vincenzo Neri, ha firmato un decreto presidenziale d&#8217;urgenza che blocca immediatamente l&#8217;abbattimento degli alberi ancora in piedi<\/span><\/span><span data-path-to-node=\"4,6\">.<\/span><\/h6>\n<p id=\"p-rc_da30cc9ed52b6300-20\" data-path-to-node=\"5\"><span data-path-to-node=\"5,1\"><span class=\"citation-23\">La decisione, pubblicata in data odierna 30 maggio 2026, rappresenta una cruciale vittoria temporanea per gli ambientalisti<\/span><\/span><span data-path-to-node=\"5,3\">. <\/span><span data-path-to-node=\"5,5\"><span class=\"citation-22\">Italia Nostra ha infatti impugnato l&#8217;ordinanza cautelare precedentemente emessa dal TAR Veneto (Sezione Seconda n. 00302\/2026), che aveva invece dato il via libera alle operazioni del Comune<\/span><\/span><span data-path-to-node=\"5,7\">.<\/span><\/p>\n<h3 data-path-to-node=\"6\">Una corsa contro il tempo<\/h3>\n<p id=\"p-rc_da30cc9ed52b6300-21\" data-path-to-node=\"7\"><span data-path-to-node=\"7,1\"><span class=\"citation-21\">Il decreto presidenziale <\/span><i data-path-to-node=\"7,1\" data-index-in-node=\"25\"><span class=\"citation-21\">inaudita altera parte<\/span><\/i><span class=\"citation-21\"> (cio\u00e8 pronunciato prima ancora dell&#8217;audizione delle controparti) \u00e8 uno strumento eccezionale<\/span><\/span><span data-path-to-node=\"7,3\">. <\/span><span data-path-to-node=\"7,5\"><span class=\"citation-20\">Il Presidente ha riconosciuto la sussistenza dei presupposti di <\/span><span class=\"citation-20\">&#8220;estrema gravit\u00e0 e urgenza&#8221;<\/span><span class=\"citation-20\"> previsti dal codice del processo amministrativo<\/span><\/span><span data-path-to-node=\"7,8\"><span class=\"citation-19\">: procedere al taglio delle piante adesso determinerebbe infatti un effetto gravissimo, irreversibile e irreparabile, rendendo del tutto inutile qualsiasi decisione successiva dei giudici<\/span><\/span><span data-path-to-node=\"7,10\">.<\/span><\/p>\n<p data-path-to-node=\"8\">Nel testo del decreto si legge chiaramente la volont\u00e0 di:<\/p>\n<blockquote data-path-to-node=\"9\">\n<h6 id=\"p-rc_da30cc9ed52b6300-22\" data-path-to-node=\"9,0\"><span data-path-to-node=\"9,0,1\"><span class=\"citation-18\">\u00abMantenere la situazione di fatto inalterata fino alla decisione in sede collegiale dell&#8217;appello cautelare\u00bb <\/span><\/span><\/h6>\n<\/blockquote>\n<p data-path-to-node=\"10\">Disponendo di conseguenza che:<\/p>\n<blockquote data-path-to-node=\"11\">\n<h6 id=\"p-rc_da30cc9ed52b6300-23\" data-path-to-node=\"11,0\"><span data-path-to-node=\"11,0,1\"><span class=\"citation-17\">\u00abPrima di procedere al taglio dei tigli, si attenda la decisione che il Collegio assumer\u00e0 all&#8217;udienza camerale\u00bb<\/span><\/span><\/h6>\n<\/blockquote>\n<h3 data-path-to-node=\"12\">Cosa succede adesso<\/h3>\n<p id=\"p-rc_da30cc9ed52b6300-24\" data-path-to-node=\"13\"><span data-path-to-node=\"13,1\"><span class=\"citation-16\">L&#8217;effetto inibitorio e il salvataggio dei tigli non sono definitivi, ma rimarranno validi fino a quando il Consiglio di Stato non si riunir\u00e0 in sede collegiale<\/span><\/span><span data-path-to-node=\"13,3\">. <\/span><span data-path-to-node=\"13,5\"><span class=\"citation-15\">In quella sede, garantendo il pieno contraddittorio tra Italia Nostra e le amministrazioni coinvolte (tra cui il Comune e la Provincia di Belluno), i magistrati entreranno nel merito della sospensiva<\/span><\/span><span data-path-to-node=\"13,7\">.<\/span><\/p>\n<p id=\"p-rc_da30cc9ed52b6300-25\" data-path-to-node=\"14\"><span data-path-to-node=\"14,1\"><span class=\"citation-14\">Per il momento, le motoseghe devono restare spente: la Segreteria del Consiglio di Stato \u00e8 gi\u00e0 stata incaricata di fissare l&#8217;udienza camerale nei tempi strettissimi previsti dalla legge<\/span><\/span><span data-path-to-node=\"14,3\">.<\/span><\/p>\n<p data-path-to-node=\"14\"><span data-path-to-node=\"14,3\">Anche i divieti di sosta dal 1\u00b0 al 3 giugno gi\u00e0 posizionati per il via alle motoseghe, per il momento, dovranno aspettare.<\/span><\/p>\n<p data-path-to-node=\"14\"><span data-path-to-node=\"14,5\"><span class=\"citation-13\">La battaglia verde di via Feltre continua<\/span><\/span><span data-path-to-node=\"14,7\">.<\/span><\/p>","protected":false},"excerpt":{"rendered":"<p>Belluno, 30 maggio 2026 &#8211; Un vero e proprio colpo di scena riapre la partita sul destino dei tigli di via Feltre. A pochissime ore dalla presentazione del ricorso da parte di Italia Nostra Aps, il Presidente della Quarta Sezione del Consiglio di Stato, Vincenzo Neri, ha firmato un decreto presidenziale d&#8217;urgenza che blocca immediatamente [&hellip;]<\/p>\n","protected":false},"author":2,"featured_media":170614,"comment_status":"closed","ping_status":"open","sticky":false,"template":"","format":"standard","meta":{"footnotes":""},"categories":[5,3446,26],"tags":[],"class_list":["post-170613","post","type-post","status-publish","format-standard","has-post-thumbnail","category-cronaca","category-featured","category-prima-pagina"],"yoast_head":"<!-- This site is optimized with the Yoast SEO plugin v28.4 - https:\/\/yoast.com\/product\/yoast-seo-wordpress\/ -->\n<title>Colpo di scena a Belluno: il Consiglio di Stato ha detto no all&#039;abbattimento dei tigli di via Feltre - Bellunopress - Dolomiti<\/title>\n<meta name=\"robots\" content=\"index, follow, max-snippet:-1, max-image-preview:large, max-video-preview:-1\" \/>\n<link rel=\"canonical\" href=\"https:\/\/www.bellunopress.it\/fr\/2026\/05\/30\/colpo-di-scena-a-belluno-il-consiglio-di-stato-ha-detto-no-allabbattimento-dei-tigli-di-via-feltre\/\" \/>\n<meta property=\"og:locale\" content=\"fr_FR\" \/>\n<meta property=\"og:type\" content=\"article\" \/>\n<meta property=\"og:title\" content=\"Colpo di scena a Belluno: il Consiglio di Stato ha detto no all&#039;abbattimento dei tigli di via Feltre - Bellunopress - Dolomiti\" \/>\n<meta property=\"og:description\" content=\"Belluno, 30 maggio 2026 &#8211; Un vero e proprio colpo di scena riapre la partita sul destino dei tigli di via Feltre. A pochissime ore dalla presentazione del ricorso da parte di Italia Nostra Aps, il Presidente della Quarta Sezione del Consiglio di Stato, Vincenzo Neri, ha firmato un decreto presidenziale d&#8217;urgenza che blocca immediatamente [&hellip;]\" \/>\n<meta property=\"og:url\" content=\"https:\/\/www.bellunopress.it\/fr\/2026\/05\/30\/colpo-di-scena-a-belluno-il-consiglio-di-stato-ha-detto-no-allabbattimento-dei-tigli-di-via-feltre\/\" \/>\n<meta property=\"og:site_name\" content=\"Bellunopress - Dolomiti\" \/>\n<meta property=\"article:publisher\" content=\"https:\/\/www.facebook.com\/profile.php?id=100008943462799\" \/>\n<meta property=\"article:published_time\" content=\"2026-05-30T18:44:34+00:00\" \/>\n<meta property=\"article:modified_time\" content=\"2026-05-31T19:05:13+00:00\" \/>\n<meta property=\"og:image\" content=\"https:\/\/www.bellunopress.it\/wp-content\/uploads\/2026\/05\/cartello-divieto-sosta-per-taglio-alberi.jpeg\" \/>\n\t<meta property=\"og:image:width\" content=\"450\" \/>\n\t<meta property=\"og:image:height\" content=\"600\" \/>\n\t<meta property=\"og:image:type\" content=\"image\/jpeg\" \/>\n<meta name=\"author\" content=\"redazione\" \/>\n<meta name=\"twitter:card\" content=\"summary_large_image\" \/>\n<meta name=\"twitter:creator\" content=\"@bellunopress\" \/>\n<meta name=\"twitter:site\" content=\"@bellunopress\" \/>\n<meta name=\"twitter:label1\" content=\"\u00c9crit par\" \/>\n\t<meta name=\"twitter:data1\" content=\"redazione\" \/>\n\t<meta name=\"twitter:label2\" content=\"Dur\u00e9e de lecture estim\u00e9e\" \/>\n\t<meta name=\"twitter:data2\" content=\"2 minutes\" \/>\n<script type=\"application\/ld+json\" class=\"yoast-schema-graph\">{\"@context\":\"https:\\\/\\\/schema.org\",\"@graph\":[{\"@type\":\"Article\",\"@id\":\"https:\\\/\\\/www.bellunopress.it\\\/2026\\\/05\\\/30\\\/colpo-di-scena-a-belluno-il-consiglio-di-stato-ha-detto-no-allabbattimento-dei-tigli-di-via-feltre\\\/#article\",\"isPartOf\":{\"@id\":\"https:\\\/\\\/www.bellunopress.it\\\/2026\\\/05\\\/30\\\/colpo-di-scena-a-belluno-il-consiglio-di-stato-ha-detto-no-allabbattimento-dei-tigli-di-via-feltre\\\/\"},\"author\":{\"name\":\"redazione\",\"@id\":\"https:\\\/\\\/www.bellunopress.it\\\/#\\\/schema\\\/person\\\/79bb06722b37ece1c03d3e94beb30d73\"},\"headline\":\"Colpo di scena a Belluno: il Consiglio di Stato ha detto no all&#8217;abbattimento dei tigli di via Feltre\",\"datePublished\":\"2026-05-30T18:44:34+00:00\",\"dateModified\":\"2026-05-31T19:05:13+00:00\",\"mainEntityOfPage\":{\"@id\":\"https:\\\/\\\/www.bellunopress.it\\\/2026\\\/05\\\/30\\\/colpo-di-scena-a-belluno-il-consiglio-di-stato-ha-detto-no-allabbattimento-dei-tigli-di-via-feltre\\\/\"},\"wordCount\":349,\"publisher\":{\"@id\":\"https:\\\/\\\/www.bellunopress.it\\\/#organization\"},\"image\":{\"@id\":\"https:\\\/\\\/www.bellunopress.it\\\/2026\\\/05\\\/30\\\/colpo-di-scena-a-belluno-il-consiglio-di-stato-ha-detto-no-allabbattimento-dei-tigli-di-via-feltre\\\/#primaryimage\"},\"thumbnailUrl\":\"https:\\\/\\\/www.bellunopress.it\\\/wp-content\\\/uploads\\\/2026\\\/05\\\/cartello-divieto-sosta-per-taglio-alberi.jpeg\",\"articleSection\":[\"Cronaca\\\/Politica\",\"Featured\",\"Prima Pagina\"],\"inLanguage\":\"fr-FR\"},{\"@type\":\"WebPage\",\"@id\":\"https:\\\/\\\/www.bellunopress.it\\\/2026\\\/05\\\/30\\\/colpo-di-scena-a-belluno-il-consiglio-di-stato-ha-detto-no-allabbattimento-dei-tigli-di-via-feltre\\\/\",\"url\":\"https:\\\/\\\/www.bellunopress.it\\\/2026\\\/05\\\/30\\\/colpo-di-scena-a-belluno-il-consiglio-di-stato-ha-detto-no-allabbattimento-dei-tigli-di-via-feltre\\\/\",\"name\":\"Colpo di scena a Belluno: il Consiglio di Stato ha detto no all'abbattimento dei tigli di via Feltre - Bellunopress - Dolomiti\",\"isPartOf\":{\"@id\":\"https:\\\/\\\/www.bellunopress.it\\\/#website\"},\"primaryImageOfPage\":{\"@id\":\"https:\\\/\\\/www.bellunopress.it\\\/2026\\\/05\\\/30\\\/colpo-di-scena-a-belluno-il-consiglio-di-stato-ha-detto-no-allabbattimento-dei-tigli-di-via-feltre\\\/#primaryimage\"},\"image\":{\"@id\":\"https:\\\/\\\/www.bellunopress.it\\\/2026\\\/05\\\/30\\\/colpo-di-scena-a-belluno-il-consiglio-di-stato-ha-detto-no-allabbattimento-dei-tigli-di-via-feltre\\\/#primaryimage\"},\"thumbnailUrl\":\"https:\\\/\\\/www.bellunopress.it\\\/wp-content\\\/uploads\\\/2026\\\/05\\\/cartello-divieto-sosta-per-taglio-alberi.jpeg\",\"datePublished\":\"2026-05-30T18:44:34+00:00\",\"dateModified\":\"2026-05-31T19:05:13+00:00\",\"breadcrumb\":{\"@id\":\"https:\\\/\\\/www.bellunopress.it\\\/2026\\\/05\\\/30\\\/colpo-di-scena-a-belluno-il-consiglio-di-stato-ha-detto-no-allabbattimento-dei-tigli-di-via-feltre\\\/#breadcrumb\"},\"inLanguage\":\"fr-FR\",\"potentialAction\":[{\"@type\":\"ReadAction\",\"target\":[\"https:\\\/\\\/www.bellunopress.it\\\/2026\\\/05\\\/30\\\/colpo-di-scena-a-belluno-il-consiglio-di-stato-ha-detto-no-allabbattimento-dei-tigli-di-via-feltre\\\/\"]}]},{\"@type\":\"ImageObject\",\"inLanguage\":\"fr-FR\",\"@id\":\"https:\\\/\\\/www.bellunopress.it\\\/2026\\\/05\\\/30\\\/colpo-di-scena-a-belluno-il-consiglio-di-stato-ha-detto-no-allabbattimento-dei-tigli-di-via-feltre\\\/#primaryimage\",\"url\":\"https:\\\/\\\/www.bellunopress.it\\\/wp-content\\\/uploads\\\/2026\\\/05\\\/cartello-divieto-sosta-per-taglio-alberi.jpeg\",\"contentUrl\":\"https:\\\/\\\/www.bellunopress.it\\\/wp-content\\\/uploads\\\/2026\\\/05\\\/cartello-divieto-sosta-per-taglio-alberi.jpeg\",\"width\":450,\"height\":600},{\"@type\":\"BreadcrumbList\",\"@id\":\"https:\\\/\\\/www.bellunopress.it\\\/2026\\\/05\\\/30\\\/colpo-di-scena-a-belluno-il-consiglio-di-stato-ha-detto-no-allabbattimento-dei-tigli-di-via-feltre\\\/#breadcrumb\",\"itemListElement\":[{\"@type\":\"ListItem\",\"position\":1,\"name\":\"Home\",\"item\":\"https:\\\/\\\/www.bellunopress.it\\\/\"},{\"@type\":\"ListItem\",\"position\":2,\"name\":\"Colpo di scena a Belluno: il Consiglio di Stato ha detto no all&#8217;abbattimento dei tigli di via Feltre\"}]},{\"@type\":\"WebSite\",\"@id\":\"https:\\\/\\\/www.bellunopress.it\\\/#website\",\"url\":\"https:\\\/\\\/www.bellunopress.it\\\/\",\"name\":\"Bellunopress - Dolomiti\",\"description\":\"e-mail: redazione@bellunopress.it\",\"publisher\":{\"@id\":\"https:\\\/\\\/www.bellunopress.it\\\/#organization\"},\"potentialAction\":[{\"@type\":\"SearchAction\",\"target\":{\"@type\":\"EntryPoint\",\"urlTemplate\":\"https:\\\/\\\/www.bellunopress.it\\\/?s={search_term_string}\"},\"query-input\":{\"@type\":\"PropertyValueSpecification\",\"valueRequired\":true,\"valueName\":\"search_term_string\"}}],\"inLanguage\":\"fr-FR\"},{\"@type\":\"Organization\",\"@id\":\"https:\\\/\\\/www.bellunopress.it\\\/#organization\",\"name\":\"Bellunopress\",\"url\":\"https:\\\/\\\/www.bellunopress.it\\\/\",\"logo\":{\"@type\":\"ImageObject\",\"inLanguage\":\"fr-FR\",\"@id\":\"https:\\\/\\\/www.bellunopress.it\\\/#\\\/schema\\\/logo\\\/image\\\/\",\"url\":\"https:\\\/\\\/www.bellunopress.it\\\/wp-content\\\/uploads\\\/2011\\\/05\\\/cropped-logo-bellunopress-.jpg\",\"contentUrl\":\"https:\\\/\\\/www.bellunopress.it\\\/wp-content\\\/uploads\\\/2011\\\/05\\\/cropped-logo-bellunopress-.jpg\",\"width\":512,\"height\":512,\"caption\":\"Bellunopress\"},\"image\":{\"@id\":\"https:\\\/\\\/www.bellunopress.it\\\/#\\\/schema\\\/logo\\\/image\\\/\"},\"sameAs\":[\"https:\\\/\\\/www.facebook.com\\\/profile.php?id=100008943462799\",\"https:\\\/\\\/x.com\\\/bellunopress\",\"https:\\\/\\\/www.linkedin.com\\\/hp\\\/?dnr=JBzUWaJfMUw8vbXJJ2tVW5-I3jZKvC4wsoxE&amp;amp;amp;amp;amp;amp;trk=nav_responsive_tab_home\",\"https:\\\/\\\/www.youtube.com\\\/channel\\\/UCxL0wu1uN0_3_7hGG0306cw\"]},{\"@type\":\"Person\",\"@id\":\"https:\\\/\\\/www.bellunopress.it\\\/#\\\/schema\\\/person\\\/79bb06722b37ece1c03d3e94beb30d73\",\"name\":\"redazione\",\"image\":{\"@type\":\"ImageObject\",\"inLanguage\":\"fr-FR\",\"@id\":\"https:\\\/\\\/secure.gravatar.com\\\/avatar\\\/37d968a2e67a6fd04c169c4bdef102d0bc5d31b2546345219e348575eb80e9a0?s=96&d=mm&r=g\",\"url\":\"https:\\\/\\\/secure.gravatar.com\\\/avatar\\\/37d968a2e67a6fd04c169c4bdef102d0bc5d31b2546345219e348575eb80e9a0?s=96&d=mm&r=g\",\"contentUrl\":\"https:\\\/\\\/secure.gravatar.com\\\/avatar\\\/37d968a2e67a6fd04c169c4bdef102d0bc5d31b2546345219e348575eb80e9a0?s=96&d=mm&r=g\",\"caption\":\"redazione\"},\"sameAs\":[\"http:\\\/\\\/www.bellunopress.it\",\"https:\\\/\\\/x.com\\\/bellunopress\"],\"url\":\"https:\\\/\\\/www.bellunopress.it\\\/fr\\\/author\\\/redazione\\\/\"}]}<\/script>\n<!-- \/ Yoast SEO plugin. -->","yoast_head_json":{"title":"Colpo di scena a Belluno: il Consiglio di Stato ha detto no all'abbattimento dei tigli di via Feltre - Bellunopress - Dolomiti","robots":{"index":"index","follow":"follow","max-snippet":"max-snippet:-1","max-image-preview":"max-image-preview:large","max-video-preview":"max-video-preview:-1"},"canonical":"https:\/\/www.bellunopress.it\/fr\/2026\/05\/30\/colpo-di-scena-a-belluno-il-consiglio-di-stato-ha-detto-no-allabbattimento-dei-tigli-di-via-feltre\/","og_locale":"fr_FR","og_type":"article","og_title":"Colpo di scena a Belluno: il Consiglio di Stato ha detto no all'abbattimento dei tigli di via Feltre - Bellunopress - Dolomiti","og_description":"Belluno, 30 maggio 2026 &#8211; Un vero e proprio colpo di scena riapre la partita sul destino dei tigli di via Feltre. A pochissime ore dalla presentazione del ricorso da parte di Italia Nostra Aps, il Presidente della Quarta Sezione del Consiglio di Stato, Vincenzo Neri, ha firmato un decreto presidenziale d&#8217;urgenza che blocca immediatamente [&hellip;]","og_url":"https:\/\/www.bellunopress.it\/fr\/2026\/05\/30\/colpo-di-scena-a-belluno-il-consiglio-di-stato-ha-detto-no-allabbattimento-dei-tigli-di-via-feltre\/","og_site_name":"Bellunopress - Dolomiti","article_publisher":"https:\/\/www.facebook.com\/profile.php?id=100008943462799","article_published_time":"2026-05-30T18:44:34+00:00","article_modified_time":"2026-05-31T19:05:13+00:00","og_image":[{"width":450,"height":600,"url":"https:\/\/www.bellunopress.it\/wp-content\/uploads\/2026\/05\/cartello-divieto-sosta-per-taglio-alberi.jpeg","type":"image\/jpeg"}],"author":"redazione","twitter_card":"summary_large_image","twitter_creator":"@bellunopress","twitter_site":"@bellunopress","twitter_misc":{"\u00c9crit par":"redazione","Dur\u00e9e de lecture estim\u00e9e":"2 minutes"},"schema":{"@context":"https:\/\/schema.org","@graph":[{"@type":"Article","@id":"https:\/\/www.bellunopress.it\/2026\/05\/30\/colpo-di-scena-a-belluno-il-consiglio-di-stato-ha-detto-no-allabbattimento-dei-tigli-di-via-feltre\/#article","isPartOf":{"@id":"https:\/\/www.bellunopress.it\/2026\/05\/30\/colpo-di-scena-a-belluno-il-consiglio-di-stato-ha-detto-no-allabbattimento-dei-tigli-di-via-feltre\/"},"author":{"name":"redazione","@id":"https:\/\/www.bellunopress.it\/#\/schema\/person\/79bb06722b37ece1c03d3e94beb30d73"},"headline":"Colpo di scena a Belluno: il Consiglio di Stato ha detto no all&#8217;abbattimento dei tigli di via Feltre","datePublished":"2026-05-30T18:44:34+00:00","dateModified":"2026-05-31T19:05:13+00:00","mainEntityOfPage":{"@id":"https:\/\/www.bellunopress.it\/2026\/05\/30\/colpo-di-scena-a-belluno-il-consiglio-di-stato-ha-detto-no-allabbattimento-dei-tigli-di-via-feltre\/"},"wordCount":349,"publisher":{"@id":"https:\/\/www.bellunopress.it\/#organization"},"image":{"@id":"https:\/\/www.bellunopress.it\/2026\/05\/30\/colpo-di-scena-a-belluno-il-consiglio-di-stato-ha-detto-no-allabbattimento-dei-tigli-di-via-feltre\/#primaryimage"},"thumbnailUrl":"https:\/\/www.bellunopress.it\/wp-content\/uploads\/2026\/05\/cartello-divieto-sosta-per-taglio-alberi.jpeg","articleSection":["Cronaca\/Politica","Featured","Prima Pagina"],"inLanguage":"fr-FR"},{"@type":"WebPage","@id":"https:\/\/www.bellunopress.it\/2026\/05\/30\/colpo-di-scena-a-belluno-il-consiglio-di-stato-ha-detto-no-allabbattimento-dei-tigli-di-via-feltre\/","url":"https:\/\/www.bellunopress.it\/2026\/05\/30\/colpo-di-scena-a-belluno-il-consiglio-di-stato-ha-detto-no-allabbattimento-dei-tigli-di-via-feltre\/","name":"Colpo di scena a Belluno: il Consiglio di Stato ha detto no all'abbattimento dei tigli di via Feltre - Bellunopress - Dolomiti","isPartOf":{"@id":"https:\/\/www.bellunopress.it\/#website"},"primaryImageOfPage":{"@id":"https:\/\/www.bellunopress.it\/2026\/05\/30\/colpo-di-scena-a-belluno-il-consiglio-di-stato-ha-detto-no-allabbattimento-dei-tigli-di-via-feltre\/#primaryimage"},"image":{"@id":"https:\/\/www.bellunopress.it\/2026\/05\/30\/colpo-di-scena-a-belluno-il-consiglio-di-stato-ha-detto-no-allabbattimento-dei-tigli-di-via-feltre\/#primaryimage"},"thumbnailUrl":"https:\/\/www.bellunopress.it\/wp-content\/uploads\/2026\/05\/cartello-divieto-sosta-per-taglio-alberi.jpeg","datePublished":"2026-05-30T18:44:34+00:00","dateModified":"2026-05-31T19:05:13+00:00","breadcrumb":{"@id":"https:\/\/www.bellunopress.it\/2026\/05\/30\/colpo-di-scena-a-belluno-il-consiglio-di-stato-ha-detto-no-allabbattimento-dei-tigli-di-via-feltre\/#breadcrumb"},"inLanguage":"fr-FR","potentialAction":[{"@type":"ReadAction","target":["https:\/\/www.bellunopress.it\/2026\/05\/30\/colpo-di-scena-a-belluno-il-consiglio-di-stato-ha-detto-no-allabbattimento-dei-tigli-di-via-feltre\/"]}]},{"@type":"ImageObject","inLanguage":"fr-FR","@id":"https:\/\/www.bellunopress.it\/2026\/05\/30\/colpo-di-scena-a-belluno-il-consiglio-di-stato-ha-detto-no-allabbattimento-dei-tigli-di-via-feltre\/#primaryimage","url":"https:\/\/www.bellunopress.it\/wp-content\/uploads\/2026\/05\/cartello-divieto-sosta-per-taglio-alberi.jpeg","contentUrl":"https:\/\/www.bellunopress.it\/wp-content\/uploads\/2026\/05\/cartello-divieto-sosta-per-taglio-alberi.jpeg","width":450,"height":600},{"@type":"BreadcrumbList","@id":"https:\/\/www.bellunopress.it\/2026\/05\/30\/colpo-di-scena-a-belluno-il-consiglio-di-stato-ha-detto-no-allabbattimento-dei-tigli-di-via-feltre\/#breadcrumb","itemListElement":[{"@type":"ListItem","position":1,"name":"Home","item":"https:\/\/www.bellunopress.it\/"},{"@type":"ListItem","position":2,"name":"Colpo di scena a Belluno: il Consiglio di Stato ha detto no all&#8217;abbattimento dei tigli di via Feltre"}]},{"@type":"WebSite","@id":"https:\/\/www.bellunopress.it\/#website","url":"https:\/\/www.bellunopress.it\/","name":"Bellunopress - Dolomiti","description":"e-mail: redazione@bellunopress.it","publisher":{"@id":"https:\/\/www.bellunopress.it\/#organization"},"potentialAction":[{"@type":"SearchAction","target":{"@type":"EntryPoint","urlTemplate":"https:\/\/www.bellunopress.it\/?s={search_term_string}"},"query-input":{"@type":"PropertyValueSpecification","valueRequired":true,"valueName":"search_term_string"}}],"inLanguage":"fr-FR"},{"@type":"Organization","@id":"https:\/\/www.bellunopress.it\/#organization","name":"Bellunopress","url":"https:\/\/www.bellunopress.it\/","logo":{"@type":"ImageObject","inLanguage":"fr-FR","@id":"https:\/\/www.bellunopress.it\/#\/schema\/logo\/image\/","url":"https:\/\/www.bellunopress.it\/wp-content\/uploads\/2011\/05\/cropped-logo-bellunopress-.jpg","contentUrl":"https:\/\/www.bellunopress.it\/wp-content\/uploads\/2011\/05\/cropped-logo-bellunopress-.jpg","width":512,"height":512,"caption":"Bellunopress"},"image":{"@id":"https:\/\/www.bellunopress.it\/#\/schema\/logo\/image\/"},"sameAs":["https:\/\/www.facebook.com\/profile.php?id=100008943462799","https:\/\/x.com\/bellunopress","https:\/\/www.linkedin.com\/hp\/?dnr=JBzUWaJfMUw8vbXJJ2tVW5-I3jZKvC4wsoxE&amp;amp;amp;amp;amp;amp;trk=nav_responsive_tab_home","https:\/\/www.youtube.com\/channel\/UCxL0wu1uN0_3_7hGG0306cw"]},{"@type":"Person","@id":"https:\/\/www.bellunopress.it\/#\/schema\/person\/79bb06722b37ece1c03d3e94beb30d73","name":"r\u00e9daction","image":{"@type":"ImageObject","inLanguage":"fr-FR","@id":"https:\/\/secure.gravatar.com\/avatar\/37d968a2e67a6fd04c169c4bdef102d0bc5d31b2546345219e348575eb80e9a0?s=96&d=mm&r=g","url":"https:\/\/secure.gravatar.com\/avatar\/37d968a2e67a6fd04c169c4bdef102d0bc5d31b2546345219e348575eb80e9a0?s=96&d=mm&r=g","contentUrl":"https:\/\/secure.gravatar.com\/avatar\/37d968a2e67a6fd04c169c4bdef102d0bc5d31b2546345219e348575eb80e9a0?s=96&d=mm&r=g","caption":"redazione"},"sameAs":["http:\/\/www.bellunopress.it","https:\/\/x.com\/bellunopress"],"url":"https:\/\/www.bellunopress.it\/fr\/author\/redazione\/"}]}},"_links":{"self":[{"href":"https:\/\/www.bellunopress.it\/fr\/wp-json\/wp\/v2\/posts\/170613","targetHints":{"allow":["GET"]}}],"collection":[{"href":"https:\/\/www.bellunopress.it\/fr\/wp-json\/wp\/v2\/posts"}],"about":[{"href":"https:\/\/www.bellunopress.it\/fr\/wp-json\/wp\/v2\/types\/post"}],"author":[{"embeddable":true,"href":"https:\/\/www.bellunopress.it\/fr\/wp-json\/wp\/v2\/users\/2"}],"replies":[{"embeddable":true,"href":"https:\/\/www.bellunopress.it\/fr\/wp-json\/wp\/v2\/comments?post=170613"}],"version-history":[{"count":3,"href":"https:\/\/www.bellunopress.it\/fr\/wp-json\/wp\/v2\/posts\/170613\/revisions"}],"predecessor-version":[{"id":170617,"href":"https:\/\/www.bellunopress.it\/fr\/wp-json\/wp\/v2\/posts\/170613\/revisions\/170617"}],"wp:featuredmedia":[{"embeddable":true,"href":"https:\/\/www.bellunopress.it\/fr\/wp-json\/wp\/v2\/media\/170614"}],"wp:attachment":[{"href":"https:\/\/www.bellunopress.it\/fr\/wp-json\/wp\/v2\/media?parent=170613"}],"wp:term":[{"taxonomy":"category","embeddable":true,"href":"https:\/\/www.bellunopress.it\/fr\/wp-json\/wp\/v2\/categories?post=170613"},{"taxonomy":"post_tag","embeddable":true,"href":"https:\/\/www.bellunopress.it\/fr\/wp-json\/wp\/v2\/tags?post=170613"}],"curies":[{"name":"wp","href":"https:\/\/api.w.org\/{rel}","templated":true}]}}