{"id":170605,"date":"2026-05-30T15:29:06","date_gmt":"2026-05-30T13:29:06","guid":{"rendered":"https:\/\/www.bellunopress.it\/?p=170605"},"modified":"2026-05-30T15:29:06","modified_gmt":"2026-05-30T13:29:06","slug":"giro-ditalia-2026-feltre-protagonista-davanti-a-milioni-di-spettatori","status":"publish","type":"post","link":"https:\/\/www.bellunopress.it\/fr\/2026\/05\/30\/giro-ditalia-2026-feltre-protagonista-davanti-a-milioni-di-spettatori\/","title":{"rendered":"Giro d&#8217;Italia 2026, Feltre protagonista davanti a milioni di spettatori"},"content":{"rendered":"<p><strong>Grande successo per la tappa Feltre\u2013Alleghe: promozione del territorio, in vetrina internazionale<\/strong><\/p>\n<p>Feltre, 30 maggio 2026 &#8211; Quella del 29 maggio \u00e8 stata, senza dubbio, una delle tappe pi\u00f9 seguite e spettacolari dell\u2019intero Giro d\u2019Italia. A dirlo, sono i numeri e a renderla tale sono stati diversi fattori: il peso determinante sulla classifica generale, un percorso tra i pi\u00f9 impegnativi e affascinanti della corsa, capace di coniugare grandi contenuti agonistici e scenari naturali unici al mondo, e una giornata spettacolare, che ha regalato emozioni sportive destinate a rimanere nella storia di questa edizione.<\/p>\n<p>Sui 151 chilometri che separano Feltre da Alleghe, caratterizzati da oltre 5.000 metri di dislivello, si sono infatti consumati alcuni dei momenti pi\u00f9 significativi di questa edizione del Giro. Lo statunitense Sepp Kuss ha conquistato la vittoria di tappa con una straordinaria azione in solitaria sulle strade delle Dolomiti Bellunesi, mentre Giulio Ciccone ha firmato una delle imprese pi\u00f9 applaudite della giornata conquistando la Cima Coppi e consolidando la propria leadership nella classifica degli scalatori, assicurandosi la Maglia Azzurra. Una sfida che ha saputo esaltare le qualit\u00e0 dei corridori e, al tempo stesso, mettere in mostra al mondo la straordinaria bellezza del territorio bellunese.<\/p>\n<p><strong>25% DI SHARE RAI, MILIONI SU EUROSPORT<\/strong><br \/>\nI numeri televisivi confermano la straordinaria portata dell\u2019evento: il programma Giro in Diretta ha raggiunto 1.315.000 spettatori con il 13,9% di share, mentre il momento di arrivo su Alleghe ha totalizzato 2.049.000 spettatori con il 25,1% di share. Ottimi risultati anche per Processo alla Tappa, seguito da 762.000 spettatori con il 10,2% di share. A questi dati si aggiungono milioni di visualizzazioni sulle piattaforme internazionali di Eurosport, nei canali ufficiali del Giro d\u2019Italia e nei vari media sportivi, amplificando ulteriormente la visibilit\u00e0 e il racconto del territorio.<\/p>\n<p><strong>LA PROMOZIONE SUL PALCO<\/strong><br \/>\nMa, come \u00e8 noto, il Giro non \u00e8 stato soltanto un momento di ciclismo. Mentre la citt\u00e0 si preparava alla partenza dei corridori, il Villaggio di Partenza e il palco hanno ospitato numerose iniziative promozionali dedicate al territorio e alle sue eccellenze. \u00abAnche mentre il Giro era in fase di partenza si sono svolte tante attivit\u00e0 promozionali, tra cui lo stand di Citt\u00e0 di Tappa, che ha permesso di coinvolgere persone interessate a conoscere Feltre e la Provincia di Belluno\u00bb, commenta Lionello Gorza del Consorzio Dolomiti Prealpi. \u00abSul palco sono salite le squadre giovanili del ciclismo locale, insieme a personaggi noti del mondo delle due ruote come il paratleta Alessandro Colombo, Peter Sagan e Daniel Oss, gi\u00e0 protagonisti delle serate de \u201cLa Strada del Giro\u201d e della Notte Rosa organizzate dal Comitato di Tappa. Ampia la partecipazione delle scuole in citt\u00e0 e le attivit\u00e0 in tutto il territorio del Feltrino, che come nel 2019 ha saputo rispondere a questo grande veneto\u00bb. Non \u00e8 mancato inoltre il racconto delle tradizioni locali, grazie alla presenza dell\u2019Associazione Arca dei Volti APS e del Palio di Feltre, che hanno portato all\u2019attenzione del pubblico nazionale alcuni degli aspetti pi\u00f9 autentici dell\u2019identit\u00e0 feltrina.<\/p>\n<p><strong>LE DIRETTE TELEVISIVE<\/strong><br \/>\nParallelamente alla corsa, il territorio \u00e8 stato protagonista anche di diverse trasmissioni televisive. \u00abSiamo stati presenti sul TG2 e al programma in diretta Giro Mattina con il giornalista Ettore Giovannelli, che ha raccontato il Parco Nazionale Dolomiti Bellunesi insieme a Enrico Vettorazzo, il Teatro de La Sena con l\u2019assessore Matteo Titton e il Palio di Feltre con le sue rappresentanze e Manuel Sacchet, membro del direttivo\u00bb, ricorda Gorza.<br \/>\nLa promozione del territorio \u00e8 proseguita anche attraverso il programma Giro Express, disponibile su YouTube e in tutti i canali ufficiali del Giro d\u2019Italia, che ha dedicato spazio agli aspetti culturali del Giro e del Bellunese, raccontando, tra gli altri, il Museo Storico della Bicicletta di Cesiomaggiore e la Sanvido Classic, manifestazione inserita nel circuito del Giro d\u2019Italia d\u2019Epoca.\u00abUn\u2019azione di comunicazione a tutto tondo che ha saputo valorizzare paesaggio, cultura, storia, sport e tradizioni. Anche la telecronaca della diretta, insieme al racconto sportivo ha raccontato chi noi siamo e cosa abbiamo da offrire\u00bb, ha sottolineato il presidente.<\/p>\n<p><strong>I RINGRAZIAMENTI<\/strong><br \/>\n\u00abTutto questo \u00e8 il frutto di un grande lavoro di squadra e di una straordinaria sinergia tra enti, associazioni e volontari\u00bb, conclude Gorza. \u00abDesidero esprimere un sincero ringraziamento a tutto il team di lavoro, agli enti e alle associazioni, ai volontari e a tutte le persone che hanno contribuito alla realizzazione di queste iniziative, sempre in collaborazione con Fondazione Dolomiti Bellunesi. Un ringraziamento particolare va inoltre ad Alessio Cremonese che, insieme alla sua famiglia, ha saputo offrire una visibilit\u00e0 importante al nostro territorio, generando un impatto significativo che sta gi\u00e0 producendo risultati e che continuer\u00e0 a portare benefici anche in futuro\u00bb.<\/p>","protected":false},"excerpt":{"rendered":"<p>Grande successo per la tappa Feltre\u2013Alleghe: promozione del territorio, in vetrina internazionale Feltre, 30 maggio 2026 &#8211; Quella del 29 maggio \u00e8 stata, senza dubbio, una delle tappe pi\u00f9 seguite e spettacolari dell\u2019intero Giro d\u2019Italia. A dirlo, sono i numeri e a renderla tale sono stati diversi fattori: il peso determinante sulla classifica generale, un [&hellip;]<\/p>\n","protected":false},"author":2,"featured_media":170573,"comment_status":"closed","ping_status":"open","sticky":false,"template":"","format":"standard","meta":{"footnotes":""},"categories":[26,8,4],"tags":[],"class_list":["post-170605","post","type-post","status-publish","format-standard","has-post-thumbnail","category-prima-pagina","category-societa-istituzioni","category-sport"],"yoast_head":"<!-- This site is optimized with the Yoast SEO plugin v28.4 - https:\/\/yoast.com\/product\/yoast-seo-wordpress\/ -->\n<title>Giro d&#039;Italia 2026, Feltre protagonista davanti a milioni di spettatori - Bellunopress - Dolomiti<\/title>\n<meta name=\"robots\" content=\"index, follow, max-snippet:-1, max-image-preview:large, max-video-preview:-1\" \/>\n<link rel=\"canonical\" href=\"https:\/\/www.bellunopress.it\/fr\/2026\/05\/30\/giro-ditalia-2026-feltre-protagonista-davanti-a-milioni-di-spettatori\/\" \/>\n<meta property=\"og:locale\" content=\"fr_FR\" \/>\n<meta property=\"og:type\" content=\"article\" \/>\n<meta property=\"og:title\" content=\"Giro d&#039;Italia 2026, Feltre protagonista davanti a milioni di spettatori - Bellunopress - Dolomiti\" \/>\n<meta property=\"og:description\" content=\"Grande successo per la tappa Feltre\u2013Alleghe: promozione del territorio, in vetrina internazionale Feltre, 30 maggio 2026 &#8211; Quella del 29 maggio \u00e8 stata, senza dubbio, una delle tappe pi\u00f9 seguite e spettacolari dell\u2019intero Giro d\u2019Italia. A dirlo, sono i numeri e a renderla tale sono stati diversi fattori: il peso determinante sulla classifica generale, un [&hellip;]\" \/>\n<meta property=\"og:url\" content=\"https:\/\/www.bellunopress.it\/fr\/2026\/05\/30\/giro-ditalia-2026-feltre-protagonista-davanti-a-milioni-di-spettatori\/\" \/>\n<meta property=\"og:site_name\" content=\"Bellunopress - Dolomiti\" \/>\n<meta property=\"article:publisher\" content=\"https:\/\/www.facebook.com\/profile.php?id=100008943462799\" \/>\n<meta property=\"article:published_time\" content=\"2026-05-30T13:29:06+00:00\" \/>\n<meta property=\"og:image\" content=\"https:\/\/www.bellunopress.it\/wp-content\/uploads\/2026\/05\/Giro-dItalia-Feltre-29-05-2026.jpg\" \/>\n\t<meta property=\"og:image:width\" content=\"600\" \/>\n\t<meta property=\"og:image:height\" content=\"398\" \/>\n\t<meta property=\"og:image:type\" content=\"image\/jpeg\" \/>\n<meta name=\"author\" content=\"redazione\" \/>\n<meta name=\"twitter:card\" content=\"summary_large_image\" \/>\n<meta name=\"twitter:creator\" content=\"@bellunopress\" \/>\n<meta name=\"twitter:site\" content=\"@bellunopress\" \/>\n<meta name=\"twitter:label1\" content=\"Written by\" \/>\n\t<meta name=\"twitter:data1\" content=\"redazione\" \/>\n\t<meta name=\"twitter:label2\" content=\"Est. reading time\" \/>\n\t<meta name=\"twitter:data2\" content=\"5 minutes\" \/>\n<script type=\"application\/ld+json\" class=\"yoast-schema-graph\">{\"@context\":\"https:\\\/\\\/schema.org\",\"@graph\":[{\"@type\":\"Article\",\"@id\":\"https:\\\/\\\/www.bellunopress.it\\\/2026\\\/05\\\/30\\\/giro-ditalia-2026-feltre-protagonista-davanti-a-milioni-di-spettatori\\\/#article\",\"isPartOf\":{\"@id\":\"https:\\\/\\\/www.bellunopress.it\\\/2026\\\/05\\\/30\\\/giro-ditalia-2026-feltre-protagonista-davanti-a-milioni-di-spettatori\\\/\"},\"author\":{\"name\":\"redazione\",\"@id\":\"https:\\\/\\\/www.bellunopress.it\\\/#\\\/schema\\\/person\\\/79bb06722b37ece1c03d3e94beb30d73\"},\"headline\":\"Giro d&#8217;Italia 2026, Feltre protagonista davanti a milioni di spettatori\",\"datePublished\":\"2026-05-30T13:29:06+00:00\",\"mainEntityOfPage\":{\"@id\":\"https:\\\/\\\/www.bellunopress.it\\\/2026\\\/05\\\/30\\\/giro-ditalia-2026-feltre-protagonista-davanti-a-milioni-di-spettatori\\\/\"},\"wordCount\":767,\"publisher\":{\"@id\":\"https:\\\/\\\/www.bellunopress.it\\\/#organization\"},\"image\":{\"@id\":\"https:\\\/\\\/www.bellunopress.it\\\/2026\\\/05\\\/30\\\/giro-ditalia-2026-feltre-protagonista-davanti-a-milioni-di-spettatori\\\/#primaryimage\"},\"thumbnailUrl\":\"https:\\\/\\\/www.bellunopress.it\\\/wp-content\\\/uploads\\\/2026\\\/05\\\/Giro-dItalia-Feltre-29-05-2026.jpg\",\"articleSection\":[\"Prima Pagina\",\"Societ\u00e0, Associazioni, Istituzioni\",\"Sport, tempo libero\"],\"inLanguage\":\"fr-FR\"},{\"@type\":\"WebPage\",\"@id\":\"https:\\\/\\\/www.bellunopress.it\\\/2026\\\/05\\\/30\\\/giro-ditalia-2026-feltre-protagonista-davanti-a-milioni-di-spettatori\\\/\",\"url\":\"https:\\\/\\\/www.bellunopress.it\\\/2026\\\/05\\\/30\\\/giro-ditalia-2026-feltre-protagonista-davanti-a-milioni-di-spettatori\\\/\",\"name\":\"Giro d'Italia 2026, Feltre protagonista davanti a milioni di spettatori - Bellunopress - Dolomiti\",\"isPartOf\":{\"@id\":\"https:\\\/\\\/www.bellunopress.it\\\/#website\"},\"primaryImageOfPage\":{\"@id\":\"https:\\\/\\\/www.bellunopress.it\\\/2026\\\/05\\\/30\\\/giro-ditalia-2026-feltre-protagonista-davanti-a-milioni-di-spettatori\\\/#primaryimage\"},\"image\":{\"@id\":\"https:\\\/\\\/www.bellunopress.it\\\/2026\\\/05\\\/30\\\/giro-ditalia-2026-feltre-protagonista-davanti-a-milioni-di-spettatori\\\/#primaryimage\"},\"thumbnailUrl\":\"https:\\\/\\\/www.bellunopress.it\\\/wp-content\\\/uploads\\\/2026\\\/05\\\/Giro-dItalia-Feltre-29-05-2026.jpg\",\"datePublished\":\"2026-05-30T13:29:06+00:00\",\"breadcrumb\":{\"@id\":\"https:\\\/\\\/www.bellunopress.it\\\/2026\\\/05\\\/30\\\/giro-ditalia-2026-feltre-protagonista-davanti-a-milioni-di-spettatori\\\/#breadcrumb\"},\"inLanguage\":\"fr-FR\",\"potentialAction\":[{\"@type\":\"ReadAction\",\"target\":[\"https:\\\/\\\/www.bellunopress.it\\\/2026\\\/05\\\/30\\\/giro-ditalia-2026-feltre-protagonista-davanti-a-milioni-di-spettatori\\\/\"]}]},{\"@type\":\"ImageObject\",\"inLanguage\":\"fr-FR\",\"@id\":\"https:\\\/\\\/www.bellunopress.it\\\/2026\\\/05\\\/30\\\/giro-ditalia-2026-feltre-protagonista-davanti-a-milioni-di-spettatori\\\/#primaryimage\",\"url\":\"https:\\\/\\\/www.bellunopress.it\\\/wp-content\\\/uploads\\\/2026\\\/05\\\/Giro-dItalia-Feltre-29-05-2026.jpg\",\"contentUrl\":\"https:\\\/\\\/www.bellunopress.it\\\/wp-content\\\/uploads\\\/2026\\\/05\\\/Giro-dItalia-Feltre-29-05-2026.jpg\",\"width\":600,\"height\":398},{\"@type\":\"BreadcrumbList\",\"@id\":\"https:\\\/\\\/www.bellunopress.it\\\/2026\\\/05\\\/30\\\/giro-ditalia-2026-feltre-protagonista-davanti-a-milioni-di-spettatori\\\/#breadcrumb\",\"itemListElement\":[{\"@type\":\"ListItem\",\"position\":1,\"name\":\"Home\",\"item\":\"https:\\\/\\\/www.bellunopress.it\\\/\"},{\"@type\":\"ListItem\",\"position\":2,\"name\":\"Giro d&#8217;Italia 2026, Feltre protagonista davanti a milioni di spettatori\"}]},{\"@type\":\"WebSite\",\"@id\":\"https:\\\/\\\/www.bellunopress.it\\\/#website\",\"url\":\"https:\\\/\\\/www.bellunopress.it\\\/\",\"name\":\"Bellunopress - Dolomiti\",\"description\":\"e-mail: redazione@bellunopress.it\",\"publisher\":{\"@id\":\"https:\\\/\\\/www.bellunopress.it\\\/#organization\"},\"potentialAction\":[{\"@type\":\"SearchAction\",\"target\":{\"@type\":\"EntryPoint\",\"urlTemplate\":\"https:\\\/\\\/www.bellunopress.it\\\/?s={search_term_string}\"},\"query-input\":{\"@type\":\"PropertyValueSpecification\",\"valueRequired\":true,\"valueName\":\"search_term_string\"}}],\"inLanguage\":\"fr-FR\"},{\"@type\":\"Organization\",\"@id\":\"https:\\\/\\\/www.bellunopress.it\\\/#organization\",\"name\":\"Bellunopress\",\"url\":\"https:\\\/\\\/www.bellunopress.it\\\/\",\"logo\":{\"@type\":\"ImageObject\",\"inLanguage\":\"fr-FR\",\"@id\":\"https:\\\/\\\/www.bellunopress.it\\\/#\\\/schema\\\/logo\\\/image\\\/\",\"url\":\"https:\\\/\\\/www.bellunopress.it\\\/wp-content\\\/uploads\\\/2011\\\/05\\\/cropped-logo-bellunopress-.jpg\",\"contentUrl\":\"https:\\\/\\\/www.bellunopress.it\\\/wp-content\\\/uploads\\\/2011\\\/05\\\/cropped-logo-bellunopress-.jpg\",\"width\":512,\"height\":512,\"caption\":\"Bellunopress\"},\"image\":{\"@id\":\"https:\\\/\\\/www.bellunopress.it\\\/#\\\/schema\\\/logo\\\/image\\\/\"},\"sameAs\":[\"https:\\\/\\\/www.facebook.com\\\/profile.php?id=100008943462799\",\"https:\\\/\\\/x.com\\\/bellunopress\",\"https:\\\/\\\/www.linkedin.com\\\/hp\\\/?dnr=JBzUWaJfMUw8vbXJJ2tVW5-I3jZKvC4wsoxE&amp;amp;amp;amp;amp;amp;trk=nav_responsive_tab_home\",\"https:\\\/\\\/www.youtube.com\\\/channel\\\/UCxL0wu1uN0_3_7hGG0306cw\"]},{\"@type\":\"Person\",\"@id\":\"https:\\\/\\\/www.bellunopress.it\\\/#\\\/schema\\\/person\\\/79bb06722b37ece1c03d3e94beb30d73\",\"name\":\"redazione\",\"image\":{\"@type\":\"ImageObject\",\"inLanguage\":\"fr-FR\",\"@id\":\"https:\\\/\\\/secure.gravatar.com\\\/avatar\\\/37d968a2e67a6fd04c169c4bdef102d0bc5d31b2546345219e348575eb80e9a0?s=96&d=mm&r=g\",\"url\":\"https:\\\/\\\/secure.gravatar.com\\\/avatar\\\/37d968a2e67a6fd04c169c4bdef102d0bc5d31b2546345219e348575eb80e9a0?s=96&d=mm&r=g\",\"contentUrl\":\"https:\\\/\\\/secure.gravatar.com\\\/avatar\\\/37d968a2e67a6fd04c169c4bdef102d0bc5d31b2546345219e348575eb80e9a0?s=96&d=mm&r=g\",\"caption\":\"redazione\"},\"sameAs\":[\"http:\\\/\\\/www.bellunopress.it\",\"https:\\\/\\\/x.com\\\/bellunopress\"],\"url\":\"https:\\\/\\\/www.bellunopress.it\\\/fr\\\/author\\\/redazione\\\/\"}]}<\/script>\n<!-- \/ Yoast SEO plugin. -->","yoast_head_json":{"title":"Giro d'Italia 2026, Feltre protagonista davanti a milioni di spettatori - Bellunopress - Dolomiti","robots":{"index":"index","follow":"follow","max-snippet":"max-snippet:-1","max-image-preview":"max-image-preview:large","max-video-preview":"max-video-preview:-1"},"canonical":"https:\/\/www.bellunopress.it\/fr\/2026\/05\/30\/giro-ditalia-2026-feltre-protagonista-davanti-a-milioni-di-spettatori\/","og_locale":"fr_FR","og_type":"article","og_title":"Giro d'Italia 2026, Feltre protagonista davanti a milioni di spettatori - Bellunopress - Dolomiti","og_description":"Grande successo per la tappa Feltre\u2013Alleghe: promozione del territorio, in vetrina internazionale Feltre, 30 maggio 2026 &#8211; Quella del 29 maggio \u00e8 stata, senza dubbio, una delle tappe pi\u00f9 seguite e spettacolari dell\u2019intero Giro d\u2019Italia. A dirlo, sono i numeri e a renderla tale sono stati diversi fattori: il peso determinante sulla classifica generale, un [&hellip;]","og_url":"https:\/\/www.bellunopress.it\/fr\/2026\/05\/30\/giro-ditalia-2026-feltre-protagonista-davanti-a-milioni-di-spettatori\/","og_site_name":"Bellunopress - Dolomiti","article_publisher":"https:\/\/www.facebook.com\/profile.php?id=100008943462799","article_published_time":"2026-05-30T13:29:06+00:00","og_image":[{"width":600,"height":398,"url":"https:\/\/www.bellunopress.it\/wp-content\/uploads\/2026\/05\/Giro-dItalia-Feltre-29-05-2026.jpg","type":"image\/jpeg"}],"author":"redazione","twitter_card":"summary_large_image","twitter_creator":"@bellunopress","twitter_site":"@bellunopress","twitter_misc":{"Written by":"redazione","Est. reading time":"5 minutes"},"schema":{"@context":"https:\/\/schema.org","@graph":[{"@type":"Article","@id":"https:\/\/www.bellunopress.it\/2026\/05\/30\/giro-ditalia-2026-feltre-protagonista-davanti-a-milioni-di-spettatori\/#article","isPartOf":{"@id":"https:\/\/www.bellunopress.it\/2026\/05\/30\/giro-ditalia-2026-feltre-protagonista-davanti-a-milioni-di-spettatori\/"},"author":{"name":"redazione","@id":"https:\/\/www.bellunopress.it\/#\/schema\/person\/79bb06722b37ece1c03d3e94beb30d73"},"headline":"Giro d&#8217;Italia 2026, Feltre protagonista davanti a milioni di spettatori","datePublished":"2026-05-30T13:29:06+00:00","mainEntityOfPage":{"@id":"https:\/\/www.bellunopress.it\/2026\/05\/30\/giro-ditalia-2026-feltre-protagonista-davanti-a-milioni-di-spettatori\/"},"wordCount":767,"publisher":{"@id":"https:\/\/www.bellunopress.it\/#organization"},"image":{"@id":"https:\/\/www.bellunopress.it\/2026\/05\/30\/giro-ditalia-2026-feltre-protagonista-davanti-a-milioni-di-spettatori\/#primaryimage"},"thumbnailUrl":"https:\/\/www.bellunopress.it\/wp-content\/uploads\/2026\/05\/Giro-dItalia-Feltre-29-05-2026.jpg","articleSection":["Prima Pagina","Societ\u00e0, Associazioni, Istituzioni","Sport, tempo libero"],"inLanguage":"fr-FR"},{"@type":"WebPage","@id":"https:\/\/www.bellunopress.it\/2026\/05\/30\/giro-ditalia-2026-feltre-protagonista-davanti-a-milioni-di-spettatori\/","url":"https:\/\/www.bellunopress.it\/2026\/05\/30\/giro-ditalia-2026-feltre-protagonista-davanti-a-milioni-di-spettatori\/","name":"Giro d'Italia 2026, Feltre protagonista davanti a milioni di spettatori - Bellunopress - Dolomiti","isPartOf":{"@id":"https:\/\/www.bellunopress.it\/#website"},"primaryImageOfPage":{"@id":"https:\/\/www.bellunopress.it\/2026\/05\/30\/giro-ditalia-2026-feltre-protagonista-davanti-a-milioni-di-spettatori\/#primaryimage"},"image":{"@id":"https:\/\/www.bellunopress.it\/2026\/05\/30\/giro-ditalia-2026-feltre-protagonista-davanti-a-milioni-di-spettatori\/#primaryimage"},"thumbnailUrl":"https:\/\/www.bellunopress.it\/wp-content\/uploads\/2026\/05\/Giro-dItalia-Feltre-29-05-2026.jpg","datePublished":"2026-05-30T13:29:06+00:00","breadcrumb":{"@id":"https:\/\/www.bellunopress.it\/2026\/05\/30\/giro-ditalia-2026-feltre-protagonista-davanti-a-milioni-di-spettatori\/#breadcrumb"},"inLanguage":"fr-FR","potentialAction":[{"@type":"ReadAction","target":["https:\/\/www.bellunopress.it\/2026\/05\/30\/giro-ditalia-2026-feltre-protagonista-davanti-a-milioni-di-spettatori\/"]}]},{"@type":"ImageObject","inLanguage":"fr-FR","@id":"https:\/\/www.bellunopress.it\/2026\/05\/30\/giro-ditalia-2026-feltre-protagonista-davanti-a-milioni-di-spettatori\/#primaryimage","url":"https:\/\/www.bellunopress.it\/wp-content\/uploads\/2026\/05\/Giro-dItalia-Feltre-29-05-2026.jpg","contentUrl":"https:\/\/www.bellunopress.it\/wp-content\/uploads\/2026\/05\/Giro-dItalia-Feltre-29-05-2026.jpg","width":600,"height":398},{"@type":"BreadcrumbList","@id":"https:\/\/www.bellunopress.it\/2026\/05\/30\/giro-ditalia-2026-feltre-protagonista-davanti-a-milioni-di-spettatori\/#breadcrumb","itemListElement":[{"@type":"ListItem","position":1,"name":"Home","item":"https:\/\/www.bellunopress.it\/"},{"@type":"ListItem","position":2,"name":"Giro d&#8217;Italia 2026, Feltre protagonista davanti a milioni di spettatori"}]},{"@type":"WebSite","@id":"https:\/\/www.bellunopress.it\/#website","url":"https:\/\/www.bellunopress.it\/","name":"Bellunopress - Dolomiti","description":"e-mail: redazione@bellunopress.it","publisher":{"@id":"https:\/\/www.bellunopress.it\/#organization"},"potentialAction":[{"@type":"SearchAction","target":{"@type":"EntryPoint","urlTemplate":"https:\/\/www.bellunopress.it\/?s={search_term_string}"},"query-input":{"@type":"PropertyValueSpecification","valueRequired":true,"valueName":"search_term_string"}}],"inLanguage":"fr-FR"},{"@type":"Organization","@id":"https:\/\/www.bellunopress.it\/#organization","name":"Bellunopress","url":"https:\/\/www.bellunopress.it\/","logo":{"@type":"ImageObject","inLanguage":"fr-FR","@id":"https:\/\/www.bellunopress.it\/#\/schema\/logo\/image\/","url":"https:\/\/www.bellunopress.it\/wp-content\/uploads\/2011\/05\/cropped-logo-bellunopress-.jpg","contentUrl":"https:\/\/www.bellunopress.it\/wp-content\/uploads\/2011\/05\/cropped-logo-bellunopress-.jpg","width":512,"height":512,"caption":"Bellunopress"},"image":{"@id":"https:\/\/www.bellunopress.it\/#\/schema\/logo\/image\/"},"sameAs":["https:\/\/www.facebook.com\/profile.php?id=100008943462799","https:\/\/x.com\/bellunopress","https:\/\/www.linkedin.com\/hp\/?dnr=JBzUWaJfMUw8vbXJJ2tVW5-I3jZKvC4wsoxE&amp;amp;amp;amp;amp;amp;trk=nav_responsive_tab_home","https:\/\/www.youtube.com\/channel\/UCxL0wu1uN0_3_7hGG0306cw"]},{"@type":"Person","@id":"https:\/\/www.bellunopress.it\/#\/schema\/person\/79bb06722b37ece1c03d3e94beb30d73","name":"r\u00e9daction","image":{"@type":"ImageObject","inLanguage":"fr-FR","@id":"https:\/\/secure.gravatar.com\/avatar\/37d968a2e67a6fd04c169c4bdef102d0bc5d31b2546345219e348575eb80e9a0?s=96&d=mm&r=g","url":"https:\/\/secure.gravatar.com\/avatar\/37d968a2e67a6fd04c169c4bdef102d0bc5d31b2546345219e348575eb80e9a0?s=96&d=mm&r=g","contentUrl":"https:\/\/secure.gravatar.com\/avatar\/37d968a2e67a6fd04c169c4bdef102d0bc5d31b2546345219e348575eb80e9a0?s=96&d=mm&r=g","caption":"redazione"},"sameAs":["http:\/\/www.bellunopress.it","https:\/\/x.com\/bellunopress"],"url":"https:\/\/www.bellunopress.it\/fr\/author\/redazione\/"}]}},"_links":{"self":[{"href":"https:\/\/www.bellunopress.it\/fr\/wp-json\/wp\/v2\/posts\/170605","targetHints":{"allow":["GET"]}}],"collection":[{"href":"https:\/\/www.bellunopress.it\/fr\/wp-json\/wp\/v2\/posts"}],"about":[{"href":"https:\/\/www.bellunopress.it\/fr\/wp-json\/wp\/v2\/types\/post"}],"author":[{"embeddable":true,"href":"https:\/\/www.bellunopress.it\/fr\/wp-json\/wp\/v2\/users\/2"}],"replies":[{"embeddable":true,"href":"https:\/\/www.bellunopress.it\/fr\/wp-json\/wp\/v2\/comments?post=170605"}],"version-history":[{"count":1,"href":"https:\/\/www.bellunopress.it\/fr\/wp-json\/wp\/v2\/posts\/170605\/revisions"}],"predecessor-version":[{"id":170607,"href":"https:\/\/www.bellunopress.it\/fr\/wp-json\/wp\/v2\/posts\/170605\/revisions\/170607"}],"wp:featuredmedia":[{"embeddable":true,"href":"https:\/\/www.bellunopress.it\/fr\/wp-json\/wp\/v2\/media\/170573"}],"wp:attachment":[{"href":"https:\/\/www.bellunopress.it\/fr\/wp-json\/wp\/v2\/media?parent=170605"}],"wp:term":[{"taxonomy":"category","embeddable":true,"href":"https:\/\/www.bellunopress.it\/fr\/wp-json\/wp\/v2\/categories?post=170605"},{"taxonomy":"post_tag","embeddable":true,"href":"https:\/\/www.bellunopress.it\/fr\/wp-json\/wp\/v2\/tags?post=170605"}],"curies":[{"name":"wp","href":"https:\/\/api.w.org\/{rel}","templated":true}]}}