{"id":170593,"date":"2026-05-29T22:14:26","date_gmt":"2026-05-29T20:14:26","guid":{"rendered":"https:\/\/www.bellunopress.it\/?p=170593"},"modified":"2026-05-29T22:14:26","modified_gmt":"2026-05-29T20:14:26","slug":"belluno-conto-alla-rovescia-per-gli-ultimi-80-tigli-di-via-feltre-lultimo-disperato-appello-di-lipu-e-italia-nostra","status":"publish","type":"post","link":"https:\/\/www.bellunopress.it\/fr\/2026\/05\/29\/belluno-conto-alla-rovescia-per-gli-ultimi-80-tigli-di-via-feltre-lultimo-disperato-appello-di-lipu-e-italia-nostra\/","title":{"rendered":"Belluno. Conto alla rovescia per gli ultimi 80 tigli di via Feltre: l\u2019ultimo disperato appello di Lipu e Italia Nostra"},"content":{"rendered":"<p data-path-to-node=\"8\"><strong><i data-path-to-node=\"8\" data-index-in-node=\"0\">Luned\u00ec 1\u00b0 giugno scatter\u00e0 il taglio totale autorizzato dal TAR. Le associazioni ambientaliste e i residenti insorgono contro il Comune: \u00abScelta assurda in pieno periodo di nidificazione e con temperature torride. Riprogrammare i lavori\u00bb.<\/i><\/strong><\/p>\n<p data-path-to-node=\"9\"><i data-path-to-node=\"9\" data-index-in-node=\"21\">Belluno, 29 Maggio 2026 &#8211;\u00a0<\/i>\u00c8 iniziato il conto alla rovescia pi\u00f9 drammatico per il patrimonio verde di Belluno. Luned\u00ec 1 giugno 2026 prender\u00e0 il via l&#8217;abbattimento degli ultimi 80 tigli superstiti in via Feltre. L&#8217;intervento, reso possibile dalla recente sentenza del Tribunale Amministrativo Regionale (TAR) che ha sbloccato i cantieri, ha innescato una mobilitazione d&#8217;urgenza da parte delle principali sigle ambientaliste del territorio. La Delegazione Lipu e la sezione locale di Italia Nostra, supportate dai residenti della zona, hanno lanciato un ultimo, accorato appello al sindaco Oscar De Pellegrin affinch\u00e9 fermi le motoseghe e riprogrammi l&#8217;intervento in autunno.<\/p>\n<p data-path-to-node=\"11\">La polemica si concentra non solo sulla perdita storica del viale, ma soprattutto sulle tempistiche scelte dall&#8217;amministrazione comunale. Ci si trova infatti nel pieno della stagione riproduttiva dell&#8217;avifauna urbana, un periodo dell&#8217;anno tutelato da severe normative nazionali ed europee.<\/p>\n<h4 data-path-to-node=\"12\"><b data-path-to-node=\"12\" data-index-in-node=\"0\">Lipu al Sindaco: \u00abI monitoraggi attuali sono insufficienti, si rischia il reato penale\u00bb<\/b><\/h4>\n<p data-path-to-node=\"13\">La Delegazione Lipu di Belluno ha preso formalmente posizione inviando una lettera al primo cittadino per chiedere un rinvio di qualche mese. Niccol\u00f2 Sovilla, delegato locale dell&#8217;associazione, esprime forti perplessit\u00e0 sui controlli eseguiti dal Comune per accertare l&#8217;assenza di nidi: <i data-path-to-node=\"13\" data-index-in-node=\"287\">\u00abSo che in data odierna (29 maggio) sono stati effettuati dei controlli lungo via Feltre: mi auguro che siano stati condotti da personale qualificato e secondo rigidi criteri scientifici. L&#8217;abbattimento di alberature durante il periodo di nidificazione, compreso tra marzo e luglio-agosto, mette in grave pericolo i nidi degli uccelli\u00bb<\/i>.<\/p>\n<p data-path-to-node=\"14\">La Lipu contesta apertamente la validit\u00e0 scientifica dei precedenti monitoraggi effettuati prima della prima tranche di lavori (avvenuta il 13 e 14 aprile scorsi), definendoli &#8220;rapide ispezioni&#8221; del tutto insufficienti. Un controllo adeguato, secondo i protocolli ornitologici ufficiali dell&#8217;associazione, richiede metodologie complesse e tempi d&#8217;osservazione lunghi. Molte specie diffuse nei contesti urbani, come le cinciallegre o le cinciarelle, possono rimanere all&#8217;interno delle cavit\u00e0 dei tronchi dai 15 ai 36 minuti senza uscire, risultando completamente invisibili a un occhio frettoloso.<\/p>\n<p data-path-to-node=\"15\"><i data-path-to-node=\"15\" data-index-in-node=\"0\">\u00abNei due Verbali di attestazione tecnica relativi ad aprile non veniva citata alcuna delle metodologie scientifiche suggerite dalla Lipu\u00bb<\/i>, incalza Sovilla. <i data-path-to-node=\"15\" data-index-in-node=\"156\">\u00abUna rapida ispezione per ciascun albero non \u00e8 sufficiente. Distruggere i nidi costituisce un reato penale equiparabile all&#8217;uccellagione ai sensi della Legge 157\/1992\u00bb<\/i>.<\/p>\n<p data-path-to-node=\"16\">Secondo il vademecum della Lipu, un monitoraggio serio richiede:<\/p>\n<ul data-path-to-node=\"17\">\n<li>\n<p data-path-to-node=\"17,0,0\">Controlli condotti esclusivamente da un ornitologo con preparazione documentabile;<\/p>\n<\/li>\n<li>\n<p data-path-to-node=\"17,1,0\">Osservazioni nelle prime ore della mattina (massima attivit\u00e0 degli uccelli);<\/p>\n<\/li>\n<li>\n<p data-path-to-node=\"17,2,0\">Uso di sonde o endoscopi per esaminare le cavit\u00e0 nei tronchi e nelle branche alte;<\/p>\n<\/li>\n<li>\n<p data-path-to-node=\"17,3,0\">Ispezione della chioma dall&#8217;alto tramite l&#8217;utilizzo di un cestello elevatore.<\/p>\n<\/li>\n<\/ul>\n<h4 data-path-to-node=\"18\"><b data-path-to-node=\"18\" data-index-in-node=\"0\">Italia Nostra convoca la piazza: \u00abDecisione violenta e assurda\u00bb<\/b><\/h4>\n<p data-path-to-node=\"19\">Accanto alla Lipu si schiera con fermezza il Consiglio Direttivo di Italia Nostra &#8211; Sezione di Belluno, che definisce la scelta di procedere al taglio immediato <i data-path-to-node=\"19\" data-index-in-node=\"161\">\u00abviolenta e assurda\u00bb<\/i>. L&#8217;associazione mette l&#8217;accento anche sul benessere dei cittadini e sul microclima urbano: l&#8217;estate \u00e8 ormai alle porte, le temperature sono gi\u00e0 torride e l&#8217;abbattimento di 80 alberi in piena vegetazione priver\u00e0 l&#8217;area di una fondamentale funzione di ombreggiamento e mitigazione della calura.<\/p>\n<p data-path-to-node=\"20\"><i data-path-to-node=\"20\" data-index-in-node=\"0\">\u00abNon sussiste alcun carattere di urgenza in questo momento\u00bb<\/i>, denuncia il Direttivo di Italia Nostra. <i data-path-to-node=\"20\" data-index-in-node=\"101\">\u00abSiamo all&#8217;inizio dell&#8217;estate, gli alberi stanno svolgendo la loro importante funzione di mitigazione della temperatura e la nidificazione \u00e8 al culmine. L&#8217;amministrazione comunale sembra ignorare tutto ci\u00f2\u00bb<\/i>.<\/p>\n<p data-path-to-node=\"21\">Per manifestare pubblicamente il proprio dissenso e dare voce ai residenti di via Feltre, profondamente contrari all&#8217;azzeramento dei tigli, Italia Nostra ha convocato una <b data-path-to-node=\"21\" data-index-in-node=\"171\">conferenza stampa pubblica per domani, sabato 30 maggio alle ore 12:15 in Piazza Duomo<\/b>. All&#8217;incontro parteciperanno i cittadini del quartiere per esprimere con fermezza la netta contrariet\u00e0 al &#8220;taglio totale&#8221;.<\/p>\n<h4 data-path-to-node=\"22\"><b data-path-to-node=\"22\" data-index-in-node=\"0\">Il nodo delle normative e il regolamento comunale<\/b><\/h4>\n<p data-path-to-node=\"23\">Il fronte ambientalista unito ricorda che l&#8217;operazione si scontra con precisi vincoli legali. La Direttiva Europea 2009\/147\/CE e la Legge nazionale 157\/1992 (art. 21, comma 1) vietano esplicitamente potature e tagli di alberi da marzo a tutto settembre per tutelare la fauna selvatica.<\/p>\n<p data-path-to-node=\"24\">Inoltre, lo stesso Comune di Belluno sembrerebbe violare le proprie regole: l&#8217;articolo 36 del Regolamento comunale per il benessere degli animali vieta tassativamente i tagli nel periodo riproduttivo degli uccelli, ad esclusione dei casi di assoluta e comprovata necessit\u00e0; un&#8217;urgenza che, secondo le associazioni e i residenti, in questo caso specifico non ha alcuna ragione d&#8217;essere. L&#8217;auspicio delle associazioni \u00e8 che il forte interesse e la sensibilit\u00e0 dimostrati dalla cittadinanza nei mesi scorsi spingano Palazzo Rosso a una repentina riprogrammazione dei lavori nei mesi autunnali.<\/p>","protected":false},"excerpt":{"rendered":"<p>Luned\u00ec 1\u00b0 giugno scatter\u00e0 il taglio totale autorizzato dal TAR. Le associazioni ambientaliste e i residenti insorgono contro il Comune: \u00abScelta assurda in pieno periodo di nidificazione e con temperature torride. Riprogrammare i lavori\u00bb. Belluno, 29 Maggio 2026 &#8211;\u00a0\u00c8 iniziato il conto alla rovescia pi\u00f9 drammatico per il patrimonio verde di Belluno. Luned\u00ec 1 giugno [&hellip;]<\/p>\n","protected":false},"author":2,"featured_media":169015,"comment_status":"closed","ping_status":"open","sticky":false,"template":"","format":"standard","meta":{"footnotes":""},"categories":[5,38,8],"tags":[],"class_list":["post-170593","post","type-post","status-publish","format-standard","has-post-thumbnail","category-cronaca","category-natura-ambiente","category-societa-istituzioni"],"yoast_head":"<!-- This site is optimized with the Yoast SEO plugin v28.4 - https:\/\/yoast.com\/product\/yoast-seo-wordpress\/ -->\n<title>Belluno. Conto alla rovescia per gli ultimi 80 tigli di via Feltre: l\u2019ultimo disperato appello di Lipu e Italia Nostra - Bellunopress - Dolomiti<\/title>\n<meta name=\"robots\" content=\"index, follow, max-snippet:-1, max-image-preview:large, max-video-preview:-1\" \/>\n<link rel=\"canonical\" href=\"https:\/\/www.bellunopress.it\/fr\/2026\/05\/29\/belluno-conto-alla-rovescia-per-gli-ultimi-80-tigli-di-via-feltre-lultimo-disperato-appello-di-lipu-e-italia-nostra\/\" \/>\n<meta property=\"og:locale\" content=\"fr_FR\" \/>\n<meta property=\"og:type\" content=\"article\" \/>\n<meta property=\"og:title\" content=\"Belluno. Conto alla rovescia per gli ultimi 80 tigli di via Feltre: l\u2019ultimo disperato appello di Lipu e Italia Nostra - Bellunopress - Dolomiti\" \/>\n<meta property=\"og:description\" content=\"Luned\u00ec 1\u00b0 giugno scatter\u00e0 il taglio totale autorizzato dal TAR. Le associazioni ambientaliste e i residenti insorgono contro il Comune: \u00abScelta assurda in pieno periodo di nidificazione e con temperature torride. Riprogrammare i lavori\u00bb. Belluno, 29 Maggio 2026 &#8211;\u00a0\u00c8 iniziato il conto alla rovescia pi\u00f9 drammatico per il patrimonio verde di Belluno. Luned\u00ec 1 giugno [&hellip;]\" \/>\n<meta property=\"og:url\" content=\"https:\/\/www.bellunopress.it\/fr\/2026\/05\/29\/belluno-conto-alla-rovescia-per-gli-ultimi-80-tigli-di-via-feltre-lultimo-disperato-appello-di-lipu-e-italia-nostra\/\" \/>\n<meta property=\"og:site_name\" content=\"Bellunopress - Dolomiti\" \/>\n<meta property=\"article:publisher\" content=\"https:\/\/www.facebook.com\/profile.php?id=100008943462799\" \/>\n<meta property=\"article:published_time\" content=\"2026-05-29T20:14:26+00:00\" \/>\n<meta property=\"og:image\" content=\"https:\/\/www.bellunopress.it\/wp-content\/uploads\/2026\/04\/alberi-via-feltre-belluno.jpg\" \/>\n\t<meta property=\"og:image:width\" content=\"700\" \/>\n\t<meta property=\"og:image:height\" content=\"483\" \/>\n\t<meta property=\"og:image:type\" content=\"image\/jpeg\" \/>\n<meta name=\"author\" content=\"redazione\" \/>\n<meta name=\"twitter:card\" content=\"summary_large_image\" \/>\n<meta name=\"twitter:creator\" content=\"@bellunopress\" \/>\n<meta name=\"twitter:site\" content=\"@bellunopress\" \/>\n<meta name=\"twitter:label1\" content=\"Written by\" \/>\n\t<meta name=\"twitter:data1\" content=\"redazione\" \/>\n\t<meta name=\"twitter:label2\" content=\"Est. reading time\" \/>\n\t<meta name=\"twitter:data2\" content=\"5 minutes\" \/>\n<script type=\"application\/ld+json\" class=\"yoast-schema-graph\">{\"@context\":\"https:\\\/\\\/schema.org\",\"@graph\":[{\"@type\":\"Article\",\"@id\":\"https:\\\/\\\/www.bellunopress.it\\\/2026\\\/05\\\/29\\\/belluno-conto-alla-rovescia-per-gli-ultimi-80-tigli-di-via-feltre-lultimo-disperato-appello-di-lipu-e-italia-nostra\\\/#article\",\"isPartOf\":{\"@id\":\"https:\\\/\\\/www.bellunopress.it\\\/2026\\\/05\\\/29\\\/belluno-conto-alla-rovescia-per-gli-ultimi-80-tigli-di-via-feltre-lultimo-disperato-appello-di-lipu-e-italia-nostra\\\/\"},\"author\":{\"name\":\"redazione\",\"@id\":\"https:\\\/\\\/www.bellunopress.it\\\/#\\\/schema\\\/person\\\/79bb06722b37ece1c03d3e94beb30d73\"},\"headline\":\"Belluno. Conto alla rovescia per gli ultimi 80 tigli di via Feltre: l\u2019ultimo disperato appello di Lipu e Italia Nostra\",\"datePublished\":\"2026-05-29T20:14:26+00:00\",\"mainEntityOfPage\":{\"@id\":\"https:\\\/\\\/www.bellunopress.it\\\/2026\\\/05\\\/29\\\/belluno-conto-alla-rovescia-per-gli-ultimi-80-tigli-di-via-feltre-lultimo-disperato-appello-di-lipu-e-italia-nostra\\\/\"},\"wordCount\":790,\"publisher\":{\"@id\":\"https:\\\/\\\/www.bellunopress.it\\\/#organization\"},\"image\":{\"@id\":\"https:\\\/\\\/www.bellunopress.it\\\/2026\\\/05\\\/29\\\/belluno-conto-alla-rovescia-per-gli-ultimi-80-tigli-di-via-feltre-lultimo-disperato-appello-di-lipu-e-italia-nostra\\\/#primaryimage\"},\"thumbnailUrl\":\"https:\\\/\\\/www.bellunopress.it\\\/wp-content\\\/uploads\\\/2026\\\/04\\\/alberi-via-feltre-belluno.jpg\",\"articleSection\":[\"Cronaca\\\/Politica\",\"Meteo, natura, ambiente, animali\",\"Societ\u00e0, Associazioni, Istituzioni\"],\"inLanguage\":\"fr-FR\"},{\"@type\":\"WebPage\",\"@id\":\"https:\\\/\\\/www.bellunopress.it\\\/2026\\\/05\\\/29\\\/belluno-conto-alla-rovescia-per-gli-ultimi-80-tigli-di-via-feltre-lultimo-disperato-appello-di-lipu-e-italia-nostra\\\/\",\"url\":\"https:\\\/\\\/www.bellunopress.it\\\/2026\\\/05\\\/29\\\/belluno-conto-alla-rovescia-per-gli-ultimi-80-tigli-di-via-feltre-lultimo-disperato-appello-di-lipu-e-italia-nostra\\\/\",\"name\":\"Belluno. Conto alla rovescia per gli ultimi 80 tigli di via Feltre: l\u2019ultimo disperato appello di Lipu e Italia Nostra - Bellunopress - Dolomiti\",\"isPartOf\":{\"@id\":\"https:\\\/\\\/www.bellunopress.it\\\/#website\"},\"primaryImageOfPage\":{\"@id\":\"https:\\\/\\\/www.bellunopress.it\\\/2026\\\/05\\\/29\\\/belluno-conto-alla-rovescia-per-gli-ultimi-80-tigli-di-via-feltre-lultimo-disperato-appello-di-lipu-e-italia-nostra\\\/#primaryimage\"},\"image\":{\"@id\":\"https:\\\/\\\/www.bellunopress.it\\\/2026\\\/05\\\/29\\\/belluno-conto-alla-rovescia-per-gli-ultimi-80-tigli-di-via-feltre-lultimo-disperato-appello-di-lipu-e-italia-nostra\\\/#primaryimage\"},\"thumbnailUrl\":\"https:\\\/\\\/www.bellunopress.it\\\/wp-content\\\/uploads\\\/2026\\\/04\\\/alberi-via-feltre-belluno.jpg\",\"datePublished\":\"2026-05-29T20:14:26+00:00\",\"breadcrumb\":{\"@id\":\"https:\\\/\\\/www.bellunopress.it\\\/2026\\\/05\\\/29\\\/belluno-conto-alla-rovescia-per-gli-ultimi-80-tigli-di-via-feltre-lultimo-disperato-appello-di-lipu-e-italia-nostra\\\/#breadcrumb\"},\"inLanguage\":\"fr-FR\",\"potentialAction\":[{\"@type\":\"ReadAction\",\"target\":[\"https:\\\/\\\/www.bellunopress.it\\\/2026\\\/05\\\/29\\\/belluno-conto-alla-rovescia-per-gli-ultimi-80-tigli-di-via-feltre-lultimo-disperato-appello-di-lipu-e-italia-nostra\\\/\"]}]},{\"@type\":\"ImageObject\",\"inLanguage\":\"fr-FR\",\"@id\":\"https:\\\/\\\/www.bellunopress.it\\\/2026\\\/05\\\/29\\\/belluno-conto-alla-rovescia-per-gli-ultimi-80-tigli-di-via-feltre-lultimo-disperato-appello-di-lipu-e-italia-nostra\\\/#primaryimage\",\"url\":\"https:\\\/\\\/www.bellunopress.it\\\/wp-content\\\/uploads\\\/2026\\\/04\\\/alberi-via-feltre-belluno.jpg\",\"contentUrl\":\"https:\\\/\\\/www.bellunopress.it\\\/wp-content\\\/uploads\\\/2026\\\/04\\\/alberi-via-feltre-belluno.jpg\",\"width\":700,\"height\":483,\"caption\":\"Belluno, via Feltre\"},{\"@type\":\"BreadcrumbList\",\"@id\":\"https:\\\/\\\/www.bellunopress.it\\\/2026\\\/05\\\/29\\\/belluno-conto-alla-rovescia-per-gli-ultimi-80-tigli-di-via-feltre-lultimo-disperato-appello-di-lipu-e-italia-nostra\\\/#breadcrumb\",\"itemListElement\":[{\"@type\":\"ListItem\",\"position\":1,\"name\":\"Home\",\"item\":\"https:\\\/\\\/www.bellunopress.it\\\/\"},{\"@type\":\"ListItem\",\"position\":2,\"name\":\"Belluno. Conto alla rovescia per gli ultimi 80 tigli di via Feltre: l\u2019ultimo disperato appello di Lipu e Italia Nostra\"}]},{\"@type\":\"WebSite\",\"@id\":\"https:\\\/\\\/www.bellunopress.it\\\/#website\",\"url\":\"https:\\\/\\\/www.bellunopress.it\\\/\",\"name\":\"Bellunopress - Dolomiti\",\"description\":\"e-mail: redazione@bellunopress.it\",\"publisher\":{\"@id\":\"https:\\\/\\\/www.bellunopress.it\\\/#organization\"},\"potentialAction\":[{\"@type\":\"SearchAction\",\"target\":{\"@type\":\"EntryPoint\",\"urlTemplate\":\"https:\\\/\\\/www.bellunopress.it\\\/?s={search_term_string}\"},\"query-input\":{\"@type\":\"PropertyValueSpecification\",\"valueRequired\":true,\"valueName\":\"search_term_string\"}}],\"inLanguage\":\"fr-FR\"},{\"@type\":\"Organization\",\"@id\":\"https:\\\/\\\/www.bellunopress.it\\\/#organization\",\"name\":\"Bellunopress\",\"url\":\"https:\\\/\\\/www.bellunopress.it\\\/\",\"logo\":{\"@type\":\"ImageObject\",\"inLanguage\":\"fr-FR\",\"@id\":\"https:\\\/\\\/www.bellunopress.it\\\/#\\\/schema\\\/logo\\\/image\\\/\",\"url\":\"https:\\\/\\\/www.bellunopress.it\\\/wp-content\\\/uploads\\\/2011\\\/05\\\/cropped-logo-bellunopress-.jpg\",\"contentUrl\":\"https:\\\/\\\/www.bellunopress.it\\\/wp-content\\\/uploads\\\/2011\\\/05\\\/cropped-logo-bellunopress-.jpg\",\"width\":512,\"height\":512,\"caption\":\"Bellunopress\"},\"image\":{\"@id\":\"https:\\\/\\\/www.bellunopress.it\\\/#\\\/schema\\\/logo\\\/image\\\/\"},\"sameAs\":[\"https:\\\/\\\/www.facebook.com\\\/profile.php?id=100008943462799\",\"https:\\\/\\\/x.com\\\/bellunopress\",\"https:\\\/\\\/www.linkedin.com\\\/hp\\\/?dnr=JBzUWaJfMUw8vbXJJ2tVW5-I3jZKvC4wsoxE&amp;amp;amp;amp;amp;amp;trk=nav_responsive_tab_home\",\"https:\\\/\\\/www.youtube.com\\\/channel\\\/UCxL0wu1uN0_3_7hGG0306cw\"]},{\"@type\":\"Person\",\"@id\":\"https:\\\/\\\/www.bellunopress.it\\\/#\\\/schema\\\/person\\\/79bb06722b37ece1c03d3e94beb30d73\",\"name\":\"redazione\",\"image\":{\"@type\":\"ImageObject\",\"inLanguage\":\"fr-FR\",\"@id\":\"https:\\\/\\\/secure.gravatar.com\\\/avatar\\\/37d968a2e67a6fd04c169c4bdef102d0bc5d31b2546345219e348575eb80e9a0?s=96&d=mm&r=g\",\"url\":\"https:\\\/\\\/secure.gravatar.com\\\/avatar\\\/37d968a2e67a6fd04c169c4bdef102d0bc5d31b2546345219e348575eb80e9a0?s=96&d=mm&r=g\",\"contentUrl\":\"https:\\\/\\\/secure.gravatar.com\\\/avatar\\\/37d968a2e67a6fd04c169c4bdef102d0bc5d31b2546345219e348575eb80e9a0?s=96&d=mm&r=g\",\"caption\":\"redazione\"},\"sameAs\":[\"http:\\\/\\\/www.bellunopress.it\",\"https:\\\/\\\/x.com\\\/bellunopress\"],\"url\":\"https:\\\/\\\/www.bellunopress.it\\\/fr\\\/author\\\/redazione\\\/\"}]}<\/script>\n<!-- \/ Yoast SEO plugin. -->","yoast_head_json":{"title":"Belluno. Conto alla rovescia per gli ultimi 80 tigli di via Feltre: l\u2019ultimo disperato appello di Lipu e Italia Nostra - Bellunopress - Dolomiti","robots":{"index":"index","follow":"follow","max-snippet":"max-snippet:-1","max-image-preview":"max-image-preview:large","max-video-preview":"max-video-preview:-1"},"canonical":"https:\/\/www.bellunopress.it\/fr\/2026\/05\/29\/belluno-conto-alla-rovescia-per-gli-ultimi-80-tigli-di-via-feltre-lultimo-disperato-appello-di-lipu-e-italia-nostra\/","og_locale":"fr_FR","og_type":"article","og_title":"Belluno. Conto alla rovescia per gli ultimi 80 tigli di via Feltre: l\u2019ultimo disperato appello di Lipu e Italia Nostra - Bellunopress - Dolomiti","og_description":"Luned\u00ec 1\u00b0 giugno scatter\u00e0 il taglio totale autorizzato dal TAR. Le associazioni ambientaliste e i residenti insorgono contro il Comune: \u00abScelta assurda in pieno periodo di nidificazione e con temperature torride. Riprogrammare i lavori\u00bb. Belluno, 29 Maggio 2026 &#8211;\u00a0\u00c8 iniziato il conto alla rovescia pi\u00f9 drammatico per il patrimonio verde di Belluno. Luned\u00ec 1 giugno [&hellip;]","og_url":"https:\/\/www.bellunopress.it\/fr\/2026\/05\/29\/belluno-conto-alla-rovescia-per-gli-ultimi-80-tigli-di-via-feltre-lultimo-disperato-appello-di-lipu-e-italia-nostra\/","og_site_name":"Bellunopress - Dolomiti","article_publisher":"https:\/\/www.facebook.com\/profile.php?id=100008943462799","article_published_time":"2026-05-29T20:14:26+00:00","og_image":[{"width":700,"height":483,"url":"https:\/\/www.bellunopress.it\/wp-content\/uploads\/2026\/04\/alberi-via-feltre-belluno.jpg","type":"image\/jpeg"}],"author":"redazione","twitter_card":"summary_large_image","twitter_creator":"@bellunopress","twitter_site":"@bellunopress","twitter_misc":{"Written by":"redazione","Est. reading time":"5 minutes"},"schema":{"@context":"https:\/\/schema.org","@graph":[{"@type":"Article","@id":"https:\/\/www.bellunopress.it\/2026\/05\/29\/belluno-conto-alla-rovescia-per-gli-ultimi-80-tigli-di-via-feltre-lultimo-disperato-appello-di-lipu-e-italia-nostra\/#article","isPartOf":{"@id":"https:\/\/www.bellunopress.it\/2026\/05\/29\/belluno-conto-alla-rovescia-per-gli-ultimi-80-tigli-di-via-feltre-lultimo-disperato-appello-di-lipu-e-italia-nostra\/"},"author":{"name":"redazione","@id":"https:\/\/www.bellunopress.it\/#\/schema\/person\/79bb06722b37ece1c03d3e94beb30d73"},"headline":"Belluno. Conto alla rovescia per gli ultimi 80 tigli di via Feltre: l\u2019ultimo disperato appello di Lipu e Italia Nostra","datePublished":"2026-05-29T20:14:26+00:00","mainEntityOfPage":{"@id":"https:\/\/www.bellunopress.it\/2026\/05\/29\/belluno-conto-alla-rovescia-per-gli-ultimi-80-tigli-di-via-feltre-lultimo-disperato-appello-di-lipu-e-italia-nostra\/"},"wordCount":790,"publisher":{"@id":"https:\/\/www.bellunopress.it\/#organization"},"image":{"@id":"https:\/\/www.bellunopress.it\/2026\/05\/29\/belluno-conto-alla-rovescia-per-gli-ultimi-80-tigli-di-via-feltre-lultimo-disperato-appello-di-lipu-e-italia-nostra\/#primaryimage"},"thumbnailUrl":"https:\/\/www.bellunopress.it\/wp-content\/uploads\/2026\/04\/alberi-via-feltre-belluno.jpg","articleSection":["Cronaca\/Politica","Meteo, natura, ambiente, animali","Societ\u00e0, Associazioni, Istituzioni"],"inLanguage":"fr-FR"},{"@type":"WebPage","@id":"https:\/\/www.bellunopress.it\/2026\/05\/29\/belluno-conto-alla-rovescia-per-gli-ultimi-80-tigli-di-via-feltre-lultimo-disperato-appello-di-lipu-e-italia-nostra\/","url":"https:\/\/www.bellunopress.it\/2026\/05\/29\/belluno-conto-alla-rovescia-per-gli-ultimi-80-tigli-di-via-feltre-lultimo-disperato-appello-di-lipu-e-italia-nostra\/","name":"Belluno. Conto alla rovescia per gli ultimi 80 tigli di via Feltre: l\u2019ultimo disperato appello di Lipu e Italia Nostra - Bellunopress - Dolomiti","isPartOf":{"@id":"https:\/\/www.bellunopress.it\/#website"},"primaryImageOfPage":{"@id":"https:\/\/www.bellunopress.it\/2026\/05\/29\/belluno-conto-alla-rovescia-per-gli-ultimi-80-tigli-di-via-feltre-lultimo-disperato-appello-di-lipu-e-italia-nostra\/#primaryimage"},"image":{"@id":"https:\/\/www.bellunopress.it\/2026\/05\/29\/belluno-conto-alla-rovescia-per-gli-ultimi-80-tigli-di-via-feltre-lultimo-disperato-appello-di-lipu-e-italia-nostra\/#primaryimage"},"thumbnailUrl":"https:\/\/www.bellunopress.it\/wp-content\/uploads\/2026\/04\/alberi-via-feltre-belluno.jpg","datePublished":"2026-05-29T20:14:26+00:00","breadcrumb":{"@id":"https:\/\/www.bellunopress.it\/2026\/05\/29\/belluno-conto-alla-rovescia-per-gli-ultimi-80-tigli-di-via-feltre-lultimo-disperato-appello-di-lipu-e-italia-nostra\/#breadcrumb"},"inLanguage":"fr-FR","potentialAction":[{"@type":"ReadAction","target":["https:\/\/www.bellunopress.it\/2026\/05\/29\/belluno-conto-alla-rovescia-per-gli-ultimi-80-tigli-di-via-feltre-lultimo-disperato-appello-di-lipu-e-italia-nostra\/"]}]},{"@type":"ImageObject","inLanguage":"fr-FR","@id":"https:\/\/www.bellunopress.it\/2026\/05\/29\/belluno-conto-alla-rovescia-per-gli-ultimi-80-tigli-di-via-feltre-lultimo-disperato-appello-di-lipu-e-italia-nostra\/#primaryimage","url":"https:\/\/www.bellunopress.it\/wp-content\/uploads\/2026\/04\/alberi-via-feltre-belluno.jpg","contentUrl":"https:\/\/www.bellunopress.it\/wp-content\/uploads\/2026\/04\/alberi-via-feltre-belluno.jpg","width":700,"height":483,"caption":"Belluno, via Feltre"},{"@type":"BreadcrumbList","@id":"https:\/\/www.bellunopress.it\/2026\/05\/29\/belluno-conto-alla-rovescia-per-gli-ultimi-80-tigli-di-via-feltre-lultimo-disperato-appello-di-lipu-e-italia-nostra\/#breadcrumb","itemListElement":[{"@type":"ListItem","position":1,"name":"Home","item":"https:\/\/www.bellunopress.it\/"},{"@type":"ListItem","position":2,"name":"Belluno. Conto alla rovescia per gli ultimi 80 tigli di via Feltre: l\u2019ultimo disperato appello di Lipu e Italia Nostra"}]},{"@type":"WebSite","@id":"https:\/\/www.bellunopress.it\/#website","url":"https:\/\/www.bellunopress.it\/","name":"Bellunopress - Dolomiti","description":"e-mail: redazione@bellunopress.it","publisher":{"@id":"https:\/\/www.bellunopress.it\/#organization"},"potentialAction":[{"@type":"SearchAction","target":{"@type":"EntryPoint","urlTemplate":"https:\/\/www.bellunopress.it\/?s={search_term_string}"},"query-input":{"@type":"PropertyValueSpecification","valueRequired":true,"valueName":"search_term_string"}}],"inLanguage":"fr-FR"},{"@type":"Organization","@id":"https:\/\/www.bellunopress.it\/#organization","name":"Bellunopress","url":"https:\/\/www.bellunopress.it\/","logo":{"@type":"ImageObject","inLanguage":"fr-FR","@id":"https:\/\/www.bellunopress.it\/#\/schema\/logo\/image\/","url":"https:\/\/www.bellunopress.it\/wp-content\/uploads\/2011\/05\/cropped-logo-bellunopress-.jpg","contentUrl":"https:\/\/www.bellunopress.it\/wp-content\/uploads\/2011\/05\/cropped-logo-bellunopress-.jpg","width":512,"height":512,"caption":"Bellunopress"},"image":{"@id":"https:\/\/www.bellunopress.it\/#\/schema\/logo\/image\/"},"sameAs":["https:\/\/www.facebook.com\/profile.php?id=100008943462799","https:\/\/x.com\/bellunopress","https:\/\/www.linkedin.com\/hp\/?dnr=JBzUWaJfMUw8vbXJJ2tVW5-I3jZKvC4wsoxE&amp;amp;amp;amp;amp;amp;trk=nav_responsive_tab_home","https:\/\/www.youtube.com\/channel\/UCxL0wu1uN0_3_7hGG0306cw"]},{"@type":"Person","@id":"https:\/\/www.bellunopress.it\/#\/schema\/person\/79bb06722b37ece1c03d3e94beb30d73","name":"r\u00e9daction","image":{"@type":"ImageObject","inLanguage":"fr-FR","@id":"https:\/\/secure.gravatar.com\/avatar\/37d968a2e67a6fd04c169c4bdef102d0bc5d31b2546345219e348575eb80e9a0?s=96&d=mm&r=g","url":"https:\/\/secure.gravatar.com\/avatar\/37d968a2e67a6fd04c169c4bdef102d0bc5d31b2546345219e348575eb80e9a0?s=96&d=mm&r=g","contentUrl":"https:\/\/secure.gravatar.com\/avatar\/37d968a2e67a6fd04c169c4bdef102d0bc5d31b2546345219e348575eb80e9a0?s=96&d=mm&r=g","caption":"redazione"},"sameAs":["http:\/\/www.bellunopress.it","https:\/\/x.com\/bellunopress"],"url":"https:\/\/www.bellunopress.it\/fr\/author\/redazione\/"}]}},"_links":{"self":[{"href":"https:\/\/www.bellunopress.it\/fr\/wp-json\/wp\/v2\/posts\/170593","targetHints":{"allow":["GET"]}}],"collection":[{"href":"https:\/\/www.bellunopress.it\/fr\/wp-json\/wp\/v2\/posts"}],"about":[{"href":"https:\/\/www.bellunopress.it\/fr\/wp-json\/wp\/v2\/types\/post"}],"author":[{"embeddable":true,"href":"https:\/\/www.bellunopress.it\/fr\/wp-json\/wp\/v2\/users\/2"}],"replies":[{"embeddable":true,"href":"https:\/\/www.bellunopress.it\/fr\/wp-json\/wp\/v2\/comments?post=170593"}],"version-history":[{"count":1,"href":"https:\/\/www.bellunopress.it\/fr\/wp-json\/wp\/v2\/posts\/170593\/revisions"}],"predecessor-version":[{"id":170594,"href":"https:\/\/www.bellunopress.it\/fr\/wp-json\/wp\/v2\/posts\/170593\/revisions\/170594"}],"wp:featuredmedia":[{"embeddable":true,"href":"https:\/\/www.bellunopress.it\/fr\/wp-json\/wp\/v2\/media\/169015"}],"wp:attachment":[{"href":"https:\/\/www.bellunopress.it\/fr\/wp-json\/wp\/v2\/media?parent=170593"}],"wp:term":[{"taxonomy":"category","embeddable":true,"href":"https:\/\/www.bellunopress.it\/fr\/wp-json\/wp\/v2\/categories?post=170593"},{"taxonomy":"post_tag","embeddable":true,"href":"https:\/\/www.bellunopress.it\/fr\/wp-json\/wp\/v2\/tags?post=170593"}],"curies":[{"name":"wp","href":"https:\/\/api.w.org\/{rel}","templated":true}]}}