{"id":170588,"date":"2026-05-29T20:26:35","date_gmt":"2026-05-29T18:26:35","guid":{"rendered":"https:\/\/www.bellunopress.it\/?p=170588"},"modified":"2026-05-29T20:26:35","modified_gmt":"2026-05-29T18:26:35","slug":"alleghe-in-rosa-spettacolo-sulle-dolomiti-bellunesi","status":"publish","type":"post","link":"https:\/\/www.bellunopress.it\/fr\/2026\/05\/29\/alleghe-in-rosa-spettacolo-sulle-dolomiti-bellunesi\/","title":{"rendered":"Alleghe in rosa, spettacolo sulle Dolomiti Bellunesi"},"content":{"rendered":"<p><strong>Tripudio di passione e partecipazione ad Alleghe per l\u2019arrivo della tappa del 109\u00b0 Giro d\u2019Italia<\/strong><\/p>\n<p><strong>Tra Alleghe e la zona d\u2019arrivo ai Piani di Pezz\u00e8 in 15.000 in una speciale giornata di sole<\/strong><\/p>\n<p><strong>Applausi per il vincitore Kuss (USA), Vingegaard (DAN) rimane in rosa e ipoteca il Giro<\/strong><\/p>\n<p><strong>Entusiasta il sindaco De Toni: \u201cLa giornata che sognavamo da tanto tempo!\u201d<\/strong><\/p>\n<p>Alleghe, 29\/05\/2026 &#8211; Una giornata che verr\u00e0 ricordata a lungo quella che oggi hanno vissuto Alleghe e il territorio bellunese. Dopo oltre cinquant&#8217;anni d\u2019attesa, il Giro d\u2019Italia \u00e8 tornato a tingere di rosa le strade di uno dei borghi pi\u00f9 affascinanti delle Dolomiti, regalando un arrivo inedito e mozzafiato ai Piani di Pezz\u00e8. A imporsi nella 19.a tappa della 109.a edizione \u00e8 stato lo statunitense Sepp Kuss, davanti a Derek Gee e Giulio Ciccone. Kuss, corridore del Team Visma-Lease a Bike, ha conquistato negli ultimi 2 km sulla temuta salita dei Piani di Pezz\u00e8 una tappa durissima, che aveva visto un grande Ciccone provarci fino all\u2019ultimo, in maglia \u201cazzurra\u201d di miglior scalatore. Rimane saldamente in maglia rosa Jonas Vingegaard, che mantiene un vantaggio di oltre 4 minuti a due tappe dal termine.<\/p>\n<p>Il pubblico di Alleghe \u00e8 stato chiamato e ha risposto presente, portando un calore capace di trasformare il paese bellunese e i Piani di Pezz\u00e8, \u201cMontagna Pantani\u201d di questa edizione, in un tripudio rosa memorabile che ha visto la presenza di grandi nomi tra cui un acclamatissimo Vincenzo Nibali. In oltre 15.000 da tutta Italia e dall\u2019estero, hanno assistito agli appassionanti chilometri conclusivi di una delle tappe pi\u00f9 attese, con oltre 8.000 presenze nella zona d\u2019arrivo, di cui in 6.000 hanno usufruito in tutta comodit\u00e0 della cabinovia da Alleghe, generalmente utilizzata da appassionati di sport invernali ed estivi durante tutto l\u2019anno. La giornata si \u00e8 dunque rivelata un successo, con tanto entusiasmo generato anche dai numerosi eventi proposti: Intorno alle 10 l\u2019Alleghe Summer Eco Tour ha aperto le sue attivit\u00e0 a tutti i curiosi, mentre il Piterpan Radio Truck ha iniziato a scatenarsi con musica e DJ set senza sosta.<\/p>\n<p>Durante tutto il mese che ha preceduto l\u2019arrivo ad Alleghe, il Comitato di Tappa ha messo in scena numerosi appuntamenti originali e coinvolgenti a tema Giro, proseguiti anche ieri, alla vigilia dall\u2019arrivo di tappa, con l\u2019Alleghe Summer Eco Tour, divertente mattinata formativa che ha accolto quasi 300 giovani studenti dagli istituti di Alleghe, Rocca Pietore, Selva di Cadore, Colle Santa Lucia, Cencenighe e Arabba. In serata, in centinaia tra giovani e adulti hanno invece popolato la Palestra Comunale di Caprile di Alleghe con la Notte Rosa, partendo con il Pink Ice Party realizzato da Alleghe Hockey, e DJ set targati Radio Piterpan, proseguendo poi con l\u2019elettrizzante \u201cPiterpan Pink Power\u201d.<\/p>\n<p>Grande soddisfazione da parte del sindaco di Alleghe Danilo De Toni, che ha raccontato una giornata speciale per il territorio e i suoi abitanti: \u201cCinquant&#8217;anni dopo Alleghe torna ad ospitare un arrivo di tappa. Il traguardo ai Piani di Pezz\u00e9 rievoca il ricordo di Marco Pantani e di quel 26 giugno del &#8217;92. \u00c9 un appuntamento che auspicavamo da anni, lo desideravano in tantissimi ciclisti e vederlo finalmente avverarsi \u00e8 davvero speciale. Abbiamo lavorato in collaborazione con la Regione, con la Provincia e i Comuni confinanti, \u00e8 stata la giornata che sognavamo.\u201d<\/p>\n<p>La giornata si \u00e8 rivelata un successo di pubblico e di passione, come sottolinea il presidente di Alleghe Funivie Spa Sergio Pr\u00e0: \u201c\u00c8 un grande successo, ci sono state tantissime persone che hanno mostrato tutto il loro supporto. Sapevamo che sarebbe stato un evento prestigioso, ma \u00e8 stato amplificato ancora di pi\u00f9 da tutte queste presenze. I Piani di Pezz\u00e8 sono al centro del comprensorio del Civetta, dove partono i nostri 28 impianti e 80 km di piste. Anche d\u2019estate \u00e8 un punto strategico per tutte le passeggiate e le pedalate su due ruote. Siamo molto contenti, pi\u00f9 di cos\u00ec non potevamo chiedere\u201d.<\/p>\n<p>Lucas Pavanetto, vicepresidente della Regione Veneto e Assessore al Turismo: \u201cQuesta 19.a tappa rappresenta la conoscenza di un territorio molto vasto. Abbiamo visto con Ca&#8217; del Poggio e con Pieve di Soligo ieri, e oggi lo vediamo qui ad Alleghe, ai Piani di Pezz\u00e8, proprio per dimostrare che il Veneto sa essere terra non solo di conoscenza e di tradizioni, ma anche di un turismo di relax, di sport e soprattutto di famiglie, un turismo a 360 gradi.\u201d<\/p>\n<p>Elisa Calcamuggi, responsabile marketing e comunicazione della Fondazione DMO Dolomiti Bellunesi: &#8220;Non potevamo chiedere di meglio, il tempo \u00e8 stato dalla nostra parte e in queste situazioni \u00e8 la prima chiave di tutto il successo di una scelta economica, perch\u00e9 decidere di ospitare una tappa del Giro d&#8217;Italia \u00e8 una decisione che arriva per tanti motivi, ma \u00e8 un impegno economico davvero importante, per la rilevanza dell&#8217;evento e l&#8217;eco che si ha rispetto alla promozione del territorio. Oggi erano collegati oltre 200 Paesi nel mondo, che in diretta TV hanno potuto apprezzare la bellezza delle Dolomiti bellunesi. Oltre a chi ha assistito in televisione, possiamo contare anche su tutte le interazioni digitali, perch\u00e9 ormai il web rappresenta un veicolo importantissimo. Abbiamo visto il pubblico affollare tutto il tragitto da Feltre fino ai Piani di Pezz\u00e8, un fiume di persone che ha unito i nostri paesi e i comuni bellunesi addobbati a festa, quindi siamo veramente soddisfatti di questa scelta. Ma siamo anche molto contenti di ospitare due tappe del Giro femminile di quest&#8217;anno, che saranno il 2 giugno con la cronoscalata Belluno-Neveg\u00e0l e il 3 giugno con la Longarone-S. Stefano di Cadore.\u201d<\/p>\n<p>Marco Staunovo Polacco, presidente della Provincia di Belluno: \u201cC&#8217;\u00e8 stata un&#8217;organizzazione stupenda, tantissima gente, una bella giornata e un posto incantevole, quindi credo che meglio di cos\u00ec la provincia di Belluno non potesse offrire. Dalla partenza da Feltre fino all&#8217;arrivo ad Alleghe, devo dire che la Provincia di Belluno \u00e8 stata rappresentata in modo impeccabile\u201d.<\/p>\n<p>&nbsp;<\/p>\n<p><strong>Premiati i vincitori del concorso &#8220;Alleghe in Rosa&#8221;: Addobba la tua Casa per il Giro!<\/strong><\/p>\n<p>Non solo tanti eventi di contorno, tra i diversi concorsi proposti per la speciale occasione, uno dei pi\u00f9 attesi invitava tutti i cittadini a trasformare il borgo in un palcoscenico a cielo aperto, addobbando con originalit\u00e0 le proprie abitazioni. Prima dell\u2019arrivo dei corridori, sul palco del Giro sono stati premiati, al fianco del sindaco Danilo De Toni, Morena Stefanon, Consigliere comunale con delega allo sport e di Giovanna Case, Consigliere per il Turismo, Giuliano De Biasio e la figlia Silvia, che hanno raccontato: \u201cCi abbiamo lavorato per circa una settimana, \u00e8 stato bello mettersi in gioco provando a decorare casa nostra nel modo pi\u00f9 originale\u201d.<\/p>\n<p>&nbsp;<\/p>","protected":false},"excerpt":{"rendered":"<p>Tripudio di passione e partecipazione ad Alleghe per l\u2019arrivo della tappa del 109\u00b0 Giro d\u2019Italia Tra Alleghe e la zona d\u2019arrivo ai Piani di Pezz\u00e8 in 15.000 in una speciale giornata di sole Applausi per il vincitore Kuss (USA), Vingegaard (DAN) rimane in rosa e ipoteca il Giro Entusiasta il sindaco De Toni: \u201cLa giornata [&hellip;]<\/p>\n","protected":false},"author":2,"featured_media":170589,"comment_status":"closed","ping_status":"open","sticky":false,"template":"","format":"standard","meta":{"footnotes":""},"categories":[26,8,4],"tags":[],"class_list":["post-170588","post","type-post","status-publish","format-standard","has-post-thumbnail","category-prima-pagina","category-societa-istituzioni","category-sport"],"yoast_head":"<!-- This site is optimized with the Yoast SEO plugin v28.4 - https:\/\/yoast.com\/product\/yoast-seo-wordpress\/ -->\n<title>Alleghe in rosa, spettacolo sulle Dolomiti Bellunesi - Bellunopress - Dolomiti<\/title>\n<meta name=\"robots\" content=\"index, follow, max-snippet:-1, max-image-preview:large, max-video-preview:-1\" \/>\n<link rel=\"canonical\" href=\"https:\/\/www.bellunopress.it\/fr\/2026\/05\/29\/alleghe-in-rosa-spettacolo-sulle-dolomiti-bellunesi\/\" \/>\n<meta property=\"og:locale\" content=\"fr_FR\" \/>\n<meta property=\"og:type\" content=\"article\" \/>\n<meta property=\"og:title\" content=\"Alleghe in rosa, spettacolo sulle Dolomiti Bellunesi - Bellunopress - Dolomiti\" \/>\n<meta property=\"og:description\" content=\"Tripudio di passione e partecipazione ad Alleghe per l\u2019arrivo della tappa del 109\u00b0 Giro d\u2019Italia Tra Alleghe e la zona d\u2019arrivo ai Piani di Pezz\u00e8 in 15.000 in una speciale giornata di sole Applausi per il vincitore Kuss (USA), Vingegaard (DAN) rimane in rosa e ipoteca il Giro Entusiasta il sindaco De Toni: \u201cLa giornata [&hellip;]\" \/>\n<meta property=\"og:url\" content=\"https:\/\/www.bellunopress.it\/fr\/2026\/05\/29\/alleghe-in-rosa-spettacolo-sulle-dolomiti-bellunesi\/\" \/>\n<meta property=\"og:site_name\" content=\"Bellunopress - Dolomiti\" \/>\n<meta property=\"article:publisher\" content=\"https:\/\/www.facebook.com\/profile.php?id=100008943462799\" \/>\n<meta property=\"article:published_time\" content=\"2026-05-29T18:26:35+00:00\" \/>\n<meta property=\"og:image\" content=\"https:\/\/www.bellunopress.it\/wp-content\/uploads\/2026\/05\/Giro-dItalia-Alleghe-29-05-2026.jpg\" \/>\n\t<meta property=\"og:image:width\" content=\"500\" \/>\n\t<meta property=\"og:image:height\" content=\"296\" \/>\n\t<meta property=\"og:image:type\" content=\"image\/jpeg\" \/>\n<meta name=\"author\" content=\"redazione\" \/>\n<meta name=\"twitter:card\" content=\"summary_large_image\" \/>\n<meta name=\"twitter:creator\" content=\"@bellunopress\" \/>\n<meta name=\"twitter:site\" content=\"@bellunopress\" \/>\n<meta name=\"twitter:label1\" content=\"\u00c9crit par\" \/>\n\t<meta name=\"twitter:data1\" content=\"redazione\" \/>\n\t<meta name=\"twitter:label2\" content=\"Dur\u00e9e de lecture estim\u00e9e\" \/>\n\t<meta name=\"twitter:data2\" content=\"6 minutes\" \/>\n<script type=\"application\/ld+json\" class=\"yoast-schema-graph\">{\"@context\":\"https:\\\/\\\/schema.org\",\"@graph\":[{\"@type\":\"Article\",\"@id\":\"https:\\\/\\\/www.bellunopress.it\\\/2026\\\/05\\\/29\\\/alleghe-in-rosa-spettacolo-sulle-dolomiti-bellunesi\\\/#article\",\"isPartOf\":{\"@id\":\"https:\\\/\\\/www.bellunopress.it\\\/2026\\\/05\\\/29\\\/alleghe-in-rosa-spettacolo-sulle-dolomiti-bellunesi\\\/\"},\"author\":{\"name\":\"redazione\",\"@id\":\"https:\\\/\\\/www.bellunopress.it\\\/#\\\/schema\\\/person\\\/79bb06722b37ece1c03d3e94beb30d73\"},\"headline\":\"Alleghe in rosa, spettacolo sulle Dolomiti Bellunesi\",\"datePublished\":\"2026-05-29T18:26:35+00:00\",\"mainEntityOfPage\":{\"@id\":\"https:\\\/\\\/www.bellunopress.it\\\/2026\\\/05\\\/29\\\/alleghe-in-rosa-spettacolo-sulle-dolomiti-bellunesi\\\/\"},\"wordCount\":1090,\"publisher\":{\"@id\":\"https:\\\/\\\/www.bellunopress.it\\\/#organization\"},\"image\":{\"@id\":\"https:\\\/\\\/www.bellunopress.it\\\/2026\\\/05\\\/29\\\/alleghe-in-rosa-spettacolo-sulle-dolomiti-bellunesi\\\/#primaryimage\"},\"thumbnailUrl\":\"https:\\\/\\\/www.bellunopress.it\\\/wp-content\\\/uploads\\\/2026\\\/05\\\/Giro-dItalia-Alleghe-29-05-2026.jpg\",\"articleSection\":[\"Prima Pagina\",\"Societ\u00e0, Associazioni, Istituzioni\",\"Sport, tempo libero\"],\"inLanguage\":\"fr-FR\"},{\"@type\":\"WebPage\",\"@id\":\"https:\\\/\\\/www.bellunopress.it\\\/2026\\\/05\\\/29\\\/alleghe-in-rosa-spettacolo-sulle-dolomiti-bellunesi\\\/\",\"url\":\"https:\\\/\\\/www.bellunopress.it\\\/2026\\\/05\\\/29\\\/alleghe-in-rosa-spettacolo-sulle-dolomiti-bellunesi\\\/\",\"name\":\"Alleghe in rosa, spettacolo sulle Dolomiti Bellunesi - Bellunopress - Dolomiti\",\"isPartOf\":{\"@id\":\"https:\\\/\\\/www.bellunopress.it\\\/#website\"},\"primaryImageOfPage\":{\"@id\":\"https:\\\/\\\/www.bellunopress.it\\\/2026\\\/05\\\/29\\\/alleghe-in-rosa-spettacolo-sulle-dolomiti-bellunesi\\\/#primaryimage\"},\"image\":{\"@id\":\"https:\\\/\\\/www.bellunopress.it\\\/2026\\\/05\\\/29\\\/alleghe-in-rosa-spettacolo-sulle-dolomiti-bellunesi\\\/#primaryimage\"},\"thumbnailUrl\":\"https:\\\/\\\/www.bellunopress.it\\\/wp-content\\\/uploads\\\/2026\\\/05\\\/Giro-dItalia-Alleghe-29-05-2026.jpg\",\"datePublished\":\"2026-05-29T18:26:35+00:00\",\"breadcrumb\":{\"@id\":\"https:\\\/\\\/www.bellunopress.it\\\/2026\\\/05\\\/29\\\/alleghe-in-rosa-spettacolo-sulle-dolomiti-bellunesi\\\/#breadcrumb\"},\"inLanguage\":\"fr-FR\",\"potentialAction\":[{\"@type\":\"ReadAction\",\"target\":[\"https:\\\/\\\/www.bellunopress.it\\\/2026\\\/05\\\/29\\\/alleghe-in-rosa-spettacolo-sulle-dolomiti-bellunesi\\\/\"]}]},{\"@type\":\"ImageObject\",\"inLanguage\":\"fr-FR\",\"@id\":\"https:\\\/\\\/www.bellunopress.it\\\/2026\\\/05\\\/29\\\/alleghe-in-rosa-spettacolo-sulle-dolomiti-bellunesi\\\/#primaryimage\",\"url\":\"https:\\\/\\\/www.bellunopress.it\\\/wp-content\\\/uploads\\\/2026\\\/05\\\/Giro-dItalia-Alleghe-29-05-2026.jpg\",\"contentUrl\":\"https:\\\/\\\/www.bellunopress.it\\\/wp-content\\\/uploads\\\/2026\\\/05\\\/Giro-dItalia-Alleghe-29-05-2026.jpg\",\"width\":500,\"height\":296},{\"@type\":\"BreadcrumbList\",\"@id\":\"https:\\\/\\\/www.bellunopress.it\\\/2026\\\/05\\\/29\\\/alleghe-in-rosa-spettacolo-sulle-dolomiti-bellunesi\\\/#breadcrumb\",\"itemListElement\":[{\"@type\":\"ListItem\",\"position\":1,\"name\":\"Home\",\"item\":\"https:\\\/\\\/www.bellunopress.it\\\/\"},{\"@type\":\"ListItem\",\"position\":2,\"name\":\"Alleghe in rosa, spettacolo sulle Dolomiti Bellunesi\"}]},{\"@type\":\"WebSite\",\"@id\":\"https:\\\/\\\/www.bellunopress.it\\\/#website\",\"url\":\"https:\\\/\\\/www.bellunopress.it\\\/\",\"name\":\"Bellunopress - Dolomiti\",\"description\":\"e-mail: redazione@bellunopress.it\",\"publisher\":{\"@id\":\"https:\\\/\\\/www.bellunopress.it\\\/#organization\"},\"potentialAction\":[{\"@type\":\"SearchAction\",\"target\":{\"@type\":\"EntryPoint\",\"urlTemplate\":\"https:\\\/\\\/www.bellunopress.it\\\/?s={search_term_string}\"},\"query-input\":{\"@type\":\"PropertyValueSpecification\",\"valueRequired\":true,\"valueName\":\"search_term_string\"}}],\"inLanguage\":\"fr-FR\"},{\"@type\":\"Organization\",\"@id\":\"https:\\\/\\\/www.bellunopress.it\\\/#organization\",\"name\":\"Bellunopress\",\"url\":\"https:\\\/\\\/www.bellunopress.it\\\/\",\"logo\":{\"@type\":\"ImageObject\",\"inLanguage\":\"fr-FR\",\"@id\":\"https:\\\/\\\/www.bellunopress.it\\\/#\\\/schema\\\/logo\\\/image\\\/\",\"url\":\"https:\\\/\\\/www.bellunopress.it\\\/wp-content\\\/uploads\\\/2011\\\/05\\\/cropped-logo-bellunopress-.jpg\",\"contentUrl\":\"https:\\\/\\\/www.bellunopress.it\\\/wp-content\\\/uploads\\\/2011\\\/05\\\/cropped-logo-bellunopress-.jpg\",\"width\":512,\"height\":512,\"caption\":\"Bellunopress\"},\"image\":{\"@id\":\"https:\\\/\\\/www.bellunopress.it\\\/#\\\/schema\\\/logo\\\/image\\\/\"},\"sameAs\":[\"https:\\\/\\\/www.facebook.com\\\/profile.php?id=100008943462799\",\"https:\\\/\\\/x.com\\\/bellunopress\",\"https:\\\/\\\/www.linkedin.com\\\/hp\\\/?dnr=JBzUWaJfMUw8vbXJJ2tVW5-I3jZKvC4wsoxE&amp;amp;amp;amp;amp;amp;trk=nav_responsive_tab_home\",\"https:\\\/\\\/www.youtube.com\\\/channel\\\/UCxL0wu1uN0_3_7hGG0306cw\"]},{\"@type\":\"Person\",\"@id\":\"https:\\\/\\\/www.bellunopress.it\\\/#\\\/schema\\\/person\\\/79bb06722b37ece1c03d3e94beb30d73\",\"name\":\"redazione\",\"image\":{\"@type\":\"ImageObject\",\"inLanguage\":\"fr-FR\",\"@id\":\"https:\\\/\\\/secure.gravatar.com\\\/avatar\\\/37d968a2e67a6fd04c169c4bdef102d0bc5d31b2546345219e348575eb80e9a0?s=96&d=mm&r=g\",\"url\":\"https:\\\/\\\/secure.gravatar.com\\\/avatar\\\/37d968a2e67a6fd04c169c4bdef102d0bc5d31b2546345219e348575eb80e9a0?s=96&d=mm&r=g\",\"contentUrl\":\"https:\\\/\\\/secure.gravatar.com\\\/avatar\\\/37d968a2e67a6fd04c169c4bdef102d0bc5d31b2546345219e348575eb80e9a0?s=96&d=mm&r=g\",\"caption\":\"redazione\"},\"sameAs\":[\"http:\\\/\\\/www.bellunopress.it\",\"https:\\\/\\\/x.com\\\/bellunopress\"],\"url\":\"https:\\\/\\\/www.bellunopress.it\\\/fr\\\/author\\\/redazione\\\/\"}]}<\/script>\n<!-- \/ Yoast SEO plugin. -->","yoast_head_json":{"title":"Alleghe in rosa, spettacolo sulle Dolomiti Bellunesi - Bellunopress - Dolomiti","robots":{"index":"index","follow":"follow","max-snippet":"max-snippet:-1","max-image-preview":"max-image-preview:large","max-video-preview":"max-video-preview:-1"},"canonical":"https:\/\/www.bellunopress.it\/fr\/2026\/05\/29\/alleghe-in-rosa-spettacolo-sulle-dolomiti-bellunesi\/","og_locale":"fr_FR","og_type":"article","og_title":"Alleghe in rosa, spettacolo sulle Dolomiti Bellunesi - Bellunopress - Dolomiti","og_description":"Tripudio di passione e partecipazione ad Alleghe per l\u2019arrivo della tappa del 109\u00b0 Giro d\u2019Italia Tra Alleghe e la zona d\u2019arrivo ai Piani di Pezz\u00e8 in 15.000 in una speciale giornata di sole Applausi per il vincitore Kuss (USA), Vingegaard (DAN) rimane in rosa e ipoteca il Giro Entusiasta il sindaco De Toni: \u201cLa giornata [&hellip;]","og_url":"https:\/\/www.bellunopress.it\/fr\/2026\/05\/29\/alleghe-in-rosa-spettacolo-sulle-dolomiti-bellunesi\/","og_site_name":"Bellunopress - Dolomiti","article_publisher":"https:\/\/www.facebook.com\/profile.php?id=100008943462799","article_published_time":"2026-05-29T18:26:35+00:00","og_image":[{"width":500,"height":296,"url":"https:\/\/www.bellunopress.it\/wp-content\/uploads\/2026\/05\/Giro-dItalia-Alleghe-29-05-2026.jpg","type":"image\/jpeg"}],"author":"redazione","twitter_card":"summary_large_image","twitter_creator":"@bellunopress","twitter_site":"@bellunopress","twitter_misc":{"\u00c9crit par":"redazione","Dur\u00e9e de lecture estim\u00e9e":"6 minutes"},"schema":{"@context":"https:\/\/schema.org","@graph":[{"@type":"Article","@id":"https:\/\/www.bellunopress.it\/2026\/05\/29\/alleghe-in-rosa-spettacolo-sulle-dolomiti-bellunesi\/#article","isPartOf":{"@id":"https:\/\/www.bellunopress.it\/2026\/05\/29\/alleghe-in-rosa-spettacolo-sulle-dolomiti-bellunesi\/"},"author":{"name":"redazione","@id":"https:\/\/www.bellunopress.it\/#\/schema\/person\/79bb06722b37ece1c03d3e94beb30d73"},"headline":"Alleghe in rosa, spettacolo sulle Dolomiti Bellunesi","datePublished":"2026-05-29T18:26:35+00:00","mainEntityOfPage":{"@id":"https:\/\/www.bellunopress.it\/2026\/05\/29\/alleghe-in-rosa-spettacolo-sulle-dolomiti-bellunesi\/"},"wordCount":1090,"publisher":{"@id":"https:\/\/www.bellunopress.it\/#organization"},"image":{"@id":"https:\/\/www.bellunopress.it\/2026\/05\/29\/alleghe-in-rosa-spettacolo-sulle-dolomiti-bellunesi\/#primaryimage"},"thumbnailUrl":"https:\/\/www.bellunopress.it\/wp-content\/uploads\/2026\/05\/Giro-dItalia-Alleghe-29-05-2026.jpg","articleSection":["Prima Pagina","Societ\u00e0, Associazioni, Istituzioni","Sport, tempo libero"],"inLanguage":"fr-FR"},{"@type":"WebPage","@id":"https:\/\/www.bellunopress.it\/2026\/05\/29\/alleghe-in-rosa-spettacolo-sulle-dolomiti-bellunesi\/","url":"https:\/\/www.bellunopress.it\/2026\/05\/29\/alleghe-in-rosa-spettacolo-sulle-dolomiti-bellunesi\/","name":"Alleghe in rosa, spettacolo sulle Dolomiti Bellunesi - Bellunopress - Dolomiti","isPartOf":{"@id":"https:\/\/www.bellunopress.it\/#website"},"primaryImageOfPage":{"@id":"https:\/\/www.bellunopress.it\/2026\/05\/29\/alleghe-in-rosa-spettacolo-sulle-dolomiti-bellunesi\/#primaryimage"},"image":{"@id":"https:\/\/www.bellunopress.it\/2026\/05\/29\/alleghe-in-rosa-spettacolo-sulle-dolomiti-bellunesi\/#primaryimage"},"thumbnailUrl":"https:\/\/www.bellunopress.it\/wp-content\/uploads\/2026\/05\/Giro-dItalia-Alleghe-29-05-2026.jpg","datePublished":"2026-05-29T18:26:35+00:00","breadcrumb":{"@id":"https:\/\/www.bellunopress.it\/2026\/05\/29\/alleghe-in-rosa-spettacolo-sulle-dolomiti-bellunesi\/#breadcrumb"},"inLanguage":"fr-FR","potentialAction":[{"@type":"ReadAction","target":["https:\/\/www.bellunopress.it\/2026\/05\/29\/alleghe-in-rosa-spettacolo-sulle-dolomiti-bellunesi\/"]}]},{"@type":"ImageObject","inLanguage":"fr-FR","@id":"https:\/\/www.bellunopress.it\/2026\/05\/29\/alleghe-in-rosa-spettacolo-sulle-dolomiti-bellunesi\/#primaryimage","url":"https:\/\/www.bellunopress.it\/wp-content\/uploads\/2026\/05\/Giro-dItalia-Alleghe-29-05-2026.jpg","contentUrl":"https:\/\/www.bellunopress.it\/wp-content\/uploads\/2026\/05\/Giro-dItalia-Alleghe-29-05-2026.jpg","width":500,"height":296},{"@type":"BreadcrumbList","@id":"https:\/\/www.bellunopress.it\/2026\/05\/29\/alleghe-in-rosa-spettacolo-sulle-dolomiti-bellunesi\/#breadcrumb","itemListElement":[{"@type":"ListItem","position":1,"name":"Home","item":"https:\/\/www.bellunopress.it\/"},{"@type":"ListItem","position":2,"name":"Alleghe in rosa, spettacolo sulle Dolomiti Bellunesi"}]},{"@type":"WebSite","@id":"https:\/\/www.bellunopress.it\/#website","url":"https:\/\/www.bellunopress.it\/","name":"Bellunopress - Dolomiti","description":"e-mail: redazione@bellunopress.it","publisher":{"@id":"https:\/\/www.bellunopress.it\/#organization"},"potentialAction":[{"@type":"SearchAction","target":{"@type":"EntryPoint","urlTemplate":"https:\/\/www.bellunopress.it\/?s={search_term_string}"},"query-input":{"@type":"PropertyValueSpecification","valueRequired":true,"valueName":"search_term_string"}}],"inLanguage":"fr-FR"},{"@type":"Organization","@id":"https:\/\/www.bellunopress.it\/#organization","name":"Bellunopress","url":"https:\/\/www.bellunopress.it\/","logo":{"@type":"ImageObject","inLanguage":"fr-FR","@id":"https:\/\/www.bellunopress.it\/#\/schema\/logo\/image\/","url":"https:\/\/www.bellunopress.it\/wp-content\/uploads\/2011\/05\/cropped-logo-bellunopress-.jpg","contentUrl":"https:\/\/www.bellunopress.it\/wp-content\/uploads\/2011\/05\/cropped-logo-bellunopress-.jpg","width":512,"height":512,"caption":"Bellunopress"},"image":{"@id":"https:\/\/www.bellunopress.it\/#\/schema\/logo\/image\/"},"sameAs":["https:\/\/www.facebook.com\/profile.php?id=100008943462799","https:\/\/x.com\/bellunopress","https:\/\/www.linkedin.com\/hp\/?dnr=JBzUWaJfMUw8vbXJJ2tVW5-I3jZKvC4wsoxE&amp;amp;amp;amp;amp;amp;trk=nav_responsive_tab_home","https:\/\/www.youtube.com\/channel\/UCxL0wu1uN0_3_7hGG0306cw"]},{"@type":"Person","@id":"https:\/\/www.bellunopress.it\/#\/schema\/person\/79bb06722b37ece1c03d3e94beb30d73","name":"r\u00e9daction","image":{"@type":"ImageObject","inLanguage":"fr-FR","@id":"https:\/\/secure.gravatar.com\/avatar\/37d968a2e67a6fd04c169c4bdef102d0bc5d31b2546345219e348575eb80e9a0?s=96&d=mm&r=g","url":"https:\/\/secure.gravatar.com\/avatar\/37d968a2e67a6fd04c169c4bdef102d0bc5d31b2546345219e348575eb80e9a0?s=96&d=mm&r=g","contentUrl":"https:\/\/secure.gravatar.com\/avatar\/37d968a2e67a6fd04c169c4bdef102d0bc5d31b2546345219e348575eb80e9a0?s=96&d=mm&r=g","caption":"redazione"},"sameAs":["http:\/\/www.bellunopress.it","https:\/\/x.com\/bellunopress"],"url":"https:\/\/www.bellunopress.it\/fr\/author\/redazione\/"}]}},"_links":{"self":[{"href":"https:\/\/www.bellunopress.it\/fr\/wp-json\/wp\/v2\/posts\/170588","targetHints":{"allow":["GET"]}}],"collection":[{"href":"https:\/\/www.bellunopress.it\/fr\/wp-json\/wp\/v2\/posts"}],"about":[{"href":"https:\/\/www.bellunopress.it\/fr\/wp-json\/wp\/v2\/types\/post"}],"author":[{"embeddable":true,"href":"https:\/\/www.bellunopress.it\/fr\/wp-json\/wp\/v2\/users\/2"}],"replies":[{"embeddable":true,"href":"https:\/\/www.bellunopress.it\/fr\/wp-json\/wp\/v2\/comments?post=170588"}],"version-history":[{"count":1,"href":"https:\/\/www.bellunopress.it\/fr\/wp-json\/wp\/v2\/posts\/170588\/revisions"}],"predecessor-version":[{"id":170590,"href":"https:\/\/www.bellunopress.it\/fr\/wp-json\/wp\/v2\/posts\/170588\/revisions\/170590"}],"wp:featuredmedia":[{"embeddable":true,"href":"https:\/\/www.bellunopress.it\/fr\/wp-json\/wp\/v2\/media\/170589"}],"wp:attachment":[{"href":"https:\/\/www.bellunopress.it\/fr\/wp-json\/wp\/v2\/media?parent=170588"}],"wp:term":[{"taxonomy":"category","embeddable":true,"href":"https:\/\/www.bellunopress.it\/fr\/wp-json\/wp\/v2\/categories?post=170588"},{"taxonomy":"post_tag","embeddable":true,"href":"https:\/\/www.bellunopress.it\/fr\/wp-json\/wp\/v2\/tags?post=170588"}],"curies":[{"name":"wp","href":"https:\/\/api.w.org\/{rel}","templated":true}]}}