{"id":170572,"date":"2026-05-29T14:04:54","date_gmt":"2026-05-29T12:04:54","guid":{"rendered":"https:\/\/www.bellunopress.it\/?p=170572"},"modified":"2026-05-29T14:04:54","modified_gmt":"2026-05-29T12:04:54","slug":"giro-ditalia-il-giorno-del-tappone-dolomitico-feltre-alleghe","status":"publish","type":"post","link":"https:\/\/www.bellunopress.it\/fr\/2026\/05\/29\/giro-ditalia-il-giorno-del-tappone-dolomitico-feltre-alleghe\/","title":{"rendered":"Giro d&#8217;Italia, il giorno del tappone dolomitico Feltre-Alleghe"},"content":{"rendered":"<p><i>l gruppo \u00e8 atteso da 5 mila metri di dislivello raccolti in 151 km di tappa, con arrivo a Alleghe (Piani di Pezz\u00e8) e scalate di cime mitiche come il Passo Giau (Cima Coppi) e Passo Falzarego. Diretta tv dalle 12.20 su Rai Sport HD per proseguire dalle 14 su Rai 2.\u00a0Diretta integrale su Eurosport, Discovery+, e HBO Max.<\/i><\/p>\n<p>Feltre, 29 maggio 2026 &#8211; \u00c8 il giorno dell&#8217;attesissima tappa dolomitica: da Feltre a Alleghe (Piani di Pezz\u00e8) per 151 km, con 5 mila metri di dislivello. Passo Duran, Coi, Forcella Staulanza, Passo Giau (Cima Coppi) e Passo Falzarego precedono la breve ma impegnativa scalata finale ai Piani di Pezz\u00e8 (5 km al 9,6%).<\/p>\n<p>Il gruppo, forte di 154 unit\u00e0, \u00e8 transitato al KM 0 alle 12.57. Non sono partiti i dorsali n\u00b0 46 James Shaw (EF Education-EasyPost) e n\u00b047 Michael Valgren (EF Education-EasyPost).<\/p>\n<p>Il live della corsa \u00e8 disponibile all&#8217;indirizzo <a href=\"https:\/\/www.giroditalia.it\/livehub\/\">https:\/\/www.giroditalia.it\/livehub\/<\/a>.<\/p>\n<p>&nbsp;<\/p>\n<p>CLASSIFICA GENERALE<br \/>\n1 &#8211; Jonas Vingegaard (Team Visma | Lease a Bike)<br \/>\n2 &#8211; Felix Gall (Decathlon CMA CGM Team) a 4&#8217;03&#8221;<br \/>\n3 &#8211; Thymen Arensman (Netcompany Ineos) a 4&#8217;27&#8221;<\/p>\n<p>&nbsp;<\/p>\n<p><strong>LE MAGLIE UFFICIALI<\/strong><\/p>\n<p>Le maglie di leader del Giro d&#8217;Italia sono disegnate da CASTELLI<\/p>\n<p>Maglia Rosa, leader della Classifica Generale, sponsorizzata Io Sono Friuli Venezia Giulia &#8211; Jonas Vingegaard (Team Visma | Lease a Bike)<br \/>\nMaglia Ciclamino, leader della Classifica a Punti, in collaborazione con ITA &#8211; Italian Trade Agency &#8211; Paul Magnier (Soudal Quick-Step)<br \/>\nMaglia Azzurra, leader del Gran Premio della Montagna, sponsorizzata Banca Mediolanum &#8211; Jonas Vingegaard (Team Visma | Lease a Bike) &#8211; indossata da Giulio Ciccone (Lidl-Trek)<br \/>\nMaglia Bianca, leader della Classifica dei Giovani, nati dopo il 01\/01\/2001, sponsorizzata Conad &#8211; Afonso Eul\u00e1lio (Bahrain Victorious).<\/p>\n<p><strong>Percorso<\/strong><\/p>\n<p>Tappone dolomitico fatto di sole salite e discese. Dopo un breve avvicinamento gli ultimi 100 km contengono l&#8217;intero dislivello di circa 5000 m. Si scalano in sequenza, senza nessun tratto di riposo: il Passo Duran (max 14%), Coi (max 19%), Forcella Staulanza (max 10%), il Passo Giau (Cima Coppi max 14%), il Passo Falzarego (max 10%) e infine i 5 km che portano all&#8217;arrivo di Piani di Pezz\u00e8.<\/p>\n<p><strong>Ultimi km<\/strong><\/p>\n<p>Ultimi 5 km costantemente attorno al 10% con la parte centrale che tocca i massimi del 15%. Salita con carreggiata stretta, tortuosa caratterizzata da 8 tornanti e numerose semicurve di raccordo. Ultimo chilometro tutto attorno all&#8217;11%.<\/p>\n<p>&nbsp;<\/p>\n<p><strong>STATISTICHE<\/strong><\/p>\n<p>Feltre ospita una partenza per la 5\u00aa volta, la prima dal 2019: all&#8217;arrivo sul Croce d&#8217;Aune vinse Pello Bilbao.<br \/>\nSecondo arrivo ad Alleghe dopo Pordenone \u2013 Alleghe del 1975, vinta da Roger De Vlaeminck.<br \/>\nIl Giro ha visto il cambio del leader finale alla 19\u00aa tappa cinque volte: nel 1953, 1956, 1963, 2010 e 2018.<br \/>\nIl Passo Duran viene affrontato per la 9\u00aa volta nella storia. L&#8217;ultimo a conquistare il GPM qui fu Matteo Rabottini nel 2012.<br \/>\nLa Forcella Staulanza \u00e8 GPM per la 12\u00aa volta, la prima dal 2012, quando il vincitore del GPM fu Francesco Failli.<br \/>\nIl Passo Giau viene scalato per l&#8217;11\u00aa volta, la terza in questo decennio dopo il 2021 (vincitore GPM Egan Bernal) e il 2023 (Derek Gee).<br \/>\nIl Passo Falzarego \u00e8 GPM al Giro per la 21\u00aa volta, la prima dal 2008 (Emanuele Sella).<br \/>\nIl Passo Giau \u00e8 Cima Coppi per la 4\u00aa volta dopo il 1973 (Jos\u00e9 Manuel Fuente), il 2011 (Stefano Garzelli) e il 2021 (Egan Bernal).<\/p>\n<p>COPERTURA TV<\/p>\n<p>IN ITALIA<\/p>\n<p>Come di consueto, RAI racconter\u00e0 in chiaro al pubblico nazionale ogni giorno di gara. La giornata televisiva inizier\u00e0 su Rai Sport HD per seguire il momento della partenza della tappa fino alle 14:00. Per la parte clou della programmazione il palinsesto della Corsa Rosa si trasferisce su Rai 2, con &#8220;Giro in Diretta&#8221; fino alle 16:15 e &#8220;Giro all&#8217;Arrivo&#8221; immediatamente a seguire. Dopo l&#8217;arrivo, le tradizionali analisi del dopo gara del Processo alla Tappa, generalmente della durata di 45 minuti, senza necessit\u00e0 di cambiare canale. Completano il quadro tecnico-sportivo su Rai Sport HD il &#8220;TGiro&#8221;, a partire dalle 20:00, con interviste, cronaca e commenti, e &#8220;Ri-Giro&#8221;, alle 00:00, in cui gli appassionati pi\u00f9 irriducibili verranno presi per mano nella ricostruzione momento per momento delle fasi salienti della tappa. Inoltre, la corsa sar\u00e0 trasmessa in diretta integrale anche su Eurosport e sulle piattaforme on demand Discovery+ e HBO Max.<\/p>\n<p>&nbsp;<\/p>\n<p>NEL MONDO<\/p>\n<p>In Europa, la distribuzione \u00e8 affidata principalmente a Warner Bros. Discovery, con una copertura completa su Eurosport e sulle piattaforme streaming HBO Max e Discovery+. In Gran Bretagna la piattaforma di riferimento sar\u00e0 TNT Sports. In diversi mercati nazionali, il Giro sar\u00e0 visibile anche su emittenti free-to-air, ampliando ulteriormente il pubblico potenziale. La Corsa Rosa andr\u00e0 in diretta in Spagna, su EITB, e in Svizzera, su SRG, mentre gli highlights saranno visibili in Belgio, su RTL e VRT, in Danimarca, su TV2, e nel principato di Monaco, su TVMonaco. In Bulgaria, paese che ospiter\u00e0 la Grande Partenza, il Giro sar\u00e0 trasmesso in chiaro su BTN con la copertura live delle prime tre tappe, confermando l&#8217;attenzione verso il pubblico locale. In Russia, copertura di ogni tappa sulla piattaforma OKKO.<\/p>\n<p>La diffusione internazionale coinvolge anche Nord e Sud America. In Nord America, la copertura live \u00e8 garantita in Canada e Stati Uniti da FloSports, con distribuzione digitale attraverso il canale Flobikes, e da HBO Max. In Sud America diretta su DirecTV e ESPN, oltre a importanti broadcaster locali in Colombia (Caracol e RCN), e Bolivia (Sport Tv). Nei Caraibi la copertura tv sar\u00e0 garantita da CPSL. In Asia e Oceania, la gara sar\u00e0 trasmessa in diretta in Giappone da JSports, in Cina da Zhibo TV, nel Sud Est Asiatico da SPOTV, e in Australia da SBS. Sempre in Cina, highlights di ogni tappa su Star Sports. Diretta tv di ogni tappa anche nell&#8217;Africa SudSahariana, su SuperSport.<\/p>\n<p>&nbsp;<\/p>","protected":false},"excerpt":{"rendered":"<p>l gruppo \u00e8 atteso da 5 mila metri di dislivello raccolti in 151 km di tappa, con arrivo a Alleghe (Piani di Pezz\u00e8) e scalate di cime mitiche come il Passo Giau (Cima Coppi) e Passo Falzarego. Diretta tv dalle 12.20 su Rai Sport HD per proseguire dalle 14 su Rai 2.\u00a0Diretta integrale su Eurosport, [&hellip;]<\/p>\n","protected":false},"author":2,"featured_media":170573,"comment_status":"closed","ping_status":"open","sticky":false,"template":"","format":"standard","meta":{"footnotes":""},"categories":[26,4],"tags":[],"class_list":["post-170572","post","type-post","status-publish","format-standard","has-post-thumbnail","category-prima-pagina","category-sport"],"yoast_head":"<!-- This site is optimized with the Yoast SEO plugin v28.4 - https:\/\/yoast.com\/product\/yoast-seo-wordpress\/ -->\n<title>Giro d&#039;Italia, il giorno del tappone dolomitico Feltre-Alleghe - Bellunopress - Dolomiti<\/title>\n<meta name=\"robots\" content=\"index, follow, max-snippet:-1, max-image-preview:large, max-video-preview:-1\" \/>\n<link rel=\"canonical\" href=\"https:\/\/www.bellunopress.it\/fr\/2026\/05\/29\/giro-ditalia-il-giorno-del-tappone-dolomitico-feltre-alleghe\/\" \/>\n<meta property=\"og:locale\" content=\"fr_FR\" \/>\n<meta property=\"og:type\" content=\"article\" \/>\n<meta property=\"og:title\" content=\"Giro d&#039;Italia, il giorno del tappone dolomitico Feltre-Alleghe - Bellunopress - Dolomiti\" \/>\n<meta property=\"og:description\" content=\"l gruppo \u00e8 atteso da 5 mila metri di dislivello raccolti in 151 km di tappa, con arrivo a Alleghe (Piani di Pezz\u00e8) e scalate di cime mitiche come il Passo Giau (Cima Coppi) e Passo Falzarego. Diretta tv dalle 12.20 su Rai Sport HD per proseguire dalle 14 su Rai 2.\u00a0Diretta integrale su Eurosport, [&hellip;]\" \/>\n<meta property=\"og:url\" content=\"https:\/\/www.bellunopress.it\/fr\/2026\/05\/29\/giro-ditalia-il-giorno-del-tappone-dolomitico-feltre-alleghe\/\" \/>\n<meta property=\"og:site_name\" content=\"Bellunopress - Dolomiti\" \/>\n<meta property=\"article:publisher\" content=\"https:\/\/www.facebook.com\/profile.php?id=100008943462799\" \/>\n<meta property=\"article:published_time\" content=\"2026-05-29T12:04:54+00:00\" \/>\n<meta property=\"og:image\" content=\"https:\/\/www.bellunopress.it\/wp-content\/uploads\/2026\/05\/Giro-dItalia-Feltre-29-05-2026.jpg\" \/>\n\t<meta property=\"og:image:width\" content=\"600\" \/>\n\t<meta property=\"og:image:height\" content=\"398\" \/>\n\t<meta property=\"og:image:type\" content=\"image\/jpeg\" \/>\n<meta name=\"author\" content=\"redazione\" \/>\n<meta name=\"twitter:card\" content=\"summary_large_image\" \/>\n<meta name=\"twitter:creator\" content=\"@bellunopress\" \/>\n<meta name=\"twitter:site\" content=\"@bellunopress\" \/>\n<meta name=\"twitter:label1\" content=\"\u00c9crit par\" \/>\n\t<meta name=\"twitter:data1\" content=\"redazione\" \/>\n\t<meta name=\"twitter:label2\" content=\"Dur\u00e9e de lecture estim\u00e9e\" \/>\n\t<meta name=\"twitter:data2\" content=\"6 minutes\" \/>\n<script type=\"application\/ld+json\" class=\"yoast-schema-graph\">{\"@context\":\"https:\\\/\\\/schema.org\",\"@graph\":[{\"@type\":\"Article\",\"@id\":\"https:\\\/\\\/www.bellunopress.it\\\/2026\\\/05\\\/29\\\/giro-ditalia-il-giorno-del-tappone-dolomitico-feltre-alleghe\\\/#article\",\"isPartOf\":{\"@id\":\"https:\\\/\\\/www.bellunopress.it\\\/2026\\\/05\\\/29\\\/giro-ditalia-il-giorno-del-tappone-dolomitico-feltre-alleghe\\\/\"},\"author\":{\"name\":\"redazione\",\"@id\":\"https:\\\/\\\/www.bellunopress.it\\\/#\\\/schema\\\/person\\\/79bb06722b37ece1c03d3e94beb30d73\"},\"headline\":\"Giro d&#8217;Italia, il giorno del tappone dolomitico Feltre-Alleghe\",\"datePublished\":\"2026-05-29T12:04:54+00:00\",\"mainEntityOfPage\":{\"@id\":\"https:\\\/\\\/www.bellunopress.it\\\/2026\\\/05\\\/29\\\/giro-ditalia-il-giorno-del-tappone-dolomitico-feltre-alleghe\\\/\"},\"wordCount\":910,\"publisher\":{\"@id\":\"https:\\\/\\\/www.bellunopress.it\\\/#organization\"},\"image\":{\"@id\":\"https:\\\/\\\/www.bellunopress.it\\\/2026\\\/05\\\/29\\\/giro-ditalia-il-giorno-del-tappone-dolomitico-feltre-alleghe\\\/#primaryimage\"},\"thumbnailUrl\":\"https:\\\/\\\/www.bellunopress.it\\\/wp-content\\\/uploads\\\/2026\\\/05\\\/Giro-dItalia-Feltre-29-05-2026.jpg\",\"articleSection\":[\"Prima Pagina\",\"Sport, tempo libero\"],\"inLanguage\":\"fr-FR\"},{\"@type\":\"WebPage\",\"@id\":\"https:\\\/\\\/www.bellunopress.it\\\/2026\\\/05\\\/29\\\/giro-ditalia-il-giorno-del-tappone-dolomitico-feltre-alleghe\\\/\",\"url\":\"https:\\\/\\\/www.bellunopress.it\\\/2026\\\/05\\\/29\\\/giro-ditalia-il-giorno-del-tappone-dolomitico-feltre-alleghe\\\/\",\"name\":\"Giro d'Italia, il giorno del tappone dolomitico Feltre-Alleghe - Bellunopress - Dolomiti\",\"isPartOf\":{\"@id\":\"https:\\\/\\\/www.bellunopress.it\\\/#website\"},\"primaryImageOfPage\":{\"@id\":\"https:\\\/\\\/www.bellunopress.it\\\/2026\\\/05\\\/29\\\/giro-ditalia-il-giorno-del-tappone-dolomitico-feltre-alleghe\\\/#primaryimage\"},\"image\":{\"@id\":\"https:\\\/\\\/www.bellunopress.it\\\/2026\\\/05\\\/29\\\/giro-ditalia-il-giorno-del-tappone-dolomitico-feltre-alleghe\\\/#primaryimage\"},\"thumbnailUrl\":\"https:\\\/\\\/www.bellunopress.it\\\/wp-content\\\/uploads\\\/2026\\\/05\\\/Giro-dItalia-Feltre-29-05-2026.jpg\",\"datePublished\":\"2026-05-29T12:04:54+00:00\",\"breadcrumb\":{\"@id\":\"https:\\\/\\\/www.bellunopress.it\\\/2026\\\/05\\\/29\\\/giro-ditalia-il-giorno-del-tappone-dolomitico-feltre-alleghe\\\/#breadcrumb\"},\"inLanguage\":\"fr-FR\",\"potentialAction\":[{\"@type\":\"ReadAction\",\"target\":[\"https:\\\/\\\/www.bellunopress.it\\\/2026\\\/05\\\/29\\\/giro-ditalia-il-giorno-del-tappone-dolomitico-feltre-alleghe\\\/\"]}]},{\"@type\":\"ImageObject\",\"inLanguage\":\"fr-FR\",\"@id\":\"https:\\\/\\\/www.bellunopress.it\\\/2026\\\/05\\\/29\\\/giro-ditalia-il-giorno-del-tappone-dolomitico-feltre-alleghe\\\/#primaryimage\",\"url\":\"https:\\\/\\\/www.bellunopress.it\\\/wp-content\\\/uploads\\\/2026\\\/05\\\/Giro-dItalia-Feltre-29-05-2026.jpg\",\"contentUrl\":\"https:\\\/\\\/www.bellunopress.it\\\/wp-content\\\/uploads\\\/2026\\\/05\\\/Giro-dItalia-Feltre-29-05-2026.jpg\",\"width\":600,\"height\":398},{\"@type\":\"BreadcrumbList\",\"@id\":\"https:\\\/\\\/www.bellunopress.it\\\/2026\\\/05\\\/29\\\/giro-ditalia-il-giorno-del-tappone-dolomitico-feltre-alleghe\\\/#breadcrumb\",\"itemListElement\":[{\"@type\":\"ListItem\",\"position\":1,\"name\":\"Home\",\"item\":\"https:\\\/\\\/www.bellunopress.it\\\/\"},{\"@type\":\"ListItem\",\"position\":2,\"name\":\"Giro d&#8217;Italia, il giorno del tappone dolomitico Feltre-Alleghe\"}]},{\"@type\":\"WebSite\",\"@id\":\"https:\\\/\\\/www.bellunopress.it\\\/#website\",\"url\":\"https:\\\/\\\/www.bellunopress.it\\\/\",\"name\":\"Bellunopress - Dolomiti\",\"description\":\"e-mail: redazione@bellunopress.it\",\"publisher\":{\"@id\":\"https:\\\/\\\/www.bellunopress.it\\\/#organization\"},\"potentialAction\":[{\"@type\":\"SearchAction\",\"target\":{\"@type\":\"EntryPoint\",\"urlTemplate\":\"https:\\\/\\\/www.bellunopress.it\\\/?s={search_term_string}\"},\"query-input\":{\"@type\":\"PropertyValueSpecification\",\"valueRequired\":true,\"valueName\":\"search_term_string\"}}],\"inLanguage\":\"fr-FR\"},{\"@type\":\"Organization\",\"@id\":\"https:\\\/\\\/www.bellunopress.it\\\/#organization\",\"name\":\"Bellunopress\",\"url\":\"https:\\\/\\\/www.bellunopress.it\\\/\",\"logo\":{\"@type\":\"ImageObject\",\"inLanguage\":\"fr-FR\",\"@id\":\"https:\\\/\\\/www.bellunopress.it\\\/#\\\/schema\\\/logo\\\/image\\\/\",\"url\":\"https:\\\/\\\/www.bellunopress.it\\\/wp-content\\\/uploads\\\/2011\\\/05\\\/cropped-logo-bellunopress-.jpg\",\"contentUrl\":\"https:\\\/\\\/www.bellunopress.it\\\/wp-content\\\/uploads\\\/2011\\\/05\\\/cropped-logo-bellunopress-.jpg\",\"width\":512,\"height\":512,\"caption\":\"Bellunopress\"},\"image\":{\"@id\":\"https:\\\/\\\/www.bellunopress.it\\\/#\\\/schema\\\/logo\\\/image\\\/\"},\"sameAs\":[\"https:\\\/\\\/www.facebook.com\\\/profile.php?id=100008943462799\",\"https:\\\/\\\/x.com\\\/bellunopress\",\"https:\\\/\\\/www.linkedin.com\\\/hp\\\/?dnr=JBzUWaJfMUw8vbXJJ2tVW5-I3jZKvC4wsoxE&amp;amp;amp;amp;amp;amp;trk=nav_responsive_tab_home\",\"https:\\\/\\\/www.youtube.com\\\/channel\\\/UCxL0wu1uN0_3_7hGG0306cw\"]},{\"@type\":\"Person\",\"@id\":\"https:\\\/\\\/www.bellunopress.it\\\/#\\\/schema\\\/person\\\/79bb06722b37ece1c03d3e94beb30d73\",\"name\":\"redazione\",\"image\":{\"@type\":\"ImageObject\",\"inLanguage\":\"fr-FR\",\"@id\":\"https:\\\/\\\/secure.gravatar.com\\\/avatar\\\/37d968a2e67a6fd04c169c4bdef102d0bc5d31b2546345219e348575eb80e9a0?s=96&d=mm&r=g\",\"url\":\"https:\\\/\\\/secure.gravatar.com\\\/avatar\\\/37d968a2e67a6fd04c169c4bdef102d0bc5d31b2546345219e348575eb80e9a0?s=96&d=mm&r=g\",\"contentUrl\":\"https:\\\/\\\/secure.gravatar.com\\\/avatar\\\/37d968a2e67a6fd04c169c4bdef102d0bc5d31b2546345219e348575eb80e9a0?s=96&d=mm&r=g\",\"caption\":\"redazione\"},\"sameAs\":[\"http:\\\/\\\/www.bellunopress.it\",\"https:\\\/\\\/x.com\\\/bellunopress\"],\"url\":\"https:\\\/\\\/www.bellunopress.it\\\/fr\\\/author\\\/redazione\\\/\"}]}<\/script>\n<!-- \/ Yoast SEO plugin. -->","yoast_head_json":{"title":"Giro d'Italia, il giorno del tappone dolomitico Feltre-Alleghe - Bellunopress - Dolomiti","robots":{"index":"index","follow":"follow","max-snippet":"max-snippet:-1","max-image-preview":"max-image-preview:large","max-video-preview":"max-video-preview:-1"},"canonical":"https:\/\/www.bellunopress.it\/fr\/2026\/05\/29\/giro-ditalia-il-giorno-del-tappone-dolomitico-feltre-alleghe\/","og_locale":"fr_FR","og_type":"article","og_title":"Giro d'Italia, il giorno del tappone dolomitico Feltre-Alleghe - Bellunopress - Dolomiti","og_description":"l gruppo \u00e8 atteso da 5 mila metri di dislivello raccolti in 151 km di tappa, con arrivo a Alleghe (Piani di Pezz\u00e8) e scalate di cime mitiche come il Passo Giau (Cima Coppi) e Passo Falzarego. Diretta tv dalle 12.20 su Rai Sport HD per proseguire dalle 14 su Rai 2.\u00a0Diretta integrale su Eurosport, [&hellip;]","og_url":"https:\/\/www.bellunopress.it\/fr\/2026\/05\/29\/giro-ditalia-il-giorno-del-tappone-dolomitico-feltre-alleghe\/","og_site_name":"Bellunopress - Dolomiti","article_publisher":"https:\/\/www.facebook.com\/profile.php?id=100008943462799","article_published_time":"2026-05-29T12:04:54+00:00","og_image":[{"width":600,"height":398,"url":"https:\/\/www.bellunopress.it\/wp-content\/uploads\/2026\/05\/Giro-dItalia-Feltre-29-05-2026.jpg","type":"image\/jpeg"}],"author":"redazione","twitter_card":"summary_large_image","twitter_creator":"@bellunopress","twitter_site":"@bellunopress","twitter_misc":{"\u00c9crit par":"redazione","Dur\u00e9e de lecture estim\u00e9e":"6 minutes"},"schema":{"@context":"https:\/\/schema.org","@graph":[{"@type":"Article","@id":"https:\/\/www.bellunopress.it\/2026\/05\/29\/giro-ditalia-il-giorno-del-tappone-dolomitico-feltre-alleghe\/#article","isPartOf":{"@id":"https:\/\/www.bellunopress.it\/2026\/05\/29\/giro-ditalia-il-giorno-del-tappone-dolomitico-feltre-alleghe\/"},"author":{"name":"redazione","@id":"https:\/\/www.bellunopress.it\/#\/schema\/person\/79bb06722b37ece1c03d3e94beb30d73"},"headline":"Giro d&#8217;Italia, il giorno del tappone dolomitico Feltre-Alleghe","datePublished":"2026-05-29T12:04:54+00:00","mainEntityOfPage":{"@id":"https:\/\/www.bellunopress.it\/2026\/05\/29\/giro-ditalia-il-giorno-del-tappone-dolomitico-feltre-alleghe\/"},"wordCount":910,"publisher":{"@id":"https:\/\/www.bellunopress.it\/#organization"},"image":{"@id":"https:\/\/www.bellunopress.it\/2026\/05\/29\/giro-ditalia-il-giorno-del-tappone-dolomitico-feltre-alleghe\/#primaryimage"},"thumbnailUrl":"https:\/\/www.bellunopress.it\/wp-content\/uploads\/2026\/05\/Giro-dItalia-Feltre-29-05-2026.jpg","articleSection":["Prima Pagina","Sport, tempo libero"],"inLanguage":"fr-FR"},{"@type":"WebPage","@id":"https:\/\/www.bellunopress.it\/2026\/05\/29\/giro-ditalia-il-giorno-del-tappone-dolomitico-feltre-alleghe\/","url":"https:\/\/www.bellunopress.it\/2026\/05\/29\/giro-ditalia-il-giorno-del-tappone-dolomitico-feltre-alleghe\/","name":"Giro d'Italia, il giorno del tappone dolomitico Feltre-Alleghe - Bellunopress - Dolomiti","isPartOf":{"@id":"https:\/\/www.bellunopress.it\/#website"},"primaryImageOfPage":{"@id":"https:\/\/www.bellunopress.it\/2026\/05\/29\/giro-ditalia-il-giorno-del-tappone-dolomitico-feltre-alleghe\/#primaryimage"},"image":{"@id":"https:\/\/www.bellunopress.it\/2026\/05\/29\/giro-ditalia-il-giorno-del-tappone-dolomitico-feltre-alleghe\/#primaryimage"},"thumbnailUrl":"https:\/\/www.bellunopress.it\/wp-content\/uploads\/2026\/05\/Giro-dItalia-Feltre-29-05-2026.jpg","datePublished":"2026-05-29T12:04:54+00:00","breadcrumb":{"@id":"https:\/\/www.bellunopress.it\/2026\/05\/29\/giro-ditalia-il-giorno-del-tappone-dolomitico-feltre-alleghe\/#breadcrumb"},"inLanguage":"fr-FR","potentialAction":[{"@type":"ReadAction","target":["https:\/\/www.bellunopress.it\/2026\/05\/29\/giro-ditalia-il-giorno-del-tappone-dolomitico-feltre-alleghe\/"]}]},{"@type":"ImageObject","inLanguage":"fr-FR","@id":"https:\/\/www.bellunopress.it\/2026\/05\/29\/giro-ditalia-il-giorno-del-tappone-dolomitico-feltre-alleghe\/#primaryimage","url":"https:\/\/www.bellunopress.it\/wp-content\/uploads\/2026\/05\/Giro-dItalia-Feltre-29-05-2026.jpg","contentUrl":"https:\/\/www.bellunopress.it\/wp-content\/uploads\/2026\/05\/Giro-dItalia-Feltre-29-05-2026.jpg","width":600,"height":398},{"@type":"BreadcrumbList","@id":"https:\/\/www.bellunopress.it\/2026\/05\/29\/giro-ditalia-il-giorno-del-tappone-dolomitico-feltre-alleghe\/#breadcrumb","itemListElement":[{"@type":"ListItem","position":1,"name":"Home","item":"https:\/\/www.bellunopress.it\/"},{"@type":"ListItem","position":2,"name":"Giro d&#8217;Italia, il giorno del tappone dolomitico Feltre-Alleghe"}]},{"@type":"WebSite","@id":"https:\/\/www.bellunopress.it\/#website","url":"https:\/\/www.bellunopress.it\/","name":"Bellunopress - Dolomiti","description":"e-mail: redazione@bellunopress.it","publisher":{"@id":"https:\/\/www.bellunopress.it\/#organization"},"potentialAction":[{"@type":"SearchAction","target":{"@type":"EntryPoint","urlTemplate":"https:\/\/www.bellunopress.it\/?s={search_term_string}"},"query-input":{"@type":"PropertyValueSpecification","valueRequired":true,"valueName":"search_term_string"}}],"inLanguage":"fr-FR"},{"@type":"Organization","@id":"https:\/\/www.bellunopress.it\/#organization","name":"Bellunopress","url":"https:\/\/www.bellunopress.it\/","logo":{"@type":"ImageObject","inLanguage":"fr-FR","@id":"https:\/\/www.bellunopress.it\/#\/schema\/logo\/image\/","url":"https:\/\/www.bellunopress.it\/wp-content\/uploads\/2011\/05\/cropped-logo-bellunopress-.jpg","contentUrl":"https:\/\/www.bellunopress.it\/wp-content\/uploads\/2011\/05\/cropped-logo-bellunopress-.jpg","width":512,"height":512,"caption":"Bellunopress"},"image":{"@id":"https:\/\/www.bellunopress.it\/#\/schema\/logo\/image\/"},"sameAs":["https:\/\/www.facebook.com\/profile.php?id=100008943462799","https:\/\/x.com\/bellunopress","https:\/\/www.linkedin.com\/hp\/?dnr=JBzUWaJfMUw8vbXJJ2tVW5-I3jZKvC4wsoxE&amp;amp;amp;amp;amp;amp;trk=nav_responsive_tab_home","https:\/\/www.youtube.com\/channel\/UCxL0wu1uN0_3_7hGG0306cw"]},{"@type":"Person","@id":"https:\/\/www.bellunopress.it\/#\/schema\/person\/79bb06722b37ece1c03d3e94beb30d73","name":"r\u00e9daction","image":{"@type":"ImageObject","inLanguage":"fr-FR","@id":"https:\/\/secure.gravatar.com\/avatar\/37d968a2e67a6fd04c169c4bdef102d0bc5d31b2546345219e348575eb80e9a0?s=96&d=mm&r=g","url":"https:\/\/secure.gravatar.com\/avatar\/37d968a2e67a6fd04c169c4bdef102d0bc5d31b2546345219e348575eb80e9a0?s=96&d=mm&r=g","contentUrl":"https:\/\/secure.gravatar.com\/avatar\/37d968a2e67a6fd04c169c4bdef102d0bc5d31b2546345219e348575eb80e9a0?s=96&d=mm&r=g","caption":"redazione"},"sameAs":["http:\/\/www.bellunopress.it","https:\/\/x.com\/bellunopress"],"url":"https:\/\/www.bellunopress.it\/fr\/author\/redazione\/"}]}},"_links":{"self":[{"href":"https:\/\/www.bellunopress.it\/fr\/wp-json\/wp\/v2\/posts\/170572","targetHints":{"allow":["GET"]}}],"collection":[{"href":"https:\/\/www.bellunopress.it\/fr\/wp-json\/wp\/v2\/posts"}],"about":[{"href":"https:\/\/www.bellunopress.it\/fr\/wp-json\/wp\/v2\/types\/post"}],"author":[{"embeddable":true,"href":"https:\/\/www.bellunopress.it\/fr\/wp-json\/wp\/v2\/users\/2"}],"replies":[{"embeddable":true,"href":"https:\/\/www.bellunopress.it\/fr\/wp-json\/wp\/v2\/comments?post=170572"}],"version-history":[{"count":1,"href":"https:\/\/www.bellunopress.it\/fr\/wp-json\/wp\/v2\/posts\/170572\/revisions"}],"predecessor-version":[{"id":170574,"href":"https:\/\/www.bellunopress.it\/fr\/wp-json\/wp\/v2\/posts\/170572\/revisions\/170574"}],"wp:featuredmedia":[{"embeddable":true,"href":"https:\/\/www.bellunopress.it\/fr\/wp-json\/wp\/v2\/media\/170573"}],"wp:attachment":[{"href":"https:\/\/www.bellunopress.it\/fr\/wp-json\/wp\/v2\/media?parent=170572"}],"wp:term":[{"taxonomy":"category","embeddable":true,"href":"https:\/\/www.bellunopress.it\/fr\/wp-json\/wp\/v2\/categories?post=170572"},{"taxonomy":"post_tag","embeddable":true,"href":"https:\/\/www.bellunopress.it\/fr\/wp-json\/wp\/v2\/tags?post=170572"}],"curies":[{"name":"wp","href":"https:\/\/api.w.org\/{rel}","templated":true}]}}