{"id":170557,"date":"2026-05-29T09:01:58","date_gmt":"2026-05-29T07:01:58","guid":{"rendered":"https:\/\/www.bellunopress.it\/?p=170557"},"modified":"2026-05-29T09:02:36","modified_gmt":"2026-05-29T07:02:36","slug":"nevegal-i-proprietari-delle-seconde-case-chiedono-la-riduzione-dellimu-pronti-al-confronto-con-il-comune","status":"publish","type":"post","link":"https:\/\/www.bellunopress.it\/fr\/2026\/05\/29\/nevegal-i-proprietari-delle-seconde-case-chiedono-la-riduzione-dellimu-pronti-al-confronto-con-il-comune\/","title":{"rendered":"Nevegal, i proprietari delle seconde case chiedono la riduzione dell&#8217;Imu: \u00abPronti al confronto con il Comune\u00bb"},"content":{"rendered":"<p data-path-to-node=\"3\">Belluno, 29\/05\/2026 &#8211;\u00a0Il futuro e il rilancio del Nevegal passano anche attraverso la fiscalit\u00e0 locale. La Frazione del Colle e l&#8217;Associazione Proprietari Nevegal (APN) hanno ufficialmente aperto il dibattito sul tema dell&#8217;IMU per le seconde case, chiedendo al Comune di Belluno un tavolo di confronto istituzionale per rimodulare le aliquote alla luce delle recenti novit\u00e0 normative.<\/p>\n<p data-path-to-node=\"4\">L&#8217;iniziativa prende le mosse dal Decreto del Ministero dell&#8217;Economia e delle Finanze del 6 novembre 2025. Una legge che, di fatto, offre ai Comuni una nuova arma di flessibilit\u00e0: la facolt\u00e0 di modificare e differenziare le aliquote IMU anche per gli immobili che non sono destinati alla locazione, adattando la pressione fiscale alle reali specificit\u00e0 e alle criticit\u00e0 dei singoli territori.<\/p>\n<p data-path-to-node=\"5\">Il Nevegal, storica stazione turistica bellunese, conta un numero decisamente rilevante di seconde case. Abitazioni che, pur non essendo vissute in modo continuativo durante l&#8217;anno, rappresentano una voce fondamentale sia per le casse del Comune di Belluno, sia per il tessuto economico, commerciale e turistico della localit\u00e0. Tuttavia, a fronte di questo importante contributo economico da parte dei proprietari, sul Colle rimangono ancora aperte diverse criticit\u00e0 legate alla carenza di servizi essenziali e di infrastrutture di base.<\/p>\n<p data-path-to-node=\"6\">\u00a0Su forte spinta dell&#8217;APN, il Capo Frazione del Nevegal, Daniele Libralon, ha gi\u00e0 provveduto ad avviare un primo contatto informale con l&#8217;amministrazione comunale di Belluno per sondare il terreno. La risposta iniziale di Palazzo Rosso \u00e8 stata per\u00f2 una doccia fredda: da quanto emerso, il Comune avrebbe manifestato una generale indisponibilit\u00e0 a ritoccare le aliquote, motivando la chiusura con le attuali e stringenti condizioni economiche e con la necessit\u00e0 di salvaguardare gli equilibri complessivi del bilancio comunale.<\/p>\n<p data-path-to-node=\"7\">\u00abNessuna contrapposizione, ma serve una riflessione\u00bb Nonostante la prima frenata da parte del Comune, la Frazione e l&#8217;Associazione Proprietari non intendono arrendersi e insistono sulla necessit\u00e0 di un approfondimento istituzionale.<\/p>\n<p data-path-to-node=\"8\">\u00abLa proposta avanzata non nasce con finalit\u00e0 contrappositive \u2014 tengono a precisare la Frazione del Nevegal e l&#8217;APN nel loro comunicato congiunto \u2014, ma dalla volont\u00e0 di aprire una riflessione concreta sul rapporto tra fiscalit\u00e0 territoriale, sostenibilit\u00e0 dei servizi e prospettive future della localit\u00e0\u00bb.<\/p>\n<p data-path-to-node=\"9\">L&#8217;obiettivo dei proprietari \u00e8 far comprendere come una fiscalit\u00e0 pi\u00f9 leggera potrebbe tradursi in un incentivo a frequentare e investire sul Colle, creando un circolo virtuoso. L&#8217;auspicio, ora, \u00e8 che l&#8217;amministrazione comunale decida di superare i primi dubbi informali e accetti di proseguire il confronto nelle sedi competenti, per trovare una soluzione che possa fare il bene del Nevegal e di tutta la comunit\u00e0 bellunese.<\/p>","protected":false},"excerpt":{"rendered":"<p>Belluno, 29\/05\/2026 &#8211;\u00a0Il futuro e il rilancio del Nevegal passano anche attraverso la fiscalit\u00e0 locale. La Frazione del Colle e l&#8217;Associazione Proprietari Nevegal (APN) hanno ufficialmente aperto il dibattito sul tema dell&#8217;IMU per le seconde case, chiedendo al Comune di Belluno un tavolo di confronto istituzionale per rimodulare le aliquote alla luce delle recenti novit\u00e0 [&hellip;]<\/p>\n","protected":false},"author":2,"featured_media":158391,"comment_status":"closed","ping_status":"open","sticky":false,"template":"","format":"standard","meta":{"footnotes":""},"categories":[5],"tags":[],"class_list":["post-170557","post","type-post","status-publish","format-standard","has-post-thumbnail","category-cronaca"],"yoast_head":"<!-- This site is optimized with the Yoast SEO plugin v28.4 - https:\/\/yoast.com\/product\/yoast-seo-wordpress\/ -->\n<title>Nevegal, i proprietari delle seconde case chiedono la riduzione dell&#039;Imu: \u00abPronti al confronto con il Comune\u00bb - Bellunopress - Dolomiti<\/title>\n<meta name=\"robots\" content=\"index, follow, max-snippet:-1, max-image-preview:large, max-video-preview:-1\" \/>\n<link rel=\"canonical\" href=\"https:\/\/www.bellunopress.it\/fr\/2026\/05\/29\/nevegal-i-proprietari-delle-seconde-case-chiedono-la-riduzione-dellimu-pronti-al-confronto-con-il-comune\/\" \/>\n<meta property=\"og:locale\" content=\"fr_FR\" \/>\n<meta property=\"og:type\" content=\"article\" \/>\n<meta property=\"og:title\" content=\"Nevegal, i proprietari delle seconde case chiedono la riduzione dell&#039;Imu: \u00abPronti al confronto con il Comune\u00bb - Bellunopress - Dolomiti\" \/>\n<meta property=\"og:description\" content=\"Belluno, 29\/05\/2026 &#8211;\u00a0Il futuro e il rilancio del Nevegal passano anche attraverso la fiscalit\u00e0 locale. La Frazione del Colle e l&#8217;Associazione Proprietari Nevegal (APN) hanno ufficialmente aperto il dibattito sul tema dell&#8217;IMU per le seconde case, chiedendo al Comune di Belluno un tavolo di confronto istituzionale per rimodulare le aliquote alla luce delle recenti novit\u00e0 [&hellip;]\" \/>\n<meta property=\"og:url\" content=\"https:\/\/www.bellunopress.it\/fr\/2026\/05\/29\/nevegal-i-proprietari-delle-seconde-case-chiedono-la-riduzione-dellimu-pronti-al-confronto-con-il-comune\/\" \/>\n<meta property=\"og:site_name\" content=\"Bellunopress - Dolomiti\" \/>\n<meta property=\"article:publisher\" content=\"https:\/\/www.facebook.com\/profile.php?id=100008943462799\" \/>\n<meta property=\"article:published_time\" content=\"2026-05-29T07:01:58+00:00\" \/>\n<meta property=\"article:modified_time\" content=\"2026-05-29T07:02:36+00:00\" \/>\n<meta property=\"og:image\" content=\"https:\/\/www.bellunopress.it\/wp-content\/uploads\/2025\/03\/Daniele-Libralon_edited.jpg\" \/>\n\t<meta property=\"og:image:width\" content=\"1000\" \/>\n\t<meta property=\"og:image:height\" content=\"757\" \/>\n\t<meta property=\"og:image:type\" content=\"image\/jpeg\" \/>\n<meta name=\"author\" content=\"redazione\" \/>\n<meta name=\"twitter:card\" content=\"summary_large_image\" \/>\n<meta name=\"twitter:creator\" content=\"@bellunopress\" \/>\n<meta name=\"twitter:site\" content=\"@bellunopress\" \/>\n<meta name=\"twitter:label1\" content=\"\u00c9crit par\" \/>\n\t<meta name=\"twitter:data1\" content=\"redazione\" \/>\n\t<meta name=\"twitter:label2\" content=\"Dur\u00e9e de lecture estim\u00e9e\" \/>\n\t<meta name=\"twitter:data2\" content=\"3 minutes\" \/>\n<script type=\"application\/ld+json\" class=\"yoast-schema-graph\">{\"@context\":\"https:\\\/\\\/schema.org\",\"@graph\":[{\"@type\":\"Article\",\"@id\":\"https:\\\/\\\/www.bellunopress.it\\\/2026\\\/05\\\/29\\\/nevegal-i-proprietari-delle-seconde-case-chiedono-la-riduzione-dellimu-pronti-al-confronto-con-il-comune\\\/#article\",\"isPartOf\":{\"@id\":\"https:\\\/\\\/www.bellunopress.it\\\/2026\\\/05\\\/29\\\/nevegal-i-proprietari-delle-seconde-case-chiedono-la-riduzione-dellimu-pronti-al-confronto-con-il-comune\\\/\"},\"author\":{\"name\":\"redazione\",\"@id\":\"https:\\\/\\\/www.bellunopress.it\\\/#\\\/schema\\\/person\\\/79bb06722b37ece1c03d3e94beb30d73\"},\"headline\":\"Nevegal, i proprietari delle seconde case chiedono la riduzione dell&#8217;Imu: \u00abPronti al confronto con il Comune\u00bb\",\"datePublished\":\"2026-05-29T07:01:58+00:00\",\"dateModified\":\"2026-05-29T07:02:36+00:00\",\"mainEntityOfPage\":{\"@id\":\"https:\\\/\\\/www.bellunopress.it\\\/2026\\\/05\\\/29\\\/nevegal-i-proprietari-delle-seconde-case-chiedono-la-riduzione-dellimu-pronti-al-confronto-con-il-comune\\\/\"},\"wordCount\":432,\"publisher\":{\"@id\":\"https:\\\/\\\/www.bellunopress.it\\\/#organization\"},\"image\":{\"@id\":\"https:\\\/\\\/www.bellunopress.it\\\/2026\\\/05\\\/29\\\/nevegal-i-proprietari-delle-seconde-case-chiedono-la-riduzione-dellimu-pronti-al-confronto-con-il-comune\\\/#primaryimage\"},\"thumbnailUrl\":\"https:\\\/\\\/www.bellunopress.it\\\/wp-content\\\/uploads\\\/2025\\\/03\\\/Daniele-Libralon_edited.jpg\",\"articleSection\":[\"Cronaca\\\/Politica\"],\"inLanguage\":\"fr-FR\"},{\"@type\":\"WebPage\",\"@id\":\"https:\\\/\\\/www.bellunopress.it\\\/2026\\\/05\\\/29\\\/nevegal-i-proprietari-delle-seconde-case-chiedono-la-riduzione-dellimu-pronti-al-confronto-con-il-comune\\\/\",\"url\":\"https:\\\/\\\/www.bellunopress.it\\\/2026\\\/05\\\/29\\\/nevegal-i-proprietari-delle-seconde-case-chiedono-la-riduzione-dellimu-pronti-al-confronto-con-il-comune\\\/\",\"name\":\"Nevegal, i proprietari delle seconde case chiedono la riduzione dell'Imu: \u00abPronti al confronto con il Comune\u00bb - Bellunopress - Dolomiti\",\"isPartOf\":{\"@id\":\"https:\\\/\\\/www.bellunopress.it\\\/#website\"},\"primaryImageOfPage\":{\"@id\":\"https:\\\/\\\/www.bellunopress.it\\\/2026\\\/05\\\/29\\\/nevegal-i-proprietari-delle-seconde-case-chiedono-la-riduzione-dellimu-pronti-al-confronto-con-il-comune\\\/#primaryimage\"},\"image\":{\"@id\":\"https:\\\/\\\/www.bellunopress.it\\\/2026\\\/05\\\/29\\\/nevegal-i-proprietari-delle-seconde-case-chiedono-la-riduzione-dellimu-pronti-al-confronto-con-il-comune\\\/#primaryimage\"},\"thumbnailUrl\":\"https:\\\/\\\/www.bellunopress.it\\\/wp-content\\\/uploads\\\/2025\\\/03\\\/Daniele-Libralon_edited.jpg\",\"datePublished\":\"2026-05-29T07:01:58+00:00\",\"dateModified\":\"2026-05-29T07:02:36+00:00\",\"breadcrumb\":{\"@id\":\"https:\\\/\\\/www.bellunopress.it\\\/2026\\\/05\\\/29\\\/nevegal-i-proprietari-delle-seconde-case-chiedono-la-riduzione-dellimu-pronti-al-confronto-con-il-comune\\\/#breadcrumb\"},\"inLanguage\":\"fr-FR\",\"potentialAction\":[{\"@type\":\"ReadAction\",\"target\":[\"https:\\\/\\\/www.bellunopress.it\\\/2026\\\/05\\\/29\\\/nevegal-i-proprietari-delle-seconde-case-chiedono-la-riduzione-dellimu-pronti-al-confronto-con-il-comune\\\/\"]}]},{\"@type\":\"ImageObject\",\"inLanguage\":\"fr-FR\",\"@id\":\"https:\\\/\\\/www.bellunopress.it\\\/2026\\\/05\\\/29\\\/nevegal-i-proprietari-delle-seconde-case-chiedono-la-riduzione-dellimu-pronti-al-confronto-con-il-comune\\\/#primaryimage\",\"url\":\"https:\\\/\\\/www.bellunopress.it\\\/wp-content\\\/uploads\\\/2025\\\/03\\\/Daniele-Libralon_edited.jpg\",\"contentUrl\":\"https:\\\/\\\/www.bellunopress.it\\\/wp-content\\\/uploads\\\/2025\\\/03\\\/Daniele-Libralon_edited.jpg\",\"width\":1000,\"height\":757,\"caption\":\"Daniele Libralon, capofrazione Nevegal\"},{\"@type\":\"BreadcrumbList\",\"@id\":\"https:\\\/\\\/www.bellunopress.it\\\/2026\\\/05\\\/29\\\/nevegal-i-proprietari-delle-seconde-case-chiedono-la-riduzione-dellimu-pronti-al-confronto-con-il-comune\\\/#breadcrumb\",\"itemListElement\":[{\"@type\":\"ListItem\",\"position\":1,\"name\":\"Home\",\"item\":\"https:\\\/\\\/www.bellunopress.it\\\/\"},{\"@type\":\"ListItem\",\"position\":2,\"name\":\"Nevegal, i proprietari delle seconde case chiedono la riduzione dell&#8217;Imu: \u00abPronti al confronto con il Comune\u00bb\"}]},{\"@type\":\"WebSite\",\"@id\":\"https:\\\/\\\/www.bellunopress.it\\\/#website\",\"url\":\"https:\\\/\\\/www.bellunopress.it\\\/\",\"name\":\"Bellunopress - Dolomiti\",\"description\":\"e-mail: redazione@bellunopress.it\",\"publisher\":{\"@id\":\"https:\\\/\\\/www.bellunopress.it\\\/#organization\"},\"potentialAction\":[{\"@type\":\"SearchAction\",\"target\":{\"@type\":\"EntryPoint\",\"urlTemplate\":\"https:\\\/\\\/www.bellunopress.it\\\/?s={search_term_string}\"},\"query-input\":{\"@type\":\"PropertyValueSpecification\",\"valueRequired\":true,\"valueName\":\"search_term_string\"}}],\"inLanguage\":\"fr-FR\"},{\"@type\":\"Organization\",\"@id\":\"https:\\\/\\\/www.bellunopress.it\\\/#organization\",\"name\":\"Bellunopress\",\"url\":\"https:\\\/\\\/www.bellunopress.it\\\/\",\"logo\":{\"@type\":\"ImageObject\",\"inLanguage\":\"fr-FR\",\"@id\":\"https:\\\/\\\/www.bellunopress.it\\\/#\\\/schema\\\/logo\\\/image\\\/\",\"url\":\"https:\\\/\\\/www.bellunopress.it\\\/wp-content\\\/uploads\\\/2011\\\/05\\\/cropped-logo-bellunopress-.jpg\",\"contentUrl\":\"https:\\\/\\\/www.bellunopress.it\\\/wp-content\\\/uploads\\\/2011\\\/05\\\/cropped-logo-bellunopress-.jpg\",\"width\":512,\"height\":512,\"caption\":\"Bellunopress\"},\"image\":{\"@id\":\"https:\\\/\\\/www.bellunopress.it\\\/#\\\/schema\\\/logo\\\/image\\\/\"},\"sameAs\":[\"https:\\\/\\\/www.facebook.com\\\/profile.php?id=100008943462799\",\"https:\\\/\\\/x.com\\\/bellunopress\",\"https:\\\/\\\/www.linkedin.com\\\/hp\\\/?dnr=JBzUWaJfMUw8vbXJJ2tVW5-I3jZKvC4wsoxE&amp;amp;amp;amp;amp;amp;trk=nav_responsive_tab_home\",\"https:\\\/\\\/www.youtube.com\\\/channel\\\/UCxL0wu1uN0_3_7hGG0306cw\"]},{\"@type\":\"Person\",\"@id\":\"https:\\\/\\\/www.bellunopress.it\\\/#\\\/schema\\\/person\\\/79bb06722b37ece1c03d3e94beb30d73\",\"name\":\"redazione\",\"image\":{\"@type\":\"ImageObject\",\"inLanguage\":\"fr-FR\",\"@id\":\"https:\\\/\\\/secure.gravatar.com\\\/avatar\\\/37d968a2e67a6fd04c169c4bdef102d0bc5d31b2546345219e348575eb80e9a0?s=96&d=mm&r=g\",\"url\":\"https:\\\/\\\/secure.gravatar.com\\\/avatar\\\/37d968a2e67a6fd04c169c4bdef102d0bc5d31b2546345219e348575eb80e9a0?s=96&d=mm&r=g\",\"contentUrl\":\"https:\\\/\\\/secure.gravatar.com\\\/avatar\\\/37d968a2e67a6fd04c169c4bdef102d0bc5d31b2546345219e348575eb80e9a0?s=96&d=mm&r=g\",\"caption\":\"redazione\"},\"sameAs\":[\"http:\\\/\\\/www.bellunopress.it\",\"https:\\\/\\\/x.com\\\/bellunopress\"],\"url\":\"https:\\\/\\\/www.bellunopress.it\\\/fr\\\/author\\\/redazione\\\/\"}]}<\/script>\n<!-- \/ Yoast SEO plugin. -->","yoast_head_json":{"title":"Nevegal, i proprietari delle seconde case chiedono la riduzione dell'Imu: \u00abPronti al confronto con il Comune\u00bb - Bellunopress - Dolomiti","robots":{"index":"index","follow":"follow","max-snippet":"max-snippet:-1","max-image-preview":"max-image-preview:large","max-video-preview":"max-video-preview:-1"},"canonical":"https:\/\/www.bellunopress.it\/fr\/2026\/05\/29\/nevegal-i-proprietari-delle-seconde-case-chiedono-la-riduzione-dellimu-pronti-al-confronto-con-il-comune\/","og_locale":"fr_FR","og_type":"article","og_title":"Nevegal, i proprietari delle seconde case chiedono la riduzione dell'Imu: \u00abPronti al confronto con il Comune\u00bb - Bellunopress - Dolomiti","og_description":"Belluno, 29\/05\/2026 &#8211;\u00a0Il futuro e il rilancio del Nevegal passano anche attraverso la fiscalit\u00e0 locale. La Frazione del Colle e l&#8217;Associazione Proprietari Nevegal (APN) hanno ufficialmente aperto il dibattito sul tema dell&#8217;IMU per le seconde case, chiedendo al Comune di Belluno un tavolo di confronto istituzionale per rimodulare le aliquote alla luce delle recenti novit\u00e0 [&hellip;]","og_url":"https:\/\/www.bellunopress.it\/fr\/2026\/05\/29\/nevegal-i-proprietari-delle-seconde-case-chiedono-la-riduzione-dellimu-pronti-al-confronto-con-il-comune\/","og_site_name":"Bellunopress - Dolomiti","article_publisher":"https:\/\/www.facebook.com\/profile.php?id=100008943462799","article_published_time":"2026-05-29T07:01:58+00:00","article_modified_time":"2026-05-29T07:02:36+00:00","og_image":[{"width":1000,"height":757,"url":"https:\/\/www.bellunopress.it\/wp-content\/uploads\/2025\/03\/Daniele-Libralon_edited.jpg","type":"image\/jpeg"}],"author":"redazione","twitter_card":"summary_large_image","twitter_creator":"@bellunopress","twitter_site":"@bellunopress","twitter_misc":{"\u00c9crit par":"redazione","Dur\u00e9e de lecture estim\u00e9e":"3 minutes"},"schema":{"@context":"https:\/\/schema.org","@graph":[{"@type":"Article","@id":"https:\/\/www.bellunopress.it\/2026\/05\/29\/nevegal-i-proprietari-delle-seconde-case-chiedono-la-riduzione-dellimu-pronti-al-confronto-con-il-comune\/#article","isPartOf":{"@id":"https:\/\/www.bellunopress.it\/2026\/05\/29\/nevegal-i-proprietari-delle-seconde-case-chiedono-la-riduzione-dellimu-pronti-al-confronto-con-il-comune\/"},"author":{"name":"redazione","@id":"https:\/\/www.bellunopress.it\/#\/schema\/person\/79bb06722b37ece1c03d3e94beb30d73"},"headline":"Nevegal, i proprietari delle seconde case chiedono la riduzione dell&#8217;Imu: \u00abPronti al confronto con il Comune\u00bb","datePublished":"2026-05-29T07:01:58+00:00","dateModified":"2026-05-29T07:02:36+00:00","mainEntityOfPage":{"@id":"https:\/\/www.bellunopress.it\/2026\/05\/29\/nevegal-i-proprietari-delle-seconde-case-chiedono-la-riduzione-dellimu-pronti-al-confronto-con-il-comune\/"},"wordCount":432,"publisher":{"@id":"https:\/\/www.bellunopress.it\/#organization"},"image":{"@id":"https:\/\/www.bellunopress.it\/2026\/05\/29\/nevegal-i-proprietari-delle-seconde-case-chiedono-la-riduzione-dellimu-pronti-al-confronto-con-il-comune\/#primaryimage"},"thumbnailUrl":"https:\/\/www.bellunopress.it\/wp-content\/uploads\/2025\/03\/Daniele-Libralon_edited.jpg","articleSection":["Cronaca\/Politica"],"inLanguage":"fr-FR"},{"@type":"WebPage","@id":"https:\/\/www.bellunopress.it\/2026\/05\/29\/nevegal-i-proprietari-delle-seconde-case-chiedono-la-riduzione-dellimu-pronti-al-confronto-con-il-comune\/","url":"https:\/\/www.bellunopress.it\/2026\/05\/29\/nevegal-i-proprietari-delle-seconde-case-chiedono-la-riduzione-dellimu-pronti-al-confronto-con-il-comune\/","name":"Nevegal, i proprietari delle seconde case chiedono la riduzione dell'Imu: \u00abPronti al confronto con il Comune\u00bb - Bellunopress - Dolomiti","isPartOf":{"@id":"https:\/\/www.bellunopress.it\/#website"},"primaryImageOfPage":{"@id":"https:\/\/www.bellunopress.it\/2026\/05\/29\/nevegal-i-proprietari-delle-seconde-case-chiedono-la-riduzione-dellimu-pronti-al-confronto-con-il-comune\/#primaryimage"},"image":{"@id":"https:\/\/www.bellunopress.it\/2026\/05\/29\/nevegal-i-proprietari-delle-seconde-case-chiedono-la-riduzione-dellimu-pronti-al-confronto-con-il-comune\/#primaryimage"},"thumbnailUrl":"https:\/\/www.bellunopress.it\/wp-content\/uploads\/2025\/03\/Daniele-Libralon_edited.jpg","datePublished":"2026-05-29T07:01:58+00:00","dateModified":"2026-05-29T07:02:36+00:00","breadcrumb":{"@id":"https:\/\/www.bellunopress.it\/2026\/05\/29\/nevegal-i-proprietari-delle-seconde-case-chiedono-la-riduzione-dellimu-pronti-al-confronto-con-il-comune\/#breadcrumb"},"inLanguage":"fr-FR","potentialAction":[{"@type":"ReadAction","target":["https:\/\/www.bellunopress.it\/2026\/05\/29\/nevegal-i-proprietari-delle-seconde-case-chiedono-la-riduzione-dellimu-pronti-al-confronto-con-il-comune\/"]}]},{"@type":"ImageObject","inLanguage":"fr-FR","@id":"https:\/\/www.bellunopress.it\/2026\/05\/29\/nevegal-i-proprietari-delle-seconde-case-chiedono-la-riduzione-dellimu-pronti-al-confronto-con-il-comune\/#primaryimage","url":"https:\/\/www.bellunopress.it\/wp-content\/uploads\/2025\/03\/Daniele-Libralon_edited.jpg","contentUrl":"https:\/\/www.bellunopress.it\/wp-content\/uploads\/2025\/03\/Daniele-Libralon_edited.jpg","width":1000,"height":757,"caption":"Daniele Libralon, capofrazione Nevegal"},{"@type":"BreadcrumbList","@id":"https:\/\/www.bellunopress.it\/2026\/05\/29\/nevegal-i-proprietari-delle-seconde-case-chiedono-la-riduzione-dellimu-pronti-al-confronto-con-il-comune\/#breadcrumb","itemListElement":[{"@type":"ListItem","position":1,"name":"Home","item":"https:\/\/www.bellunopress.it\/"},{"@type":"ListItem","position":2,"name":"Nevegal, i proprietari delle seconde case chiedono la riduzione dell&#8217;Imu: \u00abPronti al confronto con il Comune\u00bb"}]},{"@type":"WebSite","@id":"https:\/\/www.bellunopress.it\/#website","url":"https:\/\/www.bellunopress.it\/","name":"Bellunopress - Dolomiti","description":"e-mail: redazione@bellunopress.it","publisher":{"@id":"https:\/\/www.bellunopress.it\/#organization"},"potentialAction":[{"@type":"SearchAction","target":{"@type":"EntryPoint","urlTemplate":"https:\/\/www.bellunopress.it\/?s={search_term_string}"},"query-input":{"@type":"PropertyValueSpecification","valueRequired":true,"valueName":"search_term_string"}}],"inLanguage":"fr-FR"},{"@type":"Organization","@id":"https:\/\/www.bellunopress.it\/#organization","name":"Bellunopress","url":"https:\/\/www.bellunopress.it\/","logo":{"@type":"ImageObject","inLanguage":"fr-FR","@id":"https:\/\/www.bellunopress.it\/#\/schema\/logo\/image\/","url":"https:\/\/www.bellunopress.it\/wp-content\/uploads\/2011\/05\/cropped-logo-bellunopress-.jpg","contentUrl":"https:\/\/www.bellunopress.it\/wp-content\/uploads\/2011\/05\/cropped-logo-bellunopress-.jpg","width":512,"height":512,"caption":"Bellunopress"},"image":{"@id":"https:\/\/www.bellunopress.it\/#\/schema\/logo\/image\/"},"sameAs":["https:\/\/www.facebook.com\/profile.php?id=100008943462799","https:\/\/x.com\/bellunopress","https:\/\/www.linkedin.com\/hp\/?dnr=JBzUWaJfMUw8vbXJJ2tVW5-I3jZKvC4wsoxE&amp;amp;amp;amp;amp;amp;trk=nav_responsive_tab_home","https:\/\/www.youtube.com\/channel\/UCxL0wu1uN0_3_7hGG0306cw"]},{"@type":"Person","@id":"https:\/\/www.bellunopress.it\/#\/schema\/person\/79bb06722b37ece1c03d3e94beb30d73","name":"r\u00e9daction","image":{"@type":"ImageObject","inLanguage":"fr-FR","@id":"https:\/\/secure.gravatar.com\/avatar\/37d968a2e67a6fd04c169c4bdef102d0bc5d31b2546345219e348575eb80e9a0?s=96&d=mm&r=g","url":"https:\/\/secure.gravatar.com\/avatar\/37d968a2e67a6fd04c169c4bdef102d0bc5d31b2546345219e348575eb80e9a0?s=96&d=mm&r=g","contentUrl":"https:\/\/secure.gravatar.com\/avatar\/37d968a2e67a6fd04c169c4bdef102d0bc5d31b2546345219e348575eb80e9a0?s=96&d=mm&r=g","caption":"redazione"},"sameAs":["http:\/\/www.bellunopress.it","https:\/\/x.com\/bellunopress"],"url":"https:\/\/www.bellunopress.it\/fr\/author\/redazione\/"}]}},"_links":{"self":[{"href":"https:\/\/www.bellunopress.it\/fr\/wp-json\/wp\/v2\/posts\/170557","targetHints":{"allow":["GET"]}}],"collection":[{"href":"https:\/\/www.bellunopress.it\/fr\/wp-json\/wp\/v2\/posts"}],"about":[{"href":"https:\/\/www.bellunopress.it\/fr\/wp-json\/wp\/v2\/types\/post"}],"author":[{"embeddable":true,"href":"https:\/\/www.bellunopress.it\/fr\/wp-json\/wp\/v2\/users\/2"}],"replies":[{"embeddable":true,"href":"https:\/\/www.bellunopress.it\/fr\/wp-json\/wp\/v2\/comments?post=170557"}],"version-history":[{"count":1,"href":"https:\/\/www.bellunopress.it\/fr\/wp-json\/wp\/v2\/posts\/170557\/revisions"}],"predecessor-version":[{"id":170558,"href":"https:\/\/www.bellunopress.it\/fr\/wp-json\/wp\/v2\/posts\/170557\/revisions\/170558"}],"wp:featuredmedia":[{"embeddable":true,"href":"https:\/\/www.bellunopress.it\/fr\/wp-json\/wp\/v2\/media\/158391"}],"wp:attachment":[{"href":"https:\/\/www.bellunopress.it\/fr\/wp-json\/wp\/v2\/media?parent=170557"}],"wp:term":[{"taxonomy":"category","embeddable":true,"href":"https:\/\/www.bellunopress.it\/fr\/wp-json\/wp\/v2\/categories?post=170557"},{"taxonomy":"post_tag","embeddable":true,"href":"https:\/\/www.bellunopress.it\/fr\/wp-json\/wp\/v2\/tags?post=170557"}],"curies":[{"name":"wp","href":"https:\/\/api.w.org\/{rel}","templated":true}]}}