{"id":170555,"date":"2026-05-28T23:36:34","date_gmt":"2026-05-28T21:36:34","guid":{"rendered":"https:\/\/www.bellunopress.it\/?p=170555"},"modified":"2026-05-28T23:36:34","modified_gmt":"2026-05-28T21:36:34","slug":"da-feltre-ad-alleghe-venerdi-il-via-al-tappone-dolomitico","status":"publish","type":"post","link":"https:\/\/www.bellunopress.it\/fr\/2026\/05\/28\/da-feltre-ad-alleghe-venerdi-il-via-al-tappone-dolomitico\/","title":{"rendered":"Da Feltre ad Alleghe, venerd\u00ec il via al tappone dolomitico"},"content":{"rendered":"<p>Belluno, 29\/05\/2026 &#8211; <strong>19ma tappa del Giro d&#8217;Italia, 151 Km con un dislivello di 5000 metri. Passo Duran, Staulanza, Giau e Falzarego ad anticipare la salita finale. Vincere qui vuol dire entrare nella storia del ciclismo.<\/strong><\/p>\n<p>L&#8217;atteso tappone dolomitico parte venerd\u00ec da Feltre, racchiusa da una possente cinta muraria che sembra voler proteggere i suoi gioielli. Proprio come succedeva una volta. Il cuore della citt\u00e0 \u00e8 Piazza Maggiore, elegante spazio rinascimentale attorno al quale si affacciano edifici storici come il Palazzo della Ragione, sede del Teatro de la Sena, e il Castello di Alboino, simbolo del potere cittadino fin dal XII secolo. Per raggiungerla si percorre Via Mezzaterra, che affascina con il succedersi di palazzi signorili e giochi prospettici di grande suggestione. Dai tempi del potere terreno si passa alla Cattedrale di San Pietro. Tra i tesori che custodisce spiccano la cattedra in marmo rosa del XIII secolo posta nell&#8217;abside e la croce bizantina del 542 in legno di bosso con scolpite 52 scene del Nuovo Testamento. Sotto il sagrato si estende un&#8217;importante area archeologica che testimonia la Feltria romana, con resti di edifici, strade e strutture che raccontano l&#8217;evoluzione urbana della citt\u00e0 fino al Medioevo.<\/p>\n<p>Subito dopo il via si sosta a Cesiomaggiore sede del Museo storico della bicicletta Toni Bevilacqua al cui interno si ammirano decine di bici storiche e cimeli appartenuti a grandi campioni del pedale. Oltrepassata poi la Certosa di Vedana, grandioso complesso monastico del XV secolo, si arriva ad Agordo.<\/p>\n<p>La cittadina posta sulle rive del Cordevole, offre innanzitutto un bel colpo d&#8217;occhio sulle Dolomiti bellunesi, in particolare sul Monte Agner, sulle Pale di San Lucano e sulla Moiazza, ovvero la propaggine meridionale del Civetta. La cinquecentesca Villa Crotta &#8211; De&#8217; Manzoni in origine residenza dei proprietari del Centro minerario della Valle Imperina, a sua volta visitabile a breve distanza dalla cittadina, \u00e8 il monumento pi\u00f9 fastoso di Agordo. Ci si immerge nelle Dolomiti pi\u00f9 silenziose risalendo la strada del Passo Duran, che unisce l&#8217;Agordino con la Val di Zoldo. A Forno di Zoldo, il Museo del ferro e del chiodo celebra con semplicit\u00e0 l&#8217;epoca (dal XVI al XIX secolo) in cui la lavorazione del ferro e la produzione dei chiodi costituivano una delle principali fonti di sostentamento delle genti zoldane. Che in seguito divennero famose aprendo gelaterie artigianali in tutto il mondo.<\/p>\n<p>A Selva di Cadore si fa visita all&#8217;Uomo di Mondeval, un cacciatore del Mesolitico i cui resti furono rinvenuti nel 1987 a breve distanza dal paese. E&#8217; lui l&#8217;ospite d&#8217;onore del Museo Vittorino Zacchetta, che si articola anche con sezioni dedicate alla archeologia e alla storia della valle.<\/p>\n<p>Ancora pochi chilometri e si giunge sulle rive del Lago di Alleghe. Lo specchio d&#8217;acqua, oggi serenamente incastonato tra foreste e le pendici del Civetta, fu originato da una frana che nel 1771 blocc\u00f2 il corso del fiume Cordevole determinando cos\u00ec la formazione del lago. Oggi Alleghe \u00e8 un&#8217;attrezzata stazione turistica, apprezzata in tutte le stagioni dell&#8217;anno anche per la squisita ospitalit\u00e0. Inizia da qui la salita verso il traguardo di giornata collocato a Piani di Pezz\u00e8, frequentato da escursionisti, arrampicatori e da ogni amante del bello. Perch\u00e9 qui in Civetta si ammira in tutta la sua magnificenza. E lo si pu\u00f2 quasi toccare con mano.<\/p>\n<p>&nbsp;<\/p>\n<p>&nbsp;<\/p>\n<p>&nbsp;<\/p>\n<p>&nbsp;<\/p>","protected":false},"excerpt":{"rendered":"<p>Belluno, 29\/05\/2026 &#8211; 19ma tappa del Giro d&#8217;Italia, 151 Km con un dislivello di 5000 metri. Passo Duran, Staulanza, Giau e Falzarego ad anticipare la salita finale. Vincere qui vuol dire entrare nella storia del ciclismo. L&#8217;atteso tappone dolomitico parte venerd\u00ec da Feltre, racchiusa da una possente cinta muraria che sembra voler proteggere i suoi [&hellip;]<\/p>\n","protected":false},"author":2,"featured_media":169807,"comment_status":"closed","ping_status":"open","sticky":false,"template":"","format":"standard","meta":{"footnotes":""},"categories":[26,4],"tags":[],"class_list":["post-170555","post","type-post","status-publish","format-standard","has-post-thumbnail","category-prima-pagina","category-sport"],"yoast_head":"<!-- This site is optimized with the Yoast SEO plugin v28.4 - https:\/\/yoast.com\/product\/yoast-seo-wordpress\/ -->\n<title>Da Feltre ad Alleghe, venerd\u00ec il via al tappone dolomitico - Bellunopress - Dolomiti<\/title>\n<meta name=\"robots\" content=\"index, follow, max-snippet:-1, max-image-preview:large, max-video-preview:-1\" \/>\n<link rel=\"canonical\" href=\"https:\/\/www.bellunopress.it\/fr\/2026\/05\/28\/da-feltre-ad-alleghe-venerdi-il-via-al-tappone-dolomitico\/\" \/>\n<meta property=\"og:locale\" content=\"fr_FR\" \/>\n<meta property=\"og:type\" content=\"article\" \/>\n<meta property=\"og:title\" content=\"Da Feltre ad Alleghe, venerd\u00ec il via al tappone dolomitico - Bellunopress - Dolomiti\" \/>\n<meta property=\"og:description\" content=\"Belluno, 29\/05\/2026 &#8211; 19ma tappa del Giro d&#8217;Italia, 151 Km con un dislivello di 5000 metri. Passo Duran, Staulanza, Giau e Falzarego ad anticipare la salita finale. Vincere qui vuol dire entrare nella storia del ciclismo. L&#8217;atteso tappone dolomitico parte venerd\u00ec da Feltre, racchiusa da una possente cinta muraria che sembra voler proteggere i suoi [&hellip;]\" \/>\n<meta property=\"og:url\" content=\"https:\/\/www.bellunopress.it\/fr\/2026\/05\/28\/da-feltre-ad-alleghe-venerdi-il-via-al-tappone-dolomitico\/\" \/>\n<meta property=\"og:site_name\" content=\"Bellunopress - Dolomiti\" \/>\n<meta property=\"article:publisher\" content=\"https:\/\/www.facebook.com\/profile.php?id=100008943462799\" \/>\n<meta property=\"article:published_time\" content=\"2026-05-28T21:36:34+00:00\" \/>\n<meta property=\"og:image\" content=\"https:\/\/www.bellunopress.it\/wp-content\/uploads\/2026\/05\/Giro-dItalia-2026.jpg\" \/>\n\t<meta property=\"og:image:width\" content=\"533\" \/>\n\t<meta property=\"og:image:height\" content=\"204\" \/>\n\t<meta property=\"og:image:type\" content=\"image\/jpeg\" \/>\n<meta name=\"author\" content=\"redazione\" \/>\n<meta name=\"twitter:card\" content=\"summary_large_image\" \/>\n<meta name=\"twitter:creator\" content=\"@bellunopress\" \/>\n<meta name=\"twitter:site\" content=\"@bellunopress\" \/>\n<meta name=\"twitter:label1\" content=\"\u00c9crit par\" \/>\n\t<meta name=\"twitter:data1\" content=\"redazione\" \/>\n\t<meta name=\"twitter:label2\" content=\"Dur\u00e9e de lecture estim\u00e9e\" \/>\n\t<meta name=\"twitter:data2\" content=\"4 minutes\" \/>\n<script type=\"application\/ld+json\" class=\"yoast-schema-graph\">{\"@context\":\"https:\\\/\\\/schema.org\",\"@graph\":[{\"@type\":\"Article\",\"@id\":\"https:\\\/\\\/www.bellunopress.it\\\/2026\\\/05\\\/28\\\/da-feltre-ad-alleghe-venerdi-il-via-al-tappone-dolomitico\\\/#article\",\"isPartOf\":{\"@id\":\"https:\\\/\\\/www.bellunopress.it\\\/2026\\\/05\\\/28\\\/da-feltre-ad-alleghe-venerdi-il-via-al-tappone-dolomitico\\\/\"},\"author\":{\"name\":\"redazione\",\"@id\":\"https:\\\/\\\/www.bellunopress.it\\\/#\\\/schema\\\/person\\\/79bb06722b37ece1c03d3e94beb30d73\"},\"headline\":\"Da Feltre ad Alleghe, venerd\u00ec il via al tappone dolomitico\",\"datePublished\":\"2026-05-28T21:36:34+00:00\",\"mainEntityOfPage\":{\"@id\":\"https:\\\/\\\/www.bellunopress.it\\\/2026\\\/05\\\/28\\\/da-feltre-ad-alleghe-venerdi-il-via-al-tappone-dolomitico\\\/\"},\"wordCount\":560,\"publisher\":{\"@id\":\"https:\\\/\\\/www.bellunopress.it\\\/#organization\"},\"image\":{\"@id\":\"https:\\\/\\\/www.bellunopress.it\\\/2026\\\/05\\\/28\\\/da-feltre-ad-alleghe-venerdi-il-via-al-tappone-dolomitico\\\/#primaryimage\"},\"thumbnailUrl\":\"https:\\\/\\\/www.bellunopress.it\\\/wp-content\\\/uploads\\\/2026\\\/05\\\/Giro-dItalia-2026.jpg\",\"articleSection\":[\"Prima Pagina\",\"Sport, tempo libero\"],\"inLanguage\":\"fr-FR\"},{\"@type\":\"WebPage\",\"@id\":\"https:\\\/\\\/www.bellunopress.it\\\/2026\\\/05\\\/28\\\/da-feltre-ad-alleghe-venerdi-il-via-al-tappone-dolomitico\\\/\",\"url\":\"https:\\\/\\\/www.bellunopress.it\\\/2026\\\/05\\\/28\\\/da-feltre-ad-alleghe-venerdi-il-via-al-tappone-dolomitico\\\/\",\"name\":\"Da Feltre ad Alleghe, venerd\u00ec il via al tappone dolomitico - Bellunopress - Dolomiti\",\"isPartOf\":{\"@id\":\"https:\\\/\\\/www.bellunopress.it\\\/#website\"},\"primaryImageOfPage\":{\"@id\":\"https:\\\/\\\/www.bellunopress.it\\\/2026\\\/05\\\/28\\\/da-feltre-ad-alleghe-venerdi-il-via-al-tappone-dolomitico\\\/#primaryimage\"},\"image\":{\"@id\":\"https:\\\/\\\/www.bellunopress.it\\\/2026\\\/05\\\/28\\\/da-feltre-ad-alleghe-venerdi-il-via-al-tappone-dolomitico\\\/#primaryimage\"},\"thumbnailUrl\":\"https:\\\/\\\/www.bellunopress.it\\\/wp-content\\\/uploads\\\/2026\\\/05\\\/Giro-dItalia-2026.jpg\",\"datePublished\":\"2026-05-28T21:36:34+00:00\",\"breadcrumb\":{\"@id\":\"https:\\\/\\\/www.bellunopress.it\\\/2026\\\/05\\\/28\\\/da-feltre-ad-alleghe-venerdi-il-via-al-tappone-dolomitico\\\/#breadcrumb\"},\"inLanguage\":\"fr-FR\",\"potentialAction\":[{\"@type\":\"ReadAction\",\"target\":[\"https:\\\/\\\/www.bellunopress.it\\\/2026\\\/05\\\/28\\\/da-feltre-ad-alleghe-venerdi-il-via-al-tappone-dolomitico\\\/\"]}]},{\"@type\":\"ImageObject\",\"inLanguage\":\"fr-FR\",\"@id\":\"https:\\\/\\\/www.bellunopress.it\\\/2026\\\/05\\\/28\\\/da-feltre-ad-alleghe-venerdi-il-via-al-tappone-dolomitico\\\/#primaryimage\",\"url\":\"https:\\\/\\\/www.bellunopress.it\\\/wp-content\\\/uploads\\\/2026\\\/05\\\/Giro-dItalia-2026.jpg\",\"contentUrl\":\"https:\\\/\\\/www.bellunopress.it\\\/wp-content\\\/uploads\\\/2026\\\/05\\\/Giro-dItalia-2026.jpg\",\"width\":533,\"height\":204},{\"@type\":\"BreadcrumbList\",\"@id\":\"https:\\\/\\\/www.bellunopress.it\\\/2026\\\/05\\\/28\\\/da-feltre-ad-alleghe-venerdi-il-via-al-tappone-dolomitico\\\/#breadcrumb\",\"itemListElement\":[{\"@type\":\"ListItem\",\"position\":1,\"name\":\"Home\",\"item\":\"https:\\\/\\\/www.bellunopress.it\\\/\"},{\"@type\":\"ListItem\",\"position\":2,\"name\":\"Da Feltre ad Alleghe, venerd\u00ec il via al tappone dolomitico\"}]},{\"@type\":\"WebSite\",\"@id\":\"https:\\\/\\\/www.bellunopress.it\\\/#website\",\"url\":\"https:\\\/\\\/www.bellunopress.it\\\/\",\"name\":\"Bellunopress - Dolomiti\",\"description\":\"e-mail: redazione@bellunopress.it\",\"publisher\":{\"@id\":\"https:\\\/\\\/www.bellunopress.it\\\/#organization\"},\"potentialAction\":[{\"@type\":\"SearchAction\",\"target\":{\"@type\":\"EntryPoint\",\"urlTemplate\":\"https:\\\/\\\/www.bellunopress.it\\\/?s={search_term_string}\"},\"query-input\":{\"@type\":\"PropertyValueSpecification\",\"valueRequired\":true,\"valueName\":\"search_term_string\"}}],\"inLanguage\":\"fr-FR\"},{\"@type\":\"Organization\",\"@id\":\"https:\\\/\\\/www.bellunopress.it\\\/#organization\",\"name\":\"Bellunopress\",\"url\":\"https:\\\/\\\/www.bellunopress.it\\\/\",\"logo\":{\"@type\":\"ImageObject\",\"inLanguage\":\"fr-FR\",\"@id\":\"https:\\\/\\\/www.bellunopress.it\\\/#\\\/schema\\\/logo\\\/image\\\/\",\"url\":\"https:\\\/\\\/www.bellunopress.it\\\/wp-content\\\/uploads\\\/2011\\\/05\\\/cropped-logo-bellunopress-.jpg\",\"contentUrl\":\"https:\\\/\\\/www.bellunopress.it\\\/wp-content\\\/uploads\\\/2011\\\/05\\\/cropped-logo-bellunopress-.jpg\",\"width\":512,\"height\":512,\"caption\":\"Bellunopress\"},\"image\":{\"@id\":\"https:\\\/\\\/www.bellunopress.it\\\/#\\\/schema\\\/logo\\\/image\\\/\"},\"sameAs\":[\"https:\\\/\\\/www.facebook.com\\\/profile.php?id=100008943462799\",\"https:\\\/\\\/x.com\\\/bellunopress\",\"https:\\\/\\\/www.linkedin.com\\\/hp\\\/?dnr=JBzUWaJfMUw8vbXJJ2tVW5-I3jZKvC4wsoxE&amp;amp;amp;amp;amp;amp;trk=nav_responsive_tab_home\",\"https:\\\/\\\/www.youtube.com\\\/channel\\\/UCxL0wu1uN0_3_7hGG0306cw\"]},{\"@type\":\"Person\",\"@id\":\"https:\\\/\\\/www.bellunopress.it\\\/#\\\/schema\\\/person\\\/79bb06722b37ece1c03d3e94beb30d73\",\"name\":\"redazione\",\"image\":{\"@type\":\"ImageObject\",\"inLanguage\":\"fr-FR\",\"@id\":\"https:\\\/\\\/secure.gravatar.com\\\/avatar\\\/37d968a2e67a6fd04c169c4bdef102d0bc5d31b2546345219e348575eb80e9a0?s=96&d=mm&r=g\",\"url\":\"https:\\\/\\\/secure.gravatar.com\\\/avatar\\\/37d968a2e67a6fd04c169c4bdef102d0bc5d31b2546345219e348575eb80e9a0?s=96&d=mm&r=g\",\"contentUrl\":\"https:\\\/\\\/secure.gravatar.com\\\/avatar\\\/37d968a2e67a6fd04c169c4bdef102d0bc5d31b2546345219e348575eb80e9a0?s=96&d=mm&r=g\",\"caption\":\"redazione\"},\"sameAs\":[\"http:\\\/\\\/www.bellunopress.it\",\"https:\\\/\\\/x.com\\\/bellunopress\"],\"url\":\"https:\\\/\\\/www.bellunopress.it\\\/fr\\\/author\\\/redazione\\\/\"}]}<\/script>\n<!-- \/ Yoast SEO plugin. -->","yoast_head_json":{"title":"Da Feltre ad Alleghe, venerd\u00ec il via al tappone dolomitico - Bellunopress - Dolomiti","robots":{"index":"index","follow":"follow","max-snippet":"max-snippet:-1","max-image-preview":"max-image-preview:large","max-video-preview":"max-video-preview:-1"},"canonical":"https:\/\/www.bellunopress.it\/fr\/2026\/05\/28\/da-feltre-ad-alleghe-venerdi-il-via-al-tappone-dolomitico\/","og_locale":"fr_FR","og_type":"article","og_title":"Da Feltre ad Alleghe, venerd\u00ec il via al tappone dolomitico - Bellunopress - Dolomiti","og_description":"Belluno, 29\/05\/2026 &#8211; 19ma tappa del Giro d&#8217;Italia, 151 Km con un dislivello di 5000 metri. Passo Duran, Staulanza, Giau e Falzarego ad anticipare la salita finale. Vincere qui vuol dire entrare nella storia del ciclismo. L&#8217;atteso tappone dolomitico parte venerd\u00ec da Feltre, racchiusa da una possente cinta muraria che sembra voler proteggere i suoi [&hellip;]","og_url":"https:\/\/www.bellunopress.it\/fr\/2026\/05\/28\/da-feltre-ad-alleghe-venerdi-il-via-al-tappone-dolomitico\/","og_site_name":"Bellunopress - Dolomiti","article_publisher":"https:\/\/www.facebook.com\/profile.php?id=100008943462799","article_published_time":"2026-05-28T21:36:34+00:00","og_image":[{"width":533,"height":204,"url":"https:\/\/www.bellunopress.it\/wp-content\/uploads\/2026\/05\/Giro-dItalia-2026.jpg","type":"image\/jpeg"}],"author":"redazione","twitter_card":"summary_large_image","twitter_creator":"@bellunopress","twitter_site":"@bellunopress","twitter_misc":{"\u00c9crit par":"redazione","Dur\u00e9e de lecture estim\u00e9e":"4 minutes"},"schema":{"@context":"https:\/\/schema.org","@graph":[{"@type":"Article","@id":"https:\/\/www.bellunopress.it\/2026\/05\/28\/da-feltre-ad-alleghe-venerdi-il-via-al-tappone-dolomitico\/#article","isPartOf":{"@id":"https:\/\/www.bellunopress.it\/2026\/05\/28\/da-feltre-ad-alleghe-venerdi-il-via-al-tappone-dolomitico\/"},"author":{"name":"redazione","@id":"https:\/\/www.bellunopress.it\/#\/schema\/person\/79bb06722b37ece1c03d3e94beb30d73"},"headline":"Da Feltre ad Alleghe, venerd\u00ec il via al tappone dolomitico","datePublished":"2026-05-28T21:36:34+00:00","mainEntityOfPage":{"@id":"https:\/\/www.bellunopress.it\/2026\/05\/28\/da-feltre-ad-alleghe-venerdi-il-via-al-tappone-dolomitico\/"},"wordCount":560,"publisher":{"@id":"https:\/\/www.bellunopress.it\/#organization"},"image":{"@id":"https:\/\/www.bellunopress.it\/2026\/05\/28\/da-feltre-ad-alleghe-venerdi-il-via-al-tappone-dolomitico\/#primaryimage"},"thumbnailUrl":"https:\/\/www.bellunopress.it\/wp-content\/uploads\/2026\/05\/Giro-dItalia-2026.jpg","articleSection":["Prima Pagina","Sport, tempo libero"],"inLanguage":"fr-FR"},{"@type":"WebPage","@id":"https:\/\/www.bellunopress.it\/2026\/05\/28\/da-feltre-ad-alleghe-venerdi-il-via-al-tappone-dolomitico\/","url":"https:\/\/www.bellunopress.it\/2026\/05\/28\/da-feltre-ad-alleghe-venerdi-il-via-al-tappone-dolomitico\/","name":"Da Feltre ad Alleghe, venerd\u00ec il via al tappone dolomitico - Bellunopress - Dolomiti","isPartOf":{"@id":"https:\/\/www.bellunopress.it\/#website"},"primaryImageOfPage":{"@id":"https:\/\/www.bellunopress.it\/2026\/05\/28\/da-feltre-ad-alleghe-venerdi-il-via-al-tappone-dolomitico\/#primaryimage"},"image":{"@id":"https:\/\/www.bellunopress.it\/2026\/05\/28\/da-feltre-ad-alleghe-venerdi-il-via-al-tappone-dolomitico\/#primaryimage"},"thumbnailUrl":"https:\/\/www.bellunopress.it\/wp-content\/uploads\/2026\/05\/Giro-dItalia-2026.jpg","datePublished":"2026-05-28T21:36:34+00:00","breadcrumb":{"@id":"https:\/\/www.bellunopress.it\/2026\/05\/28\/da-feltre-ad-alleghe-venerdi-il-via-al-tappone-dolomitico\/#breadcrumb"},"inLanguage":"fr-FR","potentialAction":[{"@type":"ReadAction","target":["https:\/\/www.bellunopress.it\/2026\/05\/28\/da-feltre-ad-alleghe-venerdi-il-via-al-tappone-dolomitico\/"]}]},{"@type":"ImageObject","inLanguage":"fr-FR","@id":"https:\/\/www.bellunopress.it\/2026\/05\/28\/da-feltre-ad-alleghe-venerdi-il-via-al-tappone-dolomitico\/#primaryimage","url":"https:\/\/www.bellunopress.it\/wp-content\/uploads\/2026\/05\/Giro-dItalia-2026.jpg","contentUrl":"https:\/\/www.bellunopress.it\/wp-content\/uploads\/2026\/05\/Giro-dItalia-2026.jpg","width":533,"height":204},{"@type":"BreadcrumbList","@id":"https:\/\/www.bellunopress.it\/2026\/05\/28\/da-feltre-ad-alleghe-venerdi-il-via-al-tappone-dolomitico\/#breadcrumb","itemListElement":[{"@type":"ListItem","position":1,"name":"Home","item":"https:\/\/www.bellunopress.it\/"},{"@type":"ListItem","position":2,"name":"Da Feltre ad Alleghe, venerd\u00ec il via al tappone dolomitico"}]},{"@type":"WebSite","@id":"https:\/\/www.bellunopress.it\/#website","url":"https:\/\/www.bellunopress.it\/","name":"Bellunopress - Dolomiti","description":"e-mail: redazione@bellunopress.it","publisher":{"@id":"https:\/\/www.bellunopress.it\/#organization"},"potentialAction":[{"@type":"SearchAction","target":{"@type":"EntryPoint","urlTemplate":"https:\/\/www.bellunopress.it\/?s={search_term_string}"},"query-input":{"@type":"PropertyValueSpecification","valueRequired":true,"valueName":"search_term_string"}}],"inLanguage":"fr-FR"},{"@type":"Organization","@id":"https:\/\/www.bellunopress.it\/#organization","name":"Bellunopress","url":"https:\/\/www.bellunopress.it\/","logo":{"@type":"ImageObject","inLanguage":"fr-FR","@id":"https:\/\/www.bellunopress.it\/#\/schema\/logo\/image\/","url":"https:\/\/www.bellunopress.it\/wp-content\/uploads\/2011\/05\/cropped-logo-bellunopress-.jpg","contentUrl":"https:\/\/www.bellunopress.it\/wp-content\/uploads\/2011\/05\/cropped-logo-bellunopress-.jpg","width":512,"height":512,"caption":"Bellunopress"},"image":{"@id":"https:\/\/www.bellunopress.it\/#\/schema\/logo\/image\/"},"sameAs":["https:\/\/www.facebook.com\/profile.php?id=100008943462799","https:\/\/x.com\/bellunopress","https:\/\/www.linkedin.com\/hp\/?dnr=JBzUWaJfMUw8vbXJJ2tVW5-I3jZKvC4wsoxE&amp;amp;amp;amp;amp;amp;trk=nav_responsive_tab_home","https:\/\/www.youtube.com\/channel\/UCxL0wu1uN0_3_7hGG0306cw"]},{"@type":"Person","@id":"https:\/\/www.bellunopress.it\/#\/schema\/person\/79bb06722b37ece1c03d3e94beb30d73","name":"r\u00e9daction","image":{"@type":"ImageObject","inLanguage":"fr-FR","@id":"https:\/\/secure.gravatar.com\/avatar\/37d968a2e67a6fd04c169c4bdef102d0bc5d31b2546345219e348575eb80e9a0?s=96&d=mm&r=g","url":"https:\/\/secure.gravatar.com\/avatar\/37d968a2e67a6fd04c169c4bdef102d0bc5d31b2546345219e348575eb80e9a0?s=96&d=mm&r=g","contentUrl":"https:\/\/secure.gravatar.com\/avatar\/37d968a2e67a6fd04c169c4bdef102d0bc5d31b2546345219e348575eb80e9a0?s=96&d=mm&r=g","caption":"redazione"},"sameAs":["http:\/\/www.bellunopress.it","https:\/\/x.com\/bellunopress"],"url":"https:\/\/www.bellunopress.it\/fr\/author\/redazione\/"}]}},"_links":{"self":[{"href":"https:\/\/www.bellunopress.it\/fr\/wp-json\/wp\/v2\/posts\/170555","targetHints":{"allow":["GET"]}}],"collection":[{"href":"https:\/\/www.bellunopress.it\/fr\/wp-json\/wp\/v2\/posts"}],"about":[{"href":"https:\/\/www.bellunopress.it\/fr\/wp-json\/wp\/v2\/types\/post"}],"author":[{"embeddable":true,"href":"https:\/\/www.bellunopress.it\/fr\/wp-json\/wp\/v2\/users\/2"}],"replies":[{"embeddable":true,"href":"https:\/\/www.bellunopress.it\/fr\/wp-json\/wp\/v2\/comments?post=170555"}],"version-history":[{"count":1,"href":"https:\/\/www.bellunopress.it\/fr\/wp-json\/wp\/v2\/posts\/170555\/revisions"}],"predecessor-version":[{"id":170556,"href":"https:\/\/www.bellunopress.it\/fr\/wp-json\/wp\/v2\/posts\/170555\/revisions\/170556"}],"wp:featuredmedia":[{"embeddable":true,"href":"https:\/\/www.bellunopress.it\/fr\/wp-json\/wp\/v2\/media\/169807"}],"wp:attachment":[{"href":"https:\/\/www.bellunopress.it\/fr\/wp-json\/wp\/v2\/media?parent=170555"}],"wp:term":[{"taxonomy":"category","embeddable":true,"href":"https:\/\/www.bellunopress.it\/fr\/wp-json\/wp\/v2\/categories?post=170555"},{"taxonomy":"post_tag","embeddable":true,"href":"https:\/\/www.bellunopress.it\/fr\/wp-json\/wp\/v2\/tags?post=170555"}],"curies":[{"name":"wp","href":"https:\/\/api.w.org\/{rel}","templated":true}]}}