{"id":170552,"date":"2026-05-28T23:12:24","date_gmt":"2026-05-28T21:12:24","guid":{"rendered":"https:\/\/www.bellunopress.it\/?p=170552"},"modified":"2026-05-28T23:12:24","modified_gmt":"2026-05-28T21:12:24","slug":"flondar-e-dintorni-verso-lermada-la-prima-guerra-mondiale-minuto-per-minuto-sulle-colline-di-trieste","status":"publish","type":"post","link":"https:\/\/www.bellunopress.it\/fr\/2026\/05\/28\/flondar-e-dintorni-verso-lermada-la-prima-guerra-mondiale-minuto-per-minuto-sulle-colline-di-trieste\/","title":{"rendered":"Flondar e dintorni, verso l\u2019Ermada. La Prima guerra mondiale minuto per minuto sulle colline di Trieste"},"content":{"rendered":"<p data-path-to-node=\"1\">Belluno, 28\/05\/2026 &#8211;\u00a0Si \u00e8 tenuta questa sera al ristorante La Taverna di Belluno, un\u2019intensa serata culturale organizzata dall&#8217;associazione Liberal Belluno. Con l&#8217;introduzione della presidente Rosalba Schenal, la conferenza dal titolo &#8220;Flondar e dintorni, verso l&#8217;Ermada&#8221;, ha acceso i riflettori su una delle pagine pi\u00f9 drammatiche e significative della Grande Guerra sul fronte triestino.<\/p>\n<p data-path-to-node=\"4\">Protagonista dell&#8217;incontro \u00e8 stato Paolo Gropuzzo, figura di spicco delle istituzioni italiane \u2014 gi\u00e0 ufficiale di complemento dell&#8217;Esercito e successivamente dirigente generale della Polizia di Stato e storico comandante del N.O.C.S. \u2014 in veste di relatore e autore di un libro di prossima pubblicazione. L&#8217;incontro, condotto da Franco Tosolini, ha offerto una prospettiva che va ben oltre la cronaca militare.<\/p>\n<p data-path-to-node=\"6\">Durante il suo intervento, Gropuzzo ha analizzato il delicato contesto dell&#8217;entrata in guerra dell&#8217;Italia nel 1915. Nonostante il legame con la Triplice Alleanza, l&#8217;Austro-Ungheria era percepita come un &#8220;nemico atavico&#8221; per i fatti del Risorgimento. L&#8217;autore ha evidenziato come la maggioranza degli italiani e del Parlamento fossero inizialmente contrari all&#8217;intervento, deciso infine da complesse trattative segrete e dalle promesse territoriali di Francia e Inghilterra.<\/p>\n<p data-path-to-node=\"7\">Questa mobilitazione rappresent\u00f2 uno shock senza precedenti per un&#8217;Italia ancora agricola: circa 6 milioni di persone furono mobilitate, portando a uno sradicamento sociale totale. Gropuzzo ha anche reso omaggio alla &#8220;rivoluzione silenziosa&#8221; delle donne, che per la prima volta occuparono ruoli maschili nella societ\u00e0 e nell&#8217;economia bellica.<\/p>\n<p data-path-to-node=\"9\">La particolarit\u00e0 dell&#8217;approccio di Gropuzzo risiede nella volont\u00e0 di narrare la &#8220;Grande Storia&#8221; partendo dal basso: <i style=\"color: #111111; font-family: Roboto, sans-serif; font-size: 16px;\" data-path-to-node=\"10,0\" data-index-in-node=\"0\">&#8220;Ho cercato di far capire cosa passasse nelle loro teste, o meglio ancora nel loro cuore, in quei frangenti&#8221;<\/i><span style=\"color: #111111; font-family: Roboto, sans-serif; font-size: 16px; font-style: italic;\">, ha spiegato l\u2019autore.<\/span><\/p>\n<p data-path-to-node=\"11\">Il focus si \u00e8 concentrato sulla decima e undicesima battaglia del 1917, scontri di proporzioni gigantesche che videro coinvolti oltre un milione e mezzo di uomini sul territorio nazionale, cifre mai pi\u00f9 raggiunte. Il racconto si \u00e8 avvalso di diari e appunti scritti &#8220;minuto per minuto&#8221;, incrociando spesso la versione italiana con quella austriaca per restituire una visione d&#8217;insieme autentica.<\/p>\n<p data-path-to-node=\"13\">L&#8217;autore ha descritto con realismo le terribili condizioni nelle trincee, dove la morte arrivava spesso dall&#8217;alto, attraverso un&#8217;artiglieria che uccideva a distanza senza contatto diretto. Oltre alle bombe, i soldati dovevano affrontare parassiti, tifo, malaria e una convivenza forzata con l&#8217;orrore. In un&#8217;epoca priva di penicillina, le ferite portavano spesso a migliaia di amputazioni, creando una generazione di mutilati profondamente segnati nel corpo e nello spirito, molti dei quali non ebbero nemmeno il coraggio di tornare a casa per la vergogna della propria condizione.<\/p>\n<p data-path-to-node=\"15\">Gropuzzo ha infine spiegato il valore cruciale dell&#8217;altura dell&#8217;Ermada. Non era solo un obiettivo simbolico per raggiungere Trieste; la sua conquista avrebbe aperto la strada verso Lubiana e Vienna. Fu proprio questa minaccia al cuore dell&#8217;Impero a spingere la Germania a intervenire massicciamente, portando poi agli eventi che condussero alla rotta di Caporetto.<\/p>\n<p data-path-to-node=\"16\">La serata ha confermato l&#8217;impegno consolidato dell&#8217;Associazione Liberal Belluno nel proporre temi capaci di far parlare il passato al cuore e alla coscienza del presente.<\/p>","protected":false},"excerpt":{"rendered":"<p>Belluno, 28\/05\/2026 &#8211;\u00a0Si \u00e8 tenuta questa sera al ristorante La Taverna di Belluno, un\u2019intensa serata culturale organizzata dall&#8217;associazione Liberal Belluno. Con l&#8217;introduzione della presidente Rosalba Schenal, la conferenza dal titolo &#8220;Flondar e dintorni, verso l&#8217;Ermada&#8221;, ha acceso i riflettori su una delle pagine pi\u00f9 drammatiche e significative della Grande Guerra sul fronte triestino. Protagonista dell&#8217;incontro [&hellip;]<\/p>\n","protected":false},"author":2,"featured_media":170553,"comment_status":"closed","ping_status":"open","sticky":false,"template":"","format":"standard","meta":{"footnotes":""},"categories":[3,25],"tags":[],"class_list":["post-170552","post","type-post","status-publish","format-standard","has-post-thumbnail","category-arte-cultura-spettacoli-scienza-archivi","category-pausa-caffe"],"yoast_head":"<!-- This site is optimized with the Yoast SEO plugin v28.4 - https:\/\/yoast.com\/product\/yoast-seo-wordpress\/ -->\n<title>Flondar e dintorni, verso l\u2019Ermada. La Prima guerra mondiale minuto per minuto sulle colline di Trieste - Bellunopress - Dolomiti<\/title>\n<meta name=\"robots\" content=\"index, follow, max-snippet:-1, max-image-preview:large, max-video-preview:-1\" \/>\n<link rel=\"canonical\" href=\"https:\/\/www.bellunopress.it\/fr\/2026\/05\/28\/flondar-e-dintorni-verso-lermada-la-prima-guerra-mondiale-minuto-per-minuto-sulle-colline-di-trieste\/\" \/>\n<meta property=\"og:locale\" content=\"fr_FR\" \/>\n<meta property=\"og:type\" content=\"article\" \/>\n<meta property=\"og:title\" content=\"Flondar e dintorni, verso l\u2019Ermada. La Prima guerra mondiale minuto per minuto sulle colline di Trieste - Bellunopress - Dolomiti\" \/>\n<meta property=\"og:description\" content=\"Belluno, 28\/05\/2026 &#8211;\u00a0Si \u00e8 tenuta questa sera al ristorante La Taverna di Belluno, un\u2019intensa serata culturale organizzata dall&#8217;associazione Liberal Belluno. Con l&#8217;introduzione della presidente Rosalba Schenal, la conferenza dal titolo &#8220;Flondar e dintorni, verso l&#8217;Ermada&#8221;, ha acceso i riflettori su una delle pagine pi\u00f9 drammatiche e significative della Grande Guerra sul fronte triestino. Protagonista dell&#8217;incontro [&hellip;]\" \/>\n<meta property=\"og:url\" content=\"https:\/\/www.bellunopress.it\/fr\/2026\/05\/28\/flondar-e-dintorni-verso-lermada-la-prima-guerra-mondiale-minuto-per-minuto-sulle-colline-di-trieste\/\" \/>\n<meta property=\"og:site_name\" content=\"Bellunopress - Dolomiti\" \/>\n<meta property=\"article:publisher\" content=\"https:\/\/www.facebook.com\/profile.php?id=100008943462799\" \/>\n<meta property=\"article:published_time\" content=\"2026-05-28T21:12:24+00:00\" \/>\n<meta property=\"og:image\" content=\"https:\/\/www.bellunopress.it\/wp-content\/uploads\/2026\/05\/Paolo-Gropuzzo-autore-gia-dirigente-generale-della-Polizia-di-Stato-comandante-dei-Nocs.jpeg\" \/>\n\t<meta property=\"og:image:width\" content=\"500\" \/>\n\t<meta property=\"og:image:height\" content=\"480\" \/>\n\t<meta property=\"og:image:type\" content=\"image\/jpeg\" \/>\n<meta name=\"author\" content=\"redazione\" \/>\n<meta name=\"twitter:card\" content=\"summary_large_image\" \/>\n<meta name=\"twitter:creator\" content=\"@bellunopress\" \/>\n<meta name=\"twitter:site\" content=\"@bellunopress\" \/>\n<meta name=\"twitter:label1\" content=\"\u00c9crit par\" \/>\n\t<meta name=\"twitter:data1\" content=\"redazione\" \/>\n\t<meta name=\"twitter:label2\" content=\"Dur\u00e9e de lecture estim\u00e9e\" \/>\n\t<meta name=\"twitter:data2\" content=\"3 minutes\" \/>\n<script type=\"application\/ld+json\" class=\"yoast-schema-graph\">{\"@context\":\"https:\\\/\\\/schema.org\",\"@graph\":[{\"@type\":\"Article\",\"@id\":\"https:\\\/\\\/www.bellunopress.it\\\/2026\\\/05\\\/28\\\/flondar-e-dintorni-verso-lermada-la-prima-guerra-mondiale-minuto-per-minuto-sulle-colline-di-trieste\\\/#article\",\"isPartOf\":{\"@id\":\"https:\\\/\\\/www.bellunopress.it\\\/2026\\\/05\\\/28\\\/flondar-e-dintorni-verso-lermada-la-prima-guerra-mondiale-minuto-per-minuto-sulle-colline-di-trieste\\\/\"},\"author\":{\"name\":\"redazione\",\"@id\":\"https:\\\/\\\/www.bellunopress.it\\\/#\\\/schema\\\/person\\\/79bb06722b37ece1c03d3e94beb30d73\"},\"headline\":\"Flondar e dintorni, verso l\u2019Ermada. La Prima guerra mondiale minuto per minuto sulle colline di Trieste\",\"datePublished\":\"2026-05-28T21:12:24+00:00\",\"mainEntityOfPage\":{\"@id\":\"https:\\\/\\\/www.bellunopress.it\\\/2026\\\/05\\\/28\\\/flondar-e-dintorni-verso-lermada-la-prima-guerra-mondiale-minuto-per-minuto-sulle-colline-di-trieste\\\/\"},\"wordCount\":522,\"publisher\":{\"@id\":\"https:\\\/\\\/www.bellunopress.it\\\/#organization\"},\"image\":{\"@id\":\"https:\\\/\\\/www.bellunopress.it\\\/2026\\\/05\\\/28\\\/flondar-e-dintorni-verso-lermada-la-prima-guerra-mondiale-minuto-per-minuto-sulle-colline-di-trieste\\\/#primaryimage\"},\"thumbnailUrl\":\"https:\\\/\\\/www.bellunopress.it\\\/wp-content\\\/uploads\\\/2026\\\/05\\\/Paolo-Gropuzzo-autore-gia-dirigente-generale-della-Polizia-di-Stato-comandante-dei-Nocs.jpeg\",\"articleSection\":[\"Arte, Cultura, Spettacoli, Scienza\",\"Pausa Caff\u00e8\"],\"inLanguage\":\"fr-FR\"},{\"@type\":\"WebPage\",\"@id\":\"https:\\\/\\\/www.bellunopress.it\\\/2026\\\/05\\\/28\\\/flondar-e-dintorni-verso-lermada-la-prima-guerra-mondiale-minuto-per-minuto-sulle-colline-di-trieste\\\/\",\"url\":\"https:\\\/\\\/www.bellunopress.it\\\/2026\\\/05\\\/28\\\/flondar-e-dintorni-verso-lermada-la-prima-guerra-mondiale-minuto-per-minuto-sulle-colline-di-trieste\\\/\",\"name\":\"Flondar e dintorni, verso l\u2019Ermada. La Prima guerra mondiale minuto per minuto sulle colline di Trieste - Bellunopress - Dolomiti\",\"isPartOf\":{\"@id\":\"https:\\\/\\\/www.bellunopress.it\\\/#website\"},\"primaryImageOfPage\":{\"@id\":\"https:\\\/\\\/www.bellunopress.it\\\/2026\\\/05\\\/28\\\/flondar-e-dintorni-verso-lermada-la-prima-guerra-mondiale-minuto-per-minuto-sulle-colline-di-trieste\\\/#primaryimage\"},\"image\":{\"@id\":\"https:\\\/\\\/www.bellunopress.it\\\/2026\\\/05\\\/28\\\/flondar-e-dintorni-verso-lermada-la-prima-guerra-mondiale-minuto-per-minuto-sulle-colline-di-trieste\\\/#primaryimage\"},\"thumbnailUrl\":\"https:\\\/\\\/www.bellunopress.it\\\/wp-content\\\/uploads\\\/2026\\\/05\\\/Paolo-Gropuzzo-autore-gia-dirigente-generale-della-Polizia-di-Stato-comandante-dei-Nocs.jpeg\",\"datePublished\":\"2026-05-28T21:12:24+00:00\",\"breadcrumb\":{\"@id\":\"https:\\\/\\\/www.bellunopress.it\\\/2026\\\/05\\\/28\\\/flondar-e-dintorni-verso-lermada-la-prima-guerra-mondiale-minuto-per-minuto-sulle-colline-di-trieste\\\/#breadcrumb\"},\"inLanguage\":\"fr-FR\",\"potentialAction\":[{\"@type\":\"ReadAction\",\"target\":[\"https:\\\/\\\/www.bellunopress.it\\\/2026\\\/05\\\/28\\\/flondar-e-dintorni-verso-lermada-la-prima-guerra-mondiale-minuto-per-minuto-sulle-colline-di-trieste\\\/\"]}]},{\"@type\":\"ImageObject\",\"inLanguage\":\"fr-FR\",\"@id\":\"https:\\\/\\\/www.bellunopress.it\\\/2026\\\/05\\\/28\\\/flondar-e-dintorni-verso-lermada-la-prima-guerra-mondiale-minuto-per-minuto-sulle-colline-di-trieste\\\/#primaryimage\",\"url\":\"https:\\\/\\\/www.bellunopress.it\\\/wp-content\\\/uploads\\\/2026\\\/05\\\/Paolo-Gropuzzo-autore-gia-dirigente-generale-della-Polizia-di-Stato-comandante-dei-Nocs.jpeg\",\"contentUrl\":\"https:\\\/\\\/www.bellunopress.it\\\/wp-content\\\/uploads\\\/2026\\\/05\\\/Paolo-Gropuzzo-autore-gia-dirigente-generale-della-Polizia-di-Stato-comandante-dei-Nocs.jpeg\",\"width\":500,\"height\":480,\"caption\":\"Paolo Gropuzzo, autore, gi\u00e0 dirigente generale della Polizia di Stato, comandante dei Nocs\"},{\"@type\":\"BreadcrumbList\",\"@id\":\"https:\\\/\\\/www.bellunopress.it\\\/2026\\\/05\\\/28\\\/flondar-e-dintorni-verso-lermada-la-prima-guerra-mondiale-minuto-per-minuto-sulle-colline-di-trieste\\\/#breadcrumb\",\"itemListElement\":[{\"@type\":\"ListItem\",\"position\":1,\"name\":\"Home\",\"item\":\"https:\\\/\\\/www.bellunopress.it\\\/\"},{\"@type\":\"ListItem\",\"position\":2,\"name\":\"Flondar e dintorni, verso l\u2019Ermada. La Prima guerra mondiale minuto per minuto sulle colline di Trieste\"}]},{\"@type\":\"WebSite\",\"@id\":\"https:\\\/\\\/www.bellunopress.it\\\/#website\",\"url\":\"https:\\\/\\\/www.bellunopress.it\\\/\",\"name\":\"Bellunopress - Dolomiti\",\"description\":\"e-mail: redazione@bellunopress.it\",\"publisher\":{\"@id\":\"https:\\\/\\\/www.bellunopress.it\\\/#organization\"},\"potentialAction\":[{\"@type\":\"SearchAction\",\"target\":{\"@type\":\"EntryPoint\",\"urlTemplate\":\"https:\\\/\\\/www.bellunopress.it\\\/?s={search_term_string}\"},\"query-input\":{\"@type\":\"PropertyValueSpecification\",\"valueRequired\":true,\"valueName\":\"search_term_string\"}}],\"inLanguage\":\"fr-FR\"},{\"@type\":\"Organization\",\"@id\":\"https:\\\/\\\/www.bellunopress.it\\\/#organization\",\"name\":\"Bellunopress\",\"url\":\"https:\\\/\\\/www.bellunopress.it\\\/\",\"logo\":{\"@type\":\"ImageObject\",\"inLanguage\":\"fr-FR\",\"@id\":\"https:\\\/\\\/www.bellunopress.it\\\/#\\\/schema\\\/logo\\\/image\\\/\",\"url\":\"https:\\\/\\\/www.bellunopress.it\\\/wp-content\\\/uploads\\\/2011\\\/05\\\/cropped-logo-bellunopress-.jpg\",\"contentUrl\":\"https:\\\/\\\/www.bellunopress.it\\\/wp-content\\\/uploads\\\/2011\\\/05\\\/cropped-logo-bellunopress-.jpg\",\"width\":512,\"height\":512,\"caption\":\"Bellunopress\"},\"image\":{\"@id\":\"https:\\\/\\\/www.bellunopress.it\\\/#\\\/schema\\\/logo\\\/image\\\/\"},\"sameAs\":[\"https:\\\/\\\/www.facebook.com\\\/profile.php?id=100008943462799\",\"https:\\\/\\\/x.com\\\/bellunopress\",\"https:\\\/\\\/www.linkedin.com\\\/hp\\\/?dnr=JBzUWaJfMUw8vbXJJ2tVW5-I3jZKvC4wsoxE&amp;amp;amp;amp;amp;amp;trk=nav_responsive_tab_home\",\"https:\\\/\\\/www.youtube.com\\\/channel\\\/UCxL0wu1uN0_3_7hGG0306cw\"]},{\"@type\":\"Person\",\"@id\":\"https:\\\/\\\/www.bellunopress.it\\\/#\\\/schema\\\/person\\\/79bb06722b37ece1c03d3e94beb30d73\",\"name\":\"redazione\",\"image\":{\"@type\":\"ImageObject\",\"inLanguage\":\"fr-FR\",\"@id\":\"https:\\\/\\\/secure.gravatar.com\\\/avatar\\\/37d968a2e67a6fd04c169c4bdef102d0bc5d31b2546345219e348575eb80e9a0?s=96&d=mm&r=g\",\"url\":\"https:\\\/\\\/secure.gravatar.com\\\/avatar\\\/37d968a2e67a6fd04c169c4bdef102d0bc5d31b2546345219e348575eb80e9a0?s=96&d=mm&r=g\",\"contentUrl\":\"https:\\\/\\\/secure.gravatar.com\\\/avatar\\\/37d968a2e67a6fd04c169c4bdef102d0bc5d31b2546345219e348575eb80e9a0?s=96&d=mm&r=g\",\"caption\":\"redazione\"},\"sameAs\":[\"http:\\\/\\\/www.bellunopress.it\",\"https:\\\/\\\/x.com\\\/bellunopress\"],\"url\":\"https:\\\/\\\/www.bellunopress.it\\\/fr\\\/author\\\/redazione\\\/\"}]}<\/script>\n<!-- \/ Yoast SEO plugin. -->","yoast_head_json":{"title":"Flondar e dintorni, verso l\u2019Ermada. La Prima guerra mondiale minuto per minuto sulle colline di Trieste - Bellunopress - Dolomiti","robots":{"index":"index","follow":"follow","max-snippet":"max-snippet:-1","max-image-preview":"max-image-preview:large","max-video-preview":"max-video-preview:-1"},"canonical":"https:\/\/www.bellunopress.it\/fr\/2026\/05\/28\/flondar-e-dintorni-verso-lermada-la-prima-guerra-mondiale-minuto-per-minuto-sulle-colline-di-trieste\/","og_locale":"fr_FR","og_type":"article","og_title":"Flondar e dintorni, verso l\u2019Ermada. La Prima guerra mondiale minuto per minuto sulle colline di Trieste - Bellunopress - Dolomiti","og_description":"Belluno, 28\/05\/2026 &#8211;\u00a0Si \u00e8 tenuta questa sera al ristorante La Taverna di Belluno, un\u2019intensa serata culturale organizzata dall&#8217;associazione Liberal Belluno. Con l&#8217;introduzione della presidente Rosalba Schenal, la conferenza dal titolo &#8220;Flondar e dintorni, verso l&#8217;Ermada&#8221;, ha acceso i riflettori su una delle pagine pi\u00f9 drammatiche e significative della Grande Guerra sul fronte triestino. Protagonista dell&#8217;incontro [&hellip;]","og_url":"https:\/\/www.bellunopress.it\/fr\/2026\/05\/28\/flondar-e-dintorni-verso-lermada-la-prima-guerra-mondiale-minuto-per-minuto-sulle-colline-di-trieste\/","og_site_name":"Bellunopress - Dolomiti","article_publisher":"https:\/\/www.facebook.com\/profile.php?id=100008943462799","article_published_time":"2026-05-28T21:12:24+00:00","og_image":[{"width":500,"height":480,"url":"https:\/\/www.bellunopress.it\/wp-content\/uploads\/2026\/05\/Paolo-Gropuzzo-autore-gia-dirigente-generale-della-Polizia-di-Stato-comandante-dei-Nocs.jpeg","type":"image\/jpeg"}],"author":"redazione","twitter_card":"summary_large_image","twitter_creator":"@bellunopress","twitter_site":"@bellunopress","twitter_misc":{"\u00c9crit par":"redazione","Dur\u00e9e de lecture estim\u00e9e":"3 minutes"},"schema":{"@context":"https:\/\/schema.org","@graph":[{"@type":"Article","@id":"https:\/\/www.bellunopress.it\/2026\/05\/28\/flondar-e-dintorni-verso-lermada-la-prima-guerra-mondiale-minuto-per-minuto-sulle-colline-di-trieste\/#article","isPartOf":{"@id":"https:\/\/www.bellunopress.it\/2026\/05\/28\/flondar-e-dintorni-verso-lermada-la-prima-guerra-mondiale-minuto-per-minuto-sulle-colline-di-trieste\/"},"author":{"name":"redazione","@id":"https:\/\/www.bellunopress.it\/#\/schema\/person\/79bb06722b37ece1c03d3e94beb30d73"},"headline":"Flondar e dintorni, verso l\u2019Ermada. La Prima guerra mondiale minuto per minuto sulle colline di Trieste","datePublished":"2026-05-28T21:12:24+00:00","mainEntityOfPage":{"@id":"https:\/\/www.bellunopress.it\/2026\/05\/28\/flondar-e-dintorni-verso-lermada-la-prima-guerra-mondiale-minuto-per-minuto-sulle-colline-di-trieste\/"},"wordCount":522,"publisher":{"@id":"https:\/\/www.bellunopress.it\/#organization"},"image":{"@id":"https:\/\/www.bellunopress.it\/2026\/05\/28\/flondar-e-dintorni-verso-lermada-la-prima-guerra-mondiale-minuto-per-minuto-sulle-colline-di-trieste\/#primaryimage"},"thumbnailUrl":"https:\/\/www.bellunopress.it\/wp-content\/uploads\/2026\/05\/Paolo-Gropuzzo-autore-gia-dirigente-generale-della-Polizia-di-Stato-comandante-dei-Nocs.jpeg","articleSection":["Arte, Cultura, Spettacoli, Scienza","Pausa Caff\u00e8"],"inLanguage":"fr-FR"},{"@type":"WebPage","@id":"https:\/\/www.bellunopress.it\/2026\/05\/28\/flondar-e-dintorni-verso-lermada-la-prima-guerra-mondiale-minuto-per-minuto-sulle-colline-di-trieste\/","url":"https:\/\/www.bellunopress.it\/2026\/05\/28\/flondar-e-dintorni-verso-lermada-la-prima-guerra-mondiale-minuto-per-minuto-sulle-colline-di-trieste\/","name":"Flondar e dintorni, verso l\u2019Ermada. La Prima guerra mondiale minuto per minuto sulle colline di Trieste - Bellunopress - Dolomiti","isPartOf":{"@id":"https:\/\/www.bellunopress.it\/#website"},"primaryImageOfPage":{"@id":"https:\/\/www.bellunopress.it\/2026\/05\/28\/flondar-e-dintorni-verso-lermada-la-prima-guerra-mondiale-minuto-per-minuto-sulle-colline-di-trieste\/#primaryimage"},"image":{"@id":"https:\/\/www.bellunopress.it\/2026\/05\/28\/flondar-e-dintorni-verso-lermada-la-prima-guerra-mondiale-minuto-per-minuto-sulle-colline-di-trieste\/#primaryimage"},"thumbnailUrl":"https:\/\/www.bellunopress.it\/wp-content\/uploads\/2026\/05\/Paolo-Gropuzzo-autore-gia-dirigente-generale-della-Polizia-di-Stato-comandante-dei-Nocs.jpeg","datePublished":"2026-05-28T21:12:24+00:00","breadcrumb":{"@id":"https:\/\/www.bellunopress.it\/2026\/05\/28\/flondar-e-dintorni-verso-lermada-la-prima-guerra-mondiale-minuto-per-minuto-sulle-colline-di-trieste\/#breadcrumb"},"inLanguage":"fr-FR","potentialAction":[{"@type":"ReadAction","target":["https:\/\/www.bellunopress.it\/2026\/05\/28\/flondar-e-dintorni-verso-lermada-la-prima-guerra-mondiale-minuto-per-minuto-sulle-colline-di-trieste\/"]}]},{"@type":"ImageObject","inLanguage":"fr-FR","@id":"https:\/\/www.bellunopress.it\/2026\/05\/28\/flondar-e-dintorni-verso-lermada-la-prima-guerra-mondiale-minuto-per-minuto-sulle-colline-di-trieste\/#primaryimage","url":"https:\/\/www.bellunopress.it\/wp-content\/uploads\/2026\/05\/Paolo-Gropuzzo-autore-gia-dirigente-generale-della-Polizia-di-Stato-comandante-dei-Nocs.jpeg","contentUrl":"https:\/\/www.bellunopress.it\/wp-content\/uploads\/2026\/05\/Paolo-Gropuzzo-autore-gia-dirigente-generale-della-Polizia-di-Stato-comandante-dei-Nocs.jpeg","width":500,"height":480,"caption":"Paolo Gropuzzo, autore, gi\u00e0 dirigente generale della Polizia di Stato, comandante dei Nocs"},{"@type":"BreadcrumbList","@id":"https:\/\/www.bellunopress.it\/2026\/05\/28\/flondar-e-dintorni-verso-lermada-la-prima-guerra-mondiale-minuto-per-minuto-sulle-colline-di-trieste\/#breadcrumb","itemListElement":[{"@type":"ListItem","position":1,"name":"Home","item":"https:\/\/www.bellunopress.it\/"},{"@type":"ListItem","position":2,"name":"Flondar e dintorni, verso l\u2019Ermada. La Prima guerra mondiale minuto per minuto sulle colline di Trieste"}]},{"@type":"WebSite","@id":"https:\/\/www.bellunopress.it\/#website","url":"https:\/\/www.bellunopress.it\/","name":"Bellunopress - Dolomiti","description":"e-mail: redazione@bellunopress.it","publisher":{"@id":"https:\/\/www.bellunopress.it\/#organization"},"potentialAction":[{"@type":"SearchAction","target":{"@type":"EntryPoint","urlTemplate":"https:\/\/www.bellunopress.it\/?s={search_term_string}"},"query-input":{"@type":"PropertyValueSpecification","valueRequired":true,"valueName":"search_term_string"}}],"inLanguage":"fr-FR"},{"@type":"Organization","@id":"https:\/\/www.bellunopress.it\/#organization","name":"Bellunopress","url":"https:\/\/www.bellunopress.it\/","logo":{"@type":"ImageObject","inLanguage":"fr-FR","@id":"https:\/\/www.bellunopress.it\/#\/schema\/logo\/image\/","url":"https:\/\/www.bellunopress.it\/wp-content\/uploads\/2011\/05\/cropped-logo-bellunopress-.jpg","contentUrl":"https:\/\/www.bellunopress.it\/wp-content\/uploads\/2011\/05\/cropped-logo-bellunopress-.jpg","width":512,"height":512,"caption":"Bellunopress"},"image":{"@id":"https:\/\/www.bellunopress.it\/#\/schema\/logo\/image\/"},"sameAs":["https:\/\/www.facebook.com\/profile.php?id=100008943462799","https:\/\/x.com\/bellunopress","https:\/\/www.linkedin.com\/hp\/?dnr=JBzUWaJfMUw8vbXJJ2tVW5-I3jZKvC4wsoxE&amp;amp;amp;amp;amp;amp;trk=nav_responsive_tab_home","https:\/\/www.youtube.com\/channel\/UCxL0wu1uN0_3_7hGG0306cw"]},{"@type":"Person","@id":"https:\/\/www.bellunopress.it\/#\/schema\/person\/79bb06722b37ece1c03d3e94beb30d73","name":"r\u00e9daction","image":{"@type":"ImageObject","inLanguage":"fr-FR","@id":"https:\/\/secure.gravatar.com\/avatar\/37d968a2e67a6fd04c169c4bdef102d0bc5d31b2546345219e348575eb80e9a0?s=96&d=mm&r=g","url":"https:\/\/secure.gravatar.com\/avatar\/37d968a2e67a6fd04c169c4bdef102d0bc5d31b2546345219e348575eb80e9a0?s=96&d=mm&r=g","contentUrl":"https:\/\/secure.gravatar.com\/avatar\/37d968a2e67a6fd04c169c4bdef102d0bc5d31b2546345219e348575eb80e9a0?s=96&d=mm&r=g","caption":"redazione"},"sameAs":["http:\/\/www.bellunopress.it","https:\/\/x.com\/bellunopress"],"url":"https:\/\/www.bellunopress.it\/fr\/author\/redazione\/"}]}},"_links":{"self":[{"href":"https:\/\/www.bellunopress.it\/fr\/wp-json\/wp\/v2\/posts\/170552","targetHints":{"allow":["GET"]}}],"collection":[{"href":"https:\/\/www.bellunopress.it\/fr\/wp-json\/wp\/v2\/posts"}],"about":[{"href":"https:\/\/www.bellunopress.it\/fr\/wp-json\/wp\/v2\/types\/post"}],"author":[{"embeddable":true,"href":"https:\/\/www.bellunopress.it\/fr\/wp-json\/wp\/v2\/users\/2"}],"replies":[{"embeddable":true,"href":"https:\/\/www.bellunopress.it\/fr\/wp-json\/wp\/v2\/comments?post=170552"}],"version-history":[{"count":1,"href":"https:\/\/www.bellunopress.it\/fr\/wp-json\/wp\/v2\/posts\/170552\/revisions"}],"predecessor-version":[{"id":170554,"href":"https:\/\/www.bellunopress.it\/fr\/wp-json\/wp\/v2\/posts\/170552\/revisions\/170554"}],"wp:featuredmedia":[{"embeddable":true,"href":"https:\/\/www.bellunopress.it\/fr\/wp-json\/wp\/v2\/media\/170553"}],"wp:attachment":[{"href":"https:\/\/www.bellunopress.it\/fr\/wp-json\/wp\/v2\/media?parent=170552"}],"wp:term":[{"taxonomy":"category","embeddable":true,"href":"https:\/\/www.bellunopress.it\/fr\/wp-json\/wp\/v2\/categories?post=170552"},{"taxonomy":"post_tag","embeddable":true,"href":"https:\/\/www.bellunopress.it\/fr\/wp-json\/wp\/v2\/tags?post=170552"}],"curies":[{"name":"wp","href":"https:\/\/api.w.org\/{rel}","templated":true}]}}