{"id":170546,"date":"2026-05-28T15:58:19","date_gmt":"2026-05-28T13:58:19","guid":{"rendered":"https:\/\/www.bellunopress.it\/?p=170546"},"modified":"2026-05-28T15:58:19","modified_gmt":"2026-05-28T13:58:19","slug":"dramma-sventato-nella-notte-sul-ponte-di-fener-carabinieri-salvano-un-giovane-in-extremis","status":"publish","type":"post","link":"https:\/\/www.bellunopress.it\/fr\/2026\/05\/28\/dramma-sventato-nella-notte-sul-ponte-di-fener-carabinieri-salvano-un-giovane-in-extremis\/","title":{"rendered":"Dramma sventato nella notte sul ponte di Fener: carabinieri salvano un giovane in extremis"},"content":{"rendered":"<p data-path-to-node=\"3\">Setteville, 28\/05\/2026 \u2013 Un intervento fulmineo ha evitato che la notte del 27 maggio si trasformasse nell&#8217;ennesimo capitolo di una cronaca tragica. Grazie alla segnalazione di un cittadino e al coraggio dei Carabinieri del Nucleo Radiomobile di Feltre, un giovane \u00e8 stato letteralmente afferrato nel vuoto mentre tentava di togliersi la vita dal ponte sul fiume Piave, in localit\u00e0 Fener.<\/p>\n<p data-path-to-node=\"5\">Tutto \u00e8 iniziato intorno all&#8217;una e trenta di notte. A far scattare la macchina dei soccorsi \u00e8 stata l&#8217;intuizione di un passante che, notando un uomo camminare da solo e in stato confusionale verso il viadotto, non ha voltato lo sguardo altrove. Intuendo il pericolo imminente, il cittadino ha composto il 112, fornendo alla Centrale Operativa indicazioni precise che si sono rivelate vitali.<\/p>\n<p data-path-to-node=\"7\">La pattuglia dell\u2019Aliquota Radiomobile, gi\u00e0 impegnata nel controllo del territorio, ha raggiunto il ponte in pochi minuti. La scena che si \u00e8 parata davanti ai militari era drammatica: il giovane, spinto da una profonda fragilit\u00e0 legata a motivi sentimentali, era gi\u00e0 oltre la recinzione.<\/p>\n<p data-path-to-node=\"8\">Alla vista della &#8220;gazzella&#8221;, il ragazzo ha tentato il gesto estremo. I carabinieri non hanno avuto il tempo di mediare: dopo un brevissimo tentativo di dissuasione verbale, si sono scagliati verso la balaustra. Mentre il giovane stava per lasciarsi andare, i militari sono riusciti ad afferrarlo per un braccio, sostenendolo nel vuoto e riportandolo di peso sulla sede stradale, mettendolo in sicurezza.<\/p>\n<blockquote data-path-to-node=\"9\">\n<h6 style=\"text-align: left;\" data-path-to-node=\"9,0\">&#8220;L&#8217;Arma non \u00e8 solo repressione dei reati, ma soprattutto ascolto e protezione della vita umana,&#8221; ricordano dal Comando, sottolineando come la prontezza operativa si sia fusa, in questo caso, con una profonda sensibilit\u00e0 umana.<\/h6>\n<\/blockquote>\n<p data-path-to-node=\"11\">Una volta messo in salvo e tranquillizzato, il giovane \u00e8 stato affidato al personale sanitario del <b data-path-to-node=\"11\" data-index-in-node=\"99\">118<\/b>, giunto sul posto per prestare le cure necessarie e fornire il supporto psicologico del caso.<\/p>\n<p data-path-to-node=\"14\">Questo episodio mette in luce due elementi fondamentali per la sicurezza della comunit\u00e0:<\/p>\n<ul data-path-to-node=\"15\">\n<li>\n<p data-path-to-node=\"15,0,0\">La rete di solidariet\u00e0: Senza la segnalazione del passante, i soccorsi non sarebbero arrivati in tempo.<\/p>\n<\/li>\n<li>\n<p data-path-to-node=\"15,1,0\">L\u2019ascolto: Le autorit\u00e0 rinnovano l&#8217;appello a non sottovalutare mai i segnali di malessere. Il numero 112 \u00e8 attivo 24 ore su 24 per chiunque si trovi in difficolt\u00e0 o noti situazioni di emergenza.<\/p>\n<\/li>\n<\/ul>","protected":false},"excerpt":{"rendered":"<p>Setteville, 28\/05\/2026 \u2013 Un intervento fulmineo ha evitato che la notte del 27 maggio si trasformasse nell&#8217;ennesimo capitolo di una cronaca tragica. Grazie alla segnalazione di un cittadino e al coraggio dei Carabinieri del Nucleo Radiomobile di Feltre, un giovane \u00e8 stato letteralmente afferrato nel vuoto mentre tentava di togliersi la vita dal ponte sul [&hellip;]<\/p>\n","protected":false},"author":2,"featured_media":170547,"comment_status":"closed","ping_status":"open","sticky":false,"template":"","format":"standard","meta":{"footnotes":""},"categories":[5,26],"tags":[],"class_list":["post-170546","post","type-post","status-publish","format-standard","has-post-thumbnail","category-cronaca","category-prima-pagina"],"yoast_head":"<!-- This site is optimized with the Yoast SEO plugin v28.4 - https:\/\/yoast.com\/product\/yoast-seo-wordpress\/ -->\n<title>Dramma sventato nella notte sul ponte di Fener: carabinieri salvano un giovane in extremis - Bellunopress - Dolomiti<\/title>\n<meta name=\"robots\" content=\"index, follow, max-snippet:-1, max-image-preview:large, max-video-preview:-1\" \/>\n<link rel=\"canonical\" href=\"https:\/\/www.bellunopress.it\/fr\/2026\/05\/28\/dramma-sventato-nella-notte-sul-ponte-di-fener-carabinieri-salvano-un-giovane-in-extremis\/\" \/>\n<meta property=\"og:locale\" content=\"fr_FR\" \/>\n<meta property=\"og:type\" content=\"article\" \/>\n<meta property=\"og:title\" content=\"Dramma sventato nella notte sul ponte di Fener: carabinieri salvano un giovane in extremis - Bellunopress - Dolomiti\" \/>\n<meta property=\"og:description\" content=\"Setteville, 28\/05\/2026 \u2013 Un intervento fulmineo ha evitato che la notte del 27 maggio si trasformasse nell&#8217;ennesimo capitolo di una cronaca tragica. Grazie alla segnalazione di un cittadino e al coraggio dei Carabinieri del Nucleo Radiomobile di Feltre, un giovane \u00e8 stato letteralmente afferrato nel vuoto mentre tentava di togliersi la vita dal ponte sul [&hellip;]\" \/>\n<meta property=\"og:url\" content=\"https:\/\/www.bellunopress.it\/fr\/2026\/05\/28\/dramma-sventato-nella-notte-sul-ponte-di-fener-carabinieri-salvano-un-giovane-in-extremis\/\" \/>\n<meta property=\"og:site_name\" content=\"Bellunopress - Dolomiti\" \/>\n<meta property=\"article:publisher\" content=\"https:\/\/www.facebook.com\/profile.php?id=100008943462799\" \/>\n<meta property=\"article:published_time\" content=\"2026-05-28T13:58:19+00:00\" \/>\n<meta property=\"og:image\" content=\"https:\/\/www.bellunopress.it\/wp-content\/uploads\/2026\/05\/carabinieri-salvataggio-Fener.jpg\" \/>\n\t<meta property=\"og:image:width\" content=\"600\" \/>\n\t<meta property=\"og:image:height\" content=\"358\" \/>\n\t<meta property=\"og:image:type\" content=\"image\/jpeg\" \/>\n<meta name=\"author\" content=\"redazione\" \/>\n<meta name=\"twitter:card\" content=\"summary_large_image\" \/>\n<meta name=\"twitter:creator\" content=\"@bellunopress\" \/>\n<meta name=\"twitter:site\" content=\"@bellunopress\" \/>\n<meta name=\"twitter:label1\" content=\"\u00c9crit par\" \/>\n\t<meta name=\"twitter:data1\" content=\"redazione\" \/>\n\t<meta name=\"twitter:label2\" content=\"Dur\u00e9e de lecture estim\u00e9e\" \/>\n\t<meta name=\"twitter:data2\" content=\"2 minutes\" \/>\n<script type=\"application\/ld+json\" class=\"yoast-schema-graph\">{\"@context\":\"https:\\\/\\\/schema.org\",\"@graph\":[{\"@type\":\"Article\",\"@id\":\"https:\\\/\\\/www.bellunopress.it\\\/2026\\\/05\\\/28\\\/dramma-sventato-nella-notte-sul-ponte-di-fener-carabinieri-salvano-un-giovane-in-extremis\\\/#article\",\"isPartOf\":{\"@id\":\"https:\\\/\\\/www.bellunopress.it\\\/2026\\\/05\\\/28\\\/dramma-sventato-nella-notte-sul-ponte-di-fener-carabinieri-salvano-un-giovane-in-extremis\\\/\"},\"author\":{\"name\":\"redazione\",\"@id\":\"https:\\\/\\\/www.bellunopress.it\\\/#\\\/schema\\\/person\\\/79bb06722b37ece1c03d3e94beb30d73\"},\"headline\":\"Dramma sventato nella notte sul ponte di Fener: carabinieri salvano un giovane in extremis\",\"datePublished\":\"2026-05-28T13:58:19+00:00\",\"mainEntityOfPage\":{\"@id\":\"https:\\\/\\\/www.bellunopress.it\\\/2026\\\/05\\\/28\\\/dramma-sventato-nella-notte-sul-ponte-di-fener-carabinieri-salvano-un-giovane-in-extremis\\\/\"},\"wordCount\":363,\"publisher\":{\"@id\":\"https:\\\/\\\/www.bellunopress.it\\\/#organization\"},\"image\":{\"@id\":\"https:\\\/\\\/www.bellunopress.it\\\/2026\\\/05\\\/28\\\/dramma-sventato-nella-notte-sul-ponte-di-fener-carabinieri-salvano-un-giovane-in-extremis\\\/#primaryimage\"},\"thumbnailUrl\":\"https:\\\/\\\/www.bellunopress.it\\\/wp-content\\\/uploads\\\/2026\\\/05\\\/carabinieri-salvataggio-Fener.jpg\",\"articleSection\":[\"Cronaca\\\/Politica\",\"Prima Pagina\"],\"inLanguage\":\"fr-FR\"},{\"@type\":\"WebPage\",\"@id\":\"https:\\\/\\\/www.bellunopress.it\\\/2026\\\/05\\\/28\\\/dramma-sventato-nella-notte-sul-ponte-di-fener-carabinieri-salvano-un-giovane-in-extremis\\\/\",\"url\":\"https:\\\/\\\/www.bellunopress.it\\\/2026\\\/05\\\/28\\\/dramma-sventato-nella-notte-sul-ponte-di-fener-carabinieri-salvano-un-giovane-in-extremis\\\/\",\"name\":\"Dramma sventato nella notte sul ponte di Fener: carabinieri salvano un giovane in extremis - Bellunopress - Dolomiti\",\"isPartOf\":{\"@id\":\"https:\\\/\\\/www.bellunopress.it\\\/#website\"},\"primaryImageOfPage\":{\"@id\":\"https:\\\/\\\/www.bellunopress.it\\\/2026\\\/05\\\/28\\\/dramma-sventato-nella-notte-sul-ponte-di-fener-carabinieri-salvano-un-giovane-in-extremis\\\/#primaryimage\"},\"image\":{\"@id\":\"https:\\\/\\\/www.bellunopress.it\\\/2026\\\/05\\\/28\\\/dramma-sventato-nella-notte-sul-ponte-di-fener-carabinieri-salvano-un-giovane-in-extremis\\\/#primaryimage\"},\"thumbnailUrl\":\"https:\\\/\\\/www.bellunopress.it\\\/wp-content\\\/uploads\\\/2026\\\/05\\\/carabinieri-salvataggio-Fener.jpg\",\"datePublished\":\"2026-05-28T13:58:19+00:00\",\"breadcrumb\":{\"@id\":\"https:\\\/\\\/www.bellunopress.it\\\/2026\\\/05\\\/28\\\/dramma-sventato-nella-notte-sul-ponte-di-fener-carabinieri-salvano-un-giovane-in-extremis\\\/#breadcrumb\"},\"inLanguage\":\"fr-FR\",\"potentialAction\":[{\"@type\":\"ReadAction\",\"target\":[\"https:\\\/\\\/www.bellunopress.it\\\/2026\\\/05\\\/28\\\/dramma-sventato-nella-notte-sul-ponte-di-fener-carabinieri-salvano-un-giovane-in-extremis\\\/\"]}]},{\"@type\":\"ImageObject\",\"inLanguage\":\"fr-FR\",\"@id\":\"https:\\\/\\\/www.bellunopress.it\\\/2026\\\/05\\\/28\\\/dramma-sventato-nella-notte-sul-ponte-di-fener-carabinieri-salvano-un-giovane-in-extremis\\\/#primaryimage\",\"url\":\"https:\\\/\\\/www.bellunopress.it\\\/wp-content\\\/uploads\\\/2026\\\/05\\\/carabinieri-salvataggio-Fener.jpg\",\"contentUrl\":\"https:\\\/\\\/www.bellunopress.it\\\/wp-content\\\/uploads\\\/2026\\\/05\\\/carabinieri-salvataggio-Fener.jpg\",\"width\":600,\"height\":358},{\"@type\":\"BreadcrumbList\",\"@id\":\"https:\\\/\\\/www.bellunopress.it\\\/2026\\\/05\\\/28\\\/dramma-sventato-nella-notte-sul-ponte-di-fener-carabinieri-salvano-un-giovane-in-extremis\\\/#breadcrumb\",\"itemListElement\":[{\"@type\":\"ListItem\",\"position\":1,\"name\":\"Home\",\"item\":\"https:\\\/\\\/www.bellunopress.it\\\/\"},{\"@type\":\"ListItem\",\"position\":2,\"name\":\"Dramma sventato nella notte sul ponte di Fener: carabinieri salvano un giovane in extremis\"}]},{\"@type\":\"WebSite\",\"@id\":\"https:\\\/\\\/www.bellunopress.it\\\/#website\",\"url\":\"https:\\\/\\\/www.bellunopress.it\\\/\",\"name\":\"Bellunopress - Dolomiti\",\"description\":\"e-mail: redazione@bellunopress.it\",\"publisher\":{\"@id\":\"https:\\\/\\\/www.bellunopress.it\\\/#organization\"},\"potentialAction\":[{\"@type\":\"SearchAction\",\"target\":{\"@type\":\"EntryPoint\",\"urlTemplate\":\"https:\\\/\\\/www.bellunopress.it\\\/?s={search_term_string}\"},\"query-input\":{\"@type\":\"PropertyValueSpecification\",\"valueRequired\":true,\"valueName\":\"search_term_string\"}}],\"inLanguage\":\"fr-FR\"},{\"@type\":\"Organization\",\"@id\":\"https:\\\/\\\/www.bellunopress.it\\\/#organization\",\"name\":\"Bellunopress\",\"url\":\"https:\\\/\\\/www.bellunopress.it\\\/\",\"logo\":{\"@type\":\"ImageObject\",\"inLanguage\":\"fr-FR\",\"@id\":\"https:\\\/\\\/www.bellunopress.it\\\/#\\\/schema\\\/logo\\\/image\\\/\",\"url\":\"https:\\\/\\\/www.bellunopress.it\\\/wp-content\\\/uploads\\\/2011\\\/05\\\/cropped-logo-bellunopress-.jpg\",\"contentUrl\":\"https:\\\/\\\/www.bellunopress.it\\\/wp-content\\\/uploads\\\/2011\\\/05\\\/cropped-logo-bellunopress-.jpg\",\"width\":512,\"height\":512,\"caption\":\"Bellunopress\"},\"image\":{\"@id\":\"https:\\\/\\\/www.bellunopress.it\\\/#\\\/schema\\\/logo\\\/image\\\/\"},\"sameAs\":[\"https:\\\/\\\/www.facebook.com\\\/profile.php?id=100008943462799\",\"https:\\\/\\\/x.com\\\/bellunopress\",\"https:\\\/\\\/www.linkedin.com\\\/hp\\\/?dnr=JBzUWaJfMUw8vbXJJ2tVW5-I3jZKvC4wsoxE&amp;amp;amp;amp;amp;amp;trk=nav_responsive_tab_home\",\"https:\\\/\\\/www.youtube.com\\\/channel\\\/UCxL0wu1uN0_3_7hGG0306cw\"]},{\"@type\":\"Person\",\"@id\":\"https:\\\/\\\/www.bellunopress.it\\\/#\\\/schema\\\/person\\\/79bb06722b37ece1c03d3e94beb30d73\",\"name\":\"redazione\",\"image\":{\"@type\":\"ImageObject\",\"inLanguage\":\"fr-FR\",\"@id\":\"https:\\\/\\\/secure.gravatar.com\\\/avatar\\\/37d968a2e67a6fd04c169c4bdef102d0bc5d31b2546345219e348575eb80e9a0?s=96&d=mm&r=g\",\"url\":\"https:\\\/\\\/secure.gravatar.com\\\/avatar\\\/37d968a2e67a6fd04c169c4bdef102d0bc5d31b2546345219e348575eb80e9a0?s=96&d=mm&r=g\",\"contentUrl\":\"https:\\\/\\\/secure.gravatar.com\\\/avatar\\\/37d968a2e67a6fd04c169c4bdef102d0bc5d31b2546345219e348575eb80e9a0?s=96&d=mm&r=g\",\"caption\":\"redazione\"},\"sameAs\":[\"http:\\\/\\\/www.bellunopress.it\",\"https:\\\/\\\/x.com\\\/bellunopress\"],\"url\":\"https:\\\/\\\/www.bellunopress.it\\\/fr\\\/author\\\/redazione\\\/\"}]}<\/script>\n<!-- \/ Yoast SEO plugin. -->","yoast_head_json":{"title":"Dramma sventato nella notte sul ponte di Fener: carabinieri salvano un giovane in extremis - Bellunopress - Dolomiti","robots":{"index":"index","follow":"follow","max-snippet":"max-snippet:-1","max-image-preview":"max-image-preview:large","max-video-preview":"max-video-preview:-1"},"canonical":"https:\/\/www.bellunopress.it\/fr\/2026\/05\/28\/dramma-sventato-nella-notte-sul-ponte-di-fener-carabinieri-salvano-un-giovane-in-extremis\/","og_locale":"fr_FR","og_type":"article","og_title":"Dramma sventato nella notte sul ponte di Fener: carabinieri salvano un giovane in extremis - Bellunopress - Dolomiti","og_description":"Setteville, 28\/05\/2026 \u2013 Un intervento fulmineo ha evitato che la notte del 27 maggio si trasformasse nell&#8217;ennesimo capitolo di una cronaca tragica. Grazie alla segnalazione di un cittadino e al coraggio dei Carabinieri del Nucleo Radiomobile di Feltre, un giovane \u00e8 stato letteralmente afferrato nel vuoto mentre tentava di togliersi la vita dal ponte sul [&hellip;]","og_url":"https:\/\/www.bellunopress.it\/fr\/2026\/05\/28\/dramma-sventato-nella-notte-sul-ponte-di-fener-carabinieri-salvano-un-giovane-in-extremis\/","og_site_name":"Bellunopress - Dolomiti","article_publisher":"https:\/\/www.facebook.com\/profile.php?id=100008943462799","article_published_time":"2026-05-28T13:58:19+00:00","og_image":[{"width":600,"height":358,"url":"https:\/\/www.bellunopress.it\/wp-content\/uploads\/2026\/05\/carabinieri-salvataggio-Fener.jpg","type":"image\/jpeg"}],"author":"redazione","twitter_card":"summary_large_image","twitter_creator":"@bellunopress","twitter_site":"@bellunopress","twitter_misc":{"\u00c9crit par":"redazione","Dur\u00e9e de lecture estim\u00e9e":"2 minutes"},"schema":{"@context":"https:\/\/schema.org","@graph":[{"@type":"Article","@id":"https:\/\/www.bellunopress.it\/2026\/05\/28\/dramma-sventato-nella-notte-sul-ponte-di-fener-carabinieri-salvano-un-giovane-in-extremis\/#article","isPartOf":{"@id":"https:\/\/www.bellunopress.it\/2026\/05\/28\/dramma-sventato-nella-notte-sul-ponte-di-fener-carabinieri-salvano-un-giovane-in-extremis\/"},"author":{"name":"redazione","@id":"https:\/\/www.bellunopress.it\/#\/schema\/person\/79bb06722b37ece1c03d3e94beb30d73"},"headline":"Dramma sventato nella notte sul ponte di Fener: carabinieri salvano un giovane in extremis","datePublished":"2026-05-28T13:58:19+00:00","mainEntityOfPage":{"@id":"https:\/\/www.bellunopress.it\/2026\/05\/28\/dramma-sventato-nella-notte-sul-ponte-di-fener-carabinieri-salvano-un-giovane-in-extremis\/"},"wordCount":363,"publisher":{"@id":"https:\/\/www.bellunopress.it\/#organization"},"image":{"@id":"https:\/\/www.bellunopress.it\/2026\/05\/28\/dramma-sventato-nella-notte-sul-ponte-di-fener-carabinieri-salvano-un-giovane-in-extremis\/#primaryimage"},"thumbnailUrl":"https:\/\/www.bellunopress.it\/wp-content\/uploads\/2026\/05\/carabinieri-salvataggio-Fener.jpg","articleSection":["Cronaca\/Politica","Prima Pagina"],"inLanguage":"fr-FR"},{"@type":"WebPage","@id":"https:\/\/www.bellunopress.it\/2026\/05\/28\/dramma-sventato-nella-notte-sul-ponte-di-fener-carabinieri-salvano-un-giovane-in-extremis\/","url":"https:\/\/www.bellunopress.it\/2026\/05\/28\/dramma-sventato-nella-notte-sul-ponte-di-fener-carabinieri-salvano-un-giovane-in-extremis\/","name":"Dramma sventato nella notte sul ponte di Fener: carabinieri salvano un giovane in extremis - Bellunopress - Dolomiti","isPartOf":{"@id":"https:\/\/www.bellunopress.it\/#website"},"primaryImageOfPage":{"@id":"https:\/\/www.bellunopress.it\/2026\/05\/28\/dramma-sventato-nella-notte-sul-ponte-di-fener-carabinieri-salvano-un-giovane-in-extremis\/#primaryimage"},"image":{"@id":"https:\/\/www.bellunopress.it\/2026\/05\/28\/dramma-sventato-nella-notte-sul-ponte-di-fener-carabinieri-salvano-un-giovane-in-extremis\/#primaryimage"},"thumbnailUrl":"https:\/\/www.bellunopress.it\/wp-content\/uploads\/2026\/05\/carabinieri-salvataggio-Fener.jpg","datePublished":"2026-05-28T13:58:19+00:00","breadcrumb":{"@id":"https:\/\/www.bellunopress.it\/2026\/05\/28\/dramma-sventato-nella-notte-sul-ponte-di-fener-carabinieri-salvano-un-giovane-in-extremis\/#breadcrumb"},"inLanguage":"fr-FR","potentialAction":[{"@type":"ReadAction","target":["https:\/\/www.bellunopress.it\/2026\/05\/28\/dramma-sventato-nella-notte-sul-ponte-di-fener-carabinieri-salvano-un-giovane-in-extremis\/"]}]},{"@type":"ImageObject","inLanguage":"fr-FR","@id":"https:\/\/www.bellunopress.it\/2026\/05\/28\/dramma-sventato-nella-notte-sul-ponte-di-fener-carabinieri-salvano-un-giovane-in-extremis\/#primaryimage","url":"https:\/\/www.bellunopress.it\/wp-content\/uploads\/2026\/05\/carabinieri-salvataggio-Fener.jpg","contentUrl":"https:\/\/www.bellunopress.it\/wp-content\/uploads\/2026\/05\/carabinieri-salvataggio-Fener.jpg","width":600,"height":358},{"@type":"BreadcrumbList","@id":"https:\/\/www.bellunopress.it\/2026\/05\/28\/dramma-sventato-nella-notte-sul-ponte-di-fener-carabinieri-salvano-un-giovane-in-extremis\/#breadcrumb","itemListElement":[{"@type":"ListItem","position":1,"name":"Home","item":"https:\/\/www.bellunopress.it\/"},{"@type":"ListItem","position":2,"name":"Dramma sventato nella notte sul ponte di Fener: carabinieri salvano un giovane in extremis"}]},{"@type":"WebSite","@id":"https:\/\/www.bellunopress.it\/#website","url":"https:\/\/www.bellunopress.it\/","name":"Bellunopress - Dolomiti","description":"e-mail: redazione@bellunopress.it","publisher":{"@id":"https:\/\/www.bellunopress.it\/#organization"},"potentialAction":[{"@type":"SearchAction","target":{"@type":"EntryPoint","urlTemplate":"https:\/\/www.bellunopress.it\/?s={search_term_string}"},"query-input":{"@type":"PropertyValueSpecification","valueRequired":true,"valueName":"search_term_string"}}],"inLanguage":"fr-FR"},{"@type":"Organization","@id":"https:\/\/www.bellunopress.it\/#organization","name":"Bellunopress","url":"https:\/\/www.bellunopress.it\/","logo":{"@type":"ImageObject","inLanguage":"fr-FR","@id":"https:\/\/www.bellunopress.it\/#\/schema\/logo\/image\/","url":"https:\/\/www.bellunopress.it\/wp-content\/uploads\/2011\/05\/cropped-logo-bellunopress-.jpg","contentUrl":"https:\/\/www.bellunopress.it\/wp-content\/uploads\/2011\/05\/cropped-logo-bellunopress-.jpg","width":512,"height":512,"caption":"Bellunopress"},"image":{"@id":"https:\/\/www.bellunopress.it\/#\/schema\/logo\/image\/"},"sameAs":["https:\/\/www.facebook.com\/profile.php?id=100008943462799","https:\/\/x.com\/bellunopress","https:\/\/www.linkedin.com\/hp\/?dnr=JBzUWaJfMUw8vbXJJ2tVW5-I3jZKvC4wsoxE&amp;amp;amp;amp;amp;amp;trk=nav_responsive_tab_home","https:\/\/www.youtube.com\/channel\/UCxL0wu1uN0_3_7hGG0306cw"]},{"@type":"Person","@id":"https:\/\/www.bellunopress.it\/#\/schema\/person\/79bb06722b37ece1c03d3e94beb30d73","name":"r\u00e9daction","image":{"@type":"ImageObject","inLanguage":"fr-FR","@id":"https:\/\/secure.gravatar.com\/avatar\/37d968a2e67a6fd04c169c4bdef102d0bc5d31b2546345219e348575eb80e9a0?s=96&d=mm&r=g","url":"https:\/\/secure.gravatar.com\/avatar\/37d968a2e67a6fd04c169c4bdef102d0bc5d31b2546345219e348575eb80e9a0?s=96&d=mm&r=g","contentUrl":"https:\/\/secure.gravatar.com\/avatar\/37d968a2e67a6fd04c169c4bdef102d0bc5d31b2546345219e348575eb80e9a0?s=96&d=mm&r=g","caption":"redazione"},"sameAs":["http:\/\/www.bellunopress.it","https:\/\/x.com\/bellunopress"],"url":"https:\/\/www.bellunopress.it\/fr\/author\/redazione\/"}]}},"_links":{"self":[{"href":"https:\/\/www.bellunopress.it\/fr\/wp-json\/wp\/v2\/posts\/170546","targetHints":{"allow":["GET"]}}],"collection":[{"href":"https:\/\/www.bellunopress.it\/fr\/wp-json\/wp\/v2\/posts"}],"about":[{"href":"https:\/\/www.bellunopress.it\/fr\/wp-json\/wp\/v2\/types\/post"}],"author":[{"embeddable":true,"href":"https:\/\/www.bellunopress.it\/fr\/wp-json\/wp\/v2\/users\/2"}],"replies":[{"embeddable":true,"href":"https:\/\/www.bellunopress.it\/fr\/wp-json\/wp\/v2\/comments?post=170546"}],"version-history":[{"count":1,"href":"https:\/\/www.bellunopress.it\/fr\/wp-json\/wp\/v2\/posts\/170546\/revisions"}],"predecessor-version":[{"id":170548,"href":"https:\/\/www.bellunopress.it\/fr\/wp-json\/wp\/v2\/posts\/170546\/revisions\/170548"}],"wp:featuredmedia":[{"embeddable":true,"href":"https:\/\/www.bellunopress.it\/fr\/wp-json\/wp\/v2\/media\/170547"}],"wp:attachment":[{"href":"https:\/\/www.bellunopress.it\/fr\/wp-json\/wp\/v2\/media?parent=170546"}],"wp:term":[{"taxonomy":"category","embeddable":true,"href":"https:\/\/www.bellunopress.it\/fr\/wp-json\/wp\/v2\/categories?post=170546"},{"taxonomy":"post_tag","embeddable":true,"href":"https:\/\/www.bellunopress.it\/fr\/wp-json\/wp\/v2\/tags?post=170546"}],"curies":[{"name":"wp","href":"https:\/\/api.w.org\/{rel}","templated":true}]}}