{"id":170544,"date":"2026-06-02T13:21:17","date_gmt":"2026-06-02T11:21:17","guid":{"rendered":"https:\/\/www.bellunopress.it\/?p=170544"},"modified":"2026-06-02T13:22:01","modified_gmt":"2026-06-02T11:22:01","slug":"mercoledi-allauditorium-comunale-il-concerto-del-pianista-daniele-martinelli","status":"publish","type":"post","link":"https:\/\/www.bellunopress.it\/fr\/2026\/06\/02\/mercoledi-allauditorium-comunale-il-concerto-del-pianista-daniele-martinelli\/","title":{"rendered":"Mercoled\u00ec all&#8217;Auditorium Comunale il concerto del pianista Daniele Martinelli"},"content":{"rendered":"<p>Belluno &#8211; Torna il tradizionale appuntamento con il vincitore del Premio Venezia, che nel 2025 ha visto trionfare il giovane pianista Daniele Martinelli e che il Circolo Culturale Bellunese accoglie mercoled\u00ec 3 giugno, ore 20:30, Auditorium Comunale di Belluno, con un recital che prevede l&#8217;esecuzione di Sarcasmes, op. 17 di Sergej Prokof\u2019ev, Kreisleriana, op. 16 (prima versione 1838) Otto fantasie per pianoforte di Robert Schumann, Selezione da J\u00e1t\u00e9kok di Gy\u00f6rgy Kurt\u00e1g e la Sonata n. 7 in si bemolle maggiore, op. 83 di S. Prokof\u2019ev.<\/p>\n<p>L&#8217;evento segna anche l&#8217;atteso ed emozionante ritorno del Circolo &#8220;a casa&#8221;, ovvero nell&#8217;Auditorium Comunale di Belluno, sala dove il Circolo tenne il suo primo concerto nel 1951, con il prodigioso pianista Nikita Magaloff, e che ha ospitato nei 60 anni successivi i pi\u00f9 famosi musicisti internazionali.<\/p>\n<p>Il concerto sar\u00e0 preceduto da un breve Benvenuto in musica, che quest&#8217;anno vede protagonisti gli alunni della Classe di pianoforte della Scuola Media \u201cI. Nievo\u201d, prof.ssa Radmila Visentin. Biglietti: interi \u20ac 25, Soci \u20ac 15, studenti \u20ac 5, in vendita un\u2019ora prima nella sede del concerto. Informazioni, note di sala e tutti i concerti della 73a Stagione concertistica 2026, sul sito belcircolo.org.<\/p>","protected":false},"excerpt":{"rendered":"<p>Belluno &#8211; Torna il tradizionale appuntamento con il vincitore del Premio Venezia, che nel 2025 ha visto trionfare il giovane pianista Daniele Martinelli e che il Circolo Culturale Bellunese accoglie mercoled\u00ec 3 giugno, ore 20:30, Auditorium Comunale di Belluno, con un recital che prevede l&#8217;esecuzione di Sarcasmes, op. 17 di Sergej Prokof\u2019ev, Kreisleriana, op. 16 [&hellip;]<\/p>\n","protected":false},"author":2,"featured_media":163063,"comment_status":"closed","ping_status":"open","sticky":false,"template":"","format":"standard","meta":{"footnotes":""},"categories":[27,3,25],"tags":[],"class_list":["post-170544","post","type-post","status-publish","format-standard","has-post-thumbnail","category-appuntamenti","category-arte-cultura-spettacoli-scienza-archivi","category-pausa-caffe"],"yoast_head":"<!-- This site is optimized with the Yoast SEO plugin v28.4 - https:\/\/yoast.com\/product\/yoast-seo-wordpress\/ -->\n<title>Mercoled\u00ec all&#039;Auditorium Comunale il concerto del pianista Daniele Martinelli - Bellunopress - Dolomiti<\/title>\n<meta name=\"robots\" content=\"index, follow, max-snippet:-1, max-image-preview:large, max-video-preview:-1\" \/>\n<link rel=\"canonical\" href=\"https:\/\/www.bellunopress.it\/fr\/2026\/06\/02\/mercoledi-allauditorium-comunale-il-concerto-del-pianista-daniele-martinelli\/\" \/>\n<meta property=\"og:locale\" content=\"fr_FR\" \/>\n<meta property=\"og:type\" content=\"article\" \/>\n<meta property=\"og:title\" content=\"Mercoled\u00ec all&#039;Auditorium Comunale il concerto del pianista Daniele Martinelli - Bellunopress - Dolomiti\" \/>\n<meta property=\"og:description\" content=\"Belluno &#8211; Torna il tradizionale appuntamento con il vincitore del Premio Venezia, che nel 2025 ha visto trionfare il giovane pianista Daniele Martinelli e che il Circolo Culturale Bellunese accoglie mercoled\u00ec 3 giugno, ore 20:30, Auditorium Comunale di Belluno, con un recital che prevede l&#8217;esecuzione di Sarcasmes, op. 17 di Sergej Prokof\u2019ev, Kreisleriana, op. 16 [&hellip;]\" \/>\n<meta property=\"og:url\" content=\"https:\/\/www.bellunopress.it\/fr\/2026\/06\/02\/mercoledi-allauditorium-comunale-il-concerto-del-pianista-daniele-martinelli\/\" \/>\n<meta property=\"og:site_name\" content=\"Bellunopress - Dolomiti\" \/>\n<meta property=\"article:publisher\" content=\"https:\/\/www.facebook.com\/profile.php?id=100008943462799\" \/>\n<meta property=\"article:published_time\" content=\"2026-06-02T11:21:17+00:00\" \/>\n<meta property=\"article:modified_time\" content=\"2026-06-02T11:22:01+00:00\" \/>\n<meta property=\"og:image\" content=\"https:\/\/www.bellunopress.it\/wp-content\/uploads\/2025\/09\/Palazzo-Auditorium-Belluno.jpg\" \/>\n\t<meta property=\"og:image:width\" content=\"800\" \/>\n\t<meta property=\"og:image:height\" content=\"600\" \/>\n\t<meta property=\"og:image:type\" content=\"image\/jpeg\" \/>\n<meta name=\"author\" content=\"redazione\" \/>\n<meta name=\"twitter:card\" content=\"summary_large_image\" \/>\n<meta name=\"twitter:creator\" content=\"@bellunopress\" \/>\n<meta name=\"twitter:site\" content=\"@bellunopress\" \/>\n<meta name=\"twitter:label1\" content=\"Written by\" \/>\n\t<meta name=\"twitter:data1\" content=\"redazione\" \/>\n\t<meta name=\"twitter:label2\" content=\"Est. reading time\" \/>\n\t<meta name=\"twitter:data2\" content=\"2 minutes\" \/>\n<script type=\"application\/ld+json\" class=\"yoast-schema-graph\">{\"@context\":\"https:\\\/\\\/schema.org\",\"@graph\":[{\"@type\":\"Article\",\"@id\":\"https:\\\/\\\/www.bellunopress.it\\\/2026\\\/06\\\/02\\\/mercoledi-allauditorium-comunale-il-concerto-del-pianista-daniele-martinelli\\\/#article\",\"isPartOf\":{\"@id\":\"https:\\\/\\\/www.bellunopress.it\\\/2026\\\/06\\\/02\\\/mercoledi-allauditorium-comunale-il-concerto-del-pianista-daniele-martinelli\\\/\"},\"author\":{\"name\":\"redazione\",\"@id\":\"https:\\\/\\\/www.bellunopress.it\\\/#\\\/schema\\\/person\\\/79bb06722b37ece1c03d3e94beb30d73\"},\"headline\":\"Mercoled\u00ec all&#8217;Auditorium Comunale il concerto del pianista Daniele Martinelli\",\"datePublished\":\"2026-06-02T11:21:17+00:00\",\"dateModified\":\"2026-06-02T11:22:01+00:00\",\"mainEntityOfPage\":{\"@id\":\"https:\\\/\\\/www.bellunopress.it\\\/2026\\\/06\\\/02\\\/mercoledi-allauditorium-comunale-il-concerto-del-pianista-daniele-martinelli\\\/\"},\"wordCount\":200,\"publisher\":{\"@id\":\"https:\\\/\\\/www.bellunopress.it\\\/#organization\"},\"image\":{\"@id\":\"https:\\\/\\\/www.bellunopress.it\\\/2026\\\/06\\\/02\\\/mercoledi-allauditorium-comunale-il-concerto-del-pianista-daniele-martinelli\\\/#primaryimage\"},\"thumbnailUrl\":\"https:\\\/\\\/www.bellunopress.it\\\/wp-content\\\/uploads\\\/2025\\\/09\\\/Palazzo-Auditorium-Belluno.jpg\",\"articleSection\":[\"Appuntamenti, Eventi\",\"Arte, Cultura, Spettacoli, Scienza\",\"Pausa Caff\u00e8\"],\"inLanguage\":\"fr-FR\"},{\"@type\":\"WebPage\",\"@id\":\"https:\\\/\\\/www.bellunopress.it\\\/2026\\\/06\\\/02\\\/mercoledi-allauditorium-comunale-il-concerto-del-pianista-daniele-martinelli\\\/\",\"url\":\"https:\\\/\\\/www.bellunopress.it\\\/2026\\\/06\\\/02\\\/mercoledi-allauditorium-comunale-il-concerto-del-pianista-daniele-martinelli\\\/\",\"name\":\"Mercoled\u00ec all'Auditorium Comunale il concerto del pianista Daniele Martinelli - Bellunopress - Dolomiti\",\"isPartOf\":{\"@id\":\"https:\\\/\\\/www.bellunopress.it\\\/#website\"},\"primaryImageOfPage\":{\"@id\":\"https:\\\/\\\/www.bellunopress.it\\\/2026\\\/06\\\/02\\\/mercoledi-allauditorium-comunale-il-concerto-del-pianista-daniele-martinelli\\\/#primaryimage\"},\"image\":{\"@id\":\"https:\\\/\\\/www.bellunopress.it\\\/2026\\\/06\\\/02\\\/mercoledi-allauditorium-comunale-il-concerto-del-pianista-daniele-martinelli\\\/#primaryimage\"},\"thumbnailUrl\":\"https:\\\/\\\/www.bellunopress.it\\\/wp-content\\\/uploads\\\/2025\\\/09\\\/Palazzo-Auditorium-Belluno.jpg\",\"datePublished\":\"2026-06-02T11:21:17+00:00\",\"dateModified\":\"2026-06-02T11:22:01+00:00\",\"breadcrumb\":{\"@id\":\"https:\\\/\\\/www.bellunopress.it\\\/2026\\\/06\\\/02\\\/mercoledi-allauditorium-comunale-il-concerto-del-pianista-daniele-martinelli\\\/#breadcrumb\"},\"inLanguage\":\"fr-FR\",\"potentialAction\":[{\"@type\":\"ReadAction\",\"target\":[\"https:\\\/\\\/www.bellunopress.it\\\/2026\\\/06\\\/02\\\/mercoledi-allauditorium-comunale-il-concerto-del-pianista-daniele-martinelli\\\/\"]}]},{\"@type\":\"ImageObject\",\"inLanguage\":\"fr-FR\",\"@id\":\"https:\\\/\\\/www.bellunopress.it\\\/2026\\\/06\\\/02\\\/mercoledi-allauditorium-comunale-il-concerto-del-pianista-daniele-martinelli\\\/#primaryimage\",\"url\":\"https:\\\/\\\/www.bellunopress.it\\\/wp-content\\\/uploads\\\/2025\\\/09\\\/Palazzo-Auditorium-Belluno.jpg\",\"contentUrl\":\"https:\\\/\\\/www.bellunopress.it\\\/wp-content\\\/uploads\\\/2025\\\/09\\\/Palazzo-Auditorium-Belluno.jpg\",\"width\":800,\"height\":600,\"caption\":\"Palazzo Auditorium - Belluno\"},{\"@type\":\"BreadcrumbList\",\"@id\":\"https:\\\/\\\/www.bellunopress.it\\\/2026\\\/06\\\/02\\\/mercoledi-allauditorium-comunale-il-concerto-del-pianista-daniele-martinelli\\\/#breadcrumb\",\"itemListElement\":[{\"@type\":\"ListItem\",\"position\":1,\"name\":\"Home\",\"item\":\"https:\\\/\\\/www.bellunopress.it\\\/\"},{\"@type\":\"ListItem\",\"position\":2,\"name\":\"Mercoled\u00ec all&#8217;Auditorium Comunale il concerto del pianista Daniele Martinelli\"}]},{\"@type\":\"WebSite\",\"@id\":\"https:\\\/\\\/www.bellunopress.it\\\/#website\",\"url\":\"https:\\\/\\\/www.bellunopress.it\\\/\",\"name\":\"Bellunopress - Dolomiti\",\"description\":\"e-mail: redazione@bellunopress.it\",\"publisher\":{\"@id\":\"https:\\\/\\\/www.bellunopress.it\\\/#organization\"},\"potentialAction\":[{\"@type\":\"SearchAction\",\"target\":{\"@type\":\"EntryPoint\",\"urlTemplate\":\"https:\\\/\\\/www.bellunopress.it\\\/?s={search_term_string}\"},\"query-input\":{\"@type\":\"PropertyValueSpecification\",\"valueRequired\":true,\"valueName\":\"search_term_string\"}}],\"inLanguage\":\"fr-FR\"},{\"@type\":\"Organization\",\"@id\":\"https:\\\/\\\/www.bellunopress.it\\\/#organization\",\"name\":\"Bellunopress\",\"url\":\"https:\\\/\\\/www.bellunopress.it\\\/\",\"logo\":{\"@type\":\"ImageObject\",\"inLanguage\":\"fr-FR\",\"@id\":\"https:\\\/\\\/www.bellunopress.it\\\/#\\\/schema\\\/logo\\\/image\\\/\",\"url\":\"https:\\\/\\\/www.bellunopress.it\\\/wp-content\\\/uploads\\\/2011\\\/05\\\/cropped-logo-bellunopress-.jpg\",\"contentUrl\":\"https:\\\/\\\/www.bellunopress.it\\\/wp-content\\\/uploads\\\/2011\\\/05\\\/cropped-logo-bellunopress-.jpg\",\"width\":512,\"height\":512,\"caption\":\"Bellunopress\"},\"image\":{\"@id\":\"https:\\\/\\\/www.bellunopress.it\\\/#\\\/schema\\\/logo\\\/image\\\/\"},\"sameAs\":[\"https:\\\/\\\/www.facebook.com\\\/profile.php?id=100008943462799\",\"https:\\\/\\\/x.com\\\/bellunopress\",\"https:\\\/\\\/www.linkedin.com\\\/hp\\\/?dnr=JBzUWaJfMUw8vbXJJ2tVW5-I3jZKvC4wsoxE&amp;amp;amp;amp;amp;amp;trk=nav_responsive_tab_home\",\"https:\\\/\\\/www.youtube.com\\\/channel\\\/UCxL0wu1uN0_3_7hGG0306cw\"]},{\"@type\":\"Person\",\"@id\":\"https:\\\/\\\/www.bellunopress.it\\\/#\\\/schema\\\/person\\\/79bb06722b37ece1c03d3e94beb30d73\",\"name\":\"redazione\",\"image\":{\"@type\":\"ImageObject\",\"inLanguage\":\"fr-FR\",\"@id\":\"https:\\\/\\\/secure.gravatar.com\\\/avatar\\\/37d968a2e67a6fd04c169c4bdef102d0bc5d31b2546345219e348575eb80e9a0?s=96&d=mm&r=g\",\"url\":\"https:\\\/\\\/secure.gravatar.com\\\/avatar\\\/37d968a2e67a6fd04c169c4bdef102d0bc5d31b2546345219e348575eb80e9a0?s=96&d=mm&r=g\",\"contentUrl\":\"https:\\\/\\\/secure.gravatar.com\\\/avatar\\\/37d968a2e67a6fd04c169c4bdef102d0bc5d31b2546345219e348575eb80e9a0?s=96&d=mm&r=g\",\"caption\":\"redazione\"},\"sameAs\":[\"http:\\\/\\\/www.bellunopress.it\",\"https:\\\/\\\/x.com\\\/bellunopress\"],\"url\":\"https:\\\/\\\/www.bellunopress.it\\\/fr\\\/author\\\/redazione\\\/\"}]}<\/script>\n<!-- \/ Yoast SEO plugin. -->","yoast_head_json":{"title":"Mercoled\u00ec all'Auditorium Comunale il concerto del pianista Daniele Martinelli - Bellunopress - Dolomiti","robots":{"index":"index","follow":"follow","max-snippet":"max-snippet:-1","max-image-preview":"max-image-preview:large","max-video-preview":"max-video-preview:-1"},"canonical":"https:\/\/www.bellunopress.it\/fr\/2026\/06\/02\/mercoledi-allauditorium-comunale-il-concerto-del-pianista-daniele-martinelli\/","og_locale":"fr_FR","og_type":"article","og_title":"Mercoled\u00ec all'Auditorium Comunale il concerto del pianista Daniele Martinelli - Bellunopress - Dolomiti","og_description":"Belluno &#8211; Torna il tradizionale appuntamento con il vincitore del Premio Venezia, che nel 2025 ha visto trionfare il giovane pianista Daniele Martinelli e che il Circolo Culturale Bellunese accoglie mercoled\u00ec 3 giugno, ore 20:30, Auditorium Comunale di Belluno, con un recital che prevede l&#8217;esecuzione di Sarcasmes, op. 17 di Sergej Prokof\u2019ev, Kreisleriana, op. 16 [&hellip;]","og_url":"https:\/\/www.bellunopress.it\/fr\/2026\/06\/02\/mercoledi-allauditorium-comunale-il-concerto-del-pianista-daniele-martinelli\/","og_site_name":"Bellunopress - Dolomiti","article_publisher":"https:\/\/www.facebook.com\/profile.php?id=100008943462799","article_published_time":"2026-06-02T11:21:17+00:00","article_modified_time":"2026-06-02T11:22:01+00:00","og_image":[{"width":800,"height":600,"url":"https:\/\/www.bellunopress.it\/wp-content\/uploads\/2025\/09\/Palazzo-Auditorium-Belluno.jpg","type":"image\/jpeg"}],"author":"redazione","twitter_card":"summary_large_image","twitter_creator":"@bellunopress","twitter_site":"@bellunopress","twitter_misc":{"Written by":"redazione","Est. reading time":"2 minutes"},"schema":{"@context":"https:\/\/schema.org","@graph":[{"@type":"Article","@id":"https:\/\/www.bellunopress.it\/2026\/06\/02\/mercoledi-allauditorium-comunale-il-concerto-del-pianista-daniele-martinelli\/#article","isPartOf":{"@id":"https:\/\/www.bellunopress.it\/2026\/06\/02\/mercoledi-allauditorium-comunale-il-concerto-del-pianista-daniele-martinelli\/"},"author":{"name":"redazione","@id":"https:\/\/www.bellunopress.it\/#\/schema\/person\/79bb06722b37ece1c03d3e94beb30d73"},"headline":"Mercoled\u00ec all&#8217;Auditorium Comunale il concerto del pianista Daniele Martinelli","datePublished":"2026-06-02T11:21:17+00:00","dateModified":"2026-06-02T11:22:01+00:00","mainEntityOfPage":{"@id":"https:\/\/www.bellunopress.it\/2026\/06\/02\/mercoledi-allauditorium-comunale-il-concerto-del-pianista-daniele-martinelli\/"},"wordCount":200,"publisher":{"@id":"https:\/\/www.bellunopress.it\/#organization"},"image":{"@id":"https:\/\/www.bellunopress.it\/2026\/06\/02\/mercoledi-allauditorium-comunale-il-concerto-del-pianista-daniele-martinelli\/#primaryimage"},"thumbnailUrl":"https:\/\/www.bellunopress.it\/wp-content\/uploads\/2025\/09\/Palazzo-Auditorium-Belluno.jpg","articleSection":["Appuntamenti, Eventi","Arte, Cultura, Spettacoli, Scienza","Pausa Caff\u00e8"],"inLanguage":"fr-FR"},{"@type":"WebPage","@id":"https:\/\/www.bellunopress.it\/2026\/06\/02\/mercoledi-allauditorium-comunale-il-concerto-del-pianista-daniele-martinelli\/","url":"https:\/\/www.bellunopress.it\/2026\/06\/02\/mercoledi-allauditorium-comunale-il-concerto-del-pianista-daniele-martinelli\/","name":"Mercoled\u00ec all'Auditorium Comunale il concerto del pianista Daniele Martinelli - Bellunopress - Dolomiti","isPartOf":{"@id":"https:\/\/www.bellunopress.it\/#website"},"primaryImageOfPage":{"@id":"https:\/\/www.bellunopress.it\/2026\/06\/02\/mercoledi-allauditorium-comunale-il-concerto-del-pianista-daniele-martinelli\/#primaryimage"},"image":{"@id":"https:\/\/www.bellunopress.it\/2026\/06\/02\/mercoledi-allauditorium-comunale-il-concerto-del-pianista-daniele-martinelli\/#primaryimage"},"thumbnailUrl":"https:\/\/www.bellunopress.it\/wp-content\/uploads\/2025\/09\/Palazzo-Auditorium-Belluno.jpg","datePublished":"2026-06-02T11:21:17+00:00","dateModified":"2026-06-02T11:22:01+00:00","breadcrumb":{"@id":"https:\/\/www.bellunopress.it\/2026\/06\/02\/mercoledi-allauditorium-comunale-il-concerto-del-pianista-daniele-martinelli\/#breadcrumb"},"inLanguage":"fr-FR","potentialAction":[{"@type":"ReadAction","target":["https:\/\/www.bellunopress.it\/2026\/06\/02\/mercoledi-allauditorium-comunale-il-concerto-del-pianista-daniele-martinelli\/"]}]},{"@type":"ImageObject","inLanguage":"fr-FR","@id":"https:\/\/www.bellunopress.it\/2026\/06\/02\/mercoledi-allauditorium-comunale-il-concerto-del-pianista-daniele-martinelli\/#primaryimage","url":"https:\/\/www.bellunopress.it\/wp-content\/uploads\/2025\/09\/Palazzo-Auditorium-Belluno.jpg","contentUrl":"https:\/\/www.bellunopress.it\/wp-content\/uploads\/2025\/09\/Palazzo-Auditorium-Belluno.jpg","width":800,"height":600,"caption":"Palazzo Auditorium - Belluno"},{"@type":"BreadcrumbList","@id":"https:\/\/www.bellunopress.it\/2026\/06\/02\/mercoledi-allauditorium-comunale-il-concerto-del-pianista-daniele-martinelli\/#breadcrumb","itemListElement":[{"@type":"ListItem","position":1,"name":"Home","item":"https:\/\/www.bellunopress.it\/"},{"@type":"ListItem","position":2,"name":"Mercoled\u00ec all&#8217;Auditorium Comunale il concerto del pianista Daniele Martinelli"}]},{"@type":"WebSite","@id":"https:\/\/www.bellunopress.it\/#website","url":"https:\/\/www.bellunopress.it\/","name":"Bellunopress - Dolomiti","description":"e-mail: redazione@bellunopress.it","publisher":{"@id":"https:\/\/www.bellunopress.it\/#organization"},"potentialAction":[{"@type":"SearchAction","target":{"@type":"EntryPoint","urlTemplate":"https:\/\/www.bellunopress.it\/?s={search_term_string}"},"query-input":{"@type":"PropertyValueSpecification","valueRequired":true,"valueName":"search_term_string"}}],"inLanguage":"fr-FR"},{"@type":"Organization","@id":"https:\/\/www.bellunopress.it\/#organization","name":"Bellunopress","url":"https:\/\/www.bellunopress.it\/","logo":{"@type":"ImageObject","inLanguage":"fr-FR","@id":"https:\/\/www.bellunopress.it\/#\/schema\/logo\/image\/","url":"https:\/\/www.bellunopress.it\/wp-content\/uploads\/2011\/05\/cropped-logo-bellunopress-.jpg","contentUrl":"https:\/\/www.bellunopress.it\/wp-content\/uploads\/2011\/05\/cropped-logo-bellunopress-.jpg","width":512,"height":512,"caption":"Bellunopress"},"image":{"@id":"https:\/\/www.bellunopress.it\/#\/schema\/logo\/image\/"},"sameAs":["https:\/\/www.facebook.com\/profile.php?id=100008943462799","https:\/\/x.com\/bellunopress","https:\/\/www.linkedin.com\/hp\/?dnr=JBzUWaJfMUw8vbXJJ2tVW5-I3jZKvC4wsoxE&amp;amp;amp;amp;amp;amp;trk=nav_responsive_tab_home","https:\/\/www.youtube.com\/channel\/UCxL0wu1uN0_3_7hGG0306cw"]},{"@type":"Person","@id":"https:\/\/www.bellunopress.it\/#\/schema\/person\/79bb06722b37ece1c03d3e94beb30d73","name":"r\u00e9daction","image":{"@type":"ImageObject","inLanguage":"fr-FR","@id":"https:\/\/secure.gravatar.com\/avatar\/37d968a2e67a6fd04c169c4bdef102d0bc5d31b2546345219e348575eb80e9a0?s=96&d=mm&r=g","url":"https:\/\/secure.gravatar.com\/avatar\/37d968a2e67a6fd04c169c4bdef102d0bc5d31b2546345219e348575eb80e9a0?s=96&d=mm&r=g","contentUrl":"https:\/\/secure.gravatar.com\/avatar\/37d968a2e67a6fd04c169c4bdef102d0bc5d31b2546345219e348575eb80e9a0?s=96&d=mm&r=g","caption":"redazione"},"sameAs":["http:\/\/www.bellunopress.it","https:\/\/x.com\/bellunopress"],"url":"https:\/\/www.bellunopress.it\/fr\/author\/redazione\/"}]}},"_links":{"self":[{"href":"https:\/\/www.bellunopress.it\/fr\/wp-json\/wp\/v2\/posts\/170544","targetHints":{"allow":["GET"]}}],"collection":[{"href":"https:\/\/www.bellunopress.it\/fr\/wp-json\/wp\/v2\/posts"}],"about":[{"href":"https:\/\/www.bellunopress.it\/fr\/wp-json\/wp\/v2\/types\/post"}],"author":[{"embeddable":true,"href":"https:\/\/www.bellunopress.it\/fr\/wp-json\/wp\/v2\/users\/2"}],"replies":[{"embeddable":true,"href":"https:\/\/www.bellunopress.it\/fr\/wp-json\/wp\/v2\/comments?post=170544"}],"version-history":[{"count":1,"href":"https:\/\/www.bellunopress.it\/fr\/wp-json\/wp\/v2\/posts\/170544\/revisions"}],"predecessor-version":[{"id":170545,"href":"https:\/\/www.bellunopress.it\/fr\/wp-json\/wp\/v2\/posts\/170544\/revisions\/170545"}],"wp:featuredmedia":[{"embeddable":true,"href":"https:\/\/www.bellunopress.it\/fr\/wp-json\/wp\/v2\/media\/163063"}],"wp:attachment":[{"href":"https:\/\/www.bellunopress.it\/fr\/wp-json\/wp\/v2\/media?parent=170544"}],"wp:term":[{"taxonomy":"category","embeddable":true,"href":"https:\/\/www.bellunopress.it\/fr\/wp-json\/wp\/v2\/categories?post=170544"},{"taxonomy":"post_tag","embeddable":true,"href":"https:\/\/www.bellunopress.it\/fr\/wp-json\/wp\/v2\/tags?post=170544"}],"curies":[{"name":"wp","href":"https:\/\/api.w.org\/{rel}","templated":true}]}}