{"id":170541,"date":"2026-05-28T15:35:08","date_gmt":"2026-05-28T13:35:08","guid":{"rendered":"https:\/\/www.bellunopress.it\/?p=170541"},"modified":"2026-05-28T15:35:08","modified_gmt":"2026-05-28T13:35:08","slug":"gaia-minuzzo-seconda-alla-gara-nazionale-di-ottica-2026-a-modica","status":"publish","type":"post","link":"https:\/\/www.bellunopress.it\/fr\/2026\/05\/28\/gaia-minuzzo-seconda-alla-gara-nazionale-di-ottica-2026-a-modica\/","title":{"rendered":"Gaia Minuzzo seconda alla Gara Nazionale di Ottica 2026 a Modica"},"content":{"rendered":"<p>Importante affermazione per la Scuola di Ottica di Pieve di Cadore alla Gara Nazionale di Ottica 2026, svoltasi presso l\u2019IPS \u201cPrincipi Grimaldi\u201d di Modica. La studentessa Gaia Minuzzo ha conquistato il secondo posto in una competizione che ha visto confrontarsi i migliori allievi degli istituti italiani del settore.<\/p>\n<p>Il risultato conferma ancora una volta l\u2019elevata qualit\u00e0 della formazione offerta dalla storica scuola cadorina, che continua a distinguersi a livello nazionale nella preparazione dei futuri professionisti dell\u2019ottica. La gara ha previsto prove teoriche e pratiche finalizzate a valutare competenze tecniche, capacit\u00e0 operative e conoscenze scientifiche proprie del profilo professionale dell\u2019ottico.<\/p>\n<p>Al termine dell\u2019esperienza, Gaia Minuzzo ha espresso tutta la soddisfazione per il traguardo raggiunto: \u00ab\u00c8 stata un\u2019esperienza indimenticabile che mi ha permesso di mettermi in discussione e scoprire nuove parti di me. Ho conosciuto delle persone stupende con cui ho condiviso opinioni e conoscenze e ho vissuto giornate ricche di intense emozioni. In questa occasione ho potuto mettere in pratica le competenze acquisite e dimostrare la passione che mi spinge a entrare in questo settore. Sono grata a tutte le fantastiche persone con cui ho condiviso questa esperienza, alla scuola e ai professori che mi hanno permesso di partecipare e mi hanno sostenuta nella preparazione\u00bb.<\/p>\n<p>Soddisfazione \u00e8 stata espressa anche dalla prof. Monica Tabacchi, coordinatrice del Dipartimento delle discipline di indirizzo, che ha evidenziato come il risultato sia il frutto di un percorso formativo consolidato: \u00abIl secondo posto ottenuto da Gaia testimonia la seriet\u00e0 dell\u2019impegno della studentessa e la qualit\u00e0 degli insegnamenti che caratterizzano la nostra scuola. Questo riconoscimento rappresenta un motivo di orgoglio per tutta la comunit\u00e0 scolastica e conferma il valore di una tradizione educativa che continua a guardare al futuro\u00bb.<\/p>\n<p>Il risultato ottenuto a Modica si aggiunge ai numerosi successi che, nel corso dei decenni, hanno accompagnato la storia della Scuola di Ottica di Pieve di Cadore. Un profilo, quello dell\u2019ottico, particolarmente indicato a quei giovani interessati al benessere e all\u2019efficienza visiva e a chi desidera svolgere una professione a stretto contatto con il pubblico. Un percorso formativo che unisce competenze scientifiche, abilit\u00e0 tecniche e capacit\u00e0 relazionali e che, proprio in questi giorni celebra i suoi 65 anni di attivit\u00e0.<\/p>\n<p>Sessantacinque anni durante i quali centinaia di diplomati cadorini che hanno contribuito allo sviluppo dell\u2019ottica italiana e portato in tutto il Paese il valore di una tradizione educativa che continua a rinnovarsi e a guardare al futuro.<\/p>","protected":false},"excerpt":{"rendered":"<p>Importante affermazione per la Scuola di Ottica di Pieve di Cadore alla Gara Nazionale di Ottica 2026, svoltasi presso l\u2019IPS \u201cPrincipi Grimaldi\u201d di Modica. La studentessa Gaia Minuzzo ha conquistato il secondo posto in una competizione che ha visto confrontarsi i migliori allievi degli istituti italiani del settore. Il risultato conferma ancora una volta l\u2019elevata [&hellip;]<\/p>\n","protected":false},"author":2,"featured_media":170542,"comment_status":"closed","ping_status":"open","sticky":false,"template":"","format":"standard","meta":{"footnotes":""},"categories":[15],"tags":[],"class_list":["post-170541","post","type-post","status-publish","format-standard","has-post-thumbnail","category-scuola"],"yoast_head":"<!-- This site is optimized with the Yoast SEO plugin v28.4 - https:\/\/yoast.com\/product\/yoast-seo-wordpress\/ -->\n<title>Gaia Minuzzo seconda alla Gara Nazionale di Ottica 2026 a Modica - Bellunopress - Dolomiti<\/title>\n<meta name=\"robots\" content=\"index, follow, max-snippet:-1, max-image-preview:large, max-video-preview:-1\" \/>\n<link rel=\"canonical\" href=\"https:\/\/www.bellunopress.it\/fr\/2026\/05\/28\/gaia-minuzzo-seconda-alla-gara-nazionale-di-ottica-2026-a-modica\/\" \/>\n<meta property=\"og:locale\" content=\"fr_FR\" \/>\n<meta property=\"og:type\" content=\"article\" \/>\n<meta property=\"og:title\" content=\"Gaia Minuzzo seconda alla Gara Nazionale di Ottica 2026 a Modica - Bellunopress - Dolomiti\" \/>\n<meta property=\"og:description\" content=\"Importante affermazione per la Scuola di Ottica di Pieve di Cadore alla Gara Nazionale di Ottica 2026, svoltasi presso l\u2019IPS \u201cPrincipi Grimaldi\u201d di Modica. La studentessa Gaia Minuzzo ha conquistato il secondo posto in una competizione che ha visto confrontarsi i migliori allievi degli istituti italiani del settore. Il risultato conferma ancora una volta l\u2019elevata [&hellip;]\" \/>\n<meta property=\"og:url\" content=\"https:\/\/www.bellunopress.it\/fr\/2026\/05\/28\/gaia-minuzzo-seconda-alla-gara-nazionale-di-ottica-2026-a-modica\/\" \/>\n<meta property=\"og:site_name\" content=\"Bellunopress - Dolomiti\" \/>\n<meta property=\"article:publisher\" content=\"https:\/\/www.facebook.com\/profile.php?id=100008943462799\" \/>\n<meta property=\"article:published_time\" content=\"2026-05-28T13:35:08+00:00\" \/>\n<meta property=\"og:image\" content=\"https:\/\/www.bellunopress.it\/wp-content\/uploads\/2026\/05\/gaia-minuzzo.jpeg\" \/>\n\t<meta property=\"og:image:width\" content=\"553\" \/>\n\t<meta property=\"og:image:height\" content=\"444\" \/>\n\t<meta property=\"og:image:type\" content=\"image\/jpeg\" \/>\n<meta name=\"author\" content=\"redazione\" \/>\n<meta name=\"twitter:card\" content=\"summary_large_image\" \/>\n<meta name=\"twitter:creator\" content=\"@bellunopress\" \/>\n<meta name=\"twitter:site\" content=\"@bellunopress\" \/>\n<meta name=\"twitter:label1\" content=\"\u00c9crit par\" \/>\n\t<meta name=\"twitter:data1\" content=\"redazione\" \/>\n\t<meta name=\"twitter:label2\" content=\"Dur\u00e9e de lecture estim\u00e9e\" \/>\n\t<meta name=\"twitter:data2\" content=\"3 minutes\" \/>\n<script type=\"application\/ld+json\" class=\"yoast-schema-graph\">{\"@context\":\"https:\\\/\\\/schema.org\",\"@graph\":[{\"@type\":\"Article\",\"@id\":\"https:\\\/\\\/www.bellunopress.it\\\/2026\\\/05\\\/28\\\/gaia-minuzzo-seconda-alla-gara-nazionale-di-ottica-2026-a-modica\\\/#article\",\"isPartOf\":{\"@id\":\"https:\\\/\\\/www.bellunopress.it\\\/2026\\\/05\\\/28\\\/gaia-minuzzo-seconda-alla-gara-nazionale-di-ottica-2026-a-modica\\\/\"},\"author\":{\"name\":\"redazione\",\"@id\":\"https:\\\/\\\/www.bellunopress.it\\\/#\\\/schema\\\/person\\\/79bb06722b37ece1c03d3e94beb30d73\"},\"headline\":\"Gaia Minuzzo seconda alla Gara Nazionale di Ottica 2026 a Modica\",\"datePublished\":\"2026-05-28T13:35:08+00:00\",\"mainEntityOfPage\":{\"@id\":\"https:\\\/\\\/www.bellunopress.it\\\/2026\\\/05\\\/28\\\/gaia-minuzzo-seconda-alla-gara-nazionale-di-ottica-2026-a-modica\\\/\"},\"wordCount\":415,\"publisher\":{\"@id\":\"https:\\\/\\\/www.bellunopress.it\\\/#organization\"},\"image\":{\"@id\":\"https:\\\/\\\/www.bellunopress.it\\\/2026\\\/05\\\/28\\\/gaia-minuzzo-seconda-alla-gara-nazionale-di-ottica-2026-a-modica\\\/#primaryimage\"},\"thumbnailUrl\":\"https:\\\/\\\/www.bellunopress.it\\\/wp-content\\\/uploads\\\/2026\\\/05\\\/gaia-minuzzo.jpeg\",\"articleSection\":[\"Scuola\"],\"inLanguage\":\"fr-FR\"},{\"@type\":\"WebPage\",\"@id\":\"https:\\\/\\\/www.bellunopress.it\\\/2026\\\/05\\\/28\\\/gaia-minuzzo-seconda-alla-gara-nazionale-di-ottica-2026-a-modica\\\/\",\"url\":\"https:\\\/\\\/www.bellunopress.it\\\/2026\\\/05\\\/28\\\/gaia-minuzzo-seconda-alla-gara-nazionale-di-ottica-2026-a-modica\\\/\",\"name\":\"Gaia Minuzzo seconda alla Gara Nazionale di Ottica 2026 a Modica - Bellunopress - Dolomiti\",\"isPartOf\":{\"@id\":\"https:\\\/\\\/www.bellunopress.it\\\/#website\"},\"primaryImageOfPage\":{\"@id\":\"https:\\\/\\\/www.bellunopress.it\\\/2026\\\/05\\\/28\\\/gaia-minuzzo-seconda-alla-gara-nazionale-di-ottica-2026-a-modica\\\/#primaryimage\"},\"image\":{\"@id\":\"https:\\\/\\\/www.bellunopress.it\\\/2026\\\/05\\\/28\\\/gaia-minuzzo-seconda-alla-gara-nazionale-di-ottica-2026-a-modica\\\/#primaryimage\"},\"thumbnailUrl\":\"https:\\\/\\\/www.bellunopress.it\\\/wp-content\\\/uploads\\\/2026\\\/05\\\/gaia-minuzzo.jpeg\",\"datePublished\":\"2026-05-28T13:35:08+00:00\",\"breadcrumb\":{\"@id\":\"https:\\\/\\\/www.bellunopress.it\\\/2026\\\/05\\\/28\\\/gaia-minuzzo-seconda-alla-gara-nazionale-di-ottica-2026-a-modica\\\/#breadcrumb\"},\"inLanguage\":\"fr-FR\",\"potentialAction\":[{\"@type\":\"ReadAction\",\"target\":[\"https:\\\/\\\/www.bellunopress.it\\\/2026\\\/05\\\/28\\\/gaia-minuzzo-seconda-alla-gara-nazionale-di-ottica-2026-a-modica\\\/\"]}]},{\"@type\":\"ImageObject\",\"inLanguage\":\"fr-FR\",\"@id\":\"https:\\\/\\\/www.bellunopress.it\\\/2026\\\/05\\\/28\\\/gaia-minuzzo-seconda-alla-gara-nazionale-di-ottica-2026-a-modica\\\/#primaryimage\",\"url\":\"https:\\\/\\\/www.bellunopress.it\\\/wp-content\\\/uploads\\\/2026\\\/05\\\/gaia-minuzzo.jpeg\",\"contentUrl\":\"https:\\\/\\\/www.bellunopress.it\\\/wp-content\\\/uploads\\\/2026\\\/05\\\/gaia-minuzzo.jpeg\",\"width\":553,\"height\":444,\"caption\":\"Gaia Minuzzo: il momento della premiazione\"},{\"@type\":\"BreadcrumbList\",\"@id\":\"https:\\\/\\\/www.bellunopress.it\\\/2026\\\/05\\\/28\\\/gaia-minuzzo-seconda-alla-gara-nazionale-di-ottica-2026-a-modica\\\/#breadcrumb\",\"itemListElement\":[{\"@type\":\"ListItem\",\"position\":1,\"name\":\"Home\",\"item\":\"https:\\\/\\\/www.bellunopress.it\\\/\"},{\"@type\":\"ListItem\",\"position\":2,\"name\":\"Gaia Minuzzo seconda alla Gara Nazionale di Ottica 2026 a Modica\"}]},{\"@type\":\"WebSite\",\"@id\":\"https:\\\/\\\/www.bellunopress.it\\\/#website\",\"url\":\"https:\\\/\\\/www.bellunopress.it\\\/\",\"name\":\"Bellunopress - Dolomiti\",\"description\":\"e-mail: redazione@bellunopress.it\",\"publisher\":{\"@id\":\"https:\\\/\\\/www.bellunopress.it\\\/#organization\"},\"potentialAction\":[{\"@type\":\"SearchAction\",\"target\":{\"@type\":\"EntryPoint\",\"urlTemplate\":\"https:\\\/\\\/www.bellunopress.it\\\/?s={search_term_string}\"},\"query-input\":{\"@type\":\"PropertyValueSpecification\",\"valueRequired\":true,\"valueName\":\"search_term_string\"}}],\"inLanguage\":\"fr-FR\"},{\"@type\":\"Organization\",\"@id\":\"https:\\\/\\\/www.bellunopress.it\\\/#organization\",\"name\":\"Bellunopress\",\"url\":\"https:\\\/\\\/www.bellunopress.it\\\/\",\"logo\":{\"@type\":\"ImageObject\",\"inLanguage\":\"fr-FR\",\"@id\":\"https:\\\/\\\/www.bellunopress.it\\\/#\\\/schema\\\/logo\\\/image\\\/\",\"url\":\"https:\\\/\\\/www.bellunopress.it\\\/wp-content\\\/uploads\\\/2011\\\/05\\\/cropped-logo-bellunopress-.jpg\",\"contentUrl\":\"https:\\\/\\\/www.bellunopress.it\\\/wp-content\\\/uploads\\\/2011\\\/05\\\/cropped-logo-bellunopress-.jpg\",\"width\":512,\"height\":512,\"caption\":\"Bellunopress\"},\"image\":{\"@id\":\"https:\\\/\\\/www.bellunopress.it\\\/#\\\/schema\\\/logo\\\/image\\\/\"},\"sameAs\":[\"https:\\\/\\\/www.facebook.com\\\/profile.php?id=100008943462799\",\"https:\\\/\\\/x.com\\\/bellunopress\",\"https:\\\/\\\/www.linkedin.com\\\/hp\\\/?dnr=JBzUWaJfMUw8vbXJJ2tVW5-I3jZKvC4wsoxE&amp;amp;amp;amp;amp;amp;trk=nav_responsive_tab_home\",\"https:\\\/\\\/www.youtube.com\\\/channel\\\/UCxL0wu1uN0_3_7hGG0306cw\"]},{\"@type\":\"Person\",\"@id\":\"https:\\\/\\\/www.bellunopress.it\\\/#\\\/schema\\\/person\\\/79bb06722b37ece1c03d3e94beb30d73\",\"name\":\"redazione\",\"image\":{\"@type\":\"ImageObject\",\"inLanguage\":\"fr-FR\",\"@id\":\"https:\\\/\\\/secure.gravatar.com\\\/avatar\\\/37d968a2e67a6fd04c169c4bdef102d0bc5d31b2546345219e348575eb80e9a0?s=96&d=mm&r=g\",\"url\":\"https:\\\/\\\/secure.gravatar.com\\\/avatar\\\/37d968a2e67a6fd04c169c4bdef102d0bc5d31b2546345219e348575eb80e9a0?s=96&d=mm&r=g\",\"contentUrl\":\"https:\\\/\\\/secure.gravatar.com\\\/avatar\\\/37d968a2e67a6fd04c169c4bdef102d0bc5d31b2546345219e348575eb80e9a0?s=96&d=mm&r=g\",\"caption\":\"redazione\"},\"sameAs\":[\"http:\\\/\\\/www.bellunopress.it\",\"https:\\\/\\\/x.com\\\/bellunopress\"],\"url\":\"https:\\\/\\\/www.bellunopress.it\\\/fr\\\/author\\\/redazione\\\/\"}]}<\/script>\n<!-- \/ Yoast SEO plugin. -->","yoast_head_json":{"title":"Gaia Minuzzo seconda alla Gara Nazionale di Ottica 2026 a Modica - Bellunopress - Dolomiti","robots":{"index":"index","follow":"follow","max-snippet":"max-snippet:-1","max-image-preview":"max-image-preview:large","max-video-preview":"max-video-preview:-1"},"canonical":"https:\/\/www.bellunopress.it\/fr\/2026\/05\/28\/gaia-minuzzo-seconda-alla-gara-nazionale-di-ottica-2026-a-modica\/","og_locale":"fr_FR","og_type":"article","og_title":"Gaia Minuzzo seconda alla Gara Nazionale di Ottica 2026 a Modica - Bellunopress - Dolomiti","og_description":"Importante affermazione per la Scuola di Ottica di Pieve di Cadore alla Gara Nazionale di Ottica 2026, svoltasi presso l\u2019IPS \u201cPrincipi Grimaldi\u201d di Modica. La studentessa Gaia Minuzzo ha conquistato il secondo posto in una competizione che ha visto confrontarsi i migliori allievi degli istituti italiani del settore. Il risultato conferma ancora una volta l\u2019elevata [&hellip;]","og_url":"https:\/\/www.bellunopress.it\/fr\/2026\/05\/28\/gaia-minuzzo-seconda-alla-gara-nazionale-di-ottica-2026-a-modica\/","og_site_name":"Bellunopress - Dolomiti","article_publisher":"https:\/\/www.facebook.com\/profile.php?id=100008943462799","article_published_time":"2026-05-28T13:35:08+00:00","og_image":[{"width":553,"height":444,"url":"https:\/\/www.bellunopress.it\/wp-content\/uploads\/2026\/05\/gaia-minuzzo.jpeg","type":"image\/jpeg"}],"author":"redazione","twitter_card":"summary_large_image","twitter_creator":"@bellunopress","twitter_site":"@bellunopress","twitter_misc":{"\u00c9crit par":"redazione","Dur\u00e9e de lecture estim\u00e9e":"3 minutes"},"schema":{"@context":"https:\/\/schema.org","@graph":[{"@type":"Article","@id":"https:\/\/www.bellunopress.it\/2026\/05\/28\/gaia-minuzzo-seconda-alla-gara-nazionale-di-ottica-2026-a-modica\/#article","isPartOf":{"@id":"https:\/\/www.bellunopress.it\/2026\/05\/28\/gaia-minuzzo-seconda-alla-gara-nazionale-di-ottica-2026-a-modica\/"},"author":{"name":"redazione","@id":"https:\/\/www.bellunopress.it\/#\/schema\/person\/79bb06722b37ece1c03d3e94beb30d73"},"headline":"Gaia Minuzzo seconda alla Gara Nazionale di Ottica 2026 a Modica","datePublished":"2026-05-28T13:35:08+00:00","mainEntityOfPage":{"@id":"https:\/\/www.bellunopress.it\/2026\/05\/28\/gaia-minuzzo-seconda-alla-gara-nazionale-di-ottica-2026-a-modica\/"},"wordCount":415,"publisher":{"@id":"https:\/\/www.bellunopress.it\/#organization"},"image":{"@id":"https:\/\/www.bellunopress.it\/2026\/05\/28\/gaia-minuzzo-seconda-alla-gara-nazionale-di-ottica-2026-a-modica\/#primaryimage"},"thumbnailUrl":"https:\/\/www.bellunopress.it\/wp-content\/uploads\/2026\/05\/gaia-minuzzo.jpeg","articleSection":["Scuola"],"inLanguage":"fr-FR"},{"@type":"WebPage","@id":"https:\/\/www.bellunopress.it\/2026\/05\/28\/gaia-minuzzo-seconda-alla-gara-nazionale-di-ottica-2026-a-modica\/","url":"https:\/\/www.bellunopress.it\/2026\/05\/28\/gaia-minuzzo-seconda-alla-gara-nazionale-di-ottica-2026-a-modica\/","name":"Gaia Minuzzo seconda alla Gara Nazionale di Ottica 2026 a Modica - Bellunopress - Dolomiti","isPartOf":{"@id":"https:\/\/www.bellunopress.it\/#website"},"primaryImageOfPage":{"@id":"https:\/\/www.bellunopress.it\/2026\/05\/28\/gaia-minuzzo-seconda-alla-gara-nazionale-di-ottica-2026-a-modica\/#primaryimage"},"image":{"@id":"https:\/\/www.bellunopress.it\/2026\/05\/28\/gaia-minuzzo-seconda-alla-gara-nazionale-di-ottica-2026-a-modica\/#primaryimage"},"thumbnailUrl":"https:\/\/www.bellunopress.it\/wp-content\/uploads\/2026\/05\/gaia-minuzzo.jpeg","datePublished":"2026-05-28T13:35:08+00:00","breadcrumb":{"@id":"https:\/\/www.bellunopress.it\/2026\/05\/28\/gaia-minuzzo-seconda-alla-gara-nazionale-di-ottica-2026-a-modica\/#breadcrumb"},"inLanguage":"fr-FR","potentialAction":[{"@type":"ReadAction","target":["https:\/\/www.bellunopress.it\/2026\/05\/28\/gaia-minuzzo-seconda-alla-gara-nazionale-di-ottica-2026-a-modica\/"]}]},{"@type":"ImageObject","inLanguage":"fr-FR","@id":"https:\/\/www.bellunopress.it\/2026\/05\/28\/gaia-minuzzo-seconda-alla-gara-nazionale-di-ottica-2026-a-modica\/#primaryimage","url":"https:\/\/www.bellunopress.it\/wp-content\/uploads\/2026\/05\/gaia-minuzzo.jpeg","contentUrl":"https:\/\/www.bellunopress.it\/wp-content\/uploads\/2026\/05\/gaia-minuzzo.jpeg","width":553,"height":444,"caption":"Gaia Minuzzo: il momento della premiazione"},{"@type":"BreadcrumbList","@id":"https:\/\/www.bellunopress.it\/2026\/05\/28\/gaia-minuzzo-seconda-alla-gara-nazionale-di-ottica-2026-a-modica\/#breadcrumb","itemListElement":[{"@type":"ListItem","position":1,"name":"Home","item":"https:\/\/www.bellunopress.it\/"},{"@type":"ListItem","position":2,"name":"Gaia Minuzzo seconda alla Gara Nazionale di Ottica 2026 a Modica"}]},{"@type":"WebSite","@id":"https:\/\/www.bellunopress.it\/#website","url":"https:\/\/www.bellunopress.it\/","name":"Bellunopress - Dolomiti","description":"e-mail: redazione@bellunopress.it","publisher":{"@id":"https:\/\/www.bellunopress.it\/#organization"},"potentialAction":[{"@type":"SearchAction","target":{"@type":"EntryPoint","urlTemplate":"https:\/\/www.bellunopress.it\/?s={search_term_string}"},"query-input":{"@type":"PropertyValueSpecification","valueRequired":true,"valueName":"search_term_string"}}],"inLanguage":"fr-FR"},{"@type":"Organization","@id":"https:\/\/www.bellunopress.it\/#organization","name":"Bellunopress","url":"https:\/\/www.bellunopress.it\/","logo":{"@type":"ImageObject","inLanguage":"fr-FR","@id":"https:\/\/www.bellunopress.it\/#\/schema\/logo\/image\/","url":"https:\/\/www.bellunopress.it\/wp-content\/uploads\/2011\/05\/cropped-logo-bellunopress-.jpg","contentUrl":"https:\/\/www.bellunopress.it\/wp-content\/uploads\/2011\/05\/cropped-logo-bellunopress-.jpg","width":512,"height":512,"caption":"Bellunopress"},"image":{"@id":"https:\/\/www.bellunopress.it\/#\/schema\/logo\/image\/"},"sameAs":["https:\/\/www.facebook.com\/profile.php?id=100008943462799","https:\/\/x.com\/bellunopress","https:\/\/www.linkedin.com\/hp\/?dnr=JBzUWaJfMUw8vbXJJ2tVW5-I3jZKvC4wsoxE&amp;amp;amp;amp;amp;amp;trk=nav_responsive_tab_home","https:\/\/www.youtube.com\/channel\/UCxL0wu1uN0_3_7hGG0306cw"]},{"@type":"Person","@id":"https:\/\/www.bellunopress.it\/#\/schema\/person\/79bb06722b37ece1c03d3e94beb30d73","name":"r\u00e9daction","image":{"@type":"ImageObject","inLanguage":"fr-FR","@id":"https:\/\/secure.gravatar.com\/avatar\/37d968a2e67a6fd04c169c4bdef102d0bc5d31b2546345219e348575eb80e9a0?s=96&d=mm&r=g","url":"https:\/\/secure.gravatar.com\/avatar\/37d968a2e67a6fd04c169c4bdef102d0bc5d31b2546345219e348575eb80e9a0?s=96&d=mm&r=g","contentUrl":"https:\/\/secure.gravatar.com\/avatar\/37d968a2e67a6fd04c169c4bdef102d0bc5d31b2546345219e348575eb80e9a0?s=96&d=mm&r=g","caption":"redazione"},"sameAs":["http:\/\/www.bellunopress.it","https:\/\/x.com\/bellunopress"],"url":"https:\/\/www.bellunopress.it\/fr\/author\/redazione\/"}]}},"_links":{"self":[{"href":"https:\/\/www.bellunopress.it\/fr\/wp-json\/wp\/v2\/posts\/170541","targetHints":{"allow":["GET"]}}],"collection":[{"href":"https:\/\/www.bellunopress.it\/fr\/wp-json\/wp\/v2\/posts"}],"about":[{"href":"https:\/\/www.bellunopress.it\/fr\/wp-json\/wp\/v2\/types\/post"}],"author":[{"embeddable":true,"href":"https:\/\/www.bellunopress.it\/fr\/wp-json\/wp\/v2\/users\/2"}],"replies":[{"embeddable":true,"href":"https:\/\/www.bellunopress.it\/fr\/wp-json\/wp\/v2\/comments?post=170541"}],"version-history":[{"count":1,"href":"https:\/\/www.bellunopress.it\/fr\/wp-json\/wp\/v2\/posts\/170541\/revisions"}],"predecessor-version":[{"id":170543,"href":"https:\/\/www.bellunopress.it\/fr\/wp-json\/wp\/v2\/posts\/170541\/revisions\/170543"}],"wp:featuredmedia":[{"embeddable":true,"href":"https:\/\/www.bellunopress.it\/fr\/wp-json\/wp\/v2\/media\/170542"}],"wp:attachment":[{"href":"https:\/\/www.bellunopress.it\/fr\/wp-json\/wp\/v2\/media?parent=170541"}],"wp:term":[{"taxonomy":"category","embeddable":true,"href":"https:\/\/www.bellunopress.it\/fr\/wp-json\/wp\/v2\/categories?post=170541"},{"taxonomy":"post_tag","embeddable":true,"href":"https:\/\/www.bellunopress.it\/fr\/wp-json\/wp\/v2\/tags?post=170541"}],"curies":[{"name":"wp","href":"https:\/\/api.w.org\/{rel}","templated":true}]}}