{"id":170536,"date":"2026-05-28T13:33:27","date_gmt":"2026-05-28T11:33:27","guid":{"rendered":"https:\/\/www.bellunopress.it\/?p=170536"},"modified":"2026-05-28T13:33:27","modified_gmt":"2026-05-28T11:33:27","slug":"giro-ditalia-il-29-maggio-a-feltre-nel-villaggio-di-partenza-della-19-tappa-lo-stand-sulla-carta-didentita-elettronica","status":"publish","type":"post","link":"https:\/\/www.bellunopress.it\/fr\/2026\/05\/28\/giro-ditalia-il-29-maggio-a-feltre-nel-villaggio-di-partenza-della-19-tappa-lo-stand-sulla-carta-didentita-elettronica\/","title":{"rendered":"Giro d\u2019Italia: il 29 maggio a Feltre, nel villaggio di partenza della 19\u00b0 tappa lo stand sulla Carta d\u2019Identit\u00e0 Elettronica"},"content":{"rendered":"<p>Feltre, 28 maggio 2026 \u2013 La Carta di identit\u00e0 elettronica arriva al Giro d\u2019Italia. Nei villaggi di partenza delle tappe del Giro, quest\u2019anno, sono presenti gli Identity Point dedicati ai servizi della Carta d\u2019Identit\u00e0 Elettronica.<\/p>\n<p>Venerd\u00ec 29 maggio il punto informativo dell\u2019Istituto Poligrafico e Zecca dello Stato sar\u00e0 operativo nel villaggio di partenza della diciannovesima tappa della corsa in programma da Feltre.<br \/>\nNello stand i cittadini potranno incontrare gli operatori per ricevere informazioni sulle modalit\u00e0 di rilascio e rinnovo della Carta di Identit\u00e0 Elettronica e attivare il sistema di identit\u00e0 digitale associata al documento.<\/p>\n<p>Numerosi i Comuni che hanno aderito all\u2019iniziativa informativa lungo l\u2019intero percorso della gara. Infatti, la versione cartacea della Carta d\u2019Identit\u00e0 non sar\u00e0 pi\u00f9 valida sia in Italia sia in Europa dal 3 agosto, indipendentemente dalla data di scadenza riportata sul documento.<\/p>\n<p>L\u2019Identity Point presente a Feltre \u00e8 un\u2019iniziativa dell\u2019Istituto Poligrafico e Zecca dello Stato in collaborazione con il Dipartimento per la Trasformazione digitale, il Ministero dell\u2019Interno.<\/p>\n<p>&nbsp;<\/p>","protected":false},"excerpt":{"rendered":"<p>Feltre, 28 maggio 2026 \u2013 La Carta di identit\u00e0 elettronica arriva al Giro d\u2019Italia. Nei villaggi di partenza delle tappe del Giro, quest\u2019anno, sono presenti gli Identity Point dedicati ai servizi della Carta d\u2019Identit\u00e0 Elettronica. Venerd\u00ec 29 maggio il punto informativo dell\u2019Istituto Poligrafico e Zecca dello Stato sar\u00e0 operativo nel villaggio di partenza della diciannovesima [&hellip;]<\/p>\n","protected":false},"author":2,"featured_media":170537,"comment_status":"closed","ping_status":"open","sticky":false,"template":"","format":"standard","meta":{"footnotes":""},"categories":[8],"tags":[],"class_list":["post-170536","post","type-post","status-publish","format-standard","has-post-thumbnail","category-societa-istituzioni"],"yoast_head":"<!-- This site is optimized with the Yoast SEO plugin v28.4 - https:\/\/yoast.com\/product\/yoast-seo-wordpress\/ -->\n<title>Giro d\u2019Italia: il 29 maggio a Feltre, nel villaggio di partenza della 19\u00b0 tappa lo stand sulla Carta d\u2019Identit\u00e0 Elettronica - Bellunopress - Dolomiti<\/title>\n<meta name=\"robots\" content=\"index, follow, max-snippet:-1, max-image-preview:large, max-video-preview:-1\" \/>\n<link rel=\"canonical\" href=\"https:\/\/www.bellunopress.it\/fr\/2026\/05\/28\/giro-ditalia-il-29-maggio-a-feltre-nel-villaggio-di-partenza-della-19-tappa-lo-stand-sulla-carta-didentita-elettronica\/\" \/>\n<meta property=\"og:locale\" content=\"fr_FR\" \/>\n<meta property=\"og:type\" content=\"article\" \/>\n<meta property=\"og:title\" content=\"Giro d\u2019Italia: il 29 maggio a Feltre, nel villaggio di partenza della 19\u00b0 tappa lo stand sulla Carta d\u2019Identit\u00e0 Elettronica - Bellunopress - Dolomiti\" \/>\n<meta property=\"og:description\" content=\"Feltre, 28 maggio 2026 \u2013 La Carta di identit\u00e0 elettronica arriva al Giro d\u2019Italia. Nei villaggi di partenza delle tappe del Giro, quest\u2019anno, sono presenti gli Identity Point dedicati ai servizi della Carta d\u2019Identit\u00e0 Elettronica. Venerd\u00ec 29 maggio il punto informativo dell\u2019Istituto Poligrafico e Zecca dello Stato sar\u00e0 operativo nel villaggio di partenza della diciannovesima [&hellip;]\" \/>\n<meta property=\"og:url\" content=\"https:\/\/www.bellunopress.it\/fr\/2026\/05\/28\/giro-ditalia-il-29-maggio-a-feltre-nel-villaggio-di-partenza-della-19-tappa-lo-stand-sulla-carta-didentita-elettronica\/\" \/>\n<meta property=\"og:site_name\" content=\"Bellunopress - Dolomiti\" \/>\n<meta property=\"article:publisher\" content=\"https:\/\/www.facebook.com\/profile.php?id=100008943462799\" \/>\n<meta property=\"article:published_time\" content=\"2026-05-28T11:33:27+00:00\" \/>\n<meta property=\"og:image\" content=\"https:\/\/www.bellunopress.it\/wp-content\/uploads\/2026\/05\/carta-ident-elettronica.jpg\" \/>\n\t<meta property=\"og:image:width\" content=\"500\" \/>\n\t<meta property=\"og:image:height\" content=\"281\" \/>\n\t<meta property=\"og:image:type\" content=\"image\/jpeg\" \/>\n<meta name=\"author\" content=\"redazione\" \/>\n<meta name=\"twitter:card\" content=\"summary_large_image\" \/>\n<meta name=\"twitter:creator\" content=\"@bellunopress\" \/>\n<meta name=\"twitter:site\" content=\"@bellunopress\" \/>\n<meta name=\"twitter:label1\" content=\"\u00c9crit par\" \/>\n\t<meta name=\"twitter:data1\" content=\"redazione\" \/>\n\t<meta name=\"twitter:label2\" content=\"Dur\u00e9e de lecture estim\u00e9e\" \/>\n\t<meta name=\"twitter:data2\" content=\"2 minutes\" \/>\n<script type=\"application\/ld+json\" class=\"yoast-schema-graph\">{\"@context\":\"https:\\\/\\\/schema.org\",\"@graph\":[{\"@type\":\"Article\",\"@id\":\"https:\\\/\\\/www.bellunopress.it\\\/2026\\\/05\\\/28\\\/giro-ditalia-il-29-maggio-a-feltre-nel-villaggio-di-partenza-della-19-tappa-lo-stand-sulla-carta-didentita-elettronica\\\/#article\",\"isPartOf\":{\"@id\":\"https:\\\/\\\/www.bellunopress.it\\\/2026\\\/05\\\/28\\\/giro-ditalia-il-29-maggio-a-feltre-nel-villaggio-di-partenza-della-19-tappa-lo-stand-sulla-carta-didentita-elettronica\\\/\"},\"author\":{\"name\":\"redazione\",\"@id\":\"https:\\\/\\\/www.bellunopress.it\\\/#\\\/schema\\\/person\\\/79bb06722b37ece1c03d3e94beb30d73\"},\"headline\":\"Giro d\u2019Italia: il 29 maggio a Feltre, nel villaggio di partenza della 19\u00b0 tappa lo stand sulla Carta d\u2019Identit\u00e0 Elettronica\",\"datePublished\":\"2026-05-28T11:33:27+00:00\",\"mainEntityOfPage\":{\"@id\":\"https:\\\/\\\/www.bellunopress.it\\\/2026\\\/05\\\/28\\\/giro-ditalia-il-29-maggio-a-feltre-nel-villaggio-di-partenza-della-19-tappa-lo-stand-sulla-carta-didentita-elettronica\\\/\"},\"wordCount\":186,\"publisher\":{\"@id\":\"https:\\\/\\\/www.bellunopress.it\\\/#organization\"},\"image\":{\"@id\":\"https:\\\/\\\/www.bellunopress.it\\\/2026\\\/05\\\/28\\\/giro-ditalia-il-29-maggio-a-feltre-nel-villaggio-di-partenza-della-19-tappa-lo-stand-sulla-carta-didentita-elettronica\\\/#primaryimage\"},\"thumbnailUrl\":\"https:\\\/\\\/www.bellunopress.it\\\/wp-content\\\/uploads\\\/2026\\\/05\\\/carta-ident-elettronica.jpg\",\"articleSection\":[\"Societ\u00e0, Associazioni, Istituzioni\"],\"inLanguage\":\"fr-FR\"},{\"@type\":\"WebPage\",\"@id\":\"https:\\\/\\\/www.bellunopress.it\\\/2026\\\/05\\\/28\\\/giro-ditalia-il-29-maggio-a-feltre-nel-villaggio-di-partenza-della-19-tappa-lo-stand-sulla-carta-didentita-elettronica\\\/\",\"url\":\"https:\\\/\\\/www.bellunopress.it\\\/2026\\\/05\\\/28\\\/giro-ditalia-il-29-maggio-a-feltre-nel-villaggio-di-partenza-della-19-tappa-lo-stand-sulla-carta-didentita-elettronica\\\/\",\"name\":\"Giro d\u2019Italia: il 29 maggio a Feltre, nel villaggio di partenza della 19\u00b0 tappa lo stand sulla Carta d\u2019Identit\u00e0 Elettronica - Bellunopress - Dolomiti\",\"isPartOf\":{\"@id\":\"https:\\\/\\\/www.bellunopress.it\\\/#website\"},\"primaryImageOfPage\":{\"@id\":\"https:\\\/\\\/www.bellunopress.it\\\/2026\\\/05\\\/28\\\/giro-ditalia-il-29-maggio-a-feltre-nel-villaggio-di-partenza-della-19-tappa-lo-stand-sulla-carta-didentita-elettronica\\\/#primaryimage\"},\"image\":{\"@id\":\"https:\\\/\\\/www.bellunopress.it\\\/2026\\\/05\\\/28\\\/giro-ditalia-il-29-maggio-a-feltre-nel-villaggio-di-partenza-della-19-tappa-lo-stand-sulla-carta-didentita-elettronica\\\/#primaryimage\"},\"thumbnailUrl\":\"https:\\\/\\\/www.bellunopress.it\\\/wp-content\\\/uploads\\\/2026\\\/05\\\/carta-ident-elettronica.jpg\",\"datePublished\":\"2026-05-28T11:33:27+00:00\",\"breadcrumb\":{\"@id\":\"https:\\\/\\\/www.bellunopress.it\\\/2026\\\/05\\\/28\\\/giro-ditalia-il-29-maggio-a-feltre-nel-villaggio-di-partenza-della-19-tappa-lo-stand-sulla-carta-didentita-elettronica\\\/#breadcrumb\"},\"inLanguage\":\"fr-FR\",\"potentialAction\":[{\"@type\":\"ReadAction\",\"target\":[\"https:\\\/\\\/www.bellunopress.it\\\/2026\\\/05\\\/28\\\/giro-ditalia-il-29-maggio-a-feltre-nel-villaggio-di-partenza-della-19-tappa-lo-stand-sulla-carta-didentita-elettronica\\\/\"]}]},{\"@type\":\"ImageObject\",\"inLanguage\":\"fr-FR\",\"@id\":\"https:\\\/\\\/www.bellunopress.it\\\/2026\\\/05\\\/28\\\/giro-ditalia-il-29-maggio-a-feltre-nel-villaggio-di-partenza-della-19-tappa-lo-stand-sulla-carta-didentita-elettronica\\\/#primaryimage\",\"url\":\"https:\\\/\\\/www.bellunopress.it\\\/wp-content\\\/uploads\\\/2026\\\/05\\\/carta-ident-elettronica.jpg\",\"contentUrl\":\"https:\\\/\\\/www.bellunopress.it\\\/wp-content\\\/uploads\\\/2026\\\/05\\\/carta-ident-elettronica.jpg\",\"width\":500,\"height\":281},{\"@type\":\"BreadcrumbList\",\"@id\":\"https:\\\/\\\/www.bellunopress.it\\\/2026\\\/05\\\/28\\\/giro-ditalia-il-29-maggio-a-feltre-nel-villaggio-di-partenza-della-19-tappa-lo-stand-sulla-carta-didentita-elettronica\\\/#breadcrumb\",\"itemListElement\":[{\"@type\":\"ListItem\",\"position\":1,\"name\":\"Home\",\"item\":\"https:\\\/\\\/www.bellunopress.it\\\/\"},{\"@type\":\"ListItem\",\"position\":2,\"name\":\"Giro d\u2019Italia: il 29 maggio a Feltre, nel villaggio di partenza della 19\u00b0 tappa lo stand sulla Carta d\u2019Identit\u00e0 Elettronica\"}]},{\"@type\":\"WebSite\",\"@id\":\"https:\\\/\\\/www.bellunopress.it\\\/#website\",\"url\":\"https:\\\/\\\/www.bellunopress.it\\\/\",\"name\":\"Bellunopress - Dolomiti\",\"description\":\"e-mail: redazione@bellunopress.it\",\"publisher\":{\"@id\":\"https:\\\/\\\/www.bellunopress.it\\\/#organization\"},\"potentialAction\":[{\"@type\":\"SearchAction\",\"target\":{\"@type\":\"EntryPoint\",\"urlTemplate\":\"https:\\\/\\\/www.bellunopress.it\\\/?s={search_term_string}\"},\"query-input\":{\"@type\":\"PropertyValueSpecification\",\"valueRequired\":true,\"valueName\":\"search_term_string\"}}],\"inLanguage\":\"fr-FR\"},{\"@type\":\"Organization\",\"@id\":\"https:\\\/\\\/www.bellunopress.it\\\/#organization\",\"name\":\"Bellunopress\",\"url\":\"https:\\\/\\\/www.bellunopress.it\\\/\",\"logo\":{\"@type\":\"ImageObject\",\"inLanguage\":\"fr-FR\",\"@id\":\"https:\\\/\\\/www.bellunopress.it\\\/#\\\/schema\\\/logo\\\/image\\\/\",\"url\":\"https:\\\/\\\/www.bellunopress.it\\\/wp-content\\\/uploads\\\/2011\\\/05\\\/cropped-logo-bellunopress-.jpg\",\"contentUrl\":\"https:\\\/\\\/www.bellunopress.it\\\/wp-content\\\/uploads\\\/2011\\\/05\\\/cropped-logo-bellunopress-.jpg\",\"width\":512,\"height\":512,\"caption\":\"Bellunopress\"},\"image\":{\"@id\":\"https:\\\/\\\/www.bellunopress.it\\\/#\\\/schema\\\/logo\\\/image\\\/\"},\"sameAs\":[\"https:\\\/\\\/www.facebook.com\\\/profile.php?id=100008943462799\",\"https:\\\/\\\/x.com\\\/bellunopress\",\"https:\\\/\\\/www.linkedin.com\\\/hp\\\/?dnr=JBzUWaJfMUw8vbXJJ2tVW5-I3jZKvC4wsoxE&amp;amp;amp;amp;amp;amp;trk=nav_responsive_tab_home\",\"https:\\\/\\\/www.youtube.com\\\/channel\\\/UCxL0wu1uN0_3_7hGG0306cw\"]},{\"@type\":\"Person\",\"@id\":\"https:\\\/\\\/www.bellunopress.it\\\/#\\\/schema\\\/person\\\/79bb06722b37ece1c03d3e94beb30d73\",\"name\":\"redazione\",\"image\":{\"@type\":\"ImageObject\",\"inLanguage\":\"fr-FR\",\"@id\":\"https:\\\/\\\/secure.gravatar.com\\\/avatar\\\/37d968a2e67a6fd04c169c4bdef102d0bc5d31b2546345219e348575eb80e9a0?s=96&d=mm&r=g\",\"url\":\"https:\\\/\\\/secure.gravatar.com\\\/avatar\\\/37d968a2e67a6fd04c169c4bdef102d0bc5d31b2546345219e348575eb80e9a0?s=96&d=mm&r=g\",\"contentUrl\":\"https:\\\/\\\/secure.gravatar.com\\\/avatar\\\/37d968a2e67a6fd04c169c4bdef102d0bc5d31b2546345219e348575eb80e9a0?s=96&d=mm&r=g\",\"caption\":\"redazione\"},\"sameAs\":[\"http:\\\/\\\/www.bellunopress.it\",\"https:\\\/\\\/x.com\\\/bellunopress\"],\"url\":\"https:\\\/\\\/www.bellunopress.it\\\/fr\\\/author\\\/redazione\\\/\"}]}<\/script>\n<!-- \/ Yoast SEO plugin. -->","yoast_head_json":{"title":"Giro d\u2019Italia: il 29 maggio a Feltre, nel villaggio di partenza della 19\u00b0 tappa lo stand sulla Carta d\u2019Identit\u00e0 Elettronica - Bellunopress - Dolomiti","robots":{"index":"index","follow":"follow","max-snippet":"max-snippet:-1","max-image-preview":"max-image-preview:large","max-video-preview":"max-video-preview:-1"},"canonical":"https:\/\/www.bellunopress.it\/fr\/2026\/05\/28\/giro-ditalia-il-29-maggio-a-feltre-nel-villaggio-di-partenza-della-19-tappa-lo-stand-sulla-carta-didentita-elettronica\/","og_locale":"fr_FR","og_type":"article","og_title":"Giro d\u2019Italia: il 29 maggio a Feltre, nel villaggio di partenza della 19\u00b0 tappa lo stand sulla Carta d\u2019Identit\u00e0 Elettronica - Bellunopress - Dolomiti","og_description":"Feltre, 28 maggio 2026 \u2013 La Carta di identit\u00e0 elettronica arriva al Giro d\u2019Italia. Nei villaggi di partenza delle tappe del Giro, quest\u2019anno, sono presenti gli Identity Point dedicati ai servizi della Carta d\u2019Identit\u00e0 Elettronica. Venerd\u00ec 29 maggio il punto informativo dell\u2019Istituto Poligrafico e Zecca dello Stato sar\u00e0 operativo nel villaggio di partenza della diciannovesima [&hellip;]","og_url":"https:\/\/www.bellunopress.it\/fr\/2026\/05\/28\/giro-ditalia-il-29-maggio-a-feltre-nel-villaggio-di-partenza-della-19-tappa-lo-stand-sulla-carta-didentita-elettronica\/","og_site_name":"Bellunopress - Dolomiti","article_publisher":"https:\/\/www.facebook.com\/profile.php?id=100008943462799","article_published_time":"2026-05-28T11:33:27+00:00","og_image":[{"width":500,"height":281,"url":"https:\/\/www.bellunopress.it\/wp-content\/uploads\/2026\/05\/carta-ident-elettronica.jpg","type":"image\/jpeg"}],"author":"redazione","twitter_card":"summary_large_image","twitter_creator":"@bellunopress","twitter_site":"@bellunopress","twitter_misc":{"\u00c9crit par":"redazione","Dur\u00e9e de lecture estim\u00e9e":"2 minutes"},"schema":{"@context":"https:\/\/schema.org","@graph":[{"@type":"Article","@id":"https:\/\/www.bellunopress.it\/2026\/05\/28\/giro-ditalia-il-29-maggio-a-feltre-nel-villaggio-di-partenza-della-19-tappa-lo-stand-sulla-carta-didentita-elettronica\/#article","isPartOf":{"@id":"https:\/\/www.bellunopress.it\/2026\/05\/28\/giro-ditalia-il-29-maggio-a-feltre-nel-villaggio-di-partenza-della-19-tappa-lo-stand-sulla-carta-didentita-elettronica\/"},"author":{"name":"redazione","@id":"https:\/\/www.bellunopress.it\/#\/schema\/person\/79bb06722b37ece1c03d3e94beb30d73"},"headline":"Giro d\u2019Italia: il 29 maggio a Feltre, nel villaggio di partenza della 19\u00b0 tappa lo stand sulla Carta d\u2019Identit\u00e0 Elettronica","datePublished":"2026-05-28T11:33:27+00:00","mainEntityOfPage":{"@id":"https:\/\/www.bellunopress.it\/2026\/05\/28\/giro-ditalia-il-29-maggio-a-feltre-nel-villaggio-di-partenza-della-19-tappa-lo-stand-sulla-carta-didentita-elettronica\/"},"wordCount":186,"publisher":{"@id":"https:\/\/www.bellunopress.it\/#organization"},"image":{"@id":"https:\/\/www.bellunopress.it\/2026\/05\/28\/giro-ditalia-il-29-maggio-a-feltre-nel-villaggio-di-partenza-della-19-tappa-lo-stand-sulla-carta-didentita-elettronica\/#primaryimage"},"thumbnailUrl":"https:\/\/www.bellunopress.it\/wp-content\/uploads\/2026\/05\/carta-ident-elettronica.jpg","articleSection":["Societ\u00e0, Associazioni, Istituzioni"],"inLanguage":"fr-FR"},{"@type":"WebPage","@id":"https:\/\/www.bellunopress.it\/2026\/05\/28\/giro-ditalia-il-29-maggio-a-feltre-nel-villaggio-di-partenza-della-19-tappa-lo-stand-sulla-carta-didentita-elettronica\/","url":"https:\/\/www.bellunopress.it\/2026\/05\/28\/giro-ditalia-il-29-maggio-a-feltre-nel-villaggio-di-partenza-della-19-tappa-lo-stand-sulla-carta-didentita-elettronica\/","name":"Giro d\u2019Italia: il 29 maggio a Feltre, nel villaggio di partenza della 19\u00b0 tappa lo stand sulla Carta d\u2019Identit\u00e0 Elettronica - Bellunopress - Dolomiti","isPartOf":{"@id":"https:\/\/www.bellunopress.it\/#website"},"primaryImageOfPage":{"@id":"https:\/\/www.bellunopress.it\/2026\/05\/28\/giro-ditalia-il-29-maggio-a-feltre-nel-villaggio-di-partenza-della-19-tappa-lo-stand-sulla-carta-didentita-elettronica\/#primaryimage"},"image":{"@id":"https:\/\/www.bellunopress.it\/2026\/05\/28\/giro-ditalia-il-29-maggio-a-feltre-nel-villaggio-di-partenza-della-19-tappa-lo-stand-sulla-carta-didentita-elettronica\/#primaryimage"},"thumbnailUrl":"https:\/\/www.bellunopress.it\/wp-content\/uploads\/2026\/05\/carta-ident-elettronica.jpg","datePublished":"2026-05-28T11:33:27+00:00","breadcrumb":{"@id":"https:\/\/www.bellunopress.it\/2026\/05\/28\/giro-ditalia-il-29-maggio-a-feltre-nel-villaggio-di-partenza-della-19-tappa-lo-stand-sulla-carta-didentita-elettronica\/#breadcrumb"},"inLanguage":"fr-FR","potentialAction":[{"@type":"ReadAction","target":["https:\/\/www.bellunopress.it\/2026\/05\/28\/giro-ditalia-il-29-maggio-a-feltre-nel-villaggio-di-partenza-della-19-tappa-lo-stand-sulla-carta-didentita-elettronica\/"]}]},{"@type":"ImageObject","inLanguage":"fr-FR","@id":"https:\/\/www.bellunopress.it\/2026\/05\/28\/giro-ditalia-il-29-maggio-a-feltre-nel-villaggio-di-partenza-della-19-tappa-lo-stand-sulla-carta-didentita-elettronica\/#primaryimage","url":"https:\/\/www.bellunopress.it\/wp-content\/uploads\/2026\/05\/carta-ident-elettronica.jpg","contentUrl":"https:\/\/www.bellunopress.it\/wp-content\/uploads\/2026\/05\/carta-ident-elettronica.jpg","width":500,"height":281},{"@type":"BreadcrumbList","@id":"https:\/\/www.bellunopress.it\/2026\/05\/28\/giro-ditalia-il-29-maggio-a-feltre-nel-villaggio-di-partenza-della-19-tappa-lo-stand-sulla-carta-didentita-elettronica\/#breadcrumb","itemListElement":[{"@type":"ListItem","position":1,"name":"Home","item":"https:\/\/www.bellunopress.it\/"},{"@type":"ListItem","position":2,"name":"Giro d\u2019Italia: il 29 maggio a Feltre, nel villaggio di partenza della 19\u00b0 tappa lo stand sulla Carta d\u2019Identit\u00e0 Elettronica"}]},{"@type":"WebSite","@id":"https:\/\/www.bellunopress.it\/#website","url":"https:\/\/www.bellunopress.it\/","name":"Bellunopress - Dolomiti","description":"e-mail: redazione@bellunopress.it","publisher":{"@id":"https:\/\/www.bellunopress.it\/#organization"},"potentialAction":[{"@type":"SearchAction","target":{"@type":"EntryPoint","urlTemplate":"https:\/\/www.bellunopress.it\/?s={search_term_string}"},"query-input":{"@type":"PropertyValueSpecification","valueRequired":true,"valueName":"search_term_string"}}],"inLanguage":"fr-FR"},{"@type":"Organization","@id":"https:\/\/www.bellunopress.it\/#organization","name":"Bellunopress","url":"https:\/\/www.bellunopress.it\/","logo":{"@type":"ImageObject","inLanguage":"fr-FR","@id":"https:\/\/www.bellunopress.it\/#\/schema\/logo\/image\/","url":"https:\/\/www.bellunopress.it\/wp-content\/uploads\/2011\/05\/cropped-logo-bellunopress-.jpg","contentUrl":"https:\/\/www.bellunopress.it\/wp-content\/uploads\/2011\/05\/cropped-logo-bellunopress-.jpg","width":512,"height":512,"caption":"Bellunopress"},"image":{"@id":"https:\/\/www.bellunopress.it\/#\/schema\/logo\/image\/"},"sameAs":["https:\/\/www.facebook.com\/profile.php?id=100008943462799","https:\/\/x.com\/bellunopress","https:\/\/www.linkedin.com\/hp\/?dnr=JBzUWaJfMUw8vbXJJ2tVW5-I3jZKvC4wsoxE&amp;amp;amp;amp;amp;amp;trk=nav_responsive_tab_home","https:\/\/www.youtube.com\/channel\/UCxL0wu1uN0_3_7hGG0306cw"]},{"@type":"Person","@id":"https:\/\/www.bellunopress.it\/#\/schema\/person\/79bb06722b37ece1c03d3e94beb30d73","name":"r\u00e9daction","image":{"@type":"ImageObject","inLanguage":"fr-FR","@id":"https:\/\/secure.gravatar.com\/avatar\/37d968a2e67a6fd04c169c4bdef102d0bc5d31b2546345219e348575eb80e9a0?s=96&d=mm&r=g","url":"https:\/\/secure.gravatar.com\/avatar\/37d968a2e67a6fd04c169c4bdef102d0bc5d31b2546345219e348575eb80e9a0?s=96&d=mm&r=g","contentUrl":"https:\/\/secure.gravatar.com\/avatar\/37d968a2e67a6fd04c169c4bdef102d0bc5d31b2546345219e348575eb80e9a0?s=96&d=mm&r=g","caption":"redazione"},"sameAs":["http:\/\/www.bellunopress.it","https:\/\/x.com\/bellunopress"],"url":"https:\/\/www.bellunopress.it\/fr\/author\/redazione\/"}]}},"_links":{"self":[{"href":"https:\/\/www.bellunopress.it\/fr\/wp-json\/wp\/v2\/posts\/170536","targetHints":{"allow":["GET"]}}],"collection":[{"href":"https:\/\/www.bellunopress.it\/fr\/wp-json\/wp\/v2\/posts"}],"about":[{"href":"https:\/\/www.bellunopress.it\/fr\/wp-json\/wp\/v2\/types\/post"}],"author":[{"embeddable":true,"href":"https:\/\/www.bellunopress.it\/fr\/wp-json\/wp\/v2\/users\/2"}],"replies":[{"embeddable":true,"href":"https:\/\/www.bellunopress.it\/fr\/wp-json\/wp\/v2\/comments?post=170536"}],"version-history":[{"count":1,"href":"https:\/\/www.bellunopress.it\/fr\/wp-json\/wp\/v2\/posts\/170536\/revisions"}],"predecessor-version":[{"id":170538,"href":"https:\/\/www.bellunopress.it\/fr\/wp-json\/wp\/v2\/posts\/170536\/revisions\/170538"}],"wp:featuredmedia":[{"embeddable":true,"href":"https:\/\/www.bellunopress.it\/fr\/wp-json\/wp\/v2\/media\/170537"}],"wp:attachment":[{"href":"https:\/\/www.bellunopress.it\/fr\/wp-json\/wp\/v2\/media?parent=170536"}],"wp:term":[{"taxonomy":"category","embeddable":true,"href":"https:\/\/www.bellunopress.it\/fr\/wp-json\/wp\/v2\/categories?post=170536"},{"taxonomy":"post_tag","embeddable":true,"href":"https:\/\/www.bellunopress.it\/fr\/wp-json\/wp\/v2\/tags?post=170536"}],"curies":[{"name":"wp","href":"https:\/\/api.w.org\/{rel}","templated":true}]}}