{"id":170531,"date":"2026-05-28T07:00:01","date_gmt":"2026-05-28T05:00:01","guid":{"rendered":"https:\/\/www.bellunopress.it\/?p=170531"},"modified":"2026-05-28T08:18:48","modified_gmt":"2026-05-28T06:18:48","slug":"emma-da-canal-alla-fase-nazionale-delle-olimpiadi-di-problem-solving","status":"publish","type":"post","link":"https:\/\/www.bellunopress.it\/fr\/2026\/05\/28\/emma-da-canal-alla-fase-nazionale-delle-olimpiadi-di-problem-solving\/","title":{"rendered":"Emma Da Canal alla fase nazionale delle Olimpiadi di Problem solving"},"content":{"rendered":"<p><strong>Borgo Valbelluna &#8211; Emma Da Canal della secondaria di Mel ha conquistato l\u2019undicesimo posto nella finale nazionale delle Olimpiadi di Problem Solving del 22 e 23 maggio a Pescara.<\/strong><\/p>\n<p>Grande soddisfazione per Emma Da Canal alunna della 3^A di Mel, che dopo essersi qualificata prima nella fase regionale, il 22 e 23 maggio a Pescara si \u00e8 piazzata all\u2019undicesimo posto nelle Olimpiadi di Problem Solving, su ventidue individualisti proveniente da tutta Italia.<\/p>\n<p>Il problem solving \u00e8 una capacit\u00e0 trasversale ed \u00e8 segnalato come una delle competenze chiave per il futuro. Letteralmente significa \u2018risoluzione di problemi\u2019, ovvero la migliore risposta possibile a una determinata situazione critica e solitamente nuova.<\/p>\n<p>Il cammino di Emma verso questo importante risultato \u00e8 iniziato molti mesi fa sotto la regia dell\u2019insegnante di tecnologia Christian Gaio. Infatti la sua selezione \u00e8 avvenuta prima con quattro prove d\u2019istituto, che si sono tenute da novembre a febbraio, alle quali hanno partecipato alcuni alunni sia di Mel che di Lentiai segnalati come meritevoli e poi le gare regionali che si sono svolte online presso le singole istituzioni scolastiche nel mese di marzo. Le prove d\u2019istituto sono servite per preparare il gruppo di ragazzi che avrebbe rappresentato l\u2019Istituto Comprensivo tra i quali Emma si \u00e8 distinta vincendo la fase regionale e strappando cos\u00ec il biglietto per la nazionale.<br \/>\nLa trasferta a Pescara presso il Liceo Scientifico Leonardo Da Vinci, \u00e8 stata tanto impegnativa quanto entusiasmante. Un\u2019esperienza che difficilmente Emma dimenticher\u00e0 oltre alla soddisfazione del risultato di cui va fiero anche il suo insegnante e tutta una comunit\u00e0.<\/p>","protected":false},"excerpt":{"rendered":"<p>Borgo Valbelluna &#8211; Emma Da Canal della secondaria di Mel ha conquistato l\u2019undicesimo posto nella finale nazionale delle Olimpiadi di Problem Solving del 22 e 23 maggio a Pescara. Grande soddisfazione per Emma Da Canal alunna della 3^A di Mel, che dopo essersi qualificata prima nella fase regionale, il 22 e 23 maggio a Pescara [&hellip;]<\/p>\n","protected":false},"author":2,"featured_media":170532,"comment_status":"closed","ping_status":"open","sticky":false,"template":"","format":"standard","meta":{"footnotes":""},"categories":[15],"tags":[],"class_list":["post-170531","post","type-post","status-publish","format-standard","has-post-thumbnail","category-scuola"],"yoast_head":"<!-- This site is optimized with the Yoast SEO plugin v28.4 - https:\/\/yoast.com\/product\/yoast-seo-wordpress\/ -->\n<title>Emma Da Canal alla fase nazionale delle Olimpiadi di Problem solving - Bellunopress - Dolomiti<\/title>\n<meta name=\"robots\" content=\"index, follow, max-snippet:-1, max-image-preview:large, max-video-preview:-1\" \/>\n<link rel=\"canonical\" href=\"https:\/\/www.bellunopress.it\/fr\/2026\/05\/28\/emma-da-canal-alla-fase-nazionale-delle-olimpiadi-di-problem-solving\/\" \/>\n<meta property=\"og:locale\" content=\"fr_FR\" \/>\n<meta property=\"og:type\" content=\"article\" \/>\n<meta property=\"og:title\" content=\"Emma Da Canal alla fase nazionale delle Olimpiadi di Problem solving - Bellunopress - Dolomiti\" \/>\n<meta property=\"og:description\" content=\"Borgo Valbelluna &#8211; Emma Da Canal della secondaria di Mel ha conquistato l\u2019undicesimo posto nella finale nazionale delle Olimpiadi di Problem Solving del 22 e 23 maggio a Pescara. Grande soddisfazione per Emma Da Canal alunna della 3^A di Mel, che dopo essersi qualificata prima nella fase regionale, il 22 e 23 maggio a Pescara [&hellip;]\" \/>\n<meta property=\"og:url\" content=\"https:\/\/www.bellunopress.it\/fr\/2026\/05\/28\/emma-da-canal-alla-fase-nazionale-delle-olimpiadi-di-problem-solving\/\" \/>\n<meta property=\"og:site_name\" content=\"Bellunopress - Dolomiti\" \/>\n<meta property=\"article:publisher\" content=\"https:\/\/www.facebook.com\/profile.php?id=100008943462799\" \/>\n<meta property=\"article:published_time\" content=\"2026-05-28T05:00:01+00:00\" \/>\n<meta property=\"article:modified_time\" content=\"2026-05-28T06:18:48+00:00\" \/>\n<meta property=\"og:image\" content=\"https:\/\/www.bellunopress.it\/wp-content\/uploads\/2026\/05\/Emma-Da-Canal.jpeg\" \/>\n\t<meta property=\"og:image:width\" content=\"500\" \/>\n\t<meta property=\"og:image:height\" content=\"310\" \/>\n\t<meta property=\"og:image:type\" content=\"image\/jpeg\" \/>\n<meta name=\"author\" content=\"redazione\" \/>\n<meta name=\"twitter:card\" content=\"summary_large_image\" \/>\n<meta name=\"twitter:creator\" content=\"@bellunopress\" \/>\n<meta name=\"twitter:site\" content=\"@bellunopress\" \/>\n<meta name=\"twitter:label1\" content=\"Written by\" \/>\n\t<meta name=\"twitter:data1\" content=\"redazione\" \/>\n\t<meta name=\"twitter:label2\" content=\"Est. reading time\" \/>\n\t<meta name=\"twitter:data2\" content=\"2 minutes\" \/>\n<script type=\"application\/ld+json\" class=\"yoast-schema-graph\">{\"@context\":\"https:\\\/\\\/schema.org\",\"@graph\":[{\"@type\":\"Article\",\"@id\":\"https:\\\/\\\/www.bellunopress.it\\\/2026\\\/05\\\/28\\\/emma-da-canal-alla-fase-nazionale-delle-olimpiadi-di-problem-solving\\\/#article\",\"isPartOf\":{\"@id\":\"https:\\\/\\\/www.bellunopress.it\\\/2026\\\/05\\\/28\\\/emma-da-canal-alla-fase-nazionale-delle-olimpiadi-di-problem-solving\\\/\"},\"author\":{\"name\":\"redazione\",\"@id\":\"https:\\\/\\\/www.bellunopress.it\\\/#\\\/schema\\\/person\\\/79bb06722b37ece1c03d3e94beb30d73\"},\"headline\":\"Emma Da Canal alla fase nazionale delle Olimpiadi di Problem solving\",\"datePublished\":\"2026-05-28T05:00:01+00:00\",\"dateModified\":\"2026-05-28T06:18:48+00:00\",\"mainEntityOfPage\":{\"@id\":\"https:\\\/\\\/www.bellunopress.it\\\/2026\\\/05\\\/28\\\/emma-da-canal-alla-fase-nazionale-delle-olimpiadi-di-problem-solving\\\/\"},\"wordCount\":263,\"publisher\":{\"@id\":\"https:\\\/\\\/www.bellunopress.it\\\/#organization\"},\"image\":{\"@id\":\"https:\\\/\\\/www.bellunopress.it\\\/2026\\\/05\\\/28\\\/emma-da-canal-alla-fase-nazionale-delle-olimpiadi-di-problem-solving\\\/#primaryimage\"},\"thumbnailUrl\":\"https:\\\/\\\/www.bellunopress.it\\\/wp-content\\\/uploads\\\/2026\\\/05\\\/Emma-Da-Canal.jpeg\",\"articleSection\":[\"Scuola\"],\"inLanguage\":\"fr-FR\"},{\"@type\":\"WebPage\",\"@id\":\"https:\\\/\\\/www.bellunopress.it\\\/2026\\\/05\\\/28\\\/emma-da-canal-alla-fase-nazionale-delle-olimpiadi-di-problem-solving\\\/\",\"url\":\"https:\\\/\\\/www.bellunopress.it\\\/2026\\\/05\\\/28\\\/emma-da-canal-alla-fase-nazionale-delle-olimpiadi-di-problem-solving\\\/\",\"name\":\"Emma Da Canal alla fase nazionale delle Olimpiadi di Problem solving - Bellunopress - Dolomiti\",\"isPartOf\":{\"@id\":\"https:\\\/\\\/www.bellunopress.it\\\/#website\"},\"primaryImageOfPage\":{\"@id\":\"https:\\\/\\\/www.bellunopress.it\\\/2026\\\/05\\\/28\\\/emma-da-canal-alla-fase-nazionale-delle-olimpiadi-di-problem-solving\\\/#primaryimage\"},\"image\":{\"@id\":\"https:\\\/\\\/www.bellunopress.it\\\/2026\\\/05\\\/28\\\/emma-da-canal-alla-fase-nazionale-delle-olimpiadi-di-problem-solving\\\/#primaryimage\"},\"thumbnailUrl\":\"https:\\\/\\\/www.bellunopress.it\\\/wp-content\\\/uploads\\\/2026\\\/05\\\/Emma-Da-Canal.jpeg\",\"datePublished\":\"2026-05-28T05:00:01+00:00\",\"dateModified\":\"2026-05-28T06:18:48+00:00\",\"breadcrumb\":{\"@id\":\"https:\\\/\\\/www.bellunopress.it\\\/2026\\\/05\\\/28\\\/emma-da-canal-alla-fase-nazionale-delle-olimpiadi-di-problem-solving\\\/#breadcrumb\"},\"inLanguage\":\"fr-FR\",\"potentialAction\":[{\"@type\":\"ReadAction\",\"target\":[\"https:\\\/\\\/www.bellunopress.it\\\/2026\\\/05\\\/28\\\/emma-da-canal-alla-fase-nazionale-delle-olimpiadi-di-problem-solving\\\/\"]}]},{\"@type\":\"ImageObject\",\"inLanguage\":\"fr-FR\",\"@id\":\"https:\\\/\\\/www.bellunopress.it\\\/2026\\\/05\\\/28\\\/emma-da-canal-alla-fase-nazionale-delle-olimpiadi-di-problem-solving\\\/#primaryimage\",\"url\":\"https:\\\/\\\/www.bellunopress.it\\\/wp-content\\\/uploads\\\/2026\\\/05\\\/Emma-Da-Canal.jpeg\",\"contentUrl\":\"https:\\\/\\\/www.bellunopress.it\\\/wp-content\\\/uploads\\\/2026\\\/05\\\/Emma-Da-Canal.jpeg\",\"width\":500,\"height\":310},{\"@type\":\"BreadcrumbList\",\"@id\":\"https:\\\/\\\/www.bellunopress.it\\\/2026\\\/05\\\/28\\\/emma-da-canal-alla-fase-nazionale-delle-olimpiadi-di-problem-solving\\\/#breadcrumb\",\"itemListElement\":[{\"@type\":\"ListItem\",\"position\":1,\"name\":\"Home\",\"item\":\"https:\\\/\\\/www.bellunopress.it\\\/\"},{\"@type\":\"ListItem\",\"position\":2,\"name\":\"Emma Da Canal alla fase nazionale delle Olimpiadi di Problem solving\"}]},{\"@type\":\"WebSite\",\"@id\":\"https:\\\/\\\/www.bellunopress.it\\\/#website\",\"url\":\"https:\\\/\\\/www.bellunopress.it\\\/\",\"name\":\"Bellunopress - Dolomiti\",\"description\":\"e-mail: redazione@bellunopress.it\",\"publisher\":{\"@id\":\"https:\\\/\\\/www.bellunopress.it\\\/#organization\"},\"potentialAction\":[{\"@type\":\"SearchAction\",\"target\":{\"@type\":\"EntryPoint\",\"urlTemplate\":\"https:\\\/\\\/www.bellunopress.it\\\/?s={search_term_string}\"},\"query-input\":{\"@type\":\"PropertyValueSpecification\",\"valueRequired\":true,\"valueName\":\"search_term_string\"}}],\"inLanguage\":\"fr-FR\"},{\"@type\":\"Organization\",\"@id\":\"https:\\\/\\\/www.bellunopress.it\\\/#organization\",\"name\":\"Bellunopress\",\"url\":\"https:\\\/\\\/www.bellunopress.it\\\/\",\"logo\":{\"@type\":\"ImageObject\",\"inLanguage\":\"fr-FR\",\"@id\":\"https:\\\/\\\/www.bellunopress.it\\\/#\\\/schema\\\/logo\\\/image\\\/\",\"url\":\"https:\\\/\\\/www.bellunopress.it\\\/wp-content\\\/uploads\\\/2011\\\/05\\\/cropped-logo-bellunopress-.jpg\",\"contentUrl\":\"https:\\\/\\\/www.bellunopress.it\\\/wp-content\\\/uploads\\\/2011\\\/05\\\/cropped-logo-bellunopress-.jpg\",\"width\":512,\"height\":512,\"caption\":\"Bellunopress\"},\"image\":{\"@id\":\"https:\\\/\\\/www.bellunopress.it\\\/#\\\/schema\\\/logo\\\/image\\\/\"},\"sameAs\":[\"https:\\\/\\\/www.facebook.com\\\/profile.php?id=100008943462799\",\"https:\\\/\\\/x.com\\\/bellunopress\",\"https:\\\/\\\/www.linkedin.com\\\/hp\\\/?dnr=JBzUWaJfMUw8vbXJJ2tVW5-I3jZKvC4wsoxE&amp;amp;amp;amp;amp;amp;trk=nav_responsive_tab_home\",\"https:\\\/\\\/www.youtube.com\\\/channel\\\/UCxL0wu1uN0_3_7hGG0306cw\"]},{\"@type\":\"Person\",\"@id\":\"https:\\\/\\\/www.bellunopress.it\\\/#\\\/schema\\\/person\\\/79bb06722b37ece1c03d3e94beb30d73\",\"name\":\"redazione\",\"image\":{\"@type\":\"ImageObject\",\"inLanguage\":\"fr-FR\",\"@id\":\"https:\\\/\\\/secure.gravatar.com\\\/avatar\\\/37d968a2e67a6fd04c169c4bdef102d0bc5d31b2546345219e348575eb80e9a0?s=96&d=mm&r=g\",\"url\":\"https:\\\/\\\/secure.gravatar.com\\\/avatar\\\/37d968a2e67a6fd04c169c4bdef102d0bc5d31b2546345219e348575eb80e9a0?s=96&d=mm&r=g\",\"contentUrl\":\"https:\\\/\\\/secure.gravatar.com\\\/avatar\\\/37d968a2e67a6fd04c169c4bdef102d0bc5d31b2546345219e348575eb80e9a0?s=96&d=mm&r=g\",\"caption\":\"redazione\"},\"sameAs\":[\"http:\\\/\\\/www.bellunopress.it\",\"https:\\\/\\\/x.com\\\/bellunopress\"],\"url\":\"https:\\\/\\\/www.bellunopress.it\\\/fr\\\/author\\\/redazione\\\/\"}]}<\/script>\n<!-- \/ Yoast SEO plugin. -->","yoast_head_json":{"title":"Emma Da Canal alla fase nazionale delle Olimpiadi di Problem solving - Bellunopress - Dolomiti","robots":{"index":"index","follow":"follow","max-snippet":"max-snippet:-1","max-image-preview":"max-image-preview:large","max-video-preview":"max-video-preview:-1"},"canonical":"https:\/\/www.bellunopress.it\/fr\/2026\/05\/28\/emma-da-canal-alla-fase-nazionale-delle-olimpiadi-di-problem-solving\/","og_locale":"fr_FR","og_type":"article","og_title":"Emma Da Canal alla fase nazionale delle Olimpiadi di Problem solving - Bellunopress - Dolomiti","og_description":"Borgo Valbelluna &#8211; Emma Da Canal della secondaria di Mel ha conquistato l\u2019undicesimo posto nella finale nazionale delle Olimpiadi di Problem Solving del 22 e 23 maggio a Pescara. Grande soddisfazione per Emma Da Canal alunna della 3^A di Mel, che dopo essersi qualificata prima nella fase regionale, il 22 e 23 maggio a Pescara [&hellip;]","og_url":"https:\/\/www.bellunopress.it\/fr\/2026\/05\/28\/emma-da-canal-alla-fase-nazionale-delle-olimpiadi-di-problem-solving\/","og_site_name":"Bellunopress - Dolomiti","article_publisher":"https:\/\/www.facebook.com\/profile.php?id=100008943462799","article_published_time":"2026-05-28T05:00:01+00:00","article_modified_time":"2026-05-28T06:18:48+00:00","og_image":[{"width":500,"height":310,"url":"https:\/\/www.bellunopress.it\/wp-content\/uploads\/2026\/05\/Emma-Da-Canal.jpeg","type":"image\/jpeg"}],"author":"redazione","twitter_card":"summary_large_image","twitter_creator":"@bellunopress","twitter_site":"@bellunopress","twitter_misc":{"Written by":"redazione","Est. reading time":"2 minutes"},"schema":{"@context":"https:\/\/schema.org","@graph":[{"@type":"Article","@id":"https:\/\/www.bellunopress.it\/2026\/05\/28\/emma-da-canal-alla-fase-nazionale-delle-olimpiadi-di-problem-solving\/#article","isPartOf":{"@id":"https:\/\/www.bellunopress.it\/2026\/05\/28\/emma-da-canal-alla-fase-nazionale-delle-olimpiadi-di-problem-solving\/"},"author":{"name":"redazione","@id":"https:\/\/www.bellunopress.it\/#\/schema\/person\/79bb06722b37ece1c03d3e94beb30d73"},"headline":"Emma Da Canal alla fase nazionale delle Olimpiadi di Problem solving","datePublished":"2026-05-28T05:00:01+00:00","dateModified":"2026-05-28T06:18:48+00:00","mainEntityOfPage":{"@id":"https:\/\/www.bellunopress.it\/2026\/05\/28\/emma-da-canal-alla-fase-nazionale-delle-olimpiadi-di-problem-solving\/"},"wordCount":263,"publisher":{"@id":"https:\/\/www.bellunopress.it\/#organization"},"image":{"@id":"https:\/\/www.bellunopress.it\/2026\/05\/28\/emma-da-canal-alla-fase-nazionale-delle-olimpiadi-di-problem-solving\/#primaryimage"},"thumbnailUrl":"https:\/\/www.bellunopress.it\/wp-content\/uploads\/2026\/05\/Emma-Da-Canal.jpeg","articleSection":["Scuola"],"inLanguage":"fr-FR"},{"@type":"WebPage","@id":"https:\/\/www.bellunopress.it\/2026\/05\/28\/emma-da-canal-alla-fase-nazionale-delle-olimpiadi-di-problem-solving\/","url":"https:\/\/www.bellunopress.it\/2026\/05\/28\/emma-da-canal-alla-fase-nazionale-delle-olimpiadi-di-problem-solving\/","name":"Emma Da Canal alla fase nazionale delle Olimpiadi di Problem solving - Bellunopress - Dolomiti","isPartOf":{"@id":"https:\/\/www.bellunopress.it\/#website"},"primaryImageOfPage":{"@id":"https:\/\/www.bellunopress.it\/2026\/05\/28\/emma-da-canal-alla-fase-nazionale-delle-olimpiadi-di-problem-solving\/#primaryimage"},"image":{"@id":"https:\/\/www.bellunopress.it\/2026\/05\/28\/emma-da-canal-alla-fase-nazionale-delle-olimpiadi-di-problem-solving\/#primaryimage"},"thumbnailUrl":"https:\/\/www.bellunopress.it\/wp-content\/uploads\/2026\/05\/Emma-Da-Canal.jpeg","datePublished":"2026-05-28T05:00:01+00:00","dateModified":"2026-05-28T06:18:48+00:00","breadcrumb":{"@id":"https:\/\/www.bellunopress.it\/2026\/05\/28\/emma-da-canal-alla-fase-nazionale-delle-olimpiadi-di-problem-solving\/#breadcrumb"},"inLanguage":"fr-FR","potentialAction":[{"@type":"ReadAction","target":["https:\/\/www.bellunopress.it\/2026\/05\/28\/emma-da-canal-alla-fase-nazionale-delle-olimpiadi-di-problem-solving\/"]}]},{"@type":"ImageObject","inLanguage":"fr-FR","@id":"https:\/\/www.bellunopress.it\/2026\/05\/28\/emma-da-canal-alla-fase-nazionale-delle-olimpiadi-di-problem-solving\/#primaryimage","url":"https:\/\/www.bellunopress.it\/wp-content\/uploads\/2026\/05\/Emma-Da-Canal.jpeg","contentUrl":"https:\/\/www.bellunopress.it\/wp-content\/uploads\/2026\/05\/Emma-Da-Canal.jpeg","width":500,"height":310},{"@type":"BreadcrumbList","@id":"https:\/\/www.bellunopress.it\/2026\/05\/28\/emma-da-canal-alla-fase-nazionale-delle-olimpiadi-di-problem-solving\/#breadcrumb","itemListElement":[{"@type":"ListItem","position":1,"name":"Home","item":"https:\/\/www.bellunopress.it\/"},{"@type":"ListItem","position":2,"name":"Emma Da Canal alla fase nazionale delle Olimpiadi di Problem solving"}]},{"@type":"WebSite","@id":"https:\/\/www.bellunopress.it\/#website","url":"https:\/\/www.bellunopress.it\/","name":"Bellunopress - Dolomiti","description":"e-mail: redazione@bellunopress.it","publisher":{"@id":"https:\/\/www.bellunopress.it\/#organization"},"potentialAction":[{"@type":"SearchAction","target":{"@type":"EntryPoint","urlTemplate":"https:\/\/www.bellunopress.it\/?s={search_term_string}"},"query-input":{"@type":"PropertyValueSpecification","valueRequired":true,"valueName":"search_term_string"}}],"inLanguage":"fr-FR"},{"@type":"Organization","@id":"https:\/\/www.bellunopress.it\/#organization","name":"Bellunopress","url":"https:\/\/www.bellunopress.it\/","logo":{"@type":"ImageObject","inLanguage":"fr-FR","@id":"https:\/\/www.bellunopress.it\/#\/schema\/logo\/image\/","url":"https:\/\/www.bellunopress.it\/wp-content\/uploads\/2011\/05\/cropped-logo-bellunopress-.jpg","contentUrl":"https:\/\/www.bellunopress.it\/wp-content\/uploads\/2011\/05\/cropped-logo-bellunopress-.jpg","width":512,"height":512,"caption":"Bellunopress"},"image":{"@id":"https:\/\/www.bellunopress.it\/#\/schema\/logo\/image\/"},"sameAs":["https:\/\/www.facebook.com\/profile.php?id=100008943462799","https:\/\/x.com\/bellunopress","https:\/\/www.linkedin.com\/hp\/?dnr=JBzUWaJfMUw8vbXJJ2tVW5-I3jZKvC4wsoxE&amp;amp;amp;amp;amp;amp;trk=nav_responsive_tab_home","https:\/\/www.youtube.com\/channel\/UCxL0wu1uN0_3_7hGG0306cw"]},{"@type":"Person","@id":"https:\/\/www.bellunopress.it\/#\/schema\/person\/79bb06722b37ece1c03d3e94beb30d73","name":"r\u00e9daction","image":{"@type":"ImageObject","inLanguage":"fr-FR","@id":"https:\/\/secure.gravatar.com\/avatar\/37d968a2e67a6fd04c169c4bdef102d0bc5d31b2546345219e348575eb80e9a0?s=96&d=mm&r=g","url":"https:\/\/secure.gravatar.com\/avatar\/37d968a2e67a6fd04c169c4bdef102d0bc5d31b2546345219e348575eb80e9a0?s=96&d=mm&r=g","contentUrl":"https:\/\/secure.gravatar.com\/avatar\/37d968a2e67a6fd04c169c4bdef102d0bc5d31b2546345219e348575eb80e9a0?s=96&d=mm&r=g","caption":"redazione"},"sameAs":["http:\/\/www.bellunopress.it","https:\/\/x.com\/bellunopress"],"url":"https:\/\/www.bellunopress.it\/fr\/author\/redazione\/"}]}},"_links":{"self":[{"href":"https:\/\/www.bellunopress.it\/fr\/wp-json\/wp\/v2\/posts\/170531","targetHints":{"allow":["GET"]}}],"collection":[{"href":"https:\/\/www.bellunopress.it\/fr\/wp-json\/wp\/v2\/posts"}],"about":[{"href":"https:\/\/www.bellunopress.it\/fr\/wp-json\/wp\/v2\/types\/post"}],"author":[{"embeddable":true,"href":"https:\/\/www.bellunopress.it\/fr\/wp-json\/wp\/v2\/users\/2"}],"replies":[{"embeddable":true,"href":"https:\/\/www.bellunopress.it\/fr\/wp-json\/wp\/v2\/comments?post=170531"}],"version-history":[{"count":1,"href":"https:\/\/www.bellunopress.it\/fr\/wp-json\/wp\/v2\/posts\/170531\/revisions"}],"predecessor-version":[{"id":170533,"href":"https:\/\/www.bellunopress.it\/fr\/wp-json\/wp\/v2\/posts\/170531\/revisions\/170533"}],"wp:featuredmedia":[{"embeddable":true,"href":"https:\/\/www.bellunopress.it\/fr\/wp-json\/wp\/v2\/media\/170532"}],"wp:attachment":[{"href":"https:\/\/www.bellunopress.it\/fr\/wp-json\/wp\/v2\/media?parent=170531"}],"wp:term":[{"taxonomy":"category","embeddable":true,"href":"https:\/\/www.bellunopress.it\/fr\/wp-json\/wp\/v2\/categories?post=170531"},{"taxonomy":"post_tag","embeddable":true,"href":"https:\/\/www.bellunopress.it\/fr\/wp-json\/wp\/v2\/tags?post=170531"}],"curies":[{"name":"wp","href":"https:\/\/api.w.org\/{rel}","templated":true}]}}