{"id":170524,"date":"2026-06-01T08:51:17","date_gmt":"2026-06-01T06:51:17","guid":{"rendered":"https:\/\/www.bellunopress.it\/?p=170524"},"modified":"2026-06-02T06:48:19","modified_gmt":"2026-06-02T04:48:19","slug":"borca-di-cadore-venerdi-il-convegno-leggere-montagna-a-cura-di-dolomiti-contemporanee-e-universita-di-padova","status":"publish","type":"post","link":"https:\/\/www.bellunopress.it\/fr\/2026\/06\/01\/borca-di-cadore-venerdi-il-convegno-leggere-montagna-a-cura-di-dolomiti-contemporanee-e-universita-di-padova\/","title":{"rendered":"Borca di Cadore, venerd\u00ec il convegno &#8220;Leggere montagna&#8221; a cura di Dolomiti Contemporanee e Universit\u00e0 di Padova"},"content":{"rendered":"<p>Il Convegno L\u00e8ggere Montagna si svolge venerd\u00ec 5 giugno 2026 in Sala polifunzionale La Sc\u00f2la del Comune di Borca di Cadore (BL). E&#8217; organizzato dal Tesaf, Dipartimento Territorio e Sistemi Agro-Forestali con Dolomiti Contemporanee, insieme ai Comuni di Borca di Cadore e di San Vito di Cadore.<\/p>\n<p>Il Convegno si realizza in concomitanza con la conclusione del Bando PNRR Progetto di Rigenerazione a base culturale con Dolomiti Contemporanee (Bando Borghi Borca di Cadore), che, tra le azioni significative, sicuramente comprende il progetto Xilogenesi, sviluppato dal 2025 attraverso l&#8217;attivazione di una rete territoriale e culturale implementata da Tesaf e Dolomiti Contemporanee, dapprima nei due Comuni di Borca e San Vito di Cadore, con il successivo coinvolgimento del Comune di Perarolo di Cadore, l&#8217;importante con-tributo del CAM Centro di Ateneo per i Musei dell&#8217;Universit\u00e0 degli Studi Padova, il Museo botanico dell&#8217;Orto Botanico di Padova.<\/p>\n<p>Nella sessione mattutina del 5 giugno, i relatori si confronteranno su temi connessi alla nuova Legge 12 settembre 2025, n. 131 &#8211; Disposizioni per il riconoscimento e la promozione delle zone montane, sviluppando una riflessione sul potenziale e sulle opportunit\u00e0 da essa offerte ai territori, e, pi\u00f9 in generale, sullo stato e sul moto della Montagna.<br \/>\nUna riflessione e un confronto, che coinvolge esperti del territorio e rappresentanti di enti che ne praticano la tutela e lo sviluppo, e che sono interessati a comprendere quali saran-no le possibilit\u00e0 applicative ed i vantaggi effettivi da questa Legge, su cui tanto oggi discutono e s&#8217;interrogano gli abitanti delle regioni montane.<br \/>\nNella sessione pomeridiana, verranno presentati gli esiti e le prospettive del progetto Xilogenesi, e alcune delle iniziative legate alla sua comunicazione, tra cui, in anteprima, il libro dedicato, fresco di stampa.<br \/>\nXilogenesi \u00e8 un progetto di sviluppo e di rete, di valorizzazione e promozione per la montagna e il suo patrimonio, che connette cultura ecologica e forestale, ricerca universitaria scientifica, arte e cultura contemporanea.<br \/>\nVengono assegnati CFP ai Dottori Agronomi e ai Dottori Forestali ai sensi del Regolamento per la formazione professionale continua &#8211; Delibera del Consiglio n. 162 del 27 aprile 2022, pubblicato sul Bollettino del Ministero della Giustizia n. 17 del 15 settembre 2022. Il valore dei CFP assegnati \u00e8 pubblicato sul sistema sidafonline.<\/p>\n<p><strong>Programma<\/strong><\/p>\n<p>Sessione mattutina \u2013 9.30-12.30<\/p>\n<p>La Legge 12 settembre 2025, n. 131 &#8211; Disposizioni per il riconoscimento e la promozione delle zone montane.<br \/>\nIntroducono:<br \/>\nBortolo Sala, ex Sindaco di Borca di Cadore<br \/>\nLuca Olivotto, Sindaco Borca di Cadore<br \/>\nAlfio De Sandre, vicesindaco di San Vito di Cadore<br \/>\nTommaso Anfodillo, responsabile del Centro Studi per l&#8217;Ambiente Alpino di San Vito di Ca-dore<br \/>\nGianluca D&#8217;Inc\u00e0 Levis, curatore di Dolomiti Contemporanee<br \/>\nRelatori:<br \/>\nPierpaolo Zanchetta, servizio Biodiversit\u00e0 della Regione Friuli Venezia Giulia, membro del Comitato tecnico della Fondazione Dolomiti Unesco<br \/>\nAlessandra Stefani, Presidente Cluster Italia Foresta Legno, gi\u00e0 capo della Direzione generale delle foreste del Ministero delle politiche agricole alimentari e forestali<br \/>\nMartina Siorpaes, Direttrice Parco Dolomiti d&#8217;Ampezzo<br \/>\nRenzo Trevisin, Presidente Federazione Regionale Ordini Dottori Agronomi e Forestali FODAF Veneto<br \/>\nUgo Marinucci, Presidente CAI L&#8217;Aquila<br \/>\nMaddalena Curioni, Luca Belloni, Comunit\u00e0 Sassifraga, Valle Soana<br \/>\nPranzo \u2013 ore 13.00<br \/>\nA cura di Prometheus Open Food Lab con Azienda Agricola Paolo Rossa Vodo di Cadore<\/p>\n<p>Sessione pomeridiana \u2013 14.00-17.00<br \/>\nXilogenesi, un progetto scientifico, culturale e artistico sulla xiloteca di Eugenio Trevisan<br \/>\nRelatori:<br \/>\nTommaso Anfodillo, responsabile del Centro Studi per l&#8217;Ambiente Alpino di San Vito di Cadore<br \/>\nGianluca D&#8217;Inc\u00e0 Levis, curatore di Dolomiti Contemporanee<br \/>\nIsabella Colpo, direttrice CAM, Centro di Ateneo per i Musei dell&#8217;Universit\u00e0 degli Studi di Padova<br \/>\nStefania Sartor, restauratrice<br \/>\nGabriele Kratter, Assessore alla Cultura del Comune di Perarolo di Cadore<br \/>\nTeresa De Toni, curatrice e fotografa<br \/>\nAriele Bacchetti, artista<br \/>\nKristian Sturi, artista<\/p>","protected":false},"excerpt":{"rendered":"<p>Il Convegno L\u00e8ggere Montagna si svolge venerd\u00ec 5 giugno 2026 in Sala polifunzionale La Sc\u00f2la del Comune di Borca di Cadore (BL). E&#8217; organizzato dal Tesaf, Dipartimento Territorio e Sistemi Agro-Forestali con Dolomiti Contemporanee, insieme ai Comuni di Borca di Cadore e di San Vito di Cadore. Il Convegno si realizza in concomitanza con la [&hellip;]<\/p>\n","protected":false},"author":2,"featured_media":170525,"comment_status":"closed","ping_status":"open","sticky":false,"template":"","format":"standard","meta":{"footnotes":""},"categories":[27,25],"tags":[],"class_list":["post-170524","post","type-post","status-publish","format-standard","has-post-thumbnail","category-appuntamenti","category-pausa-caffe"],"yoast_head":"<!-- This site is optimized with the Yoast SEO plugin v28.4 - https:\/\/yoast.com\/product\/yoast-seo-wordpress\/ -->\n<title>Borca di Cadore, venerd\u00ec il convegno &quot;Leggere montagna&quot; a cura di Dolomiti Contemporanee e Universit\u00e0 di Padova - Bellunopress - Dolomiti<\/title>\n<meta name=\"robots\" content=\"index, follow, max-snippet:-1, max-image-preview:large, max-video-preview:-1\" \/>\n<link rel=\"canonical\" href=\"https:\/\/www.bellunopress.it\/fr\/2026\/06\/01\/borca-di-cadore-venerdi-il-convegno-leggere-montagna-a-cura-di-dolomiti-contemporanee-e-universita-di-padova\/\" \/>\n<meta property=\"og:locale\" content=\"fr_FR\" \/>\n<meta property=\"og:type\" content=\"article\" \/>\n<meta property=\"og:title\" content=\"Borca di Cadore, venerd\u00ec il convegno &quot;Leggere montagna&quot; a cura di Dolomiti Contemporanee e Universit\u00e0 di Padova - Bellunopress - Dolomiti\" \/>\n<meta property=\"og:description\" content=\"Il Convegno L\u00e8ggere Montagna si svolge venerd\u00ec 5 giugno 2026 in Sala polifunzionale La Sc\u00f2la del Comune di Borca di Cadore (BL). E&#8217; organizzato dal Tesaf, Dipartimento Territorio e Sistemi Agro-Forestali con Dolomiti Contemporanee, insieme ai Comuni di Borca di Cadore e di San Vito di Cadore. Il Convegno si realizza in concomitanza con la [&hellip;]\" \/>\n<meta property=\"og:url\" content=\"https:\/\/www.bellunopress.it\/fr\/2026\/06\/01\/borca-di-cadore-venerdi-il-convegno-leggere-montagna-a-cura-di-dolomiti-contemporanee-e-universita-di-padova\/\" \/>\n<meta property=\"og:site_name\" content=\"Bellunopress - Dolomiti\" \/>\n<meta property=\"article:publisher\" content=\"https:\/\/www.facebook.com\/profile.php?id=100008943462799\" \/>\n<meta property=\"article:published_time\" content=\"2026-06-01T06:51:17+00:00\" \/>\n<meta property=\"article:modified_time\" content=\"2026-06-02T04:48:19+00:00\" \/>\n<meta property=\"og:image\" content=\"https:\/\/www.bellunopress.it\/wp-content\/uploads\/2026\/05\/Leggere-Montagna.jpg\" \/>\n\t<meta property=\"og:image:width\" content=\"419\" \/>\n\t<meta property=\"og:image:height\" content=\"500\" \/>\n\t<meta property=\"og:image:type\" content=\"image\/jpeg\" \/>\n<meta name=\"author\" content=\"redazione\" \/>\n<meta name=\"twitter:card\" content=\"summary_large_image\" \/>\n<meta name=\"twitter:creator\" content=\"@bellunopress\" \/>\n<meta name=\"twitter:site\" content=\"@bellunopress\" \/>\n<meta name=\"twitter:label1\" content=\"\u00c9crit par\" \/>\n\t<meta name=\"twitter:data1\" content=\"redazione\" \/>\n\t<meta name=\"twitter:label2\" content=\"Dur\u00e9e de lecture estim\u00e9e\" \/>\n\t<meta name=\"twitter:data2\" content=\"4 minutes\" \/>\n<script type=\"application\/ld+json\" class=\"yoast-schema-graph\">{\"@context\":\"https:\\\/\\\/schema.org\",\"@graph\":[{\"@type\":\"Article\",\"@id\":\"https:\\\/\\\/www.bellunopress.it\\\/2026\\\/06\\\/01\\\/borca-di-cadore-venerdi-il-convegno-leggere-montagna-a-cura-di-dolomiti-contemporanee-e-universita-di-padova\\\/#article\",\"isPartOf\":{\"@id\":\"https:\\\/\\\/www.bellunopress.it\\\/2026\\\/06\\\/01\\\/borca-di-cadore-venerdi-il-convegno-leggere-montagna-a-cura-di-dolomiti-contemporanee-e-universita-di-padova\\\/\"},\"author\":{\"name\":\"redazione\",\"@id\":\"https:\\\/\\\/www.bellunopress.it\\\/#\\\/schema\\\/person\\\/79bb06722b37ece1c03d3e94beb30d73\"},\"headline\":\"Borca di Cadore, venerd\u00ec il convegno &#8220;Leggere montagna&#8221; a cura di Dolomiti Contemporanee e Universit\u00e0 di Padova\",\"datePublished\":\"2026-06-01T06:51:17+00:00\",\"dateModified\":\"2026-06-02T04:48:19+00:00\",\"mainEntityOfPage\":{\"@id\":\"https:\\\/\\\/www.bellunopress.it\\\/2026\\\/06\\\/01\\\/borca-di-cadore-venerdi-il-convegno-leggere-montagna-a-cura-di-dolomiti-contemporanee-e-universita-di-padova\\\/\"},\"wordCount\":612,\"publisher\":{\"@id\":\"https:\\\/\\\/www.bellunopress.it\\\/#organization\"},\"image\":{\"@id\":\"https:\\\/\\\/www.bellunopress.it\\\/2026\\\/06\\\/01\\\/borca-di-cadore-venerdi-il-convegno-leggere-montagna-a-cura-di-dolomiti-contemporanee-e-universita-di-padova\\\/#primaryimage\"},\"thumbnailUrl\":\"https:\\\/\\\/www.bellunopress.it\\\/wp-content\\\/uploads\\\/2026\\\/05\\\/Leggere-Montagna.jpg\",\"articleSection\":[\"Appuntamenti, Eventi\",\"Pausa Caff\u00e8\"],\"inLanguage\":\"fr-FR\"},{\"@type\":\"WebPage\",\"@id\":\"https:\\\/\\\/www.bellunopress.it\\\/2026\\\/06\\\/01\\\/borca-di-cadore-venerdi-il-convegno-leggere-montagna-a-cura-di-dolomiti-contemporanee-e-universita-di-padova\\\/\",\"url\":\"https:\\\/\\\/www.bellunopress.it\\\/2026\\\/06\\\/01\\\/borca-di-cadore-venerdi-il-convegno-leggere-montagna-a-cura-di-dolomiti-contemporanee-e-universita-di-padova\\\/\",\"name\":\"Borca di Cadore, venerd\u00ec il convegno \\\"Leggere montagna\\\" a cura di Dolomiti Contemporanee e Universit\u00e0 di Padova - Bellunopress - Dolomiti\",\"isPartOf\":{\"@id\":\"https:\\\/\\\/www.bellunopress.it\\\/#website\"},\"primaryImageOfPage\":{\"@id\":\"https:\\\/\\\/www.bellunopress.it\\\/2026\\\/06\\\/01\\\/borca-di-cadore-venerdi-il-convegno-leggere-montagna-a-cura-di-dolomiti-contemporanee-e-universita-di-padova\\\/#primaryimage\"},\"image\":{\"@id\":\"https:\\\/\\\/www.bellunopress.it\\\/2026\\\/06\\\/01\\\/borca-di-cadore-venerdi-il-convegno-leggere-montagna-a-cura-di-dolomiti-contemporanee-e-universita-di-padova\\\/#primaryimage\"},\"thumbnailUrl\":\"https:\\\/\\\/www.bellunopress.it\\\/wp-content\\\/uploads\\\/2026\\\/05\\\/Leggere-Montagna.jpg\",\"datePublished\":\"2026-06-01T06:51:17+00:00\",\"dateModified\":\"2026-06-02T04:48:19+00:00\",\"breadcrumb\":{\"@id\":\"https:\\\/\\\/www.bellunopress.it\\\/2026\\\/06\\\/01\\\/borca-di-cadore-venerdi-il-convegno-leggere-montagna-a-cura-di-dolomiti-contemporanee-e-universita-di-padova\\\/#breadcrumb\"},\"inLanguage\":\"fr-FR\",\"potentialAction\":[{\"@type\":\"ReadAction\",\"target\":[\"https:\\\/\\\/www.bellunopress.it\\\/2026\\\/06\\\/01\\\/borca-di-cadore-venerdi-il-convegno-leggere-montagna-a-cura-di-dolomiti-contemporanee-e-universita-di-padova\\\/\"]}]},{\"@type\":\"ImageObject\",\"inLanguage\":\"fr-FR\",\"@id\":\"https:\\\/\\\/www.bellunopress.it\\\/2026\\\/06\\\/01\\\/borca-di-cadore-venerdi-il-convegno-leggere-montagna-a-cura-di-dolomiti-contemporanee-e-universita-di-padova\\\/#primaryimage\",\"url\":\"https:\\\/\\\/www.bellunopress.it\\\/wp-content\\\/uploads\\\/2026\\\/05\\\/Leggere-Montagna.jpg\",\"contentUrl\":\"https:\\\/\\\/www.bellunopress.it\\\/wp-content\\\/uploads\\\/2026\\\/05\\\/Leggere-Montagna.jpg\",\"width\":419,\"height\":500},{\"@type\":\"BreadcrumbList\",\"@id\":\"https:\\\/\\\/www.bellunopress.it\\\/2026\\\/06\\\/01\\\/borca-di-cadore-venerdi-il-convegno-leggere-montagna-a-cura-di-dolomiti-contemporanee-e-universita-di-padova\\\/#breadcrumb\",\"itemListElement\":[{\"@type\":\"ListItem\",\"position\":1,\"name\":\"Home\",\"item\":\"https:\\\/\\\/www.bellunopress.it\\\/\"},{\"@type\":\"ListItem\",\"position\":2,\"name\":\"Borca di Cadore, venerd\u00ec il convegno &#8220;Leggere montagna&#8221; a cura di Dolomiti Contemporanee e Universit\u00e0 di Padova\"}]},{\"@type\":\"WebSite\",\"@id\":\"https:\\\/\\\/www.bellunopress.it\\\/#website\",\"url\":\"https:\\\/\\\/www.bellunopress.it\\\/\",\"name\":\"Bellunopress - Dolomiti\",\"description\":\"e-mail: redazione@bellunopress.it\",\"publisher\":{\"@id\":\"https:\\\/\\\/www.bellunopress.it\\\/#organization\"},\"potentialAction\":[{\"@type\":\"SearchAction\",\"target\":{\"@type\":\"EntryPoint\",\"urlTemplate\":\"https:\\\/\\\/www.bellunopress.it\\\/?s={search_term_string}\"},\"query-input\":{\"@type\":\"PropertyValueSpecification\",\"valueRequired\":true,\"valueName\":\"search_term_string\"}}],\"inLanguage\":\"fr-FR\"},{\"@type\":\"Organization\",\"@id\":\"https:\\\/\\\/www.bellunopress.it\\\/#organization\",\"name\":\"Bellunopress\",\"url\":\"https:\\\/\\\/www.bellunopress.it\\\/\",\"logo\":{\"@type\":\"ImageObject\",\"inLanguage\":\"fr-FR\",\"@id\":\"https:\\\/\\\/www.bellunopress.it\\\/#\\\/schema\\\/logo\\\/image\\\/\",\"url\":\"https:\\\/\\\/www.bellunopress.it\\\/wp-content\\\/uploads\\\/2011\\\/05\\\/cropped-logo-bellunopress-.jpg\",\"contentUrl\":\"https:\\\/\\\/www.bellunopress.it\\\/wp-content\\\/uploads\\\/2011\\\/05\\\/cropped-logo-bellunopress-.jpg\",\"width\":512,\"height\":512,\"caption\":\"Bellunopress\"},\"image\":{\"@id\":\"https:\\\/\\\/www.bellunopress.it\\\/#\\\/schema\\\/logo\\\/image\\\/\"},\"sameAs\":[\"https:\\\/\\\/www.facebook.com\\\/profile.php?id=100008943462799\",\"https:\\\/\\\/x.com\\\/bellunopress\",\"https:\\\/\\\/www.linkedin.com\\\/hp\\\/?dnr=JBzUWaJfMUw8vbXJJ2tVW5-I3jZKvC4wsoxE&amp;amp;amp;amp;amp;amp;trk=nav_responsive_tab_home\",\"https:\\\/\\\/www.youtube.com\\\/channel\\\/UCxL0wu1uN0_3_7hGG0306cw\"]},{\"@type\":\"Person\",\"@id\":\"https:\\\/\\\/www.bellunopress.it\\\/#\\\/schema\\\/person\\\/79bb06722b37ece1c03d3e94beb30d73\",\"name\":\"redazione\",\"image\":{\"@type\":\"ImageObject\",\"inLanguage\":\"fr-FR\",\"@id\":\"https:\\\/\\\/secure.gravatar.com\\\/avatar\\\/37d968a2e67a6fd04c169c4bdef102d0bc5d31b2546345219e348575eb80e9a0?s=96&d=mm&r=g\",\"url\":\"https:\\\/\\\/secure.gravatar.com\\\/avatar\\\/37d968a2e67a6fd04c169c4bdef102d0bc5d31b2546345219e348575eb80e9a0?s=96&d=mm&r=g\",\"contentUrl\":\"https:\\\/\\\/secure.gravatar.com\\\/avatar\\\/37d968a2e67a6fd04c169c4bdef102d0bc5d31b2546345219e348575eb80e9a0?s=96&d=mm&r=g\",\"caption\":\"redazione\"},\"sameAs\":[\"http:\\\/\\\/www.bellunopress.it\",\"https:\\\/\\\/x.com\\\/bellunopress\"],\"url\":\"https:\\\/\\\/www.bellunopress.it\\\/fr\\\/author\\\/redazione\\\/\"}]}<\/script>\n<!-- \/ Yoast SEO plugin. -->","yoast_head_json":{"title":"Borca di Cadore, venerd\u00ec il convegno \"Leggere montagna\" a cura di Dolomiti Contemporanee e Universit\u00e0 di Padova - Bellunopress - Dolomiti","robots":{"index":"index","follow":"follow","max-snippet":"max-snippet:-1","max-image-preview":"max-image-preview:large","max-video-preview":"max-video-preview:-1"},"canonical":"https:\/\/www.bellunopress.it\/fr\/2026\/06\/01\/borca-di-cadore-venerdi-il-convegno-leggere-montagna-a-cura-di-dolomiti-contemporanee-e-universita-di-padova\/","og_locale":"fr_FR","og_type":"article","og_title":"Borca di Cadore, venerd\u00ec il convegno \"Leggere montagna\" a cura di Dolomiti Contemporanee e Universit\u00e0 di Padova - Bellunopress - Dolomiti","og_description":"Il Convegno L\u00e8ggere Montagna si svolge venerd\u00ec 5 giugno 2026 in Sala polifunzionale La Sc\u00f2la del Comune di Borca di Cadore (BL). E&#8217; organizzato dal Tesaf, Dipartimento Territorio e Sistemi Agro-Forestali con Dolomiti Contemporanee, insieme ai Comuni di Borca di Cadore e di San Vito di Cadore. Il Convegno si realizza in concomitanza con la [&hellip;]","og_url":"https:\/\/www.bellunopress.it\/fr\/2026\/06\/01\/borca-di-cadore-venerdi-il-convegno-leggere-montagna-a-cura-di-dolomiti-contemporanee-e-universita-di-padova\/","og_site_name":"Bellunopress - Dolomiti","article_publisher":"https:\/\/www.facebook.com\/profile.php?id=100008943462799","article_published_time":"2026-06-01T06:51:17+00:00","article_modified_time":"2026-06-02T04:48:19+00:00","og_image":[{"width":419,"height":500,"url":"https:\/\/www.bellunopress.it\/wp-content\/uploads\/2026\/05\/Leggere-Montagna.jpg","type":"image\/jpeg"}],"author":"redazione","twitter_card":"summary_large_image","twitter_creator":"@bellunopress","twitter_site":"@bellunopress","twitter_misc":{"\u00c9crit par":"redazione","Dur\u00e9e de lecture estim\u00e9e":"4 minutes"},"schema":{"@context":"https:\/\/schema.org","@graph":[{"@type":"Article","@id":"https:\/\/www.bellunopress.it\/2026\/06\/01\/borca-di-cadore-venerdi-il-convegno-leggere-montagna-a-cura-di-dolomiti-contemporanee-e-universita-di-padova\/#article","isPartOf":{"@id":"https:\/\/www.bellunopress.it\/2026\/06\/01\/borca-di-cadore-venerdi-il-convegno-leggere-montagna-a-cura-di-dolomiti-contemporanee-e-universita-di-padova\/"},"author":{"name":"redazione","@id":"https:\/\/www.bellunopress.it\/#\/schema\/person\/79bb06722b37ece1c03d3e94beb30d73"},"headline":"Borca di Cadore, venerd\u00ec il convegno &#8220;Leggere montagna&#8221; a cura di Dolomiti Contemporanee e Universit\u00e0 di Padova","datePublished":"2026-06-01T06:51:17+00:00","dateModified":"2026-06-02T04:48:19+00:00","mainEntityOfPage":{"@id":"https:\/\/www.bellunopress.it\/2026\/06\/01\/borca-di-cadore-venerdi-il-convegno-leggere-montagna-a-cura-di-dolomiti-contemporanee-e-universita-di-padova\/"},"wordCount":612,"publisher":{"@id":"https:\/\/www.bellunopress.it\/#organization"},"image":{"@id":"https:\/\/www.bellunopress.it\/2026\/06\/01\/borca-di-cadore-venerdi-il-convegno-leggere-montagna-a-cura-di-dolomiti-contemporanee-e-universita-di-padova\/#primaryimage"},"thumbnailUrl":"https:\/\/www.bellunopress.it\/wp-content\/uploads\/2026\/05\/Leggere-Montagna.jpg","articleSection":["Appuntamenti, Eventi","Pausa Caff\u00e8"],"inLanguage":"fr-FR"},{"@type":"WebPage","@id":"https:\/\/www.bellunopress.it\/2026\/06\/01\/borca-di-cadore-venerdi-il-convegno-leggere-montagna-a-cura-di-dolomiti-contemporanee-e-universita-di-padova\/","url":"https:\/\/www.bellunopress.it\/2026\/06\/01\/borca-di-cadore-venerdi-il-convegno-leggere-montagna-a-cura-di-dolomiti-contemporanee-e-universita-di-padova\/","name":"Borca di Cadore, venerd\u00ec il convegno \"Leggere montagna\" a cura di Dolomiti Contemporanee e Universit\u00e0 di Padova - Bellunopress - Dolomiti","isPartOf":{"@id":"https:\/\/www.bellunopress.it\/#website"},"primaryImageOfPage":{"@id":"https:\/\/www.bellunopress.it\/2026\/06\/01\/borca-di-cadore-venerdi-il-convegno-leggere-montagna-a-cura-di-dolomiti-contemporanee-e-universita-di-padova\/#primaryimage"},"image":{"@id":"https:\/\/www.bellunopress.it\/2026\/06\/01\/borca-di-cadore-venerdi-il-convegno-leggere-montagna-a-cura-di-dolomiti-contemporanee-e-universita-di-padova\/#primaryimage"},"thumbnailUrl":"https:\/\/www.bellunopress.it\/wp-content\/uploads\/2026\/05\/Leggere-Montagna.jpg","datePublished":"2026-06-01T06:51:17+00:00","dateModified":"2026-06-02T04:48:19+00:00","breadcrumb":{"@id":"https:\/\/www.bellunopress.it\/2026\/06\/01\/borca-di-cadore-venerdi-il-convegno-leggere-montagna-a-cura-di-dolomiti-contemporanee-e-universita-di-padova\/#breadcrumb"},"inLanguage":"fr-FR","potentialAction":[{"@type":"ReadAction","target":["https:\/\/www.bellunopress.it\/2026\/06\/01\/borca-di-cadore-venerdi-il-convegno-leggere-montagna-a-cura-di-dolomiti-contemporanee-e-universita-di-padova\/"]}]},{"@type":"ImageObject","inLanguage":"fr-FR","@id":"https:\/\/www.bellunopress.it\/2026\/06\/01\/borca-di-cadore-venerdi-il-convegno-leggere-montagna-a-cura-di-dolomiti-contemporanee-e-universita-di-padova\/#primaryimage","url":"https:\/\/www.bellunopress.it\/wp-content\/uploads\/2026\/05\/Leggere-Montagna.jpg","contentUrl":"https:\/\/www.bellunopress.it\/wp-content\/uploads\/2026\/05\/Leggere-Montagna.jpg","width":419,"height":500},{"@type":"BreadcrumbList","@id":"https:\/\/www.bellunopress.it\/2026\/06\/01\/borca-di-cadore-venerdi-il-convegno-leggere-montagna-a-cura-di-dolomiti-contemporanee-e-universita-di-padova\/#breadcrumb","itemListElement":[{"@type":"ListItem","position":1,"name":"Home","item":"https:\/\/www.bellunopress.it\/"},{"@type":"ListItem","position":2,"name":"Borca di Cadore, venerd\u00ec il convegno &#8220;Leggere montagna&#8221; a cura di Dolomiti Contemporanee e Universit\u00e0 di Padova"}]},{"@type":"WebSite","@id":"https:\/\/www.bellunopress.it\/#website","url":"https:\/\/www.bellunopress.it\/","name":"Bellunopress - Dolomiti","description":"e-mail: redazione@bellunopress.it","publisher":{"@id":"https:\/\/www.bellunopress.it\/#organization"},"potentialAction":[{"@type":"SearchAction","target":{"@type":"EntryPoint","urlTemplate":"https:\/\/www.bellunopress.it\/?s={search_term_string}"},"query-input":{"@type":"PropertyValueSpecification","valueRequired":true,"valueName":"search_term_string"}}],"inLanguage":"fr-FR"},{"@type":"Organization","@id":"https:\/\/www.bellunopress.it\/#organization","name":"Bellunopress","url":"https:\/\/www.bellunopress.it\/","logo":{"@type":"ImageObject","inLanguage":"fr-FR","@id":"https:\/\/www.bellunopress.it\/#\/schema\/logo\/image\/","url":"https:\/\/www.bellunopress.it\/wp-content\/uploads\/2011\/05\/cropped-logo-bellunopress-.jpg","contentUrl":"https:\/\/www.bellunopress.it\/wp-content\/uploads\/2011\/05\/cropped-logo-bellunopress-.jpg","width":512,"height":512,"caption":"Bellunopress"},"image":{"@id":"https:\/\/www.bellunopress.it\/#\/schema\/logo\/image\/"},"sameAs":["https:\/\/www.facebook.com\/profile.php?id=100008943462799","https:\/\/x.com\/bellunopress","https:\/\/www.linkedin.com\/hp\/?dnr=JBzUWaJfMUw8vbXJJ2tVW5-I3jZKvC4wsoxE&amp;amp;amp;amp;amp;amp;trk=nav_responsive_tab_home","https:\/\/www.youtube.com\/channel\/UCxL0wu1uN0_3_7hGG0306cw"]},{"@type":"Person","@id":"https:\/\/www.bellunopress.it\/#\/schema\/person\/79bb06722b37ece1c03d3e94beb30d73","name":"r\u00e9daction","image":{"@type":"ImageObject","inLanguage":"fr-FR","@id":"https:\/\/secure.gravatar.com\/avatar\/37d968a2e67a6fd04c169c4bdef102d0bc5d31b2546345219e348575eb80e9a0?s=96&d=mm&r=g","url":"https:\/\/secure.gravatar.com\/avatar\/37d968a2e67a6fd04c169c4bdef102d0bc5d31b2546345219e348575eb80e9a0?s=96&d=mm&r=g","contentUrl":"https:\/\/secure.gravatar.com\/avatar\/37d968a2e67a6fd04c169c4bdef102d0bc5d31b2546345219e348575eb80e9a0?s=96&d=mm&r=g","caption":"redazione"},"sameAs":["http:\/\/www.bellunopress.it","https:\/\/x.com\/bellunopress"],"url":"https:\/\/www.bellunopress.it\/fr\/author\/redazione\/"}]}},"_links":{"self":[{"href":"https:\/\/www.bellunopress.it\/fr\/wp-json\/wp\/v2\/posts\/170524","targetHints":{"allow":["GET"]}}],"collection":[{"href":"https:\/\/www.bellunopress.it\/fr\/wp-json\/wp\/v2\/posts"}],"about":[{"href":"https:\/\/www.bellunopress.it\/fr\/wp-json\/wp\/v2\/types\/post"}],"author":[{"embeddable":true,"href":"https:\/\/www.bellunopress.it\/fr\/wp-json\/wp\/v2\/users\/2"}],"replies":[{"embeddable":true,"href":"https:\/\/www.bellunopress.it\/fr\/wp-json\/wp\/v2\/comments?post=170524"}],"version-history":[{"count":2,"href":"https:\/\/www.bellunopress.it\/fr\/wp-json\/wp\/v2\/posts\/170524\/revisions"}],"predecessor-version":[{"id":170527,"href":"https:\/\/www.bellunopress.it\/fr\/wp-json\/wp\/v2\/posts\/170524\/revisions\/170527"}],"wp:featuredmedia":[{"embeddable":true,"href":"https:\/\/www.bellunopress.it\/fr\/wp-json\/wp\/v2\/media\/170525"}],"wp:attachment":[{"href":"https:\/\/www.bellunopress.it\/fr\/wp-json\/wp\/v2\/media?parent=170524"}],"wp:term":[{"taxonomy":"category","embeddable":true,"href":"https:\/\/www.bellunopress.it\/fr\/wp-json\/wp\/v2\/categories?post=170524"},{"taxonomy":"post_tag","embeddable":true,"href":"https:\/\/www.bellunopress.it\/fr\/wp-json\/wp\/v2\/tags?post=170524"}],"curies":[{"name":"wp","href":"https:\/\/api.w.org\/{rel}","templated":true}]}}