{"id":170521,"date":"2026-05-28T07:20:57","date_gmt":"2026-05-28T05:20:57","guid":{"rendered":"https:\/\/www.bellunopress.it\/?p=170521"},"modified":"2026-05-28T07:27:28","modified_gmt":"2026-05-28T05:27:28","slug":"giro-ditalia-da-fai-della-paganella-a-pieve-di-soligo-passando-per-feltre","status":"publish","type":"post","link":"https:\/\/www.bellunopress.it\/fr\/2026\/05\/28\/giro-ditalia-da-fai-della-paganella-a-pieve-di-soligo-passando-per-feltre\/","title":{"rendered":"Giro d&#8217;Italia. Da Fai della Paganella a Pieve di Soligo passando per Feltre"},"content":{"rendered":"<p>28\/05\/2026 18ma Tappa &#8211; La partenza da Fai della Paganella consente di ammirare ancora una volta le Dolomiti di Brenta. Ma non solo. Il Castello di Fai, costruito nel Seicento dalla famiglia Spaur, rappresenta un&#8217;importante testimonianza storica del territorio, mentre il Museo MAS (Museo Arti e Saperi) permette di approfondire usi e tradizioni locali. Tra le esperienze legate al benessere emerge il Parco del Respiro, area dedicata al forest bathing, immersa nei boschi.<\/p>\n<p>I primi chilometri in discesa portano fino alla Piana Rotaliana coperta dai vigneti dove nascono il Trento DOC, spumante simbolo di eccellenza e il Teroldego Rotaliano DOC, considerato il principe dei vini rossi trentini. Subito dopo ecco Trento che accoglie con la magnificenza del Duomo di San Vigilio e delle facciate affrescate dei palazzi cinquecenteschi, con le opere d&#8217;arte custodite al Castello del Buonconsiglio e il MUSE- Museo delle Scienze disegnato da Renzo Piano.<\/p>\n<p>Da qui si risale verso la Valsugana, attraversata per tutta la sua lunghezza da una delle pi\u00f9 antiche piste ciclabili d&#8217;Italia. Dal Pergine disteso ai piedi del castello medievale si raggiunge in breve il lago di Caldonazzo gi\u00e0 insignito della Bandiera blu d&#8217;Europa per la qualit\u00e0 delle sue acque. Poi \u00e8 la volta del Lago di Levico che si incunea nella vegetazione come un fiordo norvegese.<\/p>\n<p>Le montagne sono ormai alle spalle quando si raggiunge Feltre storico crocevia dei traffici tra le Venezie e il Trentino che ha coltivato nei secoli il culto della bellezza. Diventate inutili le mura difensive che cingono l&#8217;altura su cui sorge il centro storico, si pu\u00f2 passeggiare tra palazzi storici, chiese e monumenti di grande valore. Via Mezzaterra \u00e8 il cuore rinascimentale della citt\u00e0: va percorsa tutta fino a Piazza Maggiore.<\/p>\n<p>Si entra quindi nelle Terre del Prosecco, Patrimonio dell&#8217;umanit\u00e0 dell&#8217;Unesco. Filari e cantine sono il filo conduttore degli ultimi chilometri della tappa, ma lasciano comunque spazio a qualche distrazione. Accade a Valdobbiadene dove la neoclassica Villa dei Cedri e la chiesa di San Floriano ricordano che da queste parti il vino non \u00e8 sempre stato l&#8217;unico protagonista. E succede anche a Follina dove si trova l&#8217;abbazia cistercense di Santa Maria di origine medievale. Senza dimenticare il seicentesco, e superfotografato, Molinetto della Croda a Refrontolo.<\/p>\n<p>Dopo l&#8217;arrivo della corsa \u00e8 piacevole passeggiare per le strade di Pieve di Soligo, percorrendo prima di tutto la Cal Santa \u00e8 una delle vie pi\u00f9 antiche del centro storico, oppure inoltrandosi nel Borgo Stolfi dove accanto alle case della tradizione locale si si osserva la vecchia roggia con la ruota da mulino alimentata dal Soligo. Da vedere anche la seicentesca villa Chisini-Daniott, la chiesetta barocca della Madonna del Carmine e palazzo Balbi Valier, del XIX secolo. Da non perdere il Ponte del Contenzioso, dal nome che evoca antiche e accese dispute. Oggi qui si incrociano i calici. Colmi di Prosecco, naturalmente.<\/p>","protected":false},"excerpt":{"rendered":"<p>28\/05\/2026 18ma Tappa &#8211; La partenza da Fai della Paganella consente di ammirare ancora una volta le Dolomiti di Brenta. Ma non solo. Il Castello di Fai, costruito nel Seicento dalla famiglia Spaur, rappresenta un&#8217;importante testimonianza storica del territorio, mentre il Museo MAS (Museo Arti e Saperi) permette di approfondire usi e tradizioni locali. Tra [&hellip;]<\/p>\n","protected":false},"author":2,"featured_media":169807,"comment_status":"closed","ping_status":"open","sticky":false,"template":"","format":"standard","meta":{"footnotes":""},"categories":[26,4],"tags":[],"class_list":["post-170521","post","type-post","status-publish","format-standard","has-post-thumbnail","category-prima-pagina","category-sport"],"yoast_head":"<!-- This site is optimized with the Yoast SEO plugin v28.4 - https:\/\/yoast.com\/product\/yoast-seo-wordpress\/ -->\n<title>Giro d&#039;Italia. Da Fai della Paganella a Pieve di Soligo passando per Feltre - Bellunopress - Dolomiti<\/title>\n<meta name=\"robots\" content=\"index, follow, max-snippet:-1, max-image-preview:large, max-video-preview:-1\" \/>\n<link rel=\"canonical\" href=\"https:\/\/www.bellunopress.it\/fr\/2026\/05\/28\/giro-ditalia-da-fai-della-paganella-a-pieve-di-soligo-passando-per-feltre\/\" \/>\n<meta property=\"og:locale\" content=\"fr_FR\" \/>\n<meta property=\"og:type\" content=\"article\" \/>\n<meta property=\"og:title\" content=\"Giro d&#039;Italia. Da Fai della Paganella a Pieve di Soligo passando per Feltre - Bellunopress - Dolomiti\" \/>\n<meta property=\"og:description\" content=\"28\/05\/2026 18ma Tappa &#8211; La partenza da Fai della Paganella consente di ammirare ancora una volta le Dolomiti di Brenta. Ma non solo. Il Castello di Fai, costruito nel Seicento dalla famiglia Spaur, rappresenta un&#8217;importante testimonianza storica del territorio, mentre il Museo MAS (Museo Arti e Saperi) permette di approfondire usi e tradizioni locali. Tra [&hellip;]\" \/>\n<meta property=\"og:url\" content=\"https:\/\/www.bellunopress.it\/fr\/2026\/05\/28\/giro-ditalia-da-fai-della-paganella-a-pieve-di-soligo-passando-per-feltre\/\" \/>\n<meta property=\"og:site_name\" content=\"Bellunopress - Dolomiti\" \/>\n<meta property=\"article:publisher\" content=\"https:\/\/www.facebook.com\/profile.php?id=100008943462799\" \/>\n<meta property=\"article:published_time\" content=\"2026-05-28T05:20:57+00:00\" \/>\n<meta property=\"article:modified_time\" content=\"2026-05-28T05:27:28+00:00\" \/>\n<meta property=\"og:image\" content=\"https:\/\/www.bellunopress.it\/wp-content\/uploads\/2026\/05\/Giro-dItalia-2026.jpg\" \/>\n\t<meta property=\"og:image:width\" content=\"533\" \/>\n\t<meta property=\"og:image:height\" content=\"204\" \/>\n\t<meta property=\"og:image:type\" content=\"image\/jpeg\" \/>\n<meta name=\"author\" content=\"redazione\" \/>\n<meta name=\"twitter:card\" content=\"summary_large_image\" \/>\n<meta name=\"twitter:creator\" content=\"@bellunopress\" \/>\n<meta name=\"twitter:site\" content=\"@bellunopress\" \/>\n<meta name=\"twitter:label1\" content=\"\u00c9crit par\" \/>\n\t<meta name=\"twitter:data1\" content=\"redazione\" \/>\n\t<meta name=\"twitter:label2\" content=\"Dur\u00e9e de lecture estim\u00e9e\" \/>\n\t<meta name=\"twitter:data2\" content=\"3 minutes\" \/>\n<script type=\"application\/ld+json\" class=\"yoast-schema-graph\">{\"@context\":\"https:\\\/\\\/schema.org\",\"@graph\":[{\"@type\":\"Article\",\"@id\":\"https:\\\/\\\/www.bellunopress.it\\\/2026\\\/05\\\/28\\\/giro-ditalia-da-fai-della-paganella-a-pieve-di-soligo-passando-per-feltre\\\/#article\",\"isPartOf\":{\"@id\":\"https:\\\/\\\/www.bellunopress.it\\\/2026\\\/05\\\/28\\\/giro-ditalia-da-fai-della-paganella-a-pieve-di-soligo-passando-per-feltre\\\/\"},\"author\":{\"name\":\"redazione\",\"@id\":\"https:\\\/\\\/www.bellunopress.it\\\/#\\\/schema\\\/person\\\/79bb06722b37ece1c03d3e94beb30d73\"},\"headline\":\"Giro d&#8217;Italia. Da Fai della Paganella a Pieve di Soligo passando per Feltre\",\"datePublished\":\"2026-05-28T05:20:57+00:00\",\"dateModified\":\"2026-05-28T05:27:28+00:00\",\"mainEntityOfPage\":{\"@id\":\"https:\\\/\\\/www.bellunopress.it\\\/2026\\\/05\\\/28\\\/giro-ditalia-da-fai-della-paganella-a-pieve-di-soligo-passando-per-feltre\\\/\"},\"wordCount\":487,\"publisher\":{\"@id\":\"https:\\\/\\\/www.bellunopress.it\\\/#organization\"},\"image\":{\"@id\":\"https:\\\/\\\/www.bellunopress.it\\\/2026\\\/05\\\/28\\\/giro-ditalia-da-fai-della-paganella-a-pieve-di-soligo-passando-per-feltre\\\/#primaryimage\"},\"thumbnailUrl\":\"https:\\\/\\\/www.bellunopress.it\\\/wp-content\\\/uploads\\\/2026\\\/05\\\/Giro-dItalia-2026.jpg\",\"articleSection\":[\"Prima Pagina\",\"Sport, tempo libero\"],\"inLanguage\":\"fr-FR\"},{\"@type\":\"WebPage\",\"@id\":\"https:\\\/\\\/www.bellunopress.it\\\/2026\\\/05\\\/28\\\/giro-ditalia-da-fai-della-paganella-a-pieve-di-soligo-passando-per-feltre\\\/\",\"url\":\"https:\\\/\\\/www.bellunopress.it\\\/2026\\\/05\\\/28\\\/giro-ditalia-da-fai-della-paganella-a-pieve-di-soligo-passando-per-feltre\\\/\",\"name\":\"Giro d'Italia. Da Fai della Paganella a Pieve di Soligo passando per Feltre - Bellunopress - Dolomiti\",\"isPartOf\":{\"@id\":\"https:\\\/\\\/www.bellunopress.it\\\/#website\"},\"primaryImageOfPage\":{\"@id\":\"https:\\\/\\\/www.bellunopress.it\\\/2026\\\/05\\\/28\\\/giro-ditalia-da-fai-della-paganella-a-pieve-di-soligo-passando-per-feltre\\\/#primaryimage\"},\"image\":{\"@id\":\"https:\\\/\\\/www.bellunopress.it\\\/2026\\\/05\\\/28\\\/giro-ditalia-da-fai-della-paganella-a-pieve-di-soligo-passando-per-feltre\\\/#primaryimage\"},\"thumbnailUrl\":\"https:\\\/\\\/www.bellunopress.it\\\/wp-content\\\/uploads\\\/2026\\\/05\\\/Giro-dItalia-2026.jpg\",\"datePublished\":\"2026-05-28T05:20:57+00:00\",\"dateModified\":\"2026-05-28T05:27:28+00:00\",\"breadcrumb\":{\"@id\":\"https:\\\/\\\/www.bellunopress.it\\\/2026\\\/05\\\/28\\\/giro-ditalia-da-fai-della-paganella-a-pieve-di-soligo-passando-per-feltre\\\/#breadcrumb\"},\"inLanguage\":\"fr-FR\",\"potentialAction\":[{\"@type\":\"ReadAction\",\"target\":[\"https:\\\/\\\/www.bellunopress.it\\\/2026\\\/05\\\/28\\\/giro-ditalia-da-fai-della-paganella-a-pieve-di-soligo-passando-per-feltre\\\/\"]}]},{\"@type\":\"ImageObject\",\"inLanguage\":\"fr-FR\",\"@id\":\"https:\\\/\\\/www.bellunopress.it\\\/2026\\\/05\\\/28\\\/giro-ditalia-da-fai-della-paganella-a-pieve-di-soligo-passando-per-feltre\\\/#primaryimage\",\"url\":\"https:\\\/\\\/www.bellunopress.it\\\/wp-content\\\/uploads\\\/2026\\\/05\\\/Giro-dItalia-2026.jpg\",\"contentUrl\":\"https:\\\/\\\/www.bellunopress.it\\\/wp-content\\\/uploads\\\/2026\\\/05\\\/Giro-dItalia-2026.jpg\",\"width\":533,\"height\":204},{\"@type\":\"BreadcrumbList\",\"@id\":\"https:\\\/\\\/www.bellunopress.it\\\/2026\\\/05\\\/28\\\/giro-ditalia-da-fai-della-paganella-a-pieve-di-soligo-passando-per-feltre\\\/#breadcrumb\",\"itemListElement\":[{\"@type\":\"ListItem\",\"position\":1,\"name\":\"Home\",\"item\":\"https:\\\/\\\/www.bellunopress.it\\\/\"},{\"@type\":\"ListItem\",\"position\":2,\"name\":\"Giro d&#8217;Italia. Da Fai della Paganella a Pieve di Soligo passando per Feltre\"}]},{\"@type\":\"WebSite\",\"@id\":\"https:\\\/\\\/www.bellunopress.it\\\/#website\",\"url\":\"https:\\\/\\\/www.bellunopress.it\\\/\",\"name\":\"Bellunopress - Dolomiti\",\"description\":\"e-mail: redazione@bellunopress.it\",\"publisher\":{\"@id\":\"https:\\\/\\\/www.bellunopress.it\\\/#organization\"},\"potentialAction\":[{\"@type\":\"SearchAction\",\"target\":{\"@type\":\"EntryPoint\",\"urlTemplate\":\"https:\\\/\\\/www.bellunopress.it\\\/?s={search_term_string}\"},\"query-input\":{\"@type\":\"PropertyValueSpecification\",\"valueRequired\":true,\"valueName\":\"search_term_string\"}}],\"inLanguage\":\"fr-FR\"},{\"@type\":\"Organization\",\"@id\":\"https:\\\/\\\/www.bellunopress.it\\\/#organization\",\"name\":\"Bellunopress\",\"url\":\"https:\\\/\\\/www.bellunopress.it\\\/\",\"logo\":{\"@type\":\"ImageObject\",\"inLanguage\":\"fr-FR\",\"@id\":\"https:\\\/\\\/www.bellunopress.it\\\/#\\\/schema\\\/logo\\\/image\\\/\",\"url\":\"https:\\\/\\\/www.bellunopress.it\\\/wp-content\\\/uploads\\\/2011\\\/05\\\/cropped-logo-bellunopress-.jpg\",\"contentUrl\":\"https:\\\/\\\/www.bellunopress.it\\\/wp-content\\\/uploads\\\/2011\\\/05\\\/cropped-logo-bellunopress-.jpg\",\"width\":512,\"height\":512,\"caption\":\"Bellunopress\"},\"image\":{\"@id\":\"https:\\\/\\\/www.bellunopress.it\\\/#\\\/schema\\\/logo\\\/image\\\/\"},\"sameAs\":[\"https:\\\/\\\/www.facebook.com\\\/profile.php?id=100008943462799\",\"https:\\\/\\\/x.com\\\/bellunopress\",\"https:\\\/\\\/www.linkedin.com\\\/hp\\\/?dnr=JBzUWaJfMUw8vbXJJ2tVW5-I3jZKvC4wsoxE&amp;amp;amp;amp;amp;amp;trk=nav_responsive_tab_home\",\"https:\\\/\\\/www.youtube.com\\\/channel\\\/UCxL0wu1uN0_3_7hGG0306cw\"]},{\"@type\":\"Person\",\"@id\":\"https:\\\/\\\/www.bellunopress.it\\\/#\\\/schema\\\/person\\\/79bb06722b37ece1c03d3e94beb30d73\",\"name\":\"redazione\",\"image\":{\"@type\":\"ImageObject\",\"inLanguage\":\"fr-FR\",\"@id\":\"https:\\\/\\\/secure.gravatar.com\\\/avatar\\\/37d968a2e67a6fd04c169c4bdef102d0bc5d31b2546345219e348575eb80e9a0?s=96&d=mm&r=g\",\"url\":\"https:\\\/\\\/secure.gravatar.com\\\/avatar\\\/37d968a2e67a6fd04c169c4bdef102d0bc5d31b2546345219e348575eb80e9a0?s=96&d=mm&r=g\",\"contentUrl\":\"https:\\\/\\\/secure.gravatar.com\\\/avatar\\\/37d968a2e67a6fd04c169c4bdef102d0bc5d31b2546345219e348575eb80e9a0?s=96&d=mm&r=g\",\"caption\":\"redazione\"},\"sameAs\":[\"http:\\\/\\\/www.bellunopress.it\",\"https:\\\/\\\/x.com\\\/bellunopress\"],\"url\":\"https:\\\/\\\/www.bellunopress.it\\\/fr\\\/author\\\/redazione\\\/\"}]}<\/script>\n<!-- \/ Yoast SEO plugin. -->","yoast_head_json":{"title":"Giro d'Italia. Da Fai della Paganella a Pieve di Soligo passando per Feltre - Bellunopress - Dolomiti","robots":{"index":"index","follow":"follow","max-snippet":"max-snippet:-1","max-image-preview":"max-image-preview:large","max-video-preview":"max-video-preview:-1"},"canonical":"https:\/\/www.bellunopress.it\/fr\/2026\/05\/28\/giro-ditalia-da-fai-della-paganella-a-pieve-di-soligo-passando-per-feltre\/","og_locale":"fr_FR","og_type":"article","og_title":"Giro d'Italia. Da Fai della Paganella a Pieve di Soligo passando per Feltre - Bellunopress - Dolomiti","og_description":"28\/05\/2026 18ma Tappa &#8211; La partenza da Fai della Paganella consente di ammirare ancora una volta le Dolomiti di Brenta. Ma non solo. Il Castello di Fai, costruito nel Seicento dalla famiglia Spaur, rappresenta un&#8217;importante testimonianza storica del territorio, mentre il Museo MAS (Museo Arti e Saperi) permette di approfondire usi e tradizioni locali. Tra [&hellip;]","og_url":"https:\/\/www.bellunopress.it\/fr\/2026\/05\/28\/giro-ditalia-da-fai-della-paganella-a-pieve-di-soligo-passando-per-feltre\/","og_site_name":"Bellunopress - Dolomiti","article_publisher":"https:\/\/www.facebook.com\/profile.php?id=100008943462799","article_published_time":"2026-05-28T05:20:57+00:00","article_modified_time":"2026-05-28T05:27:28+00:00","og_image":[{"width":533,"height":204,"url":"https:\/\/www.bellunopress.it\/wp-content\/uploads\/2026\/05\/Giro-dItalia-2026.jpg","type":"image\/jpeg"}],"author":"redazione","twitter_card":"summary_large_image","twitter_creator":"@bellunopress","twitter_site":"@bellunopress","twitter_misc":{"\u00c9crit par":"redazione","Dur\u00e9e de lecture estim\u00e9e":"3 minutes"},"schema":{"@context":"https:\/\/schema.org","@graph":[{"@type":"Article","@id":"https:\/\/www.bellunopress.it\/2026\/05\/28\/giro-ditalia-da-fai-della-paganella-a-pieve-di-soligo-passando-per-feltre\/#article","isPartOf":{"@id":"https:\/\/www.bellunopress.it\/2026\/05\/28\/giro-ditalia-da-fai-della-paganella-a-pieve-di-soligo-passando-per-feltre\/"},"author":{"name":"redazione","@id":"https:\/\/www.bellunopress.it\/#\/schema\/person\/79bb06722b37ece1c03d3e94beb30d73"},"headline":"Giro d&#8217;Italia. Da Fai della Paganella a Pieve di Soligo passando per Feltre","datePublished":"2026-05-28T05:20:57+00:00","dateModified":"2026-05-28T05:27:28+00:00","mainEntityOfPage":{"@id":"https:\/\/www.bellunopress.it\/2026\/05\/28\/giro-ditalia-da-fai-della-paganella-a-pieve-di-soligo-passando-per-feltre\/"},"wordCount":487,"publisher":{"@id":"https:\/\/www.bellunopress.it\/#organization"},"image":{"@id":"https:\/\/www.bellunopress.it\/2026\/05\/28\/giro-ditalia-da-fai-della-paganella-a-pieve-di-soligo-passando-per-feltre\/#primaryimage"},"thumbnailUrl":"https:\/\/www.bellunopress.it\/wp-content\/uploads\/2026\/05\/Giro-dItalia-2026.jpg","articleSection":["Prima Pagina","Sport, tempo libero"],"inLanguage":"fr-FR"},{"@type":"WebPage","@id":"https:\/\/www.bellunopress.it\/2026\/05\/28\/giro-ditalia-da-fai-della-paganella-a-pieve-di-soligo-passando-per-feltre\/","url":"https:\/\/www.bellunopress.it\/2026\/05\/28\/giro-ditalia-da-fai-della-paganella-a-pieve-di-soligo-passando-per-feltre\/","name":"Giro d'Italia. Da Fai della Paganella a Pieve di Soligo passando per Feltre - Bellunopress - Dolomiti","isPartOf":{"@id":"https:\/\/www.bellunopress.it\/#website"},"primaryImageOfPage":{"@id":"https:\/\/www.bellunopress.it\/2026\/05\/28\/giro-ditalia-da-fai-della-paganella-a-pieve-di-soligo-passando-per-feltre\/#primaryimage"},"image":{"@id":"https:\/\/www.bellunopress.it\/2026\/05\/28\/giro-ditalia-da-fai-della-paganella-a-pieve-di-soligo-passando-per-feltre\/#primaryimage"},"thumbnailUrl":"https:\/\/www.bellunopress.it\/wp-content\/uploads\/2026\/05\/Giro-dItalia-2026.jpg","datePublished":"2026-05-28T05:20:57+00:00","dateModified":"2026-05-28T05:27:28+00:00","breadcrumb":{"@id":"https:\/\/www.bellunopress.it\/2026\/05\/28\/giro-ditalia-da-fai-della-paganella-a-pieve-di-soligo-passando-per-feltre\/#breadcrumb"},"inLanguage":"fr-FR","potentialAction":[{"@type":"ReadAction","target":["https:\/\/www.bellunopress.it\/2026\/05\/28\/giro-ditalia-da-fai-della-paganella-a-pieve-di-soligo-passando-per-feltre\/"]}]},{"@type":"ImageObject","inLanguage":"fr-FR","@id":"https:\/\/www.bellunopress.it\/2026\/05\/28\/giro-ditalia-da-fai-della-paganella-a-pieve-di-soligo-passando-per-feltre\/#primaryimage","url":"https:\/\/www.bellunopress.it\/wp-content\/uploads\/2026\/05\/Giro-dItalia-2026.jpg","contentUrl":"https:\/\/www.bellunopress.it\/wp-content\/uploads\/2026\/05\/Giro-dItalia-2026.jpg","width":533,"height":204},{"@type":"BreadcrumbList","@id":"https:\/\/www.bellunopress.it\/2026\/05\/28\/giro-ditalia-da-fai-della-paganella-a-pieve-di-soligo-passando-per-feltre\/#breadcrumb","itemListElement":[{"@type":"ListItem","position":1,"name":"Home","item":"https:\/\/www.bellunopress.it\/"},{"@type":"ListItem","position":2,"name":"Giro d&#8217;Italia. Da Fai della Paganella a Pieve di Soligo passando per Feltre"}]},{"@type":"WebSite","@id":"https:\/\/www.bellunopress.it\/#website","url":"https:\/\/www.bellunopress.it\/","name":"Bellunopress - Dolomiti","description":"e-mail: redazione@bellunopress.it","publisher":{"@id":"https:\/\/www.bellunopress.it\/#organization"},"potentialAction":[{"@type":"SearchAction","target":{"@type":"EntryPoint","urlTemplate":"https:\/\/www.bellunopress.it\/?s={search_term_string}"},"query-input":{"@type":"PropertyValueSpecification","valueRequired":true,"valueName":"search_term_string"}}],"inLanguage":"fr-FR"},{"@type":"Organization","@id":"https:\/\/www.bellunopress.it\/#organization","name":"Bellunopress","url":"https:\/\/www.bellunopress.it\/","logo":{"@type":"ImageObject","inLanguage":"fr-FR","@id":"https:\/\/www.bellunopress.it\/#\/schema\/logo\/image\/","url":"https:\/\/www.bellunopress.it\/wp-content\/uploads\/2011\/05\/cropped-logo-bellunopress-.jpg","contentUrl":"https:\/\/www.bellunopress.it\/wp-content\/uploads\/2011\/05\/cropped-logo-bellunopress-.jpg","width":512,"height":512,"caption":"Bellunopress"},"image":{"@id":"https:\/\/www.bellunopress.it\/#\/schema\/logo\/image\/"},"sameAs":["https:\/\/www.facebook.com\/profile.php?id=100008943462799","https:\/\/x.com\/bellunopress","https:\/\/www.linkedin.com\/hp\/?dnr=JBzUWaJfMUw8vbXJJ2tVW5-I3jZKvC4wsoxE&amp;amp;amp;amp;amp;amp;trk=nav_responsive_tab_home","https:\/\/www.youtube.com\/channel\/UCxL0wu1uN0_3_7hGG0306cw"]},{"@type":"Person","@id":"https:\/\/www.bellunopress.it\/#\/schema\/person\/79bb06722b37ece1c03d3e94beb30d73","name":"r\u00e9daction","image":{"@type":"ImageObject","inLanguage":"fr-FR","@id":"https:\/\/secure.gravatar.com\/avatar\/37d968a2e67a6fd04c169c4bdef102d0bc5d31b2546345219e348575eb80e9a0?s=96&d=mm&r=g","url":"https:\/\/secure.gravatar.com\/avatar\/37d968a2e67a6fd04c169c4bdef102d0bc5d31b2546345219e348575eb80e9a0?s=96&d=mm&r=g","contentUrl":"https:\/\/secure.gravatar.com\/avatar\/37d968a2e67a6fd04c169c4bdef102d0bc5d31b2546345219e348575eb80e9a0?s=96&d=mm&r=g","caption":"redazione"},"sameAs":["http:\/\/www.bellunopress.it","https:\/\/x.com\/bellunopress"],"url":"https:\/\/www.bellunopress.it\/fr\/author\/redazione\/"}]}},"_links":{"self":[{"href":"https:\/\/www.bellunopress.it\/fr\/wp-json\/wp\/v2\/posts\/170521","targetHints":{"allow":["GET"]}}],"collection":[{"href":"https:\/\/www.bellunopress.it\/fr\/wp-json\/wp\/v2\/posts"}],"about":[{"href":"https:\/\/www.bellunopress.it\/fr\/wp-json\/wp\/v2\/types\/post"}],"author":[{"embeddable":true,"href":"https:\/\/www.bellunopress.it\/fr\/wp-json\/wp\/v2\/users\/2"}],"replies":[{"embeddable":true,"href":"https:\/\/www.bellunopress.it\/fr\/wp-json\/wp\/v2\/comments?post=170521"}],"version-history":[{"count":2,"href":"https:\/\/www.bellunopress.it\/fr\/wp-json\/wp\/v2\/posts\/170521\/revisions"}],"predecessor-version":[{"id":170523,"href":"https:\/\/www.bellunopress.it\/fr\/wp-json\/wp\/v2\/posts\/170521\/revisions\/170523"}],"wp:featuredmedia":[{"embeddable":true,"href":"https:\/\/www.bellunopress.it\/fr\/wp-json\/wp\/v2\/media\/169807"}],"wp:attachment":[{"href":"https:\/\/www.bellunopress.it\/fr\/wp-json\/wp\/v2\/media?parent=170521"}],"wp:term":[{"taxonomy":"category","embeddable":true,"href":"https:\/\/www.bellunopress.it\/fr\/wp-json\/wp\/v2\/categories?post=170521"},{"taxonomy":"post_tag","embeddable":true,"href":"https:\/\/www.bellunopress.it\/fr\/wp-json\/wp\/v2\/tags?post=170521"}],"curies":[{"name":"wp","href":"https:\/\/api.w.org\/{rel}","templated":true}]}}