{"id":170519,"date":"2026-05-27T20:17:23","date_gmt":"2026-05-27T18:17:23","guid":{"rendered":"https:\/\/www.bellunopress.it\/?p=170519"},"modified":"2026-05-27T20:17:23","modified_gmt":"2026-05-27T18:17:23","slug":"giro-ditalia-deviazioni-e-chiusure-tra-arsie-fonzaso-e-seren-del-grappa-per-il-passaggio-della-18a-tappa","status":"publish","type":"post","link":"https:\/\/www.bellunopress.it\/fr\/2026\/05\/27\/giro-ditalia-deviazioni-e-chiusure-tra-arsie-fonzaso-e-seren-del-grappa-per-il-passaggio-della-18a-tappa\/","title":{"rendered":"Giro d&#8217;Italia: deviazioni e chiusure tra Arsi\u00e8, Fonzaso e Seren del Grappa per il passaggio della 18\u00aa tappa"},"content":{"rendered":"<p>Venezia, 27 maggio 2026 &#8211;\u00a0Anas informa che gioved\u00ec 28 maggio saranno attive modifiche alla circolazione lungo la strada statale 50 Bis Var, in provincia di Belluno, in occasione del passaggio della 18\u00aa tappa del 109\u00b0 Giro d&#8217;Italia, in programma sul percorso Fai della Paganella (TN) \u2013 Pieve di Soligo (TV).<\/p>\n<p>Le limitazioni al traffico sono state definite nel corso del Tavolo Tecnico coordinato dalla Polizia Stradale e recepite con Ordinanza prefettizia della Prefettura di Belluno. Nel dettaglio, lungo la SS 50 Bis Var saranno attive chiusure nel tratto compreso tra il km 5,00, in corrispondenza dello svincolo di Arsi\u00e8 (VI), e il km 12,00 presso la rotatoria di Santa Lucia, nella fascia oraria tra le ore 13:00 e le ore 16:00.<\/p>\n<p>Saranno inoltre interdette al traffico:<\/p>\n<p>la rampa di immissione dalla galleria &#8220;San Vito&#8221; lungo la SS 50 Bis Var verso la SS 47 &#8220;della Valsugana&#8221; in direzione Feltre e Belluno;<br \/>\nle rampe dello svincolo di Primolano verso Enego, interessate dal percorso di gara.<\/p>\n<p>Lungo i tratti interessati sar\u00e0 posizionata la segnaletica di deviazione e chiusura prevista dal piano di gestione della viabilit\u00e0. Personale Anas e delle Forze dell&#8217;Ordine presidier\u00e0 i principali nodi della circolazione.<\/p>\n<p>&nbsp;<\/p>","protected":false},"excerpt":{"rendered":"<p>Venezia, 27 maggio 2026 &#8211;\u00a0Anas informa che gioved\u00ec 28 maggio saranno attive modifiche alla circolazione lungo la strada statale 50 Bis Var, in provincia di Belluno, in occasione del passaggio della 18\u00aa tappa del 109\u00b0 Giro d&#8217;Italia, in programma sul percorso Fai della Paganella (TN) \u2013 Pieve di Soligo (TV). Le limitazioni al traffico sono [&hellip;]<\/p>\n","protected":false},"author":2,"featured_media":123568,"comment_status":"closed","ping_status":"open","sticky":false,"template":"","format":"standard","meta":{"footnotes":""},"categories":[8],"tags":[],"class_list":["post-170519","post","type-post","status-publish","format-standard","has-post-thumbnail","category-societa-istituzioni"],"yoast_head":"<!-- This site is optimized with the Yoast SEO plugin v28.4 - https:\/\/yoast.com\/product\/yoast-seo-wordpress\/ -->\n<title>Giro d&#039;Italia: deviazioni e chiusure tra Arsi\u00e8, Fonzaso e Seren del Grappa per il passaggio della 18\u00aa tappa - Bellunopress - Dolomiti<\/title>\n<meta name=\"robots\" content=\"index, follow, max-snippet:-1, max-image-preview:large, max-video-preview:-1\" \/>\n<link rel=\"canonical\" href=\"https:\/\/www.bellunopress.it\/fr\/2026\/05\/27\/giro-ditalia-deviazioni-e-chiusure-tra-arsie-fonzaso-e-seren-del-grappa-per-il-passaggio-della-18a-tappa\/\" \/>\n<meta property=\"og:locale\" content=\"fr_FR\" \/>\n<meta property=\"og:type\" content=\"article\" \/>\n<meta property=\"og:title\" content=\"Giro d&#039;Italia: deviazioni e chiusure tra Arsi\u00e8, Fonzaso e Seren del Grappa per il passaggio della 18\u00aa tappa - Bellunopress - Dolomiti\" \/>\n<meta property=\"og:description\" content=\"Venezia, 27 maggio 2026 &#8211;\u00a0Anas informa che gioved\u00ec 28 maggio saranno attive modifiche alla circolazione lungo la strada statale 50 Bis Var, in provincia di Belluno, in occasione del passaggio della 18\u00aa tappa del 109\u00b0 Giro d&#8217;Italia, in programma sul percorso Fai della Paganella (TN) \u2013 Pieve di Soligo (TV). Le limitazioni al traffico sono [&hellip;]\" \/>\n<meta property=\"og:url\" content=\"https:\/\/www.bellunopress.it\/fr\/2026\/05\/27\/giro-ditalia-deviazioni-e-chiusure-tra-arsie-fonzaso-e-seren-del-grappa-per-il-passaggio-della-18a-tappa\/\" \/>\n<meta property=\"og:site_name\" content=\"Bellunopress - Dolomiti\" \/>\n<meta property=\"article:publisher\" content=\"https:\/\/www.facebook.com\/profile.php?id=100008943462799\" \/>\n<meta property=\"article:published_time\" content=\"2026-05-27T18:17:23+00:00\" \/>\n<meta property=\"og:image\" content=\"https:\/\/www.bellunopress.it\/wp-content\/uploads\/2021\/04\/Anas_edited.jpg\" \/>\n\t<meta property=\"og:image:width\" content=\"1000\" \/>\n\t<meta property=\"og:image:height\" content=\"568\" \/>\n\t<meta property=\"og:image:type\" content=\"image\/jpeg\" \/>\n<meta name=\"author\" content=\"redazione\" \/>\n<meta name=\"twitter:card\" content=\"summary_large_image\" \/>\n<meta name=\"twitter:creator\" content=\"@bellunopress\" \/>\n<meta name=\"twitter:site\" content=\"@bellunopress\" \/>\n<meta name=\"twitter:label1\" content=\"\u00c9crit par\" \/>\n\t<meta name=\"twitter:data1\" content=\"redazione\" \/>\n\t<meta name=\"twitter:label2\" content=\"Dur\u00e9e de lecture estim\u00e9e\" \/>\n\t<meta name=\"twitter:data2\" content=\"2 minutes\" \/>\n<script type=\"application\/ld+json\" class=\"yoast-schema-graph\">{\"@context\":\"https:\\\/\\\/schema.org\",\"@graph\":[{\"@type\":\"Article\",\"@id\":\"https:\\\/\\\/www.bellunopress.it\\\/2026\\\/05\\\/27\\\/giro-ditalia-deviazioni-e-chiusure-tra-arsie-fonzaso-e-seren-del-grappa-per-il-passaggio-della-18a-tappa\\\/#article\",\"isPartOf\":{\"@id\":\"https:\\\/\\\/www.bellunopress.it\\\/2026\\\/05\\\/27\\\/giro-ditalia-deviazioni-e-chiusure-tra-arsie-fonzaso-e-seren-del-grappa-per-il-passaggio-della-18a-tappa\\\/\"},\"author\":{\"name\":\"redazione\",\"@id\":\"https:\\\/\\\/www.bellunopress.it\\\/#\\\/schema\\\/person\\\/79bb06722b37ece1c03d3e94beb30d73\"},\"headline\":\"Giro d&#8217;Italia: deviazioni e chiusure tra Arsi\u00e8, Fonzaso e Seren del Grappa per il passaggio della 18\u00aa tappa\",\"datePublished\":\"2026-05-27T18:17:23+00:00\",\"mainEntityOfPage\":{\"@id\":\"https:\\\/\\\/www.bellunopress.it\\\/2026\\\/05\\\/27\\\/giro-ditalia-deviazioni-e-chiusure-tra-arsie-fonzaso-e-seren-del-grappa-per-il-passaggio-della-18a-tappa\\\/\"},\"wordCount\":203,\"publisher\":{\"@id\":\"https:\\\/\\\/www.bellunopress.it\\\/#organization\"},\"image\":{\"@id\":\"https:\\\/\\\/www.bellunopress.it\\\/2026\\\/05\\\/27\\\/giro-ditalia-deviazioni-e-chiusure-tra-arsie-fonzaso-e-seren-del-grappa-per-il-passaggio-della-18a-tappa\\\/#primaryimage\"},\"thumbnailUrl\":\"https:\\\/\\\/www.bellunopress.it\\\/wp-content\\\/uploads\\\/2021\\\/04\\\/Anas_edited.jpg\",\"articleSection\":[\"Societ\u00e0, Associazioni, Istituzioni\"],\"inLanguage\":\"fr-FR\"},{\"@type\":\"WebPage\",\"@id\":\"https:\\\/\\\/www.bellunopress.it\\\/2026\\\/05\\\/27\\\/giro-ditalia-deviazioni-e-chiusure-tra-arsie-fonzaso-e-seren-del-grappa-per-il-passaggio-della-18a-tappa\\\/\",\"url\":\"https:\\\/\\\/www.bellunopress.it\\\/2026\\\/05\\\/27\\\/giro-ditalia-deviazioni-e-chiusure-tra-arsie-fonzaso-e-seren-del-grappa-per-il-passaggio-della-18a-tappa\\\/\",\"name\":\"Giro d'Italia: deviazioni e chiusure tra Arsi\u00e8, Fonzaso e Seren del Grappa per il passaggio della 18\u00aa tappa - Bellunopress - Dolomiti\",\"isPartOf\":{\"@id\":\"https:\\\/\\\/www.bellunopress.it\\\/#website\"},\"primaryImageOfPage\":{\"@id\":\"https:\\\/\\\/www.bellunopress.it\\\/2026\\\/05\\\/27\\\/giro-ditalia-deviazioni-e-chiusure-tra-arsie-fonzaso-e-seren-del-grappa-per-il-passaggio-della-18a-tappa\\\/#primaryimage\"},\"image\":{\"@id\":\"https:\\\/\\\/www.bellunopress.it\\\/2026\\\/05\\\/27\\\/giro-ditalia-deviazioni-e-chiusure-tra-arsie-fonzaso-e-seren-del-grappa-per-il-passaggio-della-18a-tappa\\\/#primaryimage\"},\"thumbnailUrl\":\"https:\\\/\\\/www.bellunopress.it\\\/wp-content\\\/uploads\\\/2021\\\/04\\\/Anas_edited.jpg\",\"datePublished\":\"2026-05-27T18:17:23+00:00\",\"breadcrumb\":{\"@id\":\"https:\\\/\\\/www.bellunopress.it\\\/2026\\\/05\\\/27\\\/giro-ditalia-deviazioni-e-chiusure-tra-arsie-fonzaso-e-seren-del-grappa-per-il-passaggio-della-18a-tappa\\\/#breadcrumb\"},\"inLanguage\":\"fr-FR\",\"potentialAction\":[{\"@type\":\"ReadAction\",\"target\":[\"https:\\\/\\\/www.bellunopress.it\\\/2026\\\/05\\\/27\\\/giro-ditalia-deviazioni-e-chiusure-tra-arsie-fonzaso-e-seren-del-grappa-per-il-passaggio-della-18a-tappa\\\/\"]}]},{\"@type\":\"ImageObject\",\"inLanguage\":\"fr-FR\",\"@id\":\"https:\\\/\\\/www.bellunopress.it\\\/2026\\\/05\\\/27\\\/giro-ditalia-deviazioni-e-chiusure-tra-arsie-fonzaso-e-seren-del-grappa-per-il-passaggio-della-18a-tappa\\\/#primaryimage\",\"url\":\"https:\\\/\\\/www.bellunopress.it\\\/wp-content\\\/uploads\\\/2021\\\/04\\\/Anas_edited.jpg\",\"contentUrl\":\"https:\\\/\\\/www.bellunopress.it\\\/wp-content\\\/uploads\\\/2021\\\/04\\\/Anas_edited.jpg\",\"width\":1000,\"height\":568},{\"@type\":\"BreadcrumbList\",\"@id\":\"https:\\\/\\\/www.bellunopress.it\\\/2026\\\/05\\\/27\\\/giro-ditalia-deviazioni-e-chiusure-tra-arsie-fonzaso-e-seren-del-grappa-per-il-passaggio-della-18a-tappa\\\/#breadcrumb\",\"itemListElement\":[{\"@type\":\"ListItem\",\"position\":1,\"name\":\"Home\",\"item\":\"https:\\\/\\\/www.bellunopress.it\\\/\"},{\"@type\":\"ListItem\",\"position\":2,\"name\":\"Giro d&#8217;Italia: deviazioni e chiusure tra Arsi\u00e8, Fonzaso e Seren del Grappa per il passaggio della 18\u00aa tappa\"}]},{\"@type\":\"WebSite\",\"@id\":\"https:\\\/\\\/www.bellunopress.it\\\/#website\",\"url\":\"https:\\\/\\\/www.bellunopress.it\\\/\",\"name\":\"Bellunopress - Dolomiti\",\"description\":\"e-mail: redazione@bellunopress.it\",\"publisher\":{\"@id\":\"https:\\\/\\\/www.bellunopress.it\\\/#organization\"},\"potentialAction\":[{\"@type\":\"SearchAction\",\"target\":{\"@type\":\"EntryPoint\",\"urlTemplate\":\"https:\\\/\\\/www.bellunopress.it\\\/?s={search_term_string}\"},\"query-input\":{\"@type\":\"PropertyValueSpecification\",\"valueRequired\":true,\"valueName\":\"search_term_string\"}}],\"inLanguage\":\"fr-FR\"},{\"@type\":\"Organization\",\"@id\":\"https:\\\/\\\/www.bellunopress.it\\\/#organization\",\"name\":\"Bellunopress\",\"url\":\"https:\\\/\\\/www.bellunopress.it\\\/\",\"logo\":{\"@type\":\"ImageObject\",\"inLanguage\":\"fr-FR\",\"@id\":\"https:\\\/\\\/www.bellunopress.it\\\/#\\\/schema\\\/logo\\\/image\\\/\",\"url\":\"https:\\\/\\\/www.bellunopress.it\\\/wp-content\\\/uploads\\\/2011\\\/05\\\/cropped-logo-bellunopress-.jpg\",\"contentUrl\":\"https:\\\/\\\/www.bellunopress.it\\\/wp-content\\\/uploads\\\/2011\\\/05\\\/cropped-logo-bellunopress-.jpg\",\"width\":512,\"height\":512,\"caption\":\"Bellunopress\"},\"image\":{\"@id\":\"https:\\\/\\\/www.bellunopress.it\\\/#\\\/schema\\\/logo\\\/image\\\/\"},\"sameAs\":[\"https:\\\/\\\/www.facebook.com\\\/profile.php?id=100008943462799\",\"https:\\\/\\\/x.com\\\/bellunopress\",\"https:\\\/\\\/www.linkedin.com\\\/hp\\\/?dnr=JBzUWaJfMUw8vbXJJ2tVW5-I3jZKvC4wsoxE&amp;amp;amp;amp;amp;amp;trk=nav_responsive_tab_home\",\"https:\\\/\\\/www.youtube.com\\\/channel\\\/UCxL0wu1uN0_3_7hGG0306cw\"]},{\"@type\":\"Person\",\"@id\":\"https:\\\/\\\/www.bellunopress.it\\\/#\\\/schema\\\/person\\\/79bb06722b37ece1c03d3e94beb30d73\",\"name\":\"redazione\",\"image\":{\"@type\":\"ImageObject\",\"inLanguage\":\"fr-FR\",\"@id\":\"https:\\\/\\\/secure.gravatar.com\\\/avatar\\\/37d968a2e67a6fd04c169c4bdef102d0bc5d31b2546345219e348575eb80e9a0?s=96&d=mm&r=g\",\"url\":\"https:\\\/\\\/secure.gravatar.com\\\/avatar\\\/37d968a2e67a6fd04c169c4bdef102d0bc5d31b2546345219e348575eb80e9a0?s=96&d=mm&r=g\",\"contentUrl\":\"https:\\\/\\\/secure.gravatar.com\\\/avatar\\\/37d968a2e67a6fd04c169c4bdef102d0bc5d31b2546345219e348575eb80e9a0?s=96&d=mm&r=g\",\"caption\":\"redazione\"},\"sameAs\":[\"http:\\\/\\\/www.bellunopress.it\",\"https:\\\/\\\/x.com\\\/bellunopress\"],\"url\":\"https:\\\/\\\/www.bellunopress.it\\\/fr\\\/author\\\/redazione\\\/\"}]}<\/script>\n<!-- \/ Yoast SEO plugin. -->","yoast_head_json":{"title":"Giro d'Italia: deviazioni e chiusure tra Arsi\u00e8, Fonzaso e Seren del Grappa per il passaggio della 18\u00aa tappa - Bellunopress - Dolomiti","robots":{"index":"index","follow":"follow","max-snippet":"max-snippet:-1","max-image-preview":"max-image-preview:large","max-video-preview":"max-video-preview:-1"},"canonical":"https:\/\/www.bellunopress.it\/fr\/2026\/05\/27\/giro-ditalia-deviazioni-e-chiusure-tra-arsie-fonzaso-e-seren-del-grappa-per-il-passaggio-della-18a-tappa\/","og_locale":"fr_FR","og_type":"article","og_title":"Giro d'Italia: deviazioni e chiusure tra Arsi\u00e8, Fonzaso e Seren del Grappa per il passaggio della 18\u00aa tappa - Bellunopress - Dolomiti","og_description":"Venezia, 27 maggio 2026 &#8211;\u00a0Anas informa che gioved\u00ec 28 maggio saranno attive modifiche alla circolazione lungo la strada statale 50 Bis Var, in provincia di Belluno, in occasione del passaggio della 18\u00aa tappa del 109\u00b0 Giro d&#8217;Italia, in programma sul percorso Fai della Paganella (TN) \u2013 Pieve di Soligo (TV). Le limitazioni al traffico sono [&hellip;]","og_url":"https:\/\/www.bellunopress.it\/fr\/2026\/05\/27\/giro-ditalia-deviazioni-e-chiusure-tra-arsie-fonzaso-e-seren-del-grappa-per-il-passaggio-della-18a-tappa\/","og_site_name":"Bellunopress - Dolomiti","article_publisher":"https:\/\/www.facebook.com\/profile.php?id=100008943462799","article_published_time":"2026-05-27T18:17:23+00:00","og_image":[{"width":1000,"height":568,"url":"https:\/\/www.bellunopress.it\/wp-content\/uploads\/2021\/04\/Anas_edited.jpg","type":"image\/jpeg"}],"author":"redazione","twitter_card":"summary_large_image","twitter_creator":"@bellunopress","twitter_site":"@bellunopress","twitter_misc":{"\u00c9crit par":"redazione","Dur\u00e9e de lecture estim\u00e9e":"2 minutes"},"schema":{"@context":"https:\/\/schema.org","@graph":[{"@type":"Article","@id":"https:\/\/www.bellunopress.it\/2026\/05\/27\/giro-ditalia-deviazioni-e-chiusure-tra-arsie-fonzaso-e-seren-del-grappa-per-il-passaggio-della-18a-tappa\/#article","isPartOf":{"@id":"https:\/\/www.bellunopress.it\/2026\/05\/27\/giro-ditalia-deviazioni-e-chiusure-tra-arsie-fonzaso-e-seren-del-grappa-per-il-passaggio-della-18a-tappa\/"},"author":{"name":"redazione","@id":"https:\/\/www.bellunopress.it\/#\/schema\/person\/79bb06722b37ece1c03d3e94beb30d73"},"headline":"Giro d&#8217;Italia: deviazioni e chiusure tra Arsi\u00e8, Fonzaso e Seren del Grappa per il passaggio della 18\u00aa tappa","datePublished":"2026-05-27T18:17:23+00:00","mainEntityOfPage":{"@id":"https:\/\/www.bellunopress.it\/2026\/05\/27\/giro-ditalia-deviazioni-e-chiusure-tra-arsie-fonzaso-e-seren-del-grappa-per-il-passaggio-della-18a-tappa\/"},"wordCount":203,"publisher":{"@id":"https:\/\/www.bellunopress.it\/#organization"},"image":{"@id":"https:\/\/www.bellunopress.it\/2026\/05\/27\/giro-ditalia-deviazioni-e-chiusure-tra-arsie-fonzaso-e-seren-del-grappa-per-il-passaggio-della-18a-tappa\/#primaryimage"},"thumbnailUrl":"https:\/\/www.bellunopress.it\/wp-content\/uploads\/2021\/04\/Anas_edited.jpg","articleSection":["Societ\u00e0, Associazioni, Istituzioni"],"inLanguage":"fr-FR"},{"@type":"WebPage","@id":"https:\/\/www.bellunopress.it\/2026\/05\/27\/giro-ditalia-deviazioni-e-chiusure-tra-arsie-fonzaso-e-seren-del-grappa-per-il-passaggio-della-18a-tappa\/","url":"https:\/\/www.bellunopress.it\/2026\/05\/27\/giro-ditalia-deviazioni-e-chiusure-tra-arsie-fonzaso-e-seren-del-grappa-per-il-passaggio-della-18a-tappa\/","name":"Giro d'Italia: deviazioni e chiusure tra Arsi\u00e8, Fonzaso e Seren del Grappa per il passaggio della 18\u00aa tappa - Bellunopress - Dolomiti","isPartOf":{"@id":"https:\/\/www.bellunopress.it\/#website"},"primaryImageOfPage":{"@id":"https:\/\/www.bellunopress.it\/2026\/05\/27\/giro-ditalia-deviazioni-e-chiusure-tra-arsie-fonzaso-e-seren-del-grappa-per-il-passaggio-della-18a-tappa\/#primaryimage"},"image":{"@id":"https:\/\/www.bellunopress.it\/2026\/05\/27\/giro-ditalia-deviazioni-e-chiusure-tra-arsie-fonzaso-e-seren-del-grappa-per-il-passaggio-della-18a-tappa\/#primaryimage"},"thumbnailUrl":"https:\/\/www.bellunopress.it\/wp-content\/uploads\/2021\/04\/Anas_edited.jpg","datePublished":"2026-05-27T18:17:23+00:00","breadcrumb":{"@id":"https:\/\/www.bellunopress.it\/2026\/05\/27\/giro-ditalia-deviazioni-e-chiusure-tra-arsie-fonzaso-e-seren-del-grappa-per-il-passaggio-della-18a-tappa\/#breadcrumb"},"inLanguage":"fr-FR","potentialAction":[{"@type":"ReadAction","target":["https:\/\/www.bellunopress.it\/2026\/05\/27\/giro-ditalia-deviazioni-e-chiusure-tra-arsie-fonzaso-e-seren-del-grappa-per-il-passaggio-della-18a-tappa\/"]}]},{"@type":"ImageObject","inLanguage":"fr-FR","@id":"https:\/\/www.bellunopress.it\/2026\/05\/27\/giro-ditalia-deviazioni-e-chiusure-tra-arsie-fonzaso-e-seren-del-grappa-per-il-passaggio-della-18a-tappa\/#primaryimage","url":"https:\/\/www.bellunopress.it\/wp-content\/uploads\/2021\/04\/Anas_edited.jpg","contentUrl":"https:\/\/www.bellunopress.it\/wp-content\/uploads\/2021\/04\/Anas_edited.jpg","width":1000,"height":568},{"@type":"BreadcrumbList","@id":"https:\/\/www.bellunopress.it\/2026\/05\/27\/giro-ditalia-deviazioni-e-chiusure-tra-arsie-fonzaso-e-seren-del-grappa-per-il-passaggio-della-18a-tappa\/#breadcrumb","itemListElement":[{"@type":"ListItem","position":1,"name":"Home","item":"https:\/\/www.bellunopress.it\/"},{"@type":"ListItem","position":2,"name":"Giro d&#8217;Italia: deviazioni e chiusure tra Arsi\u00e8, Fonzaso e Seren del Grappa per il passaggio della 18\u00aa tappa"}]},{"@type":"WebSite","@id":"https:\/\/www.bellunopress.it\/#website","url":"https:\/\/www.bellunopress.it\/","name":"Bellunopress - Dolomiti","description":"e-mail: redazione@bellunopress.it","publisher":{"@id":"https:\/\/www.bellunopress.it\/#organization"},"potentialAction":[{"@type":"SearchAction","target":{"@type":"EntryPoint","urlTemplate":"https:\/\/www.bellunopress.it\/?s={search_term_string}"},"query-input":{"@type":"PropertyValueSpecification","valueRequired":true,"valueName":"search_term_string"}}],"inLanguage":"fr-FR"},{"@type":"Organization","@id":"https:\/\/www.bellunopress.it\/#organization","name":"Bellunopress","url":"https:\/\/www.bellunopress.it\/","logo":{"@type":"ImageObject","inLanguage":"fr-FR","@id":"https:\/\/www.bellunopress.it\/#\/schema\/logo\/image\/","url":"https:\/\/www.bellunopress.it\/wp-content\/uploads\/2011\/05\/cropped-logo-bellunopress-.jpg","contentUrl":"https:\/\/www.bellunopress.it\/wp-content\/uploads\/2011\/05\/cropped-logo-bellunopress-.jpg","width":512,"height":512,"caption":"Bellunopress"},"image":{"@id":"https:\/\/www.bellunopress.it\/#\/schema\/logo\/image\/"},"sameAs":["https:\/\/www.facebook.com\/profile.php?id=100008943462799","https:\/\/x.com\/bellunopress","https:\/\/www.linkedin.com\/hp\/?dnr=JBzUWaJfMUw8vbXJJ2tVW5-I3jZKvC4wsoxE&amp;amp;amp;amp;amp;amp;trk=nav_responsive_tab_home","https:\/\/www.youtube.com\/channel\/UCxL0wu1uN0_3_7hGG0306cw"]},{"@type":"Person","@id":"https:\/\/www.bellunopress.it\/#\/schema\/person\/79bb06722b37ece1c03d3e94beb30d73","name":"r\u00e9daction","image":{"@type":"ImageObject","inLanguage":"fr-FR","@id":"https:\/\/secure.gravatar.com\/avatar\/37d968a2e67a6fd04c169c4bdef102d0bc5d31b2546345219e348575eb80e9a0?s=96&d=mm&r=g","url":"https:\/\/secure.gravatar.com\/avatar\/37d968a2e67a6fd04c169c4bdef102d0bc5d31b2546345219e348575eb80e9a0?s=96&d=mm&r=g","contentUrl":"https:\/\/secure.gravatar.com\/avatar\/37d968a2e67a6fd04c169c4bdef102d0bc5d31b2546345219e348575eb80e9a0?s=96&d=mm&r=g","caption":"redazione"},"sameAs":["http:\/\/www.bellunopress.it","https:\/\/x.com\/bellunopress"],"url":"https:\/\/www.bellunopress.it\/fr\/author\/redazione\/"}]}},"_links":{"self":[{"href":"https:\/\/www.bellunopress.it\/fr\/wp-json\/wp\/v2\/posts\/170519","targetHints":{"allow":["GET"]}}],"collection":[{"href":"https:\/\/www.bellunopress.it\/fr\/wp-json\/wp\/v2\/posts"}],"about":[{"href":"https:\/\/www.bellunopress.it\/fr\/wp-json\/wp\/v2\/types\/post"}],"author":[{"embeddable":true,"href":"https:\/\/www.bellunopress.it\/fr\/wp-json\/wp\/v2\/users\/2"}],"replies":[{"embeddable":true,"href":"https:\/\/www.bellunopress.it\/fr\/wp-json\/wp\/v2\/comments?post=170519"}],"version-history":[{"count":1,"href":"https:\/\/www.bellunopress.it\/fr\/wp-json\/wp\/v2\/posts\/170519\/revisions"}],"predecessor-version":[{"id":170520,"href":"https:\/\/www.bellunopress.it\/fr\/wp-json\/wp\/v2\/posts\/170519\/revisions\/170520"}],"wp:featuredmedia":[{"embeddable":true,"href":"https:\/\/www.bellunopress.it\/fr\/wp-json\/wp\/v2\/media\/123568"}],"wp:attachment":[{"href":"https:\/\/www.bellunopress.it\/fr\/wp-json\/wp\/v2\/media?parent=170519"}],"wp:term":[{"taxonomy":"category","embeddable":true,"href":"https:\/\/www.bellunopress.it\/fr\/wp-json\/wp\/v2\/categories?post=170519"},{"taxonomy":"post_tag","embeddable":true,"href":"https:\/\/www.bellunopress.it\/fr\/wp-json\/wp\/v2\/tags?post=170519"}],"curies":[{"name":"wp","href":"https:\/\/api.w.org\/{rel}","templated":true}]}}