{"id":170517,"date":"2026-05-27T16:45:57","date_gmt":"2026-05-27T14:45:57","guid":{"rendered":"https:\/\/www.bellunopress.it\/?p=170517"},"modified":"2026-05-27T16:45:57","modified_gmt":"2026-05-27T14:45:57","slug":"sabato-la-cerimonia-ufficiale-dellinaugurazione-dellauditorium-di-belluno","status":"publish","type":"post","link":"https:\/\/www.bellunopress.it\/fr\/2026\/05\/27\/sabato-la-cerimonia-ufficiale-dellinaugurazione-dellauditorium-di-belluno\/","title":{"rendered":"Sabato la cerimonia ufficiale dell&#8217;inaugurazione dell&#8217;Auditorium di Belluno"},"content":{"rendered":"<p>Dopo il lungo intervento di recupero e valorizzazione che ne ha restituito il pregio architettonico e la piena funzionalit\u00e0, Palazzo Auditorium \u00e8 pronto a riaprire le sue porte alla Citt\u00e0.<\/p>\n<p>Sabato 30 maggio alle 18.30 \u00e8 prevista l\u2019inaugurazione ufficiale del rinnovato spazio di Piazza Duomo con una cerimonia aperta alla cittadinanza. L\u2019evento segner\u00e0 la restituzione alla comunit\u00e0 di un luogo destinato ad accogliere concerti, conferenze, incontri pubblici e iniziative culturali, ampliando l\u2019offerta di spazi a disposizione della vita culturale cittadina nel cuore del centro storico. \u201cQuesto edificio \u00e8 stato restituito alla sua bellezza originaria grazie a un lavoro di recupero attento e rispettoso del suo valore storico, ma il risultato pi\u00f9 importante sar\u00e0 quello che accadr\u00e0 da sabato in avanti \u2013 le parole del sindaco, Oscar De Pellegrin -. L\u2019Auditorium vuole diventare la casa della musica cittadina e uno spazio aperto alle espressioni culturali del territorio, un luogo dove artisti, associazioni e pubblico possono incontrarsi\u201d.<\/p>\n<p>Alla cerimonia parteciperanno le autorit\u00e0 civili, militari e religiose, insieme ai rappresentanti delle associazioni culturali, dei cori, delle scuole di musica, delle compagnie teatrali e delle altre realt\u00e0 che animano il panorama culturale bellunese. La partecipazione sar\u00e0 libera fino a esaurimento dei posti disponibili. Ad accompagnare la serata sar\u00e0 la Jazz Experience Orchestra, ensemble composto da circa quindici musicisti professionisti, in prevalenza bellunesi, che proporr\u00e0 un contributo musicale con grandi classici dello swing e successive evoluzioni jazz.<\/p>\n<p>Il programma prevede il taglio del nastro inaugurale, i saluti istituzionali, un approfondimento dedicato al recupero architettonico dell\u2019edificio e alcuni momenti musicali che accompagneranno la cerimonia fino al brindisi conclusivo nel foyer. \u201cCon la riapertura di Palazzo Auditorium Belluno recupera un pezzo importante della propria storia e lo consegna al presente e al futuro &#8211; commenta l\u2019assessore alla cultura Raffaele Addamiano -. Non inauguriamo soltanto e semplicemente una prestigiosa sala restaurata: inauguriamo, infatti, uno spazio meraviglioso che torna a vivere, a fiorire e a produrre alta cultura a beneficio di tutti\u201d.<br \/>\nIngresso libero fino a esaurimento posti, non \u00e8 prevista prenotazione.<\/p>","protected":false},"excerpt":{"rendered":"<p>Dopo il lungo intervento di recupero e valorizzazione che ne ha restituito il pregio architettonico e la piena funzionalit\u00e0, Palazzo Auditorium \u00e8 pronto a riaprire le sue porte alla Citt\u00e0. Sabato 30 maggio alle 18.30 \u00e8 prevista l\u2019inaugurazione ufficiale del rinnovato spazio di Piazza Duomo con una cerimonia aperta alla cittadinanza. L\u2019evento segner\u00e0 la restituzione [&hellip;]<\/p>\n","protected":false},"author":2,"featured_media":113881,"comment_status":"closed","ping_status":"open","sticky":false,"template":"","format":"standard","meta":{"footnotes":""},"categories":[26,8],"tags":[],"class_list":["post-170517","post","type-post","status-publish","format-standard","has-post-thumbnail","category-prima-pagina","category-societa-istituzioni"],"yoast_head":"<!-- This site is optimized with the Yoast SEO plugin v28.4 - https:\/\/yoast.com\/product\/yoast-seo-wordpress\/ -->\n<title>Sabato la cerimonia ufficiale dell&#039;inaugurazione dell&#039;Auditorium di Belluno - Bellunopress - Dolomiti<\/title>\n<meta name=\"robots\" content=\"index, follow, max-snippet:-1, max-image-preview:large, max-video-preview:-1\" \/>\n<link rel=\"canonical\" href=\"https:\/\/www.bellunopress.it\/fr\/2026\/05\/27\/sabato-la-cerimonia-ufficiale-dellinaugurazione-dellauditorium-di-belluno\/\" \/>\n<meta property=\"og:locale\" content=\"fr_FR\" \/>\n<meta property=\"og:type\" content=\"article\" \/>\n<meta property=\"og:title\" content=\"Sabato la cerimonia ufficiale dell&#039;inaugurazione dell&#039;Auditorium di Belluno - Bellunopress - Dolomiti\" \/>\n<meta property=\"og:description\" content=\"Dopo il lungo intervento di recupero e valorizzazione che ne ha restituito il pregio architettonico e la piena funzionalit\u00e0, Palazzo Auditorium \u00e8 pronto a riaprire le sue porte alla Citt\u00e0. Sabato 30 maggio alle 18.30 \u00e8 prevista l\u2019inaugurazione ufficiale del rinnovato spazio di Piazza Duomo con una cerimonia aperta alla cittadinanza. L\u2019evento segner\u00e0 la restituzione [&hellip;]\" \/>\n<meta property=\"og:url\" content=\"https:\/\/www.bellunopress.it\/fr\/2026\/05\/27\/sabato-la-cerimonia-ufficiale-dellinaugurazione-dellauditorium-di-belluno\/\" \/>\n<meta property=\"og:site_name\" content=\"Bellunopress - Dolomiti\" \/>\n<meta property=\"article:publisher\" content=\"https:\/\/www.facebook.com\/profile.php?id=100008943462799\" \/>\n<meta property=\"article:published_time\" content=\"2026-05-27T14:45:57+00:00\" \/>\n<meta property=\"og:image\" content=\"https:\/\/www.bellunopress.it\/wp-content\/uploads\/2020\/04\/auditorium_edited.jpg\" \/>\n\t<meta property=\"og:image:width\" content=\"800\" \/>\n\t<meta property=\"og:image:height\" content=\"533\" \/>\n\t<meta property=\"og:image:type\" content=\"image\/jpeg\" \/>\n<meta name=\"author\" content=\"redazione\" \/>\n<meta name=\"twitter:card\" content=\"summary_large_image\" \/>\n<meta name=\"twitter:creator\" content=\"@bellunopress\" \/>\n<meta name=\"twitter:site\" content=\"@bellunopress\" \/>\n<meta name=\"twitter:label1\" content=\"\u00c9crit par\" \/>\n\t<meta name=\"twitter:data1\" content=\"redazione\" \/>\n\t<meta name=\"twitter:label2\" content=\"Dur\u00e9e de lecture estim\u00e9e\" \/>\n\t<meta name=\"twitter:data2\" content=\"2 minutes\" \/>\n<script type=\"application\/ld+json\" class=\"yoast-schema-graph\">{\"@context\":\"https:\\\/\\\/schema.org\",\"@graph\":[{\"@type\":\"Article\",\"@id\":\"https:\\\/\\\/www.bellunopress.it\\\/2026\\\/05\\\/27\\\/sabato-la-cerimonia-ufficiale-dellinaugurazione-dellauditorium-di-belluno\\\/#article\",\"isPartOf\":{\"@id\":\"https:\\\/\\\/www.bellunopress.it\\\/2026\\\/05\\\/27\\\/sabato-la-cerimonia-ufficiale-dellinaugurazione-dellauditorium-di-belluno\\\/\"},\"author\":{\"name\":\"redazione\",\"@id\":\"https:\\\/\\\/www.bellunopress.it\\\/#\\\/schema\\\/person\\\/79bb06722b37ece1c03d3e94beb30d73\"},\"headline\":\"Sabato la cerimonia ufficiale dell&#8217;inaugurazione dell&#8217;Auditorium di Belluno\",\"datePublished\":\"2026-05-27T14:45:57+00:00\",\"mainEntityOfPage\":{\"@id\":\"https:\\\/\\\/www.bellunopress.it\\\/2026\\\/05\\\/27\\\/sabato-la-cerimonia-ufficiale-dellinaugurazione-dellauditorium-di-belluno\\\/\"},\"wordCount\":342,\"publisher\":{\"@id\":\"https:\\\/\\\/www.bellunopress.it\\\/#organization\"},\"image\":{\"@id\":\"https:\\\/\\\/www.bellunopress.it\\\/2026\\\/05\\\/27\\\/sabato-la-cerimonia-ufficiale-dellinaugurazione-dellauditorium-di-belluno\\\/#primaryimage\"},\"thumbnailUrl\":\"https:\\\/\\\/www.bellunopress.it\\\/wp-content\\\/uploads\\\/2020\\\/04\\\/auditorium_edited.jpg\",\"articleSection\":[\"Prima Pagina\",\"Societ\u00e0, Associazioni, Istituzioni\"],\"inLanguage\":\"fr-FR\"},{\"@type\":\"WebPage\",\"@id\":\"https:\\\/\\\/www.bellunopress.it\\\/2026\\\/05\\\/27\\\/sabato-la-cerimonia-ufficiale-dellinaugurazione-dellauditorium-di-belluno\\\/\",\"url\":\"https:\\\/\\\/www.bellunopress.it\\\/2026\\\/05\\\/27\\\/sabato-la-cerimonia-ufficiale-dellinaugurazione-dellauditorium-di-belluno\\\/\",\"name\":\"Sabato la cerimonia ufficiale dell'inaugurazione dell'Auditorium di Belluno - Bellunopress - Dolomiti\",\"isPartOf\":{\"@id\":\"https:\\\/\\\/www.bellunopress.it\\\/#website\"},\"primaryImageOfPage\":{\"@id\":\"https:\\\/\\\/www.bellunopress.it\\\/2026\\\/05\\\/27\\\/sabato-la-cerimonia-ufficiale-dellinaugurazione-dellauditorium-di-belluno\\\/#primaryimage\"},\"image\":{\"@id\":\"https:\\\/\\\/www.bellunopress.it\\\/2026\\\/05\\\/27\\\/sabato-la-cerimonia-ufficiale-dellinaugurazione-dellauditorium-di-belluno\\\/#primaryimage\"},\"thumbnailUrl\":\"https:\\\/\\\/www.bellunopress.it\\\/wp-content\\\/uploads\\\/2020\\\/04\\\/auditorium_edited.jpg\",\"datePublished\":\"2026-05-27T14:45:57+00:00\",\"breadcrumb\":{\"@id\":\"https:\\\/\\\/www.bellunopress.it\\\/2026\\\/05\\\/27\\\/sabato-la-cerimonia-ufficiale-dellinaugurazione-dellauditorium-di-belluno\\\/#breadcrumb\"},\"inLanguage\":\"fr-FR\",\"potentialAction\":[{\"@type\":\"ReadAction\",\"target\":[\"https:\\\/\\\/www.bellunopress.it\\\/2026\\\/05\\\/27\\\/sabato-la-cerimonia-ufficiale-dellinaugurazione-dellauditorium-di-belluno\\\/\"]}]},{\"@type\":\"ImageObject\",\"inLanguage\":\"fr-FR\",\"@id\":\"https:\\\/\\\/www.bellunopress.it\\\/2026\\\/05\\\/27\\\/sabato-la-cerimonia-ufficiale-dellinaugurazione-dellauditorium-di-belluno\\\/#primaryimage\",\"url\":\"https:\\\/\\\/www.bellunopress.it\\\/wp-content\\\/uploads\\\/2020\\\/04\\\/auditorium_edited.jpg\",\"contentUrl\":\"https:\\\/\\\/www.bellunopress.it\\\/wp-content\\\/uploads\\\/2020\\\/04\\\/auditorium_edited.jpg\",\"width\":800,\"height\":533,\"caption\":\"Palazzo Auditorium - Belluno\"},{\"@type\":\"BreadcrumbList\",\"@id\":\"https:\\\/\\\/www.bellunopress.it\\\/2026\\\/05\\\/27\\\/sabato-la-cerimonia-ufficiale-dellinaugurazione-dellauditorium-di-belluno\\\/#breadcrumb\",\"itemListElement\":[{\"@type\":\"ListItem\",\"position\":1,\"name\":\"Home\",\"item\":\"https:\\\/\\\/www.bellunopress.it\\\/\"},{\"@type\":\"ListItem\",\"position\":2,\"name\":\"Sabato la cerimonia ufficiale dell&#8217;inaugurazione dell&#8217;Auditorium di Belluno\"}]},{\"@type\":\"WebSite\",\"@id\":\"https:\\\/\\\/www.bellunopress.it\\\/#website\",\"url\":\"https:\\\/\\\/www.bellunopress.it\\\/\",\"name\":\"Bellunopress - Dolomiti\",\"description\":\"e-mail: redazione@bellunopress.it\",\"publisher\":{\"@id\":\"https:\\\/\\\/www.bellunopress.it\\\/#organization\"},\"potentialAction\":[{\"@type\":\"SearchAction\",\"target\":{\"@type\":\"EntryPoint\",\"urlTemplate\":\"https:\\\/\\\/www.bellunopress.it\\\/?s={search_term_string}\"},\"query-input\":{\"@type\":\"PropertyValueSpecification\",\"valueRequired\":true,\"valueName\":\"search_term_string\"}}],\"inLanguage\":\"fr-FR\"},{\"@type\":\"Organization\",\"@id\":\"https:\\\/\\\/www.bellunopress.it\\\/#organization\",\"name\":\"Bellunopress\",\"url\":\"https:\\\/\\\/www.bellunopress.it\\\/\",\"logo\":{\"@type\":\"ImageObject\",\"inLanguage\":\"fr-FR\",\"@id\":\"https:\\\/\\\/www.bellunopress.it\\\/#\\\/schema\\\/logo\\\/image\\\/\",\"url\":\"https:\\\/\\\/www.bellunopress.it\\\/wp-content\\\/uploads\\\/2011\\\/05\\\/cropped-logo-bellunopress-.jpg\",\"contentUrl\":\"https:\\\/\\\/www.bellunopress.it\\\/wp-content\\\/uploads\\\/2011\\\/05\\\/cropped-logo-bellunopress-.jpg\",\"width\":512,\"height\":512,\"caption\":\"Bellunopress\"},\"image\":{\"@id\":\"https:\\\/\\\/www.bellunopress.it\\\/#\\\/schema\\\/logo\\\/image\\\/\"},\"sameAs\":[\"https:\\\/\\\/www.facebook.com\\\/profile.php?id=100008943462799\",\"https:\\\/\\\/x.com\\\/bellunopress\",\"https:\\\/\\\/www.linkedin.com\\\/hp\\\/?dnr=JBzUWaJfMUw8vbXJJ2tVW5-I3jZKvC4wsoxE&amp;amp;amp;amp;amp;amp;trk=nav_responsive_tab_home\",\"https:\\\/\\\/www.youtube.com\\\/channel\\\/UCxL0wu1uN0_3_7hGG0306cw\"]},{\"@type\":\"Person\",\"@id\":\"https:\\\/\\\/www.bellunopress.it\\\/#\\\/schema\\\/person\\\/79bb06722b37ece1c03d3e94beb30d73\",\"name\":\"redazione\",\"image\":{\"@type\":\"ImageObject\",\"inLanguage\":\"fr-FR\",\"@id\":\"https:\\\/\\\/secure.gravatar.com\\\/avatar\\\/37d968a2e67a6fd04c169c4bdef102d0bc5d31b2546345219e348575eb80e9a0?s=96&d=mm&r=g\",\"url\":\"https:\\\/\\\/secure.gravatar.com\\\/avatar\\\/37d968a2e67a6fd04c169c4bdef102d0bc5d31b2546345219e348575eb80e9a0?s=96&d=mm&r=g\",\"contentUrl\":\"https:\\\/\\\/secure.gravatar.com\\\/avatar\\\/37d968a2e67a6fd04c169c4bdef102d0bc5d31b2546345219e348575eb80e9a0?s=96&d=mm&r=g\",\"caption\":\"redazione\"},\"sameAs\":[\"http:\\\/\\\/www.bellunopress.it\",\"https:\\\/\\\/x.com\\\/bellunopress\"],\"url\":\"https:\\\/\\\/www.bellunopress.it\\\/fr\\\/author\\\/redazione\\\/\"}]}<\/script>\n<!-- \/ Yoast SEO plugin. -->","yoast_head_json":{"title":"Sabato la cerimonia ufficiale dell'inaugurazione dell'Auditorium di Belluno - Bellunopress - Dolomiti","robots":{"index":"index","follow":"follow","max-snippet":"max-snippet:-1","max-image-preview":"max-image-preview:large","max-video-preview":"max-video-preview:-1"},"canonical":"https:\/\/www.bellunopress.it\/fr\/2026\/05\/27\/sabato-la-cerimonia-ufficiale-dellinaugurazione-dellauditorium-di-belluno\/","og_locale":"fr_FR","og_type":"article","og_title":"Sabato la cerimonia ufficiale dell'inaugurazione dell'Auditorium di Belluno - Bellunopress - Dolomiti","og_description":"Dopo il lungo intervento di recupero e valorizzazione che ne ha restituito il pregio architettonico e la piena funzionalit\u00e0, Palazzo Auditorium \u00e8 pronto a riaprire le sue porte alla Citt\u00e0. Sabato 30 maggio alle 18.30 \u00e8 prevista l\u2019inaugurazione ufficiale del rinnovato spazio di Piazza Duomo con una cerimonia aperta alla cittadinanza. L\u2019evento segner\u00e0 la restituzione [&hellip;]","og_url":"https:\/\/www.bellunopress.it\/fr\/2026\/05\/27\/sabato-la-cerimonia-ufficiale-dellinaugurazione-dellauditorium-di-belluno\/","og_site_name":"Bellunopress - Dolomiti","article_publisher":"https:\/\/www.facebook.com\/profile.php?id=100008943462799","article_published_time":"2026-05-27T14:45:57+00:00","og_image":[{"width":800,"height":533,"url":"https:\/\/www.bellunopress.it\/wp-content\/uploads\/2020\/04\/auditorium_edited.jpg","type":"image\/jpeg"}],"author":"redazione","twitter_card":"summary_large_image","twitter_creator":"@bellunopress","twitter_site":"@bellunopress","twitter_misc":{"\u00c9crit par":"redazione","Dur\u00e9e de lecture estim\u00e9e":"2 minutes"},"schema":{"@context":"https:\/\/schema.org","@graph":[{"@type":"Article","@id":"https:\/\/www.bellunopress.it\/2026\/05\/27\/sabato-la-cerimonia-ufficiale-dellinaugurazione-dellauditorium-di-belluno\/#article","isPartOf":{"@id":"https:\/\/www.bellunopress.it\/2026\/05\/27\/sabato-la-cerimonia-ufficiale-dellinaugurazione-dellauditorium-di-belluno\/"},"author":{"name":"redazione","@id":"https:\/\/www.bellunopress.it\/#\/schema\/person\/79bb06722b37ece1c03d3e94beb30d73"},"headline":"Sabato la cerimonia ufficiale dell&#8217;inaugurazione dell&#8217;Auditorium di Belluno","datePublished":"2026-05-27T14:45:57+00:00","mainEntityOfPage":{"@id":"https:\/\/www.bellunopress.it\/2026\/05\/27\/sabato-la-cerimonia-ufficiale-dellinaugurazione-dellauditorium-di-belluno\/"},"wordCount":342,"publisher":{"@id":"https:\/\/www.bellunopress.it\/#organization"},"image":{"@id":"https:\/\/www.bellunopress.it\/2026\/05\/27\/sabato-la-cerimonia-ufficiale-dellinaugurazione-dellauditorium-di-belluno\/#primaryimage"},"thumbnailUrl":"https:\/\/www.bellunopress.it\/wp-content\/uploads\/2020\/04\/auditorium_edited.jpg","articleSection":["Prima Pagina","Societ\u00e0, Associazioni, Istituzioni"],"inLanguage":"fr-FR"},{"@type":"WebPage","@id":"https:\/\/www.bellunopress.it\/2026\/05\/27\/sabato-la-cerimonia-ufficiale-dellinaugurazione-dellauditorium-di-belluno\/","url":"https:\/\/www.bellunopress.it\/2026\/05\/27\/sabato-la-cerimonia-ufficiale-dellinaugurazione-dellauditorium-di-belluno\/","name":"Sabato la cerimonia ufficiale dell'inaugurazione dell'Auditorium di Belluno - Bellunopress - Dolomiti","isPartOf":{"@id":"https:\/\/www.bellunopress.it\/#website"},"primaryImageOfPage":{"@id":"https:\/\/www.bellunopress.it\/2026\/05\/27\/sabato-la-cerimonia-ufficiale-dellinaugurazione-dellauditorium-di-belluno\/#primaryimage"},"image":{"@id":"https:\/\/www.bellunopress.it\/2026\/05\/27\/sabato-la-cerimonia-ufficiale-dellinaugurazione-dellauditorium-di-belluno\/#primaryimage"},"thumbnailUrl":"https:\/\/www.bellunopress.it\/wp-content\/uploads\/2020\/04\/auditorium_edited.jpg","datePublished":"2026-05-27T14:45:57+00:00","breadcrumb":{"@id":"https:\/\/www.bellunopress.it\/2026\/05\/27\/sabato-la-cerimonia-ufficiale-dellinaugurazione-dellauditorium-di-belluno\/#breadcrumb"},"inLanguage":"fr-FR","potentialAction":[{"@type":"ReadAction","target":["https:\/\/www.bellunopress.it\/2026\/05\/27\/sabato-la-cerimonia-ufficiale-dellinaugurazione-dellauditorium-di-belluno\/"]}]},{"@type":"ImageObject","inLanguage":"fr-FR","@id":"https:\/\/www.bellunopress.it\/2026\/05\/27\/sabato-la-cerimonia-ufficiale-dellinaugurazione-dellauditorium-di-belluno\/#primaryimage","url":"https:\/\/www.bellunopress.it\/wp-content\/uploads\/2020\/04\/auditorium_edited.jpg","contentUrl":"https:\/\/www.bellunopress.it\/wp-content\/uploads\/2020\/04\/auditorium_edited.jpg","width":800,"height":533,"caption":"Palazzo Auditorium - Belluno"},{"@type":"BreadcrumbList","@id":"https:\/\/www.bellunopress.it\/2026\/05\/27\/sabato-la-cerimonia-ufficiale-dellinaugurazione-dellauditorium-di-belluno\/#breadcrumb","itemListElement":[{"@type":"ListItem","position":1,"name":"Home","item":"https:\/\/www.bellunopress.it\/"},{"@type":"ListItem","position":2,"name":"Sabato la cerimonia ufficiale dell&#8217;inaugurazione dell&#8217;Auditorium di Belluno"}]},{"@type":"WebSite","@id":"https:\/\/www.bellunopress.it\/#website","url":"https:\/\/www.bellunopress.it\/","name":"Bellunopress - Dolomiti","description":"e-mail: redazione@bellunopress.it","publisher":{"@id":"https:\/\/www.bellunopress.it\/#organization"},"potentialAction":[{"@type":"SearchAction","target":{"@type":"EntryPoint","urlTemplate":"https:\/\/www.bellunopress.it\/?s={search_term_string}"},"query-input":{"@type":"PropertyValueSpecification","valueRequired":true,"valueName":"search_term_string"}}],"inLanguage":"fr-FR"},{"@type":"Organization","@id":"https:\/\/www.bellunopress.it\/#organization","name":"Bellunopress","url":"https:\/\/www.bellunopress.it\/","logo":{"@type":"ImageObject","inLanguage":"fr-FR","@id":"https:\/\/www.bellunopress.it\/#\/schema\/logo\/image\/","url":"https:\/\/www.bellunopress.it\/wp-content\/uploads\/2011\/05\/cropped-logo-bellunopress-.jpg","contentUrl":"https:\/\/www.bellunopress.it\/wp-content\/uploads\/2011\/05\/cropped-logo-bellunopress-.jpg","width":512,"height":512,"caption":"Bellunopress"},"image":{"@id":"https:\/\/www.bellunopress.it\/#\/schema\/logo\/image\/"},"sameAs":["https:\/\/www.facebook.com\/profile.php?id=100008943462799","https:\/\/x.com\/bellunopress","https:\/\/www.linkedin.com\/hp\/?dnr=JBzUWaJfMUw8vbXJJ2tVW5-I3jZKvC4wsoxE&amp;amp;amp;amp;amp;amp;trk=nav_responsive_tab_home","https:\/\/www.youtube.com\/channel\/UCxL0wu1uN0_3_7hGG0306cw"]},{"@type":"Person","@id":"https:\/\/www.bellunopress.it\/#\/schema\/person\/79bb06722b37ece1c03d3e94beb30d73","name":"r\u00e9daction","image":{"@type":"ImageObject","inLanguage":"fr-FR","@id":"https:\/\/secure.gravatar.com\/avatar\/37d968a2e67a6fd04c169c4bdef102d0bc5d31b2546345219e348575eb80e9a0?s=96&d=mm&r=g","url":"https:\/\/secure.gravatar.com\/avatar\/37d968a2e67a6fd04c169c4bdef102d0bc5d31b2546345219e348575eb80e9a0?s=96&d=mm&r=g","contentUrl":"https:\/\/secure.gravatar.com\/avatar\/37d968a2e67a6fd04c169c4bdef102d0bc5d31b2546345219e348575eb80e9a0?s=96&d=mm&r=g","caption":"redazione"},"sameAs":["http:\/\/www.bellunopress.it","https:\/\/x.com\/bellunopress"],"url":"https:\/\/www.bellunopress.it\/fr\/author\/redazione\/"}]}},"_links":{"self":[{"href":"https:\/\/www.bellunopress.it\/fr\/wp-json\/wp\/v2\/posts\/170517","targetHints":{"allow":["GET"]}}],"collection":[{"href":"https:\/\/www.bellunopress.it\/fr\/wp-json\/wp\/v2\/posts"}],"about":[{"href":"https:\/\/www.bellunopress.it\/fr\/wp-json\/wp\/v2\/types\/post"}],"author":[{"embeddable":true,"href":"https:\/\/www.bellunopress.it\/fr\/wp-json\/wp\/v2\/users\/2"}],"replies":[{"embeddable":true,"href":"https:\/\/www.bellunopress.it\/fr\/wp-json\/wp\/v2\/comments?post=170517"}],"version-history":[{"count":1,"href":"https:\/\/www.bellunopress.it\/fr\/wp-json\/wp\/v2\/posts\/170517\/revisions"}],"predecessor-version":[{"id":170518,"href":"https:\/\/www.bellunopress.it\/fr\/wp-json\/wp\/v2\/posts\/170517\/revisions\/170518"}],"wp:featuredmedia":[{"embeddable":true,"href":"https:\/\/www.bellunopress.it\/fr\/wp-json\/wp\/v2\/media\/113881"}],"wp:attachment":[{"href":"https:\/\/www.bellunopress.it\/fr\/wp-json\/wp\/v2\/media?parent=170517"}],"wp:term":[{"taxonomy":"category","embeddable":true,"href":"https:\/\/www.bellunopress.it\/fr\/wp-json\/wp\/v2\/categories?post=170517"},{"taxonomy":"post_tag","embeddable":true,"href":"https:\/\/www.bellunopress.it\/fr\/wp-json\/wp\/v2\/tags?post=170517"}],"curies":[{"name":"wp","href":"https:\/\/api.w.org\/{rel}","templated":true}]}}