{"id":170512,"date":"2026-05-27T15:22:44","date_gmt":"2026-05-27T13:22:44","guid":{"rendered":"https:\/\/www.bellunopress.it\/?p=170512"},"modified":"2026-05-27T15:22:44","modified_gmt":"2026-05-27T13:22:44","slug":"il-giro-ditalia-women-fa-tappa-a-longarone-divieti-chiusure-cronotabella","status":"publish","type":"post","link":"https:\/\/www.bellunopress.it\/fr\/2026\/05\/27\/il-giro-ditalia-women-fa-tappa-a-longarone-divieti-chiusure-cronotabella\/","title":{"rendered":"Il Giro d&#8217;Italia women fa tappa a Longarone. Divieti, chiusure, cronotabella"},"content":{"rendered":"<p>In occasione della 5^ tappa del 36\u00b0 Giro d\u2019Italia Women, che vedr\u00e0 Longarone protagonista come sede di partenza mercoled\u00ec 3 giugno 2026, il Consigliere Comunale con delega alla Polizia Locale e alla Pubblica Sicurezza, Ludovico Tabacchi, rende note le necessarie variazioni alla circolazione stradale e alla sosta per garantire il corretto svolgimento della manifestazione e la sicurezza di atlete, addetti ai lavori e cittadini.<\/p>\n<p>\u200b&#8221;Ospitare la carovana rosa del Giro Women \u00e8 un onore per la nostra comunit\u00e0,&#8221; dichiara il Consigliere Ludovico Tabacchi. &#8220;Per far s\u00ec che questa giornata resti un momento di festa e grande sport, chiediamo la collaborazione di tutti i cittadini e dei visitatori. La Polizia Locale ha predisposto un piano viabilistico mirato a ridurre al minimo i disagi, ma invitiamo caldamente la cittadinanza a programmare con anticipo ogni spostamento.&#8221;<\/p>\n<p>DIVIETI DI SOSTA E ALLESTIMENTO VILLAGGIO<br \/>\n\u200bPer consentire l&#8217;allestimento delle strutture del Villaggio di Partenza, i divieti di sosta scatteranno con anticipo:<br \/>\n\u200bQuando: Dal pomeriggio di marted\u00ec 2 giugno.<br \/>\n\u200bDove: Tutte le aree di sosta comprese tra il laghetto di Malcolm e l\u2019ingresso nord del Palafiere.<br \/>\n\u200b<\/p>\n<p>CHIUSURE STRADALI DI MERCOLED\u00cc 3 GIUGNO<br \/>\n\u200bIl traffico veicolare subir\u00e0 le seguenti restrizioni:<br \/>\n\u200bViale Soccorritori del Vajont (ex Via del Parco): Chiusura totale al traffico dalle ore 07:00 alle ore 14:30.<br \/>\n\u200bPercorso di gara (Tratto urbano): Interdetto al transito dalle ore 12:10 (circa 45 minuti prima della partenza). La riapertura \u00e8 prevista indicativamente per le ore 13:10, una volta transitata la carovana e ricevuto il via libera dai mezzi dell\u2019organizzazione.<\/p>\n<p>CRONOTABELLA DELLA PARTENZA<br \/>\n\u200bOre 12:55 | Partenza Fittizia: Le cicliste muoveranno da Viale Soccorritori del Vajont in modalit\u00e0 &#8220;trasferimento&#8221;.<br \/>\n\u200bInizio Gara (Km 0): La competizione ufficiale avr\u00e0 inizio in localit\u00e0 Termine di Cadore.<br \/>\n\u200b<\/p>\n<p>NOTE IMPORTANTI PER LA CITTADINANZA<br \/>\n\u200bSi ricorda che gli orari di riapertura sono da considerarsi indicativi e strettamente legati all\u2019andamento della corsa e alle disposizioni della direzione di gara. L\u2019Amministrazione Comunale di Longarone non si assume responsabilit\u00e0 per eventuali ritardi o modifiche impreviste dettate da esigenze di ordine pubblico o sicurezza sportiva.<br \/>\n\u200bSi invita la cittadinanza a consultare la mappa del percorso allegata al presente comunicato per individuare i percorsi alternativi, sui social o sul sito istituzionale del comune<\/p>","protected":false},"excerpt":{"rendered":"<p>In occasione della 5^ tappa del 36\u00b0 Giro d\u2019Italia Women, che vedr\u00e0 Longarone protagonista come sede di partenza mercoled\u00ec 3 giugno 2026, il Consigliere Comunale con delega alla Polizia Locale e alla Pubblica Sicurezza, Ludovico Tabacchi, rende note le necessarie variazioni alla circolazione stradale e alla sosta per garantire il corretto svolgimento della manifestazione e [&hellip;]<\/p>\n","protected":false},"author":2,"featured_media":161635,"comment_status":"closed","ping_status":"open","sticky":false,"template":"","format":"standard","meta":{"footnotes":""},"categories":[4],"tags":[],"class_list":["post-170512","post","type-post","status-publish","format-standard","has-post-thumbnail","category-sport"],"yoast_head":"<!-- This site is optimized with the Yoast SEO plugin v28.4 - https:\/\/yoast.com\/product\/yoast-seo-wordpress\/ -->\n<title>Il Giro d&#039;Italia women fa tappa a Longarone. Divieti, chiusure, cronotabella - Bellunopress - Dolomiti<\/title>\n<meta name=\"robots\" content=\"index, follow, max-snippet:-1, max-image-preview:large, max-video-preview:-1\" \/>\n<link rel=\"canonical\" href=\"https:\/\/www.bellunopress.it\/fr\/2026\/05\/27\/il-giro-ditalia-women-fa-tappa-a-longarone-divieti-chiusure-cronotabella\/\" \/>\n<meta property=\"og:locale\" content=\"fr_FR\" \/>\n<meta property=\"og:type\" content=\"article\" \/>\n<meta property=\"og:title\" content=\"Il Giro d&#039;Italia women fa tappa a Longarone. Divieti, chiusure, cronotabella - Bellunopress - Dolomiti\" \/>\n<meta property=\"og:description\" content=\"In occasione della 5^ tappa del 36\u00b0 Giro d\u2019Italia Women, che vedr\u00e0 Longarone protagonista come sede di partenza mercoled\u00ec 3 giugno 2026, il Consigliere Comunale con delega alla Polizia Locale e alla Pubblica Sicurezza, Ludovico Tabacchi, rende note le necessarie variazioni alla circolazione stradale e alla sosta per garantire il corretto svolgimento della manifestazione e [&hellip;]\" \/>\n<meta property=\"og:url\" content=\"https:\/\/www.bellunopress.it\/fr\/2026\/05\/27\/il-giro-ditalia-women-fa-tappa-a-longarone-divieti-chiusure-cronotabella\/\" \/>\n<meta property=\"og:site_name\" content=\"Bellunopress - Dolomiti\" \/>\n<meta property=\"article:publisher\" content=\"https:\/\/www.facebook.com\/profile.php?id=100008943462799\" \/>\n<meta property=\"article:published_time\" content=\"2026-05-27T13:22:44+00:00\" \/>\n<meta property=\"og:image\" content=\"https:\/\/www.bellunopress.it\/wp-content\/uploads\/2025\/07\/Giro-dItalia-women.jpg\" \/>\n\t<meta property=\"og:image:width\" content=\"581\" \/>\n\t<meta property=\"og:image:height\" content=\"514\" \/>\n\t<meta property=\"og:image:type\" content=\"image\/jpeg\" \/>\n<meta name=\"author\" content=\"redazione\" \/>\n<meta name=\"twitter:card\" content=\"summary_large_image\" \/>\n<meta name=\"twitter:creator\" content=\"@bellunopress\" \/>\n<meta name=\"twitter:site\" content=\"@bellunopress\" \/>\n<meta name=\"twitter:label1\" content=\"Written by\" \/>\n\t<meta name=\"twitter:data1\" content=\"redazione\" \/>\n\t<meta name=\"twitter:label2\" content=\"Est. reading time\" \/>\n\t<meta name=\"twitter:data2\" content=\"3 minutes\" \/>\n<script type=\"application\/ld+json\" class=\"yoast-schema-graph\">{\"@context\":\"https:\\\/\\\/schema.org\",\"@graph\":[{\"@type\":\"Article\",\"@id\":\"https:\\\/\\\/www.bellunopress.it\\\/2026\\\/05\\\/27\\\/il-giro-ditalia-women-fa-tappa-a-longarone-divieti-chiusure-cronotabella\\\/#article\",\"isPartOf\":{\"@id\":\"https:\\\/\\\/www.bellunopress.it\\\/2026\\\/05\\\/27\\\/il-giro-ditalia-women-fa-tappa-a-longarone-divieti-chiusure-cronotabella\\\/\"},\"author\":{\"name\":\"redazione\",\"@id\":\"https:\\\/\\\/www.bellunopress.it\\\/#\\\/schema\\\/person\\\/79bb06722b37ece1c03d3e94beb30d73\"},\"headline\":\"Il Giro d&#8217;Italia women fa tappa a Longarone. Divieti, chiusure, cronotabella\",\"datePublished\":\"2026-05-27T13:22:44+00:00\",\"mainEntityOfPage\":{\"@id\":\"https:\\\/\\\/www.bellunopress.it\\\/2026\\\/05\\\/27\\\/il-giro-ditalia-women-fa-tappa-a-longarone-divieti-chiusure-cronotabella\\\/\"},\"wordCount\":363,\"publisher\":{\"@id\":\"https:\\\/\\\/www.bellunopress.it\\\/#organization\"},\"image\":{\"@id\":\"https:\\\/\\\/www.bellunopress.it\\\/2026\\\/05\\\/27\\\/il-giro-ditalia-women-fa-tappa-a-longarone-divieti-chiusure-cronotabella\\\/#primaryimage\"},\"thumbnailUrl\":\"https:\\\/\\\/www.bellunopress.it\\\/wp-content\\\/uploads\\\/2025\\\/07\\\/Giro-dItalia-women.jpg\",\"articleSection\":[\"Sport, tempo libero\"],\"inLanguage\":\"fr-FR\"},{\"@type\":\"WebPage\",\"@id\":\"https:\\\/\\\/www.bellunopress.it\\\/2026\\\/05\\\/27\\\/il-giro-ditalia-women-fa-tappa-a-longarone-divieti-chiusure-cronotabella\\\/\",\"url\":\"https:\\\/\\\/www.bellunopress.it\\\/2026\\\/05\\\/27\\\/il-giro-ditalia-women-fa-tappa-a-longarone-divieti-chiusure-cronotabella\\\/\",\"name\":\"Il Giro d'Italia women fa tappa a Longarone. Divieti, chiusure, cronotabella - Bellunopress - Dolomiti\",\"isPartOf\":{\"@id\":\"https:\\\/\\\/www.bellunopress.it\\\/#website\"},\"primaryImageOfPage\":{\"@id\":\"https:\\\/\\\/www.bellunopress.it\\\/2026\\\/05\\\/27\\\/il-giro-ditalia-women-fa-tappa-a-longarone-divieti-chiusure-cronotabella\\\/#primaryimage\"},\"image\":{\"@id\":\"https:\\\/\\\/www.bellunopress.it\\\/2026\\\/05\\\/27\\\/il-giro-ditalia-women-fa-tappa-a-longarone-divieti-chiusure-cronotabella\\\/#primaryimage\"},\"thumbnailUrl\":\"https:\\\/\\\/www.bellunopress.it\\\/wp-content\\\/uploads\\\/2025\\\/07\\\/Giro-dItalia-women.jpg\",\"datePublished\":\"2026-05-27T13:22:44+00:00\",\"breadcrumb\":{\"@id\":\"https:\\\/\\\/www.bellunopress.it\\\/2026\\\/05\\\/27\\\/il-giro-ditalia-women-fa-tappa-a-longarone-divieti-chiusure-cronotabella\\\/#breadcrumb\"},\"inLanguage\":\"fr-FR\",\"potentialAction\":[{\"@type\":\"ReadAction\",\"target\":[\"https:\\\/\\\/www.bellunopress.it\\\/2026\\\/05\\\/27\\\/il-giro-ditalia-women-fa-tappa-a-longarone-divieti-chiusure-cronotabella\\\/\"]}]},{\"@type\":\"ImageObject\",\"inLanguage\":\"fr-FR\",\"@id\":\"https:\\\/\\\/www.bellunopress.it\\\/2026\\\/05\\\/27\\\/il-giro-ditalia-women-fa-tappa-a-longarone-divieti-chiusure-cronotabella\\\/#primaryimage\",\"url\":\"https:\\\/\\\/www.bellunopress.it\\\/wp-content\\\/uploads\\\/2025\\\/07\\\/Giro-dItalia-women.jpg\",\"contentUrl\":\"https:\\\/\\\/www.bellunopress.it\\\/wp-content\\\/uploads\\\/2025\\\/07\\\/Giro-dItalia-women.jpg\",\"width\":581,\"height\":514},{\"@type\":\"BreadcrumbList\",\"@id\":\"https:\\\/\\\/www.bellunopress.it\\\/2026\\\/05\\\/27\\\/il-giro-ditalia-women-fa-tappa-a-longarone-divieti-chiusure-cronotabella\\\/#breadcrumb\",\"itemListElement\":[{\"@type\":\"ListItem\",\"position\":1,\"name\":\"Home\",\"item\":\"https:\\\/\\\/www.bellunopress.it\\\/\"},{\"@type\":\"ListItem\",\"position\":2,\"name\":\"Il Giro d&#8217;Italia women fa tappa a Longarone. Divieti, chiusure, cronotabella\"}]},{\"@type\":\"WebSite\",\"@id\":\"https:\\\/\\\/www.bellunopress.it\\\/#website\",\"url\":\"https:\\\/\\\/www.bellunopress.it\\\/\",\"name\":\"Bellunopress - Dolomiti\",\"description\":\"e-mail: redazione@bellunopress.it\",\"publisher\":{\"@id\":\"https:\\\/\\\/www.bellunopress.it\\\/#organization\"},\"potentialAction\":[{\"@type\":\"SearchAction\",\"target\":{\"@type\":\"EntryPoint\",\"urlTemplate\":\"https:\\\/\\\/www.bellunopress.it\\\/?s={search_term_string}\"},\"query-input\":{\"@type\":\"PropertyValueSpecification\",\"valueRequired\":true,\"valueName\":\"search_term_string\"}}],\"inLanguage\":\"fr-FR\"},{\"@type\":\"Organization\",\"@id\":\"https:\\\/\\\/www.bellunopress.it\\\/#organization\",\"name\":\"Bellunopress\",\"url\":\"https:\\\/\\\/www.bellunopress.it\\\/\",\"logo\":{\"@type\":\"ImageObject\",\"inLanguage\":\"fr-FR\",\"@id\":\"https:\\\/\\\/www.bellunopress.it\\\/#\\\/schema\\\/logo\\\/image\\\/\",\"url\":\"https:\\\/\\\/www.bellunopress.it\\\/wp-content\\\/uploads\\\/2011\\\/05\\\/cropped-logo-bellunopress-.jpg\",\"contentUrl\":\"https:\\\/\\\/www.bellunopress.it\\\/wp-content\\\/uploads\\\/2011\\\/05\\\/cropped-logo-bellunopress-.jpg\",\"width\":512,\"height\":512,\"caption\":\"Bellunopress\"},\"image\":{\"@id\":\"https:\\\/\\\/www.bellunopress.it\\\/#\\\/schema\\\/logo\\\/image\\\/\"},\"sameAs\":[\"https:\\\/\\\/www.facebook.com\\\/profile.php?id=100008943462799\",\"https:\\\/\\\/x.com\\\/bellunopress\",\"https:\\\/\\\/www.linkedin.com\\\/hp\\\/?dnr=JBzUWaJfMUw8vbXJJ2tVW5-I3jZKvC4wsoxE&amp;amp;amp;amp;amp;amp;trk=nav_responsive_tab_home\",\"https:\\\/\\\/www.youtube.com\\\/channel\\\/UCxL0wu1uN0_3_7hGG0306cw\"]},{\"@type\":\"Person\",\"@id\":\"https:\\\/\\\/www.bellunopress.it\\\/#\\\/schema\\\/person\\\/79bb06722b37ece1c03d3e94beb30d73\",\"name\":\"redazione\",\"image\":{\"@type\":\"ImageObject\",\"inLanguage\":\"fr-FR\",\"@id\":\"https:\\\/\\\/secure.gravatar.com\\\/avatar\\\/37d968a2e67a6fd04c169c4bdef102d0bc5d31b2546345219e348575eb80e9a0?s=96&d=mm&r=g\",\"url\":\"https:\\\/\\\/secure.gravatar.com\\\/avatar\\\/37d968a2e67a6fd04c169c4bdef102d0bc5d31b2546345219e348575eb80e9a0?s=96&d=mm&r=g\",\"contentUrl\":\"https:\\\/\\\/secure.gravatar.com\\\/avatar\\\/37d968a2e67a6fd04c169c4bdef102d0bc5d31b2546345219e348575eb80e9a0?s=96&d=mm&r=g\",\"caption\":\"redazione\"},\"sameAs\":[\"http:\\\/\\\/www.bellunopress.it\",\"https:\\\/\\\/x.com\\\/bellunopress\"],\"url\":\"https:\\\/\\\/www.bellunopress.it\\\/fr\\\/author\\\/redazione\\\/\"}]}<\/script>\n<!-- \/ Yoast SEO plugin. -->","yoast_head_json":{"title":"Il Giro d'Italia women fa tappa a Longarone. Divieti, chiusure, cronotabella - Bellunopress - Dolomiti","robots":{"index":"index","follow":"follow","max-snippet":"max-snippet:-1","max-image-preview":"max-image-preview:large","max-video-preview":"max-video-preview:-1"},"canonical":"https:\/\/www.bellunopress.it\/fr\/2026\/05\/27\/il-giro-ditalia-women-fa-tappa-a-longarone-divieti-chiusure-cronotabella\/","og_locale":"fr_FR","og_type":"article","og_title":"Il Giro d'Italia women fa tappa a Longarone. Divieti, chiusure, cronotabella - Bellunopress - Dolomiti","og_description":"In occasione della 5^ tappa del 36\u00b0 Giro d\u2019Italia Women, che vedr\u00e0 Longarone protagonista come sede di partenza mercoled\u00ec 3 giugno 2026, il Consigliere Comunale con delega alla Polizia Locale e alla Pubblica Sicurezza, Ludovico Tabacchi, rende note le necessarie variazioni alla circolazione stradale e alla sosta per garantire il corretto svolgimento della manifestazione e [&hellip;]","og_url":"https:\/\/www.bellunopress.it\/fr\/2026\/05\/27\/il-giro-ditalia-women-fa-tappa-a-longarone-divieti-chiusure-cronotabella\/","og_site_name":"Bellunopress - Dolomiti","article_publisher":"https:\/\/www.facebook.com\/profile.php?id=100008943462799","article_published_time":"2026-05-27T13:22:44+00:00","og_image":[{"width":581,"height":514,"url":"https:\/\/www.bellunopress.it\/wp-content\/uploads\/2025\/07\/Giro-dItalia-women.jpg","type":"image\/jpeg"}],"author":"redazione","twitter_card":"summary_large_image","twitter_creator":"@bellunopress","twitter_site":"@bellunopress","twitter_misc":{"Written by":"redazione","Est. reading time":"3 minutes"},"schema":{"@context":"https:\/\/schema.org","@graph":[{"@type":"Article","@id":"https:\/\/www.bellunopress.it\/2026\/05\/27\/il-giro-ditalia-women-fa-tappa-a-longarone-divieti-chiusure-cronotabella\/#article","isPartOf":{"@id":"https:\/\/www.bellunopress.it\/2026\/05\/27\/il-giro-ditalia-women-fa-tappa-a-longarone-divieti-chiusure-cronotabella\/"},"author":{"name":"redazione","@id":"https:\/\/www.bellunopress.it\/#\/schema\/person\/79bb06722b37ece1c03d3e94beb30d73"},"headline":"Il Giro d&#8217;Italia women fa tappa a Longarone. Divieti, chiusure, cronotabella","datePublished":"2026-05-27T13:22:44+00:00","mainEntityOfPage":{"@id":"https:\/\/www.bellunopress.it\/2026\/05\/27\/il-giro-ditalia-women-fa-tappa-a-longarone-divieti-chiusure-cronotabella\/"},"wordCount":363,"publisher":{"@id":"https:\/\/www.bellunopress.it\/#organization"},"image":{"@id":"https:\/\/www.bellunopress.it\/2026\/05\/27\/il-giro-ditalia-women-fa-tappa-a-longarone-divieti-chiusure-cronotabella\/#primaryimage"},"thumbnailUrl":"https:\/\/www.bellunopress.it\/wp-content\/uploads\/2025\/07\/Giro-dItalia-women.jpg","articleSection":["Sport, tempo libero"],"inLanguage":"fr-FR"},{"@type":"WebPage","@id":"https:\/\/www.bellunopress.it\/2026\/05\/27\/il-giro-ditalia-women-fa-tappa-a-longarone-divieti-chiusure-cronotabella\/","url":"https:\/\/www.bellunopress.it\/2026\/05\/27\/il-giro-ditalia-women-fa-tappa-a-longarone-divieti-chiusure-cronotabella\/","name":"Il Giro d'Italia women fa tappa a Longarone. Divieti, chiusure, cronotabella - Bellunopress - Dolomiti","isPartOf":{"@id":"https:\/\/www.bellunopress.it\/#website"},"primaryImageOfPage":{"@id":"https:\/\/www.bellunopress.it\/2026\/05\/27\/il-giro-ditalia-women-fa-tappa-a-longarone-divieti-chiusure-cronotabella\/#primaryimage"},"image":{"@id":"https:\/\/www.bellunopress.it\/2026\/05\/27\/il-giro-ditalia-women-fa-tappa-a-longarone-divieti-chiusure-cronotabella\/#primaryimage"},"thumbnailUrl":"https:\/\/www.bellunopress.it\/wp-content\/uploads\/2025\/07\/Giro-dItalia-women.jpg","datePublished":"2026-05-27T13:22:44+00:00","breadcrumb":{"@id":"https:\/\/www.bellunopress.it\/2026\/05\/27\/il-giro-ditalia-women-fa-tappa-a-longarone-divieti-chiusure-cronotabella\/#breadcrumb"},"inLanguage":"fr-FR","potentialAction":[{"@type":"ReadAction","target":["https:\/\/www.bellunopress.it\/2026\/05\/27\/il-giro-ditalia-women-fa-tappa-a-longarone-divieti-chiusure-cronotabella\/"]}]},{"@type":"ImageObject","inLanguage":"fr-FR","@id":"https:\/\/www.bellunopress.it\/2026\/05\/27\/il-giro-ditalia-women-fa-tappa-a-longarone-divieti-chiusure-cronotabella\/#primaryimage","url":"https:\/\/www.bellunopress.it\/wp-content\/uploads\/2025\/07\/Giro-dItalia-women.jpg","contentUrl":"https:\/\/www.bellunopress.it\/wp-content\/uploads\/2025\/07\/Giro-dItalia-women.jpg","width":581,"height":514},{"@type":"BreadcrumbList","@id":"https:\/\/www.bellunopress.it\/2026\/05\/27\/il-giro-ditalia-women-fa-tappa-a-longarone-divieti-chiusure-cronotabella\/#breadcrumb","itemListElement":[{"@type":"ListItem","position":1,"name":"Home","item":"https:\/\/www.bellunopress.it\/"},{"@type":"ListItem","position":2,"name":"Il Giro d&#8217;Italia women fa tappa a Longarone. Divieti, chiusure, cronotabella"}]},{"@type":"WebSite","@id":"https:\/\/www.bellunopress.it\/#website","url":"https:\/\/www.bellunopress.it\/","name":"Bellunopress - Dolomiti","description":"e-mail: redazione@bellunopress.it","publisher":{"@id":"https:\/\/www.bellunopress.it\/#organization"},"potentialAction":[{"@type":"SearchAction","target":{"@type":"EntryPoint","urlTemplate":"https:\/\/www.bellunopress.it\/?s={search_term_string}"},"query-input":{"@type":"PropertyValueSpecification","valueRequired":true,"valueName":"search_term_string"}}],"inLanguage":"fr-FR"},{"@type":"Organization","@id":"https:\/\/www.bellunopress.it\/#organization","name":"Bellunopress","url":"https:\/\/www.bellunopress.it\/","logo":{"@type":"ImageObject","inLanguage":"fr-FR","@id":"https:\/\/www.bellunopress.it\/#\/schema\/logo\/image\/","url":"https:\/\/www.bellunopress.it\/wp-content\/uploads\/2011\/05\/cropped-logo-bellunopress-.jpg","contentUrl":"https:\/\/www.bellunopress.it\/wp-content\/uploads\/2011\/05\/cropped-logo-bellunopress-.jpg","width":512,"height":512,"caption":"Bellunopress"},"image":{"@id":"https:\/\/www.bellunopress.it\/#\/schema\/logo\/image\/"},"sameAs":["https:\/\/www.facebook.com\/profile.php?id=100008943462799","https:\/\/x.com\/bellunopress","https:\/\/www.linkedin.com\/hp\/?dnr=JBzUWaJfMUw8vbXJJ2tVW5-I3jZKvC4wsoxE&amp;amp;amp;amp;amp;amp;trk=nav_responsive_tab_home","https:\/\/www.youtube.com\/channel\/UCxL0wu1uN0_3_7hGG0306cw"]},{"@type":"Person","@id":"https:\/\/www.bellunopress.it\/#\/schema\/person\/79bb06722b37ece1c03d3e94beb30d73","name":"r\u00e9daction","image":{"@type":"ImageObject","inLanguage":"fr-FR","@id":"https:\/\/secure.gravatar.com\/avatar\/37d968a2e67a6fd04c169c4bdef102d0bc5d31b2546345219e348575eb80e9a0?s=96&d=mm&r=g","url":"https:\/\/secure.gravatar.com\/avatar\/37d968a2e67a6fd04c169c4bdef102d0bc5d31b2546345219e348575eb80e9a0?s=96&d=mm&r=g","contentUrl":"https:\/\/secure.gravatar.com\/avatar\/37d968a2e67a6fd04c169c4bdef102d0bc5d31b2546345219e348575eb80e9a0?s=96&d=mm&r=g","caption":"redazione"},"sameAs":["http:\/\/www.bellunopress.it","https:\/\/x.com\/bellunopress"],"url":"https:\/\/www.bellunopress.it\/fr\/author\/redazione\/"}]}},"_links":{"self":[{"href":"https:\/\/www.bellunopress.it\/fr\/wp-json\/wp\/v2\/posts\/170512","targetHints":{"allow":["GET"]}}],"collection":[{"href":"https:\/\/www.bellunopress.it\/fr\/wp-json\/wp\/v2\/posts"}],"about":[{"href":"https:\/\/www.bellunopress.it\/fr\/wp-json\/wp\/v2\/types\/post"}],"author":[{"embeddable":true,"href":"https:\/\/www.bellunopress.it\/fr\/wp-json\/wp\/v2\/users\/2"}],"replies":[{"embeddable":true,"href":"https:\/\/www.bellunopress.it\/fr\/wp-json\/wp\/v2\/comments?post=170512"}],"version-history":[{"count":1,"href":"https:\/\/www.bellunopress.it\/fr\/wp-json\/wp\/v2\/posts\/170512\/revisions"}],"predecessor-version":[{"id":170513,"href":"https:\/\/www.bellunopress.it\/fr\/wp-json\/wp\/v2\/posts\/170512\/revisions\/170513"}],"wp:featuredmedia":[{"embeddable":true,"href":"https:\/\/www.bellunopress.it\/fr\/wp-json\/wp\/v2\/media\/161635"}],"wp:attachment":[{"href":"https:\/\/www.bellunopress.it\/fr\/wp-json\/wp\/v2\/media?parent=170512"}],"wp:term":[{"taxonomy":"category","embeddable":true,"href":"https:\/\/www.bellunopress.it\/fr\/wp-json\/wp\/v2\/categories?post=170512"},{"taxonomy":"post_tag","embeddable":true,"href":"https:\/\/www.bellunopress.it\/fr\/wp-json\/wp\/v2\/tags?post=170512"}],"curies":[{"name":"wp","href":"https:\/\/api.w.org\/{rel}","templated":true}]}}