{"id":170509,"date":"2026-06-02T06:50:27","date_gmt":"2026-06-02T04:50:27","guid":{"rendered":"https:\/\/www.bellunopress.it\/?p=170509"},"modified":"2026-06-02T06:50:34","modified_gmt":"2026-06-02T04:50:34","slug":"venerdi-5-giugno-musica-allarchivio-di-stato-di-belluno-per-la-notte-degli-archivi","status":"publish","type":"post","link":"https:\/\/www.bellunopress.it\/fr\/2026\/06\/02\/venerdi-5-giugno-musica-allarchivio-di-stato-di-belluno-per-la-notte-degli-archivi\/","title":{"rendered":"Venerd\u00ec 5 giugno musica all\u2019Archivio di Stato di Belluno per la Notte degli Archivi"},"content":{"rendered":"<p data-path-to-node=\"8\">Belluno \u2013 Un\u2019occasione unica per riscoprire il patrimonio storico, architettonico e documentario della citt\u00e0 sotto una luce completamente nuova. Venerd\u00ec 5 giugno, l&#8217;Archivio di Stato di Belluno prender\u00e0 parte alla prestigiosa manifestazione nazionale &#8220;La Notte degli Archivi&#8221;, inserita nella splendida cornice del Festival &#8220;Archivissima&#8221;.<\/p>\n<p data-path-to-node=\"9\">Promossa dalla Direzione Generale Archivi del Ministero della Cultura, l&#8217;iniziativa vedr\u00e0 il coinvolgimento simultaneo di ben 102 Archivi di Stato dislocati su tutto il territorio italiano, animati da aperture straordinarie in orario serale e notturno. Per l&#8217;istituto bellunese, la serata si configurer\u00e0 come un vero e proprio viaggio culturale all&#8217;insegna delle suggestioni visive e sonore.<\/p>\n<p data-path-to-node=\"10\">Il cuore dell&#8217;evento sar\u00e0 la straordinaria possibilit\u00e0 di accedere ed esplorare il suggestivo complesso architettonico di S. Maria dei Battuti. I visitatori avranno il privilegio di percorrere gli spazi pi\u00f9 ricchi di memoria dell&#8217;antico plesso: la Chiesa, la Sala Capitolare e l&#8217;intimo Giardino interno, solitamente non inseriti nei consueti percorsi di studio e ricerca.<\/p>\n<p data-path-to-node=\"11\">A rendere ancora pi\u00f9 indimenticabile l&#8217;esperienza, il turno di visita programmato dalle ore 21:00 alle ore 22:00 sar\u00e0 interamente allietato da un accompagnamento musicale dal vivo. L&#8217;esecuzione sar\u00e0 curata dai talenti della Scuola comunale di Musica &#8220;A. Miari&#8221;, capace di tessere un dialogo ideale e profondo tra le armonie delle note e la severa ma affascinante monumentalit\u00e0 delle carte storiche.<\/p>\n<p data-path-to-node=\"12\">Nel pieno rispetto delle normative di tutela e per garantire la migliore fruibilit\u00e0 dei luoghi, l&#8217;accesso alla struttura avverr\u00e0 esclusivamente per piccoli gruppi contingentati. L&#8217;evento \u00e8 completamente gratuito, ma prevede la prenotazione obbligatoria.<\/p>\n<h3 data-path-to-node=\"13\"><b data-path-to-node=\"13\" data-index-in-node=\"0\">Venerd\u00ec 5 giugno programma e turni di visita:<\/b><\/h3>\n<ul data-path-to-node=\"17\">\n<li>\n<p data-path-to-node=\"14,0,0\">Turni delle ore 19:00, 20:00 e 22:00: Gruppi di massimo 25 persone.<\/p>\n<\/li>\n<li>\n<p data-path-to-node=\"14,1,0\">Turno delle ore 21:00: Gruppo esteso a un massimo di 50 persone, con speciale <i data-path-to-node=\"14,1,0\" data-index-in-node=\"78\">live performance<\/i> musicale della Scuola &#8220;A. Miari&#8221;.<\/p>\n<\/li>\n<li>\n<p data-path-to-node=\"17,0,0\">Sede: Archivio di Stato di Belluno, via S. Maria dei Battuti, 3<\/p>\n<\/li>\n<li>\n<p data-path-to-node=\"17,1,0\">Telefono: 0437 940061<\/p>\n<\/li>\n<li>\n<p data-path-to-node=\"17,2,0\">E-mail: as-bl@cultura.gov.it<\/p>\n<\/li>\n<\/ul>","protected":false},"excerpt":{"rendered":"<p>Belluno \u2013 Un\u2019occasione unica per riscoprire il patrimonio storico, architettonico e documentario della citt\u00e0 sotto una luce completamente nuova. Venerd\u00ec 5 giugno, l&#8217;Archivio di Stato di Belluno prender\u00e0 parte alla prestigiosa manifestazione nazionale &#8220;La Notte degli Archivi&#8221;, inserita nella splendida cornice del Festival &#8220;Archivissima&#8221;. Promossa dalla Direzione Generale Archivi del Ministero della Cultura, l&#8217;iniziativa vedr\u00e0 [&hellip;]<\/p>\n","protected":false},"author":2,"featured_media":170510,"comment_status":"closed","ping_status":"open","sticky":false,"template":"","format":"standard","meta":{"footnotes":""},"categories":[27,25],"tags":[],"class_list":["post-170509","post","type-post","status-publish","format-standard","has-post-thumbnail","category-appuntamenti","category-pausa-caffe"],"yoast_head":"<!-- This site is optimized with the Yoast SEO plugin v28.4 - https:\/\/yoast.com\/product\/yoast-seo-wordpress\/ -->\n<title>Venerd\u00ec 5 giugno musica all\u2019Archivio di Stato di Belluno per la Notte degli Archivi - Bellunopress - Dolomiti<\/title>\n<meta name=\"robots\" content=\"index, follow, max-snippet:-1, max-image-preview:large, max-video-preview:-1\" \/>\n<link rel=\"canonical\" href=\"https:\/\/www.bellunopress.it\/fr\/2026\/06\/02\/venerdi-5-giugno-musica-allarchivio-di-stato-di-belluno-per-la-notte-degli-archivi\/\" \/>\n<meta property=\"og:locale\" content=\"fr_FR\" \/>\n<meta property=\"og:type\" content=\"article\" \/>\n<meta property=\"og:title\" content=\"Venerd\u00ec 5 giugno musica all\u2019Archivio di Stato di Belluno per la Notte degli Archivi - Bellunopress - Dolomiti\" \/>\n<meta property=\"og:description\" content=\"Belluno \u2013 Un\u2019occasione unica per riscoprire il patrimonio storico, architettonico e documentario della citt\u00e0 sotto una luce completamente nuova. Venerd\u00ec 5 giugno, l&#8217;Archivio di Stato di Belluno prender\u00e0 parte alla prestigiosa manifestazione nazionale &#8220;La Notte degli Archivi&#8221;, inserita nella splendida cornice del Festival &#8220;Archivissima&#8221;. Promossa dalla Direzione Generale Archivi del Ministero della Cultura, l&#8217;iniziativa vedr\u00e0 [&hellip;]\" \/>\n<meta property=\"og:url\" content=\"https:\/\/www.bellunopress.it\/fr\/2026\/06\/02\/venerdi-5-giugno-musica-allarchivio-di-stato-di-belluno-per-la-notte-degli-archivi\/\" \/>\n<meta property=\"og:site_name\" content=\"Bellunopress - Dolomiti\" \/>\n<meta property=\"article:publisher\" content=\"https:\/\/www.facebook.com\/profile.php?id=100008943462799\" \/>\n<meta property=\"article:published_time\" content=\"2026-06-02T04:50:27+00:00\" \/>\n<meta property=\"article:modified_time\" content=\"2026-06-02T04:50:34+00:00\" \/>\n<meta property=\"og:image\" content=\"https:\/\/www.bellunopress.it\/wp-content\/uploads\/2026\/05\/5-giugno-archivio-di-stato.jpg\" \/>\n\t<meta property=\"og:image:width\" content=\"359\" \/>\n\t<meta property=\"og:image:height\" content=\"500\" \/>\n\t<meta property=\"og:image:type\" content=\"image\/jpeg\" \/>\n<meta name=\"author\" content=\"redazione\" \/>\n<meta name=\"twitter:card\" content=\"summary_large_image\" \/>\n<meta name=\"twitter:creator\" content=\"@bellunopress\" \/>\n<meta name=\"twitter:site\" content=\"@bellunopress\" \/>\n<meta name=\"twitter:label1\" content=\"Written by\" \/>\n\t<meta name=\"twitter:data1\" content=\"redazione\" \/>\n\t<meta name=\"twitter:label2\" content=\"Est. reading time\" \/>\n\t<meta name=\"twitter:data2\" content=\"2 minutes\" \/>\n<script type=\"application\/ld+json\" class=\"yoast-schema-graph\">{\"@context\":\"https:\\\/\\\/schema.org\",\"@graph\":[{\"@type\":\"Article\",\"@id\":\"https:\\\/\\\/www.bellunopress.it\\\/2026\\\/06\\\/02\\\/venerdi-5-giugno-musica-allarchivio-di-stato-di-belluno-per-la-notte-degli-archivi\\\/#article\",\"isPartOf\":{\"@id\":\"https:\\\/\\\/www.bellunopress.it\\\/2026\\\/06\\\/02\\\/venerdi-5-giugno-musica-allarchivio-di-stato-di-belluno-per-la-notte-degli-archivi\\\/\"},\"author\":{\"name\":\"redazione\",\"@id\":\"https:\\\/\\\/www.bellunopress.it\\\/#\\\/schema\\\/person\\\/79bb06722b37ece1c03d3e94beb30d73\"},\"headline\":\"Venerd\u00ec 5 giugno musica all\u2019Archivio di Stato di Belluno per la Notte degli Archivi\",\"datePublished\":\"2026-06-02T04:50:27+00:00\",\"dateModified\":\"2026-06-02T04:50:34+00:00\",\"mainEntityOfPage\":{\"@id\":\"https:\\\/\\\/www.bellunopress.it\\\/2026\\\/06\\\/02\\\/venerdi-5-giugno-musica-allarchivio-di-stato-di-belluno-per-la-notte-degli-archivi\\\/\"},\"wordCount\":317,\"publisher\":{\"@id\":\"https:\\\/\\\/www.bellunopress.it\\\/#organization\"},\"image\":{\"@id\":\"https:\\\/\\\/www.bellunopress.it\\\/2026\\\/06\\\/02\\\/venerdi-5-giugno-musica-allarchivio-di-stato-di-belluno-per-la-notte-degli-archivi\\\/#primaryimage\"},\"thumbnailUrl\":\"https:\\\/\\\/www.bellunopress.it\\\/wp-content\\\/uploads\\\/2026\\\/05\\\/5-giugno-archivio-di-stato.jpg\",\"articleSection\":[\"Appuntamenti, Eventi\",\"Pausa Caff\u00e8\"],\"inLanguage\":\"fr-FR\"},{\"@type\":\"WebPage\",\"@id\":\"https:\\\/\\\/www.bellunopress.it\\\/2026\\\/06\\\/02\\\/venerdi-5-giugno-musica-allarchivio-di-stato-di-belluno-per-la-notte-degli-archivi\\\/\",\"url\":\"https:\\\/\\\/www.bellunopress.it\\\/2026\\\/06\\\/02\\\/venerdi-5-giugno-musica-allarchivio-di-stato-di-belluno-per-la-notte-degli-archivi\\\/\",\"name\":\"Venerd\u00ec 5 giugno musica all\u2019Archivio di Stato di Belluno per la Notte degli Archivi - Bellunopress - Dolomiti\",\"isPartOf\":{\"@id\":\"https:\\\/\\\/www.bellunopress.it\\\/#website\"},\"primaryImageOfPage\":{\"@id\":\"https:\\\/\\\/www.bellunopress.it\\\/2026\\\/06\\\/02\\\/venerdi-5-giugno-musica-allarchivio-di-stato-di-belluno-per-la-notte-degli-archivi\\\/#primaryimage\"},\"image\":{\"@id\":\"https:\\\/\\\/www.bellunopress.it\\\/2026\\\/06\\\/02\\\/venerdi-5-giugno-musica-allarchivio-di-stato-di-belluno-per-la-notte-degli-archivi\\\/#primaryimage\"},\"thumbnailUrl\":\"https:\\\/\\\/www.bellunopress.it\\\/wp-content\\\/uploads\\\/2026\\\/05\\\/5-giugno-archivio-di-stato.jpg\",\"datePublished\":\"2026-06-02T04:50:27+00:00\",\"dateModified\":\"2026-06-02T04:50:34+00:00\",\"breadcrumb\":{\"@id\":\"https:\\\/\\\/www.bellunopress.it\\\/2026\\\/06\\\/02\\\/venerdi-5-giugno-musica-allarchivio-di-stato-di-belluno-per-la-notte-degli-archivi\\\/#breadcrumb\"},\"inLanguage\":\"fr-FR\",\"potentialAction\":[{\"@type\":\"ReadAction\",\"target\":[\"https:\\\/\\\/www.bellunopress.it\\\/2026\\\/06\\\/02\\\/venerdi-5-giugno-musica-allarchivio-di-stato-di-belluno-per-la-notte-degli-archivi\\\/\"]}]},{\"@type\":\"ImageObject\",\"inLanguage\":\"fr-FR\",\"@id\":\"https:\\\/\\\/www.bellunopress.it\\\/2026\\\/06\\\/02\\\/venerdi-5-giugno-musica-allarchivio-di-stato-di-belluno-per-la-notte-degli-archivi\\\/#primaryimage\",\"url\":\"https:\\\/\\\/www.bellunopress.it\\\/wp-content\\\/uploads\\\/2026\\\/05\\\/5-giugno-archivio-di-stato.jpg\",\"contentUrl\":\"https:\\\/\\\/www.bellunopress.it\\\/wp-content\\\/uploads\\\/2026\\\/05\\\/5-giugno-archivio-di-stato.jpg\",\"width\":359,\"height\":500},{\"@type\":\"BreadcrumbList\",\"@id\":\"https:\\\/\\\/www.bellunopress.it\\\/2026\\\/06\\\/02\\\/venerdi-5-giugno-musica-allarchivio-di-stato-di-belluno-per-la-notte-degli-archivi\\\/#breadcrumb\",\"itemListElement\":[{\"@type\":\"ListItem\",\"position\":1,\"name\":\"Home\",\"item\":\"https:\\\/\\\/www.bellunopress.it\\\/\"},{\"@type\":\"ListItem\",\"position\":2,\"name\":\"Venerd\u00ec 5 giugno musica all\u2019Archivio di Stato di Belluno per la Notte degli Archivi\"}]},{\"@type\":\"WebSite\",\"@id\":\"https:\\\/\\\/www.bellunopress.it\\\/#website\",\"url\":\"https:\\\/\\\/www.bellunopress.it\\\/\",\"name\":\"Bellunopress - Dolomiti\",\"description\":\"e-mail: redazione@bellunopress.it\",\"publisher\":{\"@id\":\"https:\\\/\\\/www.bellunopress.it\\\/#organization\"},\"potentialAction\":[{\"@type\":\"SearchAction\",\"target\":{\"@type\":\"EntryPoint\",\"urlTemplate\":\"https:\\\/\\\/www.bellunopress.it\\\/?s={search_term_string}\"},\"query-input\":{\"@type\":\"PropertyValueSpecification\",\"valueRequired\":true,\"valueName\":\"search_term_string\"}}],\"inLanguage\":\"fr-FR\"},{\"@type\":\"Organization\",\"@id\":\"https:\\\/\\\/www.bellunopress.it\\\/#organization\",\"name\":\"Bellunopress\",\"url\":\"https:\\\/\\\/www.bellunopress.it\\\/\",\"logo\":{\"@type\":\"ImageObject\",\"inLanguage\":\"fr-FR\",\"@id\":\"https:\\\/\\\/www.bellunopress.it\\\/#\\\/schema\\\/logo\\\/image\\\/\",\"url\":\"https:\\\/\\\/www.bellunopress.it\\\/wp-content\\\/uploads\\\/2011\\\/05\\\/cropped-logo-bellunopress-.jpg\",\"contentUrl\":\"https:\\\/\\\/www.bellunopress.it\\\/wp-content\\\/uploads\\\/2011\\\/05\\\/cropped-logo-bellunopress-.jpg\",\"width\":512,\"height\":512,\"caption\":\"Bellunopress\"},\"image\":{\"@id\":\"https:\\\/\\\/www.bellunopress.it\\\/#\\\/schema\\\/logo\\\/image\\\/\"},\"sameAs\":[\"https:\\\/\\\/www.facebook.com\\\/profile.php?id=100008943462799\",\"https:\\\/\\\/x.com\\\/bellunopress\",\"https:\\\/\\\/www.linkedin.com\\\/hp\\\/?dnr=JBzUWaJfMUw8vbXJJ2tVW5-I3jZKvC4wsoxE&amp;amp;amp;amp;amp;amp;trk=nav_responsive_tab_home\",\"https:\\\/\\\/www.youtube.com\\\/channel\\\/UCxL0wu1uN0_3_7hGG0306cw\"]},{\"@type\":\"Person\",\"@id\":\"https:\\\/\\\/www.bellunopress.it\\\/#\\\/schema\\\/person\\\/79bb06722b37ece1c03d3e94beb30d73\",\"name\":\"redazione\",\"image\":{\"@type\":\"ImageObject\",\"inLanguage\":\"fr-FR\",\"@id\":\"https:\\\/\\\/secure.gravatar.com\\\/avatar\\\/37d968a2e67a6fd04c169c4bdef102d0bc5d31b2546345219e348575eb80e9a0?s=96&d=mm&r=g\",\"url\":\"https:\\\/\\\/secure.gravatar.com\\\/avatar\\\/37d968a2e67a6fd04c169c4bdef102d0bc5d31b2546345219e348575eb80e9a0?s=96&d=mm&r=g\",\"contentUrl\":\"https:\\\/\\\/secure.gravatar.com\\\/avatar\\\/37d968a2e67a6fd04c169c4bdef102d0bc5d31b2546345219e348575eb80e9a0?s=96&d=mm&r=g\",\"caption\":\"redazione\"},\"sameAs\":[\"http:\\\/\\\/www.bellunopress.it\",\"https:\\\/\\\/x.com\\\/bellunopress\"],\"url\":\"https:\\\/\\\/www.bellunopress.it\\\/fr\\\/author\\\/redazione\\\/\"}]}<\/script>\n<!-- \/ Yoast SEO plugin. -->","yoast_head_json":{"title":"Venerd\u00ec 5 giugno musica all\u2019Archivio di Stato di Belluno per la Notte degli Archivi - Bellunopress - Dolomiti","robots":{"index":"index","follow":"follow","max-snippet":"max-snippet:-1","max-image-preview":"max-image-preview:large","max-video-preview":"max-video-preview:-1"},"canonical":"https:\/\/www.bellunopress.it\/fr\/2026\/06\/02\/venerdi-5-giugno-musica-allarchivio-di-stato-di-belluno-per-la-notte-degli-archivi\/","og_locale":"fr_FR","og_type":"article","og_title":"Venerd\u00ec 5 giugno musica all\u2019Archivio di Stato di Belluno per la Notte degli Archivi - Bellunopress - Dolomiti","og_description":"Belluno \u2013 Un\u2019occasione unica per riscoprire il patrimonio storico, architettonico e documentario della citt\u00e0 sotto una luce completamente nuova. Venerd\u00ec 5 giugno, l&#8217;Archivio di Stato di Belluno prender\u00e0 parte alla prestigiosa manifestazione nazionale &#8220;La Notte degli Archivi&#8221;, inserita nella splendida cornice del Festival &#8220;Archivissima&#8221;. Promossa dalla Direzione Generale Archivi del Ministero della Cultura, l&#8217;iniziativa vedr\u00e0 [&hellip;]","og_url":"https:\/\/www.bellunopress.it\/fr\/2026\/06\/02\/venerdi-5-giugno-musica-allarchivio-di-stato-di-belluno-per-la-notte-degli-archivi\/","og_site_name":"Bellunopress - Dolomiti","article_publisher":"https:\/\/www.facebook.com\/profile.php?id=100008943462799","article_published_time":"2026-06-02T04:50:27+00:00","article_modified_time":"2026-06-02T04:50:34+00:00","og_image":[{"width":359,"height":500,"url":"https:\/\/www.bellunopress.it\/wp-content\/uploads\/2026\/05\/5-giugno-archivio-di-stato.jpg","type":"image\/jpeg"}],"author":"redazione","twitter_card":"summary_large_image","twitter_creator":"@bellunopress","twitter_site":"@bellunopress","twitter_misc":{"Written by":"redazione","Est. reading time":"2 minutes"},"schema":{"@context":"https:\/\/schema.org","@graph":[{"@type":"Article","@id":"https:\/\/www.bellunopress.it\/2026\/06\/02\/venerdi-5-giugno-musica-allarchivio-di-stato-di-belluno-per-la-notte-degli-archivi\/#article","isPartOf":{"@id":"https:\/\/www.bellunopress.it\/2026\/06\/02\/venerdi-5-giugno-musica-allarchivio-di-stato-di-belluno-per-la-notte-degli-archivi\/"},"author":{"name":"redazione","@id":"https:\/\/www.bellunopress.it\/#\/schema\/person\/79bb06722b37ece1c03d3e94beb30d73"},"headline":"Venerd\u00ec 5 giugno musica all\u2019Archivio di Stato di Belluno per la Notte degli Archivi","datePublished":"2026-06-02T04:50:27+00:00","dateModified":"2026-06-02T04:50:34+00:00","mainEntityOfPage":{"@id":"https:\/\/www.bellunopress.it\/2026\/06\/02\/venerdi-5-giugno-musica-allarchivio-di-stato-di-belluno-per-la-notte-degli-archivi\/"},"wordCount":317,"publisher":{"@id":"https:\/\/www.bellunopress.it\/#organization"},"image":{"@id":"https:\/\/www.bellunopress.it\/2026\/06\/02\/venerdi-5-giugno-musica-allarchivio-di-stato-di-belluno-per-la-notte-degli-archivi\/#primaryimage"},"thumbnailUrl":"https:\/\/www.bellunopress.it\/wp-content\/uploads\/2026\/05\/5-giugno-archivio-di-stato.jpg","articleSection":["Appuntamenti, Eventi","Pausa Caff\u00e8"],"inLanguage":"fr-FR"},{"@type":"WebPage","@id":"https:\/\/www.bellunopress.it\/2026\/06\/02\/venerdi-5-giugno-musica-allarchivio-di-stato-di-belluno-per-la-notte-degli-archivi\/","url":"https:\/\/www.bellunopress.it\/2026\/06\/02\/venerdi-5-giugno-musica-allarchivio-di-stato-di-belluno-per-la-notte-degli-archivi\/","name":"Venerd\u00ec 5 giugno musica all\u2019Archivio di Stato di Belluno per la Notte degli Archivi - Bellunopress - Dolomiti","isPartOf":{"@id":"https:\/\/www.bellunopress.it\/#website"},"primaryImageOfPage":{"@id":"https:\/\/www.bellunopress.it\/2026\/06\/02\/venerdi-5-giugno-musica-allarchivio-di-stato-di-belluno-per-la-notte-degli-archivi\/#primaryimage"},"image":{"@id":"https:\/\/www.bellunopress.it\/2026\/06\/02\/venerdi-5-giugno-musica-allarchivio-di-stato-di-belluno-per-la-notte-degli-archivi\/#primaryimage"},"thumbnailUrl":"https:\/\/www.bellunopress.it\/wp-content\/uploads\/2026\/05\/5-giugno-archivio-di-stato.jpg","datePublished":"2026-06-02T04:50:27+00:00","dateModified":"2026-06-02T04:50:34+00:00","breadcrumb":{"@id":"https:\/\/www.bellunopress.it\/2026\/06\/02\/venerdi-5-giugno-musica-allarchivio-di-stato-di-belluno-per-la-notte-degli-archivi\/#breadcrumb"},"inLanguage":"fr-FR","potentialAction":[{"@type":"ReadAction","target":["https:\/\/www.bellunopress.it\/2026\/06\/02\/venerdi-5-giugno-musica-allarchivio-di-stato-di-belluno-per-la-notte-degli-archivi\/"]}]},{"@type":"ImageObject","inLanguage":"fr-FR","@id":"https:\/\/www.bellunopress.it\/2026\/06\/02\/venerdi-5-giugno-musica-allarchivio-di-stato-di-belluno-per-la-notte-degli-archivi\/#primaryimage","url":"https:\/\/www.bellunopress.it\/wp-content\/uploads\/2026\/05\/5-giugno-archivio-di-stato.jpg","contentUrl":"https:\/\/www.bellunopress.it\/wp-content\/uploads\/2026\/05\/5-giugno-archivio-di-stato.jpg","width":359,"height":500},{"@type":"BreadcrumbList","@id":"https:\/\/www.bellunopress.it\/2026\/06\/02\/venerdi-5-giugno-musica-allarchivio-di-stato-di-belluno-per-la-notte-degli-archivi\/#breadcrumb","itemListElement":[{"@type":"ListItem","position":1,"name":"Home","item":"https:\/\/www.bellunopress.it\/"},{"@type":"ListItem","position":2,"name":"Venerd\u00ec 5 giugno musica all\u2019Archivio di Stato di Belluno per la Notte degli Archivi"}]},{"@type":"WebSite","@id":"https:\/\/www.bellunopress.it\/#website","url":"https:\/\/www.bellunopress.it\/","name":"Bellunopress - Dolomiti","description":"e-mail: redazione@bellunopress.it","publisher":{"@id":"https:\/\/www.bellunopress.it\/#organization"},"potentialAction":[{"@type":"SearchAction","target":{"@type":"EntryPoint","urlTemplate":"https:\/\/www.bellunopress.it\/?s={search_term_string}"},"query-input":{"@type":"PropertyValueSpecification","valueRequired":true,"valueName":"search_term_string"}}],"inLanguage":"fr-FR"},{"@type":"Organization","@id":"https:\/\/www.bellunopress.it\/#organization","name":"Bellunopress","url":"https:\/\/www.bellunopress.it\/","logo":{"@type":"ImageObject","inLanguage":"fr-FR","@id":"https:\/\/www.bellunopress.it\/#\/schema\/logo\/image\/","url":"https:\/\/www.bellunopress.it\/wp-content\/uploads\/2011\/05\/cropped-logo-bellunopress-.jpg","contentUrl":"https:\/\/www.bellunopress.it\/wp-content\/uploads\/2011\/05\/cropped-logo-bellunopress-.jpg","width":512,"height":512,"caption":"Bellunopress"},"image":{"@id":"https:\/\/www.bellunopress.it\/#\/schema\/logo\/image\/"},"sameAs":["https:\/\/www.facebook.com\/profile.php?id=100008943462799","https:\/\/x.com\/bellunopress","https:\/\/www.linkedin.com\/hp\/?dnr=JBzUWaJfMUw8vbXJJ2tVW5-I3jZKvC4wsoxE&amp;amp;amp;amp;amp;amp;trk=nav_responsive_tab_home","https:\/\/www.youtube.com\/channel\/UCxL0wu1uN0_3_7hGG0306cw"]},{"@type":"Person","@id":"https:\/\/www.bellunopress.it\/#\/schema\/person\/79bb06722b37ece1c03d3e94beb30d73","name":"r\u00e9daction","image":{"@type":"ImageObject","inLanguage":"fr-FR","@id":"https:\/\/secure.gravatar.com\/avatar\/37d968a2e67a6fd04c169c4bdef102d0bc5d31b2546345219e348575eb80e9a0?s=96&d=mm&r=g","url":"https:\/\/secure.gravatar.com\/avatar\/37d968a2e67a6fd04c169c4bdef102d0bc5d31b2546345219e348575eb80e9a0?s=96&d=mm&r=g","contentUrl":"https:\/\/secure.gravatar.com\/avatar\/37d968a2e67a6fd04c169c4bdef102d0bc5d31b2546345219e348575eb80e9a0?s=96&d=mm&r=g","caption":"redazione"},"sameAs":["http:\/\/www.bellunopress.it","https:\/\/x.com\/bellunopress"],"url":"https:\/\/www.bellunopress.it\/fr\/author\/redazione\/"}]}},"_links":{"self":[{"href":"https:\/\/www.bellunopress.it\/fr\/wp-json\/wp\/v2\/posts\/170509","targetHints":{"allow":["GET"]}}],"collection":[{"href":"https:\/\/www.bellunopress.it\/fr\/wp-json\/wp\/v2\/posts"}],"about":[{"href":"https:\/\/www.bellunopress.it\/fr\/wp-json\/wp\/v2\/types\/post"}],"author":[{"embeddable":true,"href":"https:\/\/www.bellunopress.it\/fr\/wp-json\/wp\/v2\/users\/2"}],"replies":[{"embeddable":true,"href":"https:\/\/www.bellunopress.it\/fr\/wp-json\/wp\/v2\/comments?post=170509"}],"version-history":[{"count":1,"href":"https:\/\/www.bellunopress.it\/fr\/wp-json\/wp\/v2\/posts\/170509\/revisions"}],"predecessor-version":[{"id":170511,"href":"https:\/\/www.bellunopress.it\/fr\/wp-json\/wp\/v2\/posts\/170509\/revisions\/170511"}],"wp:featuredmedia":[{"embeddable":true,"href":"https:\/\/www.bellunopress.it\/fr\/wp-json\/wp\/v2\/media\/170510"}],"wp:attachment":[{"href":"https:\/\/www.bellunopress.it\/fr\/wp-json\/wp\/v2\/media?parent=170509"}],"wp:term":[{"taxonomy":"category","embeddable":true,"href":"https:\/\/www.bellunopress.it\/fr\/wp-json\/wp\/v2\/categories?post=170509"},{"taxonomy":"post_tag","embeddable":true,"href":"https:\/\/www.bellunopress.it\/fr\/wp-json\/wp\/v2\/tags?post=170509"}],"curies":[{"name":"wp","href":"https:\/\/api.w.org\/{rel}","templated":true}]}}