{"id":170495,"date":"2026-05-27T07:51:15","date_gmt":"2026-05-27T05:51:15","guid":{"rendered":"https:\/\/www.bellunopress.it\/?p=170495"},"modified":"2026-05-27T07:51:15","modified_gmt":"2026-05-27T05:51:15","slug":"dal-kalashnikov-ai-cantieri-delle-dolomiti-affiliato-alla-sacra-corona-unita-scovato-e-arrestato-a-belluno","status":"publish","type":"post","link":"https:\/\/www.bellunopress.it\/fr\/2026\/05\/27\/dal-kalashnikov-ai-cantieri-delle-dolomiti-affiliato-alla-sacra-corona-unita-scovato-e-arrestato-a-belluno\/","title":{"rendered":"Dal Kalashnikov ai cantieri delle Dolomiti: affiliato alla Sacra Corona Unita scovato e arrestato a Belluno"},"content":{"rendered":"<h3 data-path-to-node=\"7\"><i data-path-to-node=\"7\" data-index-in-node=\"0\">Il blitz dei Carabinieri del Reparto Operativo interrompe la latitanza soft di un operaio edile 31enne. \u00c8 accusato di tentato omicidio con un fucile d&#8217;assalto e traffico di armi e droga per conto dei clan pugliesi.<\/i><\/h3>\n<p data-path-to-node=\"8\">Belluno, 27\/05\/2026\u00a0\u2014 Un insospettabile operaio edile, regolarmente impiegato da pochissime settimane in un cantiere del Bellunese, era in realt\u00e0 un presunto esponente di spicco della criminalit\u00e0 organizzata pugliese, ritenuto contiguo al sodalizio mafioso della Sacra Corona Unita. L&#8217;uomo, un 31enne originario della provincia di Bari, \u00e8 stato localizzato e catturato ieri all&#8217;alba dai militari del Reparto Operativo del Comando Provinciale dei Carabinieri di Belluno.<\/p>\n<p data-path-to-node=\"9\">L&#8217;arresto si inquadra nella vasta operazione antimafia denominata <b data-path-to-node=\"9\" data-index-in-node=\"66\">&#8220;<\/b>Core&#8221;, coordinata dalla Direzione Distrettuale Antimafia (DDA) di Lecce e condotta sul campo dal Comando Provinciale del capoluogo salentino. Un blitz imponente che ha visto l&#8217;impiego di oltre 200 militari dell&#8217;Arma, supportati dallo Squadrone Eliportato Cacciatori \u201cPuglia\u201d, unit\u00e0 cinofile ed elicotteri, e che ha portato all&#8217;esecuzione di ben 30 misure cautelari personali (27 in carcere e 3 ai domiciliari) su un totale di 52 indagati.<\/p>\n<p data-path-to-node=\"10\">L&#8217;indagine, avviata nel dicembre 2022 e conclusasi nel maggio 2024, ha colpito al cuore un&#8217;articolazione mafiosa particolarmente aggressiva radicata nel Nord Salento, e in particolare nei comuni di Trepuzzi, Squinzano, Campi Salentina e Torchiarolo, attiva nel traffico sistematico di cocaina, hashish e marijuana approvvigionate e distribuite ricorrendo a condotte violente per il controllo del territorio.<\/p>\n<p data-path-to-node=\"11\">Le accuse piombate sul 31enne catturato tra le montagne bellunesi sono pesantissime: tentato omicidio, porto abusivo di armi da guerra, violenza privata e associazione finalizzata al traffico illecito di sostanze stupefacenti, tutti reati aggravati dal metodo mafioso. Gli inquirenti leccesi lo indicano come un soggetto dalla spiccata pericolosit\u00e0 sociale. A lui, nello specifico, viene contestato un grave fatto di sangue: la sera del 28 dicembre 2022, a Squinzano, l&#8217;uomo avrebbe imbracciato un fucile d&#8217;assalto AK-47 Kalashnikov per compiere un agguato ai danni di un pregiudicato locale, fermo in un distributore di carburante in compagnia della convivente e dei tre figli minori. L&#8217;azione, ripresa integralmente dalle telecamere di sicurezza, port\u00f2 al ferimento della vittima a un piede, salvatasi solo riparandosi dietro la cassa automatica dell&#8217;impianto. Un raid brutale, volto ad affermare l&#8217;egemonia del clan sul territorio pugliese.<\/p>\n<p data-path-to-node=\"12\">I Carabinieri di Belluno, ricevuta la localizzazione del ricercato, si sono attivati tempestivamente, stringendo il cerchio attorno all&#8217;uomo prima che potesse far perdere le proprie tracce. Al termine delle formalit\u00e0 di rito, l&#8217;arrestato \u00e8 stato trasferito e recluso nella Casa Circondariale di Belluno, a disposizione dell&#8217;Autorit\u00e0 Giudiziaria salentina.<\/p>\n<p data-path-to-node=\"13\">Dal Comando Provinciale dei Carabinieri di Belluno giunge tuttavia una precisazione fondamentale per la serenit\u00e0 della comunit\u00e0 locale: i gravissimi fatti criminosi contestati non hanno alcun legame con il territorio bellunese. La provincia dolomitica \u00e8 stata scelta dal 31enne esclusivamente come temporaneo &#8220;rifugio di lavoro&#8221;, sfruttando l&#8217;importante richiesta di manodopera nel settore edile per mimetizzarsi come un normale lavoratore e tentare di sfuggire ai radar degli investigatori.<\/p>\n<p data-path-to-node=\"14\">L&#8217;operazione &#8220;CORE&#8221; ha svelato dettagli inquietanti sulla coesione e sul carattere arcaico e ritualizzato del gruppo mafioso, documentando perfino tre &#8220;summit&#8221; in masserie diroccate o nel centro di Lecce, dove venivano celebrati veri e propri riti di affiliazione con l&#8217;incisione di croci sulla pelle dei sodali (seguite dal bacio sulle labbra, spumante e pasticcini). Nel corso dell&#8217;attivit\u00e0 sono state sequestrate numerose armi, che i criminali battezzavano affettuosamente con nomi femminili come \u201cGiulia\u201d, \u201cPatrizia\u201d e \u201cGisella\u201d, tra cui lo stesso Kalashnikov usato nell&#8217;agguato del dicembre 2022.<\/p>\n<p data-path-to-node=\"15\">Per l&#8217;indagato catturato a Belluno e per tutti gli altri soggetti coinvolti nel maxi-procedimento vale, in ogni caso, la presunzione di innocenza: il procedimento penale versa infatti nella fase delle indagini preliminari e la colpevolezza dovr\u00e0 essere eventualmente sancita da una sentenza definitiva.<\/p>","protected":false},"excerpt":{"rendered":"<p>Il blitz dei Carabinieri del Reparto Operativo interrompe la latitanza soft di un operaio edile 31enne. \u00c8 accusato di tentato omicidio con un fucile d&#8217;assalto e traffico di armi e droga per conto dei clan pugliesi. Belluno, 27\/05\/2026\u00a0\u2014 Un insospettabile operaio edile, regolarmente impiegato da pochissime settimane in un cantiere del Bellunese, era in realt\u00e0 [&hellip;]<\/p>\n","protected":false},"author":2,"featured_media":158615,"comment_status":"closed","ping_status":"open","sticky":false,"template":"","format":"standard","meta":{"footnotes":""},"categories":[5,26],"tags":[],"class_list":["post-170495","post","type-post","status-publish","format-standard","has-post-thumbnail","category-cronaca","category-prima-pagina"],"yoast_head":"<!-- This site is optimized with the Yoast SEO plugin v28.4 - https:\/\/yoast.com\/product\/yoast-seo-wordpress\/ -->\n<title>Dal Kalashnikov ai cantieri delle Dolomiti: affiliato alla Sacra Corona Unita scovato e arrestato a Belluno - Bellunopress - Dolomiti<\/title>\n<meta name=\"robots\" content=\"index, follow, max-snippet:-1, max-image-preview:large, max-video-preview:-1\" \/>\n<link rel=\"canonical\" href=\"https:\/\/www.bellunopress.it\/fr\/2026\/05\/27\/dal-kalashnikov-ai-cantieri-delle-dolomiti-affiliato-alla-sacra-corona-unita-scovato-e-arrestato-a-belluno\/\" \/>\n<meta property=\"og:locale\" content=\"fr_FR\" \/>\n<meta property=\"og:type\" content=\"article\" \/>\n<meta property=\"og:title\" content=\"Dal Kalashnikov ai cantieri delle Dolomiti: affiliato alla Sacra Corona Unita scovato e arrestato a Belluno - Bellunopress - Dolomiti\" \/>\n<meta property=\"og:description\" content=\"Il blitz dei Carabinieri del Reparto Operativo interrompe la latitanza soft di un operaio edile 31enne. \u00c8 accusato di tentato omicidio con un fucile d&#8217;assalto e traffico di armi e droga per conto dei clan pugliesi. Belluno, 27\/05\/2026\u00a0\u2014 Un insospettabile operaio edile, regolarmente impiegato da pochissime settimane in un cantiere del Bellunese, era in realt\u00e0 [&hellip;]\" \/>\n<meta property=\"og:url\" content=\"https:\/\/www.bellunopress.it\/fr\/2026\/05\/27\/dal-kalashnikov-ai-cantieri-delle-dolomiti-affiliato-alla-sacra-corona-unita-scovato-e-arrestato-a-belluno\/\" \/>\n<meta property=\"og:site_name\" content=\"Bellunopress - Dolomiti\" \/>\n<meta property=\"article:publisher\" content=\"https:\/\/www.facebook.com\/profile.php?id=100008943462799\" \/>\n<meta property=\"article:published_time\" content=\"2026-05-27T05:51:15+00:00\" \/>\n<meta property=\"og:image\" content=\"https:\/\/www.bellunopress.it\/wp-content\/uploads\/2025\/03\/comando-carabinieri_edited.jpg\" \/>\n\t<meta property=\"og:image:width\" content=\"1000\" \/>\n\t<meta property=\"og:image:height\" content=\"750\" \/>\n\t<meta property=\"og:image:type\" content=\"image\/jpeg\" \/>\n<meta name=\"author\" content=\"redazione\" \/>\n<meta name=\"twitter:card\" content=\"summary_large_image\" \/>\n<meta name=\"twitter:creator\" content=\"@bellunopress\" \/>\n<meta name=\"twitter:site\" content=\"@bellunopress\" \/>\n<meta name=\"twitter:label1\" content=\"\u00c9crit par\" \/>\n\t<meta name=\"twitter:data1\" content=\"redazione\" \/>\n\t<meta name=\"twitter:label2\" content=\"Dur\u00e9e de lecture estim\u00e9e\" \/>\n\t<meta name=\"twitter:data2\" content=\"4 minutes\" \/>\n<script type=\"application\/ld+json\" class=\"yoast-schema-graph\">{\"@context\":\"https:\\\/\\\/schema.org\",\"@graph\":[{\"@type\":\"Article\",\"@id\":\"https:\\\/\\\/www.bellunopress.it\\\/2026\\\/05\\\/27\\\/dal-kalashnikov-ai-cantieri-delle-dolomiti-affiliato-alla-sacra-corona-unita-scovato-e-arrestato-a-belluno\\\/#article\",\"isPartOf\":{\"@id\":\"https:\\\/\\\/www.bellunopress.it\\\/2026\\\/05\\\/27\\\/dal-kalashnikov-ai-cantieri-delle-dolomiti-affiliato-alla-sacra-corona-unita-scovato-e-arrestato-a-belluno\\\/\"},\"author\":{\"name\":\"redazione\",\"@id\":\"https:\\\/\\\/www.bellunopress.it\\\/#\\\/schema\\\/person\\\/79bb06722b37ece1c03d3e94beb30d73\"},\"headline\":\"Dal Kalashnikov ai cantieri delle Dolomiti: affiliato alla Sacra Corona Unita scovato e arrestato a Belluno\",\"datePublished\":\"2026-05-27T05:51:15+00:00\",\"mainEntityOfPage\":{\"@id\":\"https:\\\/\\\/www.bellunopress.it\\\/2026\\\/05\\\/27\\\/dal-kalashnikov-ai-cantieri-delle-dolomiti-affiliato-alla-sacra-corona-unita-scovato-e-arrestato-a-belluno\\\/\"},\"wordCount\":631,\"publisher\":{\"@id\":\"https:\\\/\\\/www.bellunopress.it\\\/#organization\"},\"image\":{\"@id\":\"https:\\\/\\\/www.bellunopress.it\\\/2026\\\/05\\\/27\\\/dal-kalashnikov-ai-cantieri-delle-dolomiti-affiliato-alla-sacra-corona-unita-scovato-e-arrestato-a-belluno\\\/#primaryimage\"},\"thumbnailUrl\":\"https:\\\/\\\/www.bellunopress.it\\\/wp-content\\\/uploads\\\/2025\\\/03\\\/comando-carabinieri_edited.jpg\",\"articleSection\":[\"Cronaca\\\/Politica\",\"Prima Pagina\"],\"inLanguage\":\"fr-FR\"},{\"@type\":\"WebPage\",\"@id\":\"https:\\\/\\\/www.bellunopress.it\\\/2026\\\/05\\\/27\\\/dal-kalashnikov-ai-cantieri-delle-dolomiti-affiliato-alla-sacra-corona-unita-scovato-e-arrestato-a-belluno\\\/\",\"url\":\"https:\\\/\\\/www.bellunopress.it\\\/2026\\\/05\\\/27\\\/dal-kalashnikov-ai-cantieri-delle-dolomiti-affiliato-alla-sacra-corona-unita-scovato-e-arrestato-a-belluno\\\/\",\"name\":\"Dal Kalashnikov ai cantieri delle Dolomiti: affiliato alla Sacra Corona Unita scovato e arrestato a Belluno - Bellunopress - Dolomiti\",\"isPartOf\":{\"@id\":\"https:\\\/\\\/www.bellunopress.it\\\/#website\"},\"primaryImageOfPage\":{\"@id\":\"https:\\\/\\\/www.bellunopress.it\\\/2026\\\/05\\\/27\\\/dal-kalashnikov-ai-cantieri-delle-dolomiti-affiliato-alla-sacra-corona-unita-scovato-e-arrestato-a-belluno\\\/#primaryimage\"},\"image\":{\"@id\":\"https:\\\/\\\/www.bellunopress.it\\\/2026\\\/05\\\/27\\\/dal-kalashnikov-ai-cantieri-delle-dolomiti-affiliato-alla-sacra-corona-unita-scovato-e-arrestato-a-belluno\\\/#primaryimage\"},\"thumbnailUrl\":\"https:\\\/\\\/www.bellunopress.it\\\/wp-content\\\/uploads\\\/2025\\\/03\\\/comando-carabinieri_edited.jpg\",\"datePublished\":\"2026-05-27T05:51:15+00:00\",\"breadcrumb\":{\"@id\":\"https:\\\/\\\/www.bellunopress.it\\\/2026\\\/05\\\/27\\\/dal-kalashnikov-ai-cantieri-delle-dolomiti-affiliato-alla-sacra-corona-unita-scovato-e-arrestato-a-belluno\\\/#breadcrumb\"},\"inLanguage\":\"fr-FR\",\"potentialAction\":[{\"@type\":\"ReadAction\",\"target\":[\"https:\\\/\\\/www.bellunopress.it\\\/2026\\\/05\\\/27\\\/dal-kalashnikov-ai-cantieri-delle-dolomiti-affiliato-alla-sacra-corona-unita-scovato-e-arrestato-a-belluno\\\/\"]}]},{\"@type\":\"ImageObject\",\"inLanguage\":\"fr-FR\",\"@id\":\"https:\\\/\\\/www.bellunopress.it\\\/2026\\\/05\\\/27\\\/dal-kalashnikov-ai-cantieri-delle-dolomiti-affiliato-alla-sacra-corona-unita-scovato-e-arrestato-a-belluno\\\/#primaryimage\",\"url\":\"https:\\\/\\\/www.bellunopress.it\\\/wp-content\\\/uploads\\\/2025\\\/03\\\/comando-carabinieri_edited.jpg\",\"contentUrl\":\"https:\\\/\\\/www.bellunopress.it\\\/wp-content\\\/uploads\\\/2025\\\/03\\\/comando-carabinieri_edited.jpg\",\"width\":1000,\"height\":750},{\"@type\":\"BreadcrumbList\",\"@id\":\"https:\\\/\\\/www.bellunopress.it\\\/2026\\\/05\\\/27\\\/dal-kalashnikov-ai-cantieri-delle-dolomiti-affiliato-alla-sacra-corona-unita-scovato-e-arrestato-a-belluno\\\/#breadcrumb\",\"itemListElement\":[{\"@type\":\"ListItem\",\"position\":1,\"name\":\"Home\",\"item\":\"https:\\\/\\\/www.bellunopress.it\\\/\"},{\"@type\":\"ListItem\",\"position\":2,\"name\":\"Dal Kalashnikov ai cantieri delle Dolomiti: affiliato alla Sacra Corona Unita scovato e arrestato a Belluno\"}]},{\"@type\":\"WebSite\",\"@id\":\"https:\\\/\\\/www.bellunopress.it\\\/#website\",\"url\":\"https:\\\/\\\/www.bellunopress.it\\\/\",\"name\":\"Bellunopress - Dolomiti\",\"description\":\"e-mail: redazione@bellunopress.it\",\"publisher\":{\"@id\":\"https:\\\/\\\/www.bellunopress.it\\\/#organization\"},\"potentialAction\":[{\"@type\":\"SearchAction\",\"target\":{\"@type\":\"EntryPoint\",\"urlTemplate\":\"https:\\\/\\\/www.bellunopress.it\\\/?s={search_term_string}\"},\"query-input\":{\"@type\":\"PropertyValueSpecification\",\"valueRequired\":true,\"valueName\":\"search_term_string\"}}],\"inLanguage\":\"fr-FR\"},{\"@type\":\"Organization\",\"@id\":\"https:\\\/\\\/www.bellunopress.it\\\/#organization\",\"name\":\"Bellunopress\",\"url\":\"https:\\\/\\\/www.bellunopress.it\\\/\",\"logo\":{\"@type\":\"ImageObject\",\"inLanguage\":\"fr-FR\",\"@id\":\"https:\\\/\\\/www.bellunopress.it\\\/#\\\/schema\\\/logo\\\/image\\\/\",\"url\":\"https:\\\/\\\/www.bellunopress.it\\\/wp-content\\\/uploads\\\/2011\\\/05\\\/cropped-logo-bellunopress-.jpg\",\"contentUrl\":\"https:\\\/\\\/www.bellunopress.it\\\/wp-content\\\/uploads\\\/2011\\\/05\\\/cropped-logo-bellunopress-.jpg\",\"width\":512,\"height\":512,\"caption\":\"Bellunopress\"},\"image\":{\"@id\":\"https:\\\/\\\/www.bellunopress.it\\\/#\\\/schema\\\/logo\\\/image\\\/\"},\"sameAs\":[\"https:\\\/\\\/www.facebook.com\\\/profile.php?id=100008943462799\",\"https:\\\/\\\/x.com\\\/bellunopress\",\"https:\\\/\\\/www.linkedin.com\\\/hp\\\/?dnr=JBzUWaJfMUw8vbXJJ2tVW5-I3jZKvC4wsoxE&amp;amp;amp;amp;amp;amp;trk=nav_responsive_tab_home\",\"https:\\\/\\\/www.youtube.com\\\/channel\\\/UCxL0wu1uN0_3_7hGG0306cw\"]},{\"@type\":\"Person\",\"@id\":\"https:\\\/\\\/www.bellunopress.it\\\/#\\\/schema\\\/person\\\/79bb06722b37ece1c03d3e94beb30d73\",\"name\":\"redazione\",\"image\":{\"@type\":\"ImageObject\",\"inLanguage\":\"fr-FR\",\"@id\":\"https:\\\/\\\/secure.gravatar.com\\\/avatar\\\/37d968a2e67a6fd04c169c4bdef102d0bc5d31b2546345219e348575eb80e9a0?s=96&d=mm&r=g\",\"url\":\"https:\\\/\\\/secure.gravatar.com\\\/avatar\\\/37d968a2e67a6fd04c169c4bdef102d0bc5d31b2546345219e348575eb80e9a0?s=96&d=mm&r=g\",\"contentUrl\":\"https:\\\/\\\/secure.gravatar.com\\\/avatar\\\/37d968a2e67a6fd04c169c4bdef102d0bc5d31b2546345219e348575eb80e9a0?s=96&d=mm&r=g\",\"caption\":\"redazione\"},\"sameAs\":[\"http:\\\/\\\/www.bellunopress.it\",\"https:\\\/\\\/x.com\\\/bellunopress\"],\"url\":\"https:\\\/\\\/www.bellunopress.it\\\/fr\\\/author\\\/redazione\\\/\"}]}<\/script>\n<!-- \/ Yoast SEO plugin. -->","yoast_head_json":{"title":"Dal Kalashnikov ai cantieri delle Dolomiti: affiliato alla Sacra Corona Unita scovato e arrestato a Belluno - Bellunopress - Dolomiti","robots":{"index":"index","follow":"follow","max-snippet":"max-snippet:-1","max-image-preview":"max-image-preview:large","max-video-preview":"max-video-preview:-1"},"canonical":"https:\/\/www.bellunopress.it\/fr\/2026\/05\/27\/dal-kalashnikov-ai-cantieri-delle-dolomiti-affiliato-alla-sacra-corona-unita-scovato-e-arrestato-a-belluno\/","og_locale":"fr_FR","og_type":"article","og_title":"Dal Kalashnikov ai cantieri delle Dolomiti: affiliato alla Sacra Corona Unita scovato e arrestato a Belluno - Bellunopress - Dolomiti","og_description":"Il blitz dei Carabinieri del Reparto Operativo interrompe la latitanza soft di un operaio edile 31enne. \u00c8 accusato di tentato omicidio con un fucile d&#8217;assalto e traffico di armi e droga per conto dei clan pugliesi. Belluno, 27\/05\/2026\u00a0\u2014 Un insospettabile operaio edile, regolarmente impiegato da pochissime settimane in un cantiere del Bellunese, era in realt\u00e0 [&hellip;]","og_url":"https:\/\/www.bellunopress.it\/fr\/2026\/05\/27\/dal-kalashnikov-ai-cantieri-delle-dolomiti-affiliato-alla-sacra-corona-unita-scovato-e-arrestato-a-belluno\/","og_site_name":"Bellunopress - Dolomiti","article_publisher":"https:\/\/www.facebook.com\/profile.php?id=100008943462799","article_published_time":"2026-05-27T05:51:15+00:00","og_image":[{"width":1000,"height":750,"url":"https:\/\/www.bellunopress.it\/wp-content\/uploads\/2025\/03\/comando-carabinieri_edited.jpg","type":"image\/jpeg"}],"author":"redazione","twitter_card":"summary_large_image","twitter_creator":"@bellunopress","twitter_site":"@bellunopress","twitter_misc":{"\u00c9crit par":"redazione","Dur\u00e9e de lecture estim\u00e9e":"4 minutes"},"schema":{"@context":"https:\/\/schema.org","@graph":[{"@type":"Article","@id":"https:\/\/www.bellunopress.it\/2026\/05\/27\/dal-kalashnikov-ai-cantieri-delle-dolomiti-affiliato-alla-sacra-corona-unita-scovato-e-arrestato-a-belluno\/#article","isPartOf":{"@id":"https:\/\/www.bellunopress.it\/2026\/05\/27\/dal-kalashnikov-ai-cantieri-delle-dolomiti-affiliato-alla-sacra-corona-unita-scovato-e-arrestato-a-belluno\/"},"author":{"name":"redazione","@id":"https:\/\/www.bellunopress.it\/#\/schema\/person\/79bb06722b37ece1c03d3e94beb30d73"},"headline":"Dal Kalashnikov ai cantieri delle Dolomiti: affiliato alla Sacra Corona Unita scovato e arrestato a Belluno","datePublished":"2026-05-27T05:51:15+00:00","mainEntityOfPage":{"@id":"https:\/\/www.bellunopress.it\/2026\/05\/27\/dal-kalashnikov-ai-cantieri-delle-dolomiti-affiliato-alla-sacra-corona-unita-scovato-e-arrestato-a-belluno\/"},"wordCount":631,"publisher":{"@id":"https:\/\/www.bellunopress.it\/#organization"},"image":{"@id":"https:\/\/www.bellunopress.it\/2026\/05\/27\/dal-kalashnikov-ai-cantieri-delle-dolomiti-affiliato-alla-sacra-corona-unita-scovato-e-arrestato-a-belluno\/#primaryimage"},"thumbnailUrl":"https:\/\/www.bellunopress.it\/wp-content\/uploads\/2025\/03\/comando-carabinieri_edited.jpg","articleSection":["Cronaca\/Politica","Prima Pagina"],"inLanguage":"fr-FR"},{"@type":"WebPage","@id":"https:\/\/www.bellunopress.it\/2026\/05\/27\/dal-kalashnikov-ai-cantieri-delle-dolomiti-affiliato-alla-sacra-corona-unita-scovato-e-arrestato-a-belluno\/","url":"https:\/\/www.bellunopress.it\/2026\/05\/27\/dal-kalashnikov-ai-cantieri-delle-dolomiti-affiliato-alla-sacra-corona-unita-scovato-e-arrestato-a-belluno\/","name":"Dal Kalashnikov ai cantieri delle Dolomiti: affiliato alla Sacra Corona Unita scovato e arrestato a Belluno - Bellunopress - Dolomiti","isPartOf":{"@id":"https:\/\/www.bellunopress.it\/#website"},"primaryImageOfPage":{"@id":"https:\/\/www.bellunopress.it\/2026\/05\/27\/dal-kalashnikov-ai-cantieri-delle-dolomiti-affiliato-alla-sacra-corona-unita-scovato-e-arrestato-a-belluno\/#primaryimage"},"image":{"@id":"https:\/\/www.bellunopress.it\/2026\/05\/27\/dal-kalashnikov-ai-cantieri-delle-dolomiti-affiliato-alla-sacra-corona-unita-scovato-e-arrestato-a-belluno\/#primaryimage"},"thumbnailUrl":"https:\/\/www.bellunopress.it\/wp-content\/uploads\/2025\/03\/comando-carabinieri_edited.jpg","datePublished":"2026-05-27T05:51:15+00:00","breadcrumb":{"@id":"https:\/\/www.bellunopress.it\/2026\/05\/27\/dal-kalashnikov-ai-cantieri-delle-dolomiti-affiliato-alla-sacra-corona-unita-scovato-e-arrestato-a-belluno\/#breadcrumb"},"inLanguage":"fr-FR","potentialAction":[{"@type":"ReadAction","target":["https:\/\/www.bellunopress.it\/2026\/05\/27\/dal-kalashnikov-ai-cantieri-delle-dolomiti-affiliato-alla-sacra-corona-unita-scovato-e-arrestato-a-belluno\/"]}]},{"@type":"ImageObject","inLanguage":"fr-FR","@id":"https:\/\/www.bellunopress.it\/2026\/05\/27\/dal-kalashnikov-ai-cantieri-delle-dolomiti-affiliato-alla-sacra-corona-unita-scovato-e-arrestato-a-belluno\/#primaryimage","url":"https:\/\/www.bellunopress.it\/wp-content\/uploads\/2025\/03\/comando-carabinieri_edited.jpg","contentUrl":"https:\/\/www.bellunopress.it\/wp-content\/uploads\/2025\/03\/comando-carabinieri_edited.jpg","width":1000,"height":750},{"@type":"BreadcrumbList","@id":"https:\/\/www.bellunopress.it\/2026\/05\/27\/dal-kalashnikov-ai-cantieri-delle-dolomiti-affiliato-alla-sacra-corona-unita-scovato-e-arrestato-a-belluno\/#breadcrumb","itemListElement":[{"@type":"ListItem","position":1,"name":"Home","item":"https:\/\/www.bellunopress.it\/"},{"@type":"ListItem","position":2,"name":"Dal Kalashnikov ai cantieri delle Dolomiti: affiliato alla Sacra Corona Unita scovato e arrestato a Belluno"}]},{"@type":"WebSite","@id":"https:\/\/www.bellunopress.it\/#website","url":"https:\/\/www.bellunopress.it\/","name":"Bellunopress - Dolomiti","description":"e-mail: redazione@bellunopress.it","publisher":{"@id":"https:\/\/www.bellunopress.it\/#organization"},"potentialAction":[{"@type":"SearchAction","target":{"@type":"EntryPoint","urlTemplate":"https:\/\/www.bellunopress.it\/?s={search_term_string}"},"query-input":{"@type":"PropertyValueSpecification","valueRequired":true,"valueName":"search_term_string"}}],"inLanguage":"fr-FR"},{"@type":"Organization","@id":"https:\/\/www.bellunopress.it\/#organization","name":"Bellunopress","url":"https:\/\/www.bellunopress.it\/","logo":{"@type":"ImageObject","inLanguage":"fr-FR","@id":"https:\/\/www.bellunopress.it\/#\/schema\/logo\/image\/","url":"https:\/\/www.bellunopress.it\/wp-content\/uploads\/2011\/05\/cropped-logo-bellunopress-.jpg","contentUrl":"https:\/\/www.bellunopress.it\/wp-content\/uploads\/2011\/05\/cropped-logo-bellunopress-.jpg","width":512,"height":512,"caption":"Bellunopress"},"image":{"@id":"https:\/\/www.bellunopress.it\/#\/schema\/logo\/image\/"},"sameAs":["https:\/\/www.facebook.com\/profile.php?id=100008943462799","https:\/\/x.com\/bellunopress","https:\/\/www.linkedin.com\/hp\/?dnr=JBzUWaJfMUw8vbXJJ2tVW5-I3jZKvC4wsoxE&amp;amp;amp;amp;amp;amp;trk=nav_responsive_tab_home","https:\/\/www.youtube.com\/channel\/UCxL0wu1uN0_3_7hGG0306cw"]},{"@type":"Person","@id":"https:\/\/www.bellunopress.it\/#\/schema\/person\/79bb06722b37ece1c03d3e94beb30d73","name":"r\u00e9daction","image":{"@type":"ImageObject","inLanguage":"fr-FR","@id":"https:\/\/secure.gravatar.com\/avatar\/37d968a2e67a6fd04c169c4bdef102d0bc5d31b2546345219e348575eb80e9a0?s=96&d=mm&r=g","url":"https:\/\/secure.gravatar.com\/avatar\/37d968a2e67a6fd04c169c4bdef102d0bc5d31b2546345219e348575eb80e9a0?s=96&d=mm&r=g","contentUrl":"https:\/\/secure.gravatar.com\/avatar\/37d968a2e67a6fd04c169c4bdef102d0bc5d31b2546345219e348575eb80e9a0?s=96&d=mm&r=g","caption":"redazione"},"sameAs":["http:\/\/www.bellunopress.it","https:\/\/x.com\/bellunopress"],"url":"https:\/\/www.bellunopress.it\/fr\/author\/redazione\/"}]}},"_links":{"self":[{"href":"https:\/\/www.bellunopress.it\/fr\/wp-json\/wp\/v2\/posts\/170495","targetHints":{"allow":["GET"]}}],"collection":[{"href":"https:\/\/www.bellunopress.it\/fr\/wp-json\/wp\/v2\/posts"}],"about":[{"href":"https:\/\/www.bellunopress.it\/fr\/wp-json\/wp\/v2\/types\/post"}],"author":[{"embeddable":true,"href":"https:\/\/www.bellunopress.it\/fr\/wp-json\/wp\/v2\/users\/2"}],"replies":[{"embeddable":true,"href":"https:\/\/www.bellunopress.it\/fr\/wp-json\/wp\/v2\/comments?post=170495"}],"version-history":[{"count":1,"href":"https:\/\/www.bellunopress.it\/fr\/wp-json\/wp\/v2\/posts\/170495\/revisions"}],"predecessor-version":[{"id":170496,"href":"https:\/\/www.bellunopress.it\/fr\/wp-json\/wp\/v2\/posts\/170495\/revisions\/170496"}],"wp:featuredmedia":[{"embeddable":true,"href":"https:\/\/www.bellunopress.it\/fr\/wp-json\/wp\/v2\/media\/158615"}],"wp:attachment":[{"href":"https:\/\/www.bellunopress.it\/fr\/wp-json\/wp\/v2\/media?parent=170495"}],"wp:term":[{"taxonomy":"category","embeddable":true,"href":"https:\/\/www.bellunopress.it\/fr\/wp-json\/wp\/v2\/categories?post=170495"},{"taxonomy":"post_tag","embeddable":true,"href":"https:\/\/www.bellunopress.it\/fr\/wp-json\/wp\/v2\/tags?post=170495"}],"curies":[{"name":"wp","href":"https:\/\/api.w.org\/{rel}","templated":true}]}}