{"id":170492,"date":"2026-05-26T18:04:28","date_gmt":"2026-05-26T16:04:28","guid":{"rendered":"https:\/\/www.bellunopress.it\/?p=170492"},"modified":"2026-05-26T22:10:44","modified_gmt":"2026-05-26T20:10:44","slug":"sconfitta-e-responsabilita-luca-frescura-si-dimette-da-giovanifuturo","status":"publish","type":"post","link":"https:\/\/www.bellunopress.it\/fr\/2026\/05\/26\/sconfitta-e-responsabilita-luca-frescura-si-dimette-da-giovanifuturo\/","title":{"rendered":"Sconfitta e responsabilit\u00e0: Luca Frescura si dimette da Giovani&#038;Futuro"},"content":{"rendered":"<p data-path-to-node=\"1\"><b data-path-to-node=\"1\" data-index-in-node=\"0\">In un panorama politico italiano spesso segnato dall&#8217;attaccamento alla poltrona, il gesto del fondatore dell&#8217;associazione giovanile rappresenta un raro esempio di &#8220;onore delle armi&#8221; e coerenza etica.<\/b><\/p>\n<p data-path-to-node=\"3\">In un\u2019epoca politica in cui la sconfitta viene quasi sempre camuffata da &#8220;vittoria morale&#8221; o giustificata attraverso complessi calcoli algebrici, il passo indietro di Luca Frescura scuote le consuetudini del nostro Paese. Dopo l&#8217;esito delle ultime elezioni comunali, il fondatore e Presidente nazionale di Giovani&amp;Futuro ha rassegnato ufficialmente le proprie dimissioni, trasformando una debacle elettorale in una lezione di stile istituzionale.<\/p>\n<p data-path-to-node=\"5\">Le parole di Frescura sono nette, prive di quei giri di parole tipici del politichese nostrano: <span style=\"color: #111111; font-family: Roboto, sans-serif; font-size: 16px; font-style: italic;\">&#8220;A casa mi hanno insegnato che quando si perde ci si assume le proprie responsabilit\u00e0. Ho perso le elezioni da Sindaco: si tratta di una sconfitta e deve essere chiamata con il suo nome.&#8221;<\/span><\/p>\n<p data-path-to-node=\"7\">Nonostante i dati parlino di un aumento dei voti rispetto alla tornata precedente, Frescura rifiuta di rifugiarsi nelle statistiche per difendere la propria posizione. Una scelta che brilla per eccezionalit\u00e0 in un\u2019Italia dove, solitamente, anche i crolli elettorali pi\u00f9 evidenti vengono gestiti con rimpasti o silenzi strategici, pur di non abbandonare il timone.<\/p>\n<p data-path-to-node=\"9\">Il dimissionario non risparmia una stoccata a chi pratica una filosofia opposta, citando chi, pur perdendo pesantemente a livello locale (come nelle provinciali), resta &#8220;attaccato alla sedia&#8221;.<\/p>\n<blockquote data-path-to-node=\"10\">\n<h6 style=\"text-align: left;\" data-path-to-node=\"10,0\">&#8220;Non cerco capri espiatori,&#8221; sottolinea Frescura, &#8220;ho sempre combattuto questo tipo di politica e continuer\u00f2 a farlo.&#8221;<\/h6>\n<\/blockquote>\n<p data-path-to-node=\"11\">Rimettere un mandato nazionale per un insuccesso locale non \u00e8 solo un atto di coerenza, ma un segnale rivolto all&#8217;intera classe dirigente: la credibilit\u00e0 di un leader si misura anche, e soprattutto, dalla capacit\u00e0 di fare un passo di lato quando il consenso viene meno.<\/p>\n<p data-path-to-node=\"13\">Mentre l\u2019associazione si prepara a un nuovo corso sotto la guida temporanea del Vicepresidente Thomas Menia Corbanese, i numeri di Giovani&amp;Futuro restano solidi. L\u2019organizzazione ha aumentato il numero di Sindaci e Consiglieri comunali sul territorio nazionale, confermandosi una realt\u00e0 in crescita.<\/p>\n<p data-path-to-node=\"14\">Corbanese ha commentato con forza il gesto del suo predecessore:<\/p>\n<ul data-path-to-node=\"15\">\n<li>\n<p data-path-to-node=\"15,0,0\">Esempio di servizio: &#8220;Luca ha dimostrato che l&#8217;et\u00e0 \u00e8 solo un dato anagrafico. Quanti politici di lungo corso metterebbero in discussione un ruolo nazionale dopo una sconfitta locale?&#8221;<\/p>\n<\/li>\n<li>\n<p data-path-to-node=\"15,1,0\">Leadership riconosciuta: Nonostante le dimissioni, la base sembra intenzionata a restare compatta.<\/p>\n<\/li>\n<\/ul>\n<p data-path-to-node=\"17\">Le nuove elezioni per la presidenza si terranno nei primi giorni di giugno. Sebbene Frescura abbia scelto la via dell&#8217;abdicazione per onore del risultato, il clima che si respira tra i soci suggerisce una possibile riconferma. Il suo gesto, per\u00f2, resta scolpito: in un Paese che fatica a rinnovarsi, la vera rivoluzione di Frescura \u00e8 stata quella di ricordare che la politica \u00e8, prima di tutto, responsabilit\u00e0 personale.<\/p>","protected":false},"excerpt":{"rendered":"<p>In un panorama politico italiano spesso segnato dall&#8217;attaccamento alla poltrona, il gesto del fondatore dell&#8217;associazione giovanile rappresenta un raro esempio di &#8220;onore delle armi&#8221; e coerenza etica. In un\u2019epoca politica in cui la sconfitta viene quasi sempre camuffata da &#8220;vittoria morale&#8221; o giustificata attraverso complessi calcoli algebrici, il passo indietro di Luca Frescura scuote le [&hellip;]<\/p>\n","protected":false},"author":2,"featured_media":170493,"comment_status":"closed","ping_status":"open","sticky":false,"template":"","format":"standard","meta":{"footnotes":""},"categories":[5,26],"tags":[],"class_list":["post-170492","post","type-post","status-publish","format-standard","has-post-thumbnail","category-cronaca","category-prima-pagina"],"yoast_head":"<!-- This site is optimized with the Yoast SEO plugin v28.4 - https:\/\/yoast.com\/product\/yoast-seo-wordpress\/ -->\n<title>Sconfitta e responsabilit\u00e0: Luca Frescura si dimette da Giovani&amp;Futuro - Bellunopress - Dolomiti<\/title>\n<meta name=\"robots\" content=\"index, follow, max-snippet:-1, max-image-preview:large, max-video-preview:-1\" \/>\n<link rel=\"canonical\" href=\"https:\/\/www.bellunopress.it\/fr\/2026\/05\/26\/sconfitta-e-responsabilita-luca-frescura-si-dimette-da-giovanifuturo\/\" \/>\n<meta property=\"og:locale\" content=\"fr_FR\" \/>\n<meta property=\"og:type\" content=\"article\" \/>\n<meta property=\"og:title\" content=\"Sconfitta e responsabilit\u00e0: Luca Frescura si dimette da Giovani&amp;Futuro - Bellunopress - Dolomiti\" \/>\n<meta property=\"og:description\" content=\"In un panorama politico italiano spesso segnato dall&#8217;attaccamento alla poltrona, il gesto del fondatore dell&#8217;associazione giovanile rappresenta un raro esempio di &#8220;onore delle armi&#8221; e coerenza etica. In un\u2019epoca politica in cui la sconfitta viene quasi sempre camuffata da &#8220;vittoria morale&#8221; o giustificata attraverso complessi calcoli algebrici, il passo indietro di Luca Frescura scuote le [&hellip;]\" \/>\n<meta property=\"og:url\" content=\"https:\/\/www.bellunopress.it\/fr\/2026\/05\/26\/sconfitta-e-responsabilita-luca-frescura-si-dimette-da-giovanifuturo\/\" \/>\n<meta property=\"og:site_name\" content=\"Bellunopress - Dolomiti\" \/>\n<meta property=\"article:publisher\" content=\"https:\/\/www.facebook.com\/profile.php?id=100008943462799\" \/>\n<meta property=\"article:published_time\" content=\"2026-05-26T16:04:28+00:00\" \/>\n<meta property=\"article:modified_time\" content=\"2026-05-26T20:10:44+00:00\" \/>\n<meta property=\"og:image\" content=\"https:\/\/www.bellunopress.it\/wp-content\/uploads\/2026\/05\/Luca-Frescura-GiovaniFuturo.jpg\" \/>\n\t<meta property=\"og:image:width\" content=\"500\" \/>\n\t<meta property=\"og:image:height\" content=\"445\" \/>\n\t<meta property=\"og:image:type\" content=\"image\/jpeg\" \/>\n<meta name=\"author\" content=\"redazione\" \/>\n<meta name=\"twitter:card\" content=\"summary_large_image\" \/>\n<meta name=\"twitter:creator\" content=\"@bellunopress\" \/>\n<meta name=\"twitter:site\" content=\"@bellunopress\" \/>\n<meta name=\"twitter:label1\" content=\"\u00c9crit par\" \/>\n\t<meta name=\"twitter:data1\" content=\"redazione\" \/>\n\t<meta name=\"twitter:label2\" content=\"Dur\u00e9e de lecture estim\u00e9e\" \/>\n\t<meta name=\"twitter:data2\" content=\"3 minutes\" \/>\n<script type=\"application\/ld+json\" class=\"yoast-schema-graph\">{\"@context\":\"https:\\\/\\\/schema.org\",\"@graph\":[{\"@type\":\"Article\",\"@id\":\"https:\\\/\\\/www.bellunopress.it\\\/2026\\\/05\\\/26\\\/sconfitta-e-responsabilita-luca-frescura-si-dimette-da-giovanifuturo\\\/#article\",\"isPartOf\":{\"@id\":\"https:\\\/\\\/www.bellunopress.it\\\/2026\\\/05\\\/26\\\/sconfitta-e-responsabilita-luca-frescura-si-dimette-da-giovanifuturo\\\/\"},\"author\":{\"name\":\"redazione\",\"@id\":\"https:\\\/\\\/www.bellunopress.it\\\/#\\\/schema\\\/person\\\/79bb06722b37ece1c03d3e94beb30d73\"},\"headline\":\"Sconfitta e responsabilit\u00e0: Luca Frescura si dimette da Giovani&#038;Futuro\",\"datePublished\":\"2026-05-26T16:04:28+00:00\",\"dateModified\":\"2026-05-26T20:10:44+00:00\",\"mainEntityOfPage\":{\"@id\":\"https:\\\/\\\/www.bellunopress.it\\\/2026\\\/05\\\/26\\\/sconfitta-e-responsabilita-luca-frescura-si-dimette-da-giovanifuturo\\\/\"},\"wordCount\":459,\"publisher\":{\"@id\":\"https:\\\/\\\/www.bellunopress.it\\\/#organization\"},\"image\":{\"@id\":\"https:\\\/\\\/www.bellunopress.it\\\/2026\\\/05\\\/26\\\/sconfitta-e-responsabilita-luca-frescura-si-dimette-da-giovanifuturo\\\/#primaryimage\"},\"thumbnailUrl\":\"https:\\\/\\\/www.bellunopress.it\\\/wp-content\\\/uploads\\\/2026\\\/05\\\/Luca-Frescura-GiovaniFuturo.jpg\",\"articleSection\":[\"Cronaca\\\/Politica\",\"Prima Pagina\"],\"inLanguage\":\"fr-FR\"},{\"@type\":\"WebPage\",\"@id\":\"https:\\\/\\\/www.bellunopress.it\\\/2026\\\/05\\\/26\\\/sconfitta-e-responsabilita-luca-frescura-si-dimette-da-giovanifuturo\\\/\",\"url\":\"https:\\\/\\\/www.bellunopress.it\\\/2026\\\/05\\\/26\\\/sconfitta-e-responsabilita-luca-frescura-si-dimette-da-giovanifuturo\\\/\",\"name\":\"Sconfitta e responsabilit\u00e0: Luca Frescura si dimette da Giovani&Futuro - Bellunopress - Dolomiti\",\"isPartOf\":{\"@id\":\"https:\\\/\\\/www.bellunopress.it\\\/#website\"},\"primaryImageOfPage\":{\"@id\":\"https:\\\/\\\/www.bellunopress.it\\\/2026\\\/05\\\/26\\\/sconfitta-e-responsabilita-luca-frescura-si-dimette-da-giovanifuturo\\\/#primaryimage\"},\"image\":{\"@id\":\"https:\\\/\\\/www.bellunopress.it\\\/2026\\\/05\\\/26\\\/sconfitta-e-responsabilita-luca-frescura-si-dimette-da-giovanifuturo\\\/#primaryimage\"},\"thumbnailUrl\":\"https:\\\/\\\/www.bellunopress.it\\\/wp-content\\\/uploads\\\/2026\\\/05\\\/Luca-Frescura-GiovaniFuturo.jpg\",\"datePublished\":\"2026-05-26T16:04:28+00:00\",\"dateModified\":\"2026-05-26T20:10:44+00:00\",\"breadcrumb\":{\"@id\":\"https:\\\/\\\/www.bellunopress.it\\\/2026\\\/05\\\/26\\\/sconfitta-e-responsabilita-luca-frescura-si-dimette-da-giovanifuturo\\\/#breadcrumb\"},\"inLanguage\":\"fr-FR\",\"potentialAction\":[{\"@type\":\"ReadAction\",\"target\":[\"https:\\\/\\\/www.bellunopress.it\\\/2026\\\/05\\\/26\\\/sconfitta-e-responsabilita-luca-frescura-si-dimette-da-giovanifuturo\\\/\"]}]},{\"@type\":\"ImageObject\",\"inLanguage\":\"fr-FR\",\"@id\":\"https:\\\/\\\/www.bellunopress.it\\\/2026\\\/05\\\/26\\\/sconfitta-e-responsabilita-luca-frescura-si-dimette-da-giovanifuturo\\\/#primaryimage\",\"url\":\"https:\\\/\\\/www.bellunopress.it\\\/wp-content\\\/uploads\\\/2026\\\/05\\\/Luca-Frescura-GiovaniFuturo.jpg\",\"contentUrl\":\"https:\\\/\\\/www.bellunopress.it\\\/wp-content\\\/uploads\\\/2026\\\/05\\\/Luca-Frescura-GiovaniFuturo.jpg\",\"width\":500,\"height\":445,\"caption\":\"Luca Frescura, presidente di Giovani&Futuro\"},{\"@type\":\"BreadcrumbList\",\"@id\":\"https:\\\/\\\/www.bellunopress.it\\\/2026\\\/05\\\/26\\\/sconfitta-e-responsabilita-luca-frescura-si-dimette-da-giovanifuturo\\\/#breadcrumb\",\"itemListElement\":[{\"@type\":\"ListItem\",\"position\":1,\"name\":\"Home\",\"item\":\"https:\\\/\\\/www.bellunopress.it\\\/\"},{\"@type\":\"ListItem\",\"position\":2,\"name\":\"Sconfitta e responsabilit\u00e0: Luca Frescura si dimette da Giovani&#038;Futuro\"}]},{\"@type\":\"WebSite\",\"@id\":\"https:\\\/\\\/www.bellunopress.it\\\/#website\",\"url\":\"https:\\\/\\\/www.bellunopress.it\\\/\",\"name\":\"Bellunopress - Dolomiti\",\"description\":\"e-mail: redazione@bellunopress.it\",\"publisher\":{\"@id\":\"https:\\\/\\\/www.bellunopress.it\\\/#organization\"},\"potentialAction\":[{\"@type\":\"SearchAction\",\"target\":{\"@type\":\"EntryPoint\",\"urlTemplate\":\"https:\\\/\\\/www.bellunopress.it\\\/?s={search_term_string}\"},\"query-input\":{\"@type\":\"PropertyValueSpecification\",\"valueRequired\":true,\"valueName\":\"search_term_string\"}}],\"inLanguage\":\"fr-FR\"},{\"@type\":\"Organization\",\"@id\":\"https:\\\/\\\/www.bellunopress.it\\\/#organization\",\"name\":\"Bellunopress\",\"url\":\"https:\\\/\\\/www.bellunopress.it\\\/\",\"logo\":{\"@type\":\"ImageObject\",\"inLanguage\":\"fr-FR\",\"@id\":\"https:\\\/\\\/www.bellunopress.it\\\/#\\\/schema\\\/logo\\\/image\\\/\",\"url\":\"https:\\\/\\\/www.bellunopress.it\\\/wp-content\\\/uploads\\\/2011\\\/05\\\/cropped-logo-bellunopress-.jpg\",\"contentUrl\":\"https:\\\/\\\/www.bellunopress.it\\\/wp-content\\\/uploads\\\/2011\\\/05\\\/cropped-logo-bellunopress-.jpg\",\"width\":512,\"height\":512,\"caption\":\"Bellunopress\"},\"image\":{\"@id\":\"https:\\\/\\\/www.bellunopress.it\\\/#\\\/schema\\\/logo\\\/image\\\/\"},\"sameAs\":[\"https:\\\/\\\/www.facebook.com\\\/profile.php?id=100008943462799\",\"https:\\\/\\\/x.com\\\/bellunopress\",\"https:\\\/\\\/www.linkedin.com\\\/hp\\\/?dnr=JBzUWaJfMUw8vbXJJ2tVW5-I3jZKvC4wsoxE&amp;amp;amp;amp;amp;amp;trk=nav_responsive_tab_home\",\"https:\\\/\\\/www.youtube.com\\\/channel\\\/UCxL0wu1uN0_3_7hGG0306cw\"]},{\"@type\":\"Person\",\"@id\":\"https:\\\/\\\/www.bellunopress.it\\\/#\\\/schema\\\/person\\\/79bb06722b37ece1c03d3e94beb30d73\",\"name\":\"redazione\",\"image\":{\"@type\":\"ImageObject\",\"inLanguage\":\"fr-FR\",\"@id\":\"https:\\\/\\\/secure.gravatar.com\\\/avatar\\\/37d968a2e67a6fd04c169c4bdef102d0bc5d31b2546345219e348575eb80e9a0?s=96&d=mm&r=g\",\"url\":\"https:\\\/\\\/secure.gravatar.com\\\/avatar\\\/37d968a2e67a6fd04c169c4bdef102d0bc5d31b2546345219e348575eb80e9a0?s=96&d=mm&r=g\",\"contentUrl\":\"https:\\\/\\\/secure.gravatar.com\\\/avatar\\\/37d968a2e67a6fd04c169c4bdef102d0bc5d31b2546345219e348575eb80e9a0?s=96&d=mm&r=g\",\"caption\":\"redazione\"},\"sameAs\":[\"http:\\\/\\\/www.bellunopress.it\",\"https:\\\/\\\/x.com\\\/bellunopress\"],\"url\":\"https:\\\/\\\/www.bellunopress.it\\\/fr\\\/author\\\/redazione\\\/\"}]}<\/script>\n<!-- \/ Yoast SEO plugin. -->","yoast_head_json":{"title":"Sconfitta e responsabilit\u00e0: Luca Frescura si dimette da Giovani&Futuro - Bellunopress - Dolomiti","robots":{"index":"index","follow":"follow","max-snippet":"max-snippet:-1","max-image-preview":"max-image-preview:large","max-video-preview":"max-video-preview:-1"},"canonical":"https:\/\/www.bellunopress.it\/fr\/2026\/05\/26\/sconfitta-e-responsabilita-luca-frescura-si-dimette-da-giovanifuturo\/","og_locale":"fr_FR","og_type":"article","og_title":"Sconfitta e responsabilit\u00e0: Luca Frescura si dimette da Giovani&Futuro - Bellunopress - Dolomiti","og_description":"In un panorama politico italiano spesso segnato dall&#8217;attaccamento alla poltrona, il gesto del fondatore dell&#8217;associazione giovanile rappresenta un raro esempio di &#8220;onore delle armi&#8221; e coerenza etica. In un\u2019epoca politica in cui la sconfitta viene quasi sempre camuffata da &#8220;vittoria morale&#8221; o giustificata attraverso complessi calcoli algebrici, il passo indietro di Luca Frescura scuote le [&hellip;]","og_url":"https:\/\/www.bellunopress.it\/fr\/2026\/05\/26\/sconfitta-e-responsabilita-luca-frescura-si-dimette-da-giovanifuturo\/","og_site_name":"Bellunopress - Dolomiti","article_publisher":"https:\/\/www.facebook.com\/profile.php?id=100008943462799","article_published_time":"2026-05-26T16:04:28+00:00","article_modified_time":"2026-05-26T20:10:44+00:00","og_image":[{"width":500,"height":445,"url":"https:\/\/www.bellunopress.it\/wp-content\/uploads\/2026\/05\/Luca-Frescura-GiovaniFuturo.jpg","type":"image\/jpeg"}],"author":"redazione","twitter_card":"summary_large_image","twitter_creator":"@bellunopress","twitter_site":"@bellunopress","twitter_misc":{"\u00c9crit par":"redazione","Dur\u00e9e de lecture estim\u00e9e":"3 minutes"},"schema":{"@context":"https:\/\/schema.org","@graph":[{"@type":"Article","@id":"https:\/\/www.bellunopress.it\/2026\/05\/26\/sconfitta-e-responsabilita-luca-frescura-si-dimette-da-giovanifuturo\/#article","isPartOf":{"@id":"https:\/\/www.bellunopress.it\/2026\/05\/26\/sconfitta-e-responsabilita-luca-frescura-si-dimette-da-giovanifuturo\/"},"author":{"name":"redazione","@id":"https:\/\/www.bellunopress.it\/#\/schema\/person\/79bb06722b37ece1c03d3e94beb30d73"},"headline":"Sconfitta e responsabilit\u00e0: Luca Frescura si dimette da Giovani&#038;Futuro","datePublished":"2026-05-26T16:04:28+00:00","dateModified":"2026-05-26T20:10:44+00:00","mainEntityOfPage":{"@id":"https:\/\/www.bellunopress.it\/2026\/05\/26\/sconfitta-e-responsabilita-luca-frescura-si-dimette-da-giovanifuturo\/"},"wordCount":459,"publisher":{"@id":"https:\/\/www.bellunopress.it\/#organization"},"image":{"@id":"https:\/\/www.bellunopress.it\/2026\/05\/26\/sconfitta-e-responsabilita-luca-frescura-si-dimette-da-giovanifuturo\/#primaryimage"},"thumbnailUrl":"https:\/\/www.bellunopress.it\/wp-content\/uploads\/2026\/05\/Luca-Frescura-GiovaniFuturo.jpg","articleSection":["Cronaca\/Politica","Prima Pagina"],"inLanguage":"fr-FR"},{"@type":"WebPage","@id":"https:\/\/www.bellunopress.it\/2026\/05\/26\/sconfitta-e-responsabilita-luca-frescura-si-dimette-da-giovanifuturo\/","url":"https:\/\/www.bellunopress.it\/2026\/05\/26\/sconfitta-e-responsabilita-luca-frescura-si-dimette-da-giovanifuturo\/","name":"Sconfitta e responsabilit\u00e0: Luca Frescura si dimette da Giovani&Futuro - Bellunopress - Dolomiti","isPartOf":{"@id":"https:\/\/www.bellunopress.it\/#website"},"primaryImageOfPage":{"@id":"https:\/\/www.bellunopress.it\/2026\/05\/26\/sconfitta-e-responsabilita-luca-frescura-si-dimette-da-giovanifuturo\/#primaryimage"},"image":{"@id":"https:\/\/www.bellunopress.it\/2026\/05\/26\/sconfitta-e-responsabilita-luca-frescura-si-dimette-da-giovanifuturo\/#primaryimage"},"thumbnailUrl":"https:\/\/www.bellunopress.it\/wp-content\/uploads\/2026\/05\/Luca-Frescura-GiovaniFuturo.jpg","datePublished":"2026-05-26T16:04:28+00:00","dateModified":"2026-05-26T20:10:44+00:00","breadcrumb":{"@id":"https:\/\/www.bellunopress.it\/2026\/05\/26\/sconfitta-e-responsabilita-luca-frescura-si-dimette-da-giovanifuturo\/#breadcrumb"},"inLanguage":"fr-FR","potentialAction":[{"@type":"ReadAction","target":["https:\/\/www.bellunopress.it\/2026\/05\/26\/sconfitta-e-responsabilita-luca-frescura-si-dimette-da-giovanifuturo\/"]}]},{"@type":"ImageObject","inLanguage":"fr-FR","@id":"https:\/\/www.bellunopress.it\/2026\/05\/26\/sconfitta-e-responsabilita-luca-frescura-si-dimette-da-giovanifuturo\/#primaryimage","url":"https:\/\/www.bellunopress.it\/wp-content\/uploads\/2026\/05\/Luca-Frescura-GiovaniFuturo.jpg","contentUrl":"https:\/\/www.bellunopress.it\/wp-content\/uploads\/2026\/05\/Luca-Frescura-GiovaniFuturo.jpg","width":500,"height":445,"caption":"Luca Frescura, presidente di Giovani&Futuro"},{"@type":"BreadcrumbList","@id":"https:\/\/www.bellunopress.it\/2026\/05\/26\/sconfitta-e-responsabilita-luca-frescura-si-dimette-da-giovanifuturo\/#breadcrumb","itemListElement":[{"@type":"ListItem","position":1,"name":"Home","item":"https:\/\/www.bellunopress.it\/"},{"@type":"ListItem","position":2,"name":"Sconfitta e responsabilit\u00e0: Luca Frescura si dimette da Giovani&#038;Futuro"}]},{"@type":"WebSite","@id":"https:\/\/www.bellunopress.it\/#website","url":"https:\/\/www.bellunopress.it\/","name":"Bellunopress - Dolomiti","description":"e-mail: redazione@bellunopress.it","publisher":{"@id":"https:\/\/www.bellunopress.it\/#organization"},"potentialAction":[{"@type":"SearchAction","target":{"@type":"EntryPoint","urlTemplate":"https:\/\/www.bellunopress.it\/?s={search_term_string}"},"query-input":{"@type":"PropertyValueSpecification","valueRequired":true,"valueName":"search_term_string"}}],"inLanguage":"fr-FR"},{"@type":"Organization","@id":"https:\/\/www.bellunopress.it\/#organization","name":"Bellunopress","url":"https:\/\/www.bellunopress.it\/","logo":{"@type":"ImageObject","inLanguage":"fr-FR","@id":"https:\/\/www.bellunopress.it\/#\/schema\/logo\/image\/","url":"https:\/\/www.bellunopress.it\/wp-content\/uploads\/2011\/05\/cropped-logo-bellunopress-.jpg","contentUrl":"https:\/\/www.bellunopress.it\/wp-content\/uploads\/2011\/05\/cropped-logo-bellunopress-.jpg","width":512,"height":512,"caption":"Bellunopress"},"image":{"@id":"https:\/\/www.bellunopress.it\/#\/schema\/logo\/image\/"},"sameAs":["https:\/\/www.facebook.com\/profile.php?id=100008943462799","https:\/\/x.com\/bellunopress","https:\/\/www.linkedin.com\/hp\/?dnr=JBzUWaJfMUw8vbXJJ2tVW5-I3jZKvC4wsoxE&amp;amp;amp;amp;amp;amp;trk=nav_responsive_tab_home","https:\/\/www.youtube.com\/channel\/UCxL0wu1uN0_3_7hGG0306cw"]},{"@type":"Person","@id":"https:\/\/www.bellunopress.it\/#\/schema\/person\/79bb06722b37ece1c03d3e94beb30d73","name":"r\u00e9daction","image":{"@type":"ImageObject","inLanguage":"fr-FR","@id":"https:\/\/secure.gravatar.com\/avatar\/37d968a2e67a6fd04c169c4bdef102d0bc5d31b2546345219e348575eb80e9a0?s=96&d=mm&r=g","url":"https:\/\/secure.gravatar.com\/avatar\/37d968a2e67a6fd04c169c4bdef102d0bc5d31b2546345219e348575eb80e9a0?s=96&d=mm&r=g","contentUrl":"https:\/\/secure.gravatar.com\/avatar\/37d968a2e67a6fd04c169c4bdef102d0bc5d31b2546345219e348575eb80e9a0?s=96&d=mm&r=g","caption":"redazione"},"sameAs":["http:\/\/www.bellunopress.it","https:\/\/x.com\/bellunopress"],"url":"https:\/\/www.bellunopress.it\/fr\/author\/redazione\/"}]}},"_links":{"self":[{"href":"https:\/\/www.bellunopress.it\/fr\/wp-json\/wp\/v2\/posts\/170492","targetHints":{"allow":["GET"]}}],"collection":[{"href":"https:\/\/www.bellunopress.it\/fr\/wp-json\/wp\/v2\/posts"}],"about":[{"href":"https:\/\/www.bellunopress.it\/fr\/wp-json\/wp\/v2\/types\/post"}],"author":[{"embeddable":true,"href":"https:\/\/www.bellunopress.it\/fr\/wp-json\/wp\/v2\/users\/2"}],"replies":[{"embeddable":true,"href":"https:\/\/www.bellunopress.it\/fr\/wp-json\/wp\/v2\/comments?post=170492"}],"version-history":[{"count":1,"href":"https:\/\/www.bellunopress.it\/fr\/wp-json\/wp\/v2\/posts\/170492\/revisions"}],"predecessor-version":[{"id":170494,"href":"https:\/\/www.bellunopress.it\/fr\/wp-json\/wp\/v2\/posts\/170492\/revisions\/170494"}],"wp:featuredmedia":[{"embeddable":true,"href":"https:\/\/www.bellunopress.it\/fr\/wp-json\/wp\/v2\/media\/170493"}],"wp:attachment":[{"href":"https:\/\/www.bellunopress.it\/fr\/wp-json\/wp\/v2\/media?parent=170492"}],"wp:term":[{"taxonomy":"category","embeddable":true,"href":"https:\/\/www.bellunopress.it\/fr\/wp-json\/wp\/v2\/categories?post=170492"},{"taxonomy":"post_tag","embeddable":true,"href":"https:\/\/www.bellunopress.it\/fr\/wp-json\/wp\/v2\/tags?post=170492"}],"curies":[{"name":"wp","href":"https:\/\/api.w.org\/{rel}","templated":true}]}}