{"id":170482,"date":"2026-05-26T15:18:13","date_gmt":"2026-05-26T13:18:13","guid":{"rendered":"https:\/\/www.bellunopress.it\/?p=170482"},"modified":"2026-05-26T19:57:01","modified_gmt":"2026-05-26T17:57:01","slug":"intervento-nella-notte-sulle-cinque-torri","status":"publish","type":"post","link":"https:\/\/www.bellunopress.it\/fr\/2026\/05\/26\/intervento-nella-notte-sulle-cinque-torri\/","title":{"rendered":"Intervento nella notte sulle Cinque Torri. Soccorsa una coppia sulla Ferrata della memoria"},"content":{"rendered":"<p>Cortina d&#8217;Ampezzo (BL), 26 &#8211; 05 &#8211; 2026\u00a0 \u00a0&#8211;\u00a0 Primo intervento in parete in assetto notturno per l&#8217;elicottero di Treviso emergenza questa notte. Verso mezzanotte e mezza la Centrale del 118 di Pieve di Cadore ha segnalato una cordata in difficolt\u00e0 sulla Torre Grande delle Cinque Torri.<\/p>\n<p>In particolare uno dei due alpinisti era appeso nel vuoto sull&#8217;imbrago e si temeva l&#8217;insorgenza della sindrome da sospensione. L&#8217;eliambulanza, che si trovava ad Auronzo di Cadore per un&#8217;altra missione, \u00e8 quindi volata sotto le Cinque Torri, per fare campo base e lasciare medico e infermiere a terra. Di seguito l&#8217;elicottero si \u00e8 alzato in volo, si \u00e8 avvicinato alla parete e ha calato con un verricello di 60 metri il tecnico di elisoccorso, che ha provveduto per primo al recupero del 25enne tedesco che si trovava sospeso, pi\u00f9 in basso rispetto al compagno. In una seconda rotazione l&#8217;elicottero ha agganciato il connazionale di 18 anni, fermo in sosta 45 metri pi\u00f9 in alto.<\/p>\n<p>Entrambi sono stati trasportati al campo base, dove l&#8217;equipe medica ne ha valutato le condizioni. Stavano bene, sebbene infraddoliti, e sono rientrati con i propri mezzi. All&#8217;origine dell&#8217;emergenza un imprevisto nel rientro: i due alpinisti si stavano infatti calando dalla Cima Grande quando le corde delle doppie erano rimaste incastrate nella roccia e loro non erano riusciti a liberarsi.<\/p>\n<h2 class=\"subject\">Soccorso sulla Ferrata della memoria<\/h2>\n<p>Longarone (BL), 26 &#8211; 05 &#8211; 2026\u00a0 \u00a0 Alle 12.40 circa il Soccorso alpino di Longarone ha ricevuto l&#8217;allerta, per un&#8217;escursionista in difficolt\u00e0 lungo la Ferrata della memoria. La 42enne di Mirano (VE), che stava salendo l&#8217;itinerario attrezzato assieme al compagno, era arrivata nel tratto verticale a 50 metri dall&#8217;uscita di emergenza all&#8217;altezza delle gallerie, e complici il caldo torrido e la fatica, non riusciva pi\u00f9 a progredire. Una squadra ha quindi raggiunto la coppia e, dopo aver assicurato a s\u00e9 la donna, uno dei soccorritori l&#8217;ha aiutata a superare il tratto pi\u00f9 impegnativo, fino all&#8217;uscita nel bosco, sempre legata in corda corta. Arrivati sulla strada, li attendeva un&#8217;altra squadra con i mezzi. Dopo aver dato da bere agli escursionisti, i soccorritori li hanno riaccompagnati alla loro macchina.<\/p>\n<div dir=\"auto\">\n<h2>Crisi di panico, recuperate due escursioniste sulla ferrata<\/h2>\n<div dir=\"auto\">Cortina d&#8217;Ampezzo (BL), 26 &#8211; 05 &#8211; 2026\u00a0 \u00a0\u00a0Nel pomeriggio l&#8217;elicottero del Suem di Pieve di Cadore \u00e8 intervenuto a met\u00e0 della Ferrata Dibona al Cristallo, per un&#8217;escursionista in preda a una crisi di panico. La diciottenne tedesca si trovava a circa 2.700 metri di quota assieme a una coetanea connazionale, entrambe sprovviste di imbrago, casco e kit da ferrata, quando non \u00e8 stata pi\u00f9 in grado di muoversi per la paura. Individuato il punto in cui si trovavano, nelle vicinanze \u00e8 stato calato il tecnico di elisoccorso, che ha raggiunto le ragazze. Le due turiste sono state issate a bordo con un verricello di 5 metri e accompagnate al Codivilla.<\/div>\n<\/div>","protected":false},"excerpt":{"rendered":"<p>Cortina d&#8217;Ampezzo (BL), 26 &#8211; 05 &#8211; 2026\u00a0 \u00a0&#8211;\u00a0 Primo intervento in parete in assetto notturno per l&#8217;elicottero di Treviso emergenza questa notte. Verso mezzanotte e mezza la Centrale del 118 di Pieve di Cadore ha segnalato una cordata in difficolt\u00e0 sulla Torre Grande delle Cinque Torri. In particolare uno dei due alpinisti era appeso [&hellip;]<\/p>\n","protected":false},"author":2,"featured_media":170483,"comment_status":"closed","ping_status":"open","sticky":false,"template":"","format":"standard","meta":{"footnotes":""},"categories":[5,26],"tags":[],"class_list":["post-170482","post","type-post","status-publish","format-standard","has-post-thumbnail","category-cronaca","category-prima-pagina"],"yoast_head":"<!-- This site is optimized with the Yoast SEO plugin v28.4 - https:\/\/yoast.com\/product\/yoast-seo-wordpress\/ -->\n<title>Intervento nella notte sulle Cinque Torri. Soccorsa una coppia sulla Ferrata della memoria - Bellunopress - Dolomiti<\/title>\n<meta name=\"robots\" content=\"index, follow, max-snippet:-1, max-image-preview:large, max-video-preview:-1\" \/>\n<link rel=\"canonical\" href=\"https:\/\/www.bellunopress.it\/fr\/2026\/05\/26\/intervento-nella-notte-sulle-cinque-torri\/\" \/>\n<meta property=\"og:locale\" content=\"fr_FR\" \/>\n<meta property=\"og:type\" content=\"article\" \/>\n<meta property=\"og:title\" content=\"Intervento nella notte sulle Cinque Torri. Soccorsa una coppia sulla Ferrata della memoria - Bellunopress - Dolomiti\" \/>\n<meta property=\"og:description\" content=\"Cortina d&#8217;Ampezzo (BL), 26 &#8211; 05 &#8211; 2026\u00a0 \u00a0&#8211;\u00a0 Primo intervento in parete in assetto notturno per l&#8217;elicottero di Treviso emergenza questa notte. Verso mezzanotte e mezza la Centrale del 118 di Pieve di Cadore ha segnalato una cordata in difficolt\u00e0 sulla Torre Grande delle Cinque Torri. In particolare uno dei due alpinisti era appeso [&hellip;]\" \/>\n<meta property=\"og:url\" content=\"https:\/\/www.bellunopress.it\/fr\/2026\/05\/26\/intervento-nella-notte-sulle-cinque-torri\/\" \/>\n<meta property=\"og:site_name\" content=\"Bellunopress - Dolomiti\" \/>\n<meta property=\"article:publisher\" content=\"https:\/\/www.facebook.com\/profile.php?id=100008943462799\" \/>\n<meta property=\"article:published_time\" content=\"2026-05-26T13:18:13+00:00\" \/>\n<meta property=\"article:modified_time\" content=\"2026-05-26T17:57:01+00:00\" \/>\n<meta property=\"og:image\" content=\"https:\/\/www.bellunopress.it\/wp-content\/uploads\/2026\/05\/elicottero-118-Treviso.jpg\" \/>\n\t<meta property=\"og:image:width\" content=\"600\" \/>\n\t<meta property=\"og:image:height\" content=\"561\" \/>\n\t<meta property=\"og:image:type\" content=\"image\/jpeg\" \/>\n<meta name=\"author\" content=\"redazione\" \/>\n<meta name=\"twitter:card\" content=\"summary_large_image\" \/>\n<meta name=\"twitter:creator\" content=\"@bellunopress\" \/>\n<meta name=\"twitter:site\" content=\"@bellunopress\" \/>\n<meta name=\"twitter:label1\" content=\"\u00c9crit par\" \/>\n\t<meta name=\"twitter:data1\" content=\"redazione\" \/>\n\t<meta name=\"twitter:label2\" content=\"Dur\u00e9e de lecture estim\u00e9e\" \/>\n\t<meta name=\"twitter:data2\" content=\"3 minutes\" \/>\n<script type=\"application\/ld+json\" class=\"yoast-schema-graph\">{\"@context\":\"https:\\\/\\\/schema.org\",\"@graph\":[{\"@type\":\"Article\",\"@id\":\"https:\\\/\\\/www.bellunopress.it\\\/2026\\\/05\\\/26\\\/intervento-nella-notte-sulle-cinque-torri\\\/#article\",\"isPartOf\":{\"@id\":\"https:\\\/\\\/www.bellunopress.it\\\/2026\\\/05\\\/26\\\/intervento-nella-notte-sulle-cinque-torri\\\/\"},\"author\":{\"name\":\"redazione\",\"@id\":\"https:\\\/\\\/www.bellunopress.it\\\/#\\\/schema\\\/person\\\/79bb06722b37ece1c03d3e94beb30d73\"},\"headline\":\"Intervento nella notte sulle Cinque Torri. Soccorsa una coppia sulla Ferrata della memoria\",\"datePublished\":\"2026-05-26T13:18:13+00:00\",\"dateModified\":\"2026-05-26T17:57:01+00:00\",\"mainEntityOfPage\":{\"@id\":\"https:\\\/\\\/www.bellunopress.it\\\/2026\\\/05\\\/26\\\/intervento-nella-notte-sulle-cinque-torri\\\/\"},\"wordCount\":483,\"publisher\":{\"@id\":\"https:\\\/\\\/www.bellunopress.it\\\/#organization\"},\"image\":{\"@id\":\"https:\\\/\\\/www.bellunopress.it\\\/2026\\\/05\\\/26\\\/intervento-nella-notte-sulle-cinque-torri\\\/#primaryimage\"},\"thumbnailUrl\":\"https:\\\/\\\/www.bellunopress.it\\\/wp-content\\\/uploads\\\/2026\\\/05\\\/elicottero-118-Treviso.jpg\",\"articleSection\":[\"Cronaca\\\/Politica\",\"Prima Pagina\"],\"inLanguage\":\"fr-FR\"},{\"@type\":\"WebPage\",\"@id\":\"https:\\\/\\\/www.bellunopress.it\\\/2026\\\/05\\\/26\\\/intervento-nella-notte-sulle-cinque-torri\\\/\",\"url\":\"https:\\\/\\\/www.bellunopress.it\\\/2026\\\/05\\\/26\\\/intervento-nella-notte-sulle-cinque-torri\\\/\",\"name\":\"Intervento nella notte sulle Cinque Torri. Soccorsa una coppia sulla Ferrata della memoria - Bellunopress - Dolomiti\",\"isPartOf\":{\"@id\":\"https:\\\/\\\/www.bellunopress.it\\\/#website\"},\"primaryImageOfPage\":{\"@id\":\"https:\\\/\\\/www.bellunopress.it\\\/2026\\\/05\\\/26\\\/intervento-nella-notte-sulle-cinque-torri\\\/#primaryimage\"},\"image\":{\"@id\":\"https:\\\/\\\/www.bellunopress.it\\\/2026\\\/05\\\/26\\\/intervento-nella-notte-sulle-cinque-torri\\\/#primaryimage\"},\"thumbnailUrl\":\"https:\\\/\\\/www.bellunopress.it\\\/wp-content\\\/uploads\\\/2026\\\/05\\\/elicottero-118-Treviso.jpg\",\"datePublished\":\"2026-05-26T13:18:13+00:00\",\"dateModified\":\"2026-05-26T17:57:01+00:00\",\"breadcrumb\":{\"@id\":\"https:\\\/\\\/www.bellunopress.it\\\/2026\\\/05\\\/26\\\/intervento-nella-notte-sulle-cinque-torri\\\/#breadcrumb\"},\"inLanguage\":\"fr-FR\",\"potentialAction\":[{\"@type\":\"ReadAction\",\"target\":[\"https:\\\/\\\/www.bellunopress.it\\\/2026\\\/05\\\/26\\\/intervento-nella-notte-sulle-cinque-torri\\\/\"]}]},{\"@type\":\"ImageObject\",\"inLanguage\":\"fr-FR\",\"@id\":\"https:\\\/\\\/www.bellunopress.it\\\/2026\\\/05\\\/26\\\/intervento-nella-notte-sulle-cinque-torri\\\/#primaryimage\",\"url\":\"https:\\\/\\\/www.bellunopress.it\\\/wp-content\\\/uploads\\\/2026\\\/05\\\/elicottero-118-Treviso.jpg\",\"contentUrl\":\"https:\\\/\\\/www.bellunopress.it\\\/wp-content\\\/uploads\\\/2026\\\/05\\\/elicottero-118-Treviso.jpg\",\"width\":600,\"height\":561},{\"@type\":\"BreadcrumbList\",\"@id\":\"https:\\\/\\\/www.bellunopress.it\\\/2026\\\/05\\\/26\\\/intervento-nella-notte-sulle-cinque-torri\\\/#breadcrumb\",\"itemListElement\":[{\"@type\":\"ListItem\",\"position\":1,\"name\":\"Home\",\"item\":\"https:\\\/\\\/www.bellunopress.it\\\/\"},{\"@type\":\"ListItem\",\"position\":2,\"name\":\"Intervento nella notte sulle Cinque Torri. Soccorsa una coppia sulla Ferrata della memoria\"}]},{\"@type\":\"WebSite\",\"@id\":\"https:\\\/\\\/www.bellunopress.it\\\/#website\",\"url\":\"https:\\\/\\\/www.bellunopress.it\\\/\",\"name\":\"Bellunopress - Dolomiti\",\"description\":\"e-mail: redazione@bellunopress.it\",\"publisher\":{\"@id\":\"https:\\\/\\\/www.bellunopress.it\\\/#organization\"},\"potentialAction\":[{\"@type\":\"SearchAction\",\"target\":{\"@type\":\"EntryPoint\",\"urlTemplate\":\"https:\\\/\\\/www.bellunopress.it\\\/?s={search_term_string}\"},\"query-input\":{\"@type\":\"PropertyValueSpecification\",\"valueRequired\":true,\"valueName\":\"search_term_string\"}}],\"inLanguage\":\"fr-FR\"},{\"@type\":\"Organization\",\"@id\":\"https:\\\/\\\/www.bellunopress.it\\\/#organization\",\"name\":\"Bellunopress\",\"url\":\"https:\\\/\\\/www.bellunopress.it\\\/\",\"logo\":{\"@type\":\"ImageObject\",\"inLanguage\":\"fr-FR\",\"@id\":\"https:\\\/\\\/www.bellunopress.it\\\/#\\\/schema\\\/logo\\\/image\\\/\",\"url\":\"https:\\\/\\\/www.bellunopress.it\\\/wp-content\\\/uploads\\\/2011\\\/05\\\/cropped-logo-bellunopress-.jpg\",\"contentUrl\":\"https:\\\/\\\/www.bellunopress.it\\\/wp-content\\\/uploads\\\/2011\\\/05\\\/cropped-logo-bellunopress-.jpg\",\"width\":512,\"height\":512,\"caption\":\"Bellunopress\"},\"image\":{\"@id\":\"https:\\\/\\\/www.bellunopress.it\\\/#\\\/schema\\\/logo\\\/image\\\/\"},\"sameAs\":[\"https:\\\/\\\/www.facebook.com\\\/profile.php?id=100008943462799\",\"https:\\\/\\\/x.com\\\/bellunopress\",\"https:\\\/\\\/www.linkedin.com\\\/hp\\\/?dnr=JBzUWaJfMUw8vbXJJ2tVW5-I3jZKvC4wsoxE&amp;amp;amp;amp;amp;amp;trk=nav_responsive_tab_home\",\"https:\\\/\\\/www.youtube.com\\\/channel\\\/UCxL0wu1uN0_3_7hGG0306cw\"]},{\"@type\":\"Person\",\"@id\":\"https:\\\/\\\/www.bellunopress.it\\\/#\\\/schema\\\/person\\\/79bb06722b37ece1c03d3e94beb30d73\",\"name\":\"redazione\",\"image\":{\"@type\":\"ImageObject\",\"inLanguage\":\"fr-FR\",\"@id\":\"https:\\\/\\\/secure.gravatar.com\\\/avatar\\\/37d968a2e67a6fd04c169c4bdef102d0bc5d31b2546345219e348575eb80e9a0?s=96&d=mm&r=g\",\"url\":\"https:\\\/\\\/secure.gravatar.com\\\/avatar\\\/37d968a2e67a6fd04c169c4bdef102d0bc5d31b2546345219e348575eb80e9a0?s=96&d=mm&r=g\",\"contentUrl\":\"https:\\\/\\\/secure.gravatar.com\\\/avatar\\\/37d968a2e67a6fd04c169c4bdef102d0bc5d31b2546345219e348575eb80e9a0?s=96&d=mm&r=g\",\"caption\":\"redazione\"},\"sameAs\":[\"http:\\\/\\\/www.bellunopress.it\",\"https:\\\/\\\/x.com\\\/bellunopress\"],\"url\":\"https:\\\/\\\/www.bellunopress.it\\\/fr\\\/author\\\/redazione\\\/\"}]}<\/script>\n<!-- \/ Yoast SEO plugin. -->","yoast_head_json":{"title":"Intervento nella notte sulle Cinque Torri. Soccorsa una coppia sulla Ferrata della memoria - Bellunopress - Dolomiti","robots":{"index":"index","follow":"follow","max-snippet":"max-snippet:-1","max-image-preview":"max-image-preview:large","max-video-preview":"max-video-preview:-1"},"canonical":"https:\/\/www.bellunopress.it\/fr\/2026\/05\/26\/intervento-nella-notte-sulle-cinque-torri\/","og_locale":"fr_FR","og_type":"article","og_title":"Intervento nella notte sulle Cinque Torri. Soccorsa una coppia sulla Ferrata della memoria - Bellunopress - Dolomiti","og_description":"Cortina d&#8217;Ampezzo (BL), 26 &#8211; 05 &#8211; 2026\u00a0 \u00a0&#8211;\u00a0 Primo intervento in parete in assetto notturno per l&#8217;elicottero di Treviso emergenza questa notte. Verso mezzanotte e mezza la Centrale del 118 di Pieve di Cadore ha segnalato una cordata in difficolt\u00e0 sulla Torre Grande delle Cinque Torri. In particolare uno dei due alpinisti era appeso [&hellip;]","og_url":"https:\/\/www.bellunopress.it\/fr\/2026\/05\/26\/intervento-nella-notte-sulle-cinque-torri\/","og_site_name":"Bellunopress - Dolomiti","article_publisher":"https:\/\/www.facebook.com\/profile.php?id=100008943462799","article_published_time":"2026-05-26T13:18:13+00:00","article_modified_time":"2026-05-26T17:57:01+00:00","og_image":[{"width":600,"height":561,"url":"https:\/\/www.bellunopress.it\/wp-content\/uploads\/2026\/05\/elicottero-118-Treviso.jpg","type":"image\/jpeg"}],"author":"redazione","twitter_card":"summary_large_image","twitter_creator":"@bellunopress","twitter_site":"@bellunopress","twitter_misc":{"\u00c9crit par":"redazione","Dur\u00e9e de lecture estim\u00e9e":"3 minutes"},"schema":{"@context":"https:\/\/schema.org","@graph":[{"@type":"Article","@id":"https:\/\/www.bellunopress.it\/2026\/05\/26\/intervento-nella-notte-sulle-cinque-torri\/#article","isPartOf":{"@id":"https:\/\/www.bellunopress.it\/2026\/05\/26\/intervento-nella-notte-sulle-cinque-torri\/"},"author":{"name":"redazione","@id":"https:\/\/www.bellunopress.it\/#\/schema\/person\/79bb06722b37ece1c03d3e94beb30d73"},"headline":"Intervento nella notte sulle Cinque Torri. Soccorsa una coppia sulla Ferrata della memoria","datePublished":"2026-05-26T13:18:13+00:00","dateModified":"2026-05-26T17:57:01+00:00","mainEntityOfPage":{"@id":"https:\/\/www.bellunopress.it\/2026\/05\/26\/intervento-nella-notte-sulle-cinque-torri\/"},"wordCount":483,"publisher":{"@id":"https:\/\/www.bellunopress.it\/#organization"},"image":{"@id":"https:\/\/www.bellunopress.it\/2026\/05\/26\/intervento-nella-notte-sulle-cinque-torri\/#primaryimage"},"thumbnailUrl":"https:\/\/www.bellunopress.it\/wp-content\/uploads\/2026\/05\/elicottero-118-Treviso.jpg","articleSection":["Cronaca\/Politica","Prima Pagina"],"inLanguage":"fr-FR"},{"@type":"WebPage","@id":"https:\/\/www.bellunopress.it\/2026\/05\/26\/intervento-nella-notte-sulle-cinque-torri\/","url":"https:\/\/www.bellunopress.it\/2026\/05\/26\/intervento-nella-notte-sulle-cinque-torri\/","name":"Intervento nella notte sulle Cinque Torri. Soccorsa una coppia sulla Ferrata della memoria - Bellunopress - Dolomiti","isPartOf":{"@id":"https:\/\/www.bellunopress.it\/#website"},"primaryImageOfPage":{"@id":"https:\/\/www.bellunopress.it\/2026\/05\/26\/intervento-nella-notte-sulle-cinque-torri\/#primaryimage"},"image":{"@id":"https:\/\/www.bellunopress.it\/2026\/05\/26\/intervento-nella-notte-sulle-cinque-torri\/#primaryimage"},"thumbnailUrl":"https:\/\/www.bellunopress.it\/wp-content\/uploads\/2026\/05\/elicottero-118-Treviso.jpg","datePublished":"2026-05-26T13:18:13+00:00","dateModified":"2026-05-26T17:57:01+00:00","breadcrumb":{"@id":"https:\/\/www.bellunopress.it\/2026\/05\/26\/intervento-nella-notte-sulle-cinque-torri\/#breadcrumb"},"inLanguage":"fr-FR","potentialAction":[{"@type":"ReadAction","target":["https:\/\/www.bellunopress.it\/2026\/05\/26\/intervento-nella-notte-sulle-cinque-torri\/"]}]},{"@type":"ImageObject","inLanguage":"fr-FR","@id":"https:\/\/www.bellunopress.it\/2026\/05\/26\/intervento-nella-notte-sulle-cinque-torri\/#primaryimage","url":"https:\/\/www.bellunopress.it\/wp-content\/uploads\/2026\/05\/elicottero-118-Treviso.jpg","contentUrl":"https:\/\/www.bellunopress.it\/wp-content\/uploads\/2026\/05\/elicottero-118-Treviso.jpg","width":600,"height":561},{"@type":"BreadcrumbList","@id":"https:\/\/www.bellunopress.it\/2026\/05\/26\/intervento-nella-notte-sulle-cinque-torri\/#breadcrumb","itemListElement":[{"@type":"ListItem","position":1,"name":"Home","item":"https:\/\/www.bellunopress.it\/"},{"@type":"ListItem","position":2,"name":"Intervento nella notte sulle Cinque Torri. Soccorsa una coppia sulla Ferrata della memoria"}]},{"@type":"WebSite","@id":"https:\/\/www.bellunopress.it\/#website","url":"https:\/\/www.bellunopress.it\/","name":"Bellunopress - Dolomiti","description":"e-mail: redazione@bellunopress.it","publisher":{"@id":"https:\/\/www.bellunopress.it\/#organization"},"potentialAction":[{"@type":"SearchAction","target":{"@type":"EntryPoint","urlTemplate":"https:\/\/www.bellunopress.it\/?s={search_term_string}"},"query-input":{"@type":"PropertyValueSpecification","valueRequired":true,"valueName":"search_term_string"}}],"inLanguage":"fr-FR"},{"@type":"Organization","@id":"https:\/\/www.bellunopress.it\/#organization","name":"Bellunopress","url":"https:\/\/www.bellunopress.it\/","logo":{"@type":"ImageObject","inLanguage":"fr-FR","@id":"https:\/\/www.bellunopress.it\/#\/schema\/logo\/image\/","url":"https:\/\/www.bellunopress.it\/wp-content\/uploads\/2011\/05\/cropped-logo-bellunopress-.jpg","contentUrl":"https:\/\/www.bellunopress.it\/wp-content\/uploads\/2011\/05\/cropped-logo-bellunopress-.jpg","width":512,"height":512,"caption":"Bellunopress"},"image":{"@id":"https:\/\/www.bellunopress.it\/#\/schema\/logo\/image\/"},"sameAs":["https:\/\/www.facebook.com\/profile.php?id=100008943462799","https:\/\/x.com\/bellunopress","https:\/\/www.linkedin.com\/hp\/?dnr=JBzUWaJfMUw8vbXJJ2tVW5-I3jZKvC4wsoxE&amp;amp;amp;amp;amp;amp;trk=nav_responsive_tab_home","https:\/\/www.youtube.com\/channel\/UCxL0wu1uN0_3_7hGG0306cw"]},{"@type":"Person","@id":"https:\/\/www.bellunopress.it\/#\/schema\/person\/79bb06722b37ece1c03d3e94beb30d73","name":"r\u00e9daction","image":{"@type":"ImageObject","inLanguage":"fr-FR","@id":"https:\/\/secure.gravatar.com\/avatar\/37d968a2e67a6fd04c169c4bdef102d0bc5d31b2546345219e348575eb80e9a0?s=96&d=mm&r=g","url":"https:\/\/secure.gravatar.com\/avatar\/37d968a2e67a6fd04c169c4bdef102d0bc5d31b2546345219e348575eb80e9a0?s=96&d=mm&r=g","contentUrl":"https:\/\/secure.gravatar.com\/avatar\/37d968a2e67a6fd04c169c4bdef102d0bc5d31b2546345219e348575eb80e9a0?s=96&d=mm&r=g","caption":"redazione"},"sameAs":["http:\/\/www.bellunopress.it","https:\/\/x.com\/bellunopress"],"url":"https:\/\/www.bellunopress.it\/fr\/author\/redazione\/"}]}},"_links":{"self":[{"href":"https:\/\/www.bellunopress.it\/fr\/wp-json\/wp\/v2\/posts\/170482","targetHints":{"allow":["GET"]}}],"collection":[{"href":"https:\/\/www.bellunopress.it\/fr\/wp-json\/wp\/v2\/posts"}],"about":[{"href":"https:\/\/www.bellunopress.it\/fr\/wp-json\/wp\/v2\/types\/post"}],"author":[{"embeddable":true,"href":"https:\/\/www.bellunopress.it\/fr\/wp-json\/wp\/v2\/users\/2"}],"replies":[{"embeddable":true,"href":"https:\/\/www.bellunopress.it\/fr\/wp-json\/wp\/v2\/comments?post=170482"}],"version-history":[{"count":4,"href":"https:\/\/www.bellunopress.it\/fr\/wp-json\/wp\/v2\/posts\/170482\/revisions"}],"predecessor-version":[{"id":170491,"href":"https:\/\/www.bellunopress.it\/fr\/wp-json\/wp\/v2\/posts\/170482\/revisions\/170491"}],"wp:featuredmedia":[{"embeddable":true,"href":"https:\/\/www.bellunopress.it\/fr\/wp-json\/wp\/v2\/media\/170483"}],"wp:attachment":[{"href":"https:\/\/www.bellunopress.it\/fr\/wp-json\/wp\/v2\/media?parent=170482"}],"wp:term":[{"taxonomy":"category","embeddable":true,"href":"https:\/\/www.bellunopress.it\/fr\/wp-json\/wp\/v2\/categories?post=170482"},{"taxonomy":"post_tag","embeddable":true,"href":"https:\/\/www.bellunopress.it\/fr\/wp-json\/wp\/v2\/tags?post=170482"}],"curies":[{"name":"wp","href":"https:\/\/api.w.org\/{rel}","templated":true}]}}